{"id":46290,"date":"2017-03-25T11:42:53","date_gmt":"2017-03-25T14:42:53","guid":{"rendered":"https:\/\/www.jornalja.com.br\/?p=46290"},"modified":"2017-03-25T11:42:53","modified_gmt":"2017-03-25T14:42:53","slug":"djamel-sandid-volta-ao-brasil-e-se-impressiona-com-a-tensao-no-pais","status":"publish","type":"post","link":"https:\/\/www.jornalja.com.br\/arquivo\/djamel-sandid-volta-ao-brasil-e-se-impressiona-com-a-tensao-no-pais\/","title":{"rendered":"Djamel Sandid volta ao Brasil e se impressiona com a tens\u00e3o no pa\u00eds"},"content":{"rendered":"<p>\u201cEu morei no Brasil entre 2005 e 2008 e venho seguidamente ao Pa\u00eds, mas nunca tinha visto uma situa\u00e7\u00e3o igual a esta. O Brasil est\u00e1 passando por uma crise muito grave, as pessoas vivem uma tens\u00e3o muito forte. A situa\u00e7\u00e3o econ\u00f4mica e a situa\u00e7\u00e3o pol\u00edtica a meu ver nunca estiveram t\u00e3o dif\u00edceis\u201d, a afirma\u00e7\u00e3o \u00e9 do secret\u00e1rio permanente do F\u00f3rum das Autoridades Locais de Periferia (FALP), Djamel Sandid, que est\u00e1 em Porto Alegre para organizar uma reuni\u00e3o preparat\u00f3ria ao Congresso Mundial de Periferia que acontecer\u00e1 em novembro deste ano.<br \/>\nO diplomata ficou impressionado na segunda-feira (20), quando numa reuni\u00e3o no gabinete da deputada Stela Farias (PT) na Assembleia Legislativa, ouviu quatro estampidos e em seguida lhe disseram que eram tiros e que havia um morto. Para ele este \u00e9 um dos pre\u00e7os que a popula\u00e7\u00e3o est\u00e1 pagando pela crise econ\u00f4mica e pela crise pol\u00edtica. \u201c O Brasil est\u00e1 pagando pelo pecado de acreditar que o crescimento econ\u00f4mico seria eterno, mas o que estava sendo montado era uma bomba de efeito retardado\u201d. Disse ainda que \u201cos atuais governantes do Pa\u00eds optaram por um freio muito perigoso e as pessoas mais humildes ir\u00e3o ainda sofrer muito pois a crise tende a ficar ainda pior\u201d.<br \/>\nEle v\u00ea um grande descr\u00e9dito na pol\u00edtica e nos pol\u00edticos por conta das den\u00fancias de corrup\u00e7\u00e3o em todos os n\u00edveis. \u201cPor\u00e9m esse fen\u00f4meno n\u00e3o \u00e9 s\u00f3 brasileiro, na Fran\u00e7a a situa\u00e7\u00e3o \u00e9 parecida e no debate sobre as elei\u00e7\u00f5es presidenciais que ser\u00e3o dentro de um m\u00eas\u201d. Para Sandid, a democracia representativa chegou no seu limite. \u201cAcho que devemos partir para uma democracia mais participativa e aberta poss\u00edvel\u201d, explicou ao ser interrogado sobre a situa\u00e7\u00e3o brasileira.<br \/>\nO F\u00f3rum<br \/>\nO diplomata de Nanterre explicou que a escolha da capital ga\u00facha e de S\u00e3o Leopoldo para a realiza\u00e7\u00e3o do encontro que acontecer\u00e1 em novembro tem um simbolismo muito forte, porque aqui nasceram o F\u00f3rum Social Mundial e o FALP. Esta rede hoje se estende por cerca de 200 cidades de periferia em 32 pa\u00edses.<br \/>\n\u201cNo F\u00f3rum Social Mundial somente tinham voz os prefeitos das grandes metr\u00f3poles, como Paris, Barcelona, S\u00e3o Paulo, Porto Alegre. Por isso em 2003, a ent\u00e3o prefeita de Alvorada Stela Farias, junto com o prefeito de Nanterre resolveram criar este F\u00f3rum paralelo, para discutir os problemas das cidades perif\u00e9ricas\u201d.<br \/>\nEle lembrou que a ONU prev\u00ea que em 2050, 2,5 bilh\u00f5es de pessoas habitar\u00e3o a periferia das metr\u00f3poles e os problemas ficar\u00e3o ainda maiores. Moradia, com habita\u00e7\u00e3o digna, trabalho, seguran\u00e7a alimentar, mobilidade, gest\u00e3o ou acesso a \u00e1gua, s\u00e3o alguns dos grandes problemas enfrentados pelas autoridades da periferia.<br \/>\nSegundo ele, os desafios s\u00e3o muito parecidos em qualquer lugar do planeta e os participantes deste F\u00f3rum entendem que s\u00e3o direitos humanos que devem ser garantidos. Por isso a participa\u00e7\u00e3o com as autoridades das universidades e dos movimentos sociais para que com a discuss\u00e3o se consigam solu\u00e7\u00f5es para estes graves problemas.<br \/>\nO encontro ser\u00e1 no teatro Dante Barone da Assembleia Legislativa e nas depend\u00eancias da prefeitura de S\u00e3o Leopoldo, porque o prefeito Ari Vanazzi (PT) se antecipou a oferecer a cidade. No entanto, ser\u00e1 aberto a todas as correntes de pensamento. \u201cN\u00e3o exclu\u00edmos ningu\u00e9m, e pode haver at\u00e9 mesmo confronto de ideias, mas \u00e9 assim que teremos um crescimento da reflex\u00e3o\u201d, concluiu.<br \/>\n&nbsp;<br \/>\n&nbsp;<\/p>\n","protected":false},"excerpt":{"rendered":"<p>\u201cEu morei no Brasil entre 2005 e 2008 e venho seguidamente ao Pa\u00eds, mas nunca tinha visto uma situa\u00e7\u00e3o igual a esta. O Brasil est\u00e1 passando por uma crise muito grave, as pessoas vivem uma tens\u00e3o muito forte. A situa\u00e7\u00e3o econ\u00f4mica e a situa\u00e7\u00e3o pol\u00edtica a meu ver nunca estiveram t\u00e3o dif\u00edceis\u201d, a afirma\u00e7\u00e3o \u00e9 [&hellip;]<\/p>\n","protected":false},"author":4,"featured_media":46262,"comment_status":"open","ping_status":"closed","sticky":false,"template":"","format":"standard","meta":{"_jetpack_newsletter_access":"","_jetpack_dont_email_post_to_subs":false,"_jetpack_newsletter_tier_id":0,"_jetpack_memberships_contains_paywalled_content":false,"_jetpack_feature_clip_id":0,"_jetpack_memberships_contains_paid_content":false,"footnotes":"","jetpack_post_was_ever_published":false},"categories":[26],"tags":[],"class_list":["post-46290","post","type-post","status-publish","format-standard","has-post-thumbnail","hentry","category-geral"],"aioseo_notices":[],"aioseo_head":"\n\t\t<!-- All in One SEO 5.0.1.1 - aioseo.com -->\n\t<meta name=\"robots\" content=\"max-image-preview:large\" \/>\n\t<meta name=\"author\" content=\"da Reda\u00e7\u00e3o\"\/>\n\t<link rel=\"canonical\" href=\"https:\/\/www.jornalja.com.br\/arquivo\/djamel-sandid-volta-ao-brasil-e-se-impressiona-com-a-tensao-no-pais\/\" \/>\n\t<meta name=\"generator\" content=\"All in One SEO (AIOSEO) 5.0.1.1\" \/>\n\t\t<meta property=\"og:locale\" content=\"pt_BR\" \/>\n\t\t<meta property=\"og:site_name\" content=\"Arquivo | Jornal J\u00c1 | Porto Alegre\" \/>\n\t\t<meta property=\"og:type\" content=\"article\" \/>\n\t\t<meta property=\"og:title\" content=\"Djamel Sandid volta ao Brasil e se impressiona com a tens\u00e3o no pa\u00eds | Arquivo\" \/>\n\t\t<meta property=\"og:url\" content=\"https:\/\/www.jornalja.com.br\/arquivo\/djamel-sandid-volta-ao-brasil-e-se-impressiona-com-a-tensao-no-pais\/\" \/>\n\t\t<meta property=\"og:image\" content=\"https:\/\/www.jornalja.com.br\/economics\/wp-content\/uploads\/sites\/11\/2026\/08\/ja-folhaderosto-facebook.jpg\" \/>\n\t\t<meta property=\"og:image:secure_url\" content=\"https:\/\/www.jornalja.com.br\/economics\/wp-content\/uploads\/sites\/11\/2026\/08\/ja-folhaderosto-facebook.jpg\" \/>\n\t\t<meta property=\"article:published_time\" content=\"2017-03-25T14:42:53+00:00\" \/>\n\t\t<meta property=\"article:modified_time\" content=\"2017-03-25T14:42:53+00:00\" \/>\n\t\t<meta name=\"twitter:card\" content=\"summary\" \/>\n\t\t<meta name=\"twitter:title\" content=\"Djamel Sandid volta ao Brasil e se impressiona com a tens\u00e3o no pa\u00eds | Arquivo\" \/>\n\t\t<meta name=\"twitter:image\" content=\"https:\/\/www.jornalja.com.br\/economics\/wp-content\/uploads\/sites\/11\/2026\/08\/ja-folhaderosto-facebook.jpg\" \/>\n\t\t<script type=\"application\/ld+json\" class=\"aioseo-schema\">\n\t\t\t{\"@context\":\"https:\\\/\\\/schema.org\",\"@graph\":[{\"@type\":\"BlogPosting\",\"@id\":\"https:\\\/\\\/www.jornalja.com.br\\\/arquivo\\\/djamel-sandid-volta-ao-brasil-e-se-impressiona-com-a-tensao-no-pais\\\/#blogposting\",\"name\":\"Djamel Sandid volta ao Brasil e se impressiona com a tens\\u00e3o no pa\\u00eds | Arquivo\",\"headline\":\"Djamel Sandid volta ao Brasil e se impressiona com a tens\\u00e3o no pa\\u00eds\",\"author\":{\"@id\":\"https:\\\/\\\/www.jornalja.com.br\\\/arquivo\\\/author\\\/daredacao\\\/#author\"},\"publisher\":{\"@id\":\"https:\\\/\\\/www.jornalja.com.br\\\/arquivo\\\/#organization\"},\"image\":{\"@type\":\"ImageObject\",\"url\":46262},\"datePublished\":\"2017-03-25T11:42:53-03:00\",\"dateModified\":\"2017-03-25T11:42:53-03:00\",\"inLanguage\":\"pt-BR\",\"mainEntityOfPage\":{\"@id\":\"https:\\\/\\\/www.jornalja.com.br\\\/arquivo\\\/djamel-sandid-volta-ao-brasil-e-se-impressiona-com-a-tensao-no-pais\\\/#webpage\"},\"isPartOf\":{\"@id\":\"https:\\\/\\\/www.jornalja.com.br\\\/arquivo\\\/djamel-sandid-volta-ao-brasil-e-se-impressiona-com-a-tensao-no-pais\\\/#webpage\"},\"articleSection\":\"Geral\"},{\"@type\":\"BreadcrumbList\",\"@id\":\"https:\\\/\\\/www.jornalja.com.br\\\/arquivo\\\/djamel-sandid-volta-ao-brasil-e-se-impressiona-com-a-tensao-no-pais\\\/#breadcrumblist\",\"itemListElement\":[{\"@type\":\"ListItem\",\"@id\":\"https:\\\/\\\/www.jornalja.com.br\\\/arquivo#listItem\",\"position\":1,\"name\":\"Home\",\"item\":\"https:\\\/\\\/www.jornalja.com.br\\\/arquivo\",\"nextItem\":{\"@type\":\"ListItem\",\"@id\":\"https:\\\/\\\/www.jornalja.com.br\\\/arquivo\\\/category\\\/geral\\\/#listItem\",\"name\":\"Geral\"}},{\"@type\":\"ListItem\",\"@id\":\"https:\\\/\\\/www.jornalja.com.br\\\/arquivo\\\/category\\\/geral\\\/#listItem\",\"position\":2,\"name\":\"Geral\",\"item\":\"https:\\\/\\\/www.jornalja.com.br\\\/arquivo\\\/category\\\/geral\\\/\",\"nextItem\":{\"@type\":\"ListItem\",\"@id\":\"https:\\\/\\\/www.jornalja.com.br\\\/arquivo\\\/djamel-sandid-volta-ao-brasil-e-se-impressiona-com-a-tensao-no-pais\\\/#listItem\",\"name\":\"Djamel Sandid volta ao Brasil e se impressiona com a tens\\u00e3o no pa\\u00eds\"},\"previousItem\":{\"@type\":\"ListItem\",\"@id\":\"https:\\\/\\\/www.jornalja.com.br\\\/arquivo#listItem\",\"name\":\"Home\"}},{\"@type\":\"ListItem\",\"@id\":\"https:\\\/\\\/www.jornalja.com.br\\\/arquivo\\\/djamel-sandid-volta-ao-brasil-e-se-impressiona-com-a-tensao-no-pais\\\/#listItem\",\"position\":3,\"name\":\"Djamel Sandid volta ao Brasil e se impressiona com a tens\\u00e3o no pa\\u00eds\",\"previousItem\":{\"@type\":\"ListItem\",\"@id\":\"https:\\\/\\\/www.jornalja.com.br\\\/arquivo\\\/category\\\/geral\\\/#listItem\",\"name\":\"Geral\"}}]},{\"@type\":\"Organization\",\"@id\":\"https:\\\/\\\/www.jornalja.com.br\\\/arquivo\\\/#organization\",\"name\":\"Jornal J\\u00c1\",\"description\":\"Jornal J\\u00c1 | Porto Alegre\",\"url\":\"https:\\\/\\\/www.jornalja.com.br\\\/arquivo\\\/\",\"telephone\":\"+555133307272\",\"logo\":{\"@type\":\"ImageObject\",\"url\":\"https:\\\/\\\/www.jornalja.com.br\\\/wp-content\\\/uploads\\\/cards\\\/JAslogan.png\",\"@id\":\"https:\\\/\\\/www.jornalja.com.br\\\/arquivo\\\/djamel-sandid-volta-ao-brasil-e-se-impressiona-com-a-tensao-no-pais\\\/#organizationLogo\"},\"image\":{\"@id\":\"https:\\\/\\\/www.jornalja.com.br\\\/arquivo\\\/djamel-sandid-volta-ao-brasil-e-se-impressiona-com-a-tensao-no-pais\\\/#organizationLogo\"}},{\"@type\":\"Person\",\"@id\":\"https:\\\/\\\/www.jornalja.com.br\\\/arquivo\\\/author\\\/daredacao\\\/#author\",\"url\":\"https:\\\/\\\/www.jornalja.com.br\\\/arquivo\\\/author\\\/daredacao\\\/\",\"name\":\"da Reda\\u00e7\\u00e3o\",\"image\":{\"@type\":\"ImageObject\",\"@id\":\"https:\\\/\\\/www.jornalja.com.br\\\/arquivo\\\/djamel-sandid-volta-ao-brasil-e-se-impressiona-com-a-tensao-no-pais\\\/#authorImage\",\"url\":\"https:\\\/\\\/secure.gravatar.com\\\/avatar\\\/469fd857d6605ad19919d27ed29d35a968a25f6e8fd9318356bbb7f57aae9c65?s=96&d=mm&r=g\",\"width\":96,\"height\":96,\"caption\":\"da Reda\\u00e7\\u00e3o\"}},{\"@type\":\"WebPage\",\"@id\":\"https:\\\/\\\/www.jornalja.com.br\\\/arquivo\\\/djamel-sandid-volta-ao-brasil-e-se-impressiona-com-a-tensao-no-pais\\\/#webpage\",\"url\":\"https:\\\/\\\/www.jornalja.com.br\\\/arquivo\\\/djamel-sandid-volta-ao-brasil-e-se-impressiona-com-a-tensao-no-pais\\\/\",\"name\":\"Djamel Sandid volta ao Brasil e se impressiona com a tens\\u00e3o no pa\\u00eds | Arquivo\",\"inLanguage\":\"pt-BR\",\"isPartOf\":{\"@id\":\"https:\\\/\\\/www.jornalja.com.br\\\/arquivo\\\/#website\"},\"breadcrumb\":{\"@id\":\"https:\\\/\\\/www.jornalja.com.br\\\/arquivo\\\/djamel-sandid-volta-ao-brasil-e-se-impressiona-com-a-tensao-no-pais\\\/#breadcrumblist\"},\"author\":{\"@id\":\"https:\\\/\\\/www.jornalja.com.br\\\/arquivo\\\/author\\\/daredacao\\\/#author\"},\"creator\":{\"@id\":\"https:\\\/\\\/www.jornalja.com.br\\\/arquivo\\\/author\\\/daredacao\\\/#author\"},\"image\":{\"@type\":\"ImageObject\",\"url\":46262,\"@id\":\"https:\\\/\\\/www.jornalja.com.br\\\/arquivo\\\/djamel-sandid-volta-ao-brasil-e-se-impressiona-com-a-tensao-no-pais\\\/#mainImage\"},\"primaryImageOfPage\":{\"@id\":\"https:\\\/\\\/www.jornalja.com.br\\\/arquivo\\\/djamel-sandid-volta-ao-brasil-e-se-impressiona-com-a-tensao-no-pais\\\/#mainImage\"},\"datePublished\":\"2017-03-25T11:42:53-03:00\",\"dateModified\":\"2017-03-25T11:42:53-03:00\"},{\"@type\":\"WebSite\",\"@id\":\"https:\\\/\\\/www.jornalja.com.br\\\/arquivo\\\/#website\",\"url\":\"https:\\\/\\\/www.jornalja.com.br\\\/arquivo\\\/\",\"name\":\"Arquivo\",\"description\":\"Jornal J\\u00c1 | Porto Alegre\",\"inLanguage\":\"pt-BR\",\"publisher\":{\"@id\":\"https:\\\/\\\/www.jornalja.com.br\\\/arquivo\\\/#organization\"}}]}\n\t\t<\/script>\n\t\t<!-- All in One SEO -->\n\n","aioseo_head_json":{"title":"Djamel Sandid volta ao Brasil e se impressiona com a tens\u00e3o no pa\u00eds | Arquivo","description":"","canonical_url":"https:\/\/www.jornalja.com.br\/arquivo\/djamel-sandid-volta-ao-brasil-e-se-impressiona-com-a-tensao-no-pais\/","robots":"max-image-preview:large","keywords":"","webmasterTools":{"miscellaneous":""},"schema":{"@context":"https:\/\/schema.org","@graph":[{"@type":"BlogPosting","@id":"https:\/\/www.jornalja.com.br\/arquivo\/djamel-sandid-volta-ao-brasil-e-se-impressiona-com-a-tensao-no-pais\/#blogposting","name":"Djamel Sandid volta ao Brasil e se impressiona com a tens\u00e3o no pa\u00eds | Arquivo","headline":"Djamel Sandid volta ao Brasil e se impressiona com a tens\u00e3o no pa\u00eds","author":{"@id":"https:\/\/www.jornalja.com.br\/arquivo\/author\/daredacao\/#author"},"publisher":{"@id":"https:\/\/www.jornalja.com.br\/arquivo\/#organization"},"image":{"@type":"ImageObject","url":46262},"datePublished":"2017-03-25T11:42:53-03:00","dateModified":"2017-03-25T11:42:53-03:00","inLanguage":"pt-BR","mainEntityOfPage":{"@id":"https:\/\/www.jornalja.com.br\/arquivo\/djamel-sandid-volta-ao-brasil-e-se-impressiona-com-a-tensao-no-pais\/#webpage"},"isPartOf":{"@id":"https:\/\/www.jornalja.com.br\/arquivo\/djamel-sandid-volta-ao-brasil-e-se-impressiona-com-a-tensao-no-pais\/#webpage"},"articleSection":"Geral"},{"@type":"BreadcrumbList","@id":"https:\/\/www.jornalja.com.br\/arquivo\/djamel-sandid-volta-ao-brasil-e-se-impressiona-com-a-tensao-no-pais\/#breadcrumblist","itemListElement":[{"@type":"ListItem","@id":"https:\/\/www.jornalja.com.br\/arquivo#listItem","position":1,"name":"Home","item":"https:\/\/www.jornalja.com.br\/arquivo","nextItem":{"@type":"ListItem","@id":"https:\/\/www.jornalja.com.br\/arquivo\/category\/geral\/#listItem","name":"Geral"}},{"@type":"ListItem","@id":"https:\/\/www.jornalja.com.br\/arquivo\/category\/geral\/#listItem","position":2,"name":"Geral","item":"https:\/\/www.jornalja.com.br\/arquivo\/category\/geral\/","nextItem":{"@type":"ListItem","@id":"https:\/\/www.jornalja.com.br\/arquivo\/djamel-sandid-volta-ao-brasil-e-se-impressiona-com-a-tensao-no-pais\/#listItem","name":"Djamel Sandid volta ao Brasil e se impressiona com a tens\u00e3o no pa\u00eds"},"previousItem":{"@type":"ListItem","@id":"https:\/\/www.jornalja.com.br\/arquivo#listItem","name":"Home"}},{"@type":"ListItem","@id":"https:\/\/www.jornalja.com.br\/arquivo\/djamel-sandid-volta-ao-brasil-e-se-impressiona-com-a-tensao-no-pais\/#listItem","position":3,"name":"Djamel Sandid volta ao Brasil e se impressiona com a tens\u00e3o no pa\u00eds","previousItem":{"@type":"ListItem","@id":"https:\/\/www.jornalja.com.br\/arquivo\/category\/geral\/#listItem","name":"Geral"}}]},{"@type":"Organization","@id":"https:\/\/www.jornalja.com.br\/arquivo\/#organization","name":"Jornal J\u00c1","description":"Jornal J\u00c1 | Porto Alegre","url":"https:\/\/www.jornalja.com.br\/arquivo\/","telephone":"+555133307272","logo":{"@type":"ImageObject","url":"https:\/\/www.jornalja.com.br\/wp-content\/uploads\/cards\/JAslogan.png","@id":"https:\/\/www.jornalja.com.br\/arquivo\/djamel-sandid-volta-ao-brasil-e-se-impressiona-com-a-tensao-no-pais\/#organizationLogo"},"image":{"@id":"https:\/\/www.jornalja.com.br\/arquivo\/djamel-sandid-volta-ao-brasil-e-se-impressiona-com-a-tensao-no-pais\/#organizationLogo"}},{"@type":"Person","@id":"https:\/\/www.jornalja.com.br\/arquivo\/author\/daredacao\/#author","url":"https:\/\/www.jornalja.com.br\/arquivo\/author\/daredacao\/","name":"da Reda\u00e7\u00e3o","image":{"@type":"ImageObject","@id":"https:\/\/www.jornalja.com.br\/arquivo\/djamel-sandid-volta-ao-brasil-e-se-impressiona-com-a-tensao-no-pais\/#authorImage","url":"https:\/\/secure.gravatar.com\/avatar\/469fd857d6605ad19919d27ed29d35a968a25f6e8fd9318356bbb7f57aae9c65?s=96&d=mm&r=g","width":96,"height":96,"caption":"da Reda\u00e7\u00e3o"}},{"@type":"WebPage","@id":"https:\/\/www.jornalja.com.br\/arquivo\/djamel-sandid-volta-ao-brasil-e-se-impressiona-com-a-tensao-no-pais\/#webpage","url":"https:\/\/www.jornalja.com.br\/arquivo\/djamel-sandid-volta-ao-brasil-e-se-impressiona-com-a-tensao-no-pais\/","name":"Djamel Sandid volta ao Brasil e se impressiona com a tens\u00e3o no pa\u00eds | Arquivo","inLanguage":"pt-BR","isPartOf":{"@id":"https:\/\/www.jornalja.com.br\/arquivo\/#website"},"breadcrumb":{"@id":"https:\/\/www.jornalja.com.br\/arquivo\/djamel-sandid-volta-ao-brasil-e-se-impressiona-com-a-tensao-no-pais\/#breadcrumblist"},"author":{"@id":"https:\/\/www.jornalja.com.br\/arquivo\/author\/daredacao\/#author"},"creator":{"@id":"https:\/\/www.jornalja.com.br\/arquivo\/author\/daredacao\/#author"},"image":{"@type":"ImageObject","url":46262,"@id":"https:\/\/www.jornalja.com.br\/arquivo\/djamel-sandid-volta-ao-brasil-e-se-impressiona-com-a-tensao-no-pais\/#mainImage"},"primaryImageOfPage":{"@id":"https:\/\/www.jornalja.com.br\/arquivo\/djamel-sandid-volta-ao-brasil-e-se-impressiona-com-a-tensao-no-pais\/#mainImage"},"datePublished":"2017-03-25T11:42:53-03:00","dateModified":"2017-03-25T11:42:53-03:00"},{"@type":"WebSite","@id":"https:\/\/www.jornalja.com.br\/arquivo\/#website","url":"https:\/\/www.jornalja.com.br\/arquivo\/","name":"Arquivo","description":"Jornal J\u00c1 | Porto Alegre","inLanguage":"pt-BR","publisher":{"@id":"https:\/\/www.jornalja.com.br\/arquivo\/#organization"}}]},"og:locale":"pt_BR","og:site_name":"Arquivo | Jornal J\u00c1 | Porto Alegre","og:type":"article","og:title":"Djamel Sandid volta ao Brasil e se impressiona com a tens\u00e3o no pa\u00eds | Arquivo","og:url":"https:\/\/www.jornalja.com.br\/arquivo\/djamel-sandid-volta-ao-brasil-e-se-impressiona-com-a-tensao-no-pais\/","og:image":"https:\/\/www.jornalja.com.br\/economics\/wp-content\/uploads\/sites\/11\/2026\/08\/ja-folhaderosto-facebook.jpg","og:image:secure_url":"https:\/\/www.jornalja.com.br\/economics\/wp-content\/uploads\/sites\/11\/2026\/08\/ja-folhaderosto-facebook.jpg","article:published_time":"2017-03-25T14:42:53+00:00","article:modified_time":"2017-03-25T14:42:53+00:00","twitter:card":"summary","twitter:title":"Djamel Sandid volta ao Brasil e se impressiona com a tens\u00e3o no pa\u00eds | Arquivo","twitter:image":"https:\/\/www.jornalja.com.br\/economics\/wp-content\/uploads\/sites\/11\/2026\/08\/ja-folhaderosto-facebook.jpg"},"aioseo_meta_data":{"post_id":"46290","title":null,"description":null,"keywords":null,"keyphrases":null,"primary_term":null,"canonical_url":null,"og_title":null,"og_description":null,"og_object_type":"default","og_image_type":"default","og_image_url":null,"og_image_width":null,"og_image_height":null,"og_image_custom_url":null,"og_image_custom_fields":null,"og_video":null,"og_custom_url":null,"og_article_section":null,"og_article_tags":null,"twitter_use_og":false,"twitter_card":"default","twitter_image_type":"default","twitter_image_url":null,"twitter_image_custom_url":null,"twitter_image_custom_fields":null,"twitter_title":null,"twitter_description":null,"schema":{"blockGraphs":[],"customGraphs":[],"default":{"data":{"Article":[],"Course":[],"Dataset":[],"FAQPage":[],"Movie":[],"Person":[],"Product":[],"ProductReview":[],"Car":[],"Recipe":[],"Service":[],"SoftwareApplication":[],"WebPage":[]},"graphName":"","isEnabled":true},"graphs":[],"defaultGraph":"","defaultPostTypeGraph":""},"schema_type":null,"schema_type_options":null,"pillar_content":false,"robots_default":true,"robots_noindex":false,"robots_noarchive":false,"robots_nosnippet":false,"robots_nofollow":false,"robots_noimageindex":false,"robots_noodp":false,"robots_notranslate":false,"robots_max_snippet":null,"robots_max_videopreview":null,"robots_max_imagepreview":"large","priority":null,"frequency":null,"location":null,"local_seo":null,"breadcrumb_settings":null,"limit_modified_date":false,"ai":null,"created":"2020-12-20 20:38:10","updated":"2025-07-19 20:37:34","seo_analyzer_scan_date":null,"focus_keyword":null,"additional_keywords":null,"truseo_locale":null},"jetpack_sharing_enabled":true,"jetpack-related-posts":[{"id":13124,"url":"https:\/\/www.jornalja.com.br\/arquivo\/sangue-latino-no-iecine\/","url_meta":{"origin":46290,"position":0},"title":"Sangue latino no IECINE","author":"da Reda\u00e7\u00e3o","date":"18 de maio de 2014","format":false,"excerpt":"Francisco Ribeiro O Instituto Estadual de Cinema (IECINE) tem a frente, desde abril \u00faltimo, um novo diretor, o cineasta colombiano Juan Zapata, 36, que substitui Luiz Alberto Cassol. Radicado h\u00e1 dez anos em Porto Alegre, Zapata tem diante de si o desafio de conduzir at\u00e9 o final do ano um\u2026","rel":"","context":"Em &quot;Cultura-Geral&quot;","block_context":{"text":"Cultura-Geral","link":"https:\/\/www.jornalja.com.br\/arquivo\/category\/materiasecundaria\/"},"img":{"alt_text":"","src":"","width":0,"height":0},"classes":[]},{"id":13240,"url":"https:\/\/www.jornalja.com.br\/arquivo\/plano-diretor-estamos-construindo-o-caos\/","url_meta":{"origin":46290,"position":1},"title":"Plano diretor: &quot;Estamos construindo o caos&quot;","author":"Patr\u00edcia Marini","date":"26 de maio de 2014","format":false,"excerpt":"Desabafo que arquiteta Eliana Castilhos, delegada da Regi\u00e3o de Planejamento 1, postou nas redes sociais \u00e9 um testemunho do ambiente que se criou no Conselho do Plano Diretor de Porto Alegre, onde a aprova\u00e7\u00e3o de grandes empreendimentos \u00e9 empurrada guela abaixo dos conselheiros. Ao CMDUA Como delegada da Regi\u00e3o de\u2026","rel":"","context":"Em &quot;Geral&quot;","block_context":{"text":"Geral","link":"https:\/\/www.jornalja.com.br\/arquivo\/category\/geral\/"},"img":{"alt_text":"","src":"","width":0,"height":0},"classes":[]},{"id":5440,"url":"https:\/\/www.jornalja.com.br\/arquivo\/casarao-da-venancio-destino-permanece-incerto\/","url_meta":{"origin":46290,"position":2},"title":"Estado ainda n\u00e3o sabe o que fazer com casar\u00e3o abandonado h\u00e1 20 anos","author":"Elmar Bones","date":"6 de julho de 2009","format":false,"excerpt":"O casar\u00e3o amarelo, numa esquina nobre de Porto Alegre (Ven\u00e2ncio Aires com Jo\u00e3o Pessoa), j\u00e1 abrigou uma escola. H\u00e1 duas d\u00e9cadas, pelo menos, est\u00e1 abandonado, porque seu propriet\u00e1rio, o governo do Estado do Rio Grande do Sul, n\u00e3o consegue achar um destino para ele. Planos n\u00e3o faltaram. O governador Ol\u00edvio\u2026","rel":"","context":"Em &quot;X.Categorias velhas&quot;","block_context":{"text":"X.Categorias velhas","link":"https:\/\/www.jornalja.com.br\/arquivo\/category\/x-categorias-velhas\/"},"img":{"alt_text":"geraldo1","src":"https:\/\/i0.wp.com\/www.jornalja.com.br\/wp-content\/uploads\/2009\/07\/geraldo1.jpg?resize=350%2C200&ssl=1","width":350,"height":200},"classes":[]},{"id":13109,"url":"https:\/\/www.jornalja.com.br\/arquivo\/judiciario-reconhece-poluicao-eletromagnetica\/","url_meta":{"origin":46290,"position":3},"title":"Judici\u00e1rio reconhece polui\u00e7\u00e3o eletromagn\u00e9tica","author":"Patr\u00edcia Marini","date":"16 de maio de 2014","format":false,"excerpt":"A\u00e7\u00e3o de duas associa\u00e7\u00f5es de moradores foi acolhida pelo Tribunal de Justi\u00e7a de S\u00e3o Paulo que. em decis\u00e3o in\u00e9dita, determinou a redu\u00e7\u00e3o do campo eletromagn\u00e9tico gerado pelas linhas de transmiss\u00e3o de energia que cortam os bairros City Boa\u00e7ava e Alto de Pinheiros. \u00c9 a primeira vez que um tribunal do\u2026","rel":"","context":"Em &quot;X.Categorias velhas&quot;","block_context":{"text":"X.Categorias velhas","link":"https:\/\/www.jornalja.com.br\/arquivo\/category\/x-categorias-velhas\/"},"img":{"alt_text":"","src":"","width":0,"height":0},"classes":[]},{"id":13101,"url":"https:\/\/www.jornalja.com.br\/arquivo\/morre-um-guerreiro-do-texto\/","url_meta":{"origin":46290,"position":4},"title":"Morre um guerreiro do texto","author":"Patr\u00edcia Marini","date":"14 de maio de 2014","format":false,"excerpt":"Por Ricardo Kotscho Reproduzido do blog do autor, 11\/5\/2014; t\u00edtulo original \u201cE l\u00e1 se foi o nosso Myltainho, guerreiro do texto\u201d. Mi\u00fado e franzino, meu amigo Myltainho era um valente e inconformado guerreiro na luta contra as injusti\u00e7as sociais, a hipocrisia, as maracutaias, o autoritarismo, a intoler\u00e2ncia, a viol\u00eancia, o\u2026","rel":"","context":"Em &quot;Geral&quot;","block_context":{"text":"Geral","link":"https:\/\/www.jornalja.com.br\/arquivo\/category\/geral\/"},"img":{"alt_text":"","src":"","width":0,"height":0},"classes":[]}],"jetpack_shortlink":"https:\/\/wp.me\/pbQjBd-c2C","jetpack_featured_media_url":"","_links":{"self":[{"href":"https:\/\/www.jornalja.com.br\/arquivo\/wp-json\/wp\/v2\/posts\/46290","targetHints":{"allow":["GET"]}}],"collection":[{"href":"https:\/\/www.jornalja.com.br\/arquivo\/wp-json\/wp\/v2\/posts"}],"about":[{"href":"https:\/\/www.jornalja.com.br\/arquivo\/wp-json\/wp\/v2\/types\/post"}],"author":[{"embeddable":true,"href":"https:\/\/www.jornalja.com.br\/arquivo\/wp-json\/wp\/v2\/users\/4"}],"replies":[{"embeddable":true,"href":"https:\/\/www.jornalja.com.br\/arquivo\/wp-json\/wp\/v2\/comments?post=46290"}],"version-history":[{"count":0,"href":"https:\/\/www.jornalja.com.br\/arquivo\/wp-json\/wp\/v2\/posts\/46290\/revisions"}],"wp:attachment":[{"href":"https:\/\/www.jornalja.com.br\/arquivo\/wp-json\/wp\/v2\/media?parent=46290"}],"wp:term":[{"taxonomy":"category","embeddable":true,"href":"https:\/\/www.jornalja.com.br\/arquivo\/wp-json\/wp\/v2\/categories?post=46290"},{"taxonomy":"post_tag","embeddable":true,"href":"https:\/\/www.jornalja.com.br\/arquivo\/wp-json\/wp\/v2\/tags?post=46290"}],"curies":[{"name":"wp","href":"https:\/\/api.w.org\/{rel}","templated":true}]}}