{"id":46334,"date":"2017-03-27T15:29:36","date_gmt":"2017-03-27T18:29:36","guid":{"rendered":"https:\/\/www.jornalja.com.br\/?p=46334"},"modified":"2017-03-27T15:29:36","modified_gmt":"2017-03-27T18:29:36","slug":"sarau-dos-artistas-lanca-dvd-nesta-segunda-feira-no-opiniao","status":"publish","type":"post","link":"https:\/\/www.jornalja.com.br\/arquivo\/sarau-dos-artistas-lanca-dvd-nesta-segunda-feira-no-opiniao\/","title":{"rendered":"Sarau dos Artistas lan\u00e7a DVD nesta segunda-feira no Opini\u00e3o"},"content":{"rendered":"<div class=\"row\">Pr\u00f3ximo de completar cinco anos, com mais de sessenta edi\u00e7\u00f5es realizadas, O Sarau dos Artistas est\u00e1 lan\u00e7ando um DVD. O lan\u00e7amento acontece nesta segunda-feira, a partir das 21h, no Opini\u00e3o (Jos\u00e9 do Patroc\u00ednio, 834). O material foi gravado em novembro de 2016, no Open Stage. Conforme o coordenador do evento, Adriano Trindade, o DVD f\u00edsico ainda n\u00e3o estar\u00e1 dispon\u00edvel, mas a festa de lan\u00e7amento foi antecipada. &#8220;Come\u00e7o turn\u00ea pela Europa agora no fim de mar\u00e7o e a gente queria fazer esta festa antes da minha ida&#8221;, afirma Adriano, que deixar\u00e1 a condu\u00e7\u00e3o do Sarau, com Maria Luiza Fontoura, da Samba e Amor.<\/div>\n<p>Ao todo, ser\u00e3o 18 duetos nesta noite especial, os 13 do DVD e cinco extras. A abertura ser\u00e1 com stand up de Dilsinho Netto e Nego Di e a festa segue com duetos como Alexandre Rodrigues e Rodrigo Munari, Dan Ferretti e Sander Fr\u00f3is (Chimarruts), Marietti Fialho e Rosa Franco, Tribo Brasil e Trem Imperial, Z\u00e9 Caetano e Rafa Machado (Chimarruts), Danny Calixto e Clarissa Mombelli, Aline Preuss e Monica Tomasi, Eduardo Pitta e Maria Luiza Fontoura (Samba e Amor), Pirisca Grecco e Nelson Coelho de Castro, Adriano Trindade e Mariana Marques, Antonio Villeroy e Gelson Oliveira, Carlinhos Presidente e Tiago Ferraz (Rock de Galp\u00e3o) e com o som de Pi\u00e1 DJ.<\/p>\n<div id=\"sas_38013\">\u00a0Al\u00e9m de diversas casas da capital, o evento j\u00e1 passou por Torres, Caxias do Sul, Garibaldi, Taquara e Cap\u00e3o da Canoa e outras cidades ga\u00fachas. Malu Fontoura, que est\u00e1 assumindo a coordena\u00e7\u00e3o do evento, destaca que o Sarau n\u00e3o tem panelas. &#8220;H\u00e1 uma pesquisa do Adriano, do Rafa Machado, do Tiago Ferraz. Foi assim que me juntei ao grupo. Estava cantando no Paraphern\u00e1lia em mar\u00e7o de 2013 e o Rafa e o Adriano me viram e convidaram para participar&#8221;, comenta. Na maioria das vezes o evento tem car\u00e1ter beneficente, com recolhimento de roupas e alimentos que s\u00e3o doados para institui\u00e7\u00f5es de caridade.<\/div>\n<p>Adriano diz que a din\u00e2mica do grupo \u00e9 da informalidade, do papo como se fosse na sala de casa, viol\u00e3o passando de m\u00e3o em m\u00e3o e muita conversa. &#8220;Muitas vezes o m\u00fasico fala da origem da can\u00e7\u00e3o, compartilha suas experi\u00eancias do mundo da m\u00fasica&#8221;, ressalta Adriano.<br \/>\nIngressos:<br \/>\nInteiro: R$ 46<br \/>\nMeia entrada: R$23<br \/>\nPromocional: R$ 28,75<\/p>\n","protected":false},"excerpt":{"rendered":"<p>Pr\u00f3ximo de completar cinco anos, com mais de sessenta edi\u00e7\u00f5es realizadas, O Sarau dos Artistas est\u00e1 lan\u00e7ando um DVD. O lan\u00e7amento acontece nesta segunda-feira, a partir das 21h, no Opini\u00e3o (Jos\u00e9 do Patroc\u00ednio, 834). O material foi gravado em novembro de 2016, no Open Stage. Conforme o coordenador do evento, Adriano Trindade, o DVD f\u00edsico [&hellip;]<\/p>\n","protected":false},"author":4,"featured_media":46364,"comment_status":"open","ping_status":"closed","sticky":false,"template":"","format":"standard","meta":{"_jetpack_newsletter_access":"","_jetpack_dont_email_post_to_subs":false,"_jetpack_newsletter_tier_id":0,"_jetpack_memberships_contains_paywalled_content":false,"_jetpack_feature_clip_id":0,"_jetpack_memberships_contains_paid_content":false,"footnotes":"","jetpack_post_was_ever_published":false},"categories":[26],"tags":[],"class_list":["post-46334","post","type-post","status-publish","format-standard","has-post-thumbnail","hentry","category-geral"],"aioseo_notices":[],"aioseo_head":"\n\t\t<!-- All in One SEO 5.0.1.1 - aioseo.com -->\n\t<meta name=\"robots\" content=\"max-image-preview:large\" \/>\n\t<meta name=\"author\" content=\"da Reda\u00e7\u00e3o\"\/>\n\t<link rel=\"canonical\" href=\"https:\/\/www.jornalja.com.br\/arquivo\/sarau-dos-artistas-lanca-dvd-nesta-segunda-feira-no-opiniao\/\" \/>\n\t<meta name=\"generator\" content=\"All in One SEO (AIOSEO) 5.0.1.1\" \/>\n\t\t<meta property=\"og:locale\" content=\"pt_BR\" \/>\n\t\t<meta property=\"og:site_name\" content=\"Arquivo | Jornal J\u00c1 | Porto Alegre\" \/>\n\t\t<meta property=\"og:type\" content=\"article\" \/>\n\t\t<meta property=\"og:title\" content=\"Sarau dos Artistas lan\u00e7a DVD nesta segunda-feira no Opini\u00e3o | Arquivo\" \/>\n\t\t<meta property=\"og:url\" content=\"https:\/\/www.jornalja.com.br\/arquivo\/sarau-dos-artistas-lanca-dvd-nesta-segunda-feira-no-opiniao\/\" \/>\n\t\t<meta property=\"og:image\" content=\"https:\/\/www.jornalja.com.br\/economics\/wp-content\/uploads\/sites\/11\/2026\/08\/ja-folhaderosto-facebook.jpg\" \/>\n\t\t<meta property=\"og:image:secure_url\" content=\"https:\/\/www.jornalja.com.br\/economics\/wp-content\/uploads\/sites\/11\/2026\/08\/ja-folhaderosto-facebook.jpg\" \/>\n\t\t<meta property=\"article:published_time\" content=\"2017-03-27T18:29:36+00:00\" \/>\n\t\t<meta property=\"article:modified_time\" content=\"2017-03-27T18:29:36+00:00\" \/>\n\t\t<meta name=\"twitter:card\" content=\"summary\" \/>\n\t\t<meta name=\"twitter:title\" content=\"Sarau dos Artistas lan\u00e7a DVD nesta segunda-feira no Opini\u00e3o | Arquivo\" \/>\n\t\t<meta name=\"twitter:image\" content=\"https:\/\/www.jornalja.com.br\/economics\/wp-content\/uploads\/sites\/11\/2026\/08\/ja-folhaderosto-facebook.jpg\" \/>\n\t\t<script type=\"application\/ld+json\" class=\"aioseo-schema\">\n\t\t\t{\"@context\":\"https:\\\/\\\/schema.org\",\"@graph\":[{\"@type\":\"BlogPosting\",\"@id\":\"https:\\\/\\\/www.jornalja.com.br\\\/arquivo\\\/sarau-dos-artistas-lanca-dvd-nesta-segunda-feira-no-opiniao\\\/#blogposting\",\"name\":\"Sarau dos Artistas lan\\u00e7a DVD nesta segunda-feira no Opini\\u00e3o | Arquivo\",\"headline\":\"Sarau dos Artistas lan\\u00e7a DVD nesta segunda-feira no Opini\\u00e3o\",\"author\":{\"@id\":\"https:\\\/\\\/www.jornalja.com.br\\\/arquivo\\\/author\\\/daredacao\\\/#author\"},\"publisher\":{\"@id\":\"https:\\\/\\\/www.jornalja.com.br\\\/arquivo\\\/#organization\"},\"image\":{\"@type\":\"ImageObject\",\"url\":46364},\"datePublished\":\"2017-03-27T15:29:36-03:00\",\"dateModified\":\"2017-03-27T15:29:36-03:00\",\"inLanguage\":\"pt-BR\",\"mainEntityOfPage\":{\"@id\":\"https:\\\/\\\/www.jornalja.com.br\\\/arquivo\\\/sarau-dos-artistas-lanca-dvd-nesta-segunda-feira-no-opiniao\\\/#webpage\"},\"isPartOf\":{\"@id\":\"https:\\\/\\\/www.jornalja.com.br\\\/arquivo\\\/sarau-dos-artistas-lanca-dvd-nesta-segunda-feira-no-opiniao\\\/#webpage\"},\"articleSection\":\"Geral\"},{\"@type\":\"BreadcrumbList\",\"@id\":\"https:\\\/\\\/www.jornalja.com.br\\\/arquivo\\\/sarau-dos-artistas-lanca-dvd-nesta-segunda-feira-no-opiniao\\\/#breadcrumblist\",\"itemListElement\":[{\"@type\":\"ListItem\",\"@id\":\"https:\\\/\\\/www.jornalja.com.br\\\/arquivo#listItem\",\"position\":1,\"name\":\"Home\",\"item\":\"https:\\\/\\\/www.jornalja.com.br\\\/arquivo\",\"nextItem\":{\"@type\":\"ListItem\",\"@id\":\"https:\\\/\\\/www.jornalja.com.br\\\/arquivo\\\/category\\\/geral\\\/#listItem\",\"name\":\"Geral\"}},{\"@type\":\"ListItem\",\"@id\":\"https:\\\/\\\/www.jornalja.com.br\\\/arquivo\\\/category\\\/geral\\\/#listItem\",\"position\":2,\"name\":\"Geral\",\"item\":\"https:\\\/\\\/www.jornalja.com.br\\\/arquivo\\\/category\\\/geral\\\/\",\"nextItem\":{\"@type\":\"ListItem\",\"@id\":\"https:\\\/\\\/www.jornalja.com.br\\\/arquivo\\\/sarau-dos-artistas-lanca-dvd-nesta-segunda-feira-no-opiniao\\\/#listItem\",\"name\":\"Sarau dos Artistas lan\\u00e7a DVD nesta segunda-feira no Opini\\u00e3o\"},\"previousItem\":{\"@type\":\"ListItem\",\"@id\":\"https:\\\/\\\/www.jornalja.com.br\\\/arquivo#listItem\",\"name\":\"Home\"}},{\"@type\":\"ListItem\",\"@id\":\"https:\\\/\\\/www.jornalja.com.br\\\/arquivo\\\/sarau-dos-artistas-lanca-dvd-nesta-segunda-feira-no-opiniao\\\/#listItem\",\"position\":3,\"name\":\"Sarau dos Artistas lan\\u00e7a DVD nesta segunda-feira no Opini\\u00e3o\",\"previousItem\":{\"@type\":\"ListItem\",\"@id\":\"https:\\\/\\\/www.jornalja.com.br\\\/arquivo\\\/category\\\/geral\\\/#listItem\",\"name\":\"Geral\"}}]},{\"@type\":\"Organization\",\"@id\":\"https:\\\/\\\/www.jornalja.com.br\\\/arquivo\\\/#organization\",\"name\":\"Jornal J\\u00c1\",\"description\":\"Jornal J\\u00c1 | Porto Alegre\",\"url\":\"https:\\\/\\\/www.jornalja.com.br\\\/arquivo\\\/\",\"telephone\":\"+555133307272\",\"logo\":{\"@type\":\"ImageObject\",\"url\":\"https:\\\/\\\/www.jornalja.com.br\\\/wp-content\\\/uploads\\\/cards\\\/JAslogan.png\",\"@id\":\"https:\\\/\\\/www.jornalja.com.br\\\/arquivo\\\/sarau-dos-artistas-lanca-dvd-nesta-segunda-feira-no-opiniao\\\/#organizationLogo\"},\"image\":{\"@id\":\"https:\\\/\\\/www.jornalja.com.br\\\/arquivo\\\/sarau-dos-artistas-lanca-dvd-nesta-segunda-feira-no-opiniao\\\/#organizationLogo\"}},{\"@type\":\"Person\",\"@id\":\"https:\\\/\\\/www.jornalja.com.br\\\/arquivo\\\/author\\\/daredacao\\\/#author\",\"url\":\"https:\\\/\\\/www.jornalja.com.br\\\/arquivo\\\/author\\\/daredacao\\\/\",\"name\":\"da Reda\\u00e7\\u00e3o\",\"image\":{\"@type\":\"ImageObject\",\"@id\":\"https:\\\/\\\/www.jornalja.com.br\\\/arquivo\\\/sarau-dos-artistas-lanca-dvd-nesta-segunda-feira-no-opiniao\\\/#authorImage\",\"url\":\"https:\\\/\\\/secure.gravatar.com\\\/avatar\\\/469fd857d6605ad19919d27ed29d35a968a25f6e8fd9318356bbb7f57aae9c65?s=96&d=mm&r=g\",\"width\":96,\"height\":96,\"caption\":\"da Reda\\u00e7\\u00e3o\"}},{\"@type\":\"WebPage\",\"@id\":\"https:\\\/\\\/www.jornalja.com.br\\\/arquivo\\\/sarau-dos-artistas-lanca-dvd-nesta-segunda-feira-no-opiniao\\\/#webpage\",\"url\":\"https:\\\/\\\/www.jornalja.com.br\\\/arquivo\\\/sarau-dos-artistas-lanca-dvd-nesta-segunda-feira-no-opiniao\\\/\",\"name\":\"Sarau dos Artistas lan\\u00e7a DVD nesta segunda-feira no Opini\\u00e3o | Arquivo\",\"inLanguage\":\"pt-BR\",\"isPartOf\":{\"@id\":\"https:\\\/\\\/www.jornalja.com.br\\\/arquivo\\\/#website\"},\"breadcrumb\":{\"@id\":\"https:\\\/\\\/www.jornalja.com.br\\\/arquivo\\\/sarau-dos-artistas-lanca-dvd-nesta-segunda-feira-no-opiniao\\\/#breadcrumblist\"},\"author\":{\"@id\":\"https:\\\/\\\/www.jornalja.com.br\\\/arquivo\\\/author\\\/daredacao\\\/#author\"},\"creator\":{\"@id\":\"https:\\\/\\\/www.jornalja.com.br\\\/arquivo\\\/author\\\/daredacao\\\/#author\"},\"image\":{\"@type\":\"ImageObject\",\"url\":46364,\"@id\":\"https:\\\/\\\/www.jornalja.com.br\\\/arquivo\\\/sarau-dos-artistas-lanca-dvd-nesta-segunda-feira-no-opiniao\\\/#mainImage\"},\"primaryImageOfPage\":{\"@id\":\"https:\\\/\\\/www.jornalja.com.br\\\/arquivo\\\/sarau-dos-artistas-lanca-dvd-nesta-segunda-feira-no-opiniao\\\/#mainImage\"},\"datePublished\":\"2017-03-27T15:29:36-03:00\",\"dateModified\":\"2017-03-27T15:29:36-03:00\"},{\"@type\":\"WebSite\",\"@id\":\"https:\\\/\\\/www.jornalja.com.br\\\/arquivo\\\/#website\",\"url\":\"https:\\\/\\\/www.jornalja.com.br\\\/arquivo\\\/\",\"name\":\"Arquivo\",\"description\":\"Jornal J\\u00c1 | Porto Alegre\",\"inLanguage\":\"pt-BR\",\"publisher\":{\"@id\":\"https:\\\/\\\/www.jornalja.com.br\\\/arquivo\\\/#organization\"}}]}\n\t\t<\/script>\n\t\t<!-- All in One SEO -->\n\n","aioseo_head_json":{"title":"Sarau dos Artistas lan\u00e7a DVD nesta segunda-feira no Opini\u00e3o | Arquivo","description":"","canonical_url":"https:\/\/www.jornalja.com.br\/arquivo\/sarau-dos-artistas-lanca-dvd-nesta-segunda-feira-no-opiniao\/","robots":"max-image-preview:large","keywords":"","webmasterTools":{"miscellaneous":""},"schema":{"@context":"https:\/\/schema.org","@graph":[{"@type":"BlogPosting","@id":"https:\/\/www.jornalja.com.br\/arquivo\/sarau-dos-artistas-lanca-dvd-nesta-segunda-feira-no-opiniao\/#blogposting","name":"Sarau dos Artistas lan\u00e7a DVD nesta segunda-feira no Opini\u00e3o | Arquivo","headline":"Sarau dos Artistas lan\u00e7a DVD nesta segunda-feira no Opini\u00e3o","author":{"@id":"https:\/\/www.jornalja.com.br\/arquivo\/author\/daredacao\/#author"},"publisher":{"@id":"https:\/\/www.jornalja.com.br\/arquivo\/#organization"},"image":{"@type":"ImageObject","url":46364},"datePublished":"2017-03-27T15:29:36-03:00","dateModified":"2017-03-27T15:29:36-03:00","inLanguage":"pt-BR","mainEntityOfPage":{"@id":"https:\/\/www.jornalja.com.br\/arquivo\/sarau-dos-artistas-lanca-dvd-nesta-segunda-feira-no-opiniao\/#webpage"},"isPartOf":{"@id":"https:\/\/www.jornalja.com.br\/arquivo\/sarau-dos-artistas-lanca-dvd-nesta-segunda-feira-no-opiniao\/#webpage"},"articleSection":"Geral"},{"@type":"BreadcrumbList","@id":"https:\/\/www.jornalja.com.br\/arquivo\/sarau-dos-artistas-lanca-dvd-nesta-segunda-feira-no-opiniao\/#breadcrumblist","itemListElement":[{"@type":"ListItem","@id":"https:\/\/www.jornalja.com.br\/arquivo#listItem","position":1,"name":"Home","item":"https:\/\/www.jornalja.com.br\/arquivo","nextItem":{"@type":"ListItem","@id":"https:\/\/www.jornalja.com.br\/arquivo\/category\/geral\/#listItem","name":"Geral"}},{"@type":"ListItem","@id":"https:\/\/www.jornalja.com.br\/arquivo\/category\/geral\/#listItem","position":2,"name":"Geral","item":"https:\/\/www.jornalja.com.br\/arquivo\/category\/geral\/","nextItem":{"@type":"ListItem","@id":"https:\/\/www.jornalja.com.br\/arquivo\/sarau-dos-artistas-lanca-dvd-nesta-segunda-feira-no-opiniao\/#listItem","name":"Sarau dos Artistas lan\u00e7a DVD nesta segunda-feira no Opini\u00e3o"},"previousItem":{"@type":"ListItem","@id":"https:\/\/www.jornalja.com.br\/arquivo#listItem","name":"Home"}},{"@type":"ListItem","@id":"https:\/\/www.jornalja.com.br\/arquivo\/sarau-dos-artistas-lanca-dvd-nesta-segunda-feira-no-opiniao\/#listItem","position":3,"name":"Sarau dos Artistas lan\u00e7a DVD nesta segunda-feira no Opini\u00e3o","previousItem":{"@type":"ListItem","@id":"https:\/\/www.jornalja.com.br\/arquivo\/category\/geral\/#listItem","name":"Geral"}}]},{"@type":"Organization","@id":"https:\/\/www.jornalja.com.br\/arquivo\/#organization","name":"Jornal J\u00c1","description":"Jornal J\u00c1 | Porto Alegre","url":"https:\/\/www.jornalja.com.br\/arquivo\/","telephone":"+555133307272","logo":{"@type":"ImageObject","url":"https:\/\/www.jornalja.com.br\/wp-content\/uploads\/cards\/JAslogan.png","@id":"https:\/\/www.jornalja.com.br\/arquivo\/sarau-dos-artistas-lanca-dvd-nesta-segunda-feira-no-opiniao\/#organizationLogo"},"image":{"@id":"https:\/\/www.jornalja.com.br\/arquivo\/sarau-dos-artistas-lanca-dvd-nesta-segunda-feira-no-opiniao\/#organizationLogo"}},{"@type":"Person","@id":"https:\/\/www.jornalja.com.br\/arquivo\/author\/daredacao\/#author","url":"https:\/\/www.jornalja.com.br\/arquivo\/author\/daredacao\/","name":"da Reda\u00e7\u00e3o","image":{"@type":"ImageObject","@id":"https:\/\/www.jornalja.com.br\/arquivo\/sarau-dos-artistas-lanca-dvd-nesta-segunda-feira-no-opiniao\/#authorImage","url":"https:\/\/secure.gravatar.com\/avatar\/469fd857d6605ad19919d27ed29d35a968a25f6e8fd9318356bbb7f57aae9c65?s=96&d=mm&r=g","width":96,"height":96,"caption":"da Reda\u00e7\u00e3o"}},{"@type":"WebPage","@id":"https:\/\/www.jornalja.com.br\/arquivo\/sarau-dos-artistas-lanca-dvd-nesta-segunda-feira-no-opiniao\/#webpage","url":"https:\/\/www.jornalja.com.br\/arquivo\/sarau-dos-artistas-lanca-dvd-nesta-segunda-feira-no-opiniao\/","name":"Sarau dos Artistas lan\u00e7a DVD nesta segunda-feira no Opini\u00e3o | Arquivo","inLanguage":"pt-BR","isPartOf":{"@id":"https:\/\/www.jornalja.com.br\/arquivo\/#website"},"breadcrumb":{"@id":"https:\/\/www.jornalja.com.br\/arquivo\/sarau-dos-artistas-lanca-dvd-nesta-segunda-feira-no-opiniao\/#breadcrumblist"},"author":{"@id":"https:\/\/www.jornalja.com.br\/arquivo\/author\/daredacao\/#author"},"creator":{"@id":"https:\/\/www.jornalja.com.br\/arquivo\/author\/daredacao\/#author"},"image":{"@type":"ImageObject","url":46364,"@id":"https:\/\/www.jornalja.com.br\/arquivo\/sarau-dos-artistas-lanca-dvd-nesta-segunda-feira-no-opiniao\/#mainImage"},"primaryImageOfPage":{"@id":"https:\/\/www.jornalja.com.br\/arquivo\/sarau-dos-artistas-lanca-dvd-nesta-segunda-feira-no-opiniao\/#mainImage"},"datePublished":"2017-03-27T15:29:36-03:00","dateModified":"2017-03-27T15:29:36-03:00"},{"@type":"WebSite","@id":"https:\/\/www.jornalja.com.br\/arquivo\/#website","url":"https:\/\/www.jornalja.com.br\/arquivo\/","name":"Arquivo","description":"Jornal J\u00c1 | Porto Alegre","inLanguage":"pt-BR","publisher":{"@id":"https:\/\/www.jornalja.com.br\/arquivo\/#organization"}}]},"og:locale":"pt_BR","og:site_name":"Arquivo | Jornal J\u00c1 | Porto Alegre","og:type":"article","og:title":"Sarau dos Artistas lan\u00e7a DVD nesta segunda-feira no Opini\u00e3o | Arquivo","og:url":"https:\/\/www.jornalja.com.br\/arquivo\/sarau-dos-artistas-lanca-dvd-nesta-segunda-feira-no-opiniao\/","og:image":"https:\/\/www.jornalja.com.br\/economics\/wp-content\/uploads\/sites\/11\/2026\/08\/ja-folhaderosto-facebook.jpg","og:image:secure_url":"https:\/\/www.jornalja.com.br\/economics\/wp-content\/uploads\/sites\/11\/2026\/08\/ja-folhaderosto-facebook.jpg","article:published_time":"2017-03-27T18:29:36+00:00","article:modified_time":"2017-03-27T18:29:36+00:00","twitter:card":"summary","twitter:title":"Sarau dos Artistas lan\u00e7a DVD nesta segunda-feira no Opini\u00e3o | Arquivo","twitter:image":"https:\/\/www.jornalja.com.br\/economics\/wp-content\/uploads\/sites\/11\/2026\/08\/ja-folhaderosto-facebook.jpg"},"aioseo_meta_data":{"post_id":"46334","title":null,"description":null,"keywords":null,"keyphrases":null,"primary_term":null,"canonical_url":null,"og_title":null,"og_description":null,"og_object_type":"default","og_image_type":"default","og_image_url":null,"og_image_width":null,"og_image_height":null,"og_image_custom_url":null,"og_image_custom_fields":null,"og_video":null,"og_custom_url":null,"og_article_section":null,"og_article_tags":null,"twitter_use_og":false,"twitter_card":"default","twitter_image_type":"default","twitter_image_url":null,"twitter_image_custom_url":null,"twitter_image_custom_fields":null,"twitter_title":null,"twitter_description":null,"schema":{"blockGraphs":[],"customGraphs":[],"default":{"data":{"Article":[],"Course":[],"Dataset":[],"FAQPage":[],"Movie":[],"Person":[],"Product":[],"ProductReview":[],"Car":[],"Recipe":[],"Service":[],"SoftwareApplication":[],"WebPage":[]},"graphName":"","isEnabled":true},"graphs":[],"defaultGraph":"","defaultPostTypeGraph":""},"schema_type":null,"schema_type_options":null,"pillar_content":false,"robots_default":true,"robots_noindex":false,"robots_noarchive":false,"robots_nosnippet":false,"robots_nofollow":false,"robots_noimageindex":false,"robots_noodp":false,"robots_notranslate":false,"robots_max_snippet":null,"robots_max_videopreview":null,"robots_max_imagepreview":"large","priority":null,"frequency":null,"location":null,"local_seo":null,"breadcrumb_settings":null,"limit_modified_date":false,"ai":null,"created":"2020-12-20 20:38:10","updated":"2025-07-19 20:37:34","seo_analyzer_scan_date":null,"focus_keyword":null,"additional_keywords":null,"truseo_locale":null},"jetpack_sharing_enabled":true,"jetpack-related-posts":[{"id":12960,"url":"https:\/\/www.jornalja.com.br\/arquivo\/populacao-culpa-empresas-pela-greve-dos-rodoviarios\/","url_meta":{"origin":46334,"position":0},"title":"Popula\u00e7\u00e3o culpa empresas pela greve","author":"Patr\u00edcia Marini","date":"14 de fevereiro de 2014","format":false,"excerpt":"Pesquisa divulgada na edi\u00e7\u00e3o do jornal Metro desta sexta-feira,14, comprova o velho ditado: \u00e9 poss\u00edvel enganar muitos por algum tempo, mas n\u00e3o \u00e9 poss\u00edvel enganar a todos o tempo inteiro. A principal revela\u00e7\u00e3o foi que 59,8% dos entrevistados apontaram as empresas como as principais respons\u00e1veis pela grave e 46% culparam\u2026","rel":"","context":"Em &quot;X.Categorias velhas&quot;","block_context":{"text":"X.Categorias velhas","link":"https:\/\/www.jornalja.com.br\/arquivo\/category\/x-categorias-velhas\/"},"img":{"alt_text":"","src":"","width":0,"height":0},"classes":[]},{"id":5440,"url":"https:\/\/www.jornalja.com.br\/arquivo\/casarao-da-venancio-destino-permanece-incerto\/","url_meta":{"origin":46334,"position":1},"title":"Estado ainda n\u00e3o sabe o que fazer com casar\u00e3o abandonado h\u00e1 20 anos","author":"Elmar Bones","date":"6 de julho de 2009","format":false,"excerpt":"O casar\u00e3o amarelo, numa esquina nobre de Porto Alegre (Ven\u00e2ncio Aires com Jo\u00e3o Pessoa), j\u00e1 abrigou uma escola. H\u00e1 duas d\u00e9cadas, pelo menos, est\u00e1 abandonado, porque seu propriet\u00e1rio, o governo do Estado do Rio Grande do Sul, n\u00e3o consegue achar um destino para ele. Planos n\u00e3o faltaram. O governador Ol\u00edvio\u2026","rel":"","context":"Em &quot;X.Categorias velhas&quot;","block_context":{"text":"X.Categorias velhas","link":"https:\/\/www.jornalja.com.br\/arquivo\/category\/x-categorias-velhas\/"},"img":{"alt_text":"geraldo1","src":"https:\/\/i0.wp.com\/www.jornalja.com.br\/wp-content\/uploads\/2009\/07\/geraldo1.jpg?resize=350%2C200&ssl=1","width":350,"height":200},"classes":[]},{"id":13240,"url":"https:\/\/www.jornalja.com.br\/arquivo\/plano-diretor-estamos-construindo-o-caos\/","url_meta":{"origin":46334,"position":2},"title":"Plano diretor: &quot;Estamos construindo o caos&quot;","author":"Patr\u00edcia Marini","date":"26 de maio de 2014","format":false,"excerpt":"Desabafo que arquiteta Eliana Castilhos, delegada da Regi\u00e3o de Planejamento 1, postou nas redes sociais \u00e9 um testemunho do ambiente que se criou no Conselho do Plano Diretor de Porto Alegre, onde a aprova\u00e7\u00e3o de grandes empreendimentos \u00e9 empurrada guela abaixo dos conselheiros. Ao CMDUA Como delegada da Regi\u00e3o de\u2026","rel":"","context":"Em &quot;Geral&quot;","block_context":{"text":"Geral","link":"https:\/\/www.jornalja.com.br\/arquivo\/category\/geral\/"},"img":{"alt_text":"","src":"","width":0,"height":0},"classes":[]},{"id":13101,"url":"https:\/\/www.jornalja.com.br\/arquivo\/morre-um-guerreiro-do-texto\/","url_meta":{"origin":46334,"position":3},"title":"Morre um guerreiro do texto","author":"Patr\u00edcia Marini","date":"14 de maio de 2014","format":false,"excerpt":"Por Ricardo Kotscho Reproduzido do blog do autor, 11\/5\/2014; t\u00edtulo original \u201cE l\u00e1 se foi o nosso Myltainho, guerreiro do texto\u201d. Mi\u00fado e franzino, meu amigo Myltainho era um valente e inconformado guerreiro na luta contra as injusti\u00e7as sociais, a hipocrisia, as maracutaias, o autoritarismo, a intoler\u00e2ncia, a viol\u00eancia, o\u2026","rel":"","context":"Em &quot;Geral&quot;","block_context":{"text":"Geral","link":"https:\/\/www.jornalja.com.br\/arquivo\/category\/geral\/"},"img":{"alt_text":"","src":"","width":0,"height":0},"classes":[]},{"id":13124,"url":"https:\/\/www.jornalja.com.br\/arquivo\/sangue-latino-no-iecine\/","url_meta":{"origin":46334,"position":4},"title":"Sangue latino no IECINE","author":"da Reda\u00e7\u00e3o","date":"18 de maio de 2014","format":false,"excerpt":"Francisco Ribeiro O Instituto Estadual de Cinema (IECINE) tem a frente, desde abril \u00faltimo, um novo diretor, o cineasta colombiano Juan Zapata, 36, que substitui Luiz Alberto Cassol. Radicado h\u00e1 dez anos em Porto Alegre, Zapata tem diante de si o desafio de conduzir at\u00e9 o final do ano um\u2026","rel":"","context":"Em &quot;Cultura-Geral&quot;","block_context":{"text":"Cultura-Geral","link":"https:\/\/www.jornalja.com.br\/arquivo\/category\/materiasecundaria\/"},"img":{"alt_text":"","src":"","width":0,"height":0},"classes":[]}],"jetpack_shortlink":"https:\/\/wp.me\/pbQjBd-c3k","jetpack_featured_media_url":"","_links":{"self":[{"href":"https:\/\/www.jornalja.com.br\/arquivo\/wp-json\/wp\/v2\/posts\/46334","targetHints":{"allow":["GET"]}}],"collection":[{"href":"https:\/\/www.jornalja.com.br\/arquivo\/wp-json\/wp\/v2\/posts"}],"about":[{"href":"https:\/\/www.jornalja.com.br\/arquivo\/wp-json\/wp\/v2\/types\/post"}],"author":[{"embeddable":true,"href":"https:\/\/www.jornalja.com.br\/arquivo\/wp-json\/wp\/v2\/users\/4"}],"replies":[{"embeddable":true,"href":"https:\/\/www.jornalja.com.br\/arquivo\/wp-json\/wp\/v2\/comments?post=46334"}],"version-history":[{"count":0,"href":"https:\/\/www.jornalja.com.br\/arquivo\/wp-json\/wp\/v2\/posts\/46334\/revisions"}],"wp:attachment":[{"href":"https:\/\/www.jornalja.com.br\/arquivo\/wp-json\/wp\/v2\/media?parent=46334"}],"wp:term":[{"taxonomy":"category","embeddable":true,"href":"https:\/\/www.jornalja.com.br\/arquivo\/wp-json\/wp\/v2\/categories?post=46334"},{"taxonomy":"post_tag","embeddable":true,"href":"https:\/\/www.jornalja.com.br\/arquivo\/wp-json\/wp\/v2\/tags?post=46334"}],"curies":[{"name":"wp","href":"https:\/\/api.w.org\/{rel}","templated":true}]}}