{"id":46335,"date":"2017-03-26T22:26:09","date_gmt":"2017-03-27T01:26:09","guid":{"rendered":"https:\/\/www.jornalja.com.br\/?p=46335"},"modified":"2017-03-26T22:26:09","modified_gmt":"2017-03-27T01:26:09","slug":"vereadora-lanca-aplicativo-para-fiscalizar-horarios-de-onibus","status":"publish","type":"post","link":"https:\/\/www.jornalja.com.br\/arquivo\/vereadora-lanca-aplicativo-para-fiscalizar-horarios-de-onibus\/","title":{"rendered":"Vereadora lan\u00e7a aplicativo para fiscalizar hor\u00e1rios de \u00f4nibus"},"content":{"rendered":"<p>Diante das crescentes reclama\u00e7\u00f5es da popula\u00e7\u00e3o quanto \u00e0 pontualidade, qualidade e seguran\u00e7a do transporte p\u00fablico em Porto Alegre, o mandato da vereadora Fernanda Melchionna (PSOL) desenvolveu o aplicativo &#8220;Fiscaliza TU&#8221;, que permite a cada passageiro que tenha um telefone m\u00f3vel tornar-se um fiscal.<br \/>\nO\u00a0lan\u00e7amento do aplicativo ser\u00e1 na segunda-feira (27), a partir das 8 horas, nas paradas de \u00f4nibus do Terminal Parob\u00e9, ao lado do Mercado P\u00fablico.<br \/>\n<img loading=\"lazy\" decoding=\"async\" class=\" wp-image-46336 alignright\" src=\"https:\/\/www.jornalja.com.br\/wp-content\/uploads\/2017\/03\/FISCALIZA-TU.jpg\" alt=\"FISCALIZA TU\" width=\"259\" height=\"259\" \/>O &#8216;Fiscaliza TU&#8217; \u00e9 uma ferramenta para denunciar as irregularidades e as dificuldades do cotidiano encontradas n\u00e3o s\u00f3 pelos passageiros, mas tamb\u00e9m pelos rodovi\u00e1rios insatisfeitos com as condi\u00e7\u00f5es de trabalho.<br \/>\n\u00d4nibus que n\u00e3o cumprem a tabela de hor\u00e1rios, depois ficam superlotados, assaltos, viol\u00eancia e ass\u00e9dio a mulheres no trajeto fazem parte da rotina de quem depende do transporte p\u00fablico.<br \/>\n<span class=\"intertit\">N\u00fameros estranhos<\/span><br \/>\n\u201cAs reclama\u00e7\u00f5es em rela\u00e7\u00e3o ao descumprimento da tabela hor\u00e1ria nos \u00f4nibus da capital tem se intensificado muito nos \u00faltimos anos. \u00c9 muito estranho que a EPTC aponte o \u00edndice de cumprimento de 92,5% &#8211; porcentagem pr\u00f3xima \u00e0 excel\u00eancia operacional! H\u00e1 um descompasso nessa informa\u00e7\u00e3o que precisa ser verificada&#8221;, diz a vereadora.<br \/>\nAl\u00e9m disso, a Prefeitura fala em reduzir o n\u00famero de linhas &#8220;quando, na verdade, temos informa\u00e7\u00f5es duvidosas em rela\u00e7\u00e3o \u00e0 pr\u00f3pria frota operante\u201d, disse Fernanda.<br \/>\n<span class=\"intertit\">Relat\u00f3rio ser\u00e1 divulgado<\/span><br \/>\nO Fiscaliza TU estar\u00e1 dispon\u00edvel para celulares do sistema Android (<a href=\"http:\/\/goo.gl\/0VRrMp\" target=\"_blank\" data-saferedirecturl=\"http:\/\/www.google.com\/url?hl=pt-BR&amp;q=http:\/\/goo.gl\/0VRrMp&amp;source=gmail&amp;ust=1490651764099000&amp;usg=AFQjCNFxV2D7Jhehz_eU_6cc1jZMZCuVTA\" rel=\"noopener noreferrer\">http:\/\/goo.gl\/0VRrMp<\/a>)\u00a0a partir dessa segunda-feira (27). O aplicativo tamb\u00e9m pode ser acessado pelo site <a href=\"http:\/\/www.fernandapsol.com.br\/fiscalizatu\" target=\"_blank\" data-saferedirecturl=\"http:\/\/www.google.com\/url?hl=pt-BR&amp;q=http:\/\/www.fernandapsol.com.br\/fiscalizatu&amp;source=gmail&amp;ust=1490651764099000&amp;usg=AFQjCNFBmAoZa9pvBPQNh4ngydEatTEGwg\" rel=\"noopener noreferrer\">www.fernandapsol.com.br\/fiscalizatu<\/a>.<br \/>\nMelchionna espera que o uso da ferramenta, que abrange todas as linhas de \u00f4nibus da Capital, contribua para melhorar o sistema de transporte.<br \/>\nAo final do primeiro m\u00eas de fiscaliza\u00e7\u00e3o, ser\u00e1 elaborado um relat\u00f3rio para auxiliar na busca de melhorias do transporte p\u00fablico. Os dados obtidos ser\u00e3o ent\u00e3o divulgados \u00e0\u00a0popula\u00e7\u00e3o e confrontado com os dados da EPTC.<br \/>\n<span class=\"intertit\">Aumento da tarifa<\/span><br \/>\nA Bancada de Oposi\u00e7\u00e3o na C\u00e2mara Municipal, liderada por Fernanda, entrou com uma representa\u00e7\u00e3o no Minist\u00e9rio P\u00fablico de Contas que est\u00e1 sendo utilizada na Inspe\u00e7\u00e3o Especial da tarifa do transporte pelo Tribunal de Contas do Estado.<br \/>\nO diretor da EPTC, convidado duas vezes a comparecer na Cuthab (Comiss\u00e3o de Urbanismo, Transporte e habita\u00e7\u00e3o) da C\u00e2mara Municipal, enviou t\u00e9cnicos no seu lugar. Agora est\u00e1 <a href=\"https:\/\/www.jornalja.com.br\/camara-convoca-diretor-eptc-para-debater-reajuste-na-tarifa-de-onibus\/\">sendo convocado <\/a>a responder questionamentos dos vereadores.<br \/>\n&#8220;N\u00e3o podemos compactuar com um aumento abusivo das tarifas, sem que, primeiro, se abra a caixa-preta que \u00e9 hoje a planilha tarif\u00e1ria do transporte p\u00fablico, e, segundo, se melhore a qualidade da frota, tanto em rela\u00e7\u00e3o \u00e0 infraestrutura quanto \u00e0 assiduidade dos \u00f4nibus\u201d, afirma Melchionna.<\/p>\n","protected":false},"excerpt":{"rendered":"<p>Diante das crescentes reclama\u00e7\u00f5es da popula\u00e7\u00e3o quanto \u00e0 pontualidade, qualidade e seguran\u00e7a do transporte p\u00fablico em Porto Alegre, o mandato da vereadora Fernanda Melchionna (PSOL) desenvolveu o aplicativo &#8220;Fiscaliza TU&#8221;, que permite a cada passageiro que tenha um telefone m\u00f3vel tornar-se um fiscal. O\u00a0lan\u00e7amento do aplicativo ser\u00e1 na segunda-feira (27), a partir das 8 horas, [&hellip;]<\/p>\n","protected":false},"author":4,"featured_media":46340,"comment_status":"open","ping_status":"closed","sticky":false,"template":"","format":"standard","meta":{"_jetpack_newsletter_access":"","_jetpack_dont_email_post_to_subs":false,"_jetpack_newsletter_tier_id":0,"_jetpack_memberships_contains_paywalled_content":false,"_jetpack_feature_clip_id":0,"_jetpack_memberships_contains_paid_content":false,"footnotes":"","jetpack_post_was_ever_published":false},"categories":[26],"tags":[],"class_list":["post-46335","post","type-post","status-publish","format-standard","has-post-thumbnail","hentry","category-geral"],"aioseo_notices":[],"aioseo_head":"\n\t\t<!-- All in One SEO 5.0.1.1 - aioseo.com -->\n\t<meta name=\"robots\" content=\"max-image-preview:large\" \/>\n\t<meta name=\"author\" content=\"da Reda\u00e7\u00e3o\"\/>\n\t<link rel=\"canonical\" href=\"https:\/\/www.jornalja.com.br\/arquivo\/vereadora-lanca-aplicativo-para-fiscalizar-horarios-de-onibus\/\" \/>\n\t<meta name=\"generator\" content=\"All in One SEO (AIOSEO) 5.0.1.1\" \/>\n\t\t<meta property=\"og:locale\" content=\"pt_BR\" \/>\n\t\t<meta property=\"og:site_name\" content=\"Arquivo | Jornal J\u00c1 | Porto Alegre\" \/>\n\t\t<meta property=\"og:type\" content=\"article\" \/>\n\t\t<meta property=\"og:title\" content=\"Vereadora lan\u00e7a aplicativo para fiscalizar hor\u00e1rios de \u00f4nibus | Arquivo\" \/>\n\t\t<meta property=\"og:url\" content=\"https:\/\/www.jornalja.com.br\/arquivo\/vereadora-lanca-aplicativo-para-fiscalizar-horarios-de-onibus\/\" \/>\n\t\t<meta property=\"og:image\" content=\"https:\/\/www.jornalja.com.br\/wp-content\/uploads\/2017\/03\/FISCALIZA-TU.jpg\" \/>\n\t\t<meta property=\"og:image:secure_url\" content=\"https:\/\/www.jornalja.com.br\/wp-content\/uploads\/2017\/03\/FISCALIZA-TU.jpg\" \/>\n\t\t<meta property=\"article:published_time\" content=\"2017-03-27T01:26:09+00:00\" \/>\n\t\t<meta property=\"article:modified_time\" content=\"2017-03-27T01:26:09+00:00\" \/>\n\t\t<meta name=\"twitter:card\" content=\"summary\" \/>\n\t\t<meta name=\"twitter:title\" content=\"Vereadora lan\u00e7a aplicativo para fiscalizar hor\u00e1rios de \u00f4nibus | Arquivo\" \/>\n\t\t<meta name=\"twitter:image\" content=\"https:\/\/www.jornalja.com.br\/economics\/wp-content\/uploads\/sites\/11\/2026\/08\/ja-folhaderosto-facebook.jpg\" \/>\n\t\t<script type=\"application\/ld+json\" class=\"aioseo-schema\">\n\t\t\t{\"@context\":\"https:\\\/\\\/schema.org\",\"@graph\":[{\"@type\":\"BlogPosting\",\"@id\":\"https:\\\/\\\/www.jornalja.com.br\\\/arquivo\\\/vereadora-lanca-aplicativo-para-fiscalizar-horarios-de-onibus\\\/#blogposting\",\"name\":\"Vereadora lan\\u00e7a aplicativo para fiscalizar hor\\u00e1rios de \\u00f4nibus | Arquivo\",\"headline\":\"Vereadora lan\\u00e7a aplicativo para fiscalizar hor\\u00e1rios de \\u00f4nibus\",\"author\":{\"@id\":\"https:\\\/\\\/www.jornalja.com.br\\\/arquivo\\\/author\\\/daredacao\\\/#author\"},\"publisher\":{\"@id\":\"https:\\\/\\\/www.jornalja.com.br\\\/arquivo\\\/#organization\"},\"image\":{\"@type\":\"ImageObject\",\"url\":46340},\"datePublished\":\"2017-03-26T22:26:09-03:00\",\"dateModified\":\"2017-03-26T22:26:09-03:00\",\"inLanguage\":\"pt-BR\",\"commentCount\":1,\"mainEntityOfPage\":{\"@id\":\"https:\\\/\\\/www.jornalja.com.br\\\/arquivo\\\/vereadora-lanca-aplicativo-para-fiscalizar-horarios-de-onibus\\\/#webpage\"},\"isPartOf\":{\"@id\":\"https:\\\/\\\/www.jornalja.com.br\\\/arquivo\\\/vereadora-lanca-aplicativo-para-fiscalizar-horarios-de-onibus\\\/#webpage\"},\"articleSection\":\"Geral\"},{\"@type\":\"BreadcrumbList\",\"@id\":\"https:\\\/\\\/www.jornalja.com.br\\\/arquivo\\\/vereadora-lanca-aplicativo-para-fiscalizar-horarios-de-onibus\\\/#breadcrumblist\",\"itemListElement\":[{\"@type\":\"ListItem\",\"@id\":\"https:\\\/\\\/www.jornalja.com.br\\\/arquivo#listItem\",\"position\":1,\"name\":\"Home\",\"item\":\"https:\\\/\\\/www.jornalja.com.br\\\/arquivo\",\"nextItem\":{\"@type\":\"ListItem\",\"@id\":\"https:\\\/\\\/www.jornalja.com.br\\\/arquivo\\\/category\\\/geral\\\/#listItem\",\"name\":\"Geral\"}},{\"@type\":\"ListItem\",\"@id\":\"https:\\\/\\\/www.jornalja.com.br\\\/arquivo\\\/category\\\/geral\\\/#listItem\",\"position\":2,\"name\":\"Geral\",\"item\":\"https:\\\/\\\/www.jornalja.com.br\\\/arquivo\\\/category\\\/geral\\\/\",\"nextItem\":{\"@type\":\"ListItem\",\"@id\":\"https:\\\/\\\/www.jornalja.com.br\\\/arquivo\\\/vereadora-lanca-aplicativo-para-fiscalizar-horarios-de-onibus\\\/#listItem\",\"name\":\"Vereadora lan\\u00e7a aplicativo para fiscalizar hor\\u00e1rios de \\u00f4nibus\"},\"previousItem\":{\"@type\":\"ListItem\",\"@id\":\"https:\\\/\\\/www.jornalja.com.br\\\/arquivo#listItem\",\"name\":\"Home\"}},{\"@type\":\"ListItem\",\"@id\":\"https:\\\/\\\/www.jornalja.com.br\\\/arquivo\\\/vereadora-lanca-aplicativo-para-fiscalizar-horarios-de-onibus\\\/#listItem\",\"position\":3,\"name\":\"Vereadora lan\\u00e7a aplicativo para fiscalizar hor\\u00e1rios de \\u00f4nibus\",\"previousItem\":{\"@type\":\"ListItem\",\"@id\":\"https:\\\/\\\/www.jornalja.com.br\\\/arquivo\\\/category\\\/geral\\\/#listItem\",\"name\":\"Geral\"}}]},{\"@type\":\"Organization\",\"@id\":\"https:\\\/\\\/www.jornalja.com.br\\\/arquivo\\\/#organization\",\"name\":\"Jornal J\\u00c1\",\"description\":\"Jornal J\\u00c1 | Porto Alegre\",\"url\":\"https:\\\/\\\/www.jornalja.com.br\\\/arquivo\\\/\",\"telephone\":\"+555133307272\",\"logo\":{\"@type\":\"ImageObject\",\"url\":\"https:\\\/\\\/www.jornalja.com.br\\\/wp-content\\\/uploads\\\/cards\\\/JAslogan.png\",\"@id\":\"https:\\\/\\\/www.jornalja.com.br\\\/arquivo\\\/vereadora-lanca-aplicativo-para-fiscalizar-horarios-de-onibus\\\/#organizationLogo\"},\"image\":{\"@id\":\"https:\\\/\\\/www.jornalja.com.br\\\/arquivo\\\/vereadora-lanca-aplicativo-para-fiscalizar-horarios-de-onibus\\\/#organizationLogo\"}},{\"@type\":\"Person\",\"@id\":\"https:\\\/\\\/www.jornalja.com.br\\\/arquivo\\\/author\\\/daredacao\\\/#author\",\"url\":\"https:\\\/\\\/www.jornalja.com.br\\\/arquivo\\\/author\\\/daredacao\\\/\",\"name\":\"da Reda\\u00e7\\u00e3o\",\"image\":{\"@type\":\"ImageObject\",\"@id\":\"https:\\\/\\\/www.jornalja.com.br\\\/arquivo\\\/vereadora-lanca-aplicativo-para-fiscalizar-horarios-de-onibus\\\/#authorImage\",\"url\":\"https:\\\/\\\/secure.gravatar.com\\\/avatar\\\/469fd857d6605ad19919d27ed29d35a968a25f6e8fd9318356bbb7f57aae9c65?s=96&d=mm&r=g\",\"width\":96,\"height\":96,\"caption\":\"da Reda\\u00e7\\u00e3o\"}},{\"@type\":\"WebPage\",\"@id\":\"https:\\\/\\\/www.jornalja.com.br\\\/arquivo\\\/vereadora-lanca-aplicativo-para-fiscalizar-horarios-de-onibus\\\/#webpage\",\"url\":\"https:\\\/\\\/www.jornalja.com.br\\\/arquivo\\\/vereadora-lanca-aplicativo-para-fiscalizar-horarios-de-onibus\\\/\",\"name\":\"Vereadora lan\\u00e7a aplicativo para fiscalizar hor\\u00e1rios de \\u00f4nibus | Arquivo\",\"inLanguage\":\"pt-BR\",\"isPartOf\":{\"@id\":\"https:\\\/\\\/www.jornalja.com.br\\\/arquivo\\\/#website\"},\"breadcrumb\":{\"@id\":\"https:\\\/\\\/www.jornalja.com.br\\\/arquivo\\\/vereadora-lanca-aplicativo-para-fiscalizar-horarios-de-onibus\\\/#breadcrumblist\"},\"author\":{\"@id\":\"https:\\\/\\\/www.jornalja.com.br\\\/arquivo\\\/author\\\/daredacao\\\/#author\"},\"creator\":{\"@id\":\"https:\\\/\\\/www.jornalja.com.br\\\/arquivo\\\/author\\\/daredacao\\\/#author\"},\"image\":{\"@type\":\"ImageObject\",\"url\":46340,\"@id\":\"https:\\\/\\\/www.jornalja.com.br\\\/arquivo\\\/vereadora-lanca-aplicativo-para-fiscalizar-horarios-de-onibus\\\/#mainImage\"},\"primaryImageOfPage\":{\"@id\":\"https:\\\/\\\/www.jornalja.com.br\\\/arquivo\\\/vereadora-lanca-aplicativo-para-fiscalizar-horarios-de-onibus\\\/#mainImage\"},\"datePublished\":\"2017-03-26T22:26:09-03:00\",\"dateModified\":\"2017-03-26T22:26:09-03:00\"},{\"@type\":\"WebSite\",\"@id\":\"https:\\\/\\\/www.jornalja.com.br\\\/arquivo\\\/#website\",\"url\":\"https:\\\/\\\/www.jornalja.com.br\\\/arquivo\\\/\",\"name\":\"Arquivo\",\"description\":\"Jornal J\\u00c1 | Porto Alegre\",\"inLanguage\":\"pt-BR\",\"publisher\":{\"@id\":\"https:\\\/\\\/www.jornalja.com.br\\\/arquivo\\\/#organization\"}}]}\n\t\t<\/script>\n\t\t<!-- All in One SEO -->\n\n","aioseo_head_json":{"title":"Vereadora lan\u00e7a aplicativo para fiscalizar hor\u00e1rios de \u00f4nibus | Arquivo","description":"","canonical_url":"https:\/\/www.jornalja.com.br\/arquivo\/vereadora-lanca-aplicativo-para-fiscalizar-horarios-de-onibus\/","robots":"max-image-preview:large","keywords":"","webmasterTools":{"miscellaneous":""},"schema":{"@context":"https:\/\/schema.org","@graph":[{"@type":"BlogPosting","@id":"https:\/\/www.jornalja.com.br\/arquivo\/vereadora-lanca-aplicativo-para-fiscalizar-horarios-de-onibus\/#blogposting","name":"Vereadora lan\u00e7a aplicativo para fiscalizar hor\u00e1rios de \u00f4nibus | Arquivo","headline":"Vereadora lan\u00e7a aplicativo para fiscalizar hor\u00e1rios de \u00f4nibus","author":{"@id":"https:\/\/www.jornalja.com.br\/arquivo\/author\/daredacao\/#author"},"publisher":{"@id":"https:\/\/www.jornalja.com.br\/arquivo\/#organization"},"image":{"@type":"ImageObject","url":46340},"datePublished":"2017-03-26T22:26:09-03:00","dateModified":"2017-03-26T22:26:09-03:00","inLanguage":"pt-BR","commentCount":1,"mainEntityOfPage":{"@id":"https:\/\/www.jornalja.com.br\/arquivo\/vereadora-lanca-aplicativo-para-fiscalizar-horarios-de-onibus\/#webpage"},"isPartOf":{"@id":"https:\/\/www.jornalja.com.br\/arquivo\/vereadora-lanca-aplicativo-para-fiscalizar-horarios-de-onibus\/#webpage"},"articleSection":"Geral"},{"@type":"BreadcrumbList","@id":"https:\/\/www.jornalja.com.br\/arquivo\/vereadora-lanca-aplicativo-para-fiscalizar-horarios-de-onibus\/#breadcrumblist","itemListElement":[{"@type":"ListItem","@id":"https:\/\/www.jornalja.com.br\/arquivo#listItem","position":1,"name":"Home","item":"https:\/\/www.jornalja.com.br\/arquivo","nextItem":{"@type":"ListItem","@id":"https:\/\/www.jornalja.com.br\/arquivo\/category\/geral\/#listItem","name":"Geral"}},{"@type":"ListItem","@id":"https:\/\/www.jornalja.com.br\/arquivo\/category\/geral\/#listItem","position":2,"name":"Geral","item":"https:\/\/www.jornalja.com.br\/arquivo\/category\/geral\/","nextItem":{"@type":"ListItem","@id":"https:\/\/www.jornalja.com.br\/arquivo\/vereadora-lanca-aplicativo-para-fiscalizar-horarios-de-onibus\/#listItem","name":"Vereadora lan\u00e7a aplicativo para fiscalizar hor\u00e1rios de \u00f4nibus"},"previousItem":{"@type":"ListItem","@id":"https:\/\/www.jornalja.com.br\/arquivo#listItem","name":"Home"}},{"@type":"ListItem","@id":"https:\/\/www.jornalja.com.br\/arquivo\/vereadora-lanca-aplicativo-para-fiscalizar-horarios-de-onibus\/#listItem","position":3,"name":"Vereadora lan\u00e7a aplicativo para fiscalizar hor\u00e1rios de \u00f4nibus","previousItem":{"@type":"ListItem","@id":"https:\/\/www.jornalja.com.br\/arquivo\/category\/geral\/#listItem","name":"Geral"}}]},{"@type":"Organization","@id":"https:\/\/www.jornalja.com.br\/arquivo\/#organization","name":"Jornal J\u00c1","description":"Jornal J\u00c1 | Porto Alegre","url":"https:\/\/www.jornalja.com.br\/arquivo\/","telephone":"+555133307272","logo":{"@type":"ImageObject","url":"https:\/\/www.jornalja.com.br\/wp-content\/uploads\/cards\/JAslogan.png","@id":"https:\/\/www.jornalja.com.br\/arquivo\/vereadora-lanca-aplicativo-para-fiscalizar-horarios-de-onibus\/#organizationLogo"},"image":{"@id":"https:\/\/www.jornalja.com.br\/arquivo\/vereadora-lanca-aplicativo-para-fiscalizar-horarios-de-onibus\/#organizationLogo"}},{"@type":"Person","@id":"https:\/\/www.jornalja.com.br\/arquivo\/author\/daredacao\/#author","url":"https:\/\/www.jornalja.com.br\/arquivo\/author\/daredacao\/","name":"da Reda\u00e7\u00e3o","image":{"@type":"ImageObject","@id":"https:\/\/www.jornalja.com.br\/arquivo\/vereadora-lanca-aplicativo-para-fiscalizar-horarios-de-onibus\/#authorImage","url":"https:\/\/secure.gravatar.com\/avatar\/469fd857d6605ad19919d27ed29d35a968a25f6e8fd9318356bbb7f57aae9c65?s=96&d=mm&r=g","width":96,"height":96,"caption":"da Reda\u00e7\u00e3o"}},{"@type":"WebPage","@id":"https:\/\/www.jornalja.com.br\/arquivo\/vereadora-lanca-aplicativo-para-fiscalizar-horarios-de-onibus\/#webpage","url":"https:\/\/www.jornalja.com.br\/arquivo\/vereadora-lanca-aplicativo-para-fiscalizar-horarios-de-onibus\/","name":"Vereadora lan\u00e7a aplicativo para fiscalizar hor\u00e1rios de \u00f4nibus | Arquivo","inLanguage":"pt-BR","isPartOf":{"@id":"https:\/\/www.jornalja.com.br\/arquivo\/#website"},"breadcrumb":{"@id":"https:\/\/www.jornalja.com.br\/arquivo\/vereadora-lanca-aplicativo-para-fiscalizar-horarios-de-onibus\/#breadcrumblist"},"author":{"@id":"https:\/\/www.jornalja.com.br\/arquivo\/author\/daredacao\/#author"},"creator":{"@id":"https:\/\/www.jornalja.com.br\/arquivo\/author\/daredacao\/#author"},"image":{"@type":"ImageObject","url":46340,"@id":"https:\/\/www.jornalja.com.br\/arquivo\/vereadora-lanca-aplicativo-para-fiscalizar-horarios-de-onibus\/#mainImage"},"primaryImageOfPage":{"@id":"https:\/\/www.jornalja.com.br\/arquivo\/vereadora-lanca-aplicativo-para-fiscalizar-horarios-de-onibus\/#mainImage"},"datePublished":"2017-03-26T22:26:09-03:00","dateModified":"2017-03-26T22:26:09-03:00"},{"@type":"WebSite","@id":"https:\/\/www.jornalja.com.br\/arquivo\/#website","url":"https:\/\/www.jornalja.com.br\/arquivo\/","name":"Arquivo","description":"Jornal J\u00c1 | Porto Alegre","inLanguage":"pt-BR","publisher":{"@id":"https:\/\/www.jornalja.com.br\/arquivo\/#organization"}}]},"og:locale":"pt_BR","og:site_name":"Arquivo | Jornal J\u00c1 | Porto Alegre","og:type":"article","og:title":"Vereadora lan\u00e7a aplicativo para fiscalizar hor\u00e1rios de \u00f4nibus | Arquivo","og:url":"https:\/\/www.jornalja.com.br\/arquivo\/vereadora-lanca-aplicativo-para-fiscalizar-horarios-de-onibus\/","og:image":"https:\/\/www.jornalja.com.br\/wp-content\/uploads\/2017\/03\/FISCALIZA-TU.jpg","og:image:secure_url":"https:\/\/www.jornalja.com.br\/wp-content\/uploads\/2017\/03\/FISCALIZA-TU.jpg","article:published_time":"2017-03-27T01:26:09+00:00","article:modified_time":"2017-03-27T01:26:09+00:00","twitter:card":"summary","twitter:title":"Vereadora lan\u00e7a aplicativo para fiscalizar hor\u00e1rios de \u00f4nibus | Arquivo","twitter:image":"https:\/\/www.jornalja.com.br\/economics\/wp-content\/uploads\/sites\/11\/2026\/08\/ja-folhaderosto-facebook.jpg"},"aioseo_meta_data":{"post_id":"46335","title":null,"description":null,"keywords":null,"keyphrases":null,"primary_term":null,"canonical_url":null,"og_title":null,"og_description":null,"og_object_type":"default","og_image_type":"default","og_image_url":null,"og_image_width":null,"og_image_height":null,"og_image_custom_url":null,"og_image_custom_fields":null,"og_video":null,"og_custom_url":null,"og_article_section":null,"og_article_tags":null,"twitter_use_og":false,"twitter_card":"default","twitter_image_type":"default","twitter_image_url":null,"twitter_image_custom_url":null,"twitter_image_custom_fields":null,"twitter_title":null,"twitter_description":null,"schema":{"blockGraphs":[],"customGraphs":[],"default":{"data":{"Article":[],"Course":[],"Dataset":[],"FAQPage":[],"Movie":[],"Person":[],"Product":[],"ProductReview":[],"Car":[],"Recipe":[],"Service":[],"SoftwareApplication":[],"WebPage":[]},"graphName":"","isEnabled":true},"graphs":[],"defaultGraph":"","defaultPostTypeGraph":""},"schema_type":null,"schema_type_options":null,"pillar_content":false,"robots_default":true,"robots_noindex":false,"robots_noarchive":false,"robots_nosnippet":false,"robots_nofollow":false,"robots_noimageindex":false,"robots_noodp":false,"robots_notranslate":false,"robots_max_snippet":null,"robots_max_videopreview":null,"robots_max_imagepreview":"large","priority":null,"frequency":null,"location":null,"local_seo":null,"breadcrumb_settings":null,"limit_modified_date":false,"ai":null,"created":"2020-12-20 20:38:10","updated":"2025-07-19 20:37:34","seo_analyzer_scan_date":null,"focus_keyword":null,"additional_keywords":null,"truseo_locale":null},"jetpack_sharing_enabled":true,"jetpack-related-posts":[{"id":13240,"url":"https:\/\/www.jornalja.com.br\/arquivo\/plano-diretor-estamos-construindo-o-caos\/","url_meta":{"origin":46335,"position":0},"title":"Plano diretor: &quot;Estamos construindo o caos&quot;","author":"Patr\u00edcia Marini","date":"26 de maio de 2014","format":false,"excerpt":"Desabafo que arquiteta Eliana Castilhos, delegada da Regi\u00e3o de Planejamento 1, postou nas redes sociais \u00e9 um testemunho do ambiente que se criou no Conselho do Plano Diretor de Porto Alegre, onde a aprova\u00e7\u00e3o de grandes empreendimentos \u00e9 empurrada guela abaixo dos conselheiros. Ao CMDUA Como delegada da Regi\u00e3o de\u2026","rel":"","context":"Em &quot;Geral&quot;","block_context":{"text":"Geral","link":"https:\/\/www.jornalja.com.br\/arquivo\/category\/geral\/"},"img":{"alt_text":"","src":"","width":0,"height":0},"classes":[]},{"id":12960,"url":"https:\/\/www.jornalja.com.br\/arquivo\/populacao-culpa-empresas-pela-greve-dos-rodoviarios\/","url_meta":{"origin":46335,"position":1},"title":"Popula\u00e7\u00e3o culpa empresas pela greve","author":"Patr\u00edcia Marini","date":"14 de fevereiro de 2014","format":false,"excerpt":"Pesquisa divulgada na edi\u00e7\u00e3o do jornal Metro desta sexta-feira,14, comprova o velho ditado: \u00e9 poss\u00edvel enganar muitos por algum tempo, mas n\u00e3o \u00e9 poss\u00edvel enganar a todos o tempo inteiro. A principal revela\u00e7\u00e3o foi que 59,8% dos entrevistados apontaram as empresas como as principais respons\u00e1veis pela grave e 46% culparam\u2026","rel":"","context":"Em &quot;X.Categorias velhas&quot;","block_context":{"text":"X.Categorias velhas","link":"https:\/\/www.jornalja.com.br\/arquivo\/category\/x-categorias-velhas\/"},"img":{"alt_text":"","src":"","width":0,"height":0},"classes":[]},{"id":14241,"url":"https:\/\/www.jornalja.com.br\/arquivo\/o-guaiba-nas-imagens-poeticas-de-achutti\/","url_meta":{"origin":46335,"position":2},"title":"O Gua\u00edba nas imagens po\u00e9ticas de Achutti","author":"da Reda\u00e7\u00e3o","date":"18 de junho de 2014","format":false,"excerpt":"Em \u201cO Gua\u00edba por Achutti\u201d \u2013 obra financiada via Minist\u00e9rio da Cultura, produ\u00e7\u00e3o executiva de Pedro Longhi, e Fl\u00e1vio Wild como designer \u2013, o fot\u00f3grafo revela a beleza e as mazelas de um espa\u00e7o aqu\u00e1tico de \u00e1guas sempre renovadas, cheio de hist\u00f3rias e lendas como as das cidades que foram\u2026","rel":"","context":"Em &quot;Cultura-Geral&quot;","block_context":{"text":"Cultura-Geral","link":"https:\/\/www.jornalja.com.br\/arquivo\/category\/materiasecundaria\/"},"img":{"alt_text":"","src":"","width":0,"height":0},"classes":[]},{"id":13128,"url":"https:\/\/www.jornalja.com.br\/arquivo\/maconha-terra-diz-que-uso-medicinal-e-desculpa\/","url_meta":{"origin":46335,"position":3},"title":"Maconha: Terra diz que uso medicinal \u00e9 desculpa","author":"Patr\u00edcia Marini","date":"4 de junho de 2014","format":false,"excerpt":"A condi\u00e7\u00e3o de pol\u00edtico, em \u00e9poca de campanha de campanha eleitoral, tira for\u00e7a do discurso do m\u00e9dico Osmar Terra contra a legaliza\u00e7\u00e3o da maconha. A tese dele de que a libera\u00e7\u00e3o vai ampliar exponencialmente o consumo \u00e9 discutivel, o consumo \u00e9 corrente. Mas seus alertas quanto aos riscos tem que\u2026","rel":"","context":"Em &quot;X.Categorias velhas&quot;","block_context":{"text":"X.Categorias velhas","link":"https:\/\/www.jornalja.com.br\/arquivo\/category\/x-categorias-velhas\/"},"img":{"alt_text":"","src":"","width":0,"height":0},"classes":[]},{"id":13101,"url":"https:\/\/www.jornalja.com.br\/arquivo\/morre-um-guerreiro-do-texto\/","url_meta":{"origin":46335,"position":4},"title":"Morre um guerreiro do texto","author":"Patr\u00edcia Marini","date":"14 de maio de 2014","format":false,"excerpt":"Por Ricardo Kotscho Reproduzido do blog do autor, 11\/5\/2014; t\u00edtulo original \u201cE l\u00e1 se foi o nosso Myltainho, guerreiro do texto\u201d. Mi\u00fado e franzino, meu amigo Myltainho era um valente e inconformado guerreiro na luta contra as injusti\u00e7as sociais, a hipocrisia, as maracutaias, o autoritarismo, a intoler\u00e2ncia, a viol\u00eancia, o\u2026","rel":"","context":"Em &quot;Geral&quot;","block_context":{"text":"Geral","link":"https:\/\/www.jornalja.com.br\/arquivo\/category\/geral\/"},"img":{"alt_text":"","src":"","width":0,"height":0},"classes":[]},{"id":13109,"url":"https:\/\/www.jornalja.com.br\/arquivo\/judiciario-reconhece-poluicao-eletromagnetica\/","url_meta":{"origin":46335,"position":5},"title":"Judici\u00e1rio reconhece polui\u00e7\u00e3o eletromagn\u00e9tica","author":"Patr\u00edcia Marini","date":"16 de maio de 2014","format":false,"excerpt":"A\u00e7\u00e3o de duas associa\u00e7\u00f5es de moradores foi acolhida pelo Tribunal de Justi\u00e7a de S\u00e3o Paulo que. em decis\u00e3o in\u00e9dita, determinou a redu\u00e7\u00e3o do campo eletromagn\u00e9tico gerado pelas linhas de transmiss\u00e3o de energia que cortam os bairros City Boa\u00e7ava e Alto de Pinheiros. \u00c9 a primeira vez que um tribunal do\u2026","rel":"","context":"Em &quot;X.Categorias velhas&quot;","block_context":{"text":"X.Categorias velhas","link":"https:\/\/www.jornalja.com.br\/arquivo\/category\/x-categorias-velhas\/"},"img":{"alt_text":"","src":"","width":0,"height":0},"classes":[]}],"jetpack_shortlink":"https:\/\/wp.me\/pbQjBd-c3l","jetpack_featured_media_url":"","_links":{"self":[{"href":"https:\/\/www.jornalja.com.br\/arquivo\/wp-json\/wp\/v2\/posts\/46335","targetHints":{"allow":["GET"]}}],"collection":[{"href":"https:\/\/www.jornalja.com.br\/arquivo\/wp-json\/wp\/v2\/posts"}],"about":[{"href":"https:\/\/www.jornalja.com.br\/arquivo\/wp-json\/wp\/v2\/types\/post"}],"author":[{"embeddable":true,"href":"https:\/\/www.jornalja.com.br\/arquivo\/wp-json\/wp\/v2\/users\/4"}],"replies":[{"embeddable":true,"href":"https:\/\/www.jornalja.com.br\/arquivo\/wp-json\/wp\/v2\/comments?post=46335"}],"version-history":[{"count":0,"href":"https:\/\/www.jornalja.com.br\/arquivo\/wp-json\/wp\/v2\/posts\/46335\/revisions"}],"wp:attachment":[{"href":"https:\/\/www.jornalja.com.br\/arquivo\/wp-json\/wp\/v2\/media?parent=46335"}],"wp:term":[{"taxonomy":"category","embeddable":true,"href":"https:\/\/www.jornalja.com.br\/arquivo\/wp-json\/wp\/v2\/categories?post=46335"},{"taxonomy":"post_tag","embeddable":true,"href":"https:\/\/www.jornalja.com.br\/arquivo\/wp-json\/wp\/v2\/tags?post=46335"}],"curies":[{"name":"wp","href":"https:\/\/api.w.org\/{rel}","templated":true}]}}