{"id":46391,"date":"2017-03-28T11:35:50","date_gmt":"2017-03-28T14:35:50","guid":{"rendered":"https:\/\/www.jornalja.com.br\/?p=46391"},"modified":"2017-03-28T11:35:50","modified_gmt":"2017-03-28T14:35:50","slug":"reuniao-cancelada-por-falta-de-quorum-acumula-projetos-na-ccj","status":"publish","type":"post","link":"https:\/\/www.jornalja.com.br\/arquivo\/reuniao-cancelada-por-falta-de-quorum-acumula-projetos-na-ccj\/","title":{"rendered":"Reuni\u00e3o cancelada por falta de qu\u00f3rum acumula projetos na CCJ"},"content":{"rendered":"<div align=\"justify\">Com 34 mat\u00e9rias na pauta para serem votadas, foi cancelada por falta de qu\u00f3rum a reuni\u00e3o desta manh\u00e3 (28\/3) da Comiss\u00e3o de Constitui\u00e7\u00e3o e Justi\u00e7a (CCJ), na Assembleia Legislativa.<\/div>\n<div align=\"justify\"><\/div>\n<div align=\"justify\">Al\u00e9m do presidente da CCJ, deputado Tiago Simon, compareceram \u00e0 reuni\u00e3o de trabalho apenas o vice,\u00a0Gabriel Souza (PMDB), que \u00e9 \u00edider do governo na Casa, Manuela d\u2019\u00c1vila (PCdoB), Elton Weber (PSB), Lucas Redecker (PSDB), Ciro Simoni (PDT), Stela Farias (PT) e Jo\u00e3o Fischer (PP).<\/div>\n<div align=\"justify\"><\/div>\n<div align=\"justify\">O presidente chegou a distribuir sete projetos de lei para relatoria, encaminhadas por parlamentares e pelo Judici\u00e1rio:<\/div>\n<div align=\"justify\"><\/div>\n<ul>\n<li>\n<div align=\"justify\"><a href=\"http:\/\/proweb.procergs.com.br\/consulta_proposicao.asp?SiglaTipo=PL&amp;NroProposicao=192&amp;AnoProposicao=2012\" target=\"_blank\" rel=\"noopener noreferrer\">PL 192 2012<\/a>, do deputado Lucas Redecker (PSDB), que disp\u00f5e sobre a publica\u00e7\u00e3o dos gastos com h\u00f3spedes oficiais pelos \u00f3rg\u00e3os ou entidades da Administra\u00e7\u00e3o P\u00fablica do Estado. O relator, Luiz Fernando Mainardi (PT), n\u00e3o foi.<\/div>\n<\/li>\n<li>\n<div align=\"justify\"><a href=\"http:\/\/proweb.procergs.com.br\/consulta_proposicao.asp?SiglaTipo=PL&amp;NroProposicao=10&amp;AnoProposicao=2017\" target=\"_blank\" rel=\"noopener noreferrer\">PL 10 2017<\/a>, do deputado Gilmar Sossella (PDT), outro titular da Comiss\u00e3o ausente, que institui a divulga\u00e7\u00e3o do servi\u00e7os de Disque-Den\u00fancia &#8211; 181 &#8211; nos ve\u00edculos da frota da Pol\u00edcia Civil no Estado do Rio Grande do Sul. Relatora: deputada Manuela d\u2019\u00c1vila (PCdoB)<\/div>\n<\/li>\n<li>\n<div align=\"justify\"><a href=\"http:\/\/proweb.procergs.com.br\/consulta_proposicao.asp?SiglaTipo=PL&amp;NroProposicao=11&amp;AnoProposicao=2017\" target=\"_blank\" rel=\"noopener noreferrer\">PL 11 2017<\/a>, do deputado Catarina Paladini (PSB), que denomina &#8220;Ponte Ad\u00e3o Orlando Alves&#8221; a ponte sobre o rio Piratini que liga os munic\u00edpios de Pedro Os\u00f3rio e Cerrito na Rodovia RS-706. Relatora: deputada Manuela d\u2019\u00c1vila (PCdoB)<\/div>\n<\/li>\n<li>\n<div align=\"justify\"><a href=\"http:\/\/proweb.procergs.com.br\/consulta_proposicao.asp?SiglaTipo=PL&amp;NroProposicao=12&amp;AnoProposicao=2017\" target=\"_blank\" rel=\"noopener noreferrer\">PL 12 2017<\/a>, da deputada Juliana Brizola (PDT), que inclui no Calend\u00e1rio Oficial de Eventos do Estado do Rio Grande do Sul a Copa Gramado de Futsal e d\u00e1 outras provid\u00eancias. Relator: deputado Elton Weber (PSB)<\/div>\n<\/li>\n<li>\n<div align=\"justify\"><a href=\"http:\/\/proweb.procergs.com.br\/consulta_proposicao.asp?SiglaTipo=PL&amp;NroProposicao=13&amp;AnoProposicao=2017\" target=\"_blank\" rel=\"noopener noreferrer\">PL 13 2017<\/a>, do Poder Judici\u00e1rio, que desanexa o Tabelionato de Protesto de T\u00edtulos do Servi\u00e7o dos Registros P\u00fablicos do Munic\u00edpio de Alpestre, anexando-o ao Tabelionato de Notas do mesmo Munic\u00edpio, da Comarca de Planalto. Relatora: deputada Stela Farias (PT)<\/div>\n<\/li>\n<li>\n<div align=\"justify\"><a href=\"http:\/\/proweb.procergs.com.br\/consulta_proposicao.asp?SiglaTipo=PL&amp;NroProposicao=14&amp;AnoProposicao=2017\" target=\"_blank\" rel=\"noopener noreferrer\">PL 14 2017<\/a>, do deputado Frederico Antunes (PP), que denomina &#8220;Rodovia Nelcy Severo da Silva&#8221; o trecho da VRS-834 que liga o Distrito de Vila S\u00e3o Marcos \u00e0 BRS-472 &#8211; Barragem Sanchuri &#8211; Uruguaiana. Relator: deputado Elton Weber (PSB)<\/div>\n<\/li>\n<li>\n<div align=\"justify\"><a href=\"http:\/\/proweb.procergs.com.br\/consulta_proposicao.asp?SiglaTipo=PL&amp;NroProposicao=15&amp;AnoProposicao=2017\" target=\"_blank\" rel=\"noopener noreferrer\">PL 15 2017<\/a>, do Poder Judici\u00e1rio, que reativa o Servi\u00e7o Notarial e de Registro do Munic\u00edpio de Garruchos, integrantes da Comarca de Santo Ant\u00f4nio das Miss\u00f5es. Relator: deputado Ciro Simoni (PDT), ausente \u00e0 reuni\u00e3o.<\/div>\n<\/li>\n<\/ul>\n<p align=\"justify\">\n","protected":false},"excerpt":{"rendered":"<p>Com 34 mat\u00e9rias na pauta para serem votadas, foi cancelada por falta de qu\u00f3rum a reuni\u00e3o desta manh\u00e3 (28\/3) da Comiss\u00e3o de Constitui\u00e7\u00e3o e Justi\u00e7a (CCJ), na Assembleia Legislativa. Al\u00e9m do presidente da CCJ, deputado Tiago Simon, compareceram \u00e0 reuni\u00e3o de trabalho apenas o vice,\u00a0Gabriel Souza (PMDB), que \u00e9 \u00edider do governo na Casa, Manuela [&hellip;]<\/p>\n","protected":false},"author":4,"featured_media":46392,"comment_status":"open","ping_status":"closed","sticky":false,"template":"","format":"standard","meta":{"_jetpack_newsletter_access":"","_jetpack_dont_email_post_to_subs":false,"_jetpack_newsletter_tier_id":0,"_jetpack_memberships_contains_paywalled_content":false,"_jetpack_feature_clip_id":0,"_jetpack_memberships_contains_paid_content":false,"footnotes":"","jetpack_post_was_ever_published":false},"categories":[26],"tags":[],"class_list":["post-46391","post","type-post","status-publish","format-standard","has-post-thumbnail","hentry","category-geral"],"aioseo_notices":[],"aioseo_head":"\n\t\t<!-- All in One SEO 5.0.1.1 - aioseo.com -->\n\t<meta name=\"robots\" content=\"max-image-preview:large\" \/>\n\t<meta name=\"author\" content=\"da Reda\u00e7\u00e3o\"\/>\n\t<link rel=\"canonical\" href=\"https:\/\/www.jornalja.com.br\/arquivo\/reuniao-cancelada-por-falta-de-quorum-acumula-projetos-na-ccj\/\" \/>\n\t<meta name=\"generator\" content=\"All in One SEO (AIOSEO) 5.0.1.1\" \/>\n\t\t<meta property=\"og:locale\" content=\"pt_BR\" \/>\n\t\t<meta property=\"og:site_name\" content=\"Arquivo | Jornal J\u00c1 | Porto Alegre\" \/>\n\t\t<meta property=\"og:type\" content=\"article\" \/>\n\t\t<meta property=\"og:title\" content=\"Reuni\u00e3o cancelada por falta de qu\u00f3rum acumula projetos na CCJ | Arquivo\" \/>\n\t\t<meta property=\"og:url\" content=\"https:\/\/www.jornalja.com.br\/arquivo\/reuniao-cancelada-por-falta-de-quorum-acumula-projetos-na-ccj\/\" \/>\n\t\t<meta property=\"og:image\" content=\"https:\/\/www.jornalja.com.br\/economics\/wp-content\/uploads\/sites\/11\/2026\/08\/ja-folhaderosto-facebook.jpg\" \/>\n\t\t<meta property=\"og:image:secure_url\" content=\"https:\/\/www.jornalja.com.br\/economics\/wp-content\/uploads\/sites\/11\/2026\/08\/ja-folhaderosto-facebook.jpg\" \/>\n\t\t<meta property=\"article:published_time\" content=\"2017-03-28T14:35:50+00:00\" \/>\n\t\t<meta property=\"article:modified_time\" content=\"2017-03-28T14:35:50+00:00\" \/>\n\t\t<meta name=\"twitter:card\" content=\"summary\" \/>\n\t\t<meta name=\"twitter:title\" content=\"Reuni\u00e3o cancelada por falta de qu\u00f3rum acumula projetos na CCJ | Arquivo\" \/>\n\t\t<meta name=\"twitter:image\" content=\"https:\/\/www.jornalja.com.br\/economics\/wp-content\/uploads\/sites\/11\/2026\/08\/ja-folhaderosto-facebook.jpg\" \/>\n\t\t<script type=\"application\/ld+json\" class=\"aioseo-schema\">\n\t\t\t{\"@context\":\"https:\\\/\\\/schema.org\",\"@graph\":[{\"@type\":\"BlogPosting\",\"@id\":\"https:\\\/\\\/www.jornalja.com.br\\\/arquivo\\\/reuniao-cancelada-por-falta-de-quorum-acumula-projetos-na-ccj\\\/#blogposting\",\"name\":\"Reuni\\u00e3o cancelada por falta de qu\\u00f3rum acumula projetos na CCJ | Arquivo\",\"headline\":\"Reuni\\u00e3o cancelada por falta de qu\\u00f3rum acumula projetos na CCJ\",\"author\":{\"@id\":\"https:\\\/\\\/www.jornalja.com.br\\\/arquivo\\\/author\\\/daredacao\\\/#author\"},\"publisher\":{\"@id\":\"https:\\\/\\\/www.jornalja.com.br\\\/arquivo\\\/#organization\"},\"image\":{\"@type\":\"ImageObject\",\"url\":46392},\"datePublished\":\"2017-03-28T11:35:50-03:00\",\"dateModified\":\"2017-03-28T11:35:50-03:00\",\"inLanguage\":\"pt-BR\",\"mainEntityOfPage\":{\"@id\":\"https:\\\/\\\/www.jornalja.com.br\\\/arquivo\\\/reuniao-cancelada-por-falta-de-quorum-acumula-projetos-na-ccj\\\/#webpage\"},\"isPartOf\":{\"@id\":\"https:\\\/\\\/www.jornalja.com.br\\\/arquivo\\\/reuniao-cancelada-por-falta-de-quorum-acumula-projetos-na-ccj\\\/#webpage\"},\"articleSection\":\"Geral\"},{\"@type\":\"BreadcrumbList\",\"@id\":\"https:\\\/\\\/www.jornalja.com.br\\\/arquivo\\\/reuniao-cancelada-por-falta-de-quorum-acumula-projetos-na-ccj\\\/#breadcrumblist\",\"itemListElement\":[{\"@type\":\"ListItem\",\"@id\":\"https:\\\/\\\/www.jornalja.com.br\\\/arquivo#listItem\",\"position\":1,\"name\":\"Home\",\"item\":\"https:\\\/\\\/www.jornalja.com.br\\\/arquivo\",\"nextItem\":{\"@type\":\"ListItem\",\"@id\":\"https:\\\/\\\/www.jornalja.com.br\\\/arquivo\\\/category\\\/geral\\\/#listItem\",\"name\":\"Geral\"}},{\"@type\":\"ListItem\",\"@id\":\"https:\\\/\\\/www.jornalja.com.br\\\/arquivo\\\/category\\\/geral\\\/#listItem\",\"position\":2,\"name\":\"Geral\",\"item\":\"https:\\\/\\\/www.jornalja.com.br\\\/arquivo\\\/category\\\/geral\\\/\",\"nextItem\":{\"@type\":\"ListItem\",\"@id\":\"https:\\\/\\\/www.jornalja.com.br\\\/arquivo\\\/reuniao-cancelada-por-falta-de-quorum-acumula-projetos-na-ccj\\\/#listItem\",\"name\":\"Reuni\\u00e3o cancelada por falta de qu\\u00f3rum acumula projetos na CCJ\"},\"previousItem\":{\"@type\":\"ListItem\",\"@id\":\"https:\\\/\\\/www.jornalja.com.br\\\/arquivo#listItem\",\"name\":\"Home\"}},{\"@type\":\"ListItem\",\"@id\":\"https:\\\/\\\/www.jornalja.com.br\\\/arquivo\\\/reuniao-cancelada-por-falta-de-quorum-acumula-projetos-na-ccj\\\/#listItem\",\"position\":3,\"name\":\"Reuni\\u00e3o cancelada por falta de qu\\u00f3rum acumula projetos na CCJ\",\"previousItem\":{\"@type\":\"ListItem\",\"@id\":\"https:\\\/\\\/www.jornalja.com.br\\\/arquivo\\\/category\\\/geral\\\/#listItem\",\"name\":\"Geral\"}}]},{\"@type\":\"Organization\",\"@id\":\"https:\\\/\\\/www.jornalja.com.br\\\/arquivo\\\/#organization\",\"name\":\"Jornal J\\u00c1\",\"description\":\"Jornal J\\u00c1 | Porto Alegre\",\"url\":\"https:\\\/\\\/www.jornalja.com.br\\\/arquivo\\\/\",\"telephone\":\"+555133307272\",\"logo\":{\"@type\":\"ImageObject\",\"url\":\"https:\\\/\\\/www.jornalja.com.br\\\/wp-content\\\/uploads\\\/cards\\\/JAslogan.png\",\"@id\":\"https:\\\/\\\/www.jornalja.com.br\\\/arquivo\\\/reuniao-cancelada-por-falta-de-quorum-acumula-projetos-na-ccj\\\/#organizationLogo\"},\"image\":{\"@id\":\"https:\\\/\\\/www.jornalja.com.br\\\/arquivo\\\/reuniao-cancelada-por-falta-de-quorum-acumula-projetos-na-ccj\\\/#organizationLogo\"}},{\"@type\":\"Person\",\"@id\":\"https:\\\/\\\/www.jornalja.com.br\\\/arquivo\\\/author\\\/daredacao\\\/#author\",\"url\":\"https:\\\/\\\/www.jornalja.com.br\\\/arquivo\\\/author\\\/daredacao\\\/\",\"name\":\"da Reda\\u00e7\\u00e3o\",\"image\":{\"@type\":\"ImageObject\",\"@id\":\"https:\\\/\\\/www.jornalja.com.br\\\/arquivo\\\/reuniao-cancelada-por-falta-de-quorum-acumula-projetos-na-ccj\\\/#authorImage\",\"url\":\"https:\\\/\\\/secure.gravatar.com\\\/avatar\\\/469fd857d6605ad19919d27ed29d35a968a25f6e8fd9318356bbb7f57aae9c65?s=96&d=mm&r=g\",\"width\":96,\"height\":96,\"caption\":\"da Reda\\u00e7\\u00e3o\"}},{\"@type\":\"WebPage\",\"@id\":\"https:\\\/\\\/www.jornalja.com.br\\\/arquivo\\\/reuniao-cancelada-por-falta-de-quorum-acumula-projetos-na-ccj\\\/#webpage\",\"url\":\"https:\\\/\\\/www.jornalja.com.br\\\/arquivo\\\/reuniao-cancelada-por-falta-de-quorum-acumula-projetos-na-ccj\\\/\",\"name\":\"Reuni\\u00e3o cancelada por falta de qu\\u00f3rum acumula projetos na CCJ | Arquivo\",\"inLanguage\":\"pt-BR\",\"isPartOf\":{\"@id\":\"https:\\\/\\\/www.jornalja.com.br\\\/arquivo\\\/#website\"},\"breadcrumb\":{\"@id\":\"https:\\\/\\\/www.jornalja.com.br\\\/arquivo\\\/reuniao-cancelada-por-falta-de-quorum-acumula-projetos-na-ccj\\\/#breadcrumblist\"},\"author\":{\"@id\":\"https:\\\/\\\/www.jornalja.com.br\\\/arquivo\\\/author\\\/daredacao\\\/#author\"},\"creator\":{\"@id\":\"https:\\\/\\\/www.jornalja.com.br\\\/arquivo\\\/author\\\/daredacao\\\/#author\"},\"image\":{\"@type\":\"ImageObject\",\"url\":46392,\"@id\":\"https:\\\/\\\/www.jornalja.com.br\\\/arquivo\\\/reuniao-cancelada-por-falta-de-quorum-acumula-projetos-na-ccj\\\/#mainImage\"},\"primaryImageOfPage\":{\"@id\":\"https:\\\/\\\/www.jornalja.com.br\\\/arquivo\\\/reuniao-cancelada-por-falta-de-quorum-acumula-projetos-na-ccj\\\/#mainImage\"},\"datePublished\":\"2017-03-28T11:35:50-03:00\",\"dateModified\":\"2017-03-28T11:35:50-03:00\"},{\"@type\":\"WebSite\",\"@id\":\"https:\\\/\\\/www.jornalja.com.br\\\/arquivo\\\/#website\",\"url\":\"https:\\\/\\\/www.jornalja.com.br\\\/arquivo\\\/\",\"name\":\"Arquivo\",\"description\":\"Jornal J\\u00c1 | Porto Alegre\",\"inLanguage\":\"pt-BR\",\"publisher\":{\"@id\":\"https:\\\/\\\/www.jornalja.com.br\\\/arquivo\\\/#organization\"}}]}\n\t\t<\/script>\n\t\t<!-- All in One SEO -->\n\n","aioseo_head_json":{"title":"Reuni\u00e3o cancelada por falta de qu\u00f3rum acumula projetos na CCJ | Arquivo","description":"","canonical_url":"https:\/\/www.jornalja.com.br\/arquivo\/reuniao-cancelada-por-falta-de-quorum-acumula-projetos-na-ccj\/","robots":"max-image-preview:large","keywords":"","webmasterTools":{"miscellaneous":""},"schema":{"@context":"https:\/\/schema.org","@graph":[{"@type":"BlogPosting","@id":"https:\/\/www.jornalja.com.br\/arquivo\/reuniao-cancelada-por-falta-de-quorum-acumula-projetos-na-ccj\/#blogposting","name":"Reuni\u00e3o cancelada por falta de qu\u00f3rum acumula projetos na CCJ | Arquivo","headline":"Reuni\u00e3o cancelada por falta de qu\u00f3rum acumula projetos na CCJ","author":{"@id":"https:\/\/www.jornalja.com.br\/arquivo\/author\/daredacao\/#author"},"publisher":{"@id":"https:\/\/www.jornalja.com.br\/arquivo\/#organization"},"image":{"@type":"ImageObject","url":46392},"datePublished":"2017-03-28T11:35:50-03:00","dateModified":"2017-03-28T11:35:50-03:00","inLanguage":"pt-BR","mainEntityOfPage":{"@id":"https:\/\/www.jornalja.com.br\/arquivo\/reuniao-cancelada-por-falta-de-quorum-acumula-projetos-na-ccj\/#webpage"},"isPartOf":{"@id":"https:\/\/www.jornalja.com.br\/arquivo\/reuniao-cancelada-por-falta-de-quorum-acumula-projetos-na-ccj\/#webpage"},"articleSection":"Geral"},{"@type":"BreadcrumbList","@id":"https:\/\/www.jornalja.com.br\/arquivo\/reuniao-cancelada-por-falta-de-quorum-acumula-projetos-na-ccj\/#breadcrumblist","itemListElement":[{"@type":"ListItem","@id":"https:\/\/www.jornalja.com.br\/arquivo#listItem","position":1,"name":"Home","item":"https:\/\/www.jornalja.com.br\/arquivo","nextItem":{"@type":"ListItem","@id":"https:\/\/www.jornalja.com.br\/arquivo\/category\/geral\/#listItem","name":"Geral"}},{"@type":"ListItem","@id":"https:\/\/www.jornalja.com.br\/arquivo\/category\/geral\/#listItem","position":2,"name":"Geral","item":"https:\/\/www.jornalja.com.br\/arquivo\/category\/geral\/","nextItem":{"@type":"ListItem","@id":"https:\/\/www.jornalja.com.br\/arquivo\/reuniao-cancelada-por-falta-de-quorum-acumula-projetos-na-ccj\/#listItem","name":"Reuni\u00e3o cancelada por falta de qu\u00f3rum acumula projetos na CCJ"},"previousItem":{"@type":"ListItem","@id":"https:\/\/www.jornalja.com.br\/arquivo#listItem","name":"Home"}},{"@type":"ListItem","@id":"https:\/\/www.jornalja.com.br\/arquivo\/reuniao-cancelada-por-falta-de-quorum-acumula-projetos-na-ccj\/#listItem","position":3,"name":"Reuni\u00e3o cancelada por falta de qu\u00f3rum acumula projetos na CCJ","previousItem":{"@type":"ListItem","@id":"https:\/\/www.jornalja.com.br\/arquivo\/category\/geral\/#listItem","name":"Geral"}}]},{"@type":"Organization","@id":"https:\/\/www.jornalja.com.br\/arquivo\/#organization","name":"Jornal J\u00c1","description":"Jornal J\u00c1 | Porto Alegre","url":"https:\/\/www.jornalja.com.br\/arquivo\/","telephone":"+555133307272","logo":{"@type":"ImageObject","url":"https:\/\/www.jornalja.com.br\/wp-content\/uploads\/cards\/JAslogan.png","@id":"https:\/\/www.jornalja.com.br\/arquivo\/reuniao-cancelada-por-falta-de-quorum-acumula-projetos-na-ccj\/#organizationLogo"},"image":{"@id":"https:\/\/www.jornalja.com.br\/arquivo\/reuniao-cancelada-por-falta-de-quorum-acumula-projetos-na-ccj\/#organizationLogo"}},{"@type":"Person","@id":"https:\/\/www.jornalja.com.br\/arquivo\/author\/daredacao\/#author","url":"https:\/\/www.jornalja.com.br\/arquivo\/author\/daredacao\/","name":"da Reda\u00e7\u00e3o","image":{"@type":"ImageObject","@id":"https:\/\/www.jornalja.com.br\/arquivo\/reuniao-cancelada-por-falta-de-quorum-acumula-projetos-na-ccj\/#authorImage","url":"https:\/\/secure.gravatar.com\/avatar\/469fd857d6605ad19919d27ed29d35a968a25f6e8fd9318356bbb7f57aae9c65?s=96&d=mm&r=g","width":96,"height":96,"caption":"da Reda\u00e7\u00e3o"}},{"@type":"WebPage","@id":"https:\/\/www.jornalja.com.br\/arquivo\/reuniao-cancelada-por-falta-de-quorum-acumula-projetos-na-ccj\/#webpage","url":"https:\/\/www.jornalja.com.br\/arquivo\/reuniao-cancelada-por-falta-de-quorum-acumula-projetos-na-ccj\/","name":"Reuni\u00e3o cancelada por falta de qu\u00f3rum acumula projetos na CCJ | Arquivo","inLanguage":"pt-BR","isPartOf":{"@id":"https:\/\/www.jornalja.com.br\/arquivo\/#website"},"breadcrumb":{"@id":"https:\/\/www.jornalja.com.br\/arquivo\/reuniao-cancelada-por-falta-de-quorum-acumula-projetos-na-ccj\/#breadcrumblist"},"author":{"@id":"https:\/\/www.jornalja.com.br\/arquivo\/author\/daredacao\/#author"},"creator":{"@id":"https:\/\/www.jornalja.com.br\/arquivo\/author\/daredacao\/#author"},"image":{"@type":"ImageObject","url":46392,"@id":"https:\/\/www.jornalja.com.br\/arquivo\/reuniao-cancelada-por-falta-de-quorum-acumula-projetos-na-ccj\/#mainImage"},"primaryImageOfPage":{"@id":"https:\/\/www.jornalja.com.br\/arquivo\/reuniao-cancelada-por-falta-de-quorum-acumula-projetos-na-ccj\/#mainImage"},"datePublished":"2017-03-28T11:35:50-03:00","dateModified":"2017-03-28T11:35:50-03:00"},{"@type":"WebSite","@id":"https:\/\/www.jornalja.com.br\/arquivo\/#website","url":"https:\/\/www.jornalja.com.br\/arquivo\/","name":"Arquivo","description":"Jornal J\u00c1 | Porto Alegre","inLanguage":"pt-BR","publisher":{"@id":"https:\/\/www.jornalja.com.br\/arquivo\/#organization"}}]},"og:locale":"pt_BR","og:site_name":"Arquivo | Jornal J\u00c1 | Porto Alegre","og:type":"article","og:title":"Reuni\u00e3o cancelada por falta de qu\u00f3rum acumula projetos na CCJ | Arquivo","og:url":"https:\/\/www.jornalja.com.br\/arquivo\/reuniao-cancelada-por-falta-de-quorum-acumula-projetos-na-ccj\/","og:image":"https:\/\/www.jornalja.com.br\/economics\/wp-content\/uploads\/sites\/11\/2026\/08\/ja-folhaderosto-facebook.jpg","og:image:secure_url":"https:\/\/www.jornalja.com.br\/economics\/wp-content\/uploads\/sites\/11\/2026\/08\/ja-folhaderosto-facebook.jpg","article:published_time":"2017-03-28T14:35:50+00:00","article:modified_time":"2017-03-28T14:35:50+00:00","twitter:card":"summary","twitter:title":"Reuni\u00e3o cancelada por falta de qu\u00f3rum acumula projetos na CCJ | Arquivo","twitter:image":"https:\/\/www.jornalja.com.br\/economics\/wp-content\/uploads\/sites\/11\/2026\/08\/ja-folhaderosto-facebook.jpg"},"aioseo_meta_data":{"post_id":"46391","title":null,"description":null,"keywords":null,"keyphrases":null,"primary_term":null,"canonical_url":null,"og_title":null,"og_description":null,"og_object_type":"default","og_image_type":"default","og_image_url":null,"og_image_width":null,"og_image_height":null,"og_image_custom_url":null,"og_image_custom_fields":null,"og_video":null,"og_custom_url":null,"og_article_section":null,"og_article_tags":null,"twitter_use_og":false,"twitter_card":"default","twitter_image_type":"default","twitter_image_url":null,"twitter_image_custom_url":null,"twitter_image_custom_fields":null,"twitter_title":null,"twitter_description":null,"schema":{"blockGraphs":[],"customGraphs":[],"default":{"data":{"Article":[],"Course":[],"Dataset":[],"FAQPage":[],"Movie":[],"Person":[],"Product":[],"ProductReview":[],"Car":[],"Recipe":[],"Service":[],"SoftwareApplication":[],"WebPage":[]},"graphName":"","isEnabled":true},"graphs":[],"defaultGraph":"","defaultPostTypeGraph":""},"schema_type":null,"schema_type_options":null,"pillar_content":false,"robots_default":true,"robots_noindex":false,"robots_noarchive":false,"robots_nosnippet":false,"robots_nofollow":false,"robots_noimageindex":false,"robots_noodp":false,"robots_notranslate":false,"robots_max_snippet":null,"robots_max_videopreview":null,"robots_max_imagepreview":"large","priority":null,"frequency":null,"location":null,"local_seo":null,"breadcrumb_settings":null,"limit_modified_date":false,"ai":null,"created":"2020-12-20 20:38:10","updated":"2025-07-19 20:38:38","seo_analyzer_scan_date":null,"focus_keyword":null,"additional_keywords":null,"truseo_locale":null},"jetpack_sharing_enabled":true,"jetpack-related-posts":[{"id":13240,"url":"https:\/\/www.jornalja.com.br\/arquivo\/plano-diretor-estamos-construindo-o-caos\/","url_meta":{"origin":46391,"position":0},"title":"Plano diretor: &quot;Estamos construindo o caos&quot;","author":"Patr\u00edcia Marini","date":"26 de maio de 2014","format":false,"excerpt":"Desabafo que arquiteta Eliana Castilhos, delegada da Regi\u00e3o de Planejamento 1, postou nas redes sociais \u00e9 um testemunho do ambiente que se criou no Conselho do Plano Diretor de Porto Alegre, onde a aprova\u00e7\u00e3o de grandes empreendimentos \u00e9 empurrada guela abaixo dos conselheiros. Ao CMDUA Como delegada da Regi\u00e3o de\u2026","rel":"","context":"Em &quot;Geral&quot;","block_context":{"text":"Geral","link":"https:\/\/www.jornalja.com.br\/arquivo\/category\/geral\/"},"img":{"alt_text":"","src":"","width":0,"height":0},"classes":[]},{"id":13239,"url":"https:\/\/www.jornalja.com.br\/arquivo\/conselho-desdenha-do-plano-diretor\/","url_meta":{"origin":46391,"position":1},"title":"Porto Alegre: Conselho detona Plano Diretor","author":"Patr\u00edcia Marini","date":"25 de maio de 2014","format":false,"excerpt":"Den\u00fancia do arquiteto e \u00a0urbanista Ibir\u00e1 Santos Lucas. Ele diz que os conselheiros est\u00e3o votando com \"enorme irresponsabilidade\". \"Mudam regime com a maior naturalidade,,,regularizam absurdos de constru\u00e7\u00f5es irregulares... \"O CMDUA est\u00e1 flexibilizando a lei do plano diretor, de uma forma impactante na vida da cidade. Mudam regime com a maior\u2026","rel":"","context":"Em &quot;Geral&quot;","block_context":{"text":"Geral","link":"https:\/\/www.jornalja.com.br\/arquivo\/category\/geral\/"},"img":{"alt_text":"","src":"","width":0,"height":0},"classes":[]},{"id":14241,"url":"https:\/\/www.jornalja.com.br\/arquivo\/o-guaiba-nas-imagens-poeticas-de-achutti\/","url_meta":{"origin":46391,"position":2},"title":"O Gua\u00edba nas imagens po\u00e9ticas de Achutti","author":"da Reda\u00e7\u00e3o","date":"18 de junho de 2014","format":false,"excerpt":"Em \u201cO Gua\u00edba por Achutti\u201d \u2013 obra financiada via Minist\u00e9rio da Cultura, produ\u00e7\u00e3o executiva de Pedro Longhi, e Fl\u00e1vio Wild como designer \u2013, o fot\u00f3grafo revela a beleza e as mazelas de um espa\u00e7o aqu\u00e1tico de \u00e1guas sempre renovadas, cheio de hist\u00f3rias e lendas como as das cidades que foram\u2026","rel":"","context":"Em &quot;Cultura-Geral&quot;","block_context":{"text":"Cultura-Geral","link":"https:\/\/www.jornalja.com.br\/arquivo\/category\/materiasecundaria\/"},"img":{"alt_text":"","src":"","width":0,"height":0},"classes":[]},{"id":13128,"url":"https:\/\/www.jornalja.com.br\/arquivo\/maconha-terra-diz-que-uso-medicinal-e-desculpa\/","url_meta":{"origin":46391,"position":3},"title":"Maconha: Terra diz que uso medicinal \u00e9 desculpa","author":"Patr\u00edcia Marini","date":"4 de junho de 2014","format":false,"excerpt":"A condi\u00e7\u00e3o de pol\u00edtico, em \u00e9poca de campanha de campanha eleitoral, tira for\u00e7a do discurso do m\u00e9dico Osmar Terra contra a legaliza\u00e7\u00e3o da maconha. A tese dele de que a libera\u00e7\u00e3o vai ampliar exponencialmente o consumo \u00e9 discutivel, o consumo \u00e9 corrente. Mas seus alertas quanto aos riscos tem que\u2026","rel":"","context":"Em &quot;X.Categorias velhas&quot;","block_context":{"text":"X.Categorias velhas","link":"https:\/\/www.jornalja.com.br\/arquivo\/category\/x-categorias-velhas\/"},"img":{"alt_text":"","src":"","width":0,"height":0},"classes":[]},{"id":5440,"url":"https:\/\/www.jornalja.com.br\/arquivo\/casarao-da-venancio-destino-permanece-incerto\/","url_meta":{"origin":46391,"position":4},"title":"Estado ainda n\u00e3o sabe o que fazer com casar\u00e3o abandonado h\u00e1 20 anos","author":"Elmar Bones","date":"6 de julho de 2009","format":false,"excerpt":"O casar\u00e3o amarelo, numa esquina nobre de Porto Alegre (Ven\u00e2ncio Aires com Jo\u00e3o Pessoa), j\u00e1 abrigou uma escola. H\u00e1 duas d\u00e9cadas, pelo menos, est\u00e1 abandonado, porque seu propriet\u00e1rio, o governo do Estado do Rio Grande do Sul, n\u00e3o consegue achar um destino para ele. Planos n\u00e3o faltaram. O governador Ol\u00edvio\u2026","rel":"","context":"Em &quot;X.Categorias velhas&quot;","block_context":{"text":"X.Categorias velhas","link":"https:\/\/www.jornalja.com.br\/arquivo\/category\/x-categorias-velhas\/"},"img":{"alt_text":"geraldo1","src":"https:\/\/i0.wp.com\/www.jornalja.com.br\/wp-content\/uploads\/2009\/07\/geraldo1.jpg?resize=350%2C200&ssl=1","width":350,"height":200},"classes":[]},{"id":13124,"url":"https:\/\/www.jornalja.com.br\/arquivo\/sangue-latino-no-iecine\/","url_meta":{"origin":46391,"position":5},"title":"Sangue latino no IECINE","author":"da Reda\u00e7\u00e3o","date":"18 de maio de 2014","format":false,"excerpt":"Francisco Ribeiro O Instituto Estadual de Cinema (IECINE) tem a frente, desde abril \u00faltimo, um novo diretor, o cineasta colombiano Juan Zapata, 36, que substitui Luiz Alberto Cassol. Radicado h\u00e1 dez anos em Porto Alegre, Zapata tem diante de si o desafio de conduzir at\u00e9 o final do ano um\u2026","rel":"","context":"Em &quot;Cultura-Geral&quot;","block_context":{"text":"Cultura-Geral","link":"https:\/\/www.jornalja.com.br\/arquivo\/category\/materiasecundaria\/"},"img":{"alt_text":"","src":"","width":0,"height":0},"classes":[]}],"jetpack_shortlink":"https:\/\/wp.me\/pbQjBd-c4f","jetpack_featured_media_url":"","_links":{"self":[{"href":"https:\/\/www.jornalja.com.br\/arquivo\/wp-json\/wp\/v2\/posts\/46391","targetHints":{"allow":["GET"]}}],"collection":[{"href":"https:\/\/www.jornalja.com.br\/arquivo\/wp-json\/wp\/v2\/posts"}],"about":[{"href":"https:\/\/www.jornalja.com.br\/arquivo\/wp-json\/wp\/v2\/types\/post"}],"author":[{"embeddable":true,"href":"https:\/\/www.jornalja.com.br\/arquivo\/wp-json\/wp\/v2\/users\/4"}],"replies":[{"embeddable":true,"href":"https:\/\/www.jornalja.com.br\/arquivo\/wp-json\/wp\/v2\/comments?post=46391"}],"version-history":[{"count":0,"href":"https:\/\/www.jornalja.com.br\/arquivo\/wp-json\/wp\/v2\/posts\/46391\/revisions"}],"wp:attachment":[{"href":"https:\/\/www.jornalja.com.br\/arquivo\/wp-json\/wp\/v2\/media?parent=46391"}],"wp:term":[{"taxonomy":"category","embeddable":true,"href":"https:\/\/www.jornalja.com.br\/arquivo\/wp-json\/wp\/v2\/categories?post=46391"},{"taxonomy":"post_tag","embeddable":true,"href":"https:\/\/www.jornalja.com.br\/arquivo\/wp-json\/wp\/v2\/tags?post=46391"}],"curies":[{"name":"wp","href":"https:\/\/api.w.org\/{rel}","templated":true}]}}