{"id":46396,"date":"2017-03-28T13:59:06","date_gmt":"2017-03-28T16:59:06","guid":{"rendered":"https:\/\/www.jornalja.com.br\/?p=46396"},"modified":"2017-03-28T13:59:06","modified_gmt":"2017-03-28T16:59:06","slug":"sob-protestos-conselho-aprova-tarifa-de-onibus-de-r-405","status":"publish","type":"post","link":"https:\/\/www.jornalja.com.br\/arquivo\/sob-protestos-conselho-aprova-tarifa-de-onibus-de-r-405\/","title":{"rendered":"Sob protestos, Conselho aprova tarifa de \u00f4nibus de R$ 4,05"},"content":{"rendered":"<p>Por 14 votos a tr\u00eas, o\u00a0Conselho Municipal de Transportes Urbanos (Comtu) aprovou o\u00a0aumento da passagem para\u00a0R$ 4,05 sugerido \u00a0pela Empresa P\u00fablica de Transporte e Circula\u00e7\u00e3o (EPTC).<br \/>\nPara entrar em vigor, o reajuste aguarda agora o prefeito Nelson Marchezan Junior receber a proposta e sancionar ou n\u00e3o o novo valor.<br \/>\nEm paralelo, o TCE analisa se h\u00e1 aumento indevido da passagem, depois de ter recebido uma recomenda\u00e7\u00e3o de auditoria do Minist\u00e9rio P\u00fablico de Contas (MPC), pedido feito por vereadores da oposi\u00e7\u00e3o (PSOL e PT) no dia 14 de mar\u00e7o.<br \/>\nNo pedido os vereadores alegaram\u00a0diversas irregularidades encontradas nas tabelas tarif\u00e1rias do transporte coletivo por \u00f4nibus.<br \/>\nOs tr\u00eas votos contr\u00e1rios ao valor aprovado foram dos representantes da Uni\u00e3o das Associa\u00e7\u00f5es de Moradores de Porto Alegre (Uampa), da Uni\u00e3o Metropolitana dos Estudantes Secund\u00e1rios de Porto Alegre (Umespa) e da Central \u00danica dos Trabalhadores (CUT).<br \/>\nEnquanto acontecia a vota\u00e7\u00e3o, no pr\u00e9dio da EPTC, do lado de fora manifestantes protestavam. A Prefeitura pediu refor\u00e7o policial.<br \/>\nPartindo da EPTC, o protesto seguiu para a avenida\u00a0Jo\u00e3o Pessoa, Osvaldo Aranha e T\u00fanel da Concei\u00e7\u00e3o, chegando ao Centro, no Pa\u00e7o Municipal.<br \/>\nO processo de aumento do valor da tarifa independe da inspe\u00e7\u00e3o especial que o Tribunal de Contas do Estado est\u00e1 fazendo\u00a0sobre o c\u00e1lculo do valor da passagem, ordenada pelo conselheiro Marco Peixoto, sobre os anos de 2014 a 2017, para verificar os crit\u00e9rios de reajuste.<\/p>\n","protected":false},"excerpt":{"rendered":"<p>Por 14 votos a tr\u00eas, o\u00a0Conselho Municipal de Transportes Urbanos (Comtu) aprovou o\u00a0aumento da passagem para\u00a0R$ 4,05 sugerido \u00a0pela Empresa P\u00fablica de Transporte e Circula\u00e7\u00e3o (EPTC). Para entrar em vigor, o reajuste aguarda agora o prefeito Nelson Marchezan Junior receber a proposta e sancionar ou n\u00e3o o novo valor. Em paralelo, o TCE analisa se [&hellip;]<\/p>\n","protected":false},"author":4,"featured_media":30691,"comment_status":"open","ping_status":"closed","sticky":false,"template":"","format":"standard","meta":{"_jetpack_memberships_contains_paid_content":false,"footnotes":""},"categories":[26],"tags":[],"class_list":["post-46396","post","type-post","status-publish","format-standard","has-post-thumbnail","hentry","category-geral"],"aioseo_notices":[],"jetpack_featured_media_url":"","jetpack_sharing_enabled":true,"jetpack-related-posts":[],"jetpack_shortlink":"https:\/\/wp.me\/pbQjBd-c4k","_links":{"self":[{"href":"https:\/\/www.jornalja.com.br\/arquivo\/wp-json\/wp\/v2\/posts\/46396","targetHints":{"allow":["GET"]}}],"collection":[{"href":"https:\/\/www.jornalja.com.br\/arquivo\/wp-json\/wp\/v2\/posts"}],"about":[{"href":"https:\/\/www.jornalja.com.br\/arquivo\/wp-json\/wp\/v2\/types\/post"}],"author":[{"embeddable":true,"href":"https:\/\/www.jornalja.com.br\/arquivo\/wp-json\/wp\/v2\/users\/4"}],"replies":[{"embeddable":true,"href":"https:\/\/www.jornalja.com.br\/arquivo\/wp-json\/wp\/v2\/comments?post=46396"}],"version-history":[{"count":0,"href":"https:\/\/www.jornalja.com.br\/arquivo\/wp-json\/wp\/v2\/posts\/46396\/revisions"}],"wp:featuredmedia":[{"embeddable":true,"href":"https:\/\/www.jornalja.com.br\/arquivo\/wp-json\/"}],"wp:attachment":[{"href":"https:\/\/www.jornalja.com.br\/arquivo\/wp-json\/wp\/v2\/media?parent=46396"}],"wp:term":[{"taxonomy":"category","embeddable":true,"href":"https:\/\/www.jornalja.com.br\/arquivo\/wp-json\/wp\/v2\/categories?post=46396"},{"taxonomy":"post_tag","embeddable":true,"href":"https:\/\/www.jornalja.com.br\/arquivo\/wp-json\/wp\/v2\/tags?post=46396"}],"curies":[{"name":"wp","href":"https:\/\/api.w.org\/{rel}","templated":true}]}}