{"id":46404,"date":"2017-03-28T15:25:09","date_gmt":"2017-03-28T18:25:09","guid":{"rendered":"https:\/\/www.jornalja.com.br\/?p=46404"},"modified":"2017-03-28T15:25:09","modified_gmt":"2017-03-28T18:25:09","slug":"terceirizacao-e-escravidao","status":"publish","type":"post","link":"https:\/\/www.jornalja.com.br\/arquivo\/terceirizacao-e-escravidao\/","title":{"rendered":"Terceiriza\u00e7\u00e3o e escravid\u00e3o"},"content":{"rendered":"<p>&nbsp;<br \/>\n<span class=\"assina\">Jo\u00e3o Alberto Wohlfart<\/span><br \/>\nCom a aprova\u00e7\u00e3o da Lei da Terceiriza\u00e7\u00e3o pelo congresso nacional fica sepultada a (CLT) Consolida\u00e7\u00e3o das Leis Trabalhistas e come\u00e7a a entrar em vigor outra legisla\u00e7\u00e3o sobre o trabalho. Trata-se de uma senhora de 74 anos brutalmente assassinada por homic\u00eddio doloso e que deixa \u00f3rf\u00e3os milh\u00f5es de trabalhadores e trabalhadoras de todo o pa\u00eds. Uma das mais importantes conquistas sociais do s\u00e9culo XX \u00e9 jogada na lata de lixo, como o foi a Constitui\u00e7\u00e3o Federal de 1988, e entramos numa fase de precariza\u00e7\u00e3o do trabalho e, consequentemente, numa nova forma de escravid\u00e3o.<br \/>\nOs trabalhadores que entram no regime de terceiriza\u00e7\u00e3o n\u00e3o ter\u00e3o estabilidade no emprego, ficar\u00e3o por muito tempo sem trabalho, n\u00e3o ter\u00e3o assegurado uma sistem\u00e1tica de trabalho que garanta descanso, f\u00e9rias, d\u00e9cimo terceiro sal\u00e1rio, vincula\u00e7\u00e3o direta com a sua atividade etc. Talvez, um trabalhador terceirizado n\u00e3o ter\u00e1 mais uma refer\u00eancia social atrav\u00e9s da qual se identifica como sujeito social, na condi\u00e7\u00e3o de se perceber a si mesmo como integrante de uma corpora\u00e7\u00e3o, empresa ou institui\u00e7\u00e3o social. \u00c9 muito prov\u00e1vel que um dos resultados sociais da terceiriza\u00e7\u00e3o seja a produ\u00e7\u00e3o de uma massa informe de trabalhadores sociais sem refer\u00eancia profissional e empresarial. A tend\u00eancia \u00e9 de que a rotatividade seja cada vez maior, resultando numa precariza\u00e7\u00e3o do trabalho e numa desqualifica\u00e7\u00e3o da atividade geral.<br \/>\nA Lei da Terceiriza\u00e7\u00e3o tem como raz\u00e3o de fundo uma antiga e sempre moderna antinomia capitalista. Trata-se da coisifica\u00e7\u00e3o, desumaniza\u00e7\u00e3o e animaliza\u00e7\u00e3o do trabalhador pela a\u00e7\u00e3o exploradora do capital. E no atual sistema econ\u00f4mico neoliberal, este antagonismo sist\u00eamico torna-se muito mais profundo e refinado. O sistema capitalista neoliberal somente sobrevive com a explora\u00e7\u00e3o sistem\u00e1tica da for\u00e7a do trabalho que, na sua atividade alienada, forma a substancialidade do capital. O atual est\u00e1gio de superconcentra\u00e7\u00e3o de renda \u00e9 viabilizado atrav\u00e9s das m\u00faltiplas formas de precariza\u00e7\u00e3o e explora\u00e7\u00e3o do trabalho humano que transferem para o grande capital a racionalidade, a humanidade e a dignidade do trabalho.<br \/>\nA escravid\u00e3o \u00e9 uma marca profunda que nunca foi superada no interior da sociedade brasileira. E junto com ela se constituem as formas de patriarcalismo, patrimonialismo, imperialismo, machismo etc. A Aboli\u00e7\u00e3o da Escravatura, a Consolida\u00e7\u00e3o das Leis Trabalhistas, a Constitui\u00e7\u00e3o Federal e cidad\u00e3 de 1988 e outras conquistas significativas nunca apagaram esta chaga profunda. Esta \u00e9 a raz\u00e3o fundamental pela qual a sociedade brasileira, formada por trabalhadores e por uma imensa base social atualmente massificada, nunca foi capaz de quebrar o dom\u00ednio patriarcal da elite brasileira instalada h\u00e1 s\u00e9culos no poder central em todos os poderes e esferas da Rep\u00fablica. Os que mandam no pa\u00eds legislam e fazem tudo em causa pr\u00f3pria, enquanto o povo brasileiro legitima esta estrutura de dom\u00ednio com o trabalho e com a consci\u00eancia massificada.<br \/>\nA lei da terceiriza\u00e7\u00e3o \u00e9 uma paulada nas costas do trabalhador brasileiro. Ele n\u00e3o \u00e9 apenas condenado a pagar os pecados da crise econ\u00f4mica sem t\u00ea-los cometido, mas \u00e9 inocentemente condenado ao inferno por uma elite que est\u00e1 concentrando em suas m\u00e3os o poder e a quase totalidade da riqueza produzida pelo pa\u00eds. A terceiriza\u00e7\u00e3o n\u00e3o assegura uma atividade regular de trabalho, mas estabelece uma esp\u00e9cie de ex\u00e9rcito de reserva para fins estritamente capitalistas, o que aniquila a subjetividade do trabalhador e a dignidade do trabalho como matriz fundamental de desenvolvimento humano, social e econ\u00f4mico. Trata-se de uma desvaloriza\u00e7\u00e3o radical do valor do trabalho, raz\u00e3o pela qual o ser humano nada mais valer\u00e1 que uma pe\u00e7a secund\u00e1ria na grande m\u00e1quina mec\u00e2nica e tecnol\u00f3gica de produ\u00e7\u00e3o material. Esta l\u00f3gica o rebaixa diante das coisas, da m\u00e1quina produtiva, dos cachorros e dos objetos produzidos.<br \/>\nDiante do que assistimos com a terceiriza\u00e7\u00e3o do trabalho humano, o trabalhador n\u00e3o ter\u00e1 uma vincula\u00e7\u00e3o consistente que assegura a sua liberdade e a sua valoriza\u00e7\u00e3o profissional. Trata-se de uma nova era hist\u00f3rica de escravid\u00e3o de uma massa de trabalhadores sacrificados \u00e0 l\u00f3gica do lucro e da explora\u00e7\u00e3o do grande capital. Ser\u00e1 uma escravid\u00e3o porque o trabalhador estar\u00e1 submetido a uma m\u00e1quina alheia, a um trabalho como uma mercadoria mal paga e porque, talvez, o trabalhador estar\u00e1 fora de qualquer refer\u00eancia social. Com esta medida, muitos benef\u00edcios n\u00e3o pagos ao trabalhador e que s\u00e3o de seus direitos, lhe ser\u00e3o roubados, extorquidos e acumulados para o grande capital e para os rentistas.<br \/>\nSabe-se quem s\u00e3o os diretamente interessados neste projeto. Dentre os principais grupos podem ser mencionados o grande empresariado nacional e internacional, os partidos apoiadores do golpe, os rentistas do capital financeiro, os latifundi\u00e1rios etc. A escravid\u00e3o se explica porque estes grupos aumentar\u00e3o os seus lucros pela intensifica\u00e7\u00e3o da explora\u00e7\u00e3o do trabalhador e pela retirada da base social dos recursos necess\u00e1rios \u00e0 sua sobreviv\u00eancia. \u00c9 de sumo interesse da elite dominante que imp\u00f5e este projeto de forma vertical e arbitr\u00e1ria, ao submeter a popula\u00e7\u00e3o brasileira ao mecanismo de explora\u00e7\u00e3o jamais visto na hist\u00f3ria de nosso pa\u00eds. O projeto atende aos interesses da classe dominante que odeia a classe trabalhadora.<br \/>\nA Terceiriza\u00e7\u00e3o e a Reforma da Previd\u00eancia v\u00e3o matar o trabalhador. Al\u00e9m de rebaixar o ser humano \u00e0 condi\u00e7\u00e3o de coisa, tornando inv\u00e1lidas a CLT e a Constitui\u00e7\u00e3o Federal, vai desintegr\u00e1-lo f\u00edsica e espiritualmente. Quem trabalha em avi\u00e1rio ou chiqueir\u00e3o de porco, quem trabalha a partir de movimentos repetitivos numa ind\u00fastria, quem faz a coleta de lixo nas cidades, qualquer trabalhador bra\u00e7al da base produtiva da sociedade, nas condi\u00e7\u00f5es estabelecidas, vai morrer antes de se aposentar. O que est\u00e1 em jogo n\u00e3o \u00e9 moderniza\u00e7\u00e3o e nem reforma. \u00c9 uma destrui\u00e7\u00e3o da l\u00f3gica do trabalho e do trabalhador. Como j\u00e1 destru\u00edram tantos setores estruturantes da economia e da sociabilidade do pa\u00eds, a precariza\u00e7\u00e3o do trabalho \u00e9 apenas mais um cap\u00edtulo.<br \/>\nCom o que se descortina diante dos nossos olhos, caminhamos para um pa\u00eds de pobres, de famintos e de miser\u00e1veis. Uma grande massa social, caso intensas mobiliza\u00e7\u00f5es n\u00e3o consigam estabelecer outra conjuga\u00e7\u00e3o de for\u00e7as, ser\u00e1 reconduzida \u00e0 mis\u00e9ria absoluta. O governo que se estabeleceu atrav\u00e9s do golpe, n\u00e3o tem nenhum compromisso com o povo e com o pa\u00eds. Caminhamos para uma sociedade estratificada constitu\u00edda por uma grande base miser\u00e1vel e num pequeno grupo de opulentos que vivem do trabalho de uma base social exclu\u00edda.<br \/>\nO projeto encerra em sua l\u00f3gica uma contradi\u00e7\u00e3o radical e profunda. A classe dominante quer aumentar a qualquer pre\u00e7o os seus lucros. Os representantes do congresso nacional, do judici\u00e1rio e do poder executivo, com os olhos fixos no desenvolvimento capitalista do grande empresariado, ignoram uma contradi\u00e7\u00e3o fundamental. Quando o trabalhador \u00e9 sacrificado ao grande capital, precariza a sua atividade, deixa de contribuir para a circula\u00e7\u00e3o da atividade produtiva, o que tamb\u00e9m pode inviabilizar a realiza\u00e7\u00e3o dos interesses da classe dominante. A proposta de terceiriza\u00e7\u00e3o contribui para enfraquecer o c\u00edrculo da l\u00f3gica produtiva e restringe o desenvolvimento econ\u00f4mico. Segundo esta l\u00f3gica, ser\u00e1 um pa\u00eds para banqueiros, grandes latifundi\u00e1rios e grandes empresas.<br \/>\n&nbsp;<\/p>\n","protected":false},"excerpt":{"rendered":"<p>&nbsp; Jo\u00e3o Alberto Wohlfart Com a aprova\u00e7\u00e3o da Lei da Terceiriza\u00e7\u00e3o pelo congresso nacional fica sepultada a (CLT) Consolida\u00e7\u00e3o das Leis Trabalhistas e come\u00e7a a entrar em vigor outra legisla\u00e7\u00e3o sobre o trabalho. Trata-se de uma senhora de 74 anos brutalmente assassinada por homic\u00eddio doloso e que deixa \u00f3rf\u00e3os milh\u00f5es de trabalhadores e trabalhadoras de [&hellip;]<\/p>\n","protected":false},"author":4,"featured_media":46405,"comment_status":"open","ping_status":"closed","sticky":false,"template":"","format":"standard","meta":{"_jetpack_newsletter_access":"","_jetpack_dont_email_post_to_subs":false,"_jetpack_newsletter_tier_id":0,"_jetpack_memberships_contains_paywalled_content":false,"_jetpack_feature_clip_id":0,"_jetpack_memberships_contains_paid_content":false,"footnotes":"","jetpack_post_was_ever_published":false},"categories":[2011,2012],"tags":[],"class_list":["post-46404","post","type-post","status-publish","format-standard","has-post-thumbnail","hentry","category-destaque","category-debates"],"aioseo_notices":[],"aioseo_head":"\n\t\t<!-- All in One SEO 5.0.1.1 - aioseo.com -->\n\t<meta name=\"robots\" content=\"max-image-preview:large\" \/>\n\t<meta name=\"author\" content=\"da Reda\u00e7\u00e3o\"\/>\n\t<link rel=\"canonical\" href=\"https:\/\/www.jornalja.com.br\/arquivo\/terceirizacao-e-escravidao\/\" \/>\n\t<meta name=\"generator\" content=\"All in One SEO (AIOSEO) 5.0.1.1\" \/>\n\t\t<meta property=\"og:locale\" content=\"pt_BR\" \/>\n\t\t<meta property=\"og:site_name\" content=\"Arquivo | Jornal J\u00c1 | Porto Alegre\" \/>\n\t\t<meta property=\"og:type\" content=\"article\" \/>\n\t\t<meta property=\"og:title\" content=\"Terceiriza\u00e7\u00e3o e escravid\u00e3o | Arquivo\" \/>\n\t\t<meta property=\"og:url\" content=\"https:\/\/www.jornalja.com.br\/arquivo\/terceirizacao-e-escravidao\/\" \/>\n\t\t<meta property=\"og:image\" content=\"https:\/\/www.jornalja.com.br\/economics\/wp-content\/uploads\/sites\/11\/2026\/08\/ja-folhaderosto-facebook.jpg\" \/>\n\t\t<meta property=\"og:image:secure_url\" content=\"https:\/\/www.jornalja.com.br\/economics\/wp-content\/uploads\/sites\/11\/2026\/08\/ja-folhaderosto-facebook.jpg\" \/>\n\t\t<meta property=\"article:published_time\" content=\"2017-03-28T18:25:09+00:00\" \/>\n\t\t<meta property=\"article:modified_time\" content=\"2017-03-28T18:25:09+00:00\" \/>\n\t\t<meta name=\"twitter:card\" content=\"summary\" \/>\n\t\t<meta name=\"twitter:title\" content=\"Terceiriza\u00e7\u00e3o e escravid\u00e3o | Arquivo\" \/>\n\t\t<meta name=\"twitter:image\" content=\"https:\/\/www.jornalja.com.br\/economics\/wp-content\/uploads\/sites\/11\/2026\/08\/ja-folhaderosto-facebook.jpg\" \/>\n\t\t<script type=\"application\/ld+json\" class=\"aioseo-schema\">\n\t\t\t{\"@context\":\"https:\\\/\\\/schema.org\",\"@graph\":[{\"@type\":\"BlogPosting\",\"@id\":\"https:\\\/\\\/www.jornalja.com.br\\\/arquivo\\\/terceirizacao-e-escravidao\\\/#blogposting\",\"name\":\"Terceiriza\\u00e7\\u00e3o e escravid\\u00e3o | Arquivo\",\"headline\":\"Terceiriza\\u00e7\\u00e3o e escravid\\u00e3o\",\"author\":{\"@id\":\"https:\\\/\\\/www.jornalja.com.br\\\/arquivo\\\/author\\\/daredacao\\\/#author\"},\"publisher\":{\"@id\":\"https:\\\/\\\/www.jornalja.com.br\\\/arquivo\\\/#organization\"},\"image\":{\"@type\":\"ImageObject\",\"url\":46405},\"datePublished\":\"2017-03-28T15:25:09-03:00\",\"dateModified\":\"2017-03-28T15:25:09-03:00\",\"inLanguage\":\"pt-BR\",\"commentCount\":1,\"mainEntityOfPage\":{\"@id\":\"https:\\\/\\\/www.jornalja.com.br\\\/arquivo\\\/terceirizacao-e-escravidao\\\/#webpage\"},\"isPartOf\":{\"@id\":\"https:\\\/\\\/www.jornalja.com.br\\\/arquivo\\\/terceirizacao-e-escravidao\\\/#webpage\"},\"articleSection\":\"CDD-artigo em destaque, HOTSITE Comit\\u00ea pela Democracia\"},{\"@type\":\"BreadcrumbList\",\"@id\":\"https:\\\/\\\/www.jornalja.com.br\\\/arquivo\\\/terceirizacao-e-escravidao\\\/#breadcrumblist\",\"itemListElement\":[{\"@type\":\"ListItem\",\"@id\":\"https:\\\/\\\/www.jornalja.com.br\\\/arquivo#listItem\",\"position\":1,\"name\":\"Home\",\"item\":\"https:\\\/\\\/www.jornalja.com.br\\\/arquivo\",\"nextItem\":{\"@type\":\"ListItem\",\"@id\":\"https:\\\/\\\/www.jornalja.com.br\\\/arquivo\\\/category\\\/destaque\\\/#listItem\",\"name\":\"CDD-artigo em destaque\"}},{\"@type\":\"ListItem\",\"@id\":\"https:\\\/\\\/www.jornalja.com.br\\\/arquivo\\\/category\\\/destaque\\\/#listItem\",\"position\":2,\"name\":\"CDD-artigo em destaque\",\"item\":\"https:\\\/\\\/www.jornalja.com.br\\\/arquivo\\\/category\\\/destaque\\\/\",\"nextItem\":{\"@type\":\"ListItem\",\"@id\":\"https:\\\/\\\/www.jornalja.com.br\\\/arquivo\\\/terceirizacao-e-escravidao\\\/#listItem\",\"name\":\"Terceiriza\\u00e7\\u00e3o e escravid\\u00e3o\"},\"previousItem\":{\"@type\":\"ListItem\",\"@id\":\"https:\\\/\\\/www.jornalja.com.br\\\/arquivo#listItem\",\"name\":\"Home\"}},{\"@type\":\"ListItem\",\"@id\":\"https:\\\/\\\/www.jornalja.com.br\\\/arquivo\\\/terceirizacao-e-escravidao\\\/#listItem\",\"position\":3,\"name\":\"Terceiriza\\u00e7\\u00e3o e escravid\\u00e3o\",\"previousItem\":{\"@type\":\"ListItem\",\"@id\":\"https:\\\/\\\/www.jornalja.com.br\\\/arquivo\\\/category\\\/destaque\\\/#listItem\",\"name\":\"CDD-artigo em destaque\"}}]},{\"@type\":\"Organization\",\"@id\":\"https:\\\/\\\/www.jornalja.com.br\\\/arquivo\\\/#organization\",\"name\":\"Jornal J\\u00c1\",\"description\":\"Jornal J\\u00c1 | Porto Alegre\",\"url\":\"https:\\\/\\\/www.jornalja.com.br\\\/arquivo\\\/\",\"telephone\":\"+555133307272\",\"logo\":{\"@type\":\"ImageObject\",\"url\":\"https:\\\/\\\/www.jornalja.com.br\\\/wp-content\\\/uploads\\\/cards\\\/JAslogan.png\",\"@id\":\"https:\\\/\\\/www.jornalja.com.br\\\/arquivo\\\/terceirizacao-e-escravidao\\\/#organizationLogo\"},\"image\":{\"@id\":\"https:\\\/\\\/www.jornalja.com.br\\\/arquivo\\\/terceirizacao-e-escravidao\\\/#organizationLogo\"}},{\"@type\":\"Person\",\"@id\":\"https:\\\/\\\/www.jornalja.com.br\\\/arquivo\\\/author\\\/daredacao\\\/#author\",\"url\":\"https:\\\/\\\/www.jornalja.com.br\\\/arquivo\\\/author\\\/daredacao\\\/\",\"name\":\"da Reda\\u00e7\\u00e3o\",\"image\":{\"@type\":\"ImageObject\",\"@id\":\"https:\\\/\\\/www.jornalja.com.br\\\/arquivo\\\/terceirizacao-e-escravidao\\\/#authorImage\",\"url\":\"https:\\\/\\\/secure.gravatar.com\\\/avatar\\\/469fd857d6605ad19919d27ed29d35a968a25f6e8fd9318356bbb7f57aae9c65?s=96&d=mm&r=g\",\"width\":96,\"height\":96,\"caption\":\"da Reda\\u00e7\\u00e3o\"}},{\"@type\":\"WebPage\",\"@id\":\"https:\\\/\\\/www.jornalja.com.br\\\/arquivo\\\/terceirizacao-e-escravidao\\\/#webpage\",\"url\":\"https:\\\/\\\/www.jornalja.com.br\\\/arquivo\\\/terceirizacao-e-escravidao\\\/\",\"name\":\"Terceiriza\\u00e7\\u00e3o e escravid\\u00e3o | Arquivo\",\"inLanguage\":\"pt-BR\",\"isPartOf\":{\"@id\":\"https:\\\/\\\/www.jornalja.com.br\\\/arquivo\\\/#website\"},\"breadcrumb\":{\"@id\":\"https:\\\/\\\/www.jornalja.com.br\\\/arquivo\\\/terceirizacao-e-escravidao\\\/#breadcrumblist\"},\"author\":{\"@id\":\"https:\\\/\\\/www.jornalja.com.br\\\/arquivo\\\/author\\\/daredacao\\\/#author\"},\"creator\":{\"@id\":\"https:\\\/\\\/www.jornalja.com.br\\\/arquivo\\\/author\\\/daredacao\\\/#author\"},\"image\":{\"@type\":\"ImageObject\",\"url\":46405,\"@id\":\"https:\\\/\\\/www.jornalja.com.br\\\/arquivo\\\/terceirizacao-e-escravidao\\\/#mainImage\"},\"primaryImageOfPage\":{\"@id\":\"https:\\\/\\\/www.jornalja.com.br\\\/arquivo\\\/terceirizacao-e-escravidao\\\/#mainImage\"},\"datePublished\":\"2017-03-28T15:25:09-03:00\",\"dateModified\":\"2017-03-28T15:25:09-03:00\"},{\"@type\":\"WebSite\",\"@id\":\"https:\\\/\\\/www.jornalja.com.br\\\/arquivo\\\/#website\",\"url\":\"https:\\\/\\\/www.jornalja.com.br\\\/arquivo\\\/\",\"name\":\"Arquivo\",\"description\":\"Jornal J\\u00c1 | Porto Alegre\",\"inLanguage\":\"pt-BR\",\"publisher\":{\"@id\":\"https:\\\/\\\/www.jornalja.com.br\\\/arquivo\\\/#organization\"}}]}\n\t\t<\/script>\n\t\t<!-- All in One SEO -->\n\n","aioseo_head_json":{"title":"Terceiriza\u00e7\u00e3o e escravid\u00e3o | Arquivo","description":"","canonical_url":"https:\/\/www.jornalja.com.br\/arquivo\/terceirizacao-e-escravidao\/","robots":"max-image-preview:large","keywords":"","webmasterTools":{"miscellaneous":""},"schema":{"@context":"https:\/\/schema.org","@graph":[{"@type":"BlogPosting","@id":"https:\/\/www.jornalja.com.br\/arquivo\/terceirizacao-e-escravidao\/#blogposting","name":"Terceiriza\u00e7\u00e3o e escravid\u00e3o | Arquivo","headline":"Terceiriza\u00e7\u00e3o e escravid\u00e3o","author":{"@id":"https:\/\/www.jornalja.com.br\/arquivo\/author\/daredacao\/#author"},"publisher":{"@id":"https:\/\/www.jornalja.com.br\/arquivo\/#organization"},"image":{"@type":"ImageObject","url":46405},"datePublished":"2017-03-28T15:25:09-03:00","dateModified":"2017-03-28T15:25:09-03:00","inLanguage":"pt-BR","commentCount":1,"mainEntityOfPage":{"@id":"https:\/\/www.jornalja.com.br\/arquivo\/terceirizacao-e-escravidao\/#webpage"},"isPartOf":{"@id":"https:\/\/www.jornalja.com.br\/arquivo\/terceirizacao-e-escravidao\/#webpage"},"articleSection":"CDD-artigo em destaque, HOTSITE Comit\u00ea pela Democracia"},{"@type":"BreadcrumbList","@id":"https:\/\/www.jornalja.com.br\/arquivo\/terceirizacao-e-escravidao\/#breadcrumblist","itemListElement":[{"@type":"ListItem","@id":"https:\/\/www.jornalja.com.br\/arquivo#listItem","position":1,"name":"Home","item":"https:\/\/www.jornalja.com.br\/arquivo","nextItem":{"@type":"ListItem","@id":"https:\/\/www.jornalja.com.br\/arquivo\/category\/destaque\/#listItem","name":"CDD-artigo em destaque"}},{"@type":"ListItem","@id":"https:\/\/www.jornalja.com.br\/arquivo\/category\/destaque\/#listItem","position":2,"name":"CDD-artigo em destaque","item":"https:\/\/www.jornalja.com.br\/arquivo\/category\/destaque\/","nextItem":{"@type":"ListItem","@id":"https:\/\/www.jornalja.com.br\/arquivo\/terceirizacao-e-escravidao\/#listItem","name":"Terceiriza\u00e7\u00e3o e escravid\u00e3o"},"previousItem":{"@type":"ListItem","@id":"https:\/\/www.jornalja.com.br\/arquivo#listItem","name":"Home"}},{"@type":"ListItem","@id":"https:\/\/www.jornalja.com.br\/arquivo\/terceirizacao-e-escravidao\/#listItem","position":3,"name":"Terceiriza\u00e7\u00e3o e escravid\u00e3o","previousItem":{"@type":"ListItem","@id":"https:\/\/www.jornalja.com.br\/arquivo\/category\/destaque\/#listItem","name":"CDD-artigo em destaque"}}]},{"@type":"Organization","@id":"https:\/\/www.jornalja.com.br\/arquivo\/#organization","name":"Jornal J\u00c1","description":"Jornal J\u00c1 | Porto Alegre","url":"https:\/\/www.jornalja.com.br\/arquivo\/","telephone":"+555133307272","logo":{"@type":"ImageObject","url":"https:\/\/www.jornalja.com.br\/wp-content\/uploads\/cards\/JAslogan.png","@id":"https:\/\/www.jornalja.com.br\/arquivo\/terceirizacao-e-escravidao\/#organizationLogo"},"image":{"@id":"https:\/\/www.jornalja.com.br\/arquivo\/terceirizacao-e-escravidao\/#organizationLogo"}},{"@type":"Person","@id":"https:\/\/www.jornalja.com.br\/arquivo\/author\/daredacao\/#author","url":"https:\/\/www.jornalja.com.br\/arquivo\/author\/daredacao\/","name":"da Reda\u00e7\u00e3o","image":{"@type":"ImageObject","@id":"https:\/\/www.jornalja.com.br\/arquivo\/terceirizacao-e-escravidao\/#authorImage","url":"https:\/\/secure.gravatar.com\/avatar\/469fd857d6605ad19919d27ed29d35a968a25f6e8fd9318356bbb7f57aae9c65?s=96&d=mm&r=g","width":96,"height":96,"caption":"da Reda\u00e7\u00e3o"}},{"@type":"WebPage","@id":"https:\/\/www.jornalja.com.br\/arquivo\/terceirizacao-e-escravidao\/#webpage","url":"https:\/\/www.jornalja.com.br\/arquivo\/terceirizacao-e-escravidao\/","name":"Terceiriza\u00e7\u00e3o e escravid\u00e3o | Arquivo","inLanguage":"pt-BR","isPartOf":{"@id":"https:\/\/www.jornalja.com.br\/arquivo\/#website"},"breadcrumb":{"@id":"https:\/\/www.jornalja.com.br\/arquivo\/terceirizacao-e-escravidao\/#breadcrumblist"},"author":{"@id":"https:\/\/www.jornalja.com.br\/arquivo\/author\/daredacao\/#author"},"creator":{"@id":"https:\/\/www.jornalja.com.br\/arquivo\/author\/daredacao\/#author"},"image":{"@type":"ImageObject","url":46405,"@id":"https:\/\/www.jornalja.com.br\/arquivo\/terceirizacao-e-escravidao\/#mainImage"},"primaryImageOfPage":{"@id":"https:\/\/www.jornalja.com.br\/arquivo\/terceirizacao-e-escravidao\/#mainImage"},"datePublished":"2017-03-28T15:25:09-03:00","dateModified":"2017-03-28T15:25:09-03:00"},{"@type":"WebSite","@id":"https:\/\/www.jornalja.com.br\/arquivo\/#website","url":"https:\/\/www.jornalja.com.br\/arquivo\/","name":"Arquivo","description":"Jornal J\u00c1 | Porto Alegre","inLanguage":"pt-BR","publisher":{"@id":"https:\/\/www.jornalja.com.br\/arquivo\/#organization"}}]},"og:locale":"pt_BR","og:site_name":"Arquivo | Jornal J\u00c1 | Porto Alegre","og:type":"article","og:title":"Terceiriza\u00e7\u00e3o e escravid\u00e3o | Arquivo","og:url":"https:\/\/www.jornalja.com.br\/arquivo\/terceirizacao-e-escravidao\/","og:image":"https:\/\/www.jornalja.com.br\/economics\/wp-content\/uploads\/sites\/11\/2026\/08\/ja-folhaderosto-facebook.jpg","og:image:secure_url":"https:\/\/www.jornalja.com.br\/economics\/wp-content\/uploads\/sites\/11\/2026\/08\/ja-folhaderosto-facebook.jpg","article:published_time":"2017-03-28T18:25:09+00:00","article:modified_time":"2017-03-28T18:25:09+00:00","twitter:card":"summary","twitter:title":"Terceiriza\u00e7\u00e3o e escravid\u00e3o | Arquivo","twitter:image":"https:\/\/www.jornalja.com.br\/economics\/wp-content\/uploads\/sites\/11\/2026\/08\/ja-folhaderosto-facebook.jpg"},"aioseo_meta_data":{"post_id":"46404","title":null,"description":null,"keywords":null,"keyphrases":null,"primary_term":null,"canonical_url":null,"og_title":null,"og_description":null,"og_object_type":"default","og_image_type":"default","og_image_url":null,"og_image_width":null,"og_image_height":null,"og_image_custom_url":null,"og_image_custom_fields":null,"og_video":null,"og_custom_url":null,"og_article_section":null,"og_article_tags":null,"twitter_use_og":false,"twitter_card":"default","twitter_image_type":"default","twitter_image_url":null,"twitter_image_custom_url":null,"twitter_image_custom_fields":null,"twitter_title":null,"twitter_description":null,"schema":{"blockGraphs":[],"customGraphs":[],"default":{"data":{"Article":[],"Course":[],"Dataset":[],"FAQPage":[],"Movie":[],"Person":[],"Product":[],"ProductReview":[],"Car":[],"Recipe":[],"Service":[],"SoftwareApplication":[],"WebPage":[]},"graphName":"","isEnabled":true},"graphs":[]},"schema_type":null,"schema_type_options":null,"pillar_content":false,"robots_default":true,"robots_noindex":false,"robots_noarchive":false,"robots_nosnippet":false,"robots_nofollow":false,"robots_noimageindex":false,"robots_noodp":false,"robots_notranslate":false,"robots_max_snippet":null,"robots_max_videopreview":null,"robots_max_imagepreview":"large","priority":null,"frequency":null,"location":null,"local_seo":null,"breadcrumb_settings":null,"limit_modified_date":false,"ai":null,"created":"2020-12-20 20:38:10","updated":"2025-07-19 20:38:38","seo_analyzer_scan_date":null,"focus_keyword":null,"additional_keywords":null,"truseo_locale":null},"jetpack_sharing_enabled":true,"jetpack-related-posts":[{"id":5440,"url":"https:\/\/www.jornalja.com.br\/arquivo\/casarao-da-venancio-destino-permanece-incerto\/","url_meta":{"origin":46404,"position":0},"title":"Estado ainda n\u00e3o sabe o que fazer com casar\u00e3o abandonado h\u00e1 20 anos","author":"Elmar Bones","date":"6 de julho de 2009","format":false,"excerpt":"O casar\u00e3o amarelo, numa esquina nobre de Porto Alegre (Ven\u00e2ncio Aires com Jo\u00e3o Pessoa), j\u00e1 abrigou uma escola. H\u00e1 duas d\u00e9cadas, pelo menos, est\u00e1 abandonado, porque seu propriet\u00e1rio, o governo do Estado do Rio Grande do Sul, n\u00e3o consegue achar um destino para ele. Planos n\u00e3o faltaram. O governador Ol\u00edvio\u2026","rel":"","context":"Em &quot;X.Categorias velhas&quot;","block_context":{"text":"X.Categorias velhas","link":"https:\/\/www.jornalja.com.br\/arquivo\/category\/x-categorias-velhas\/"},"img":{"alt_text":"geraldo1","src":"https:\/\/i0.wp.com\/www.jornalja.com.br\/wp-content\/uploads\/2009\/07\/geraldo1.jpg?resize=350%2C200&ssl=1","width":350,"height":200},"classes":[]},{"id":13101,"url":"https:\/\/www.jornalja.com.br\/arquivo\/morre-um-guerreiro-do-texto\/","url_meta":{"origin":46404,"position":1},"title":"Morre um guerreiro do texto","author":"Patr\u00edcia Marini","date":"14 de maio de 2014","format":false,"excerpt":"Por Ricardo Kotscho Reproduzido do blog do autor, 11\/5\/2014; t\u00edtulo original \u201cE l\u00e1 se foi o nosso Myltainho, guerreiro do texto\u201d. Mi\u00fado e franzino, meu amigo Myltainho era um valente e inconformado guerreiro na luta contra as injusti\u00e7as sociais, a hipocrisia, as maracutaias, o autoritarismo, a intoler\u00e2ncia, a viol\u00eancia, o\u2026","rel":"","context":"Em &quot;Geral&quot;","block_context":{"text":"Geral","link":"https:\/\/www.jornalja.com.br\/arquivo\/category\/geral\/"},"img":{"alt_text":"","src":"","width":0,"height":0},"classes":[]},{"id":13124,"url":"https:\/\/www.jornalja.com.br\/arquivo\/sangue-latino-no-iecine\/","url_meta":{"origin":46404,"position":2},"title":"Sangue latino no IECINE","author":"da Reda\u00e7\u00e3o","date":"18 de maio de 2014","format":false,"excerpt":"Francisco Ribeiro O Instituto Estadual de Cinema (IECINE) tem a frente, desde abril \u00faltimo, um novo diretor, o cineasta colombiano Juan Zapata, 36, que substitui Luiz Alberto Cassol. Radicado h\u00e1 dez anos em Porto Alegre, Zapata tem diante de si o desafio de conduzir at\u00e9 o final do ano um\u2026","rel":"","context":"Em &quot;Cultura-Geral&quot;","block_context":{"text":"Cultura-Geral","link":"https:\/\/www.jornalja.com.br\/arquivo\/category\/materiasecundaria\/"},"img":{"alt_text":"","src":"","width":0,"height":0},"classes":[]},{"id":14241,"url":"https:\/\/www.jornalja.com.br\/arquivo\/o-guaiba-nas-imagens-poeticas-de-achutti\/","url_meta":{"origin":46404,"position":3},"title":"O Gua\u00edba nas imagens po\u00e9ticas de Achutti","author":"da Reda\u00e7\u00e3o","date":"18 de junho de 2014","format":false,"excerpt":"Em \u201cO Gua\u00edba por Achutti\u201d \u2013 obra financiada via Minist\u00e9rio da Cultura, produ\u00e7\u00e3o executiva de Pedro Longhi, e Fl\u00e1vio Wild como designer \u2013, o fot\u00f3grafo revela a beleza e as mazelas de um espa\u00e7o aqu\u00e1tico de \u00e1guas sempre renovadas, cheio de hist\u00f3rias e lendas como as das cidades que foram\u2026","rel":"","context":"Em &quot;Cultura-Geral&quot;","block_context":{"text":"Cultura-Geral","link":"https:\/\/www.jornalja.com.br\/arquivo\/category\/materiasecundaria\/"},"img":{"alt_text":"","src":"","width":0,"height":0},"classes":[]},{"id":13109,"url":"https:\/\/www.jornalja.com.br\/arquivo\/judiciario-reconhece-poluicao-eletromagnetica\/","url_meta":{"origin":46404,"position":4},"title":"Judici\u00e1rio reconhece polui\u00e7\u00e3o eletromagn\u00e9tica","author":"Patr\u00edcia Marini","date":"16 de maio de 2014","format":false,"excerpt":"A\u00e7\u00e3o de duas associa\u00e7\u00f5es de moradores foi acolhida pelo Tribunal de Justi\u00e7a de S\u00e3o Paulo que. em decis\u00e3o in\u00e9dita, determinou a redu\u00e7\u00e3o do campo eletromagn\u00e9tico gerado pelas linhas de transmiss\u00e3o de energia que cortam os bairros City Boa\u00e7ava e Alto de Pinheiros. \u00c9 a primeira vez que um tribunal do\u2026","rel":"","context":"Em &quot;X.Categorias velhas&quot;","block_context":{"text":"X.Categorias velhas","link":"https:\/\/www.jornalja.com.br\/arquivo\/category\/x-categorias-velhas\/"},"img":{"alt_text":"","src":"","width":0,"height":0},"classes":[]},{"id":1280,"url":"https:\/\/www.jornalja.com.br\/arquivo\/o-menino-que-se-tornou-brizola\/","url_meta":{"origin":46404,"position":5},"title":"O Menino que se Tornou Brizola","author":"da Reda\u00e7\u00e3o","date":"28 de julho de 2008","format":false,"excerpt":"Autor: Cleber Dioni A vida de Leonel Brizola, com \u00eanfase para os primeiros anos em Porto Alegre, at\u00e9 o ex\u00edlio no Uruguai e a volta, quinze anos depois. \u00a0\"...\u00c9ramos todos jovens e nos identific\u00e1vamos com aquela massa an\u00f4nima a percorrer as ruas de Porto Alegre, gritando 'Get\u00falio', 'Get\u00falio' e empunhando\u2026","rel":"","context":"Em &quot;Livros&quot;","block_context":{"text":"Livros","link":"https:\/\/www.jornalja.com.br\/arquivo\/category\/livros\/"},"img":{"alt_text":"","src":"https:\/\/i0.wp.com\/www.jornalja.com.br\/wp-content\/uploads\/2008\/07\/brizola.gif?resize=350%2C200&ssl=1","width":350,"height":200},"classes":[]}],"jetpack_shortlink":"https:\/\/wp.me\/pbQjBd-c4s","jetpack_featured_media_url":"","_links":{"self":[{"href":"https:\/\/www.jornalja.com.br\/arquivo\/wp-json\/wp\/v2\/posts\/46404","targetHints":{"allow":["GET"]}}],"collection":[{"href":"https:\/\/www.jornalja.com.br\/arquivo\/wp-json\/wp\/v2\/posts"}],"about":[{"href":"https:\/\/www.jornalja.com.br\/arquivo\/wp-json\/wp\/v2\/types\/post"}],"author":[{"embeddable":true,"href":"https:\/\/www.jornalja.com.br\/arquivo\/wp-json\/wp\/v2\/users\/4"}],"replies":[{"embeddable":true,"href":"https:\/\/www.jornalja.com.br\/arquivo\/wp-json\/wp\/v2\/comments?post=46404"}],"version-history":[{"count":0,"href":"https:\/\/www.jornalja.com.br\/arquivo\/wp-json\/wp\/v2\/posts\/46404\/revisions"}],"wp:attachment":[{"href":"https:\/\/www.jornalja.com.br\/arquivo\/wp-json\/wp\/v2\/media?parent=46404"}],"wp:term":[{"taxonomy":"category","embeddable":true,"href":"https:\/\/www.jornalja.com.br\/arquivo\/wp-json\/wp\/v2\/categories?post=46404"},{"taxonomy":"post_tag","embeddable":true,"href":"https:\/\/www.jornalja.com.br\/arquivo\/wp-json\/wp\/v2\/tags?post=46404"}],"curies":[{"name":"wp","href":"https:\/\/api.w.org\/{rel}","templated":true}]}}