{"id":46427,"date":"2017-03-29T01:41:59","date_gmt":"2017-03-29T04:41:59","guid":{"rendered":"https:\/\/www.jornalja.com.br\/?p=46427"},"modified":"2017-03-29T01:41:59","modified_gmt":"2017-03-29T04:41:59","slug":"cobranca-de-indenizacao-por-acao-popular-e-ridiculo-diz-psol","status":"publish","type":"post","link":"https:\/\/www.jornalja.com.br\/arquivo\/cobranca-de-indenizacao-por-acao-popular-e-ridiculo-diz-psol\/","title":{"rendered":"&quot;Cobran\u00e7a  de indeniza\u00e7\u00e3o por a\u00e7\u00e3o popular \u00e9 rid\u00edculo&quot;, diz PSol"},"content":{"rendered":"<p>Ao saber \u00a0pela imprensa que a Prefeitura pretendia cobrar na Justi\u00e7a R$ 5 milh\u00f5es do PSol, para ressarcir suposto preju\u00edzo a empresas de \u00f4nibus, a dire\u00e7\u00e3o partido convocou uma entrevista para esclarecer a situa\u00e7\u00e3o.<br \/>\nA vereadora\u00a0 Fernanda Melchionna, l\u00edder da oposi\u00e7\u00e3o na C\u00e2mara Municipal, avaliou que seria uma tentativa de amedrontar as lideran\u00e7as do PSol, &#8220;que n\u00e3o hesitar\u00e3o em entrar com a\u00e7\u00e3o no Judici\u00e1rio contra o aumento na tarifa concedido hoje, por ach\u00e1-lo abusivo!&#8221;.<br \/>\nO deputado estadual e advogado Pedro Ruas disse que a Prefeitura de Porto Alegre \u201cerrou feio\u201d na sua forma inusitada de defender-se em a\u00e7\u00e3o judicial movida pelos empres\u00e1rios de \u00f4nibus.<br \/>\nPara Ruas, a Prefeitura divulgou uma informa\u00e7\u00e3o de que existiria uma a\u00e7\u00e3o judicial sua contra os l\u00edderes do Psol, para cobrar-lhes o valor de R$ 5 milh\u00f5es, que seria o alegado preju\u00edzo que as empresas de transporte coletivo teriam tido com a demora de 33 dias para entrar em vigor o aumento tarif\u00e1rio de 2016.<br \/>\nSegundo ele, sendo uma \u00a0mat\u00e9ria de defesa, o argumento \u00e9 rid\u00edculo, posto que o que houve foi uma A\u00e7\u00e3o Popular com ganho de causa para os autores. &#8220;Ora, em tal situa\u00e7\u00e3o, por \u00f3bvio que a decis\u00e3o \u00e9 do Poder Judici\u00e1rio, e\u00a0n\u00e3o uma determina\u00e7\u00e3o\u00a0dos proponentes da mesma.&#8221;<br \/>\nEm compara\u00e7\u00e3o, Ruas cita o caso de 2013, quando o aumento tarif\u00e1rio de R$ 2,85 para R$ 3,20, aprovado em 22 de mar\u00e7o, entrou em vigor no dia seguinte. Em 4 de abril, foi derrubado judicialmente por A\u00e7\u00e3o Popular proposta pelo PSol.<br \/>\nEm sucessivos recursos, as empresas foram derrotadas e a tarifa menor vigorou por um ano. &#8220;O aumento foi v\u00e1rias vezes considerado ilegal e, portanto, deveria ser devolvido aos usu\u00e1rios referentemente aos 12 dias em que foi cobrada a tarifa de R$ 3,20, o que soma perto de R$ 3 milh\u00f5es.&#8221;<br \/>\nSe isso for levado em conta, Ruas conclui que \u00a0s\u00e3o as empresas que devem ao Tesouro municipal, e a Prefeitura deveria defender-se, cobrando.<\/p>\n","protected":false},"excerpt":{"rendered":"<p>Ao saber \u00a0pela imprensa que a Prefeitura pretendia cobrar na Justi\u00e7a R$ 5 milh\u00f5es do PSol, para ressarcir suposto preju\u00edzo a empresas de \u00f4nibus, a dire\u00e7\u00e3o partido convocou uma entrevista para esclarecer a situa\u00e7\u00e3o. A vereadora\u00a0 Fernanda Melchionna, l\u00edder da oposi\u00e7\u00e3o na C\u00e2mara Municipal, avaliou que seria uma tentativa de amedrontar as lideran\u00e7as do PSol, [&hellip;]<\/p>\n","protected":false},"author":4,"featured_media":46415,"comment_status":"open","ping_status":"closed","sticky":false,"template":"","format":"standard","meta":{"_jetpack_memberships_contains_paid_content":false,"footnotes":""},"categories":[26],"tags":[],"class_list":["post-46427","post","type-post","status-publish","format-standard","has-post-thumbnail","hentry","category-geral"],"aioseo_notices":[],"jetpack_featured_media_url":"","jetpack_sharing_enabled":true,"jetpack-related-posts":[{"id":1280,"url":"https:\/\/www.jornalja.com.br\/arquivo\/o-menino-que-se-tornou-brizola\/","url_meta":{"origin":46427,"position":0},"title":"O Menino que se Tornou Brizola","author":"da Reda\u00e7\u00e3o","date":"28 de julho de 2008","format":false,"excerpt":"Autor: Cleber Dioni A vida de Leonel Brizola, com \u00eanfase para os primeiros anos em Porto Alegre, at\u00e9 o ex\u00edlio no Uruguai e a volta, quinze anos depois. \u00a0\"...\u00c9ramos todos jovens e nos identific\u00e1vamos com aquela massa an\u00f4nima a percorrer as ruas de Porto Alegre, gritando 'Get\u00falio', 'Get\u00falio' e empunhando\u2026","rel":"","context":"Em &quot;Livros&quot;","block_context":{"text":"Livros","link":"https:\/\/www.jornalja.com.br\/arquivo\/category\/livros\/"},"img":{"alt_text":"","src":"https:\/\/i0.wp.com\/www.jornalja.com.br\/wp-content\/uploads\/2008\/07\/brizola.gif?resize=350%2C200&ssl=1","width":350,"height":200},"classes":[]}],"jetpack_shortlink":"https:\/\/wp.me\/pbQjBd-c4P","_links":{"self":[{"href":"https:\/\/www.jornalja.com.br\/arquivo\/wp-json\/wp\/v2\/posts\/46427","targetHints":{"allow":["GET"]}}],"collection":[{"href":"https:\/\/www.jornalja.com.br\/arquivo\/wp-json\/wp\/v2\/posts"}],"about":[{"href":"https:\/\/www.jornalja.com.br\/arquivo\/wp-json\/wp\/v2\/types\/post"}],"author":[{"embeddable":true,"href":"https:\/\/www.jornalja.com.br\/arquivo\/wp-json\/wp\/v2\/users\/4"}],"replies":[{"embeddable":true,"href":"https:\/\/www.jornalja.com.br\/arquivo\/wp-json\/wp\/v2\/comments?post=46427"}],"version-history":[{"count":0,"href":"https:\/\/www.jornalja.com.br\/arquivo\/wp-json\/wp\/v2\/posts\/46427\/revisions"}],"wp:featuredmedia":[{"embeddable":true,"href":"https:\/\/www.jornalja.com.br\/arquivo\/wp-json\/"}],"wp:attachment":[{"href":"https:\/\/www.jornalja.com.br\/arquivo\/wp-json\/wp\/v2\/media?parent=46427"}],"wp:term":[{"taxonomy":"category","embeddable":true,"href":"https:\/\/www.jornalja.com.br\/arquivo\/wp-json\/wp\/v2\/categories?post=46427"},{"taxonomy":"post_tag","embeddable":true,"href":"https:\/\/www.jornalja.com.br\/arquivo\/wp-json\/wp\/v2\/tags?post=46427"}],"curies":[{"name":"wp","href":"https:\/\/api.w.org\/{rel}","templated":true}]}}