{"id":46438,"date":"2017-03-29T08:21:31","date_gmt":"2017-03-29T11:21:31","guid":{"rendered":"https:\/\/www.jornalja.com.br\/?p=46438"},"modified":"2017-03-29T08:21:31","modified_gmt":"2017-03-29T11:21:31","slug":"marchezan-pode-cortar-beneficio-e-reduzir-tarifa-de-onibus-para-r-395","status":"publish","type":"post","link":"https:\/\/www.jornalja.com.br\/arquivo\/marchezan-pode-cortar-beneficio-e-reduzir-tarifa-de-onibus-para-r-395\/","title":{"rendered":"Marchezan pode cortar benef\u00edcio e deixar a tarifa de \u00f4nibus em R$ 3,95"},"content":{"rendered":"<p>Na prefeitura ningu\u00e9m confirma oficialmente, mas fontes ligadas ao Executivo garantiram ao J\u00c1 \u00a0que o prefeito Nelson Marchezan vai mexer no reajuste das tarifas do transporte p\u00fablico de Porto Alegre. &#8220;Isso \u00e9 o que est\u00e1 combinado&#8221;, disse um desses interlocutores.<br \/>\nAs empresas pediram um valor alto (R$4,26), a EPTC enviou ao Conselho um valor menor (R$4,05), ainda acima da infla\u00e7\u00e3o.<br \/>\n<span style=\"font-weight: 300\">Agora, com o aumento aprovado pelo Conselho, que acatou os R$ 4,05 propostos pela EPTC, o prefeito Nelson Marchezan entra em cena.<\/span><br \/>\nEm vez de sancionar o aumento, ele corta pela metade a isen\u00e7\u00e3o da segunda passagem e fixa em R$ 3,95 o valor da tarifa.<br \/>\nMarchezan pode fazer isso com um decreto, j\u00e1 que a gratuidade da segunda passagem decorre de um ato do executivo.<br \/>\nEssa mudan\u00e7a permitiria \u00e0s empresas obterem um ganho maior (45 centavos em vez dos 30 centavos concedidos com a tarifa de R$ 4,05), com impacto menor (de 20 centavos) no bolso da grande maioria dos usu\u00e1rios do transporte p\u00fablico da capital.<br \/>\nAs indica\u00e7\u00f5es desse caminho s\u00e3o consistentes.<br \/>\nDesde que se iniciou a discuss\u00e3o da passagem, a Prefeitura fez uma pesquisa, com um aplicativo em que o cidad\u00e3o pode simular o pre\u00e7o da passagem colocando e retirando alguns itens que comp\u00f5e a tarifa do \u00f4nibus. Entre esses itens est\u00e3o as isen\u00e7\u00f5es.<br \/>\nPelo aplicativo, se v\u00ea que a retirada da gratuidade total da segunda passagem representaria 51 centavos sobre o valor da tarifa, sendo o maior entre todas as isen\u00e7\u00f5es. Um corte de 50% no benef\u00edcio, renderia 25 centavos em cada passagem.<br \/>\nO prefeito j\u00e1 afirmou em entrevistas que 64% \u00a0dos que utilizam a segunda passagem o fazem atrav\u00e9s do VT (<i>vale-transporte<\/i>) que \u00e9 pago pelas empresas, ou seja apenas 4% pagam de fato esta tarifa.<br \/>\nNesta ter\u00e7a-feira a Prefeitura divulgou parte dos resultados da pesquisa on-line.<br \/>\nConsta que 55% dos que responderam querem algum tipo de altera\u00e7\u00e3o na segunda passagem, enquanto 45% querem que ela continue de gra\u00e7a.<br \/>\nConfira abaixo os resultados divulgado pela Prefeitura :<\/p>\n<div>\u2022 Dos usu\u00e1rios que responderam \u00e0s perguntas, 83% n\u00e3o possuem nenhum tipo de gratuidade; 17% possuem.<\/div>\n<div><\/div>\n<div>\u2022 62% das pessoas que fizeram a simula\u00e7\u00e3o disseram ser a favor da retirada da obrigatoriedade do cobrador, sem haver demiss\u00e3o dos profissionais; para 38% o cobrador \u00e9 imprescind\u00edvel.<\/div>\n<div><\/div>\n<div>\u2022 Sobre a renova\u00e7\u00e3o da frota dos \u00f4nibus, 40% defende a renova\u00e7\u00e3o a cada 10 anos; 60% a cada 12 anos.<\/div>\n<div><\/div>\n<div>\u2022 Quanto ao reconhecimento facial, 56% n\u00e3o quer a tecnologia; 44% \u00e9 a favor do uso dessa tecnologia.<\/div>\n<div><\/div>\n<div>* Com rela\u00e7\u00e3o \u00e0s c\u00e2meras de monitoramento em tempo real, 77% \u00e9 favor; 23% n\u00e3o quer sistema de c\u00e2meras nos \u00f4nibus.<\/div>\n<div><\/div>\n<div>\u2022 A respeito da implanta\u00e7\u00e3o de GPS nos \u00f4nibus, 52% n\u00e3o acha necess\u00e1rio; 47% quer a instala\u00e7\u00e3o dos aparelhos.<\/div>\n<div><\/div>\n<div>\u2022 Sobre a isen\u00e7\u00e3o de tarifa para idosos, 75% quer o benef\u00edcio para pessoas com mais de 65 anos; 25% para idosos a partir de 60 anos.<\/div>\n<div><\/div>\n<div>\u2022 Quanto \u00e0 gratuidade da segunda passagem, 36% defende desconto de 50% no valor da tarifa; 18% a retirada total do benef\u00edcio; e 45% defende a manuten\u00e7\u00e3o da gratuidade.<\/div>\n<div><\/div>\n<div>A Prefeitura n\u00e3o informou quanto ficaria a m\u00e9dia ponderada do total das simula\u00e7\u00f5es. Tamb\u00e9m n\u00e3o informou quantas pessoas fizeram o teste. (Felipe Uhr)<\/div>\n<p>&nbsp;<\/p>\n","protected":false},"excerpt":{"rendered":"<p>Na prefeitura ningu\u00e9m confirma oficialmente, mas fontes ligadas ao Executivo garantiram ao J\u00c1 \u00a0que o prefeito Nelson Marchezan vai mexer no reajuste das tarifas do transporte p\u00fablico de Porto Alegre. &#8220;Isso \u00e9 o que est\u00e1 combinado&#8221;, disse um desses interlocutores. As empresas pediram um valor alto (R$4,26), a EPTC enviou ao Conselho um valor menor [&hellip;]<\/p>\n","protected":false},"author":4,"featured_media":46498,"comment_status":"open","ping_status":"closed","sticky":false,"template":"","format":"standard","meta":{"_jetpack_newsletter_access":"","_jetpack_dont_email_post_to_subs":false,"_jetpack_newsletter_tier_id":0,"_jetpack_memberships_contains_paywalled_content":false,"_jetpack_feature_clip_id":0,"_jetpack_memberships_contains_paid_content":false,"footnotes":"","jetpack_post_was_ever_published":false},"categories":[2016],"tags":[],"class_list":["post-46438","post","type-post","status-publish","format-standard","has-post-thumbnail","hentry","category-materia-vencida"],"aioseo_notices":[],"aioseo_head":"\n\t\t<!-- All in One SEO 5.0.1.1 - aioseo.com -->\n\t<meta name=\"robots\" content=\"max-image-preview:large\" \/>\n\t<meta name=\"author\" content=\"da Reda\u00e7\u00e3o\"\/>\n\t<link rel=\"canonical\" href=\"https:\/\/www.jornalja.com.br\/arquivo\/marchezan-pode-cortar-beneficio-e-reduzir-tarifa-de-onibus-para-r-395\/\" \/>\n\t<meta name=\"generator\" content=\"All in One SEO (AIOSEO) 5.0.1.1\" \/>\n\t\t<meta property=\"og:locale\" content=\"pt_BR\" \/>\n\t\t<meta property=\"og:site_name\" content=\"Arquivo | Jornal J\u00c1 | Porto Alegre\" \/>\n\t\t<meta property=\"og:type\" content=\"article\" \/>\n\t\t<meta property=\"og:title\" content=\"Marchezan pode cortar benef\u00edcio e deixar a tarifa de \u00f4nibus em R$ 3,95 | Arquivo\" \/>\n\t\t<meta property=\"og:url\" content=\"https:\/\/www.jornalja.com.br\/arquivo\/marchezan-pode-cortar-beneficio-e-reduzir-tarifa-de-onibus-para-r-395\/\" \/>\n\t\t<meta property=\"og:image\" content=\"https:\/\/www.jornalja.com.br\/economics\/wp-content\/uploads\/sites\/11\/2026\/08\/ja-folhaderosto-facebook.jpg\" \/>\n\t\t<meta property=\"og:image:secure_url\" content=\"https:\/\/www.jornalja.com.br\/economics\/wp-content\/uploads\/sites\/11\/2026\/08\/ja-folhaderosto-facebook.jpg\" \/>\n\t\t<meta property=\"article:published_time\" content=\"2017-03-29T11:21:31+00:00\" \/>\n\t\t<meta property=\"article:modified_time\" content=\"2017-03-29T11:21:31+00:00\" \/>\n\t\t<meta name=\"twitter:card\" content=\"summary\" \/>\n\t\t<meta name=\"twitter:title\" content=\"Marchezan pode cortar benef\u00edcio e deixar a tarifa de \u00f4nibus em R$ 3,95 | Arquivo\" \/>\n\t\t<meta name=\"twitter:image\" content=\"https:\/\/www.jornalja.com.br\/economics\/wp-content\/uploads\/sites\/11\/2026\/08\/ja-folhaderosto-facebook.jpg\" \/>\n\t\t<script type=\"application\/ld+json\" class=\"aioseo-schema\">\n\t\t\t{\"@context\":\"https:\\\/\\\/schema.org\",\"@graph\":[{\"@type\":\"BlogPosting\",\"@id\":\"https:\\\/\\\/www.jornalja.com.br\\\/arquivo\\\/marchezan-pode-cortar-beneficio-e-reduzir-tarifa-de-onibus-para-r-395\\\/#blogposting\",\"name\":\"Marchezan pode cortar benef\\u00edcio e deixar a tarifa de \\u00f4nibus em R$ 3,95 | Arquivo\",\"headline\":\"Marchezan pode cortar benef\\u00edcio e deixar a tarifa de \\u00f4nibus em R$ 3,95\",\"author\":{\"@id\":\"https:\\\/\\\/www.jornalja.com.br\\\/arquivo\\\/author\\\/daredacao\\\/#author\"},\"publisher\":{\"@id\":\"https:\\\/\\\/www.jornalja.com.br\\\/arquivo\\\/#organization\"},\"image\":{\"@type\":\"ImageObject\",\"url\":46498},\"datePublished\":\"2017-03-29T08:21:31-03:00\",\"dateModified\":\"2017-03-29T08:21:31-03:00\",\"inLanguage\":\"pt-BR\",\"commentCount\":1,\"mainEntityOfPage\":{\"@id\":\"https:\\\/\\\/www.jornalja.com.br\\\/arquivo\\\/marchezan-pode-cortar-beneficio-e-reduzir-tarifa-de-onibus-para-r-395\\\/#webpage\"},\"isPartOf\":{\"@id\":\"https:\\\/\\\/www.jornalja.com.br\\\/arquivo\\\/marchezan-pode-cortar-beneficio-e-reduzir-tarifa-de-onibus-para-r-395\\\/#webpage\"},\"articleSection\":\"Mat\\u00e9ria vencida\"},{\"@type\":\"BreadcrumbList\",\"@id\":\"https:\\\/\\\/www.jornalja.com.br\\\/arquivo\\\/marchezan-pode-cortar-beneficio-e-reduzir-tarifa-de-onibus-para-r-395\\\/#breadcrumblist\",\"itemListElement\":[{\"@type\":\"ListItem\",\"@id\":\"https:\\\/\\\/www.jornalja.com.br\\\/arquivo#listItem\",\"position\":1,\"name\":\"Home\",\"item\":\"https:\\\/\\\/www.jornalja.com.br\\\/arquivo\",\"nextItem\":{\"@type\":\"ListItem\",\"@id\":\"https:\\\/\\\/www.jornalja.com.br\\\/arquivo\\\/category\\\/materia-vencida\\\/#listItem\",\"name\":\"Mat\\u00e9ria vencida\"}},{\"@type\":\"ListItem\",\"@id\":\"https:\\\/\\\/www.jornalja.com.br\\\/arquivo\\\/category\\\/materia-vencida\\\/#listItem\",\"position\":2,\"name\":\"Mat\\u00e9ria vencida\",\"item\":\"https:\\\/\\\/www.jornalja.com.br\\\/arquivo\\\/category\\\/materia-vencida\\\/\",\"nextItem\":{\"@type\":\"ListItem\",\"@id\":\"https:\\\/\\\/www.jornalja.com.br\\\/arquivo\\\/marchezan-pode-cortar-beneficio-e-reduzir-tarifa-de-onibus-para-r-395\\\/#listItem\",\"name\":\"Marchezan pode cortar benef\\u00edcio e deixar a tarifa de \\u00f4nibus em R$ 3,95\"},\"previousItem\":{\"@type\":\"ListItem\",\"@id\":\"https:\\\/\\\/www.jornalja.com.br\\\/arquivo#listItem\",\"name\":\"Home\"}},{\"@type\":\"ListItem\",\"@id\":\"https:\\\/\\\/www.jornalja.com.br\\\/arquivo\\\/marchezan-pode-cortar-beneficio-e-reduzir-tarifa-de-onibus-para-r-395\\\/#listItem\",\"position\":3,\"name\":\"Marchezan pode cortar benef\\u00edcio e deixar a tarifa de \\u00f4nibus em R$ 3,95\",\"previousItem\":{\"@type\":\"ListItem\",\"@id\":\"https:\\\/\\\/www.jornalja.com.br\\\/arquivo\\\/category\\\/materia-vencida\\\/#listItem\",\"name\":\"Mat\\u00e9ria vencida\"}}]},{\"@type\":\"Organization\",\"@id\":\"https:\\\/\\\/www.jornalja.com.br\\\/arquivo\\\/#organization\",\"name\":\"Jornal J\\u00c1\",\"description\":\"Jornal J\\u00c1 | Porto Alegre\",\"url\":\"https:\\\/\\\/www.jornalja.com.br\\\/arquivo\\\/\",\"telephone\":\"+555133307272\",\"logo\":{\"@type\":\"ImageObject\",\"url\":\"https:\\\/\\\/www.jornalja.com.br\\\/wp-content\\\/uploads\\\/cards\\\/JAslogan.png\",\"@id\":\"https:\\\/\\\/www.jornalja.com.br\\\/arquivo\\\/marchezan-pode-cortar-beneficio-e-reduzir-tarifa-de-onibus-para-r-395\\\/#organizationLogo\"},\"image\":{\"@id\":\"https:\\\/\\\/www.jornalja.com.br\\\/arquivo\\\/marchezan-pode-cortar-beneficio-e-reduzir-tarifa-de-onibus-para-r-395\\\/#organizationLogo\"}},{\"@type\":\"Person\",\"@id\":\"https:\\\/\\\/www.jornalja.com.br\\\/arquivo\\\/author\\\/daredacao\\\/#author\",\"url\":\"https:\\\/\\\/www.jornalja.com.br\\\/arquivo\\\/author\\\/daredacao\\\/\",\"name\":\"da Reda\\u00e7\\u00e3o\",\"image\":{\"@type\":\"ImageObject\",\"@id\":\"https:\\\/\\\/www.jornalja.com.br\\\/arquivo\\\/marchezan-pode-cortar-beneficio-e-reduzir-tarifa-de-onibus-para-r-395\\\/#authorImage\",\"url\":\"https:\\\/\\\/secure.gravatar.com\\\/avatar\\\/469fd857d6605ad19919d27ed29d35a968a25f6e8fd9318356bbb7f57aae9c65?s=96&d=mm&r=g\",\"width\":96,\"height\":96,\"caption\":\"da Reda\\u00e7\\u00e3o\"}},{\"@type\":\"WebPage\",\"@id\":\"https:\\\/\\\/www.jornalja.com.br\\\/arquivo\\\/marchezan-pode-cortar-beneficio-e-reduzir-tarifa-de-onibus-para-r-395\\\/#webpage\",\"url\":\"https:\\\/\\\/www.jornalja.com.br\\\/arquivo\\\/marchezan-pode-cortar-beneficio-e-reduzir-tarifa-de-onibus-para-r-395\\\/\",\"name\":\"Marchezan pode cortar benef\\u00edcio e deixar a tarifa de \\u00f4nibus em R$ 3,95 | Arquivo\",\"inLanguage\":\"pt-BR\",\"isPartOf\":{\"@id\":\"https:\\\/\\\/www.jornalja.com.br\\\/arquivo\\\/#website\"},\"breadcrumb\":{\"@id\":\"https:\\\/\\\/www.jornalja.com.br\\\/arquivo\\\/marchezan-pode-cortar-beneficio-e-reduzir-tarifa-de-onibus-para-r-395\\\/#breadcrumblist\"},\"author\":{\"@id\":\"https:\\\/\\\/www.jornalja.com.br\\\/arquivo\\\/author\\\/daredacao\\\/#author\"},\"creator\":{\"@id\":\"https:\\\/\\\/www.jornalja.com.br\\\/arquivo\\\/author\\\/daredacao\\\/#author\"},\"image\":{\"@type\":\"ImageObject\",\"url\":46498,\"@id\":\"https:\\\/\\\/www.jornalja.com.br\\\/arquivo\\\/marchezan-pode-cortar-beneficio-e-reduzir-tarifa-de-onibus-para-r-395\\\/#mainImage\"},\"primaryImageOfPage\":{\"@id\":\"https:\\\/\\\/www.jornalja.com.br\\\/arquivo\\\/marchezan-pode-cortar-beneficio-e-reduzir-tarifa-de-onibus-para-r-395\\\/#mainImage\"},\"datePublished\":\"2017-03-29T08:21:31-03:00\",\"dateModified\":\"2017-03-29T08:21:31-03:00\"},{\"@type\":\"WebSite\",\"@id\":\"https:\\\/\\\/www.jornalja.com.br\\\/arquivo\\\/#website\",\"url\":\"https:\\\/\\\/www.jornalja.com.br\\\/arquivo\\\/\",\"name\":\"Arquivo\",\"description\":\"Jornal J\\u00c1 | Porto Alegre\",\"inLanguage\":\"pt-BR\",\"publisher\":{\"@id\":\"https:\\\/\\\/www.jornalja.com.br\\\/arquivo\\\/#organization\"}}]}\n\t\t<\/script>\n\t\t<!-- All in One SEO -->\n\n","aioseo_head_json":{"title":"Marchezan pode cortar benef\u00edcio e deixar a tarifa de \u00f4nibus em R$ 3,95 | Arquivo","description":"","canonical_url":"https:\/\/www.jornalja.com.br\/arquivo\/marchezan-pode-cortar-beneficio-e-reduzir-tarifa-de-onibus-para-r-395\/","robots":"max-image-preview:large","keywords":"","webmasterTools":{"miscellaneous":""},"schema":{"@context":"https:\/\/schema.org","@graph":[{"@type":"BlogPosting","@id":"https:\/\/www.jornalja.com.br\/arquivo\/marchezan-pode-cortar-beneficio-e-reduzir-tarifa-de-onibus-para-r-395\/#blogposting","name":"Marchezan pode cortar benef\u00edcio e deixar a tarifa de \u00f4nibus em R$ 3,95 | Arquivo","headline":"Marchezan pode cortar benef\u00edcio e deixar a tarifa de \u00f4nibus em R$ 3,95","author":{"@id":"https:\/\/www.jornalja.com.br\/arquivo\/author\/daredacao\/#author"},"publisher":{"@id":"https:\/\/www.jornalja.com.br\/arquivo\/#organization"},"image":{"@type":"ImageObject","url":46498},"datePublished":"2017-03-29T08:21:31-03:00","dateModified":"2017-03-29T08:21:31-03:00","inLanguage":"pt-BR","commentCount":1,"mainEntityOfPage":{"@id":"https:\/\/www.jornalja.com.br\/arquivo\/marchezan-pode-cortar-beneficio-e-reduzir-tarifa-de-onibus-para-r-395\/#webpage"},"isPartOf":{"@id":"https:\/\/www.jornalja.com.br\/arquivo\/marchezan-pode-cortar-beneficio-e-reduzir-tarifa-de-onibus-para-r-395\/#webpage"},"articleSection":"Mat\u00e9ria vencida"},{"@type":"BreadcrumbList","@id":"https:\/\/www.jornalja.com.br\/arquivo\/marchezan-pode-cortar-beneficio-e-reduzir-tarifa-de-onibus-para-r-395\/#breadcrumblist","itemListElement":[{"@type":"ListItem","@id":"https:\/\/www.jornalja.com.br\/arquivo#listItem","position":1,"name":"Home","item":"https:\/\/www.jornalja.com.br\/arquivo","nextItem":{"@type":"ListItem","@id":"https:\/\/www.jornalja.com.br\/arquivo\/category\/materia-vencida\/#listItem","name":"Mat\u00e9ria vencida"}},{"@type":"ListItem","@id":"https:\/\/www.jornalja.com.br\/arquivo\/category\/materia-vencida\/#listItem","position":2,"name":"Mat\u00e9ria vencida","item":"https:\/\/www.jornalja.com.br\/arquivo\/category\/materia-vencida\/","nextItem":{"@type":"ListItem","@id":"https:\/\/www.jornalja.com.br\/arquivo\/marchezan-pode-cortar-beneficio-e-reduzir-tarifa-de-onibus-para-r-395\/#listItem","name":"Marchezan pode cortar benef\u00edcio e deixar a tarifa de \u00f4nibus em R$ 3,95"},"previousItem":{"@type":"ListItem","@id":"https:\/\/www.jornalja.com.br\/arquivo#listItem","name":"Home"}},{"@type":"ListItem","@id":"https:\/\/www.jornalja.com.br\/arquivo\/marchezan-pode-cortar-beneficio-e-reduzir-tarifa-de-onibus-para-r-395\/#listItem","position":3,"name":"Marchezan pode cortar benef\u00edcio e deixar a tarifa de \u00f4nibus em R$ 3,95","previousItem":{"@type":"ListItem","@id":"https:\/\/www.jornalja.com.br\/arquivo\/category\/materia-vencida\/#listItem","name":"Mat\u00e9ria vencida"}}]},{"@type":"Organization","@id":"https:\/\/www.jornalja.com.br\/arquivo\/#organization","name":"Jornal J\u00c1","description":"Jornal J\u00c1 | Porto Alegre","url":"https:\/\/www.jornalja.com.br\/arquivo\/","telephone":"+555133307272","logo":{"@type":"ImageObject","url":"https:\/\/www.jornalja.com.br\/wp-content\/uploads\/cards\/JAslogan.png","@id":"https:\/\/www.jornalja.com.br\/arquivo\/marchezan-pode-cortar-beneficio-e-reduzir-tarifa-de-onibus-para-r-395\/#organizationLogo"},"image":{"@id":"https:\/\/www.jornalja.com.br\/arquivo\/marchezan-pode-cortar-beneficio-e-reduzir-tarifa-de-onibus-para-r-395\/#organizationLogo"}},{"@type":"Person","@id":"https:\/\/www.jornalja.com.br\/arquivo\/author\/daredacao\/#author","url":"https:\/\/www.jornalja.com.br\/arquivo\/author\/daredacao\/","name":"da Reda\u00e7\u00e3o","image":{"@type":"ImageObject","@id":"https:\/\/www.jornalja.com.br\/arquivo\/marchezan-pode-cortar-beneficio-e-reduzir-tarifa-de-onibus-para-r-395\/#authorImage","url":"https:\/\/secure.gravatar.com\/avatar\/469fd857d6605ad19919d27ed29d35a968a25f6e8fd9318356bbb7f57aae9c65?s=96&d=mm&r=g","width":96,"height":96,"caption":"da Reda\u00e7\u00e3o"}},{"@type":"WebPage","@id":"https:\/\/www.jornalja.com.br\/arquivo\/marchezan-pode-cortar-beneficio-e-reduzir-tarifa-de-onibus-para-r-395\/#webpage","url":"https:\/\/www.jornalja.com.br\/arquivo\/marchezan-pode-cortar-beneficio-e-reduzir-tarifa-de-onibus-para-r-395\/","name":"Marchezan pode cortar benef\u00edcio e deixar a tarifa de \u00f4nibus em R$ 3,95 | Arquivo","inLanguage":"pt-BR","isPartOf":{"@id":"https:\/\/www.jornalja.com.br\/arquivo\/#website"},"breadcrumb":{"@id":"https:\/\/www.jornalja.com.br\/arquivo\/marchezan-pode-cortar-beneficio-e-reduzir-tarifa-de-onibus-para-r-395\/#breadcrumblist"},"author":{"@id":"https:\/\/www.jornalja.com.br\/arquivo\/author\/daredacao\/#author"},"creator":{"@id":"https:\/\/www.jornalja.com.br\/arquivo\/author\/daredacao\/#author"},"image":{"@type":"ImageObject","url":46498,"@id":"https:\/\/www.jornalja.com.br\/arquivo\/marchezan-pode-cortar-beneficio-e-reduzir-tarifa-de-onibus-para-r-395\/#mainImage"},"primaryImageOfPage":{"@id":"https:\/\/www.jornalja.com.br\/arquivo\/marchezan-pode-cortar-beneficio-e-reduzir-tarifa-de-onibus-para-r-395\/#mainImage"},"datePublished":"2017-03-29T08:21:31-03:00","dateModified":"2017-03-29T08:21:31-03:00"},{"@type":"WebSite","@id":"https:\/\/www.jornalja.com.br\/arquivo\/#website","url":"https:\/\/www.jornalja.com.br\/arquivo\/","name":"Arquivo","description":"Jornal J\u00c1 | Porto Alegre","inLanguage":"pt-BR","publisher":{"@id":"https:\/\/www.jornalja.com.br\/arquivo\/#organization"}}]},"og:locale":"pt_BR","og:site_name":"Arquivo | Jornal J\u00c1 | Porto Alegre","og:type":"article","og:title":"Marchezan pode cortar benef\u00edcio e deixar a tarifa de \u00f4nibus em R$ 3,95 | Arquivo","og:url":"https:\/\/www.jornalja.com.br\/arquivo\/marchezan-pode-cortar-beneficio-e-reduzir-tarifa-de-onibus-para-r-395\/","og:image":"https:\/\/www.jornalja.com.br\/economics\/wp-content\/uploads\/sites\/11\/2026\/08\/ja-folhaderosto-facebook.jpg","og:image:secure_url":"https:\/\/www.jornalja.com.br\/economics\/wp-content\/uploads\/sites\/11\/2026\/08\/ja-folhaderosto-facebook.jpg","article:published_time":"2017-03-29T11:21:31+00:00","article:modified_time":"2017-03-29T11:21:31+00:00","twitter:card":"summary","twitter:title":"Marchezan pode cortar benef\u00edcio e deixar a tarifa de \u00f4nibus em R$ 3,95 | Arquivo","twitter:image":"https:\/\/www.jornalja.com.br\/economics\/wp-content\/uploads\/sites\/11\/2026\/08\/ja-folhaderosto-facebook.jpg"},"aioseo_meta_data":{"post_id":"46438","title":null,"description":null,"keywords":null,"keyphrases":null,"primary_term":null,"canonical_url":null,"og_title":null,"og_description":null,"og_object_type":"default","og_image_type":"default","og_image_url":null,"og_image_width":null,"og_image_height":null,"og_image_custom_url":null,"og_image_custom_fields":null,"og_video":null,"og_custom_url":null,"og_article_section":null,"og_article_tags":null,"twitter_use_og":false,"twitter_card":"default","twitter_image_type":"default","twitter_image_url":null,"twitter_image_custom_url":null,"twitter_image_custom_fields":null,"twitter_title":null,"twitter_description":null,"schema":{"blockGraphs":[],"customGraphs":[],"default":{"data":{"Article":[],"Course":[],"Dataset":[],"FAQPage":[],"Movie":[],"Person":[],"Product":[],"ProductReview":[],"Car":[],"Recipe":[],"Service":[],"SoftwareApplication":[],"WebPage":[]},"graphName":"","isEnabled":true},"graphs":[],"defaultGraph":"","defaultPostTypeGraph":""},"schema_type":null,"schema_type_options":null,"pillar_content":false,"robots_default":true,"robots_noindex":false,"robots_noarchive":false,"robots_nosnippet":false,"robots_nofollow":false,"robots_noimageindex":false,"robots_noodp":false,"robots_notranslate":false,"robots_max_snippet":null,"robots_max_videopreview":null,"robots_max_imagepreview":"large","priority":null,"frequency":null,"location":null,"local_seo":null,"breadcrumb_settings":null,"limit_modified_date":false,"ai":null,"created":"2020-12-20 20:38:10","updated":"2025-07-19 20:40:15","seo_analyzer_scan_date":null,"focus_keyword":null,"additional_keywords":null,"truseo_locale":null},"jetpack_sharing_enabled":true,"jetpack-related-posts":[{"id":13240,"url":"https:\/\/www.jornalja.com.br\/arquivo\/plano-diretor-estamos-construindo-o-caos\/","url_meta":{"origin":46438,"position":0},"title":"Plano diretor: &quot;Estamos construindo o caos&quot;","author":"Patr\u00edcia Marini","date":"26 de maio de 2014","format":false,"excerpt":"Desabafo que arquiteta Eliana Castilhos, delegada da Regi\u00e3o de Planejamento 1, postou nas redes sociais \u00e9 um testemunho do ambiente que se criou no Conselho do Plano Diretor de Porto Alegre, onde a aprova\u00e7\u00e3o de grandes empreendimentos \u00e9 empurrada guela abaixo dos conselheiros. Ao CMDUA Como delegada da Regi\u00e3o de\u2026","rel":"","context":"Em &quot;Geral&quot;","block_context":{"text":"Geral","link":"https:\/\/www.jornalja.com.br\/arquivo\/category\/geral\/"},"img":{"alt_text":"","src":"","width":0,"height":0},"classes":[]},{"id":13239,"url":"https:\/\/www.jornalja.com.br\/arquivo\/conselho-desdenha-do-plano-diretor\/","url_meta":{"origin":46438,"position":1},"title":"Porto Alegre: Conselho detona Plano Diretor","author":"Patr\u00edcia Marini","date":"25 de maio de 2014","format":false,"excerpt":"Den\u00fancia do arquiteto e \u00a0urbanista Ibir\u00e1 Santos Lucas. Ele diz que os conselheiros est\u00e3o votando com \"enorme irresponsabilidade\". \"Mudam regime com a maior naturalidade,,,regularizam absurdos de constru\u00e7\u00f5es irregulares... \"O CMDUA est\u00e1 flexibilizando a lei do plano diretor, de uma forma impactante na vida da cidade. Mudam regime com a maior\u2026","rel":"","context":"Em &quot;Geral&quot;","block_context":{"text":"Geral","link":"https:\/\/www.jornalja.com.br\/arquivo\/category\/geral\/"},"img":{"alt_text":"","src":"","width":0,"height":0},"classes":[]},{"id":12960,"url":"https:\/\/www.jornalja.com.br\/arquivo\/populacao-culpa-empresas-pela-greve-dos-rodoviarios\/","url_meta":{"origin":46438,"position":2},"title":"Popula\u00e7\u00e3o culpa empresas pela greve","author":"Patr\u00edcia Marini","date":"14 de fevereiro de 2014","format":false,"excerpt":"Pesquisa divulgada na edi\u00e7\u00e3o do jornal Metro desta sexta-feira,14, comprova o velho ditado: \u00e9 poss\u00edvel enganar muitos por algum tempo, mas n\u00e3o \u00e9 poss\u00edvel enganar a todos o tempo inteiro. A principal revela\u00e7\u00e3o foi que 59,8% dos entrevistados apontaram as empresas como as principais respons\u00e1veis pela grave e 46% culparam\u2026","rel":"","context":"Em &quot;X.Categorias velhas&quot;","block_context":{"text":"X.Categorias velhas","link":"https:\/\/www.jornalja.com.br\/arquivo\/category\/x-categorias-velhas\/"},"img":{"alt_text":"","src":"","width":0,"height":0},"classes":[]},{"id":13109,"url":"https:\/\/www.jornalja.com.br\/arquivo\/judiciario-reconhece-poluicao-eletromagnetica\/","url_meta":{"origin":46438,"position":3},"title":"Judici\u00e1rio reconhece polui\u00e7\u00e3o eletromagn\u00e9tica","author":"Patr\u00edcia Marini","date":"16 de maio de 2014","format":false,"excerpt":"A\u00e7\u00e3o de duas associa\u00e7\u00f5es de moradores foi acolhida pelo Tribunal de Justi\u00e7a de S\u00e3o Paulo que. em decis\u00e3o in\u00e9dita, determinou a redu\u00e7\u00e3o do campo eletromagn\u00e9tico gerado pelas linhas de transmiss\u00e3o de energia que cortam os bairros City Boa\u00e7ava e Alto de Pinheiros. \u00c9 a primeira vez que um tribunal do\u2026","rel":"","context":"Em &quot;X.Categorias velhas&quot;","block_context":{"text":"X.Categorias velhas","link":"https:\/\/www.jornalja.com.br\/arquivo\/category\/x-categorias-velhas\/"},"img":{"alt_text":"","src":"","width":0,"height":0},"classes":[]},{"id":14241,"url":"https:\/\/www.jornalja.com.br\/arquivo\/o-guaiba-nas-imagens-poeticas-de-achutti\/","url_meta":{"origin":46438,"position":4},"title":"O Gua\u00edba nas imagens po\u00e9ticas de Achutti","author":"da Reda\u00e7\u00e3o","date":"18 de junho de 2014","format":false,"excerpt":"Em \u201cO Gua\u00edba por Achutti\u201d \u2013 obra financiada via Minist\u00e9rio da Cultura, produ\u00e7\u00e3o executiva de Pedro Longhi, e Fl\u00e1vio Wild como designer \u2013, o fot\u00f3grafo revela a beleza e as mazelas de um espa\u00e7o aqu\u00e1tico de \u00e1guas sempre renovadas, cheio de hist\u00f3rias e lendas como as das cidades que foram\u2026","rel":"","context":"Em &quot;Cultura-Geral&quot;","block_context":{"text":"Cultura-Geral","link":"https:\/\/www.jornalja.com.br\/arquivo\/category\/materiasecundaria\/"},"img":{"alt_text":"","src":"","width":0,"height":0},"classes":[]},{"id":13124,"url":"https:\/\/www.jornalja.com.br\/arquivo\/sangue-latino-no-iecine\/","url_meta":{"origin":46438,"position":5},"title":"Sangue latino no IECINE","author":"da Reda\u00e7\u00e3o","date":"18 de maio de 2014","format":false,"excerpt":"Francisco Ribeiro O Instituto Estadual de Cinema (IECINE) tem a frente, desde abril \u00faltimo, um novo diretor, o cineasta colombiano Juan Zapata, 36, que substitui Luiz Alberto Cassol. Radicado h\u00e1 dez anos em Porto Alegre, Zapata tem diante de si o desafio de conduzir at\u00e9 o final do ano um\u2026","rel":"","context":"Em &quot;Cultura-Geral&quot;","block_context":{"text":"Cultura-Geral","link":"https:\/\/www.jornalja.com.br\/arquivo\/category\/materiasecundaria\/"},"img":{"alt_text":"","src":"","width":0,"height":0},"classes":[]}],"jetpack_shortlink":"https:\/\/wp.me\/pbQjBd-c50","jetpack_featured_media_url":"","_links":{"self":[{"href":"https:\/\/www.jornalja.com.br\/arquivo\/wp-json\/wp\/v2\/posts\/46438","targetHints":{"allow":["GET"]}}],"collection":[{"href":"https:\/\/www.jornalja.com.br\/arquivo\/wp-json\/wp\/v2\/posts"}],"about":[{"href":"https:\/\/www.jornalja.com.br\/arquivo\/wp-json\/wp\/v2\/types\/post"}],"author":[{"embeddable":true,"href":"https:\/\/www.jornalja.com.br\/arquivo\/wp-json\/wp\/v2\/users\/4"}],"replies":[{"embeddable":true,"href":"https:\/\/www.jornalja.com.br\/arquivo\/wp-json\/wp\/v2\/comments?post=46438"}],"version-history":[{"count":0,"href":"https:\/\/www.jornalja.com.br\/arquivo\/wp-json\/wp\/v2\/posts\/46438\/revisions"}],"wp:attachment":[{"href":"https:\/\/www.jornalja.com.br\/arquivo\/wp-json\/wp\/v2\/media?parent=46438"}],"wp:term":[{"taxonomy":"category","embeddable":true,"href":"https:\/\/www.jornalja.com.br\/arquivo\/wp-json\/wp\/v2\/categories?post=46438"},{"taxonomy":"post_tag","embeddable":true,"href":"https:\/\/www.jornalja.com.br\/arquivo\/wp-json\/wp\/v2\/tags?post=46438"}],"curies":[{"name":"wp","href":"https:\/\/api.w.org\/{rel}","templated":true}]}}