{"id":46503,"date":"2017-03-29T09:10:06","date_gmt":"2017-03-29T12:10:06","guid":{"rendered":"https:\/\/www.jornalja.com.br\/?p=46503"},"modified":"2017-03-29T09:10:06","modified_gmt":"2017-03-29T12:10:06","slug":"abes-vem-discutir-privatizacao-das-empresas-de-saneamento","status":"publish","type":"post","link":"https:\/\/www.jornalja.com.br\/arquivo\/abes-vem-discutir-privatizacao-das-empresas-de-saneamento\/","title":{"rendered":"ABES vem discutir privatiza\u00e7\u00e3o das empresas de saneamento"},"content":{"rendered":"<p>O presidente da Associa\u00e7\u00e3o Brasileira de Engenharia Sanit\u00e1ria e Ambiental (ABES), Roberval Tavares de Souza, estar\u00e1 em Porto Alegre na segunda-feira (3 de abril) para reuni\u00e3o com empres\u00e1rios e t\u00e9cnicos da \u00e1rea de saneamento.<br \/>\nEmbora n\u00e3o esteja explicitamente na pauta, a motiva\u00e7\u00e3o principal da reuni\u00e3o \u00e9 discutir a proposta do governo federal de privatizar as empresas estaduais de saneamento como parte do equacionamento do d\u00e9ficit fiscal dos Estados.<br \/>\nEm artigo publicado no site da ABES-DN, Roberval Tavares de Souza lamenta que as empresas de saneamento estejam sendo tratadas como \u201cmoeda de troca\u201d entre os governos.<br \/>\nEle cita o exemplo da Cedae,\u00a0do Rio de Janeiro, que aparece como garantia de dois empr\u00e9stimos federais de cerca de R$ 6,5 bilh\u00f5es, valor que representa cerca de 25% do d\u00e9ficit or\u00e7ament\u00e1rio do Estado.<br \/>\nEm seu artigo, o presidente da ABES afirma que, independentemente da natureza p\u00fablica ou privada dos concession\u00e1rios dos servi\u00e7os de \u00e1gua e esgoto, o que importa \u00e9 a efici\u00eancia da opera\u00e7\u00e3o.<br \/>\nA ABES s\u00f3 exige que os processos de privatiza\u00e7\u00e3o sejam transparentes, respons\u00e1veis e tenham a participa\u00e7\u00e3o da sociedade.<br \/>\nCORSAN<br \/>\nNa reuni\u00e3o em Porto Alegre, no Pal\u00e1cio do Com\u00e9rcio, deve ser discutido o caso da ga\u00facha Corsan, citada ultimamente como privatiz\u00e1vel pelo governo de Jos\u00e9 Ivo Sartori, que j\u00e1 extinguiu oito funda\u00e7\u00f5es e estaria disposto a vender at\u00e9 o Banrisul, se n\u00e3o houvesse resist\u00eancia da sociedade ga\u00facha.<br \/>\nEm balan\u00e7o publicado nesta segunda-feira (27\/3), a Corsan apresentou lucro de R$ 207 milh\u00f5es para receitas de R$ 2,36 bilh\u00f5es. Ou, seja, a Corsan gera recursos para o caixa do Tesouro estadual.<br \/>\n\u201cSe a Corsan fosse privatizada, acreditamos que renderia cerca de 3,5 folhas de pagamento do funcionalismo ga\u00facho\u201d, diz Rog\u00e9rio Ferraz, diretor do Sindi\u00e1gua, que representa os trabalhadores do setor de \u00e1gua e saneamento.<br \/>\nEm outras palavras, privatizar seria uma queima de ativo. A folha estadual consome R$ 1,5 bilh\u00e3o mensal.<br \/>\nAl\u00e9m de ser contra a privatiza\u00e7\u00e3o, o Sindi\u00e1gua acha mais urgente discutir a renegocia\u00e7\u00e3o da d\u00edvida estadual com a Uni\u00e3o levando em conta os cr\u00e9ditos acumulados pelo RS com a Lei Kandir.<br \/>\nSeria um confronto entre o d\u00e9bito de R$ 56 bilh\u00f5es e os cr\u00e9ditos de R$ 48 bilh\u00f5es. Os dois valores s\u00e3o discut\u00edveis. O Supremo Tribunal Federal deu 12 meses para que se calculem os cr\u00e9ditos estaduais gerados pela Lei Kandir, de incentivo \u00a0\u00e0s exporta\u00e7\u00f5es.<\/p>\n","protected":false},"excerpt":{"rendered":"<p>O presidente da Associa\u00e7\u00e3o Brasileira de Engenharia Sanit\u00e1ria e Ambiental (ABES), Roberval Tavares de Souza, estar\u00e1 em Porto Alegre na segunda-feira (3 de abril) para reuni\u00e3o com empres\u00e1rios e t\u00e9cnicos da \u00e1rea de saneamento. Embora n\u00e3o esteja explicitamente na pauta, a motiva\u00e7\u00e3o principal da reuni\u00e3o \u00e9 discutir a proposta do governo federal de privatizar as [&hellip;]<\/p>\n","protected":false},"author":5,"featured_media":46505,"comment_status":"open","ping_status":"closed","sticky":false,"template":"","format":"standard","meta":{"_jetpack_memberships_contains_paid_content":false,"footnotes":""},"categories":[26],"tags":[],"class_list":["post-46503","post","type-post","status-publish","format-standard","has-post-thumbnail","hentry","category-geral"],"aioseo_notices":[],"jetpack_featured_media_url":"","jetpack_sharing_enabled":true,"jetpack-related-posts":[],"jetpack_shortlink":"https:\/\/wp.me\/pbQjBd-c63","_links":{"self":[{"href":"https:\/\/www.jornalja.com.br\/arquivo\/wp-json\/wp\/v2\/posts\/46503","targetHints":{"allow":["GET"]}}],"collection":[{"href":"https:\/\/www.jornalja.com.br\/arquivo\/wp-json\/wp\/v2\/posts"}],"about":[{"href":"https:\/\/www.jornalja.com.br\/arquivo\/wp-json\/wp\/v2\/types\/post"}],"author":[{"embeddable":true,"href":"https:\/\/www.jornalja.com.br\/arquivo\/wp-json\/wp\/v2\/users\/5"}],"replies":[{"embeddable":true,"href":"https:\/\/www.jornalja.com.br\/arquivo\/wp-json\/wp\/v2\/comments?post=46503"}],"version-history":[{"count":0,"href":"https:\/\/www.jornalja.com.br\/arquivo\/wp-json\/wp\/v2\/posts\/46503\/revisions"}],"wp:featuredmedia":[{"embeddable":true,"href":"https:\/\/www.jornalja.com.br\/arquivo\/wp-json\/"}],"wp:attachment":[{"href":"https:\/\/www.jornalja.com.br\/arquivo\/wp-json\/wp\/v2\/media?parent=46503"}],"wp:term":[{"taxonomy":"category","embeddable":true,"href":"https:\/\/www.jornalja.com.br\/arquivo\/wp-json\/wp\/v2\/categories?post=46503"},{"taxonomy":"post_tag","embeddable":true,"href":"https:\/\/www.jornalja.com.br\/arquivo\/wp-json\/wp\/v2\/tags?post=46503"}],"curies":[{"name":"wp","href":"https:\/\/api.w.org\/{rel}","templated":true}]}}