{"id":46524,"date":"2017-03-29T13:53:18","date_gmt":"2017-03-29T16:53:18","guid":{"rendered":"https:\/\/www.jornalja.com.br\/?p=46524"},"modified":"2017-03-29T13:53:18","modified_gmt":"2017-03-29T16:53:18","slug":"margem-de-lucro-da-industria-quase-dobrou-em-2016","status":"publish","type":"post","link":"https:\/\/www.jornalja.com.br\/arquivo\/margem-de-lucro-da-industria-quase-dobrou-em-2016\/","title":{"rendered":"Margem de lucro da ind\u00fastria quase dobrou em 2016"},"content":{"rendered":"<p style=\"background: #FEFEFE;margin: 0cm 0cm 6.9pt 0cm\"><span style=\"font-size: 14.0pt;font-family: 'Helvetica','sans-serif';color: #0a0a0a\">O boletim do IEDI desta ter\u00e7a-feira mostra uma \u201crecomposi\u00e7\u00e3o das margens de lucro das empresas n\u00e3o financeiras\u201d. <\/span><\/p>\n<p style=\"background: #FEFEFE;margin: 0cm 0cm 6.9pt 0cm\"><span style=\"font-size: 14.0pt;font-family: 'Helvetica','sans-serif';color: #0a0a0a\">A ind\u00fastria teve o ganho mais expressivo: a margem, de 3,7% em 2015, subiu para 6,6% em 2016.<\/span><\/p>\n<p style=\"background: #FEFEFE;margin: 0cm 0cm 6.9pt 0cm\"><span style=\"font-size: 14.0pt;font-family: 'Helvetica','sans-serif';color: #0a0a0a\">Os dados vem de um levantamento preliminar na contabilidade de 107 empresas n\u00e3o financeiras.<\/span><\/p>\n<p style=\"background: #FEFEFE;margin: 0cm 0cm 6.9pt 0cm\"><span style=\"font-size: 14.0pt;font-family: 'Helvetica','sans-serif';color: #0a0a0a\">A partir de maio, com a publica\u00e7\u00e3o de um n\u00famero maior de balan\u00e7os, uma vers\u00e3o completa do trabalho ser\u00e1 realizada levando em conta uma amostra com mais empresas, segundo o boletim. <\/span><\/p>\n<p style=\"background: #FEFEFE;margin: 0cm 0cm 6.9pt 0cm\"><span style=\"font-size: 14.0pt;font-family: 'Helvetica','sans-serif';color: #0a0a0a\">Outras tend\u00eancias foram constatadas no levantamento j\u00e1 feito:<\/span><\/p>\n<p style=\"background: #FEFEFE;margin: 0cm 0cm 6.9pt 0cm\"><span style=\"font-size: 14.0pt;font-family: 'Helvetica','sans-serif';color: #0a0a0a\">\u00a0 \u00a0 \u00a0\u2022 \u00a0Depois de grande eleva\u00e7\u00e3o das despesas financeiras l\u00edquidas em 2015, o conjunto das 107 empresas analisadas (exclu\u00edda a Vale) conseguiu reduzir bastante o peso dessas despesas, que passaram de 49,8% para 29,6% das receitas operacionais. Esse movimento foi mais intenso para as empresas industriais (exceto Vale): de 70% para 26,2%, no mesmo per\u00edodo.<\/span><\/p>\n<p style=\"background: #FEFEFE;margin: 0cm 0cm 6.9pt 0cm\"><span style=\"font-size: 14.0pt;font-family: 'Helvetica','sans-serif';color: #0a0a0a\">\u00a0 \u00a0 \u00a0\u2022 \u00a0O ano de 2016 foi marcado por estrat\u00e9gias de redu\u00e7\u00e3o do endividamento. Os indicadores mostram o in\u00edcio do processo, ainda em aberto. Para o total da mostra as rela\u00e7\u00f5es do capital de terceiros e do endividamento l\u00edquido com o capital pr\u00f3prio recuaram um pouco: de 1,8% para 1,7%, no primeiro caso, e de 65,9% para 62,7% no segundo caso. O movimento foi mais expressivo no setor de servi\u00e7os e menos intenso na ind\u00fastria.<\/span><\/p>\n<p style=\"background: #FEFEFE;margin: 0cm 0cm 6.9pt 0cm\"><span style=\"font-size: 14.0pt;font-family: 'Helvetica','sans-serif';color: #0a0a0a\">\u00a0 \u00a0 \u00a0\u2022 \u00a0Isto \u00e9, as empresas concentraram esfor\u00e7os em 2016 na busca de seu reequil\u00edbrio econ\u00f4mico-financeiro, tendo obtido relativo sucesso. As margens l\u00edquidas de lucro voltaram a crescer para o total da amostra de empresas. No caso da ind\u00fastria (exceto a Vale), o indicador lucro l\u00edquido em rela\u00e7\u00e3o \u00e0 receita operacional, ou seja, ap\u00f3s as despesas com encargos das d\u00edvidas e as varia\u00e7\u00f5es monet\u00e1rias e cambiais, subiu de 3,7% em 2015 para 6,6% em 2016.<\/span><\/p>\n<p style=\"background: #FEFEFE;margin: 0cm 0cm 6.9pt 0cm\"><span style=\"font-size: 14.0pt;font-family: 'Helvetica','sans-serif';color: #0a0a0a\">\u00a0 \u00a0 \u00a0\u2022 \u00a0Apesar desta alta na margem de lucro, o quadro recessivo dificultou o repasse da alta nos custos de produ\u00e7\u00e3o, sobretudo na ind\u00fastria. A margem de lucro operacional das empresas industriais (exceto a Vale) retrocedeu de 10,8% em 2015 para 10,3% em 2016.<\/span><\/p>\n<p style=\"background: #FEFEFE;margin: 0cm 0cm 6.9pt 0cm\"><span style=\"font-size: 14.0pt;font-family: 'Helvetica','sans-serif';color: #0a0a0a\">(<a title=\"Carta IEDI n. 754 - Lucratividade das empresas em 2016: recupera\u00e7\u00e3o parcial\" href=\"http:\/\/u3088200.ct.sendgrid.net\/wf\/click?upn=ENjwcY7akzIKBuqoffFbVA4yxQcdqW4l4mqGNWBPUBHARHWTND-2BdFMopuzaLErZAbhzDpfeGfS5rhnZY7Cy5PnBg5fTfmi0RIu8DNVdloyw-3D_iTa-2BaSytiiOUDVdsaIA6A2SmtMNaEmRh-2B7iWZ5O5kQgOm4cAi677eOYEkidfpWe3kFiSw5wTaBI6Ec5G-2B-2F4xxPyHHRi8-2FU57GMFfMSAd09L-2FQXE45ig93SWE0T8GawDWTwcZ3BoeTrfqPl7T-2Fd8Xu0sc-2B6-2FwtyagtFCihhHVHtH2n2mLrFwTyaytKxU7MTUx0-2Ba-2B4TKUC2-2BvhizNPtW2vf1KIqdktwLfdoyHvaqh9cNoNp-2BQg4iZrdogTT2nsAFAqvm91JY-2Ft7GfC9DHimsmKg-3D-3D\" target=\"_blank\" rel=\"noopener noreferrer\"><span style=\"color: #0088a0;text-decoration: none\">Carta IEDI n. 754<\/span><\/a>.Da assessoria de imprensa)<\/span><\/p>\n","protected":false},"excerpt":{"rendered":"<p>O boletim do IEDI desta ter\u00e7a-feira mostra uma \u201crecomposi\u00e7\u00e3o das margens de lucro das empresas n\u00e3o financeiras\u201d. A ind\u00fastria teve o ganho mais expressivo: a margem, de 3,7% em 2015, subiu para 6,6% em 2016. Os dados vem de um levantamento preliminar na contabilidade de 107 empresas n\u00e3o financeiras. A partir de maio, com a [&hellip;]<\/p>\n","protected":false},"author":4,"featured_media":0,"comment_status":"open","ping_status":"closed","sticky":false,"template":"","format":"standard","meta":{"_jetpack_newsletter_access":"","_jetpack_dont_email_post_to_subs":false,"_jetpack_newsletter_tier_id":0,"_jetpack_memberships_contains_paywalled_content":false,"_jetpack_feature_clip_id":0,"_jetpack_memberships_contains_paid_content":false,"footnotes":"","jetpack_post_was_ever_published":false},"categories":[2022],"tags":[],"class_list":["post-46524","post","type-post","status-publish","format-standard","hentry","category-notas"],"aioseo_notices":[],"aioseo_head":"\n\t\t<!-- All in One SEO 5.0.1.1 - aioseo.com -->\n\t<meta name=\"robots\" content=\"max-image-preview:large\" \/>\n\t<meta name=\"author\" content=\"da Reda\u00e7\u00e3o\"\/>\n\t<link rel=\"canonical\" href=\"https:\/\/www.jornalja.com.br\/arquivo\/margem-de-lucro-da-industria-quase-dobrou-em-2016\/\" \/>\n\t<meta name=\"generator\" content=\"All in One SEO (AIOSEO) 5.0.1.1\" \/>\n\t\t<meta property=\"og:locale\" content=\"pt_BR\" \/>\n\t\t<meta property=\"og:site_name\" content=\"Arquivo | Jornal J\u00c1 | Porto Alegre\" \/>\n\t\t<meta property=\"og:type\" content=\"article\" \/>\n\t\t<meta property=\"og:title\" content=\"Margem de lucro da ind\u00fastria quase dobrou em 2016 | Arquivo\" \/>\n\t\t<meta property=\"og:url\" content=\"https:\/\/www.jornalja.com.br\/arquivo\/margem-de-lucro-da-industria-quase-dobrou-em-2016\/\" \/>\n\t\t<meta property=\"og:image\" content=\"https:\/\/www.jornalja.com.br\/economics\/wp-content\/uploads\/sites\/11\/2026\/08\/ja-folhaderosto-facebook.jpg\" \/>\n\t\t<meta property=\"og:image:secure_url\" content=\"https:\/\/www.jornalja.com.br\/economics\/wp-content\/uploads\/sites\/11\/2026\/08\/ja-folhaderosto-facebook.jpg\" \/>\n\t\t<meta property=\"article:published_time\" content=\"2017-03-29T16:53:18+00:00\" \/>\n\t\t<meta property=\"article:modified_time\" content=\"2017-03-29T16:53:18+00:00\" \/>\n\t\t<meta name=\"twitter:card\" content=\"summary\" \/>\n\t\t<meta name=\"twitter:title\" content=\"Margem de lucro da ind\u00fastria quase dobrou em 2016 | Arquivo\" \/>\n\t\t<meta name=\"twitter:image\" content=\"https:\/\/www.jornalja.com.br\/economics\/wp-content\/uploads\/sites\/11\/2026\/08\/ja-folhaderosto-facebook.jpg\" \/>\n\t\t<script type=\"application\/ld+json\" class=\"aioseo-schema\">\n\t\t\t{\"@context\":\"https:\\\/\\\/schema.org\",\"@graph\":[{\"@type\":\"BlogPosting\",\"@id\":\"https:\\\/\\\/www.jornalja.com.br\\\/arquivo\\\/margem-de-lucro-da-industria-quase-dobrou-em-2016\\\/#blogposting\",\"name\":\"Margem de lucro da ind\\u00fastria quase dobrou em 2016 | Arquivo\",\"headline\":\"Margem de lucro da ind\\u00fastria quase dobrou em 2016\",\"author\":{\"@id\":\"https:\\\/\\\/www.jornalja.com.br\\\/arquivo\\\/author\\\/daredacao\\\/#author\"},\"publisher\":{\"@id\":\"https:\\\/\\\/www.jornalja.com.br\\\/arquivo\\\/#organization\"},\"image\":{\"@type\":\"ImageObject\",\"url\":\"https:\\\/\\\/www.jornalja.com.br\\\/wp-content\\\/uploads\\\/cards\\\/JAslogan.png\",\"@id\":\"https:\\\/\\\/www.jornalja.com.br\\\/arquivo\\\/#articleImage\"},\"datePublished\":\"2017-03-29T13:53:18-03:00\",\"dateModified\":\"2017-03-29T13:53:18-03:00\",\"inLanguage\":\"pt-BR\",\"mainEntityOfPage\":{\"@id\":\"https:\\\/\\\/www.jornalja.com.br\\\/arquivo\\\/margem-de-lucro-da-industria-quase-dobrou-em-2016\\\/#webpage\"},\"isPartOf\":{\"@id\":\"https:\\\/\\\/www.jornalja.com.br\\\/arquivo\\\/margem-de-lucro-da-industria-quase-dobrou-em-2016\\\/#webpage\"},\"articleSection\":\"NOTAS\"},{\"@type\":\"BreadcrumbList\",\"@id\":\"https:\\\/\\\/www.jornalja.com.br\\\/arquivo\\\/margem-de-lucro-da-industria-quase-dobrou-em-2016\\\/#breadcrumblist\",\"itemListElement\":[{\"@type\":\"ListItem\",\"@id\":\"https:\\\/\\\/www.jornalja.com.br\\\/arquivo#listItem\",\"position\":1,\"name\":\"Home\",\"item\":\"https:\\\/\\\/www.jornalja.com.br\\\/arquivo\",\"nextItem\":{\"@type\":\"ListItem\",\"@id\":\"https:\\\/\\\/www.jornalja.com.br\\\/arquivo\\\/category\\\/notas\\\/#listItem\",\"name\":\"NOTAS\"}},{\"@type\":\"ListItem\",\"@id\":\"https:\\\/\\\/www.jornalja.com.br\\\/arquivo\\\/category\\\/notas\\\/#listItem\",\"position\":2,\"name\":\"NOTAS\",\"item\":\"https:\\\/\\\/www.jornalja.com.br\\\/arquivo\\\/category\\\/notas\\\/\",\"nextItem\":{\"@type\":\"ListItem\",\"@id\":\"https:\\\/\\\/www.jornalja.com.br\\\/arquivo\\\/margem-de-lucro-da-industria-quase-dobrou-em-2016\\\/#listItem\",\"name\":\"Margem de lucro da ind\\u00fastria quase dobrou em 2016\"},\"previousItem\":{\"@type\":\"ListItem\",\"@id\":\"https:\\\/\\\/www.jornalja.com.br\\\/arquivo#listItem\",\"name\":\"Home\"}},{\"@type\":\"ListItem\",\"@id\":\"https:\\\/\\\/www.jornalja.com.br\\\/arquivo\\\/margem-de-lucro-da-industria-quase-dobrou-em-2016\\\/#listItem\",\"position\":3,\"name\":\"Margem de lucro da ind\\u00fastria quase dobrou em 2016\",\"previousItem\":{\"@type\":\"ListItem\",\"@id\":\"https:\\\/\\\/www.jornalja.com.br\\\/arquivo\\\/category\\\/notas\\\/#listItem\",\"name\":\"NOTAS\"}}]},{\"@type\":\"Organization\",\"@id\":\"https:\\\/\\\/www.jornalja.com.br\\\/arquivo\\\/#organization\",\"name\":\"Jornal J\\u00c1\",\"description\":\"Jornal J\\u00c1 | Porto Alegre\",\"url\":\"https:\\\/\\\/www.jornalja.com.br\\\/arquivo\\\/\",\"telephone\":\"+555133307272\",\"logo\":{\"@type\":\"ImageObject\",\"url\":\"https:\\\/\\\/www.jornalja.com.br\\\/wp-content\\\/uploads\\\/cards\\\/JAslogan.png\",\"@id\":\"https:\\\/\\\/www.jornalja.com.br\\\/arquivo\\\/margem-de-lucro-da-industria-quase-dobrou-em-2016\\\/#organizationLogo\"},\"image\":{\"@id\":\"https:\\\/\\\/www.jornalja.com.br\\\/arquivo\\\/margem-de-lucro-da-industria-quase-dobrou-em-2016\\\/#organizationLogo\"}},{\"@type\":\"Person\",\"@id\":\"https:\\\/\\\/www.jornalja.com.br\\\/arquivo\\\/author\\\/daredacao\\\/#author\",\"url\":\"https:\\\/\\\/www.jornalja.com.br\\\/arquivo\\\/author\\\/daredacao\\\/\",\"name\":\"da Reda\\u00e7\\u00e3o\",\"image\":{\"@type\":\"ImageObject\",\"@id\":\"https:\\\/\\\/www.jornalja.com.br\\\/arquivo\\\/margem-de-lucro-da-industria-quase-dobrou-em-2016\\\/#authorImage\",\"url\":\"https:\\\/\\\/secure.gravatar.com\\\/avatar\\\/469fd857d6605ad19919d27ed29d35a968a25f6e8fd9318356bbb7f57aae9c65?s=96&d=mm&r=g\",\"width\":96,\"height\":96,\"caption\":\"da Reda\\u00e7\\u00e3o\"}},{\"@type\":\"WebPage\",\"@id\":\"https:\\\/\\\/www.jornalja.com.br\\\/arquivo\\\/margem-de-lucro-da-industria-quase-dobrou-em-2016\\\/#webpage\",\"url\":\"https:\\\/\\\/www.jornalja.com.br\\\/arquivo\\\/margem-de-lucro-da-industria-quase-dobrou-em-2016\\\/\",\"name\":\"Margem de lucro da ind\\u00fastria quase dobrou em 2016 | Arquivo\",\"inLanguage\":\"pt-BR\",\"isPartOf\":{\"@id\":\"https:\\\/\\\/www.jornalja.com.br\\\/arquivo\\\/#website\"},\"breadcrumb\":{\"@id\":\"https:\\\/\\\/www.jornalja.com.br\\\/arquivo\\\/margem-de-lucro-da-industria-quase-dobrou-em-2016\\\/#breadcrumblist\"},\"author\":{\"@id\":\"https:\\\/\\\/www.jornalja.com.br\\\/arquivo\\\/author\\\/daredacao\\\/#author\"},\"creator\":{\"@id\":\"https:\\\/\\\/www.jornalja.com.br\\\/arquivo\\\/author\\\/daredacao\\\/#author\"},\"datePublished\":\"2017-03-29T13:53:18-03:00\",\"dateModified\":\"2017-03-29T13:53:18-03:00\"},{\"@type\":\"WebSite\",\"@id\":\"https:\\\/\\\/www.jornalja.com.br\\\/arquivo\\\/#website\",\"url\":\"https:\\\/\\\/www.jornalja.com.br\\\/arquivo\\\/\",\"name\":\"Arquivo\",\"description\":\"Jornal J\\u00c1 | Porto Alegre\",\"inLanguage\":\"pt-BR\",\"publisher\":{\"@id\":\"https:\\\/\\\/www.jornalja.com.br\\\/arquivo\\\/#organization\"}}]}\n\t\t<\/script>\n\t\t<!-- All in One SEO -->\n\n","aioseo_head_json":{"title":"Margem de lucro da ind\u00fastria quase dobrou em 2016 | Arquivo","description":"","canonical_url":"https:\/\/www.jornalja.com.br\/arquivo\/margem-de-lucro-da-industria-quase-dobrou-em-2016\/","robots":"max-image-preview:large","keywords":"","webmasterTools":{"miscellaneous":""},"schema":{"@context":"https:\/\/schema.org","@graph":[{"@type":"BlogPosting","@id":"https:\/\/www.jornalja.com.br\/arquivo\/margem-de-lucro-da-industria-quase-dobrou-em-2016\/#blogposting","name":"Margem de lucro da ind\u00fastria quase dobrou em 2016 | Arquivo","headline":"Margem de lucro da ind\u00fastria quase dobrou em 2016","author":{"@id":"https:\/\/www.jornalja.com.br\/arquivo\/author\/daredacao\/#author"},"publisher":{"@id":"https:\/\/www.jornalja.com.br\/arquivo\/#organization"},"image":{"@type":"ImageObject","url":"https:\/\/www.jornalja.com.br\/wp-content\/uploads\/cards\/JAslogan.png","@id":"https:\/\/www.jornalja.com.br\/arquivo\/#articleImage"},"datePublished":"2017-03-29T13:53:18-03:00","dateModified":"2017-03-29T13:53:18-03:00","inLanguage":"pt-BR","mainEntityOfPage":{"@id":"https:\/\/www.jornalja.com.br\/arquivo\/margem-de-lucro-da-industria-quase-dobrou-em-2016\/#webpage"},"isPartOf":{"@id":"https:\/\/www.jornalja.com.br\/arquivo\/margem-de-lucro-da-industria-quase-dobrou-em-2016\/#webpage"},"articleSection":"NOTAS"},{"@type":"BreadcrumbList","@id":"https:\/\/www.jornalja.com.br\/arquivo\/margem-de-lucro-da-industria-quase-dobrou-em-2016\/#breadcrumblist","itemListElement":[{"@type":"ListItem","@id":"https:\/\/www.jornalja.com.br\/arquivo#listItem","position":1,"name":"Home","item":"https:\/\/www.jornalja.com.br\/arquivo","nextItem":{"@type":"ListItem","@id":"https:\/\/www.jornalja.com.br\/arquivo\/category\/notas\/#listItem","name":"NOTAS"}},{"@type":"ListItem","@id":"https:\/\/www.jornalja.com.br\/arquivo\/category\/notas\/#listItem","position":2,"name":"NOTAS","item":"https:\/\/www.jornalja.com.br\/arquivo\/category\/notas\/","nextItem":{"@type":"ListItem","@id":"https:\/\/www.jornalja.com.br\/arquivo\/margem-de-lucro-da-industria-quase-dobrou-em-2016\/#listItem","name":"Margem de lucro da ind\u00fastria quase dobrou em 2016"},"previousItem":{"@type":"ListItem","@id":"https:\/\/www.jornalja.com.br\/arquivo#listItem","name":"Home"}},{"@type":"ListItem","@id":"https:\/\/www.jornalja.com.br\/arquivo\/margem-de-lucro-da-industria-quase-dobrou-em-2016\/#listItem","position":3,"name":"Margem de lucro da ind\u00fastria quase dobrou em 2016","previousItem":{"@type":"ListItem","@id":"https:\/\/www.jornalja.com.br\/arquivo\/category\/notas\/#listItem","name":"NOTAS"}}]},{"@type":"Organization","@id":"https:\/\/www.jornalja.com.br\/arquivo\/#organization","name":"Jornal J\u00c1","description":"Jornal J\u00c1 | Porto Alegre","url":"https:\/\/www.jornalja.com.br\/arquivo\/","telephone":"+555133307272","logo":{"@type":"ImageObject","url":"https:\/\/www.jornalja.com.br\/wp-content\/uploads\/cards\/JAslogan.png","@id":"https:\/\/www.jornalja.com.br\/arquivo\/margem-de-lucro-da-industria-quase-dobrou-em-2016\/#organizationLogo"},"image":{"@id":"https:\/\/www.jornalja.com.br\/arquivo\/margem-de-lucro-da-industria-quase-dobrou-em-2016\/#organizationLogo"}},{"@type":"Person","@id":"https:\/\/www.jornalja.com.br\/arquivo\/author\/daredacao\/#author","url":"https:\/\/www.jornalja.com.br\/arquivo\/author\/daredacao\/","name":"da Reda\u00e7\u00e3o","image":{"@type":"ImageObject","@id":"https:\/\/www.jornalja.com.br\/arquivo\/margem-de-lucro-da-industria-quase-dobrou-em-2016\/#authorImage","url":"https:\/\/secure.gravatar.com\/avatar\/469fd857d6605ad19919d27ed29d35a968a25f6e8fd9318356bbb7f57aae9c65?s=96&d=mm&r=g","width":96,"height":96,"caption":"da Reda\u00e7\u00e3o"}},{"@type":"WebPage","@id":"https:\/\/www.jornalja.com.br\/arquivo\/margem-de-lucro-da-industria-quase-dobrou-em-2016\/#webpage","url":"https:\/\/www.jornalja.com.br\/arquivo\/margem-de-lucro-da-industria-quase-dobrou-em-2016\/","name":"Margem de lucro da ind\u00fastria quase dobrou em 2016 | Arquivo","inLanguage":"pt-BR","isPartOf":{"@id":"https:\/\/www.jornalja.com.br\/arquivo\/#website"},"breadcrumb":{"@id":"https:\/\/www.jornalja.com.br\/arquivo\/margem-de-lucro-da-industria-quase-dobrou-em-2016\/#breadcrumblist"},"author":{"@id":"https:\/\/www.jornalja.com.br\/arquivo\/author\/daredacao\/#author"},"creator":{"@id":"https:\/\/www.jornalja.com.br\/arquivo\/author\/daredacao\/#author"},"datePublished":"2017-03-29T13:53:18-03:00","dateModified":"2017-03-29T13:53:18-03:00"},{"@type":"WebSite","@id":"https:\/\/www.jornalja.com.br\/arquivo\/#website","url":"https:\/\/www.jornalja.com.br\/arquivo\/","name":"Arquivo","description":"Jornal J\u00c1 | Porto Alegre","inLanguage":"pt-BR","publisher":{"@id":"https:\/\/www.jornalja.com.br\/arquivo\/#organization"}}]},"og:locale":"pt_BR","og:site_name":"Arquivo | Jornal J\u00c1 | Porto Alegre","og:type":"article","og:title":"Margem de lucro da ind\u00fastria quase dobrou em 2016 | Arquivo","og:url":"https:\/\/www.jornalja.com.br\/arquivo\/margem-de-lucro-da-industria-quase-dobrou-em-2016\/","og:image":"https:\/\/www.jornalja.com.br\/economics\/wp-content\/uploads\/sites\/11\/2026\/08\/ja-folhaderosto-facebook.jpg","og:image:secure_url":"https:\/\/www.jornalja.com.br\/economics\/wp-content\/uploads\/sites\/11\/2026\/08\/ja-folhaderosto-facebook.jpg","article:published_time":"2017-03-29T16:53:18+00:00","article:modified_time":"2017-03-29T16:53:18+00:00","twitter:card":"summary","twitter:title":"Margem de lucro da ind\u00fastria quase dobrou em 2016 | Arquivo","twitter:image":"https:\/\/www.jornalja.com.br\/economics\/wp-content\/uploads\/sites\/11\/2026\/08\/ja-folhaderosto-facebook.jpg"},"aioseo_meta_data":{"post_id":"46524","title":null,"description":null,"keywords":null,"keyphrases":null,"primary_term":null,"canonical_url":null,"og_title":null,"og_description":null,"og_object_type":"default","og_image_type":"default","og_image_url":null,"og_image_width":null,"og_image_height":null,"og_image_custom_url":null,"og_image_custom_fields":null,"og_video":null,"og_custom_url":null,"og_article_section":null,"og_article_tags":null,"twitter_use_og":false,"twitter_card":"default","twitter_image_type":"default","twitter_image_url":null,"twitter_image_custom_url":null,"twitter_image_custom_fields":null,"twitter_title":null,"twitter_description":null,"schema":{"blockGraphs":[],"customGraphs":[],"default":{"data":{"Article":[],"Course":[],"Dataset":[],"FAQPage":[],"Movie":[],"Person":[],"Product":[],"ProductReview":[],"Car":[],"Recipe":[],"Service":[],"SoftwareApplication":[],"WebPage":[]},"graphName":"","isEnabled":true},"graphs":[],"defaultGraph":"","defaultPostTypeGraph":""},"schema_type":null,"schema_type_options":null,"pillar_content":false,"robots_default":true,"robots_noindex":false,"robots_noarchive":false,"robots_nosnippet":false,"robots_nofollow":false,"robots_noimageindex":false,"robots_noodp":false,"robots_notranslate":false,"robots_max_snippet":null,"robots_max_videopreview":null,"robots_max_imagepreview":"large","priority":null,"frequency":null,"location":null,"local_seo":null,"breadcrumb_settings":null,"limit_modified_date":false,"ai":null,"created":"2020-12-20 20:38:10","updated":"2025-07-19 20:40:15","seo_analyzer_scan_date":null,"focus_keyword":null,"additional_keywords":null,"truseo_locale":null},"jetpack_sharing_enabled":true,"jetpack-related-posts":[{"id":12960,"url":"https:\/\/www.jornalja.com.br\/arquivo\/populacao-culpa-empresas-pela-greve-dos-rodoviarios\/","url_meta":{"origin":46524,"position":0},"title":"Popula\u00e7\u00e3o culpa empresas pela greve","author":"Patr\u00edcia Marini","date":"14 de fevereiro de 2014","format":false,"excerpt":"Pesquisa divulgada na edi\u00e7\u00e3o do jornal Metro desta sexta-feira,14, comprova o velho ditado: \u00e9 poss\u00edvel enganar muitos por algum tempo, mas n\u00e3o \u00e9 poss\u00edvel enganar a todos o tempo inteiro. A principal revela\u00e7\u00e3o foi que 59,8% dos entrevistados apontaram as empresas como as principais respons\u00e1veis pela grave e 46% culparam\u2026","rel":"","context":"Em &quot;X.Categorias velhas&quot;","block_context":{"text":"X.Categorias velhas","link":"https:\/\/www.jornalja.com.br\/arquivo\/category\/x-categorias-velhas\/"},"img":{"alt_text":"","src":"","width":0,"height":0},"classes":[]},{"id":13124,"url":"https:\/\/www.jornalja.com.br\/arquivo\/sangue-latino-no-iecine\/","url_meta":{"origin":46524,"position":1},"title":"Sangue latino no IECINE","author":"da Reda\u00e7\u00e3o","date":"18 de maio de 2014","format":false,"excerpt":"Francisco Ribeiro O Instituto Estadual de Cinema (IECINE) tem a frente, desde abril \u00faltimo, um novo diretor, o cineasta colombiano Juan Zapata, 36, que substitui Luiz Alberto Cassol. Radicado h\u00e1 dez anos em Porto Alegre, Zapata tem diante de si o desafio de conduzir at\u00e9 o final do ano um\u2026","rel":"","context":"Em &quot;Cultura-Geral&quot;","block_context":{"text":"Cultura-Geral","link":"https:\/\/www.jornalja.com.br\/arquivo\/category\/materiasecundaria\/"},"img":{"alt_text":"","src":"","width":0,"height":0},"classes":[]},{"id":13240,"url":"https:\/\/www.jornalja.com.br\/arquivo\/plano-diretor-estamos-construindo-o-caos\/","url_meta":{"origin":46524,"position":2},"title":"Plano diretor: &quot;Estamos construindo o caos&quot;","author":"Patr\u00edcia Marini","date":"26 de maio de 2014","format":false,"excerpt":"Desabafo que arquiteta Eliana Castilhos, delegada da Regi\u00e3o de Planejamento 1, postou nas redes sociais \u00e9 um testemunho do ambiente que se criou no Conselho do Plano Diretor de Porto Alegre, onde a aprova\u00e7\u00e3o de grandes empreendimentos \u00e9 empurrada guela abaixo dos conselheiros. Ao CMDUA Como delegada da Regi\u00e3o de\u2026","rel":"","context":"Em &quot;Geral&quot;","block_context":{"text":"Geral","link":"https:\/\/www.jornalja.com.br\/arquivo\/category\/geral\/"},"img":{"alt_text":"","src":"","width":0,"height":0},"classes":[]},{"id":5440,"url":"https:\/\/www.jornalja.com.br\/arquivo\/casarao-da-venancio-destino-permanece-incerto\/","url_meta":{"origin":46524,"position":3},"title":"Estado ainda n\u00e3o sabe o que fazer com casar\u00e3o abandonado h\u00e1 20 anos","author":"Elmar Bones","date":"6 de julho de 2009","format":false,"excerpt":"O casar\u00e3o amarelo, numa esquina nobre de Porto Alegre (Ven\u00e2ncio Aires com Jo\u00e3o Pessoa), j\u00e1 abrigou uma escola. H\u00e1 duas d\u00e9cadas, pelo menos, est\u00e1 abandonado, porque seu propriet\u00e1rio, o governo do Estado do Rio Grande do Sul, n\u00e3o consegue achar um destino para ele. Planos n\u00e3o faltaram. O governador Ol\u00edvio\u2026","rel":"","context":"Em &quot;X.Categorias velhas&quot;","block_context":{"text":"X.Categorias velhas","link":"https:\/\/www.jornalja.com.br\/arquivo\/category\/x-categorias-velhas\/"},"img":{"alt_text":"geraldo1","src":"https:\/\/i0.wp.com\/www.jornalja.com.br\/wp-content\/uploads\/2009\/07\/geraldo1.jpg?resize=350%2C200&ssl=1","width":350,"height":200},"classes":[]},{"id":13239,"url":"https:\/\/www.jornalja.com.br\/arquivo\/conselho-desdenha-do-plano-diretor\/","url_meta":{"origin":46524,"position":4},"title":"Porto Alegre: Conselho detona Plano Diretor","author":"Patr\u00edcia Marini","date":"25 de maio de 2014","format":false,"excerpt":"Den\u00fancia do arquiteto e \u00a0urbanista Ibir\u00e1 Santos Lucas. Ele diz que os conselheiros est\u00e3o votando com \"enorme irresponsabilidade\". \"Mudam regime com a maior naturalidade,,,regularizam absurdos de constru\u00e7\u00f5es irregulares... \"O CMDUA est\u00e1 flexibilizando a lei do plano diretor, de uma forma impactante na vida da cidade. Mudam regime com a maior\u2026","rel":"","context":"Em &quot;Geral&quot;","block_context":{"text":"Geral","link":"https:\/\/www.jornalja.com.br\/arquivo\/category\/geral\/"},"img":{"alt_text":"","src":"","width":0,"height":0},"classes":[]},{"id":14241,"url":"https:\/\/www.jornalja.com.br\/arquivo\/o-guaiba-nas-imagens-poeticas-de-achutti\/","url_meta":{"origin":46524,"position":5},"title":"O Gua\u00edba nas imagens po\u00e9ticas de Achutti","author":"da Reda\u00e7\u00e3o","date":"18 de junho de 2014","format":false,"excerpt":"Em \u201cO Gua\u00edba por Achutti\u201d \u2013 obra financiada via Minist\u00e9rio da Cultura, produ\u00e7\u00e3o executiva de Pedro Longhi, e Fl\u00e1vio Wild como designer \u2013, o fot\u00f3grafo revela a beleza e as mazelas de um espa\u00e7o aqu\u00e1tico de \u00e1guas sempre renovadas, cheio de hist\u00f3rias e lendas como as das cidades que foram\u2026","rel":"","context":"Em &quot;Cultura-Geral&quot;","block_context":{"text":"Cultura-Geral","link":"https:\/\/www.jornalja.com.br\/arquivo\/category\/materiasecundaria\/"},"img":{"alt_text":"","src":"","width":0,"height":0},"classes":[]}],"jetpack_shortlink":"https:\/\/wp.me\/pbQjBd-c6o","jetpack_featured_media_url":"","_links":{"self":[{"href":"https:\/\/www.jornalja.com.br\/arquivo\/wp-json\/wp\/v2\/posts\/46524","targetHints":{"allow":["GET"]}}],"collection":[{"href":"https:\/\/www.jornalja.com.br\/arquivo\/wp-json\/wp\/v2\/posts"}],"about":[{"href":"https:\/\/www.jornalja.com.br\/arquivo\/wp-json\/wp\/v2\/types\/post"}],"author":[{"embeddable":true,"href":"https:\/\/www.jornalja.com.br\/arquivo\/wp-json\/wp\/v2\/users\/4"}],"replies":[{"embeddable":true,"href":"https:\/\/www.jornalja.com.br\/arquivo\/wp-json\/wp\/v2\/comments?post=46524"}],"version-history":[{"count":0,"href":"https:\/\/www.jornalja.com.br\/arquivo\/wp-json\/wp\/v2\/posts\/46524\/revisions"}],"wp:attachment":[{"href":"https:\/\/www.jornalja.com.br\/arquivo\/wp-json\/wp\/v2\/media?parent=46524"}],"wp:term":[{"taxonomy":"category","embeddable":true,"href":"https:\/\/www.jornalja.com.br\/arquivo\/wp-json\/wp\/v2\/categories?post=46524"},{"taxonomy":"post_tag","embeddable":true,"href":"https:\/\/www.jornalja.com.br\/arquivo\/wp-json\/wp\/v2\/tags?post=46524"}],"curies":[{"name":"wp","href":"https:\/\/api.w.org\/{rel}","templated":true}]}}