{"id":46543,"date":"2017-03-29T18:13:00","date_gmt":"2017-03-29T21:13:00","guid":{"rendered":"https:\/\/www.jornalja.com.br\/?p=46543"},"modified":"2017-03-29T18:13:00","modified_gmt":"2017-03-29T21:13:00","slug":"marchezan-sanciona-e-valor-da-passagem-sera-de-r-405-a-partir-desta-sexta-feira","status":"publish","type":"post","link":"https:\/\/www.jornalja.com.br\/arquivo\/marchezan-sanciona-e-valor-da-passagem-sera-de-r-405-a-partir-desta-sexta-feira\/","title":{"rendered":"Marchezan sanciona em R$ 4,05 o valor da passagem a partir desta sexta-feira"},"content":{"rendered":"<p class=\"lead\">Foi sancionado, nesta quarta-feira, 29, pelo Prefeito Nelson Marchezan J\u00fanior, o novo valor da tarifa dos \u00f4nibus urbanos emem Porto Alegre: R$4,05.<\/p>\n<p class=\"lead\">O reajuste \u00e9 de 8%, mais uma vez acima da infla\u00e7\u00e3o do ano passado.<\/p>\n<p class=\"lead\">O valor foi calculado pela EPTC e enviado Conselho Municipal de Transporte Urbano (Comtu) na semana passada e aprovado ontem. O novo valor passa a valer a partir da zero hora de sexta-feira, 31 de mar\u00e7o.<\/p>\n<p class=\"lead\">O valor da lota\u00e7\u00e3o tamb\u00e9m aumenta para R$ 6,00.<\/p>\n<p class=\"lead\">Passageiros que ainda possuem cr\u00e9ditos, ou abastecerem o cart\u00e3o TRI antes da nova passagem, ter\u00e3o 30 dias para utilizar o valor de R$ 3,75.<\/p>\n","protected":false},"excerpt":{"rendered":"<p>Foi sancionado, nesta quarta-feira, 29, pelo Prefeito Nelson Marchezan J\u00fanior, o novo valor da tarifa dos \u00f4nibus urbanos emem Porto Alegre: R$4,05. O reajuste \u00e9 de 8%, mais uma vez acima da infla\u00e7\u00e3o do ano passado. O valor foi calculado pela EPTC e enviado Conselho Municipal de Transporte Urbano (Comtu) na semana passada e aprovado [&hellip;]<\/p>\n","protected":false},"author":4,"featured_media":46544,"comment_status":"open","ping_status":"closed","sticky":false,"template":"","format":"standard","meta":{"_jetpack_memberships_contains_paid_content":false,"footnotes":""},"categories":[26],"tags":[],"class_list":["post-46543","post","type-post","status-publish","format-standard","has-post-thumbnail","hentry","category-geral"],"aioseo_notices":[],"jetpack_featured_media_url":"","jetpack_sharing_enabled":true,"jetpack-related-posts":[],"jetpack_shortlink":"https:\/\/wp.me\/pbQjBd-c6H","_links":{"self":[{"href":"https:\/\/www.jornalja.com.br\/arquivo\/wp-json\/wp\/v2\/posts\/46543","targetHints":{"allow":["GET"]}}],"collection":[{"href":"https:\/\/www.jornalja.com.br\/arquivo\/wp-json\/wp\/v2\/posts"}],"about":[{"href":"https:\/\/www.jornalja.com.br\/arquivo\/wp-json\/wp\/v2\/types\/post"}],"author":[{"embeddable":true,"href":"https:\/\/www.jornalja.com.br\/arquivo\/wp-json\/wp\/v2\/users\/4"}],"replies":[{"embeddable":true,"href":"https:\/\/www.jornalja.com.br\/arquivo\/wp-json\/wp\/v2\/comments?post=46543"}],"version-history":[{"count":0,"href":"https:\/\/www.jornalja.com.br\/arquivo\/wp-json\/wp\/v2\/posts\/46543\/revisions"}],"wp:featuredmedia":[{"embeddable":true,"href":"https:\/\/www.jornalja.com.br\/arquivo\/wp-json\/"}],"wp:attachment":[{"href":"https:\/\/www.jornalja.com.br\/arquivo\/wp-json\/wp\/v2\/media?parent=46543"}],"wp:term":[{"taxonomy":"category","embeddable":true,"href":"https:\/\/www.jornalja.com.br\/arquivo\/wp-json\/wp\/v2\/categories?post=46543"},{"taxonomy":"post_tag","embeddable":true,"href":"https:\/\/www.jornalja.com.br\/arquivo\/wp-json\/wp\/v2\/tags?post=46543"}],"curies":[{"name":"wp","href":"https:\/\/api.w.org\/{rel}","templated":true}]}}