{"id":46596,"date":"2017-03-30T15:10:54","date_gmt":"2017-03-30T18:10:54","guid":{"rendered":"https:\/\/www.jornalja.com.br\/?p=46596"},"modified":"2017-03-30T15:10:54","modified_gmt":"2017-03-30T18:10:54","slug":"free-way-pode-ficar-sem-pedagio-e-sem-manutenao-a-partir-de-julho","status":"publish","type":"post","link":"https:\/\/www.jornalja.com.br\/arquivo\/free-way-pode-ficar-sem-pedagio-e-sem-manutenao-a-partir-de-julho\/","title":{"rendered":"Free Way pode ficar sem ped\u00e1gio e sem manuten\u00e7\u00e3o a partir de julho"},"content":{"rendered":"<p>No balan\u00e7o publicado nesta quarta-feira (29\/3), a Triunfo Concepa, concession\u00e1ria da Free Way, trecho Os\u00f3rio-Porto Alegre da BR-290, admite explicitamente a possibilidade de se tornar \u201cuma empresa dormente\u201d a partir de 4 de julho, data do encerramento do contrato de concess\u00e3o da rodovia.<u><\/u><u><\/u><br \/>\nO alerta consta do cabe\u00e7alho das notas explicativas do balan\u00e7o em que a empresa apresenta lucro de R$ 15,6 milh\u00f5es para uma receita de R$ 326,6 milh\u00f5es, 80% dos quais oriundos de ped\u00e1gios recolhidos em tr\u00eas pra\u00e7as (Eldorado do Sul, Gravata\u00ed e Santo Antonio da Patrulha) ao longo dos 121 quil\u00f4metros da concess\u00e3o.<u><\/u><u><\/u><br \/>\nA men\u00e7\u00e3o \u00e0 \u201cdorm\u00eancia\u201d, termo cont\u00e1bil similar \u00e0 \u201cinatividade\u201d, sugere que a concession\u00e1ria pode deixar a Free Way\u00a0 sem ped\u00e1gios e sem manuten\u00e7\u00e3o at\u00e9 uma nova concess\u00e3o, s\u00f3 prevista para o final do ano.<u><\/u><u><\/u><br \/>\nHaveria portanto uma lacuna de seis meses que s\u00f3 poderia a ser coberta por uma prorroga\u00e7\u00e3o da concess\u00e3o. Quanto a isso, h\u00e1 um certo mist\u00e9rio.<u><\/u><u><\/u><br \/>\nEmbora alegue que at\u00e9 a data da publica\u00e7\u00e3o do balan\u00e7o \u201cn\u00e3o houve qualquer manifesta\u00e7\u00e3o por parte do poder concedente no sentido de prorrogar a concess\u00e3o vigente\u201d, a Triunfo Concepa trabalha com a expectativa de seguir operando na Free Way.<u><\/u><u><\/u><br \/>\nA empresa tamb\u00e9m aguarda a conclus\u00e3o do processo de licita\u00e7\u00e3o do pacote de rodovias no qual est\u00e3o inclu\u00eddos a BR-448, trechos da BR-290, da BR-386 e da BR-101 entre SC-RS, num total de cerca de 500 quil\u00f4metros.<u><\/u><u><\/u><br \/>\nA Triunfo, com sede em S\u00e3o Paulo, j\u00e1 manifestou a inten\u00e7\u00e3o de concorrer e \u00e9 tal o seu favoritismo que nas \u00e1reas t\u00e9cnicas do Minist\u00e9rio dos Transportes esse conjunto de ped\u00e1gios ganhou o apelido de \u201cConcep\u00e3o\u201d.<u><\/u><u><\/u><br \/>\nNesta sexta (31 de mar\u00e7o) \u00e0s 18 horas termina o prazo para manifesta\u00e7\u00f5es \u00e0 consulta p\u00fablica da \u00a0Ag\u00eancia Nacional de Transportes Terrestres (ANTT) quanto \u00e0 concess\u00e3o das rodovias BR-101\/290\/386\/448, assunto tratado pela audi\u00eancia p\u00fablica 001\/2017. Com base nas contribui\u00e7\u00f5es recebidas, o Minist\u00e9rio dos Transportes, Portos e Avia\u00e7\u00e3o Civil (MTPAC) vai tomar uma decis\u00e3o, conforme o cronograma publicado no site da ANTT.\u00a0<span style=\"font-weight: 300\">(Geraldo Hasse)<\/span><\/p>\n","protected":false},"excerpt":{"rendered":"<p>No balan\u00e7o publicado nesta quarta-feira (29\/3), a Triunfo Concepa, concession\u00e1ria da Free Way, trecho Os\u00f3rio-Porto Alegre da BR-290, admite explicitamente a possibilidade de se tornar \u201cuma empresa dormente\u201d a partir de 4 de julho, data do encerramento do contrato de concess\u00e3o da rodovia. O alerta consta do cabe\u00e7alho das notas explicativas do balan\u00e7o em que [&hellip;]<\/p>\n","protected":false},"author":4,"featured_media":46649,"comment_status":"open","ping_status":"closed","sticky":false,"template":"","format":"standard","meta":{"_jetpack_newsletter_access":"","_jetpack_dont_email_post_to_subs":false,"_jetpack_newsletter_tier_id":0,"_jetpack_memberships_contains_paywalled_content":false,"_jetpack_feature_clip_id":0,"_jetpack_memberships_contains_paid_content":false,"footnotes":"","jetpack_post_was_ever_published":false},"categories":[26],"tags":[],"class_list":["post-46596","post","type-post","status-publish","format-standard","has-post-thumbnail","hentry","category-geral"],"aioseo_notices":[],"aioseo_head":"\n\t\t<!-- All in One SEO 5.0.1.1 - aioseo.com -->\n\t<meta name=\"robots\" content=\"max-image-preview:large\" \/>\n\t<meta name=\"author\" content=\"da Reda\u00e7\u00e3o\"\/>\n\t<link rel=\"canonical\" href=\"https:\/\/www.jornalja.com.br\/arquivo\/free-way-pode-ficar-sem-pedagio-e-sem-manutenao-a-partir-de-julho\/\" \/>\n\t<meta name=\"generator\" content=\"All in One SEO (AIOSEO) 5.0.1.1\" \/>\n\t\t<meta property=\"og:locale\" content=\"pt_BR\" \/>\n\t\t<meta property=\"og:site_name\" content=\"Arquivo | Jornal J\u00c1 | Porto Alegre\" \/>\n\t\t<meta property=\"og:type\" content=\"article\" \/>\n\t\t<meta property=\"og:title\" content=\"Free Way pode ficar sem ped\u00e1gio e sem manuten\u00e7\u00e3o a partir de julho | Arquivo\" \/>\n\t\t<meta property=\"og:url\" content=\"https:\/\/www.jornalja.com.br\/arquivo\/free-way-pode-ficar-sem-pedagio-e-sem-manutenao-a-partir-de-julho\/\" \/>\n\t\t<meta property=\"og:image\" content=\"https:\/\/www.jornalja.com.br\/economics\/wp-content\/uploads\/sites\/11\/2026\/08\/ja-folhaderosto-facebook.jpg\" \/>\n\t\t<meta property=\"og:image:secure_url\" content=\"https:\/\/www.jornalja.com.br\/economics\/wp-content\/uploads\/sites\/11\/2026\/08\/ja-folhaderosto-facebook.jpg\" \/>\n\t\t<meta property=\"article:published_time\" content=\"2017-03-30T18:10:54+00:00\" \/>\n\t\t<meta property=\"article:modified_time\" content=\"2017-03-30T18:10:54+00:00\" \/>\n\t\t<meta name=\"twitter:card\" content=\"summary\" \/>\n\t\t<meta name=\"twitter:title\" content=\"Free Way pode ficar sem ped\u00e1gio e sem manuten\u00e7\u00e3o a partir de julho | Arquivo\" \/>\n\t\t<meta name=\"twitter:image\" content=\"https:\/\/www.jornalja.com.br\/economics\/wp-content\/uploads\/sites\/11\/2026\/08\/ja-folhaderosto-facebook.jpg\" \/>\n\t\t<script type=\"application\/ld+json\" class=\"aioseo-schema\">\n\t\t\t{\"@context\":\"https:\\\/\\\/schema.org\",\"@graph\":[{\"@type\":\"BlogPosting\",\"@id\":\"https:\\\/\\\/www.jornalja.com.br\\\/arquivo\\\/free-way-pode-ficar-sem-pedagio-e-sem-manutenao-a-partir-de-julho\\\/#blogposting\",\"name\":\"Free Way pode ficar sem ped\\u00e1gio e sem manuten\\u00e7\\u00e3o a partir de julho | Arquivo\",\"headline\":\"Free Way pode ficar sem ped\\u00e1gio e sem manuten\\u00e7\\u00e3o a partir de julho\",\"author\":{\"@id\":\"https:\\\/\\\/www.jornalja.com.br\\\/arquivo\\\/author\\\/daredacao\\\/#author\"},\"publisher\":{\"@id\":\"https:\\\/\\\/www.jornalja.com.br\\\/arquivo\\\/#organization\"},\"image\":{\"@type\":\"ImageObject\",\"url\":46649},\"datePublished\":\"2017-03-30T15:10:54-03:00\",\"dateModified\":\"2017-03-30T15:10:54-03:00\",\"inLanguage\":\"pt-BR\",\"mainEntityOfPage\":{\"@id\":\"https:\\\/\\\/www.jornalja.com.br\\\/arquivo\\\/free-way-pode-ficar-sem-pedagio-e-sem-manutenao-a-partir-de-julho\\\/#webpage\"},\"isPartOf\":{\"@id\":\"https:\\\/\\\/www.jornalja.com.br\\\/arquivo\\\/free-way-pode-ficar-sem-pedagio-e-sem-manutenao-a-partir-de-julho\\\/#webpage\"},\"articleSection\":\"Geral\"},{\"@type\":\"BreadcrumbList\",\"@id\":\"https:\\\/\\\/www.jornalja.com.br\\\/arquivo\\\/free-way-pode-ficar-sem-pedagio-e-sem-manutenao-a-partir-de-julho\\\/#breadcrumblist\",\"itemListElement\":[{\"@type\":\"ListItem\",\"@id\":\"https:\\\/\\\/www.jornalja.com.br\\\/arquivo#listItem\",\"position\":1,\"name\":\"Home\",\"item\":\"https:\\\/\\\/www.jornalja.com.br\\\/arquivo\",\"nextItem\":{\"@type\":\"ListItem\",\"@id\":\"https:\\\/\\\/www.jornalja.com.br\\\/arquivo\\\/category\\\/geral\\\/#listItem\",\"name\":\"Geral\"}},{\"@type\":\"ListItem\",\"@id\":\"https:\\\/\\\/www.jornalja.com.br\\\/arquivo\\\/category\\\/geral\\\/#listItem\",\"position\":2,\"name\":\"Geral\",\"item\":\"https:\\\/\\\/www.jornalja.com.br\\\/arquivo\\\/category\\\/geral\\\/\",\"nextItem\":{\"@type\":\"ListItem\",\"@id\":\"https:\\\/\\\/www.jornalja.com.br\\\/arquivo\\\/free-way-pode-ficar-sem-pedagio-e-sem-manutenao-a-partir-de-julho\\\/#listItem\",\"name\":\"Free Way pode ficar sem ped\\u00e1gio e sem manuten\\u00e7\\u00e3o a partir de julho\"},\"previousItem\":{\"@type\":\"ListItem\",\"@id\":\"https:\\\/\\\/www.jornalja.com.br\\\/arquivo#listItem\",\"name\":\"Home\"}},{\"@type\":\"ListItem\",\"@id\":\"https:\\\/\\\/www.jornalja.com.br\\\/arquivo\\\/free-way-pode-ficar-sem-pedagio-e-sem-manutenao-a-partir-de-julho\\\/#listItem\",\"position\":3,\"name\":\"Free Way pode ficar sem ped\\u00e1gio e sem manuten\\u00e7\\u00e3o a partir de julho\",\"previousItem\":{\"@type\":\"ListItem\",\"@id\":\"https:\\\/\\\/www.jornalja.com.br\\\/arquivo\\\/category\\\/geral\\\/#listItem\",\"name\":\"Geral\"}}]},{\"@type\":\"Organization\",\"@id\":\"https:\\\/\\\/www.jornalja.com.br\\\/arquivo\\\/#organization\",\"name\":\"Jornal J\\u00c1\",\"description\":\"Jornal J\\u00c1 | Porto Alegre\",\"url\":\"https:\\\/\\\/www.jornalja.com.br\\\/arquivo\\\/\",\"telephone\":\"+555133307272\",\"logo\":{\"@type\":\"ImageObject\",\"url\":\"https:\\\/\\\/www.jornalja.com.br\\\/wp-content\\\/uploads\\\/cards\\\/JAslogan.png\",\"@id\":\"https:\\\/\\\/www.jornalja.com.br\\\/arquivo\\\/free-way-pode-ficar-sem-pedagio-e-sem-manutenao-a-partir-de-julho\\\/#organizationLogo\"},\"image\":{\"@id\":\"https:\\\/\\\/www.jornalja.com.br\\\/arquivo\\\/free-way-pode-ficar-sem-pedagio-e-sem-manutenao-a-partir-de-julho\\\/#organizationLogo\"}},{\"@type\":\"Person\",\"@id\":\"https:\\\/\\\/www.jornalja.com.br\\\/arquivo\\\/author\\\/daredacao\\\/#author\",\"url\":\"https:\\\/\\\/www.jornalja.com.br\\\/arquivo\\\/author\\\/daredacao\\\/\",\"name\":\"da Reda\\u00e7\\u00e3o\",\"image\":{\"@type\":\"ImageObject\",\"@id\":\"https:\\\/\\\/www.jornalja.com.br\\\/arquivo\\\/free-way-pode-ficar-sem-pedagio-e-sem-manutenao-a-partir-de-julho\\\/#authorImage\",\"url\":\"https:\\\/\\\/secure.gravatar.com\\\/avatar\\\/469fd857d6605ad19919d27ed29d35a968a25f6e8fd9318356bbb7f57aae9c65?s=96&d=mm&r=g\",\"width\":96,\"height\":96,\"caption\":\"da Reda\\u00e7\\u00e3o\"}},{\"@type\":\"WebPage\",\"@id\":\"https:\\\/\\\/www.jornalja.com.br\\\/arquivo\\\/free-way-pode-ficar-sem-pedagio-e-sem-manutenao-a-partir-de-julho\\\/#webpage\",\"url\":\"https:\\\/\\\/www.jornalja.com.br\\\/arquivo\\\/free-way-pode-ficar-sem-pedagio-e-sem-manutenao-a-partir-de-julho\\\/\",\"name\":\"Free Way pode ficar sem ped\\u00e1gio e sem manuten\\u00e7\\u00e3o a partir de julho | Arquivo\",\"inLanguage\":\"pt-BR\",\"isPartOf\":{\"@id\":\"https:\\\/\\\/www.jornalja.com.br\\\/arquivo\\\/#website\"},\"breadcrumb\":{\"@id\":\"https:\\\/\\\/www.jornalja.com.br\\\/arquivo\\\/free-way-pode-ficar-sem-pedagio-e-sem-manutenao-a-partir-de-julho\\\/#breadcrumblist\"},\"author\":{\"@id\":\"https:\\\/\\\/www.jornalja.com.br\\\/arquivo\\\/author\\\/daredacao\\\/#author\"},\"creator\":{\"@id\":\"https:\\\/\\\/www.jornalja.com.br\\\/arquivo\\\/author\\\/daredacao\\\/#author\"},\"image\":{\"@type\":\"ImageObject\",\"url\":46649,\"@id\":\"https:\\\/\\\/www.jornalja.com.br\\\/arquivo\\\/free-way-pode-ficar-sem-pedagio-e-sem-manutenao-a-partir-de-julho\\\/#mainImage\"},\"primaryImageOfPage\":{\"@id\":\"https:\\\/\\\/www.jornalja.com.br\\\/arquivo\\\/free-way-pode-ficar-sem-pedagio-e-sem-manutenao-a-partir-de-julho\\\/#mainImage\"},\"datePublished\":\"2017-03-30T15:10:54-03:00\",\"dateModified\":\"2017-03-30T15:10:54-03:00\"},{\"@type\":\"WebSite\",\"@id\":\"https:\\\/\\\/www.jornalja.com.br\\\/arquivo\\\/#website\",\"url\":\"https:\\\/\\\/www.jornalja.com.br\\\/arquivo\\\/\",\"name\":\"Arquivo\",\"description\":\"Jornal J\\u00c1 | Porto Alegre\",\"inLanguage\":\"pt-BR\",\"publisher\":{\"@id\":\"https:\\\/\\\/www.jornalja.com.br\\\/arquivo\\\/#organization\"}}]}\n\t\t<\/script>\n\t\t<!-- All in One SEO -->\n\n","aioseo_head_json":{"title":"Free Way pode ficar sem ped\u00e1gio e sem manuten\u00e7\u00e3o a partir de julho | Arquivo","description":"","canonical_url":"https:\/\/www.jornalja.com.br\/arquivo\/free-way-pode-ficar-sem-pedagio-e-sem-manutenao-a-partir-de-julho\/","robots":"max-image-preview:large","keywords":"","webmasterTools":{"miscellaneous":""},"schema":{"@context":"https:\/\/schema.org","@graph":[{"@type":"BlogPosting","@id":"https:\/\/www.jornalja.com.br\/arquivo\/free-way-pode-ficar-sem-pedagio-e-sem-manutenao-a-partir-de-julho\/#blogposting","name":"Free Way pode ficar sem ped\u00e1gio e sem manuten\u00e7\u00e3o a partir de julho | Arquivo","headline":"Free Way pode ficar sem ped\u00e1gio e sem manuten\u00e7\u00e3o a partir de julho","author":{"@id":"https:\/\/www.jornalja.com.br\/arquivo\/author\/daredacao\/#author"},"publisher":{"@id":"https:\/\/www.jornalja.com.br\/arquivo\/#organization"},"image":{"@type":"ImageObject","url":46649},"datePublished":"2017-03-30T15:10:54-03:00","dateModified":"2017-03-30T15:10:54-03:00","inLanguage":"pt-BR","mainEntityOfPage":{"@id":"https:\/\/www.jornalja.com.br\/arquivo\/free-way-pode-ficar-sem-pedagio-e-sem-manutenao-a-partir-de-julho\/#webpage"},"isPartOf":{"@id":"https:\/\/www.jornalja.com.br\/arquivo\/free-way-pode-ficar-sem-pedagio-e-sem-manutenao-a-partir-de-julho\/#webpage"},"articleSection":"Geral"},{"@type":"BreadcrumbList","@id":"https:\/\/www.jornalja.com.br\/arquivo\/free-way-pode-ficar-sem-pedagio-e-sem-manutenao-a-partir-de-julho\/#breadcrumblist","itemListElement":[{"@type":"ListItem","@id":"https:\/\/www.jornalja.com.br\/arquivo#listItem","position":1,"name":"Home","item":"https:\/\/www.jornalja.com.br\/arquivo","nextItem":{"@type":"ListItem","@id":"https:\/\/www.jornalja.com.br\/arquivo\/category\/geral\/#listItem","name":"Geral"}},{"@type":"ListItem","@id":"https:\/\/www.jornalja.com.br\/arquivo\/category\/geral\/#listItem","position":2,"name":"Geral","item":"https:\/\/www.jornalja.com.br\/arquivo\/category\/geral\/","nextItem":{"@type":"ListItem","@id":"https:\/\/www.jornalja.com.br\/arquivo\/free-way-pode-ficar-sem-pedagio-e-sem-manutenao-a-partir-de-julho\/#listItem","name":"Free Way pode ficar sem ped\u00e1gio e sem manuten\u00e7\u00e3o a partir de julho"},"previousItem":{"@type":"ListItem","@id":"https:\/\/www.jornalja.com.br\/arquivo#listItem","name":"Home"}},{"@type":"ListItem","@id":"https:\/\/www.jornalja.com.br\/arquivo\/free-way-pode-ficar-sem-pedagio-e-sem-manutenao-a-partir-de-julho\/#listItem","position":3,"name":"Free Way pode ficar sem ped\u00e1gio e sem manuten\u00e7\u00e3o a partir de julho","previousItem":{"@type":"ListItem","@id":"https:\/\/www.jornalja.com.br\/arquivo\/category\/geral\/#listItem","name":"Geral"}}]},{"@type":"Organization","@id":"https:\/\/www.jornalja.com.br\/arquivo\/#organization","name":"Jornal J\u00c1","description":"Jornal J\u00c1 | Porto Alegre","url":"https:\/\/www.jornalja.com.br\/arquivo\/","telephone":"+555133307272","logo":{"@type":"ImageObject","url":"https:\/\/www.jornalja.com.br\/wp-content\/uploads\/cards\/JAslogan.png","@id":"https:\/\/www.jornalja.com.br\/arquivo\/free-way-pode-ficar-sem-pedagio-e-sem-manutenao-a-partir-de-julho\/#organizationLogo"},"image":{"@id":"https:\/\/www.jornalja.com.br\/arquivo\/free-way-pode-ficar-sem-pedagio-e-sem-manutenao-a-partir-de-julho\/#organizationLogo"}},{"@type":"Person","@id":"https:\/\/www.jornalja.com.br\/arquivo\/author\/daredacao\/#author","url":"https:\/\/www.jornalja.com.br\/arquivo\/author\/daredacao\/","name":"da Reda\u00e7\u00e3o","image":{"@type":"ImageObject","@id":"https:\/\/www.jornalja.com.br\/arquivo\/free-way-pode-ficar-sem-pedagio-e-sem-manutenao-a-partir-de-julho\/#authorImage","url":"https:\/\/secure.gravatar.com\/avatar\/469fd857d6605ad19919d27ed29d35a968a25f6e8fd9318356bbb7f57aae9c65?s=96&d=mm&r=g","width":96,"height":96,"caption":"da Reda\u00e7\u00e3o"}},{"@type":"WebPage","@id":"https:\/\/www.jornalja.com.br\/arquivo\/free-way-pode-ficar-sem-pedagio-e-sem-manutenao-a-partir-de-julho\/#webpage","url":"https:\/\/www.jornalja.com.br\/arquivo\/free-way-pode-ficar-sem-pedagio-e-sem-manutenao-a-partir-de-julho\/","name":"Free Way pode ficar sem ped\u00e1gio e sem manuten\u00e7\u00e3o a partir de julho | Arquivo","inLanguage":"pt-BR","isPartOf":{"@id":"https:\/\/www.jornalja.com.br\/arquivo\/#website"},"breadcrumb":{"@id":"https:\/\/www.jornalja.com.br\/arquivo\/free-way-pode-ficar-sem-pedagio-e-sem-manutenao-a-partir-de-julho\/#breadcrumblist"},"author":{"@id":"https:\/\/www.jornalja.com.br\/arquivo\/author\/daredacao\/#author"},"creator":{"@id":"https:\/\/www.jornalja.com.br\/arquivo\/author\/daredacao\/#author"},"image":{"@type":"ImageObject","url":46649,"@id":"https:\/\/www.jornalja.com.br\/arquivo\/free-way-pode-ficar-sem-pedagio-e-sem-manutenao-a-partir-de-julho\/#mainImage"},"primaryImageOfPage":{"@id":"https:\/\/www.jornalja.com.br\/arquivo\/free-way-pode-ficar-sem-pedagio-e-sem-manutenao-a-partir-de-julho\/#mainImage"},"datePublished":"2017-03-30T15:10:54-03:00","dateModified":"2017-03-30T15:10:54-03:00"},{"@type":"WebSite","@id":"https:\/\/www.jornalja.com.br\/arquivo\/#website","url":"https:\/\/www.jornalja.com.br\/arquivo\/","name":"Arquivo","description":"Jornal J\u00c1 | Porto Alegre","inLanguage":"pt-BR","publisher":{"@id":"https:\/\/www.jornalja.com.br\/arquivo\/#organization"}}]},"og:locale":"pt_BR","og:site_name":"Arquivo | Jornal J\u00c1 | Porto Alegre","og:type":"article","og:title":"Free Way pode ficar sem ped\u00e1gio e sem manuten\u00e7\u00e3o a partir de julho | Arquivo","og:url":"https:\/\/www.jornalja.com.br\/arquivo\/free-way-pode-ficar-sem-pedagio-e-sem-manutenao-a-partir-de-julho\/","og:image":"https:\/\/www.jornalja.com.br\/economics\/wp-content\/uploads\/sites\/11\/2026\/08\/ja-folhaderosto-facebook.jpg","og:image:secure_url":"https:\/\/www.jornalja.com.br\/economics\/wp-content\/uploads\/sites\/11\/2026\/08\/ja-folhaderosto-facebook.jpg","article:published_time":"2017-03-30T18:10:54+00:00","article:modified_time":"2017-03-30T18:10:54+00:00","twitter:card":"summary","twitter:title":"Free Way pode ficar sem ped\u00e1gio e sem manuten\u00e7\u00e3o a partir de julho | Arquivo","twitter:image":"https:\/\/www.jornalja.com.br\/economics\/wp-content\/uploads\/sites\/11\/2026\/08\/ja-folhaderosto-facebook.jpg"},"aioseo_meta_data":{"post_id":"46596","title":null,"description":null,"keywords":null,"keyphrases":null,"primary_term":null,"canonical_url":null,"og_title":null,"og_description":null,"og_object_type":"default","og_image_type":"default","og_image_url":null,"og_image_width":null,"og_image_height":null,"og_image_custom_url":null,"og_image_custom_fields":null,"og_video":null,"og_custom_url":null,"og_article_section":null,"og_article_tags":null,"twitter_use_og":false,"twitter_card":"default","twitter_image_type":"default","twitter_image_url":null,"twitter_image_custom_url":null,"twitter_image_custom_fields":null,"twitter_title":null,"twitter_description":null,"schema":{"blockGraphs":[],"customGraphs":[],"default":{"data":{"Article":[],"Course":[],"Dataset":[],"FAQPage":[],"Movie":[],"Person":[],"Product":[],"ProductReview":[],"Car":[],"Recipe":[],"Service":[],"SoftwareApplication":[],"WebPage":[]},"graphName":"","isEnabled":true},"graphs":[],"defaultGraph":"","defaultPostTypeGraph":""},"schema_type":null,"schema_type_options":null,"pillar_content":false,"robots_default":true,"robots_noindex":false,"robots_noarchive":false,"robots_nosnippet":false,"robots_nofollow":false,"robots_noimageindex":false,"robots_noodp":false,"robots_notranslate":false,"robots_max_snippet":null,"robots_max_videopreview":null,"robots_max_imagepreview":"large","priority":null,"frequency":null,"location":null,"local_seo":null,"breadcrumb_settings":null,"limit_modified_date":false,"ai":null,"created":"2020-12-20 20:38:10","updated":"2025-07-19 20:41:21","seo_analyzer_scan_date":null,"focus_keyword":null,"additional_keywords":null,"truseo_locale":null},"jetpack_sharing_enabled":true,"jetpack-related-posts":[{"id":13109,"url":"https:\/\/www.jornalja.com.br\/arquivo\/judiciario-reconhece-poluicao-eletromagnetica\/","url_meta":{"origin":46596,"position":0},"title":"Judici\u00e1rio reconhece polui\u00e7\u00e3o eletromagn\u00e9tica","author":"Patr\u00edcia Marini","date":"16 de maio de 2014","format":false,"excerpt":"A\u00e7\u00e3o de duas associa\u00e7\u00f5es de moradores foi acolhida pelo Tribunal de Justi\u00e7a de S\u00e3o Paulo que. em decis\u00e3o in\u00e9dita, determinou a redu\u00e7\u00e3o do campo eletromagn\u00e9tico gerado pelas linhas de transmiss\u00e3o de energia que cortam os bairros City Boa\u00e7ava e Alto de Pinheiros. \u00c9 a primeira vez que um tribunal do\u2026","rel":"","context":"Em &quot;X.Categorias velhas&quot;","block_context":{"text":"X.Categorias velhas","link":"https:\/\/www.jornalja.com.br\/arquivo\/category\/x-categorias-velhas\/"},"img":{"alt_text":"","src":"","width":0,"height":0},"classes":[]},{"id":12960,"url":"https:\/\/www.jornalja.com.br\/arquivo\/populacao-culpa-empresas-pela-greve-dos-rodoviarios\/","url_meta":{"origin":46596,"position":1},"title":"Popula\u00e7\u00e3o culpa empresas pela greve","author":"Patr\u00edcia Marini","date":"14 de fevereiro de 2014","format":false,"excerpt":"Pesquisa divulgada na edi\u00e7\u00e3o do jornal Metro desta sexta-feira,14, comprova o velho ditado: \u00e9 poss\u00edvel enganar muitos por algum tempo, mas n\u00e3o \u00e9 poss\u00edvel enganar a todos o tempo inteiro. A principal revela\u00e7\u00e3o foi que 59,8% dos entrevistados apontaram as empresas como as principais respons\u00e1veis pela grave e 46% culparam\u2026","rel":"","context":"Em &quot;X.Categorias velhas&quot;","block_context":{"text":"X.Categorias velhas","link":"https:\/\/www.jornalja.com.br\/arquivo\/category\/x-categorias-velhas\/"},"img":{"alt_text":"","src":"","width":0,"height":0},"classes":[]},{"id":13128,"url":"https:\/\/www.jornalja.com.br\/arquivo\/maconha-terra-diz-que-uso-medicinal-e-desculpa\/","url_meta":{"origin":46596,"position":2},"title":"Maconha: Terra diz que uso medicinal \u00e9 desculpa","author":"Patr\u00edcia Marini","date":"4 de junho de 2014","format":false,"excerpt":"A condi\u00e7\u00e3o de pol\u00edtico, em \u00e9poca de campanha de campanha eleitoral, tira for\u00e7a do discurso do m\u00e9dico Osmar Terra contra a legaliza\u00e7\u00e3o da maconha. A tese dele de que a libera\u00e7\u00e3o vai ampliar exponencialmente o consumo \u00e9 discutivel, o consumo \u00e9 corrente. Mas seus alertas quanto aos riscos tem que\u2026","rel":"","context":"Em &quot;X.Categorias velhas&quot;","block_context":{"text":"X.Categorias velhas","link":"https:\/\/www.jornalja.com.br\/arquivo\/category\/x-categorias-velhas\/"},"img":{"alt_text":"","src":"","width":0,"height":0},"classes":[]},{"id":13240,"url":"https:\/\/www.jornalja.com.br\/arquivo\/plano-diretor-estamos-construindo-o-caos\/","url_meta":{"origin":46596,"position":3},"title":"Plano diretor: &quot;Estamos construindo o caos&quot;","author":"Patr\u00edcia Marini","date":"26 de maio de 2014","format":false,"excerpt":"Desabafo que arquiteta Eliana Castilhos, delegada da Regi\u00e3o de Planejamento 1, postou nas redes sociais \u00e9 um testemunho do ambiente que se criou no Conselho do Plano Diretor de Porto Alegre, onde a aprova\u00e7\u00e3o de grandes empreendimentos \u00e9 empurrada guela abaixo dos conselheiros. Ao CMDUA Como delegada da Regi\u00e3o de\u2026","rel":"","context":"Em &quot;Geral&quot;","block_context":{"text":"Geral","link":"https:\/\/www.jornalja.com.br\/arquivo\/category\/geral\/"},"img":{"alt_text":"","src":"","width":0,"height":0},"classes":[]},{"id":13124,"url":"https:\/\/www.jornalja.com.br\/arquivo\/sangue-latino-no-iecine\/","url_meta":{"origin":46596,"position":4},"title":"Sangue latino no IECINE","author":"da Reda\u00e7\u00e3o","date":"18 de maio de 2014","format":false,"excerpt":"Francisco Ribeiro O Instituto Estadual de Cinema (IECINE) tem a frente, desde abril \u00faltimo, um novo diretor, o cineasta colombiano Juan Zapata, 36, que substitui Luiz Alberto Cassol. Radicado h\u00e1 dez anos em Porto Alegre, Zapata tem diante de si o desafio de conduzir at\u00e9 o final do ano um\u2026","rel":"","context":"Em &quot;Cultura-Geral&quot;","block_context":{"text":"Cultura-Geral","link":"https:\/\/www.jornalja.com.br\/arquivo\/category\/materiasecundaria\/"},"img":{"alt_text":"","src":"","width":0,"height":0},"classes":[]},{"id":14241,"url":"https:\/\/www.jornalja.com.br\/arquivo\/o-guaiba-nas-imagens-poeticas-de-achutti\/","url_meta":{"origin":46596,"position":5},"title":"O Gua\u00edba nas imagens po\u00e9ticas de Achutti","author":"da Reda\u00e7\u00e3o","date":"18 de junho de 2014","format":false,"excerpt":"Em \u201cO Gua\u00edba por Achutti\u201d \u2013 obra financiada via Minist\u00e9rio da Cultura, produ\u00e7\u00e3o executiva de Pedro Longhi, e Fl\u00e1vio Wild como designer \u2013, o fot\u00f3grafo revela a beleza e as mazelas de um espa\u00e7o aqu\u00e1tico de \u00e1guas sempre renovadas, cheio de hist\u00f3rias e lendas como as das cidades que foram\u2026","rel":"","context":"Em &quot;Cultura-Geral&quot;","block_context":{"text":"Cultura-Geral","link":"https:\/\/www.jornalja.com.br\/arquivo\/category\/materiasecundaria\/"},"img":{"alt_text":"","src":"","width":0,"height":0},"classes":[]}],"jetpack_shortlink":"https:\/\/wp.me\/pbQjBd-c7y","jetpack_featured_media_url":"","_links":{"self":[{"href":"https:\/\/www.jornalja.com.br\/arquivo\/wp-json\/wp\/v2\/posts\/46596","targetHints":{"allow":["GET"]}}],"collection":[{"href":"https:\/\/www.jornalja.com.br\/arquivo\/wp-json\/wp\/v2\/posts"}],"about":[{"href":"https:\/\/www.jornalja.com.br\/arquivo\/wp-json\/wp\/v2\/types\/post"}],"author":[{"embeddable":true,"href":"https:\/\/www.jornalja.com.br\/arquivo\/wp-json\/wp\/v2\/users\/4"}],"replies":[{"embeddable":true,"href":"https:\/\/www.jornalja.com.br\/arquivo\/wp-json\/wp\/v2\/comments?post=46596"}],"version-history":[{"count":0,"href":"https:\/\/www.jornalja.com.br\/arquivo\/wp-json\/wp\/v2\/posts\/46596\/revisions"}],"wp:attachment":[{"href":"https:\/\/www.jornalja.com.br\/arquivo\/wp-json\/wp\/v2\/media?parent=46596"}],"wp:term":[{"taxonomy":"category","embeddable":true,"href":"https:\/\/www.jornalja.com.br\/arquivo\/wp-json\/wp\/v2\/categories?post=46596"},{"taxonomy":"post_tag","embeddable":true,"href":"https:\/\/www.jornalja.com.br\/arquivo\/wp-json\/wp\/v2\/tags?post=46596"}],"curies":[{"name":"wp","href":"https:\/\/api.w.org\/{rel}","templated":true}]}}