{"id":46603,"date":"2017-03-30T16:58:46","date_gmt":"2017-03-30T19:58:46","guid":{"rendered":"https:\/\/www.jornalja.com.br\/?p=46603"},"modified":"2017-03-30T16:58:46","modified_gmt":"2017-03-30T19:58:46","slug":"servidores-de-cachoeirinha-em-guerra-contra-pacote-do-prefeito","status":"publish","type":"post","link":"https:\/\/www.jornalja.com.br\/arquivo\/servidores-de-cachoeirinha-em-guerra-contra-pacote-do-prefeito\/","title":{"rendered":"Servidores de Cachoeirinha em guerra contra pacote do Prefeito"},"content":{"rendered":"<p>Bombas de g\u00e1s, spray de pimenta e conflito entre Brigada Militar e servidores p\u00fablicos municipais de Cachoeirinha. Foi esse o cen\u00e1rio que se instaurou em frente \u00e0 C\u00e2mara durante a manh\u00e3 desta quinta-feira quando o legislativo aprovou por 14 votos a 2 o projeto que reduz de R$25 para R$ 20 o vale-alimenta\u00e7\u00e3o dos servidores que ganham mais que R$ 2000.<br \/>\nA justificativa do prefeito Miki Breier (PSB) \u00e9 a falta de dinheiro e com isso o enxugamento dos gastos da m\u00e1quina p\u00fablica. Em fevereiro o prefeito j\u00e1 havia mandado um pacote de 11 medidas, do quais aprovou nove.<br \/>\nOs servidores recriminam o atual governo. Em greve h\u00e1 24 dias, eles prometem uma s\u00e9rie de mobiliza\u00e7\u00f5es para impedir que mais projetos sejam aprovados. Um ato p\u00fablico de de rep\u00fadio na frente da Prefeitura j\u00e1 est\u00e1 programado para as 10h desta sexa-feira, dia 31. Ap\u00f3s o ato\u00a0ser\u00e1 feito um almo\u00e7o coletivo e uma plen\u00e1ria da categoria.<br \/>\nO major Luciano Moritz Bueno, comandante do 26\u00ba Batalh\u00e3o da BM, disse \u00e0 imprensa que era preciso conter os \u00e2nimos que estavam exaltados e que a Brigada &#8220;fez uso moderado dos meios&#8221;. Segundo o major, a\u00a0chamada que a Brigada fizesse a seguran\u00e7a da C\u00e2mara foi um pedido do Presidente da casa, o vereador Marco Barbosa (PSB).<br \/>\nConfira abaixo a nota do Simca (Sindicato dos Municip\u00e1rios de Cahcoeirinha) e um v\u00eddeo do conflito ocorrido hoje pela manh\u00e3:<br \/>\n<em>GOVERNO ORDENA REPRESS\u00c3O COVARDE<\/em><br \/>\n<em>\u00c0 GREVE DOS MUNICIP\u00c1RIOS<\/em><br \/>\n<em>Durante a manifesta\u00e7\u00e3o na C\u00e2mara dos Vereadores nesta quinta, dia 30\/03\/2017, vig\u00e9simo quinto dia da greve dos municip\u00e1rios, de forma covarde houve a repress\u00e3o brutal por parte da Brigada Militar ao protesto dos municip\u00e1rios. A sess\u00e3o da c\u00e2mara votou o projeto que diminui o valor pago no vale alimenta\u00e7\u00e3o, conforme escalonamento. Membros da categoria foram agredidos enquanto estavam sentados durante a vig\u00edlia em apoio \u00e0<span class=\"text_exposed_show\"> greve de fome. Tr\u00eas colegas da categoria foram injustamente detidos e um est\u00e1 sofrendo amea\u00e7a de ser encaminhado ao pres\u00eddio central. Dezenas de pessoas ficaram feridas pela Brigada Militar.<\/span><\/em><\/p>\n<div class=\"text_exposed_show\">\n<em>Desde \u00e0 noite de ontem, o comando de greve j\u00e1 estava mobilizado para garantir o acesso ao legislativo. O presidente da c\u00e2mara ingressou com uma reintegra\u00e7\u00e3o de posse, por\u00e9m n\u00e3o houve deferimento do pedido at\u00e9 o final da manh\u00e3. O SIMCA moveu um mandado de seguran\u00e7a para garantir a libera\u00e7\u00e3o do acesso ao plen\u00e1rio, decis\u00e3o essa que acabou sendo DEFERIDA pela justi\u00e7a no final da manh\u00e3, comprovando que a atitude arbitr\u00e1ria e repressiva ocorrida na c\u00e2mara sequer teve respaldo legal.<\/em><br \/>\n<em>O Sindicato dos Municip\u00e1rios de Cachoeirinha repudia veementemente a repress\u00e3o ordenada sem nenhuma legitimidade contra os municip\u00e1rios e membros da comunidade.<\/em>\n<\/div>\n","protected":false},"excerpt":{"rendered":"<p>Bombas de g\u00e1s, spray de pimenta e conflito entre Brigada Militar e servidores p\u00fablicos municipais de Cachoeirinha. Foi esse o cen\u00e1rio que se instaurou em frente \u00e0 C\u00e2mara durante a manh\u00e3 desta quinta-feira quando o legislativo aprovou por 14 votos a 2 o projeto que reduz de R$25 para R$ 20 o vale-alimenta\u00e7\u00e3o dos servidores [&hellip;]<\/p>\n","protected":false},"author":4,"featured_media":46616,"comment_status":"open","ping_status":"closed","sticky":false,"template":"","format":"standard","meta":{"_jetpack_memberships_contains_paid_content":false,"footnotes":""},"categories":[26],"tags":[],"class_list":["post-46603","post","type-post","status-publish","format-standard","has-post-thumbnail","hentry","category-geral"],"aioseo_notices":[],"jetpack_featured_media_url":"","jetpack_sharing_enabled":true,"jetpack-related-posts":[],"jetpack_shortlink":"https:\/\/wp.me\/pbQjBd-c7F","_links":{"self":[{"href":"https:\/\/www.jornalja.com.br\/arquivo\/wp-json\/wp\/v2\/posts\/46603","targetHints":{"allow":["GET"]}}],"collection":[{"href":"https:\/\/www.jornalja.com.br\/arquivo\/wp-json\/wp\/v2\/posts"}],"about":[{"href":"https:\/\/www.jornalja.com.br\/arquivo\/wp-json\/wp\/v2\/types\/post"}],"author":[{"embeddable":true,"href":"https:\/\/www.jornalja.com.br\/arquivo\/wp-json\/wp\/v2\/users\/4"}],"replies":[{"embeddable":true,"href":"https:\/\/www.jornalja.com.br\/arquivo\/wp-json\/wp\/v2\/comments?post=46603"}],"version-history":[{"count":0,"href":"https:\/\/www.jornalja.com.br\/arquivo\/wp-json\/wp\/v2\/posts\/46603\/revisions"}],"wp:featuredmedia":[{"embeddable":true,"href":"https:\/\/www.jornalja.com.br\/arquivo\/wp-json\/"}],"wp:attachment":[{"href":"https:\/\/www.jornalja.com.br\/arquivo\/wp-json\/wp\/v2\/media?parent=46603"}],"wp:term":[{"taxonomy":"category","embeddable":true,"href":"https:\/\/www.jornalja.com.br\/arquivo\/wp-json\/wp\/v2\/categories?post=46603"},{"taxonomy":"post_tag","embeddable":true,"href":"https:\/\/www.jornalja.com.br\/arquivo\/wp-json\/wp\/v2\/tags?post=46603"}],"curies":[{"name":"wp","href":"https:\/\/api.w.org\/{rel}","templated":true}]}}