{"id":46638,"date":"2017-03-31T14:05:41","date_gmt":"2017-03-31T17:05:41","guid":{"rendered":"https:\/\/www.jornalja.com.br\/?p=46638"},"modified":"2017-03-31T14:05:41","modified_gmt":"2017-03-31T17:05:41","slug":"rede-minha-porto-alegre-lanca-campanha-para-financiar-atividades","status":"publish","type":"post","link":"https:\/\/www.jornalja.com.br\/arquivo\/rede-minha-porto-alegre-lanca-campanha-para-financiar-atividades\/","title":{"rendered":"Rede Minha Porto Alegre lan\u00e7a campanha para financiar atividades"},"content":{"rendered":"<p>Respons\u00e1vel por a\u00e7\u00f5es criativas em prol de causas pol\u00edticas, a rede Minha Porto Alegre est\u00e1 em busca de recursos para manter suas atividades. O coletivo, em atividade desde outubro de 2015, lan\u00e7ou uma campanha de <a href=\"http:\/\/www.apoia.minhaportoalegre.org.br\/\" target=\"_blank\" rel=\"noopener noreferrer\">financiamento coletivo atrav\u00e9s do seu site<\/a>.<br \/>\nEntre as causas defendidas pela Minha Porto Alegre est\u00e3o a liberdade de ensino nas escolas, o apoio \u00e0s mulheres v\u00edtimas de viol\u00eancia, a promo\u00e7\u00e3o da agricultura urbana e do transporte p\u00fablico de qualidade. A organiza\u00e7\u00e3o que atua h\u00e1 cerca de um ano emprega tecnologia e a\u00e7\u00f5es criativas para mobiliza\u00e7\u00e3o, por meio de a\u00e7\u00f5es online, como aplicativos para pressionar pol\u00edticos, ou atrav\u00e9s de eventos como exibi\u00e7\u00e3o de filmes e rodas de discuss\u00e3o.<br \/>\nA verba de opera\u00e7\u00f5es acaba em abril. Os recursos restantes no caixa s\u00e3o de uma campanha de microfinanciamento realizada em 2015, para arrecadar R$ 13,7 mil reais em seis dias. As doa\u00e7\u00f5es s\u00e3o a partir de R$ 15 e podem ser feitas doa\u00e7\u00f5es \u00fanicas ou programa\u00e7\u00e3o de d\u00e9bito autom\u00e1tico mensal.<br \/>\nA coordenadora de relacionamento da Minha Porto Alegre, Clara Alencastro, explica que em raz\u00e3o dos princ\u00edpio da rede, a capta\u00e7\u00e3o de recursos \u00e9 limitada. \u201cComo n\u00e3o tem contrapartida, a gente n\u00e3o coloca marca, fica dif\u00edcil de receber doa\u00e7\u00e3o de empresas. A gente tamb\u00e9m n\u00e3o aceita dinheiro de pol\u00edtico, ent\u00e3o a gente optou por esse modelo de microfinanciamento. N\u00e3o precisamos de muito, precisamos de muitos\u201d, afirma.<br \/>\nClara estima em aproximadamente R$ 8 mil reais o custo mensal, o que inclui sal\u00e1rios de dois funcion\u00e1rios, contabilidade, manuten\u00e7\u00e3o do escrit\u00f3rio e custos com tecnologia.<br \/>\nMinha Porto Alegre integra a rede Nossas Cidades, que surgiu em 2011, no Rio de Janeiro, a partir de um projeto que reivindicava mais transpar\u00eancia nas contas das Olimp\u00edadas. A partir da\u00ed surgiu a Meu Rio. Em 2014, veio Minha Sampa. Em 2015, a rede venceu o Desafio de Impacto Social do Google Brasil, um pr\u00eamio de R$ 1 milh\u00e3o, e abriu inscri\u00e7\u00f5es para novas cidades, quando Porto Alegre foi uma das contempladas.<\/p>\n","protected":false},"excerpt":{"rendered":"<p>Respons\u00e1vel por a\u00e7\u00f5es criativas em prol de causas pol\u00edticas, a rede Minha Porto Alegre est\u00e1 em busca de recursos para manter suas atividades. O coletivo, em atividade desde outubro de 2015, lan\u00e7ou uma campanha de financiamento coletivo atrav\u00e9s do seu site. Entre as causas defendidas pela Minha Porto Alegre est\u00e3o a liberdade de ensino nas [&hellip;]<\/p>\n","protected":false},"author":4,"featured_media":46639,"comment_status":"open","ping_status":"closed","sticky":false,"template":"","format":"standard","meta":{"_jetpack_memberships_contains_paid_content":false,"footnotes":""},"categories":[26],"tags":[],"class_list":["post-46638","post","type-post","status-publish","format-standard","has-post-thumbnail","hentry","category-geral"],"aioseo_notices":[],"jetpack_featured_media_url":"","jetpack_sharing_enabled":true,"jetpack-related-posts":[{"id":1280,"url":"https:\/\/www.jornalja.com.br\/arquivo\/o-menino-que-se-tornou-brizola\/","url_meta":{"origin":46638,"position":0},"title":"O Menino que se Tornou Brizola","author":"da Reda\u00e7\u00e3o","date":"28 de julho de 2008","format":false,"excerpt":"Autor: Cleber Dioni A vida de Leonel Brizola, com \u00eanfase para os primeiros anos em Porto Alegre, at\u00e9 o ex\u00edlio no Uruguai e a volta, quinze anos depois. \u00a0\"...\u00c9ramos todos jovens e nos identific\u00e1vamos com aquela massa an\u00f4nima a percorrer as ruas de Porto Alegre, gritando 'Get\u00falio', 'Get\u00falio' e empunhando\u2026","rel":"","context":"Em &quot;Livros&quot;","block_context":{"text":"Livros","link":"https:\/\/www.jornalja.com.br\/arquivo\/category\/livros\/"},"img":{"alt_text":"","src":"https:\/\/i0.wp.com\/www.jornalja.com.br\/wp-content\/uploads\/2008\/07\/brizola.gif?resize=350%2C200&ssl=1","width":350,"height":200},"classes":[]}],"jetpack_shortlink":"https:\/\/wp.me\/pbQjBd-c8e","_links":{"self":[{"href":"https:\/\/www.jornalja.com.br\/arquivo\/wp-json\/wp\/v2\/posts\/46638","targetHints":{"allow":["GET"]}}],"collection":[{"href":"https:\/\/www.jornalja.com.br\/arquivo\/wp-json\/wp\/v2\/posts"}],"about":[{"href":"https:\/\/www.jornalja.com.br\/arquivo\/wp-json\/wp\/v2\/types\/post"}],"author":[{"embeddable":true,"href":"https:\/\/www.jornalja.com.br\/arquivo\/wp-json\/wp\/v2\/users\/4"}],"replies":[{"embeddable":true,"href":"https:\/\/www.jornalja.com.br\/arquivo\/wp-json\/wp\/v2\/comments?post=46638"}],"version-history":[{"count":0,"href":"https:\/\/www.jornalja.com.br\/arquivo\/wp-json\/wp\/v2\/posts\/46638\/revisions"}],"wp:featuredmedia":[{"embeddable":true,"href":"https:\/\/www.jornalja.com.br\/arquivo\/wp-json\/"}],"wp:attachment":[{"href":"https:\/\/www.jornalja.com.br\/arquivo\/wp-json\/wp\/v2\/media?parent=46638"}],"wp:term":[{"taxonomy":"category","embeddable":true,"href":"https:\/\/www.jornalja.com.br\/arquivo\/wp-json\/wp\/v2\/categories?post=46638"},{"taxonomy":"post_tag","embeddable":true,"href":"https:\/\/www.jornalja.com.br\/arquivo\/wp-json\/wp\/v2\/tags?post=46638"}],"curies":[{"name":"wp","href":"https:\/\/api.w.org\/{rel}","templated":true}]}}