{"id":46658,"date":"2017-03-31T13:23:23","date_gmt":"2017-03-31T16:23:23","guid":{"rendered":"https:\/\/www.jornalja.com.br\/?p=46658"},"modified":"2017-03-31T13:23:23","modified_gmt":"2017-03-31T16:23:23","slug":"el-juego-de-antonia-leva-o-teatro-a-espacos-nao-convencionais","status":"publish","type":"post","link":"https:\/\/www.jornalja.com.br\/arquivo\/el-juego-de-antonia-leva-o-teatro-a-espacos-nao-convencionais\/","title":{"rendered":"\u201cEl Juego de Ant\u00f4nia\u201d leva o teatro a espa\u00e7os n\u00e3o convencionais"},"content":{"rendered":"<p><span class=\"assina\">Higino Barros<\/span><br \/>\nOs desafios s\u00e3o m\u00faltiplos para os atores da pe\u00e7a \u201cEl Juego de Ant\u00f4nia\u201d. O espa\u00e7o c\u00eanico n\u00e3o \u00e9 o palco convencional, o texto \u00e9 falado no idioma espanhol e o tema &#8211; medos e desejos humanos &#8211; nunca \u00e9 f\u00e1cil de abordar.<br \/>\nO espet\u00e1culo reestreia nessa sexta feira, dia 31 (ver servi\u00e7o) na casa dos cineastas Ana Luiza Azevedo e Giba Assis Brasil, seguindo a ideia de ocupar a resid\u00eancia como espa\u00e7o para experi\u00eancia c\u00eanica. A itiner\u00e2ncia de \u201cEl Juego de Ant\u00f4nia\u201d seguir\u00e1 pelos espa\u00e7os do Memorial do Theatro S\u00e3o Pedro e Museu Joaquim Felizardo.<br \/>\nO espet\u00e1culo foi concebido para espa\u00e7os n\u00e3o teatrais. Essa cria\u00e7\u00e3o parte da experi\u00eancia do diretor teatral Andr\u00e9 Carreira e da atriz Luciana Paz, que investigam as possibilidades dramat\u00fargicas dos espa\u00e7os urbanos. A pe\u00e7a \u00e9 livremente inspirada no texto Dos Viejos Panicos (1967), de Virgilio Pi\u00f1era (1912-1979), importante autor cubano, ainda in\u00e9dito no Brasil.<br \/>\n<strong>Influ\u00eancia na encena\u00e7\u00e3o<\/strong><br \/>\nLevado \u00e0 cena pela primeira vez em 2015, sempre em locais n\u00e3o convencionais, ser\u00e1 a primeira vez que o espet\u00e1culo \u00e9 apresentado em uma resid\u00eancia. A atriz Luciana Paz explica que tanto o espa\u00e7o f\u00edsico quanto o n\u00famero de espectadores acabam influenciando a encena\u00e7\u00e3o:<br \/>\n<img decoding=\"async\" class=\"alignleft wp-image-46665 size-medium\" src=\"https:\/\/www.jornalja.com.br\/wp-content\/uploads\/2017\/03\/foto-jogos-de-antonia-2-300x225.jpg\" alt=\"foto jogos de antonia 2\" width=\"300\" height=\"225\" \/>\u201cO espa\u00e7o f\u00edsico \u00e9 fundamental na moldura do espet\u00e1culo. J\u00e1 presentamos para p\u00fablico de cerca de 200 pessoas e outras vezes para plateias de 20 assistentes. Tudo isso acaba influenciando a compreens\u00e3o da encena\u00e7\u00e3o, embora o tempo todo o conte\u00fado do que \u00e9 falado seja sempre o mesmo. Embora nada seja for\u00e7ado, o p\u00fablico acaba interagindo com os atores e cada rea\u00e7\u00e3o \u00e9 um sentimento, uma vis\u00e3o de mundo, uma experi\u00eancia de vida\u201d<br \/>\nPara Luciana Paz, o espet\u00e1culo utiliza a imagem como representa\u00e7\u00e3o do passado para articular-se com o simb\u00f3lico. \u201cO espa\u00e7o ligado ao olhar e \u00e0 mem\u00f3ria, num tru\u00edsmo: sem ver n\u00e3o sabe; sem mem\u00f3ria n\u00e3o se lembra\u201d, conclui.<br \/>\n<strong>SERVI<\/strong><strong>\u00c7<\/strong><strong>O:<\/strong><br \/>\nResid\u00eancia de Ana Luiza Azevedo e Giba de Assis Brasil<br \/>\nEspet\u00e1culo: El Juego de Antonia<br \/>\nDias: 31 de mar\u00e7o e 01 de abril \/ 7 e 8 de abril<br \/>\nHor\u00e1rio: \u00e0s 19h,\u00a0Bairro Rio Branco<br \/>\nCapacidade: 20 pessoas<br \/>\nTelefone para reservas: (51) 99119 6972<br \/>\nIngresso: Contribui\u00e7\u00e3o espont\u00e2nea (no local)<br \/>\n&nbsp;<br \/>\n<strong>Memorial do Theatro S\u00e3o Pedro<\/strong><br \/>\nDias: 14 e 15 de abril<br \/>\nHor\u00e1rio: \u00e0s 19h<br \/>\nEndere\u00e7o: Pra\u00e7a Marechal Deodoro, s\/nr<br \/>\nBairro Centro Hist\u00f3rico &#8211; Porto Alegre &#8211; RS<br \/>\nTelefone Theatro S\u00e3o Pedro: (51) 3227.5100 \u2013 3227.5300<br \/>\nTelefone Produ\u00e7\u00e3o do Espet\u00e1culo: (51) 991196972<br \/>\nIngresso: Contribui\u00e7\u00e3o espont\u00e2nea (no local)<br \/>\n<strong>\u00a0<\/strong><br \/>\n<strong>Museu Joaquim Felizardo<\/strong><br \/>\nDias: 21 e 22 de abril<br \/>\nHor\u00e1rio: \u00e0s 19h<br \/>\nEndere\u00e7o: R. Jo\u00e3o Alfredo, 582<br \/>\nBairro Cidade Baixa &#8211; Porto Alegre &#8211; RS<br \/>\nTelefone Museo Joaquil Felizardo: (51) 3289.8275<br \/>\nTelefone Produ\u00e7\u00e3o do Espet\u00e1culo: (51) 991196972<br \/>\nIngresso: Contribui\u00e7\u00e3o espont\u00e2nea (no local)<br \/>\n&nbsp;<br \/>\nOBS.: A lota\u00e7\u00e3o \u00e9 de no m\u00e1ximo 20 pessoas em todos os locais, \u00a0os interessados devem fazer reserva pelo telefone: (051)99119 84 72 ou pelo e-mail: <a href=\"mailto:eljuegocontato@gmail.com\">eljuegocontato@gmail.com<\/a><br \/>\n<strong>\u00a0<\/strong><br \/>\n<strong>Ficha T\u00e9cnica<\/strong><br \/>\nConcep\u00e7\u00e3o e cria\u00e7\u00e3o: Luciana Paz, Andr\u00e9 Carreira e S\u00e9rgio Lulkin<br \/>\nDire\u00e7\u00e3o:\u00a0<span style=\"font-weight: 300\">Andr\u00e9 Carreira<\/span><br \/>\n<span style=\"font-weight: 300\">Atua\u00e7\u00e3o: Luciana Paz e S\u00e9rgio Lulkin<\/span><br \/>\n<span style=\"font-weight: 300\">Dramaturgia: Andr\u00e9 Carreira e Luciana Paz (livremente inspirado na obra <em>Dos Viejos P\u00e2nicos<\/em> do autor cubano V\u00edrgilio Pi\u00f1era)<\/span><br \/>\n<span style=\"font-weight: 300\"> Cenografia: Kadi Silva<\/span><br \/>\n<span style=\"font-weight: 300\">Figurino: Itiana Passetti <\/span><br \/>\n<span style=\"font-weight: 300\">Prepara\u00e7\u00e3o Vocal: Marlene Goidanich <\/span><br \/>\n<span style=\"font-weight: 300\">Prepara\u00e7\u00e3o Espanhol: Ana Gabriela Vazquez <\/span><br \/>\n<span style=\"font-weight: 300\">Fotografia: Fernando Pires<\/span><br \/>\n<span style=\"font-weight: 300\">Engenharia de Som: Alexandre Missel<\/span><br \/>\n<span style=\"font-weight: 300\">Coordena\u00e7\u00e3o de produ\u00e7\u00e3o: Alexandre Vargas <\/span><br \/>\n<span style=\"font-weight: 300\">Dura\u00e7\u00e3o: 45 minutos <\/span><br \/>\n<span style=\"font-weight: 300\">Faixa Et\u00e1ria Recomendada: 14 anos<\/span><br \/>\n<span style=\"font-weight: 300\">Realiza\u00e7\u00e3o: **CPTA \u2013 Centro de Pesquisa Teatral do Ator.<\/span><br \/>\n&nbsp;<\/p>\n","protected":false},"excerpt":{"rendered":"<p>Higino Barros Os desafios s\u00e3o m\u00faltiplos para os atores da pe\u00e7a \u201cEl Juego de Ant\u00f4nia\u201d. O espa\u00e7o c\u00eanico n\u00e3o \u00e9 o palco convencional, o texto \u00e9 falado no idioma espanhol e o tema &#8211; medos e desejos humanos &#8211; nunca \u00e9 f\u00e1cil de abordar. O espet\u00e1culo reestreia nessa sexta feira, dia 31 (ver servi\u00e7o) na [&hellip;]<\/p>\n","protected":false},"author":4,"featured_media":46664,"comment_status":"open","ping_status":"closed","sticky":false,"template":"","format":"standard","meta":{"_jetpack_memberships_contains_paid_content":false,"footnotes":""},"categories":[11,26],"tags":[],"class_list":["post-46658","post","type-post","status-publish","format-standard","has-post-thumbnail","hentry","category-materiasecundaria","category-geral"],"aioseo_notices":[],"jetpack_featured_media_url":"","jetpack_sharing_enabled":true,"jetpack-related-posts":[],"jetpack_shortlink":"https:\/\/wp.me\/pbQjBd-c8y","_links":{"self":[{"href":"https:\/\/www.jornalja.com.br\/arquivo\/wp-json\/wp\/v2\/posts\/46658","targetHints":{"allow":["GET"]}}],"collection":[{"href":"https:\/\/www.jornalja.com.br\/arquivo\/wp-json\/wp\/v2\/posts"}],"about":[{"href":"https:\/\/www.jornalja.com.br\/arquivo\/wp-json\/wp\/v2\/types\/post"}],"author":[{"embeddable":true,"href":"https:\/\/www.jornalja.com.br\/arquivo\/wp-json\/wp\/v2\/users\/4"}],"replies":[{"embeddable":true,"href":"https:\/\/www.jornalja.com.br\/arquivo\/wp-json\/wp\/v2\/comments?post=46658"}],"version-history":[{"count":0,"href":"https:\/\/www.jornalja.com.br\/arquivo\/wp-json\/wp\/v2\/posts\/46658\/revisions"}],"wp:featuredmedia":[{"embeddable":true,"href":"https:\/\/www.jornalja.com.br\/arquivo\/wp-json\/"}],"wp:attachment":[{"href":"https:\/\/www.jornalja.com.br\/arquivo\/wp-json\/wp\/v2\/media?parent=46658"}],"wp:term":[{"taxonomy":"category","embeddable":true,"href":"https:\/\/www.jornalja.com.br\/arquivo\/wp-json\/wp\/v2\/categories?post=46658"},{"taxonomy":"post_tag","embeddable":true,"href":"https:\/\/www.jornalja.com.br\/arquivo\/wp-json\/wp\/v2\/tags?post=46658"}],"curies":[{"name":"wp","href":"https:\/\/api.w.org\/{rel}","templated":true}]}}