{"id":46673,"date":"2017-03-31T14:50:11","date_gmt":"2017-03-31T17:50:11","guid":{"rendered":"https:\/\/www.jornalja.com.br\/?p=46673"},"modified":"2017-03-31T14:50:11","modified_gmt":"2017-03-31T17:50:11","slug":"fontana-propoe-frente-pelo-banrisul-publico-na-camara-dos-deputados","status":"publish","type":"post","link":"https:\/\/www.jornalja.com.br\/arquivo\/fontana-propoe-frente-pelo-banrisul-publico-na-camara-dos-deputados\/","title":{"rendered":"Fontana prop\u00f5e Frente pelo Banrisul p\u00fablico na C\u00e2mara dos Deputados"},"content":{"rendered":"<p>O deputado federal Henrique Fontana (PT-RS) est\u00e1 coletando assinaturas desde ontem (30\/03) para a cria\u00e7\u00e3o da Frente Parlamentar em Defesa do Banrisul P\u00fablico na C\u00e2mara Federal.<br \/>\nCom isso, ele pretende promover a\u00e7\u00f5es de mobiliza\u00e7\u00e3o em defesa do Banrisul p\u00fablico e ampliar o debate sobre a import\u00e2ncia da institui\u00e7\u00e3o para o desenvolvimento do Rio Grande do Sul, tornando. Fontana pretende discutir e tornar mais transparente as poss\u00edveis consequ\u00eancias sociais e econ\u00f4micas, para a popula\u00e7\u00e3o e para a administra\u00e7\u00e3o p\u00fablica, da eventual privatiza\u00e7\u00e3o.<br \/>\n\u201cO Banrisul \u00e9 uma institui\u00e7\u00e3o com identidade hist\u00f3rica e cultural com a popula\u00e7\u00e3o ga\u00facha e profundamente ligada ao desenvolvimento do Estado, com grande alcance geogr\u00e1fico e capilaridade na maioria dos munic\u00edpios do RS. Por meio do Banrisul, o Governo do Estado pode operar pol\u00edticas p\u00fablicas importantes que beneficiam milhares de pessoas, no meio urbano e rural. Trata-se de um banco s\u00f3lido e lucrativo, com patrim\u00f4nio l\u00edquido de R$ 6,7 bilh\u00f5es, que teve lucro acumulado de R$ 643,5 milh\u00f5es em 2016\u201d, justifica Henrique Fontana no documento que pede apoio \u00e0 cria\u00e7\u00e3o da Frente.<br \/>\nO Banrisul est\u00e1 presente em 430 munic\u00edpios, sendo que em 96 deles \u00e9 a \u00fanica institui\u00e7\u00e3o financeira.<br \/>\nA cria\u00e7\u00e3o da Frente na C\u00e2mara Federal se soma \u00e0 iniciativa da Assembleia Legislativa, proposta pelo deputado estadual Z\u00e9 Nunes (PT), que lan\u00e7ou o movimento no parlamento ga\u00facho e elaborou uma carta p\u00fablica contra a venda do banco estatal.<br \/>\n&nbsp;<\/p>\n","protected":false},"excerpt":{"rendered":"<p>O deputado federal Henrique Fontana (PT-RS) est\u00e1 coletando assinaturas desde ontem (30\/03) para a cria\u00e7\u00e3o da Frente Parlamentar em Defesa do Banrisul P\u00fablico na C\u00e2mara Federal. Com isso, ele pretende promover a\u00e7\u00f5es de mobiliza\u00e7\u00e3o em defesa do Banrisul p\u00fablico e ampliar o debate sobre a import\u00e2ncia da institui\u00e7\u00e3o para o desenvolvimento do Rio Grande do [&hellip;]<\/p>\n","protected":false},"author":4,"featured_media":46674,"comment_status":"open","ping_status":"closed","sticky":false,"template":"","format":"standard","meta":{"_jetpack_memberships_contains_paid_content":false,"footnotes":""},"categories":[26],"tags":[],"class_list":["post-46673","post","type-post","status-publish","format-standard","has-post-thumbnail","hentry","category-geral"],"aioseo_notices":[],"jetpack_featured_media_url":"","jetpack_sharing_enabled":true,"jetpack-related-posts":[],"jetpack_shortlink":"https:\/\/wp.me\/pbQjBd-c8N","_links":{"self":[{"href":"https:\/\/www.jornalja.com.br\/arquivo\/wp-json\/wp\/v2\/posts\/46673","targetHints":{"allow":["GET"]}}],"collection":[{"href":"https:\/\/www.jornalja.com.br\/arquivo\/wp-json\/wp\/v2\/posts"}],"about":[{"href":"https:\/\/www.jornalja.com.br\/arquivo\/wp-json\/wp\/v2\/types\/post"}],"author":[{"embeddable":true,"href":"https:\/\/www.jornalja.com.br\/arquivo\/wp-json\/wp\/v2\/users\/4"}],"replies":[{"embeddable":true,"href":"https:\/\/www.jornalja.com.br\/arquivo\/wp-json\/wp\/v2\/comments?post=46673"}],"version-history":[{"count":0,"href":"https:\/\/www.jornalja.com.br\/arquivo\/wp-json\/wp\/v2\/posts\/46673\/revisions"}],"wp:featuredmedia":[{"embeddable":true,"href":"https:\/\/www.jornalja.com.br\/arquivo\/wp-json\/"}],"wp:attachment":[{"href":"https:\/\/www.jornalja.com.br\/arquivo\/wp-json\/wp\/v2\/media?parent=46673"}],"wp:term":[{"taxonomy":"category","embeddable":true,"href":"https:\/\/www.jornalja.com.br\/arquivo\/wp-json\/wp\/v2\/categories?post=46673"},{"taxonomy":"post_tag","embeddable":true,"href":"https:\/\/www.jornalja.com.br\/arquivo\/wp-json\/wp\/v2\/tags?post=46673"}],"curies":[{"name":"wp","href":"https:\/\/api.w.org\/{rel}","templated":true}]}}