{"id":46680,"date":"2017-03-31T16:30:24","date_gmt":"2017-03-31T19:30:24","guid":{"rendered":"https:\/\/www.jornalja.com.br\/?p=46680"},"modified":"2017-03-31T16:30:24","modified_gmt":"2017-03-31T19:30:24","slug":"palco-giratorio-sesc-2017-tem-14-cidades-gauchas-no-roteiro","status":"publish","type":"post","link":"https:\/\/www.jornalja.com.br\/arquivo\/palco-giratorio-sesc-2017-tem-14-cidades-gauchas-no-roteiro\/","title":{"rendered":"Palco Girat\u00f3rio Sesc 2017 tem 14 cidades ga\u00fachas no roteiro"},"content":{"rendered":"<p>Lan\u00e7ada nacionalmente no \u00faltimo dia 29, em Campina Grande (PB), a <strong>20\u00aa edi\u00e7\u00e3o do Palco Girat\u00f3rio Sesc<\/strong> chega ao <strong>Rio Grande do Sul.<\/strong>\u00a0Al\u00e9m do j\u00e1 conhecido Festival, que ocorrer\u00e1 de 4 de abril a 28 de maio em Porto Alegre, haver\u00e1 apresenta\u00e7\u00f5es em outras 13 cidades ga\u00fachas: Lajeado, Caxias do Sul, Montenegro, Novo Hamburgo, S\u00e3o Leopoldo, Canoas, Passo Fundo, Carazinho, Iju\u00ed, Santa Rosa, Alegrete, Santa Maria e Camaqu\u00e3.<br \/>\nOs espet\u00e1culos que circular\u00e3o pelo Estado s\u00e3o: \u201cAbrazo\u201d, do Grupo de Teatro Clowns de Shakespeare (RN); \u201cBrincos &amp; Folias\u201d, da Balangandan\u00e7a Cia (SP); \u201cOs mequetrefe\u201d, da Parlapat\u00f5es (SP); \u201cLedores no breu\u201d, da Cia do Tijolo (SP); \u201cLete\u201d, Beradera Cia de Teatro (RO); \u201cPalafita\u201d, do Grupo Fuzu\u00ea (CE); \u201cFui!\u201d, da Cia Senhas (PR); \u201cHamlet \u2013 Processo de Revela\u00e7\u00e3o\u201d, dos Irm\u00e3os Guimar\u00e3es (DF) e \u201cNa Esquina\u201d, do Coletivo Na Esquina (MG). <em>Confira, abaixo, a agenda completa.<\/em><br \/>\nUma das maiores iniciativas no segmento de artes c\u00eanicas do pa\u00eds, o Palco Girat\u00f3rio \u00e9 uma rede de interc\u00e2mbio e difus\u00e3o das artes c\u00eanicas consolidada no cen\u00e1rio cultural brasileiro. Ao longo de 19 edi\u00e7\u00f5es, levou uma grande variedade de g\u00eaneros e linguagens art\u00edsticas para um p\u00fablico diversificado em 9.526 apresenta\u00e7\u00f5es em todo o pa\u00eds, entre grupos de teatro de rua, circo, dan\u00e7a entre outras linguagens art\u00edsticas \u2014 em instala\u00e7\u00f5es do Sesc, pra\u00e7as e outros espa\u00e7os urbanos. Mais informa\u00e7\u00f5es podem ser obtidas pelo site\u00a0<a href=\"http:\/\/www.sesc.com.br\/palcogiratorio\" data-saferedirecturl=\"http:\/\/www.google.com\/url?hl=pt-BR&amp;q=http:\/\/www.sesc.com.br\/palcogiratorio&amp;source=gmail&amp;ust=1491067447696000&amp;usg=AFQjCNF7q5nITu1BdqsiwSOx_kd9hZLtwQ\">www.sesc.com.br\/palcogiratorio<\/a>.<br \/>\n<strong>\u00d3i N\u00f3is Aqui Traveiz<\/strong><br \/>\n<u><\/u>Os ga\u00fachos da Tribo de Atuadores \u00d3i N\u00f3is Aqui Traveiz s\u00e3o os homenageados do 20\u00ba Circuito Nacional Palco Girat\u00f3rio Sesc. O grupo estreou nacionalmente o seu mais novo espet\u00e1culo \u201cCaliban \u2013 A Tempestade de Augusto Boal\u201d, durante o lan\u00e7amento do Palco Girat\u00f3rio no \u00faltimo dia 29\/03, em Campina Grande (PB), um trabalho de rua que celebra os 39 anos do coletivo, considerado um dos mais relevantes do pa\u00eds.<br \/>\nA Tribo tornou-se destaque no cen\u00e1rio nacional por promover a abertura de perspectivas para o teatro de rua e na ocupa\u00e7\u00e3o do espa\u00e7o p\u00fablico como potencializador de reflex\u00f5es pol\u00edticas e est\u00e9ticas. Ao longo do ano, o coletivo passar\u00e1 por 19 cidades com a nova montagem pelo Circuito Nacional Palco Girat\u00f3rio.<br \/>\nO espet\u00e1culo apropria-se da pe\u00e7a de Shakespeare e do pensamento do poeta, ensa\u00edsta e cr\u00edtico liter\u00e1rio cubano Roberto Fern\u00e1ndez Retamar para questionar a explora\u00e7\u00e3o da Am\u00e9rica do Sul pelo colonialismo europeu e para discutir a postura neocolonialista dos Estados Unidos. A montagem foi contemplada com o Pr\u00eamio Funarte de Teatro Myriam Muniz\/2015 e faz parte do Projeto Caliban \u2013 Apontamentos sobre O Teatro de Nuestra Am\u00e9rica, selecionado pelo programa de fomento Rumos Ita\u00fa Cultural.<br \/>\n<strong><u>PROGRAMA\u00c7\u00c3O:<\/u><\/strong><br \/>\n<u><\/u><strong>Circuito Nacional Palco Girat\u00f3rio 2017<\/strong><br \/>\n<strong>\u201cAbrazo\u201d &#8211; Grupo de Teatro Clowns de Shakespeare (RN)<\/strong><br \/>\n<strong>Sinopse: <\/strong>Segunda parte da trilogia que comp\u00f5e o projeto de pesquisa latino(-) americano (as outras duas s\u00e3o Nuestra Senhora de Las Nuvens e Dois Amores y um Bicho), Abrazo \u00e9 uma obra voltada para o p\u00fablico infanto-juvenil, que pode ser assistido por crian\u00e7as e adultos de todas as idades. Num lugar em que n\u00e3o \u00e9 permitido abra\u00e7ar, personagens atravessam um quadrado contando hist\u00f3rias de encontros, despedidas, opress\u00e3o, ex\u00edlio e, porque n\u00e3o, de afeto e liberdade. O espet\u00e1culo n\u00e3o verbal, conta com a m\u00fasica especialmente composta para a cena e com v\u00eddeo de anima\u00e7\u00e3o para narrar essa aventura inspirada em &#8220;O Livro dos Abra\u00e7os&#8221;, de Eduardo Galeano.<br \/>\n<strong>28\/04 \u2013 Lajeado &#8211;\u00a0<\/strong>Teatro Sesc Lajeado<br \/>\n<strong>30\/04 \u2013 Caxias do Sul &#8211;\u00a0<\/strong>Teatro Pedro Parenti (Casa da Cultura) &#8211; Rua Dr. Montaury, 1333<br \/>\n<strong>02\/05 \u2013 Montenegro &#8211;\u00a0<\/strong>Teatro Therezinha Petry Cardona (Fundarte) \u2013 Rua Capit\u00e3o Porfirio, 2141<br \/>\n<strong>04\/05 \u2013 Novo Hamburgo &#8211;\u00a0<\/strong>Teatro Municipal \u2013 Rua Engenheiro In\u00e1cio Plang, 66<br \/>\n<strong>06\/05 \u2013 S\u00e3o Leopoldo &#8211;\u00a0<\/strong>Museu do Trem<br \/>\n<strong>07\/05 \u2013<\/strong>\u00a0<strong>Canoas &#8211;\u00a0<\/strong>Teatro Sesc<br \/>\n<strong>08\/05 \u2013<\/strong> <strong>PENSAMENTO GIRAT\u00d3RIO em Porto Alegre<\/strong><br \/>\n<strong>09\/05 \u2013 Porto Alegre &#8211;\u00a0<\/strong>Teatro Sesc Centro<br \/>\n<strong>\u00a0<\/strong><br \/>\n<strong>\u201cBrincos &amp; Folias\u201d &#8211; Balangandan\u00e7a Cia (SP)<\/strong><br \/>\n<strong>Sinopse: <\/strong>A televis\u00e3o explodiu. E agora, o que fazer? O jeito vai ser arrega\u00e7ar as mangas e entrar na brincadeira, redescobrindo o corpo, o prazer de dan\u00e7ar e inventar movimentos. De uma pra outra, as brincadeiras-dan\u00e7as se desenrolam como em uma tarde de domingo&#8230;Entram em cena a amarelinha, o pega-pega, as bolhas de sab\u00e3o, o v\u00eddeo-game, brincadeiras de bater palmas, entre outras. Experi\u00eancias l\u00fadicas resgatadas da inf\u00e2ncia de antigas e novas gera\u00e7\u00f5es. A Balangandan\u00e7a Cia. nesse seu primeiro trabalho criado em 1997, convida o p\u00fablico mirim a entrar na dan\u00e7a, fazendo do corpo brinquedo e da brincadeira dan\u00e7a.<br \/>\n<strong>\u00a0<\/strong><strong>17\/05 \u2013 Canoas &#8211;\u00a0<\/strong>Teatro Sesc<br \/>\n<strong>\u00a0<\/strong><br \/>\n<strong>\u201cOs mequetrefe\u201d \u2013 Parlapat\u00f5es (SP)<\/strong><br \/>\n<strong>Sinopse: <\/strong>Em &#8220;Os Mequetrefe&#8221; quatro palha\u00e7os que, n\u00e3o por acaso, se chamam Dias, vivem a jornada de um longo e divertido dia. Do despertar \u00e0 hora de ir dormir, revelam como a desconstru\u00e7\u00e3o da l\u00f3gica cotidiana pode abrir espa\u00e7o para outras maneiras de encarar a vida. Vivendo situa\u00e7\u00f5es bem comuns esses cidad\u00e3os nada comuns provocam uma s\u00e9rie de confus\u00f5es t\u00e3o hil\u00e1rias quanto po\u00e9ticas. Da maneira como acordam, passando pelo jeito como se vestem para ir trabalhar, eles encaram essa aventura atrav\u00e9s do dia de maneira c\u00f4mica. Depois de acordar, os Dias pegam o \u00f4nibus, que ir\u00e1 se transformar em tudo que pode levar gente, seja navio ou trem, para simplesmente irem ao trabalho, e assim manipulam objetos de cena de maneira l\u00fadica, sempre carregados de um humor provocativo.<br \/>\n<strong>25\/05 \u2013 Porto Alegre &#8211;\u00a0<\/strong>Teatro Renascen\u00e7a<br \/>\n<strong>26\/05 \u2013 Canoas &#8211;\u00a0<\/strong>Teatro Sesc<br \/>\n<strong>28\/05 \u2013 S\u00e3o Leopoldo &#8211;\u00a0<\/strong>Local a definir<br \/>\n<strong>30\/05 \u2013 Novo Hamburgo &#8211;\u00a0<\/strong>Teatro Municipal \u2013 Rua Engenheiro In\u00e1cio Plang, 66<br \/>\n<strong>01\/06 \u2013 Montenegro &#8211;\u00a0<\/strong>Teatro Therezinha Cardona (Fundarte)<br \/>\n<strong>03\/06 \u2013 Caxias do Sul &#8211;\u00a0<\/strong>Teatro Pedro Parenti (Casa da Cultura)<br \/>\n<strong>05\/06 \u2013 Lajeado &#8211;\u00a0<\/strong>Teatro Sesc<br \/>\n&nbsp;<br \/>\n<strong>\u201cLedores no breu\u201d &#8211; Cia do Tijolo (SP)<\/strong><br \/>\n<strong>Sinopse:<\/strong> Inspirado no pensamento e na pr\u00e1tica do educador Paulo Freire e nas obras do poeta Z\u00e9 da Luz e do ficcionista Guimar\u00e3es Rosa, o espet\u00e1culo trata das rela\u00e7\u00f5es entre o homem da leitura, das letras e do mundo ao seu redor. Ledores no Breu traz hist\u00f3rias que acompanham tantos leitores na escurid\u00e3o e analfabetos em pleno s\u00e9culo XXI, seres que percorrem dist\u00e2ncias para elucidar suas d\u00favidas, seus erros e seus crimes. Um homem que por n\u00e3o poder ler as letras comete um crime contra seu amor e contra si mesmo; outro homem que desperta para as artimanhas e dubiedades da palavra ou algu\u00e9m que reinventa o afeto a partir das letras que formam um nome. Personagens que a partir de suas rela\u00e7\u00f5es com as letras e as palavras t\u00eam suas vidas profundamente transformadas.<br \/>\n<strong>25\/05 \u2013 Porto Alegre &#8211;\u00a0<\/strong>Sala Alvaro Moreyra<br \/>\n<strong>30\/05 \u2013 Passo Fundo &#8211;\u00a0<\/strong>Teatro Sesc<br \/>\n<strong>01\/06 \u2013 Carazinho &#8211;\u00a0<\/strong>Teatro Sesc<br \/>\n<strong>02\/06 &#8211; Iju\u00ed &#8211;\u00a0<\/strong>Teatro Sesc<br \/>\n<strong>04\/06 \u2013 Santa Rosa &#8211;\u00a0<\/strong>Teatro Sesc<br \/>\n<strong>06\/06 \u2013 Alegrete &#8211;\u00a0<\/strong>Local a definir<br \/>\n<strong>08\/06 \u2013 Santa Maria &#8211;\u00a0<\/strong>Theatro Treze de Maio ( Pra\u00e7a Saldanha Marinho \u00a0s\/n\u00ba)<br \/>\n<strong>10\/06 \u2013 Camaqu\u00e3 &#8211;\u00a0<\/strong>Teatro Sesc<br \/>\n&nbsp;<br \/>\n<strong>\u201cLete\u201d &#8211; Beradera Cia de Teatro (RO)<\/strong><br \/>\n<strong>Sinopse:<\/strong> Lete, na mitologia grega, \u00e9 o rio do esquecimento. \u00c9 ele quem apaga nos homens as suas vidas passadas. Esta pe\u00e7a, que estreou em maio de 2013 &#8211; antes da cheia hist\u00f3rica do rio Madeira, que ultrapassou em dois metros a \u00faltima marca registrada e afogou comunidades ribeirinhas inteiras \u2013 reflete, em um ambiente ficcional, sobre os diversos ciclos migrat\u00f3rios que moldaram a cidade de Porto Velho, culminando com o ciclo das usinas hidrel\u00e9tricas. A pe\u00e7a lan\u00e7a luz sobre as vozes n\u00e3o ouvidas nestes processos econ\u00f4micos e evidencia a mem\u00f3ria que se esvai nas \u00e1guas velozes e violentas do rio. Quatro atores-narradores se revezam em mais de vinte personagens em uma trama constru\u00edda sobre cem anos de hist\u00f3ria concentradas em uma.<br \/>\n<strong>29\/07 \u2013 Passo Fundo &#8211;\u00a0<\/strong>Teatro Sesc<br \/>\n<strong>30\/07 &#8211;<\/strong>\u00a0<strong> Carazinho &#8211;\u00a0<\/strong>Teatro Sesc<br \/>\n<strong>01\/08 &#8211; Lajeado &#8211;\u00a0<\/strong>Teatro Sesc<br \/>\n<strong>03\/08 \u2013 Caxias do Sul &#8211;\u00a0<\/strong>Teatro do Sesc<br \/>\n<strong>05\/08 &#8211; Montenegro &#8211;\u00a0<\/strong>Teatro Therezinha Cardona (Fundarte)<br \/>\n<strong>06\/08 &#8211;<\/strong>\u00a0<strong> Novo Hamburgo &#8211;\u00a0<\/strong>Teatro Municipal \u2013 Rua Engenheiro In\u00e1cio Plang, 66<br \/>\n<strong>08\/08 \u2013 S\u00e3o Leopoldo &#8211;\u00a0<\/strong>Local a definir<br \/>\n<strong>10\/08 &#8211; Canoas &#8211;\u00a0<\/strong>Teatro Sesc<br \/>\n&nbsp;<br \/>\n<strong>\u201cPalafita\u201d &#8211; <\/strong><strong>Grupo Fuzu\u00ea (CE)<\/strong><br \/>\n<strong>Sinopse:<\/strong> \u00c9 uma proposi\u00e7\u00e3o de equilibro entre dois corpos, ora sobre m\u00e3os e p\u00e9s, ora reconstruindo formas de estar no outro. A sustenta\u00e7\u00e3o do corpo sobreposto se da pela busca de eixos est\u00e1veis, remetendo a imagem dos casebres lacustres que conhecemos por palafitas que se erguem em lagos e regi\u00f5es pantanosas como estrat\u00e9gia de se habitar um espa\u00e7o. O conceito de morada aqui cria a subjetividade da prote\u00e7\u00e3o, uma maneira de habitar os terrenos n\u00e3o est\u00e1veis da condi\u00e7\u00e3o humana.<br \/>\n&nbsp;<br \/>\n<strong>17-08 \u2013 Carazinho &#8211;\u00a0<\/strong>Teatro Sesc<br \/>\n<strong>18-08<\/strong>\u00a0\u2013<strong>Passo Fundo &#8211;\u00a0<\/strong>Teatro Sesc<br \/>\n<strong>20-08 \u2013 Iju\u00ed &#8211;\u00a0<\/strong>Teatro Sesc<br \/>\n<strong>22-08 \u2013 Santa Rosa &#8211;\u00a0<\/strong>Teatro Sesc<br \/>\n<strong>24-08 \u2013 Alegrete &#8211;\u00a0<\/strong>Local: a definir<br \/>\n<strong>26-08 \u2013 Santa Maria &#8211;\u00a0<\/strong>Theatro Treze de Maio ( Pra\u00e7a Saldanha Marinho \u00a0s\/n\u00ba)<br \/>\n<strong>28-08 \u2013 Camaqu\u00e3 &#8211;\u00a0<\/strong>Teatro Sesc<br \/>\n&nbsp;<br \/>\n<strong>FUI! &#8211; <\/strong><strong>Cia Senhas (PR)<\/strong><br \/>\n<strong>Sinopse:<\/strong> A CiaSenhas excursiona pelo universo juvenil com a montagem FUI!, livremente inspirado na obra liter\u00e1ria Tchick de Wolfgang Herrndorf, com texto e dire\u00e7\u00e3o de Sueli Araujo. O espet\u00e1culo apresenta quatro personagens que se encontram ap\u00f3s 15 anos para, atrav\u00e9s da cria\u00e7\u00e3o de uma pe\u00e7a de teatro, lembrarem e reviverem as experi\u00eancias que compartilharam quando eram jovens. Temas como amizade, solid\u00e3o, confian\u00e7a e sexualidade s\u00e3o abordados na montagem. Com uma linguagem din\u00e2mica e direta, FUI! apresenta ao p\u00fablico um recorte sens\u00edvel sobre ser jovem ontem e hoje. Amizade e mem\u00f3ria norteiam a pe\u00e7a que se desenha, tamb\u00e9m, a partir da rela\u00e7\u00e3o com quem a v\u00ea.<br \/>\n<strong>\u00a0<\/strong><strong>28\/08 \u2013 Iju\u00ed &#8211;\u00a0<\/strong>Teatro Sesc<br \/>\n<strong>29\/08 \u2013<\/strong>\u00a0<strong>Santa Rosa &#8211;\u00a0<\/strong>Teatro Sesc<br \/>\n<strong>31\/08 \u2013 Alegrete &#8211;\u00a0<\/strong>Local a definir<br \/>\n<strong>02\/09 \u2013 Santa Maria &#8211;\u00a0<\/strong>Theatro Treze de Maio ( Pra\u00e7a Saldanha Marinho \u00a0s\/n\u00ba)<br \/>\n<strong>04\/09 \u2013 Camaqu\u00e3 &#8211;\u00a0<\/strong>Teatro Sesc<br \/>\n<strong>02\/09 \u2013 Santa Maria &#8211;\u00a0<\/strong>Local a definir<br \/>\n<strong>04\/09 \u2013 Camaqu\u00e3 &#8211;\u00a0<\/strong>Teatro Sesc<br \/>\n&nbsp;<br \/>\n<strong>\u201cHamlet \u2013 Processo de Revela\u00e7\u00e3o\u201d &#8211; <\/strong><strong>Irm\u00e3os Guimar\u00e3es (DF)<\/strong><br \/>\nSinopse: De Bras\u00edlia, mas atuam no RJ e SP praticamente. Do\u00a0<strong>Coletivo Irm\u00e3os Guimar\u00e3es<\/strong>\u00a0(<a href=\"http:\/\/www.facebook.com\/coletivoirmaosguimaraes\/\" data-saferedirecturl=\"http:\/\/www.google.com\/url?hl=pt-BR&amp;q=http:\/\/www.facebook.com\/coletivoirmaosguimaraes\/&amp;source=gmail&amp;ust=1491067447696000&amp;usg=AFQjCNG2tAPBLOHI2Pb9Y-cAOOKj_yn2_Q\">http:\/\/www.facebook.com\/coletivoirmaosguimaraes\/<\/a>), tamb\u00e9m, um dos coletivos mais conceituados do pa\u00eds. Tem uma trajet\u00f3ria grande em inova\u00e7\u00f5es com v\u00eddeos etc e com esse espet\u00e1culo ganhou muitos pr\u00eamios no ano passado, sendo sucesso de cr\u00edtica no eixo rio\/s\u00e3o Paulo.<br \/>\nO trabalho \u00e9 uma delicadeza, \u00f3timo para trabalhar com estudantes, jovens, com escolares. \u00c9 Shakespeare, mas com um ator somente em cena, numa linguagem totalmente jovial, apresentando a hist\u00f3ria a partir da famosa frase \u201cser ou n\u00e3o ser, eis a quest\u00e3o\u201d.<br \/>\n<strong>10\/10 \u2013 Canoas &#8211;\u00a0<\/strong>Teatro Sesc<br \/>\n<strong>11\/10 \u2013 S\u00e3o Leopoldo &#8211;\u00a0<\/strong>Local a definir<br \/>\n<strong>13\/10 \u2013 Novo Hamburgo &#8211;\u00a0<\/strong>Teatro Municipal \u2013 Rua Engenheiro In\u00e1cio Plang, 66<br \/>\n<strong>15-10 \u2013 Montenegro &#8211;\u00a0<\/strong>Teatro Therezinha Cardona (Fundarte)<br \/>\n<strong>17-10 \u2013 Caxias do Sul &#8211;\u00a0<\/strong>Teatro Pedro Parenti (Casa da Cultura)<br \/>\n<strong>19-10 \u2013 Lajeado &#8211;\u00a0<\/strong>Teatro Sesc<br \/>\n<strong>21-10 \u2013 Carazinho &#8211;\u00a0<\/strong>Teatro Sesc<br \/>\n<strong>22-10 \u2013<\/strong>\u00a0<strong>Passo Fundo &#8211;\u00a0<\/strong>Teatro Sesc<br \/>\n&nbsp;<br \/>\n<strong>\u201cNa Esquina\u201d &#8211; Coletivo Na Esquina (MG)<\/strong><br \/>\n<strong>Sinopse:<\/strong> Na esquina, via cruzada de caminhos que buscam por outros. Ciclos e repeti\u00e7\u00f5es criam uma paisagem afetiva entre amigos e um espet\u00e1culo que se constr\u00f3i pela espontaneidade do elenco. Performances simult\u00e2neas entram em jogo em inter-rela\u00e7\u00f5es diversas: o mastro chin\u00eas, o trap\u00e9zio fixo, a lira, o malabares, a acrobacia de solo e o m\u00e3o-a-m\u00e3o. Na Esquina camufla as din\u00e2micas dos ensaios, falseia e assume processos preparat\u00f3rios, rompe a previsibilidade do que deve ser mostrado e o que \u00e9 exclu\u00eddo num espet\u00e1culo. O encontro \u00e9 possibilidade de produzir a diferen\u00e7a, para al\u00e9m do refor\u00e7o das identidades, abre-se para as rela\u00e7\u00f5es entre quem atua e quem assiste; Na Esquina \u00e9 o ponto de partida para outros lugares.<br \/>\n<strong>19\/11 \u2013 Iju\u00ed &#8211;\u00a0<\/strong>Pra\u00e7a da Rep\u00fablica<br \/>\n<strong>21\/11 \u2013 Santa Rosa &#8211;\u00a0<\/strong>Parque Tape Por\u00e3 &#8211; Av. Expedicion\u00e1rio Weber &#8211; em frente ao Mercado Stock Center<br \/>\n<strong>23\/11 \u2013 Alegrete &#8211;\u00a0<\/strong>Local a definir<br \/>\n<strong>25\/11 \u2013 Santa Maria &#8211;\u00a0<\/strong>Esta\u00e7\u00e3o F\u00e9rrea de Santa Maria &#8211; GARE<br \/>\n<strong>27\/11 \u2013 Camaqu\u00e3 &#8211;\u00a0<\/strong>em frente ao Sesc<\/p>\n","protected":false},"excerpt":{"rendered":"<p>Lan\u00e7ada nacionalmente no \u00faltimo dia 29, em Campina Grande (PB), a 20\u00aa edi\u00e7\u00e3o do Palco Girat\u00f3rio Sesc chega ao Rio Grande do Sul.\u00a0Al\u00e9m do j\u00e1 conhecido Festival, que ocorrer\u00e1 de 4 de abril a 28 de maio em Porto Alegre, haver\u00e1 apresenta\u00e7\u00f5es em outras 13 cidades ga\u00fachas: Lajeado, Caxias do Sul, Montenegro, Novo Hamburgo, S\u00e3o [&hellip;]<\/p>\n","protected":false},"author":4,"featured_media":0,"comment_status":"open","ping_status":"closed","sticky":false,"template":"","format":"standard","meta":{"_jetpack_newsletter_access":"","_jetpack_dont_email_post_to_subs":false,"_jetpack_newsletter_tier_id":0,"_jetpack_memberships_contains_paywalled_content":false,"_jetpack_feature_clip_id":0,"_jetpack_memberships_contains_paid_content":false,"footnotes":"","jetpack_post_was_ever_published":false},"categories":[2022],"tags":[],"class_list":["post-46680","post","type-post","status-publish","format-standard","hentry","category-notas"],"aioseo_notices":[],"aioseo_head":"\n\t\t<!-- All in One SEO 5.0.1.1 - aioseo.com -->\n\t<meta name=\"robots\" content=\"max-image-preview:large\" \/>\n\t<meta name=\"author\" content=\"da Reda\u00e7\u00e3o\"\/>\n\t<link rel=\"canonical\" href=\"https:\/\/www.jornalja.com.br\/arquivo\/palco-giratorio-sesc-2017-tem-14-cidades-gauchas-no-roteiro\/\" \/>\n\t<meta name=\"generator\" content=\"All in One SEO (AIOSEO) 5.0.1.1\" \/>\n\t\t<meta property=\"og:locale\" content=\"pt_BR\" \/>\n\t\t<meta property=\"og:site_name\" content=\"Arquivo | Jornal J\u00c1 | Porto Alegre\" \/>\n\t\t<meta property=\"og:type\" content=\"article\" \/>\n\t\t<meta property=\"og:title\" content=\"Palco Girat\u00f3rio Sesc 2017 tem 14 cidades ga\u00fachas no roteiro | Arquivo\" \/>\n\t\t<meta property=\"og:url\" content=\"https:\/\/www.jornalja.com.br\/arquivo\/palco-giratorio-sesc-2017-tem-14-cidades-gauchas-no-roteiro\/\" \/>\n\t\t<meta property=\"og:image\" content=\"https:\/\/www.jornalja.com.br\/economics\/wp-content\/uploads\/sites\/11\/2026\/08\/ja-folhaderosto-facebook.jpg\" \/>\n\t\t<meta property=\"og:image:secure_url\" content=\"https:\/\/www.jornalja.com.br\/economics\/wp-content\/uploads\/sites\/11\/2026\/08\/ja-folhaderosto-facebook.jpg\" \/>\n\t\t<meta property=\"article:published_time\" content=\"2017-03-31T19:30:24+00:00\" \/>\n\t\t<meta property=\"article:modified_time\" content=\"2017-03-31T19:30:24+00:00\" \/>\n\t\t<meta name=\"twitter:card\" content=\"summary\" \/>\n\t\t<meta name=\"twitter:title\" content=\"Palco Girat\u00f3rio Sesc 2017 tem 14 cidades ga\u00fachas no roteiro | Arquivo\" \/>\n\t\t<meta name=\"twitter:image\" content=\"https:\/\/www.jornalja.com.br\/economics\/wp-content\/uploads\/sites\/11\/2026\/08\/ja-folhaderosto-facebook.jpg\" \/>\n\t\t<script type=\"application\/ld+json\" class=\"aioseo-schema\">\n\t\t\t{\"@context\":\"https:\\\/\\\/schema.org\",\"@graph\":[{\"@type\":\"BlogPosting\",\"@id\":\"https:\\\/\\\/www.jornalja.com.br\\\/arquivo\\\/palco-giratorio-sesc-2017-tem-14-cidades-gauchas-no-roteiro\\\/#blogposting\",\"name\":\"Palco Girat\\u00f3rio Sesc 2017 tem 14 cidades ga\\u00fachas no roteiro | Arquivo\",\"headline\":\"Palco Girat\\u00f3rio Sesc 2017 tem 14 cidades ga\\u00fachas no roteiro\",\"author\":{\"@id\":\"https:\\\/\\\/www.jornalja.com.br\\\/arquivo\\\/author\\\/daredacao\\\/#author\"},\"publisher\":{\"@id\":\"https:\\\/\\\/www.jornalja.com.br\\\/arquivo\\\/#organization\"},\"image\":{\"@type\":\"ImageObject\",\"url\":\"https:\\\/\\\/www.jornalja.com.br\\\/wp-content\\\/uploads\\\/cards\\\/JAslogan.png\",\"@id\":\"https:\\\/\\\/www.jornalja.com.br\\\/arquivo\\\/#articleImage\"},\"datePublished\":\"2017-03-31T16:30:24-03:00\",\"dateModified\":\"2017-03-31T16:30:24-03:00\",\"inLanguage\":\"pt-BR\",\"mainEntityOfPage\":{\"@id\":\"https:\\\/\\\/www.jornalja.com.br\\\/arquivo\\\/palco-giratorio-sesc-2017-tem-14-cidades-gauchas-no-roteiro\\\/#webpage\"},\"isPartOf\":{\"@id\":\"https:\\\/\\\/www.jornalja.com.br\\\/arquivo\\\/palco-giratorio-sesc-2017-tem-14-cidades-gauchas-no-roteiro\\\/#webpage\"},\"articleSection\":\"NOTAS\"},{\"@type\":\"BreadcrumbList\",\"@id\":\"https:\\\/\\\/www.jornalja.com.br\\\/arquivo\\\/palco-giratorio-sesc-2017-tem-14-cidades-gauchas-no-roteiro\\\/#breadcrumblist\",\"itemListElement\":[{\"@type\":\"ListItem\",\"@id\":\"https:\\\/\\\/www.jornalja.com.br\\\/arquivo#listItem\",\"position\":1,\"name\":\"Home\",\"item\":\"https:\\\/\\\/www.jornalja.com.br\\\/arquivo\",\"nextItem\":{\"@type\":\"ListItem\",\"@id\":\"https:\\\/\\\/www.jornalja.com.br\\\/arquivo\\\/category\\\/notas\\\/#listItem\",\"name\":\"NOTAS\"}},{\"@type\":\"ListItem\",\"@id\":\"https:\\\/\\\/www.jornalja.com.br\\\/arquivo\\\/category\\\/notas\\\/#listItem\",\"position\":2,\"name\":\"NOTAS\",\"item\":\"https:\\\/\\\/www.jornalja.com.br\\\/arquivo\\\/category\\\/notas\\\/\",\"nextItem\":{\"@type\":\"ListItem\",\"@id\":\"https:\\\/\\\/www.jornalja.com.br\\\/arquivo\\\/palco-giratorio-sesc-2017-tem-14-cidades-gauchas-no-roteiro\\\/#listItem\",\"name\":\"Palco Girat\\u00f3rio Sesc 2017 tem 14 cidades ga\\u00fachas no roteiro\"},\"previousItem\":{\"@type\":\"ListItem\",\"@id\":\"https:\\\/\\\/www.jornalja.com.br\\\/arquivo#listItem\",\"name\":\"Home\"}},{\"@type\":\"ListItem\",\"@id\":\"https:\\\/\\\/www.jornalja.com.br\\\/arquivo\\\/palco-giratorio-sesc-2017-tem-14-cidades-gauchas-no-roteiro\\\/#listItem\",\"position\":3,\"name\":\"Palco Girat\\u00f3rio Sesc 2017 tem 14 cidades ga\\u00fachas no roteiro\",\"previousItem\":{\"@type\":\"ListItem\",\"@id\":\"https:\\\/\\\/www.jornalja.com.br\\\/arquivo\\\/category\\\/notas\\\/#listItem\",\"name\":\"NOTAS\"}}]},{\"@type\":\"Organization\",\"@id\":\"https:\\\/\\\/www.jornalja.com.br\\\/arquivo\\\/#organization\",\"name\":\"Jornal J\\u00c1\",\"description\":\"Jornal J\\u00c1 | Porto Alegre\",\"url\":\"https:\\\/\\\/www.jornalja.com.br\\\/arquivo\\\/\",\"telephone\":\"+555133307272\",\"logo\":{\"@type\":\"ImageObject\",\"url\":\"https:\\\/\\\/www.jornalja.com.br\\\/wp-content\\\/uploads\\\/cards\\\/JAslogan.png\",\"@id\":\"https:\\\/\\\/www.jornalja.com.br\\\/arquivo\\\/palco-giratorio-sesc-2017-tem-14-cidades-gauchas-no-roteiro\\\/#organizationLogo\"},\"image\":{\"@id\":\"https:\\\/\\\/www.jornalja.com.br\\\/arquivo\\\/palco-giratorio-sesc-2017-tem-14-cidades-gauchas-no-roteiro\\\/#organizationLogo\"}},{\"@type\":\"Person\",\"@id\":\"https:\\\/\\\/www.jornalja.com.br\\\/arquivo\\\/author\\\/daredacao\\\/#author\",\"url\":\"https:\\\/\\\/www.jornalja.com.br\\\/arquivo\\\/author\\\/daredacao\\\/\",\"name\":\"da Reda\\u00e7\\u00e3o\",\"image\":{\"@type\":\"ImageObject\",\"@id\":\"https:\\\/\\\/www.jornalja.com.br\\\/arquivo\\\/palco-giratorio-sesc-2017-tem-14-cidades-gauchas-no-roteiro\\\/#authorImage\",\"url\":\"https:\\\/\\\/secure.gravatar.com\\\/avatar\\\/469fd857d6605ad19919d27ed29d35a968a25f6e8fd9318356bbb7f57aae9c65?s=96&d=mm&r=g\",\"width\":96,\"height\":96,\"caption\":\"da Reda\\u00e7\\u00e3o\"}},{\"@type\":\"WebPage\",\"@id\":\"https:\\\/\\\/www.jornalja.com.br\\\/arquivo\\\/palco-giratorio-sesc-2017-tem-14-cidades-gauchas-no-roteiro\\\/#webpage\",\"url\":\"https:\\\/\\\/www.jornalja.com.br\\\/arquivo\\\/palco-giratorio-sesc-2017-tem-14-cidades-gauchas-no-roteiro\\\/\",\"name\":\"Palco Girat\\u00f3rio Sesc 2017 tem 14 cidades ga\\u00fachas no roteiro | Arquivo\",\"inLanguage\":\"pt-BR\",\"isPartOf\":{\"@id\":\"https:\\\/\\\/www.jornalja.com.br\\\/arquivo\\\/#website\"},\"breadcrumb\":{\"@id\":\"https:\\\/\\\/www.jornalja.com.br\\\/arquivo\\\/palco-giratorio-sesc-2017-tem-14-cidades-gauchas-no-roteiro\\\/#breadcrumblist\"},\"author\":{\"@id\":\"https:\\\/\\\/www.jornalja.com.br\\\/arquivo\\\/author\\\/daredacao\\\/#author\"},\"creator\":{\"@id\":\"https:\\\/\\\/www.jornalja.com.br\\\/arquivo\\\/author\\\/daredacao\\\/#author\"},\"datePublished\":\"2017-03-31T16:30:24-03:00\",\"dateModified\":\"2017-03-31T16:30:24-03:00\"},{\"@type\":\"WebSite\",\"@id\":\"https:\\\/\\\/www.jornalja.com.br\\\/arquivo\\\/#website\",\"url\":\"https:\\\/\\\/www.jornalja.com.br\\\/arquivo\\\/\",\"name\":\"Arquivo\",\"description\":\"Jornal J\\u00c1 | Porto Alegre\",\"inLanguage\":\"pt-BR\",\"publisher\":{\"@id\":\"https:\\\/\\\/www.jornalja.com.br\\\/arquivo\\\/#organization\"}}]}\n\t\t<\/script>\n\t\t<!-- All in One SEO -->\n\n","aioseo_head_json":{"title":"Palco Girat\u00f3rio Sesc 2017 tem 14 cidades ga\u00fachas no roteiro | Arquivo","description":"","canonical_url":"https:\/\/www.jornalja.com.br\/arquivo\/palco-giratorio-sesc-2017-tem-14-cidades-gauchas-no-roteiro\/","robots":"max-image-preview:large","keywords":"","webmasterTools":{"miscellaneous":""},"schema":{"@context":"https:\/\/schema.org","@graph":[{"@type":"BlogPosting","@id":"https:\/\/www.jornalja.com.br\/arquivo\/palco-giratorio-sesc-2017-tem-14-cidades-gauchas-no-roteiro\/#blogposting","name":"Palco Girat\u00f3rio Sesc 2017 tem 14 cidades ga\u00fachas no roteiro | Arquivo","headline":"Palco Girat\u00f3rio Sesc 2017 tem 14 cidades ga\u00fachas no roteiro","author":{"@id":"https:\/\/www.jornalja.com.br\/arquivo\/author\/daredacao\/#author"},"publisher":{"@id":"https:\/\/www.jornalja.com.br\/arquivo\/#organization"},"image":{"@type":"ImageObject","url":"https:\/\/www.jornalja.com.br\/wp-content\/uploads\/cards\/JAslogan.png","@id":"https:\/\/www.jornalja.com.br\/arquivo\/#articleImage"},"datePublished":"2017-03-31T16:30:24-03:00","dateModified":"2017-03-31T16:30:24-03:00","inLanguage":"pt-BR","mainEntityOfPage":{"@id":"https:\/\/www.jornalja.com.br\/arquivo\/palco-giratorio-sesc-2017-tem-14-cidades-gauchas-no-roteiro\/#webpage"},"isPartOf":{"@id":"https:\/\/www.jornalja.com.br\/arquivo\/palco-giratorio-sesc-2017-tem-14-cidades-gauchas-no-roteiro\/#webpage"},"articleSection":"NOTAS"},{"@type":"BreadcrumbList","@id":"https:\/\/www.jornalja.com.br\/arquivo\/palco-giratorio-sesc-2017-tem-14-cidades-gauchas-no-roteiro\/#breadcrumblist","itemListElement":[{"@type":"ListItem","@id":"https:\/\/www.jornalja.com.br\/arquivo#listItem","position":1,"name":"Home","item":"https:\/\/www.jornalja.com.br\/arquivo","nextItem":{"@type":"ListItem","@id":"https:\/\/www.jornalja.com.br\/arquivo\/category\/notas\/#listItem","name":"NOTAS"}},{"@type":"ListItem","@id":"https:\/\/www.jornalja.com.br\/arquivo\/category\/notas\/#listItem","position":2,"name":"NOTAS","item":"https:\/\/www.jornalja.com.br\/arquivo\/category\/notas\/","nextItem":{"@type":"ListItem","@id":"https:\/\/www.jornalja.com.br\/arquivo\/palco-giratorio-sesc-2017-tem-14-cidades-gauchas-no-roteiro\/#listItem","name":"Palco Girat\u00f3rio Sesc 2017 tem 14 cidades ga\u00fachas no roteiro"},"previousItem":{"@type":"ListItem","@id":"https:\/\/www.jornalja.com.br\/arquivo#listItem","name":"Home"}},{"@type":"ListItem","@id":"https:\/\/www.jornalja.com.br\/arquivo\/palco-giratorio-sesc-2017-tem-14-cidades-gauchas-no-roteiro\/#listItem","position":3,"name":"Palco Girat\u00f3rio Sesc 2017 tem 14 cidades ga\u00fachas no roteiro","previousItem":{"@type":"ListItem","@id":"https:\/\/www.jornalja.com.br\/arquivo\/category\/notas\/#listItem","name":"NOTAS"}}]},{"@type":"Organization","@id":"https:\/\/www.jornalja.com.br\/arquivo\/#organization","name":"Jornal J\u00c1","description":"Jornal J\u00c1 | Porto Alegre","url":"https:\/\/www.jornalja.com.br\/arquivo\/","telephone":"+555133307272","logo":{"@type":"ImageObject","url":"https:\/\/www.jornalja.com.br\/wp-content\/uploads\/cards\/JAslogan.png","@id":"https:\/\/www.jornalja.com.br\/arquivo\/palco-giratorio-sesc-2017-tem-14-cidades-gauchas-no-roteiro\/#organizationLogo"},"image":{"@id":"https:\/\/www.jornalja.com.br\/arquivo\/palco-giratorio-sesc-2017-tem-14-cidades-gauchas-no-roteiro\/#organizationLogo"}},{"@type":"Person","@id":"https:\/\/www.jornalja.com.br\/arquivo\/author\/daredacao\/#author","url":"https:\/\/www.jornalja.com.br\/arquivo\/author\/daredacao\/","name":"da Reda\u00e7\u00e3o","image":{"@type":"ImageObject","@id":"https:\/\/www.jornalja.com.br\/arquivo\/palco-giratorio-sesc-2017-tem-14-cidades-gauchas-no-roteiro\/#authorImage","url":"https:\/\/secure.gravatar.com\/avatar\/469fd857d6605ad19919d27ed29d35a968a25f6e8fd9318356bbb7f57aae9c65?s=96&d=mm&r=g","width":96,"height":96,"caption":"da Reda\u00e7\u00e3o"}},{"@type":"WebPage","@id":"https:\/\/www.jornalja.com.br\/arquivo\/palco-giratorio-sesc-2017-tem-14-cidades-gauchas-no-roteiro\/#webpage","url":"https:\/\/www.jornalja.com.br\/arquivo\/palco-giratorio-sesc-2017-tem-14-cidades-gauchas-no-roteiro\/","name":"Palco Girat\u00f3rio Sesc 2017 tem 14 cidades ga\u00fachas no roteiro | Arquivo","inLanguage":"pt-BR","isPartOf":{"@id":"https:\/\/www.jornalja.com.br\/arquivo\/#website"},"breadcrumb":{"@id":"https:\/\/www.jornalja.com.br\/arquivo\/palco-giratorio-sesc-2017-tem-14-cidades-gauchas-no-roteiro\/#breadcrumblist"},"author":{"@id":"https:\/\/www.jornalja.com.br\/arquivo\/author\/daredacao\/#author"},"creator":{"@id":"https:\/\/www.jornalja.com.br\/arquivo\/author\/daredacao\/#author"},"datePublished":"2017-03-31T16:30:24-03:00","dateModified":"2017-03-31T16:30:24-03:00"},{"@type":"WebSite","@id":"https:\/\/www.jornalja.com.br\/arquivo\/#website","url":"https:\/\/www.jornalja.com.br\/arquivo\/","name":"Arquivo","description":"Jornal J\u00c1 | Porto Alegre","inLanguage":"pt-BR","publisher":{"@id":"https:\/\/www.jornalja.com.br\/arquivo\/#organization"}}]},"og:locale":"pt_BR","og:site_name":"Arquivo | Jornal J\u00c1 | Porto Alegre","og:type":"article","og:title":"Palco Girat\u00f3rio Sesc 2017 tem 14 cidades ga\u00fachas no roteiro | Arquivo","og:url":"https:\/\/www.jornalja.com.br\/arquivo\/palco-giratorio-sesc-2017-tem-14-cidades-gauchas-no-roteiro\/","og:image":"https:\/\/www.jornalja.com.br\/economics\/wp-content\/uploads\/sites\/11\/2026\/08\/ja-folhaderosto-facebook.jpg","og:image:secure_url":"https:\/\/www.jornalja.com.br\/economics\/wp-content\/uploads\/sites\/11\/2026\/08\/ja-folhaderosto-facebook.jpg","article:published_time":"2017-03-31T19:30:24+00:00","article:modified_time":"2017-03-31T19:30:24+00:00","twitter:card":"summary","twitter:title":"Palco Girat\u00f3rio Sesc 2017 tem 14 cidades ga\u00fachas no roteiro | Arquivo","twitter:image":"https:\/\/www.jornalja.com.br\/economics\/wp-content\/uploads\/sites\/11\/2026\/08\/ja-folhaderosto-facebook.jpg"},"aioseo_meta_data":{"post_id":"46680","title":null,"description":null,"keywords":null,"keyphrases":null,"primary_term":null,"canonical_url":null,"og_title":null,"og_description":null,"og_object_type":"default","og_image_type":"default","og_image_url":null,"og_image_width":null,"og_image_height":null,"og_image_custom_url":null,"og_image_custom_fields":null,"og_video":null,"og_custom_url":null,"og_article_section":null,"og_article_tags":null,"twitter_use_og":false,"twitter_card":"default","twitter_image_type":"default","twitter_image_url":null,"twitter_image_custom_url":null,"twitter_image_custom_fields":null,"twitter_title":null,"twitter_description":null,"schema":{"blockGraphs":[],"customGraphs":[],"default":{"data":{"Article":[],"Course":[],"Dataset":[],"FAQPage":[],"Movie":[],"Person":[],"Product":[],"ProductReview":[],"Car":[],"Recipe":[],"Service":[],"SoftwareApplication":[],"WebPage":[]},"graphName":"","isEnabled":true},"graphs":[],"defaultGraph":"","defaultPostTypeGraph":""},"schema_type":null,"schema_type_options":null,"pillar_content":false,"robots_default":true,"robots_noindex":false,"robots_noarchive":false,"robots_nosnippet":false,"robots_nofollow":false,"robots_noimageindex":false,"robots_noodp":false,"robots_notranslate":false,"robots_max_snippet":null,"robots_max_videopreview":null,"robots_max_imagepreview":"large","priority":null,"frequency":null,"location":null,"local_seo":null,"breadcrumb_settings":null,"limit_modified_date":false,"ai":null,"created":"2020-12-20 20:37:39","updated":"2025-07-19 20:47:35","seo_analyzer_scan_date":null,"focus_keyword":null,"additional_keywords":null,"truseo_locale":null},"jetpack_sharing_enabled":true,"jetpack-related-posts":[{"id":13124,"url":"https:\/\/www.jornalja.com.br\/arquivo\/sangue-latino-no-iecine\/","url_meta":{"origin":46680,"position":0},"title":"Sangue latino no IECINE","author":"da Reda\u00e7\u00e3o","date":"18 de maio de 2014","format":false,"excerpt":"Francisco Ribeiro O Instituto Estadual de Cinema (IECINE) tem a frente, desde abril \u00faltimo, um novo diretor, o cineasta colombiano Juan Zapata, 36, que substitui Luiz Alberto Cassol. Radicado h\u00e1 dez anos em Porto Alegre, Zapata tem diante de si o desafio de conduzir at\u00e9 o final do ano um\u2026","rel":"","context":"Em &quot;Cultura-Geral&quot;","block_context":{"text":"Cultura-Geral","link":"https:\/\/www.jornalja.com.br\/arquivo\/category\/materiasecundaria\/"},"img":{"alt_text":"","src":"","width":0,"height":0},"classes":[]},{"id":13109,"url":"https:\/\/www.jornalja.com.br\/arquivo\/judiciario-reconhece-poluicao-eletromagnetica\/","url_meta":{"origin":46680,"position":1},"title":"Judici\u00e1rio reconhece polui\u00e7\u00e3o eletromagn\u00e9tica","author":"Patr\u00edcia Marini","date":"16 de maio de 2014","format":false,"excerpt":"A\u00e7\u00e3o de duas associa\u00e7\u00f5es de moradores foi acolhida pelo Tribunal de Justi\u00e7a de S\u00e3o Paulo que. em decis\u00e3o in\u00e9dita, determinou a redu\u00e7\u00e3o do campo eletromagn\u00e9tico gerado pelas linhas de transmiss\u00e3o de energia que cortam os bairros City Boa\u00e7ava e Alto de Pinheiros. \u00c9 a primeira vez que um tribunal do\u2026","rel":"","context":"Em &quot;X.Categorias velhas&quot;","block_context":{"text":"X.Categorias velhas","link":"https:\/\/www.jornalja.com.br\/arquivo\/category\/x-categorias-velhas\/"},"img":{"alt_text":"","src":"","width":0,"height":0},"classes":[]},{"id":13239,"url":"https:\/\/www.jornalja.com.br\/arquivo\/conselho-desdenha-do-plano-diretor\/","url_meta":{"origin":46680,"position":2},"title":"Porto Alegre: Conselho detona Plano Diretor","author":"Patr\u00edcia Marini","date":"25 de maio de 2014","format":false,"excerpt":"Den\u00fancia do arquiteto e \u00a0urbanista Ibir\u00e1 Santos Lucas. Ele diz que os conselheiros est\u00e3o votando com \"enorme irresponsabilidade\". \"Mudam regime com a maior naturalidade,,,regularizam absurdos de constru\u00e7\u00f5es irregulares... \"O CMDUA est\u00e1 flexibilizando a lei do plano diretor, de uma forma impactante na vida da cidade. Mudam regime com a maior\u2026","rel":"","context":"Em &quot;Geral&quot;","block_context":{"text":"Geral","link":"https:\/\/www.jornalja.com.br\/arquivo\/category\/geral\/"},"img":{"alt_text":"","src":"","width":0,"height":0},"classes":[]},{"id":14241,"url":"https:\/\/www.jornalja.com.br\/arquivo\/o-guaiba-nas-imagens-poeticas-de-achutti\/","url_meta":{"origin":46680,"position":3},"title":"O Gua\u00edba nas imagens po\u00e9ticas de Achutti","author":"da Reda\u00e7\u00e3o","date":"18 de junho de 2014","format":false,"excerpt":"Em \u201cO Gua\u00edba por Achutti\u201d \u2013 obra financiada via Minist\u00e9rio da Cultura, produ\u00e7\u00e3o executiva de Pedro Longhi, e Fl\u00e1vio Wild como designer \u2013, o fot\u00f3grafo revela a beleza e as mazelas de um espa\u00e7o aqu\u00e1tico de \u00e1guas sempre renovadas, cheio de hist\u00f3rias e lendas como as das cidades que foram\u2026","rel":"","context":"Em &quot;Cultura-Geral&quot;","block_context":{"text":"Cultura-Geral","link":"https:\/\/www.jornalja.com.br\/arquivo\/category\/materiasecundaria\/"},"img":{"alt_text":"","src":"","width":0,"height":0},"classes":[]},{"id":13240,"url":"https:\/\/www.jornalja.com.br\/arquivo\/plano-diretor-estamos-construindo-o-caos\/","url_meta":{"origin":46680,"position":4},"title":"Plano diretor: &quot;Estamos construindo o caos&quot;","author":"Patr\u00edcia Marini","date":"26 de maio de 2014","format":false,"excerpt":"Desabafo que arquiteta Eliana Castilhos, delegada da Regi\u00e3o de Planejamento 1, postou nas redes sociais \u00e9 um testemunho do ambiente que se criou no Conselho do Plano Diretor de Porto Alegre, onde a aprova\u00e7\u00e3o de grandes empreendimentos \u00e9 empurrada guela abaixo dos conselheiros. Ao CMDUA Como delegada da Regi\u00e3o de\u2026","rel":"","context":"Em &quot;Geral&quot;","block_context":{"text":"Geral","link":"https:\/\/www.jornalja.com.br\/arquivo\/category\/geral\/"},"img":{"alt_text":"","src":"","width":0,"height":0},"classes":[]},{"id":13128,"url":"https:\/\/www.jornalja.com.br\/arquivo\/maconha-terra-diz-que-uso-medicinal-e-desculpa\/","url_meta":{"origin":46680,"position":5},"title":"Maconha: Terra diz que uso medicinal \u00e9 desculpa","author":"Patr\u00edcia Marini","date":"4 de junho de 2014","format":false,"excerpt":"A condi\u00e7\u00e3o de pol\u00edtico, em \u00e9poca de campanha de campanha eleitoral, tira for\u00e7a do discurso do m\u00e9dico Osmar Terra contra a legaliza\u00e7\u00e3o da maconha. A tese dele de que a libera\u00e7\u00e3o vai ampliar exponencialmente o consumo \u00e9 discutivel, o consumo \u00e9 corrente. Mas seus alertas quanto aos riscos tem que\u2026","rel":"","context":"Em &quot;X.Categorias velhas&quot;","block_context":{"text":"X.Categorias velhas","link":"https:\/\/www.jornalja.com.br\/arquivo\/category\/x-categorias-velhas\/"},"img":{"alt_text":"","src":"","width":0,"height":0},"classes":[]}],"jetpack_shortlink":"https:\/\/wp.me\/pbQjBd-c8U","jetpack_featured_media_url":"","_links":{"self":[{"href":"https:\/\/www.jornalja.com.br\/arquivo\/wp-json\/wp\/v2\/posts\/46680","targetHints":{"allow":["GET"]}}],"collection":[{"href":"https:\/\/www.jornalja.com.br\/arquivo\/wp-json\/wp\/v2\/posts"}],"about":[{"href":"https:\/\/www.jornalja.com.br\/arquivo\/wp-json\/wp\/v2\/types\/post"}],"author":[{"embeddable":true,"href":"https:\/\/www.jornalja.com.br\/arquivo\/wp-json\/wp\/v2\/users\/4"}],"replies":[{"embeddable":true,"href":"https:\/\/www.jornalja.com.br\/arquivo\/wp-json\/wp\/v2\/comments?post=46680"}],"version-history":[{"count":0,"href":"https:\/\/www.jornalja.com.br\/arquivo\/wp-json\/wp\/v2\/posts\/46680\/revisions"}],"wp:attachment":[{"href":"https:\/\/www.jornalja.com.br\/arquivo\/wp-json\/wp\/v2\/media?parent=46680"}],"wp:term":[{"taxonomy":"category","embeddable":true,"href":"https:\/\/www.jornalja.com.br\/arquivo\/wp-json\/wp\/v2\/categories?post=46680"},{"taxonomy":"post_tag","embeddable":true,"href":"https:\/\/www.jornalja.com.br\/arquivo\/wp-json\/wp\/v2\/tags?post=46680"}],"curies":[{"name":"wp","href":"https:\/\/api.w.org\/{rel}","templated":true}]}}