{"id":46685,"date":"2017-03-31T17:10:50","date_gmt":"2017-03-31T20:10:50","guid":{"rendered":"https:\/\/www.jornalja.com.br\/?p=46685"},"modified":"2017-03-31T17:10:50","modified_gmt":"2017-03-31T20:10:50","slug":"suspensa-a-greve-do-magisterio-da-rede-publica-estadual","status":"publish","type":"post","link":"https:\/\/www.jornalja.com.br\/arquivo\/suspensa-a-greve-do-magisterio-da-rede-publica-estadual\/","title":{"rendered":"Suspensa a greve do magist\u00e9rio da rede p\u00fablica estadual"},"content":{"rendered":"<p>&nbsp;<br \/>\nEm assembleia geral realizada na Casa do Ga\u00facho, no Parque da Harmonia, os professores da rede p\u00fablica estadual suspenderam a greve da categoria, iniciada no dia 15 de mar\u00e7o. As aulas ser\u00e3o retomadas na pr\u00f3xima quarta-feira, dia 5 de abril, mas sofrer\u00e3o interrup\u00e7\u00f5es quando houver vota\u00e7\u00e3o dos projetos do governo Sartori na Assembleia Legislativa e no dia 28 de abril, data que est\u00e1 convocada uma greve geral pelas centrais sindicais.<br \/>\nA assembleia geral dessa sexta-feira (31\/3) foi realizada em um local menor que a anterior (que foi no Gigantinho) e durou uma hora e meia. O encaminhamento para a suspens\u00e3o da greve foi realizado na parte da manh\u00e3, na reuni\u00e3o do Conselho da entidade, que aprovou as propostas discutidas. A ades\u00e3o ao movimento era baixa, principalmente no interior do Estado. Mas a avalia\u00e7\u00e3o da dire\u00e7\u00e3o do Cpers\/Sindicato \u00e9 que a forma que a paralisa\u00e7\u00e3o foi feita teve resultado positivo.<br \/>\nPara a presidente da entidade, Helenir Sch\u00fcrer, \u201ca for\u00e7a da greve e das in\u00fameras mobiliza\u00e7\u00f5es realizadas por todo o Estado pelos educadores t\u00eam feito o governo Sartori recuar na aprova\u00e7\u00e3o das PECs que prejudicam de forma brutal os educadores e demais servidores\u201d.<br \/>\nAgora a dire\u00e7\u00e3o do Cpers vai negociar com o secret\u00e1rio da Educa\u00e7\u00e3o, Luis Alcoba, a recupera\u00e7\u00e3o dos dias de aulas parados e a revers\u00e3o de medidas punitivas que foram aplicadas em algumas ocasi\u00f5es durante a greve.<br \/>\n<strong>Propostas aprovadas:<\/strong><br \/>\n1 \u2013 Suspender a greve, com calend\u00e1rio forte de mobiliza\u00e7\u00e3o, retornando as atividades na quarta-feira (05\/04) condicionada ao acordo de greve do CPERS\/Sindicato com o governo na recupera\u00e7\u00e3o dos dias parados, revertendo os casos de persegui\u00e7\u00e3o e respeitando a Lei de Gest\u00e3o Democr\u00e1tica nas escolas;<br \/>\n2 \u2013 Dar continuidade \u00e0s plen\u00e1rias de discuss\u00e3o da reforma da Previd\u00eancia e demais reformas, bem como o fortalecimento dos comit\u00eas locais;<br \/>\n3 \u2013 Acompanhar o calend\u00e1rio de mobiliza\u00e7\u00e3o da CNTE;<br \/>\n4 \u2013 Participar no dia 28 de abril da Greve Geral chamada pelas centrais sindicais, sindicatos, federa\u00e7\u00f5es e confedera\u00e7\u00f5es;<br \/>\n5 \u2013 Realizar paralisa\u00e7\u00e3o e vig\u00edlia nos dias de vota\u00e7\u00e3o das PECs encaminhadas pelo governo Sartori \u00e0 Assembleia Legislativa;<br \/>\n6- Realizar escrachos ao governador Sartori em todos os espa\u00e7os em que ele estiver;<br \/>\n7 \u2013 Continuar com os escrachos aos deputados estaduais e federais nas suas bases eleitorais;<br \/>\n8 \u2013 Realizar marchas tem\u00e1ticas municipais, culminando em marchas estaduais;<br \/>\n9 \u2013 Discutir com a categoria a import\u00e2ncia do IPE p\u00fablico e de qualidade, devido \u00e0 emin\u00eancia do Judici\u00e1rio em criar um plano pr\u00f3prio de sa\u00fade;<br \/>\n10 \u2013 Procurar todas as entidades para integrar os comit\u00eas locais contra as reformas dos governos Temer e Sartori;<br \/>\n11 \u2013 Mo\u00e7\u00e3o de Rep\u00fadio contra a viol\u00eancia praticada contra os servidores da Prefeitura de Cachoeirinha, apoiada pelo prefeito Mike Breier (PSB) e pelo presidente da C\u00e2mara de Vereadores, Marco Barbosa.<br \/>\n&nbsp;<\/p>\n","protected":false},"excerpt":{"rendered":"<p>&nbsp; Em assembleia geral realizada na Casa do Ga\u00facho, no Parque da Harmonia, os professores da rede p\u00fablica estadual suspenderam a greve da categoria, iniciada no dia 15 de mar\u00e7o. As aulas ser\u00e3o retomadas na pr\u00f3xima quarta-feira, dia 5 de abril, mas sofrer\u00e3o interrup\u00e7\u00f5es quando houver vota\u00e7\u00e3o dos projetos do governo Sartori na Assembleia Legislativa [&hellip;]<\/p>\n","protected":false},"author":4,"featured_media":46686,"comment_status":"open","ping_status":"closed","sticky":false,"template":"","format":"standard","meta":{"_jetpack_memberships_contains_paid_content":false,"footnotes":""},"categories":[26],"tags":[],"class_list":["post-46685","post","type-post","status-publish","format-standard","has-post-thumbnail","hentry","category-geral"],"aioseo_notices":[],"jetpack_featured_media_url":"","jetpack_sharing_enabled":true,"jetpack-related-posts":[],"jetpack_shortlink":"https:\/\/wp.me\/pbQjBd-c8Z","_links":{"self":[{"href":"https:\/\/www.jornalja.com.br\/arquivo\/wp-json\/wp\/v2\/posts\/46685","targetHints":{"allow":["GET"]}}],"collection":[{"href":"https:\/\/www.jornalja.com.br\/arquivo\/wp-json\/wp\/v2\/posts"}],"about":[{"href":"https:\/\/www.jornalja.com.br\/arquivo\/wp-json\/wp\/v2\/types\/post"}],"author":[{"embeddable":true,"href":"https:\/\/www.jornalja.com.br\/arquivo\/wp-json\/wp\/v2\/users\/4"}],"replies":[{"embeddable":true,"href":"https:\/\/www.jornalja.com.br\/arquivo\/wp-json\/wp\/v2\/comments?post=46685"}],"version-history":[{"count":0,"href":"https:\/\/www.jornalja.com.br\/arquivo\/wp-json\/wp\/v2\/posts\/46685\/revisions"}],"wp:featuredmedia":[{"embeddable":true,"href":"https:\/\/www.jornalja.com.br\/arquivo\/wp-json\/"}],"wp:attachment":[{"href":"https:\/\/www.jornalja.com.br\/arquivo\/wp-json\/wp\/v2\/media?parent=46685"}],"wp:term":[{"taxonomy":"category","embeddable":true,"href":"https:\/\/www.jornalja.com.br\/arquivo\/wp-json\/wp\/v2\/categories?post=46685"},{"taxonomy":"post_tag","embeddable":true,"href":"https:\/\/www.jornalja.com.br\/arquivo\/wp-json\/wp\/v2\/tags?post=46685"}],"curies":[{"name":"wp","href":"https:\/\/api.w.org\/{rel}","templated":true}]}}