{"id":46702,"date":"2017-04-03T08:22:06","date_gmt":"2017-04-03T11:22:06","guid":{"rendered":"https:\/\/www.jornalja.com.br\/?p=46702"},"modified":"2017-04-03T08:22:06","modified_gmt":"2017-04-03T11:22:06","slug":"protesto-de-trabalhadores-pede-a-retomada-do-polo-naval-em-rio-grande","status":"publish","type":"post","link":"https:\/\/www.jornalja.com.br\/arquivo\/protesto-de-trabalhadores-pede-a-retomada-do-polo-naval-em-rio-grande\/","title":{"rendered":"Protesto de trabalhadores pede a retomada do Polo Naval em Rio Grande"},"content":{"rendered":"<div class=\"lista_fotos fr\">\n<figure><figcaption>Desde a 5h desta segunda-feira (3), trabalhadores da ind\u00fastria naval \u00a0em\u00a0<strong>Rio Grande<\/strong> protestam em v\u00e1rios pontos da cidades.<\/figcaption><figcaption><\/figcaption><figcaption>Pelo menos quatro pontos da BR-392 est\u00e3o bloqueados, com queima de pneus, al\u00e9m dos terminais de \u00f4nibus e lanchas da cidade.<\/figcaption><\/figure>\n<\/div>\n<p>A categoria quer o apoio dos governos Estadual e Federal para a retomada do Polo Naval de Rio Grande, cujas obras foram paralisadas em decorr\u00eancia da crise da Petrobr\u00e1s.<br \/>\nEm fun\u00e7\u00e3o dos protestos, nenhum usu\u00e1rio de \u00f4nibus e lanchas est\u00e1 podendo acessar o transporte p\u00fablico.<\/p>\n<div id=\"mais_noticias_leitura\" class=\"mais_noticias_leitura\">\u00a0J\u00e1 os bloqueios nos quil\u00f4metros zero, dois (teminal do Estaleiro), tr\u00eas (ponte dos franceses) e nove (Tergrasa), provocam engarrafamento, principalmente de caminh\u00f5es, pois o per\u00edodo \u00e9 de safra, at\u00e9 o trevo de acesso a Rio Grande.<\/div>\n<div class=\"mais_noticias_leitura\"><\/div>\n<div class=\"mais_noticias_leitura\">Liderados pelo sindicato dos metal\u00fargicos, os trabalhadores do polo naval mant\u00e9m mobiliza\u00e7\u00e3o desde a demiss\u00e3o dos 3.500 empregados da Engevix, no in\u00edcio do ano.<\/div>\n<div class=\"mais_noticias_leitura\"><\/div>\n<div class=\"mais_noticias_leitura\">Eles j\u00e1 fizeram vigilias, audi\u00eancias p\u00fablicas, carreatas e agora bloqueiam o transporte, pedindo provid\u00eancias do governo para a retomada das obras do polo naval, ou pelo menos parte delas<\/div>\n<div class=\"mais_noticias_leitura\">\nDe acordo com o Sindicato dos Metal\u00fargico de Rio Grande e <strong>S\u00e3o Jos\u00e9 do Norte<\/strong>, \u00a0\u00e9 poss\u00edvel terminar a P-71, que est\u00e1 em grande parte construida na Engevix, por encomenda da Petrobr\u00e1s.<br \/>\nO casco da plataforma j\u00e1 est\u00e1 com 72,54% de sua estrutura pronta. De acordo com o vice-presidente do Sindicato, Sadi Machado, sete mil toneladas est\u00e3o prontas e liberadas. &#8220;Mais 39 mil toneladas est\u00e3o certificadas e podem virar sucata.&#8221;<br \/>\nA estimativa do sindicato \u00e9 que em 16 meses, seria poss\u00edvel finalizar a plataforma, recuperando assim 2,8 mil empregos. O Estaleiro de Rio Grande, \u00e9 considerado o maior dique seco da Am\u00e9rica Latina e um dos maiores p\u00f3rticos do mundo, que gera milhares de empregos diretos e indiretos.<br \/>\nA reivindica\u00e7\u00e3o dos trabalhadores inclui tamb\u00e9m a manuten\u00e7\u00e3o da pol\u00edtica do conte\u00fado local, uma vez que, o polo naval brasileiro tem sido essencial para o desenvolvimento tecnol\u00f3gico e para a gera\u00e7\u00e3o de emprego e renda em toda a cadeia produtiva e de servi\u00e7os, do setor de petr\u00f3leo a n\u00edvel nacional.<br \/>\n&#8220;Pela primeira vez os mais simples est\u00e3o sendo considerados os mais importantes. Isto porque ano que vem tem elei\u00e7\u00f5es e n\u00f3s, metal\u00fargico, vamos nos lembrar muito bem. N\u00f3s s\u00f3 queremos o nosso trabalho&#8221;, enfatizou Machado.<br \/>\n<strong>Apoio<\/strong><br \/>\n\u201cA CDL sempre apoiou e continuar\u00e1 apoiando todas as demandas econ\u00f4micas e sociais de nossa cidade. Neste momento estamos engajados na continuidade da constru\u00e7\u00e3o naval, que \u00e9 de fundamental import\u00e2ncia na composi\u00e7\u00e3o da matriz econ\u00f4mica da regi\u00e3o\u201d, declarou o presidente Lu\u00eds Carlos Zanetti.<br \/>\nO chefe do Parlamento Estadual, deputado Edegar Pretto (PT), disse que seu compromisso como presidente do Legislativo ga\u00facho \u00e9 com a defesa intransigente dos interesses do Rio Grande e de uma pol\u00edtica industrial que alavanque o crescimento econ\u00f4mico em solo ga\u00facho. &#8220;N\u00e3o podemos deixar de lado toda uma estrutura que foi financiada e montada a partir de 2005, ainda no primeiro governo do ex-presidente Lula, para dar conta das demandas nacionais na explora\u00e7\u00e3o do Pr\u00e9-Sal. &#8221;<br \/>\nPara ele, a mudan\u00e7a de planos n\u00e3o tem rela\u00e7\u00e3o com a crise internacional, mas de uma decis\u00e3o do governo federal e da Petrobras em mudar o percentual de conte\u00fado local na fabrica\u00e7\u00e3o de plataformas, sondas e m\u00f3dulos, entre outros. &#8220;Al\u00e9m disso, as contrata\u00e7\u00f5es para a fabrica\u00e7\u00e3o continuam, mas com lucro e empregos gerados sendo canalizadas para outros pa\u00edses como a China&#8221;, afirmou. (<em>Com informa\u00e7\u00f5es do Di\u00e1rio Popular)\u00a0<\/em><br \/>\n&nbsp;\n<\/div>\n","protected":false},"excerpt":{"rendered":"<p>Desde a 5h desta segunda-feira (3), trabalhadores da ind\u00fastria naval \u00a0em\u00a0Rio Grande protestam em v\u00e1rios pontos da cidades.Pelo menos quatro pontos da BR-392 est\u00e3o bloqueados, com queima de pneus, al\u00e9m dos terminais de \u00f4nibus e lanchas da cidade. A categoria quer o apoio dos governos Estadual e Federal para a retomada do Polo Naval de [&hellip;]<\/p>\n","protected":false},"author":4,"featured_media":46704,"comment_status":"open","ping_status":"closed","sticky":false,"template":"","format":"standard","meta":{"_jetpack_memberships_contains_paid_content":false,"footnotes":""},"categories":[26],"tags":[],"class_list":["post-46702","post","type-post","status-publish","format-standard","has-post-thumbnail","hentry","category-geral"],"aioseo_notices":[],"jetpack_featured_media_url":"","jetpack_sharing_enabled":true,"jetpack-related-posts":[{"id":1280,"url":"https:\/\/www.jornalja.com.br\/arquivo\/o-menino-que-se-tornou-brizola\/","url_meta":{"origin":46702,"position":0},"title":"O Menino que se Tornou Brizola","author":"da Reda\u00e7\u00e3o","date":"28 de julho de 2008","format":false,"excerpt":"Autor: Cleber Dioni A vida de Leonel Brizola, com \u00eanfase para os primeiros anos em Porto Alegre, at\u00e9 o ex\u00edlio no Uruguai e a volta, quinze anos depois. \u00a0\"...\u00c9ramos todos jovens e nos identific\u00e1vamos com aquela massa an\u00f4nima a percorrer as ruas de Porto Alegre, gritando 'Get\u00falio', 'Get\u00falio' e empunhando\u2026","rel":"","context":"Em &quot;Livros&quot;","block_context":{"text":"Livros","link":"https:\/\/www.jornalja.com.br\/arquivo\/category\/livros\/"},"img":{"alt_text":"","src":"https:\/\/i0.wp.com\/www.jornalja.com.br\/wp-content\/uploads\/2008\/07\/brizola.gif?resize=350%2C200&ssl=1","width":350,"height":200},"classes":[]}],"jetpack_shortlink":"https:\/\/wp.me\/pbQjBd-c9g","_links":{"self":[{"href":"https:\/\/www.jornalja.com.br\/arquivo\/wp-json\/wp\/v2\/posts\/46702","targetHints":{"allow":["GET"]}}],"collection":[{"href":"https:\/\/www.jornalja.com.br\/arquivo\/wp-json\/wp\/v2\/posts"}],"about":[{"href":"https:\/\/www.jornalja.com.br\/arquivo\/wp-json\/wp\/v2\/types\/post"}],"author":[{"embeddable":true,"href":"https:\/\/www.jornalja.com.br\/arquivo\/wp-json\/wp\/v2\/users\/4"}],"replies":[{"embeddable":true,"href":"https:\/\/www.jornalja.com.br\/arquivo\/wp-json\/wp\/v2\/comments?post=46702"}],"version-history":[{"count":0,"href":"https:\/\/www.jornalja.com.br\/arquivo\/wp-json\/wp\/v2\/posts\/46702\/revisions"}],"wp:featuredmedia":[{"embeddable":true,"href":"https:\/\/www.jornalja.com.br\/arquivo\/wp-json\/"}],"wp:attachment":[{"href":"https:\/\/www.jornalja.com.br\/arquivo\/wp-json\/wp\/v2\/media?parent=46702"}],"wp:term":[{"taxonomy":"category","embeddable":true,"href":"https:\/\/www.jornalja.com.br\/arquivo\/wp-json\/wp\/v2\/categories?post=46702"},{"taxonomy":"post_tag","embeddable":true,"href":"https:\/\/www.jornalja.com.br\/arquivo\/wp-json\/wp\/v2\/tags?post=46702"}],"curies":[{"name":"wp","href":"https:\/\/api.w.org\/{rel}","templated":true}]}}