{"id":46709,"date":"2017-04-03T11:23:40","date_gmt":"2017-04-03T14:23:40","guid":{"rendered":"https:\/\/www.jornalja.com.br\/?p=46709"},"modified":"2017-04-03T11:23:40","modified_gmt":"2017-04-03T14:23:40","slug":"sartori-condiciona-investimentos-em-seguranca-a-aprovacao-do-pacote","status":"publish","type":"post","link":"https:\/\/www.jornalja.com.br\/arquivo\/sartori-condiciona-investimentos-em-seguranca-a-aprovacao-do-pacote\/","title":{"rendered":"Sartori condiciona investimentos em seguran\u00e7a \u00e0 aprova\u00e7\u00e3o do pacote"},"content":{"rendered":"<p>O governador Jos\u00e9 Ivo Sartori anunciou, na manh\u00e3 desta segunda-feira, autoriza\u00e7\u00e3o do chamamento de 500 pol\u00edcias militares aposentados para atuar em escolas, videomonitoramento e servi\u00e7os administrativos.<br \/>\nTamb\u00e9m ser\u00e3o convocados os 683 concursados, que aguardam nomea\u00e7\u00e3o \u00a0\u2014 sendo 421 PMs, 101 bombeiros militares, 141 agentes da pol\u00edcia civil e 20 integrantes do quadro de sa\u00fade da BM.<br \/>\nNo total, ser\u00e3o 1.183 PMs que refor\u00e7ar\u00e3o o policiamento. \u00a0Em seu pronunciamento, ao anunciar as medidas, o governador disse que &#8220;esses reposi\u00e7\u00f5es ser\u00e3o efetivadas dentro de um m\u00eas, desde que projetos que se encontram na Assembl\u00e9ia sejam aprovados&#8221;<br \/>\nAs medidas anunciadas nesta segunda-feira, foram preparadas emergencialmente no final de semana. A coletiva para o an\u00fancio das medidas s\u00f3 foi comunicada por volta 7h da manh\u00e3, mas o governo n\u00e3o revelou o assunto at\u00e9 a hora do an\u00fancio, que ocorreu \u00e0s 10h no Pal\u00e1cio Piratini. Toda a alta c\u00fapula do governo participou do encontro.<\/p>\n","protected":false},"excerpt":{"rendered":"<p>O governador Jos\u00e9 Ivo Sartori anunciou, na manh\u00e3 desta segunda-feira, autoriza\u00e7\u00e3o do chamamento de 500 pol\u00edcias militares aposentados para atuar em escolas, videomonitoramento e servi\u00e7os administrativos. Tamb\u00e9m ser\u00e3o convocados os 683 concursados, que aguardam nomea\u00e7\u00e3o \u00a0\u2014 sendo 421 PMs, 101 bombeiros militares, 141 agentes da pol\u00edcia civil e 20 integrantes do quadro de sa\u00fade da [&hellip;]<\/p>\n","protected":false},"author":4,"featured_media":46711,"comment_status":"open","ping_status":"closed","sticky":false,"template":"","format":"standard","meta":{"_jetpack_memberships_contains_paid_content":false,"footnotes":""},"categories":[26],"tags":[],"class_list":["post-46709","post","type-post","status-publish","format-standard","has-post-thumbnail","hentry","category-geral"],"aioseo_notices":[],"jetpack_featured_media_url":"","jetpack_sharing_enabled":true,"jetpack-related-posts":[],"jetpack_shortlink":"https:\/\/wp.me\/pbQjBd-c9n","_links":{"self":[{"href":"https:\/\/www.jornalja.com.br\/arquivo\/wp-json\/wp\/v2\/posts\/46709","targetHints":{"allow":["GET"]}}],"collection":[{"href":"https:\/\/www.jornalja.com.br\/arquivo\/wp-json\/wp\/v2\/posts"}],"about":[{"href":"https:\/\/www.jornalja.com.br\/arquivo\/wp-json\/wp\/v2\/types\/post"}],"author":[{"embeddable":true,"href":"https:\/\/www.jornalja.com.br\/arquivo\/wp-json\/wp\/v2\/users\/4"}],"replies":[{"embeddable":true,"href":"https:\/\/www.jornalja.com.br\/arquivo\/wp-json\/wp\/v2\/comments?post=46709"}],"version-history":[{"count":0,"href":"https:\/\/www.jornalja.com.br\/arquivo\/wp-json\/wp\/v2\/posts\/46709\/revisions"}],"wp:featuredmedia":[{"embeddable":true,"href":"https:\/\/www.jornalja.com.br\/arquivo\/wp-json\/"}],"wp:attachment":[{"href":"https:\/\/www.jornalja.com.br\/arquivo\/wp-json\/wp\/v2\/media?parent=46709"}],"wp:term":[{"taxonomy":"category","embeddable":true,"href":"https:\/\/www.jornalja.com.br\/arquivo\/wp-json\/wp\/v2\/categories?post=46709"},{"taxonomy":"post_tag","embeddable":true,"href":"https:\/\/www.jornalja.com.br\/arquivo\/wp-json\/wp\/v2\/tags?post=46709"}],"curies":[{"name":"wp","href":"https:\/\/api.w.org\/{rel}","templated":true}]}}