{"id":46735,"date":"2017-04-03T18:11:55","date_gmt":"2017-04-03T21:11:55","guid":{"rendered":"https:\/\/www.jornalja.com.br\/?p=46735"},"modified":"2017-04-03T18:11:55","modified_gmt":"2017-04-03T21:11:55","slug":"prefeitos-e-deputados-buscam-apoio-de-sartori-para-instalacao-dos-free-shops-brasileiros","status":"publish","type":"post","link":"https:\/\/www.jornalja.com.br\/arquivo\/prefeitos-e-deputados-buscam-apoio-de-sartori-para-instalacao-dos-free-shops-brasileiros\/","title":{"rendered":"Prefeitos e deputados buscam apoio para instala\u00e7\u00e3o dos free shops brasileiros"},"content":{"rendered":"<p>A expectativa de implanta\u00e7\u00e3o das lojas francas nas cidades g\u00eameas das faixas de fronteira foi debatida nesta segunda-feira, 3, em audi\u00eancia p\u00fablica da Comiss\u00e3o de Economia, Desenvolvimento Sustent\u00e1vel e do Turismo, \u00a0da Assembleia Legislativa do RS.<br \/>\nPassados cinco anos da regulamenta\u00e7\u00e3o da lei federal que autorizou a instala\u00e7\u00e3o de free shops para a venda de mercadoria nacional ou estrangeira nessas localidades, na pr\u00e1tica, os munic\u00edpios fronteiri\u00e7os continuam esperando a finaliza\u00e7\u00e3o dos procedimentos legais.<br \/>\nO assunto mobilizou lideran\u00e7as pol\u00edticas e empresariais de oito cidades de fronteira com o Uruguai e a Argentina e levou uma comitiva em busca de apoio a uma reuni\u00e3o com o governador Jos\u00e9 Ivo Sartori.<\/p>\n<p class=\"LINE-HEIGHT: 150%\" align=\"justify\"><span class=\"intertit\"><strong>Sistema de controle de mercadorias<\/strong><\/span><\/p>\n<p class=\"LINE-HEIGHT: 150%\" align=\"justify\">O principal entrave para que a lei saia do papel est\u00e1 na Receita Federal, que ainda n\u00e3o implantou o sistema necess\u00e1rio para o controle das mercadorias comercializadas. O Servi\u00e7o Federal de Processamento de Dados finalizou 80% do software e aguarda a autoriza\u00e7\u00e3o da Receita Federal para a integra\u00e7\u00e3o com os outros setores, conforme revelou Gl\u00eanio Pereira, representante do Serpro.<\/p>\n<p align=\"justify\">A audi\u00eancia p\u00fablica foi iniciativa do deputado Nelsinho Metal\u00fargico (PT), que fez um hist\u00f3rico da aprova\u00e7\u00e3o da Lei 12.723, de 9 de outubro de 2012, de autoria do deputado Marco Maia (PT). \u201cA implanta\u00e7\u00e3o das lojas francas poder\u00e1 permitir que os munic\u00edpios tenham novas perspectivas de desenvolvimento\u201d, resumiu o parlamentar.<\/p>\n<p class=\"LINE-HEIGHT: 150%\" align=\"justify\">Pelo menos oito das 11 cidades no Rio Grande do Sul adequadas \u00e0 lei federal estiveram representadas no\u00a0Teatro Dante Barone, seja pelo prefeito, vereadores ou associa\u00e7\u00f5es empresariais. O prefeito de Jaguar\u00e3o, Favio Telis; o prefeito de Santana do Livramento, Ico Charopen; o prefeito de Porto Mau\u00e1, Leocir Weiss; o prefeito de Barra do Quara\u00ed, Iad Choli; o prefeito de Chu\u00ed, Marco Antonio Barbosa; o vice-prefeito de Acegu\u00e1, J\u00falio Cesar Monteiro; o vice-prefeito de S\u00e3o Borja, Roque Feltrin; e o secret\u00e1rio de Turismo de Porto Xavier, Ovidio Kaiser; tamb\u00e9m vereadores e presidentes das c\u00e2maras municipais dessas localidades e de Itaqui, Uruguaiana e Quara\u00ed se deslocaram at\u00e9 a Assembleia para reivindicar a\u00e7\u00e3o pol\u00edtica do governo estadual em favor da regulamenta\u00e7\u00e3o dos chamados free shops.<\/p>\n<p class=\"LINE-HEIGHT: 150%\" align=\"justify\"><span class=\"intertit\"><b>Apoio pol\u00edtico<br \/>\n<\/b><\/span><\/p>\n<p class=\"LINE-HEIGHT: 150%\" align=\"justify\">Autor da lei federal, o deputado Marco Maia (PT) fez um apelo para que o governador Jos\u00e9 Ivo Sartori assuma a luta das cidades fronteiri\u00e7as. Pediu a forma\u00e7\u00e3o de comiss\u00e3o para audi\u00eancia no Pal\u00e1cio Piratini, iniciativa que se confirmou a partir da media\u00e7\u00e3o do secret\u00e1rio de Desenvolvimento Econ\u00f4mico, Ci\u00eancia e Tecnologia, F\u00e1bio Branco, presente na audi\u00eancia. \u201cA instala\u00e7\u00e3o das lojas francas \u00e9 aposta no desenvolvimento\u201d, disse Maia, que cobrou a aus\u00eancia de representante da Receita Federal. A lei est\u00e1 aprovada desde 2012, as etapas foram cumpridas, estamos aguardando que a Receita Federal libere e implante o sistema\u201d, disse ele, \u201ca\u00e7\u00e3o que somente se concretizar\u00e1 mediante press\u00e3o pol\u00edtica\u201d. O parlamentar ponderou que as cidades fronteiri\u00e7as perdem R$ 2 bilh\u00f5es anuais que deixam de circular e migram para os outros pa\u00edses, onde os investimentos foram feitos e atraem p\u00fablico.<\/p>\n<p align=\"justify\">No final da audi\u00eancia, o deputado Marco Maia, que integrou a comitiva que se reuniu com o governador, revelou que o chefe do Executivo ga\u00facho \u201cse mostrou receptivo \u00e0 causa e se colocou \u00e0 disposi\u00e7\u00e3o para ajudar\u201d. Por determina\u00e7\u00e3o do governador, o secret\u00e1rio do Desenvolvimento dever\u00e1 acompanhar o processo.<\/p>\n<p class=\"MARGIN-BOTTOM: 0cm; LINE-HEIGHT: 150%\">No dia 15 de maio, prefeitos e lideran\u00e7as dos munic\u00edpios da Fronteira estar\u00e3o em Bras\u00edlia para pressionar o governo federal a acelerar a implementa\u00e7\u00e3o da lei.<\/p>\n<p class=\"MARGIN-BOTTOM: 0cm; LINE-HEIGHT: 150%\"><strong><em>Com informa\u00e7\u00f5es de Francis Maia e Olga Arnt, da Assembleia Legislativa RS<\/em><\/strong><\/p>\n","protected":false},"excerpt":{"rendered":"<p>A expectativa de implanta\u00e7\u00e3o das lojas francas nas cidades g\u00eameas das faixas de fronteira foi debatida nesta segunda-feira, 3, em audi\u00eancia p\u00fablica da Comiss\u00e3o de Economia, Desenvolvimento Sustent\u00e1vel e do Turismo, \u00a0da Assembleia Legislativa do RS. Passados cinco anos da regulamenta\u00e7\u00e3o da lei federal que autorizou a instala\u00e7\u00e3o de free shops para a venda de [&hellip;]<\/p>\n","protected":false},"author":4,"featured_media":46739,"comment_status":"open","ping_status":"closed","sticky":false,"template":"","format":"standard","meta":{"_jetpack_newsletter_access":"","_jetpack_dont_email_post_to_subs":false,"_jetpack_newsletter_tier_id":0,"_jetpack_memberships_contains_paywalled_content":false,"_jetpack_feature_clip_id":0,"_jetpack_memberships_contains_paid_content":false,"footnotes":"","jetpack_post_was_ever_published":false},"categories":[26],"tags":[],"class_list":["post-46735","post","type-post","status-publish","format-standard","has-post-thumbnail","hentry","category-geral"],"aioseo_notices":[],"aioseo_head":"\n\t\t<!-- All in One SEO 5.0.1.1 - aioseo.com -->\n\t<meta name=\"robots\" content=\"max-image-preview:large\" \/>\n\t<meta name=\"author\" content=\"da Reda\u00e7\u00e3o\"\/>\n\t<link rel=\"canonical\" href=\"https:\/\/www.jornalja.com.br\/arquivo\/prefeitos-e-deputados-buscam-apoio-de-sartori-para-instalacao-dos-free-shops-brasileiros\/\" \/>\n\t<meta name=\"generator\" content=\"All in One SEO (AIOSEO) 5.0.1.1\" \/>\n\t\t<meta property=\"og:locale\" content=\"pt_BR\" \/>\n\t\t<meta property=\"og:site_name\" content=\"Arquivo | Jornal J\u00c1 | Porto Alegre\" \/>\n\t\t<meta property=\"og:type\" content=\"article\" \/>\n\t\t<meta property=\"og:title\" content=\"Prefeitos e deputados buscam apoio para instala\u00e7\u00e3o dos free shops brasileiros | Arquivo\" \/>\n\t\t<meta property=\"og:url\" content=\"https:\/\/www.jornalja.com.br\/arquivo\/prefeitos-e-deputados-buscam-apoio-de-sartori-para-instalacao-dos-free-shops-brasileiros\/\" \/>\n\t\t<meta property=\"og:image\" content=\"https:\/\/www.jornalja.com.br\/economics\/wp-content\/uploads\/sites\/11\/2026\/08\/ja-folhaderosto-facebook.jpg\" \/>\n\t\t<meta property=\"og:image:secure_url\" content=\"https:\/\/www.jornalja.com.br\/economics\/wp-content\/uploads\/sites\/11\/2026\/08\/ja-folhaderosto-facebook.jpg\" \/>\n\t\t<meta property=\"article:published_time\" content=\"2017-04-03T21:11:55+00:00\" \/>\n\t\t<meta property=\"article:modified_time\" content=\"2017-04-03T21:11:55+00:00\" \/>\n\t\t<meta name=\"twitter:card\" content=\"summary\" \/>\n\t\t<meta name=\"twitter:title\" content=\"Prefeitos e deputados buscam apoio para instala\u00e7\u00e3o dos free shops brasileiros | Arquivo\" \/>\n\t\t<meta name=\"twitter:image\" content=\"https:\/\/www.jornalja.com.br\/economics\/wp-content\/uploads\/sites\/11\/2026\/08\/ja-folhaderosto-facebook.jpg\" \/>\n\t\t<script type=\"application\/ld+json\" class=\"aioseo-schema\">\n\t\t\t{\"@context\":\"https:\\\/\\\/schema.org\",\"@graph\":[{\"@type\":\"BlogPosting\",\"@id\":\"https:\\\/\\\/www.jornalja.com.br\\\/arquivo\\\/prefeitos-e-deputados-buscam-apoio-de-sartori-para-instalacao-dos-free-shops-brasileiros\\\/#blogposting\",\"name\":\"Prefeitos e deputados buscam apoio para instala\\u00e7\\u00e3o dos free shops brasileiros | Arquivo\",\"headline\":\"Prefeitos e deputados buscam apoio para instala\\u00e7\\u00e3o dos free shops brasileiros\",\"author\":{\"@id\":\"https:\\\/\\\/www.jornalja.com.br\\\/arquivo\\\/author\\\/daredacao\\\/#author\"},\"publisher\":{\"@id\":\"https:\\\/\\\/www.jornalja.com.br\\\/arquivo\\\/#organization\"},\"image\":{\"@type\":\"ImageObject\",\"url\":46739},\"datePublished\":\"2017-04-03T18:11:55-03:00\",\"dateModified\":\"2017-04-03T18:11:55-03:00\",\"inLanguage\":\"pt-BR\",\"mainEntityOfPage\":{\"@id\":\"https:\\\/\\\/www.jornalja.com.br\\\/arquivo\\\/prefeitos-e-deputados-buscam-apoio-de-sartori-para-instalacao-dos-free-shops-brasileiros\\\/#webpage\"},\"isPartOf\":{\"@id\":\"https:\\\/\\\/www.jornalja.com.br\\\/arquivo\\\/prefeitos-e-deputados-buscam-apoio-de-sartori-para-instalacao-dos-free-shops-brasileiros\\\/#webpage\"},\"articleSection\":\"Geral\"},{\"@type\":\"BreadcrumbList\",\"@id\":\"https:\\\/\\\/www.jornalja.com.br\\\/arquivo\\\/prefeitos-e-deputados-buscam-apoio-de-sartori-para-instalacao-dos-free-shops-brasileiros\\\/#breadcrumblist\",\"itemListElement\":[{\"@type\":\"ListItem\",\"@id\":\"https:\\\/\\\/www.jornalja.com.br\\\/arquivo#listItem\",\"position\":1,\"name\":\"Home\",\"item\":\"https:\\\/\\\/www.jornalja.com.br\\\/arquivo\",\"nextItem\":{\"@type\":\"ListItem\",\"@id\":\"https:\\\/\\\/www.jornalja.com.br\\\/arquivo\\\/category\\\/geral\\\/#listItem\",\"name\":\"Geral\"}},{\"@type\":\"ListItem\",\"@id\":\"https:\\\/\\\/www.jornalja.com.br\\\/arquivo\\\/category\\\/geral\\\/#listItem\",\"position\":2,\"name\":\"Geral\",\"item\":\"https:\\\/\\\/www.jornalja.com.br\\\/arquivo\\\/category\\\/geral\\\/\",\"nextItem\":{\"@type\":\"ListItem\",\"@id\":\"https:\\\/\\\/www.jornalja.com.br\\\/arquivo\\\/prefeitos-e-deputados-buscam-apoio-de-sartori-para-instalacao-dos-free-shops-brasileiros\\\/#listItem\",\"name\":\"Prefeitos e deputados buscam apoio para instala\\u00e7\\u00e3o dos free shops brasileiros\"},\"previousItem\":{\"@type\":\"ListItem\",\"@id\":\"https:\\\/\\\/www.jornalja.com.br\\\/arquivo#listItem\",\"name\":\"Home\"}},{\"@type\":\"ListItem\",\"@id\":\"https:\\\/\\\/www.jornalja.com.br\\\/arquivo\\\/prefeitos-e-deputados-buscam-apoio-de-sartori-para-instalacao-dos-free-shops-brasileiros\\\/#listItem\",\"position\":3,\"name\":\"Prefeitos e deputados buscam apoio para instala\\u00e7\\u00e3o dos free shops brasileiros\",\"previousItem\":{\"@type\":\"ListItem\",\"@id\":\"https:\\\/\\\/www.jornalja.com.br\\\/arquivo\\\/category\\\/geral\\\/#listItem\",\"name\":\"Geral\"}}]},{\"@type\":\"Organization\",\"@id\":\"https:\\\/\\\/www.jornalja.com.br\\\/arquivo\\\/#organization\",\"name\":\"Jornal J\\u00c1\",\"description\":\"Jornal J\\u00c1 | Porto Alegre\",\"url\":\"https:\\\/\\\/www.jornalja.com.br\\\/arquivo\\\/\",\"telephone\":\"+555133307272\",\"logo\":{\"@type\":\"ImageObject\",\"url\":\"https:\\\/\\\/www.jornalja.com.br\\\/wp-content\\\/uploads\\\/cards\\\/JAslogan.png\",\"@id\":\"https:\\\/\\\/www.jornalja.com.br\\\/arquivo\\\/prefeitos-e-deputados-buscam-apoio-de-sartori-para-instalacao-dos-free-shops-brasileiros\\\/#organizationLogo\"},\"image\":{\"@id\":\"https:\\\/\\\/www.jornalja.com.br\\\/arquivo\\\/prefeitos-e-deputados-buscam-apoio-de-sartori-para-instalacao-dos-free-shops-brasileiros\\\/#organizationLogo\"}},{\"@type\":\"Person\",\"@id\":\"https:\\\/\\\/www.jornalja.com.br\\\/arquivo\\\/author\\\/daredacao\\\/#author\",\"url\":\"https:\\\/\\\/www.jornalja.com.br\\\/arquivo\\\/author\\\/daredacao\\\/\",\"name\":\"da Reda\\u00e7\\u00e3o\",\"image\":{\"@type\":\"ImageObject\",\"@id\":\"https:\\\/\\\/www.jornalja.com.br\\\/arquivo\\\/prefeitos-e-deputados-buscam-apoio-de-sartori-para-instalacao-dos-free-shops-brasileiros\\\/#authorImage\",\"url\":\"https:\\\/\\\/secure.gravatar.com\\\/avatar\\\/469fd857d6605ad19919d27ed29d35a968a25f6e8fd9318356bbb7f57aae9c65?s=96&d=mm&r=g\",\"width\":96,\"height\":96,\"caption\":\"da Reda\\u00e7\\u00e3o\"}},{\"@type\":\"WebPage\",\"@id\":\"https:\\\/\\\/www.jornalja.com.br\\\/arquivo\\\/prefeitos-e-deputados-buscam-apoio-de-sartori-para-instalacao-dos-free-shops-brasileiros\\\/#webpage\",\"url\":\"https:\\\/\\\/www.jornalja.com.br\\\/arquivo\\\/prefeitos-e-deputados-buscam-apoio-de-sartori-para-instalacao-dos-free-shops-brasileiros\\\/\",\"name\":\"Prefeitos e deputados buscam apoio para instala\\u00e7\\u00e3o dos free shops brasileiros | Arquivo\",\"inLanguage\":\"pt-BR\",\"isPartOf\":{\"@id\":\"https:\\\/\\\/www.jornalja.com.br\\\/arquivo\\\/#website\"},\"breadcrumb\":{\"@id\":\"https:\\\/\\\/www.jornalja.com.br\\\/arquivo\\\/prefeitos-e-deputados-buscam-apoio-de-sartori-para-instalacao-dos-free-shops-brasileiros\\\/#breadcrumblist\"},\"author\":{\"@id\":\"https:\\\/\\\/www.jornalja.com.br\\\/arquivo\\\/author\\\/daredacao\\\/#author\"},\"creator\":{\"@id\":\"https:\\\/\\\/www.jornalja.com.br\\\/arquivo\\\/author\\\/daredacao\\\/#author\"},\"image\":{\"@type\":\"ImageObject\",\"url\":46739,\"@id\":\"https:\\\/\\\/www.jornalja.com.br\\\/arquivo\\\/prefeitos-e-deputados-buscam-apoio-de-sartori-para-instalacao-dos-free-shops-brasileiros\\\/#mainImage\"},\"primaryImageOfPage\":{\"@id\":\"https:\\\/\\\/www.jornalja.com.br\\\/arquivo\\\/prefeitos-e-deputados-buscam-apoio-de-sartori-para-instalacao-dos-free-shops-brasileiros\\\/#mainImage\"},\"datePublished\":\"2017-04-03T18:11:55-03:00\",\"dateModified\":\"2017-04-03T18:11:55-03:00\"},{\"@type\":\"WebSite\",\"@id\":\"https:\\\/\\\/www.jornalja.com.br\\\/arquivo\\\/#website\",\"url\":\"https:\\\/\\\/www.jornalja.com.br\\\/arquivo\\\/\",\"name\":\"Arquivo\",\"description\":\"Jornal J\\u00c1 | Porto Alegre\",\"inLanguage\":\"pt-BR\",\"publisher\":{\"@id\":\"https:\\\/\\\/www.jornalja.com.br\\\/arquivo\\\/#organization\"}}]}\n\t\t<\/script>\n\t\t<!-- All in One SEO -->\n\n","aioseo_head_json":{"title":"Prefeitos e deputados buscam apoio para instala\u00e7\u00e3o dos free shops brasileiros | Arquivo","description":"","canonical_url":"https:\/\/www.jornalja.com.br\/arquivo\/prefeitos-e-deputados-buscam-apoio-de-sartori-para-instalacao-dos-free-shops-brasileiros\/","robots":"max-image-preview:large","keywords":"","webmasterTools":{"miscellaneous":""},"schema":{"@context":"https:\/\/schema.org","@graph":[{"@type":"BlogPosting","@id":"https:\/\/www.jornalja.com.br\/arquivo\/prefeitos-e-deputados-buscam-apoio-de-sartori-para-instalacao-dos-free-shops-brasileiros\/#blogposting","name":"Prefeitos e deputados buscam apoio para instala\u00e7\u00e3o dos free shops brasileiros | Arquivo","headline":"Prefeitos e deputados buscam apoio para instala\u00e7\u00e3o dos free shops brasileiros","author":{"@id":"https:\/\/www.jornalja.com.br\/arquivo\/author\/daredacao\/#author"},"publisher":{"@id":"https:\/\/www.jornalja.com.br\/arquivo\/#organization"},"image":{"@type":"ImageObject","url":46739},"datePublished":"2017-04-03T18:11:55-03:00","dateModified":"2017-04-03T18:11:55-03:00","inLanguage":"pt-BR","mainEntityOfPage":{"@id":"https:\/\/www.jornalja.com.br\/arquivo\/prefeitos-e-deputados-buscam-apoio-de-sartori-para-instalacao-dos-free-shops-brasileiros\/#webpage"},"isPartOf":{"@id":"https:\/\/www.jornalja.com.br\/arquivo\/prefeitos-e-deputados-buscam-apoio-de-sartori-para-instalacao-dos-free-shops-brasileiros\/#webpage"},"articleSection":"Geral"},{"@type":"BreadcrumbList","@id":"https:\/\/www.jornalja.com.br\/arquivo\/prefeitos-e-deputados-buscam-apoio-de-sartori-para-instalacao-dos-free-shops-brasileiros\/#breadcrumblist","itemListElement":[{"@type":"ListItem","@id":"https:\/\/www.jornalja.com.br\/arquivo#listItem","position":1,"name":"Home","item":"https:\/\/www.jornalja.com.br\/arquivo","nextItem":{"@type":"ListItem","@id":"https:\/\/www.jornalja.com.br\/arquivo\/category\/geral\/#listItem","name":"Geral"}},{"@type":"ListItem","@id":"https:\/\/www.jornalja.com.br\/arquivo\/category\/geral\/#listItem","position":2,"name":"Geral","item":"https:\/\/www.jornalja.com.br\/arquivo\/category\/geral\/","nextItem":{"@type":"ListItem","@id":"https:\/\/www.jornalja.com.br\/arquivo\/prefeitos-e-deputados-buscam-apoio-de-sartori-para-instalacao-dos-free-shops-brasileiros\/#listItem","name":"Prefeitos e deputados buscam apoio para instala\u00e7\u00e3o dos free shops brasileiros"},"previousItem":{"@type":"ListItem","@id":"https:\/\/www.jornalja.com.br\/arquivo#listItem","name":"Home"}},{"@type":"ListItem","@id":"https:\/\/www.jornalja.com.br\/arquivo\/prefeitos-e-deputados-buscam-apoio-de-sartori-para-instalacao-dos-free-shops-brasileiros\/#listItem","position":3,"name":"Prefeitos e deputados buscam apoio para instala\u00e7\u00e3o dos free shops brasileiros","previousItem":{"@type":"ListItem","@id":"https:\/\/www.jornalja.com.br\/arquivo\/category\/geral\/#listItem","name":"Geral"}}]},{"@type":"Organization","@id":"https:\/\/www.jornalja.com.br\/arquivo\/#organization","name":"Jornal J\u00c1","description":"Jornal J\u00c1 | Porto Alegre","url":"https:\/\/www.jornalja.com.br\/arquivo\/","telephone":"+555133307272","logo":{"@type":"ImageObject","url":"https:\/\/www.jornalja.com.br\/wp-content\/uploads\/cards\/JAslogan.png","@id":"https:\/\/www.jornalja.com.br\/arquivo\/prefeitos-e-deputados-buscam-apoio-de-sartori-para-instalacao-dos-free-shops-brasileiros\/#organizationLogo"},"image":{"@id":"https:\/\/www.jornalja.com.br\/arquivo\/prefeitos-e-deputados-buscam-apoio-de-sartori-para-instalacao-dos-free-shops-brasileiros\/#organizationLogo"}},{"@type":"Person","@id":"https:\/\/www.jornalja.com.br\/arquivo\/author\/daredacao\/#author","url":"https:\/\/www.jornalja.com.br\/arquivo\/author\/daredacao\/","name":"da Reda\u00e7\u00e3o","image":{"@type":"ImageObject","@id":"https:\/\/www.jornalja.com.br\/arquivo\/prefeitos-e-deputados-buscam-apoio-de-sartori-para-instalacao-dos-free-shops-brasileiros\/#authorImage","url":"https:\/\/secure.gravatar.com\/avatar\/469fd857d6605ad19919d27ed29d35a968a25f6e8fd9318356bbb7f57aae9c65?s=96&d=mm&r=g","width":96,"height":96,"caption":"da Reda\u00e7\u00e3o"}},{"@type":"WebPage","@id":"https:\/\/www.jornalja.com.br\/arquivo\/prefeitos-e-deputados-buscam-apoio-de-sartori-para-instalacao-dos-free-shops-brasileiros\/#webpage","url":"https:\/\/www.jornalja.com.br\/arquivo\/prefeitos-e-deputados-buscam-apoio-de-sartori-para-instalacao-dos-free-shops-brasileiros\/","name":"Prefeitos e deputados buscam apoio para instala\u00e7\u00e3o dos free shops brasileiros | Arquivo","inLanguage":"pt-BR","isPartOf":{"@id":"https:\/\/www.jornalja.com.br\/arquivo\/#website"},"breadcrumb":{"@id":"https:\/\/www.jornalja.com.br\/arquivo\/prefeitos-e-deputados-buscam-apoio-de-sartori-para-instalacao-dos-free-shops-brasileiros\/#breadcrumblist"},"author":{"@id":"https:\/\/www.jornalja.com.br\/arquivo\/author\/daredacao\/#author"},"creator":{"@id":"https:\/\/www.jornalja.com.br\/arquivo\/author\/daredacao\/#author"},"image":{"@type":"ImageObject","url":46739,"@id":"https:\/\/www.jornalja.com.br\/arquivo\/prefeitos-e-deputados-buscam-apoio-de-sartori-para-instalacao-dos-free-shops-brasileiros\/#mainImage"},"primaryImageOfPage":{"@id":"https:\/\/www.jornalja.com.br\/arquivo\/prefeitos-e-deputados-buscam-apoio-de-sartori-para-instalacao-dos-free-shops-brasileiros\/#mainImage"},"datePublished":"2017-04-03T18:11:55-03:00","dateModified":"2017-04-03T18:11:55-03:00"},{"@type":"WebSite","@id":"https:\/\/www.jornalja.com.br\/arquivo\/#website","url":"https:\/\/www.jornalja.com.br\/arquivo\/","name":"Arquivo","description":"Jornal J\u00c1 | Porto Alegre","inLanguage":"pt-BR","publisher":{"@id":"https:\/\/www.jornalja.com.br\/arquivo\/#organization"}}]},"og:locale":"pt_BR","og:site_name":"Arquivo | Jornal J\u00c1 | Porto Alegre","og:type":"article","og:title":"Prefeitos e deputados buscam apoio para instala\u00e7\u00e3o dos free shops brasileiros | Arquivo","og:url":"https:\/\/www.jornalja.com.br\/arquivo\/prefeitos-e-deputados-buscam-apoio-de-sartori-para-instalacao-dos-free-shops-brasileiros\/","og:image":"https:\/\/www.jornalja.com.br\/economics\/wp-content\/uploads\/sites\/11\/2026\/08\/ja-folhaderosto-facebook.jpg","og:image:secure_url":"https:\/\/www.jornalja.com.br\/economics\/wp-content\/uploads\/sites\/11\/2026\/08\/ja-folhaderosto-facebook.jpg","article:published_time":"2017-04-03T21:11:55+00:00","article:modified_time":"2017-04-03T21:11:55+00:00","twitter:card":"summary","twitter:title":"Prefeitos e deputados buscam apoio para instala\u00e7\u00e3o dos free shops brasileiros | Arquivo","twitter:image":"https:\/\/www.jornalja.com.br\/economics\/wp-content\/uploads\/sites\/11\/2026\/08\/ja-folhaderosto-facebook.jpg"},"aioseo_meta_data":{"post_id":"46735","title":null,"description":null,"keywords":null,"keyphrases":null,"primary_term":null,"canonical_url":null,"og_title":null,"og_description":null,"og_object_type":"default","og_image_type":"default","og_image_url":null,"og_image_width":null,"og_image_height":null,"og_image_custom_url":null,"og_image_custom_fields":null,"og_video":null,"og_custom_url":null,"og_article_section":null,"og_article_tags":null,"twitter_use_og":false,"twitter_card":"default","twitter_image_type":"default","twitter_image_url":null,"twitter_image_custom_url":null,"twitter_image_custom_fields":null,"twitter_title":null,"twitter_description":null,"schema":{"blockGraphs":[],"customGraphs":[],"default":{"data":{"Article":[],"Course":[],"Dataset":[],"FAQPage":[],"Movie":[],"Person":[],"Product":[],"ProductReview":[],"Car":[],"Recipe":[],"Service":[],"SoftwareApplication":[],"WebPage":[]},"graphName":"","isEnabled":true},"graphs":[]},"schema_type":null,"schema_type_options":null,"pillar_content":false,"robots_default":true,"robots_noindex":false,"robots_noarchive":false,"robots_nosnippet":false,"robots_nofollow":false,"robots_noimageindex":false,"robots_noodp":false,"robots_notranslate":false,"robots_max_snippet":null,"robots_max_videopreview":null,"robots_max_imagepreview":"large","priority":null,"frequency":null,"location":null,"local_seo":null,"breadcrumb_settings":null,"limit_modified_date":false,"ai":null,"created":"2020-12-20 20:37:39","updated":"2025-07-19 20:48:40","seo_analyzer_scan_date":null,"focus_keyword":null,"additional_keywords":null,"truseo_locale":null},"jetpack_sharing_enabled":true,"jetpack-related-posts":[{"id":13239,"url":"https:\/\/www.jornalja.com.br\/arquivo\/conselho-desdenha-do-plano-diretor\/","url_meta":{"origin":46735,"position":0},"title":"Porto Alegre: Conselho detona Plano Diretor","author":"Patr\u00edcia Marini","date":"25 de maio de 2014","format":false,"excerpt":"Den\u00fancia do arquiteto e \u00a0urbanista Ibir\u00e1 Santos Lucas. Ele diz que os conselheiros est\u00e3o votando com \"enorme irresponsabilidade\". \"Mudam regime com a maior naturalidade,,,regularizam absurdos de constru\u00e7\u00f5es irregulares... \"O CMDUA est\u00e1 flexibilizando a lei do plano diretor, de uma forma impactante na vida da cidade. Mudam regime com a maior\u2026","rel":"","context":"Em &quot;Geral&quot;","block_context":{"text":"Geral","link":"https:\/\/www.jornalja.com.br\/arquivo\/category\/geral\/"},"img":{"alt_text":"","src":"","width":0,"height":0},"classes":[]},{"id":14241,"url":"https:\/\/www.jornalja.com.br\/arquivo\/o-guaiba-nas-imagens-poeticas-de-achutti\/","url_meta":{"origin":46735,"position":1},"title":"O Gua\u00edba nas imagens po\u00e9ticas de Achutti","author":"da Reda\u00e7\u00e3o","date":"18 de junho de 2014","format":false,"excerpt":"Em \u201cO Gua\u00edba por Achutti\u201d \u2013 obra financiada via Minist\u00e9rio da Cultura, produ\u00e7\u00e3o executiva de Pedro Longhi, e Fl\u00e1vio Wild como designer \u2013, o fot\u00f3grafo revela a beleza e as mazelas de um espa\u00e7o aqu\u00e1tico de \u00e1guas sempre renovadas, cheio de hist\u00f3rias e lendas como as das cidades que foram\u2026","rel":"","context":"Em &quot;Cultura-Geral&quot;","block_context":{"text":"Cultura-Geral","link":"https:\/\/www.jornalja.com.br\/arquivo\/category\/materiasecundaria\/"},"img":{"alt_text":"","src":"","width":0,"height":0},"classes":[]},{"id":13240,"url":"https:\/\/www.jornalja.com.br\/arquivo\/plano-diretor-estamos-construindo-o-caos\/","url_meta":{"origin":46735,"position":2},"title":"Plano diretor: &quot;Estamos construindo o caos&quot;","author":"Patr\u00edcia Marini","date":"26 de maio de 2014","format":false,"excerpt":"Desabafo que arquiteta Eliana Castilhos, delegada da Regi\u00e3o de Planejamento 1, postou nas redes sociais \u00e9 um testemunho do ambiente que se criou no Conselho do Plano Diretor de Porto Alegre, onde a aprova\u00e7\u00e3o de grandes empreendimentos \u00e9 empurrada guela abaixo dos conselheiros. Ao CMDUA Como delegada da Regi\u00e3o de\u2026","rel":"","context":"Em &quot;Geral&quot;","block_context":{"text":"Geral","link":"https:\/\/www.jornalja.com.br\/arquivo\/category\/geral\/"},"img":{"alt_text":"","src":"","width":0,"height":0},"classes":[]},{"id":12960,"url":"https:\/\/www.jornalja.com.br\/arquivo\/populacao-culpa-empresas-pela-greve-dos-rodoviarios\/","url_meta":{"origin":46735,"position":3},"title":"Popula\u00e7\u00e3o culpa empresas pela greve","author":"Patr\u00edcia Marini","date":"14 de fevereiro de 2014","format":false,"excerpt":"Pesquisa divulgada na edi\u00e7\u00e3o do jornal Metro desta sexta-feira,14, comprova o velho ditado: \u00e9 poss\u00edvel enganar muitos por algum tempo, mas n\u00e3o \u00e9 poss\u00edvel enganar a todos o tempo inteiro. A principal revela\u00e7\u00e3o foi que 59,8% dos entrevistados apontaram as empresas como as principais respons\u00e1veis pela grave e 46% culparam\u2026","rel":"","context":"Em &quot;X.Categorias velhas&quot;","block_context":{"text":"X.Categorias velhas","link":"https:\/\/www.jornalja.com.br\/arquivo\/category\/x-categorias-velhas\/"},"img":{"alt_text":"","src":"","width":0,"height":0},"classes":[]},{"id":13124,"url":"https:\/\/www.jornalja.com.br\/arquivo\/sangue-latino-no-iecine\/","url_meta":{"origin":46735,"position":4},"title":"Sangue latino no IECINE","author":"da Reda\u00e7\u00e3o","date":"18 de maio de 2014","format":false,"excerpt":"Francisco Ribeiro O Instituto Estadual de Cinema (IECINE) tem a frente, desde abril \u00faltimo, um novo diretor, o cineasta colombiano Juan Zapata, 36, que substitui Luiz Alberto Cassol. Radicado h\u00e1 dez anos em Porto Alegre, Zapata tem diante de si o desafio de conduzir at\u00e9 o final do ano um\u2026","rel":"","context":"Em &quot;Cultura-Geral&quot;","block_context":{"text":"Cultura-Geral","link":"https:\/\/www.jornalja.com.br\/arquivo\/category\/materiasecundaria\/"},"img":{"alt_text":"","src":"","width":0,"height":0},"classes":[]},{"id":13109,"url":"https:\/\/www.jornalja.com.br\/arquivo\/judiciario-reconhece-poluicao-eletromagnetica\/","url_meta":{"origin":46735,"position":5},"title":"Judici\u00e1rio reconhece polui\u00e7\u00e3o eletromagn\u00e9tica","author":"Patr\u00edcia Marini","date":"16 de maio de 2014","format":false,"excerpt":"A\u00e7\u00e3o de duas associa\u00e7\u00f5es de moradores foi acolhida pelo Tribunal de Justi\u00e7a de S\u00e3o Paulo que. em decis\u00e3o in\u00e9dita, determinou a redu\u00e7\u00e3o do campo eletromagn\u00e9tico gerado pelas linhas de transmiss\u00e3o de energia que cortam os bairros City Boa\u00e7ava e Alto de Pinheiros. \u00c9 a primeira vez que um tribunal do\u2026","rel":"","context":"Em &quot;X.Categorias velhas&quot;","block_context":{"text":"X.Categorias velhas","link":"https:\/\/www.jornalja.com.br\/arquivo\/category\/x-categorias-velhas\/"},"img":{"alt_text":"","src":"","width":0,"height":0},"classes":[]}],"jetpack_shortlink":"https:\/\/wp.me\/pbQjBd-c9N","jetpack_featured_media_url":"","_links":{"self":[{"href":"https:\/\/www.jornalja.com.br\/arquivo\/wp-json\/wp\/v2\/posts\/46735","targetHints":{"allow":["GET"]}}],"collection":[{"href":"https:\/\/www.jornalja.com.br\/arquivo\/wp-json\/wp\/v2\/posts"}],"about":[{"href":"https:\/\/www.jornalja.com.br\/arquivo\/wp-json\/wp\/v2\/types\/post"}],"author":[{"embeddable":true,"href":"https:\/\/www.jornalja.com.br\/arquivo\/wp-json\/wp\/v2\/users\/4"}],"replies":[{"embeddable":true,"href":"https:\/\/www.jornalja.com.br\/arquivo\/wp-json\/wp\/v2\/comments?post=46735"}],"version-history":[{"count":0,"href":"https:\/\/www.jornalja.com.br\/arquivo\/wp-json\/wp\/v2\/posts\/46735\/revisions"}],"wp:attachment":[{"href":"https:\/\/www.jornalja.com.br\/arquivo\/wp-json\/wp\/v2\/media?parent=46735"}],"wp:term":[{"taxonomy":"category","embeddable":true,"href":"https:\/\/www.jornalja.com.br\/arquivo\/wp-json\/wp\/v2\/categories?post=46735"},{"taxonomy":"post_tag","embeddable":true,"href":"https:\/\/www.jornalja.com.br\/arquivo\/wp-json\/wp\/v2\/tags?post=46735"}],"curies":[{"name":"wp","href":"https:\/\/api.w.org\/{rel}","templated":true}]}}