{"id":46755,"date":"2017-04-04T16:21:39","date_gmt":"2017-04-04T19:21:39","guid":{"rendered":"https:\/\/www.jornalja.com.br\/?p=46755"},"modified":"2017-04-04T16:21:39","modified_gmt":"2017-04-04T19:21:39","slug":"promotora-denuncia-pressoes-em-investigacao-que-envolve-padilha","status":"publish","type":"post","link":"https:\/\/www.jornalja.com.br\/arquivo\/promotora-denuncia-pressoes-em-investigacao-que-envolve-padilha\/","title":{"rendered":"Promotora denuncia press\u00f5es em investiga\u00e7\u00e3o que envolve Padilha"},"content":{"rendered":"<p>Criado em 1997, o parque Ricardo Franco fica\u00a0no munic\u00edpio de Vila Bela da Sant\u00edssima Trindade, na fronteira com a Bol\u00edvia, a 520 quil\u00f4metros de Cuiab\u00e1.<br \/>\nO MPE revelou no fim do ano passado que, dos 158 mil hectares do parque, 19 mil foram desmatados ilegalmente, entre 1998 e 2015, para explora\u00e7\u00e3o \u2013 sem licen\u00e7a \u2013 da pecu\u00e1ria.<br \/>\n<figure id=\"attachment_3298\" aria-describedby=\"caption-attachment-3298\" style=\"width: 300px\" class=\"wp-caption alignright\"><img decoding=\"async\" class=\"wp-image-3298 size-medium\" src=\"http:\/\/outraspalavras.net\/deolhonosruralistas\/wp-content\/uploads\/2017\/03\/1448477604194-300x200.jpg\" width=\"300\" height=\"200\" \/><figcaption id=\"caption-attachment-3298\" class=\"wp-caption-text\">Ministro Eliseu Padilha \/ Foto ABR<\/figcaption><\/figure><br \/>\nUm dos alvos de den\u00fancia \u00e9 o ministro-chefe da Casa Civil, Eliseu Padilha. O site &#8220;De Olho nos Ruralistas&#8221; solicitou documentos ao MPE e constatou que ele comprou as fazendas na regi\u00e3o \u2013 e dentro do pr\u00f3prio parque \u2013 depois que o parque j\u00e1 tinha sido criado.<br \/>\nSegundo a promotora Regiane Souza de Aguiar, houve at\u00e9 remo\u00e7\u00e3o de servidores estaduais para dificultar a execu\u00e7\u00e3o de ordem judicial. E ainda falta analisar se houve desmatamento em uma terceira propriedade do ministro.<br \/>\nO Parque Ricardo Franco \u00e9 reconhecido internacionalmente por sua exuber\u00e2ncia\u00a0natural, envolvendo vegeta\u00e7\u00e3o amaz\u00f4nica, Cerrado e Pantanal, fauna e esp\u00e9cies em risco de extin\u00e7\u00e3o. Possui mais de 100 cachoeiras \u2014 entre elas a Jatob\u00e1, com uma queda d\u2019\u00e1gua de 280 metros, a maior do Estado.<br \/>\nSegundo pesquisadores<span lang=\"pt-BR\">\u00a0da Universidade de Lancashire, na Inglaterra, o local onde hoje fica o parque inspirou a obra \u201cMundo Perdido\u201d, de Conan Doyle, que, por sua vez, inspirou Steven Spielberg na cria\u00e7\u00e3o de \u201cIndiana Jones\u201d.<\/span><br \/>\n<strong>Um fazendeiro ilustre<\/strong><br \/>\nPor causa do desmatamento desenfreado no cora\u00e7\u00e3o\u00a0do parque, o MPE entrou com 50 a\u00e7\u00f5es civis p\u00fablicas contra os fazendeiros.<br \/>\nBra\u00e7o direito do presidente Michel Temer, Eliseu Padilha (PMDB-RS) aparece como s\u00f3cio-propriet\u00e1rio em tr\u00eas fazendas, junto com seu ex-assessor e s\u00f3cio Marcos Antonio Tozzati. S\u00e3o estas as propriedades do ministro que ficam dentro do parque:<br \/>\n<img decoding=\"async\" class=\"size-medium wp-image-3354 alignright\" src=\"http:\/\/outraspalavras.net\/deolhonosruralistas\/wp-content\/uploads\/2017\/03\/eliseupadilha05-300x215.jpg\" alt=\"\" width=\"300\" height=\"215\" \/><br \/>\n1) Pared\u00e3o I e II, com 4.123 hectares, dos quais 2.268 hectares foram desmatados ilegalmente;<br \/>\n2) Cachoeira, com 2.348 hectares, entre os quais 735 hectares foram desmatados;<br \/>\n3) Agropecu\u00e1ria Jasmin, com 543 hectares; neste caso ainda n\u00e3o foi apurado se houve ou n\u00e3o desmatamento.<br \/>\nAo todo, segundo os documentos obtidos pelo Observat\u00f3rio, Padilha gastou cerca de R$ 1,3 milh\u00e3o na compra das tr\u00eas fazendas.<br \/>\nEm dezembro,\u00a0o ministro e outros fazendeiros foram condenados pela Justi\u00e7a e tiveram cerca de R$ 949,5 milh\u00f5es em bens bloqueados por degrada\u00e7\u00e3o ambiental.<br \/>\nUm m\u00eas depois, o procurador-geral de Justi\u00e7a em exerc\u00edcio do Mato Grosso, Luiz Alberto Esteves Scaloppe, e a promotora de Justi\u00e7a Regiane Souza de Aguiar acusaram o governador Pedro Taques (PSDB) de usar a Procuradoria Geral do Estado (PGE)\u00a0para <a href=\"http:\/\/outraspalavras.net\/deolhonosruralistas\/2017\/01\/30\/mpe-acusa-padilha-de-pressionar-governador-do-mt-para-encobrir-crimes-em-fazenda\/\">reverter\u00a0as a\u00e7\u00f5es do MPE<\/a> na Justi\u00e7a e beneficiar os fazendeiros.<br \/>\n\u201cUma pessoa que consegue mover um governador, um vice-governador e a diretoria da Sema MT tem que ser poderosa e eu deduzo que seja o ministro Padilha\u201d, queixou-se o procurador-geral.<br \/>\nTaques e pol\u00edticos locais j\u00e1 defendem abertamente uma nova delimita\u00e7\u00e3o do parque, como revelou na semana passada reportagem da <a href=\"http:\/\/www.youtube.com\/watch?v=vh1xyJcwc4c&amp;feature=youtu.be\">TV Guaporei<\/a>. Tudo para acomodar os fazendeiros \u2013 entre eles o ilustre ministro.<br \/>\nNesta mesma semana, jornalistas do portal O Livre, que tentaram fotografar as fazendas pertencentes a Padilha,\u00a0<a href=\"http:\/\/outraspalavras.net\/deolhonosruralistas\/2017\/03\/26\/policiais-armados-com-metralhadora-intimidam-jornalistas-em-fazenda-de-padilha\/\">foram expulsos por policias armados com metralhadoras<\/a>. Os policiais n\u00e3o queriam fotos do local \u2013 especificamente da propriedade do ministro.<br \/>\n<strong>O que diz a promotora<\/strong><br \/>\nEnquanto o embate segue na Justi\u00e7a, a imprensa nacional \u2013 atenta a den\u00fancias do Minist\u00e9rio P\u00fablico que envolvam outros pol\u00edticos gra\u00fados e casos igualmente amplos de desmatamento \u2013 segue em sil\u00eancio.<br \/>\nQuase n\u00e3o se l\u00ea nada sobre as invas\u00f5es do parque e as a\u00e7\u00f5es do MPE contra Padilha e seus amigos.<br \/>\nO jornalista Cau\u00ea Ameni, do Observat\u00f3rio, entrevistou Regiane Souza de Aguiar, promotora de Justi\u00e7a de Vila Bela da Sant\u00edssima Trindade:<br \/>\n<strong><em>O MPE denunciou em entrevista coletiva as manobras do governador Pedro Taques para blindar os fazendeiros que est\u00e3o no parque. Isto por causa do envolvimento de Eliseu Padilha. O que eles fizeram?<\/em><\/strong><br \/>\nRegiane Souza de Aguiar \u2013 Dentro do parque estadual existem mais de 120 propriedades, posseiros e propriet\u00e1rios. Alguns est\u00e3o\u00a0antes da cria\u00e7\u00e3o do parque, sem o comprovante, sem o t\u00edtulo id\u00f4neo dessa propriedade e merecem a indeniza\u00e7\u00e3o, ainda que seja por meio de compensa\u00e7\u00e3o ambiental. A regulariza\u00e7\u00e3o fundi\u00e1ria ainda n\u00e3o foi realizada. O\u00a0Estado alegou n\u00e3o ter\u00a0or\u00e7amento para desapropriar essas \u00e1reas, mas essa regulariza\u00e7\u00e3o pode ser feita por meio de compensa\u00e7\u00e3o ambiental, cota de reserva ambiental.<\/p>\n<figure id=\"attachment_3421\" class=\"wp-caption alignright\" style=\"width: 303px\"><img decoding=\"async\" class=\"wp-image-3421\" src=\"http:\/\/outraspalavras.net\/deolhonosruralistas\/wp-content\/uploads\/2017\/03\/amp-_RFP2115.jpg\" alt=\"\" width=\"293\" height=\"198\" \/><figcaption class=\"wp-caption-text\">Regiane Souza de Aguiar, promotora de Justi\u00e7a de Vila Bela da Sant\u00edssima Trindade \/ Foto: Olhar Direto<\/figcaption><\/figure>\n<p><em><strong>Al\u00e9m da den\u00fancia que voc\u00eas fizeram na coletiva, o que o MPE vai fazer para reverter a situa\u00e7\u00e3o?<\/strong><\/em><br \/>\nRegiane \u2013 N\u00f3s j\u00e1 temos 50 a\u00e7\u00f5es civis p\u00fablicas contra os particulares. Elas pedem a repara\u00e7\u00e3o desse dano ambiental, que reconstituam a vegeta\u00e7\u00e3o dessa \u00e1rea, fa\u00e7am a compensa\u00e7\u00e3o pelo dano moral e coletivo e pelos danos materiais n\u00e3o pass\u00edveis de recupera\u00e7\u00e3o. Essas 50 a\u00e7\u00f5es j\u00e1 est\u00e3o em andamento. Tamb\u00e9m mandei of\u00edcios e estou tentando marcar uma reuni\u00e3o com as ONGs\u00a0em Cuiab\u00e1, para elas nos auxiliarem na defesa do parque, fornecendo estudos sobre a import\u00e2ncia biol\u00f3gica o monitoramento dessa \u00e1rea. A inten\u00e7\u00e3o do MPE \u00e9 continuar a levantar o desmatamento que est\u00e1 sendo realizado, inclusive desmatamentos recentes, e com esses dados entrar com novas a\u00e7\u00f5es. At\u00e9 porque s\u00e3o mais de 120 fazendeiros\u00a0dentro do parque. Com certeza tem desmatamento ainda sem levantamento, mas j\u00e1 estamos apurando os crimes ambientais. J\u00e1 existem alguns inqu\u00e9ritos policiais em andamento, de acordo com esse levantamento da\u00a0pol\u00edcia cient\u00edfica e civil. \u00c9 a equipe t\u00e9cnica da procuradoria que pode fazer esse levantamento mais estrat\u00e9gico. Com esses dados a gente pretende atuar na esfera civil e na criminal.<br \/>\n<em><strong>A senhora foi intimidada em uma reuni\u00e3o no Pal\u00e1cio do Governo, como divulgado?<\/strong><\/em><br \/>\nRegiane \u2013 Existe uma a\u00e7\u00e3o civil p\u00fablica contra o Estado ajuizada em setembro de 2015. Essa a\u00e7\u00e3o o obrigava a implementar essa Unidade de Conserva\u00e7\u00e3o (UC) e a fazer a fiscaliza\u00e7\u00e3o ostensiva da \u00e1rea. Com autua\u00e7\u00e3o dos desmatamentos ocorridos ap\u00f3s a cria\u00e7\u00e3o do parque, embargo das \u00e1reas e retirada do rebanho. Esse item n\u00e3o estava sendo cumprido no tempo determinado pela senten\u00e7a, seis meses. Eu estava acompanhando esse processo, realizado por uma equipe da Secretaria Estadual de Meio Ambiente (Sema). A equipe se revezava nessas viagens, fazia levantamento de sat\u00e9lite e elaborava os autos de infra\u00e7\u00e3o. Acompanhei o in\u00edcio do cumprimento das viagens dessa programa\u00e7\u00e3o de fiscaliza\u00e7\u00e3o. Mas percebi que estava ocorrendo um protelamento no cumprimento dessa liminar, e uma certa dificuldade de fazer um acompanhamento, com o cancelamento reiterado de viagens. Foi agendada uma reuni\u00e3o com a coordenadora da Sema e com a superintendente de regulariza\u00e7\u00e3o fundi\u00e1ria. Era para discutir quest\u00f5es t\u00e9cnicas, especificamente com rela\u00e7\u00e3o ao cumprimento dessa liminar. Questionei\u00a0essa reprograma\u00e7\u00e3o de viagens, a remo\u00e7\u00e3o da equipe que j\u00e1 estava acompanhando e que tinha conhecimento t\u00e9cnico e de campo. A reuni\u00e3o foi marcada com essas pessoas na v\u00e9spera e sem o meu conhecimento. Quando perguntei, eles se recusaram a confirmar onde seria a reuni\u00e3o e quem participaria, sendo que at\u00e9 o governador estaria presente. O que a gente percebeu \u00e9 que h\u00e1 muito mais interesses por tr\u00e1s.<br \/>\n<em><strong>Houve s\u00f3 essas interfer\u00eancias na equipe da Sema ou tamb\u00e9m alguma intimida\u00e7\u00e3o pessoal?<\/strong><\/em><br \/>\nRegiane \u2013 N\u00e3o chamaria de intimida\u00e7\u00e3o pessoal. Na verdade foi uma reuni\u00e3o surpresa e l\u00e1 eu questionei muito essa quest\u00e3o do cumprimento da liminar, os prazos, a programa\u00e7\u00e3o de viagens, e eles negaram tudo. Falaram que n\u00e3o tinham a inten\u00e7\u00e3o de descumprir a liminar e que eu estava interferindo na administra\u00e7\u00e3o deles, entrando no m\u00e9rito deles, que eles \u00e9 que deveriam definir como seria a programa\u00e7\u00e3o de viagens. Eu estou interessada s\u00f3 no cumprimento, independente da forma. A gente estava cumprindo nosso papel, que \u00e9 cobrar o cumprimento da liminar, documentando que ela n\u00e3o estava sendo cumprida. Na reuni\u00e3o ficou estabelecido que fariam uma reprograma\u00e7\u00e3o e me enviariam para fazer o acompanhamento. Mas\u00a0nunca me encaminharam essa reprograma\u00e7\u00e3o e eu comecei a documentar. Na \u00e9poca instaurei um inqu\u00e9rito civil para apurar o descumprimento dessa liminar. De quem seria a responsabilidade desses devedores e\u00a0agentes p\u00fablicos\u00a0num descumprimento que caracteriza improbidade administrativa, por viola\u00e7\u00e3o dos princ\u00edpios da administra\u00e7\u00e3o p\u00fablica.<br \/>\n<strong>\u00a0<em>A equipe que estava cuidando disso come\u00e7ou a n\u00e3o cumprir os prazos?<\/em><\/strong><br \/>\nA equipe n\u00e3o, a equipe estava cumprindo a ordem judicial no fim de junho. Essa equipe apresentou um relat\u00f3rio das atividades, inclusive para a Procuradoria Geral do Estado. Esse relat\u00f3rio demonstrava que eles estavam tendo resultado com essa fiscaliza\u00e7\u00e3o e que j\u00e1 tinham detectado mais de 44 propriedades com desmatamento. As multas j\u00e1 tinham chegado a R$ 200 milh\u00f5es e a repara\u00e7\u00e3o do dano desse desmatamento estava calculada em R$ 600 milh\u00f5es.<br \/>\nO\u00a0resultado do trabalho dessa equipe estava sendo produtivo, mas a partir do momento que ele come\u00e7ou a aparecer e a serem feitos os\u00a0autos de infra\u00e7\u00e3o, comecei a perceber que eles come\u00e7aram a protelar o cumprimento, com a remo\u00e7\u00e3o desses servidores que seguiam a decis\u00e3o judicial. A\u00a0partir desse momento a equipe foi alterada e a produtividade caiu bastante. O n\u00famero de autua\u00e7\u00f5es diminuiu, comprometeu muito o cumprimento da liminar.<br \/>\n<em><strong>Teve gente demitida?<\/strong><\/em><br \/>\nHouve remo\u00e7\u00f5es e diminui\u00e7\u00e3o da equipe, que \u00e9 composta por servidores da Sema na unidade de conserva\u00e7\u00e3o.\u00a0Eles fizeram o levantamento do desmatamento ocorrido entre 1998 e 2015. Aplicaram a multa administrativa e, com esses dados, entrei com as a\u00e7\u00f5es civis p\u00fablicas.<br \/>\nNo total, hoje s\u00e3o 50 a\u00e7\u00f5es civis p\u00fablicas, para repara\u00e7\u00e3o do dano ambiental em face desses respons\u00e1veis, propriet\u00e1rios e possuidores. Dentro do parque existem possuidores que entraram ap\u00f3s a cria\u00e7\u00e3o do parque, mesmo sabendo que ali era uma \u00e1rea de preserva\u00e7\u00e3o que n\u00e3o poderia ser explorada. Mesmo assim, adquiriram e est\u00e3o l\u00e1 explorando essa \u00e1rea h\u00e1 anos, se enriquecendo \u00e0s custas do meio ambiente, dos recursos naturais, que deveriam estar sendo protegidos e preservados.<br \/>\n<em><strong>Um ato de grilagem?<\/strong><\/em><br \/>\nSim, o doutor Scaloppe usou essa terminologia.<br \/>\n<img decoding=\"async\" class=\"alignnone wp-image-3356 size-full\" src=\"http:\/\/outraspalavras.net\/deolhonosruralistas\/wp-content\/uploads\/2017\/03\/eliseupadilha04.jpg\" alt=\"\" width=\"640\" height=\"360\" \/><br \/>\n<em><strong>Voc\u00eas abriram alguma a\u00e7\u00e3o por omiss\u00e3o do Estado?<\/strong><\/em><br \/>\nA pr\u00f3pria a\u00e7\u00e3o civil publica ajuizada em 2015, movida para obrigar o Estado a consolidar essa Unidade de Conserva\u00e7\u00e3o, tem um pedido de R$ 50 milh\u00f5es, por causa da omiss\u00e3o. O Estado, sob alega\u00e7\u00e3o de que essa liminar estaria gerando les\u00e3o \u00e0 ordem administrativa e \u00e0 economia p\u00fablica, entrou com um instrumento chamado suspens\u00e3o de liminar. O Tribunal de Justi\u00e7a deferiu e suspendeu os efeitos da liminar.<br \/>\nInteressante citar que, no caso do Parque Nacional da Serra da Canastra, saiu nestes dias uma situa\u00e7\u00e3o semelhante. O nosso \u00e9 um Parque Estadual, criado pelo Estado do Mato Grosso, e l\u00e1 \u00e9 um Parque Nacional, criado pela Uni\u00e3o. A Advocacia Geral da Uni\u00e3o entrou com um pedido de suspens\u00e3o de liminar no Tribunal Regional Federal para proteger o parque e proibir atividades econ\u00f4micas, como a cria\u00e7\u00e3o de gado dentro dessa Unidade de Conserva\u00e7\u00e3o de prote\u00e7\u00e3o integral.<br \/>\nAqui foi exatamente o contr\u00e1rio. A PGE entrou para suspender os efeitos da liminar que o Estado deve proteger. \u00c9 o Estado que tem a obriga\u00e7\u00e3o de consolidar esse parque. \u00c9\u00a0uma \u00e1rea de conserva\u00e7\u00e3o, de prote\u00e7\u00e3o integral, onde s\u00f3 se permite o uso indireto dos recursos naturais. Ali s\u00f3 poderia ter pesquisas cient\u00edficas, turismo ecol\u00f3gico, educa\u00e7\u00e3o ambiental e n\u00e3o poderia se admitir nenhuma atividade econ\u00f4mica. Por\u00e9m, tem a cria\u00e7\u00e3o de gado. E a pecu\u00e1ria causa um dano ambiental muito grande na eros\u00e3o do solo. O preju\u00edzo \u00e9 inestim\u00e1vel para os recursos naturais, tanto fauna e flora como os recursos h\u00eddricos. No parque\u00a0temos o rio Guapor\u00e9, esses danos t\u00eam um reflexo n\u00e3o s\u00f3 aqui em Vila Bela, mas no Estado e, qui\u00e7\u00e1, no pa\u00eds inteiro.<br \/>\n<em><strong>Esses 19\u00a0mil hectares s\u00e3o todos frutos de invas\u00f5es do parque?<\/strong><\/em><br \/>\nL\u00e1 tem mais de 120 propriedades, alguns propriet\u00e1rios estavam l\u00e1 antes da cria\u00e7\u00e3o do parque, em 1997. Compraram a terra sem o t\u00edtulo\u00a0e n\u00e3o foi feita a regulariza\u00e7\u00e3o fundi\u00e1ria. O Estado n\u00e3o desapropriou e eles podem continuar l\u00e1, n\u00e3o perder\u00e3o a terra enquanto o Estado n\u00e3o indeniz\u00e1-los. Esses propriet\u00e1rios n\u00e3o poderiam ter aberto novas \u00e1reas, realizado novos desmatamentos.Eles teriam que entrar com uma a\u00e7\u00e3o contra o Estado por desapropria\u00e7\u00e3o indireta e cumprir a legisla\u00e7\u00e3o, n\u00e3o desmatar mais. Entre esses 50 fazendeiros\u00a0que foram acionados existem alguns que estavam l\u00e1 e tinham o t\u00edtulo, t\u00eam a prova de dom\u00ednio antes da cria\u00e7\u00e3o do parque, por\u00e9m continuaram desmatando, o que n\u00e3o \u00e9 admitido. E existem outros que entraram ap\u00f3s a cria\u00e7\u00e3o do parque.<br \/>\n<em><strong>\u00c9 o\u00a0caso do ministro Padilha?<\/strong><\/em><br \/>\nO Padilha\u00a0comprou esse t\u00edtulo de terceiros ap\u00f3s a cria\u00e7\u00e3o do parque. Pared\u00e3o I, Cachoeira e a Pared\u00e3o II est\u00e3o no nome da Jasmin Agropecu\u00e1ria, que \u00e9 a pessoa jur\u00eddica de propriedade do ministro. Existem tr\u00eas propriedades no Cadastro Ambiental Rural (CAR). No caso da fazenda Cachoeira h\u00e1 um contrato de compra e venda. Ele comprou de terceiros em 2006, de uma pessoa jur\u00eddica.<br \/>\nA fazenda Pared\u00e3o, que tamb\u00e9m est\u00e1 no nome do ministro e do seu s\u00f3cio, foi adquirida em 2013. Na pr\u00e1tica a Pared\u00e3o II e a Pared\u00e3o I s\u00e3o uma do lado da outra e s\u00f3 existe uma fazenda. Existe essa separa\u00e7\u00e3o no CAR, mas na pr\u00e1tica acaba sendo uma s\u00f3,\u00a0 os pr\u00f3prios trabalhadores consideram uma fazenda s\u00f3. Isto de acordo com as informa\u00e7\u00f5es passadas pelos policiais que cumpriram a busca e apreens\u00e3o.<br \/>\nTem outra fazenda no nome do ministro que \u00e9 a fazenda Agropecu\u00e1ria Jasmin, mas nessa n\u00e3o foi feito o levantamento do desmatamento. Ela tamb\u00e9m est\u00e1 dentro do parque, entretanto n\u00e3o tem a\u00e7\u00e3o civil p\u00fablica ainda porque ainda n\u00e3o teve levantamento.<br \/>\n<em><strong>Mesmo sem levantamento a senhora diria que houve desmatamento nessa terceira propriedade?<\/strong><\/em><br \/>\nN\u00e3o teve levantamento oficial, mas, das 60\u00a0e poucas propriedades analisadas at\u00e9 hoje, a maioria desmatou. Pouqu\u00edssimos propriet\u00e1rios n\u00e3o desmataram. V\u00e1rias pessoas t\u00eam contrato de compra e venda, mas n\u00e3o foram repassadas as escrituras. Outros s\u00e3o posseiros que n\u00e3o t\u00eam prova de um t\u00edtulo.<br \/>\nA situa\u00e7\u00e3o \u00e9 bem diversificada, mas aqueles que compraram posteriormente \u00e0 cria\u00e7\u00e3o do parque compraram sabendo que n\u00e3o poderiam utilizar aquela \u00e1rea, que ela n\u00e3o poderia ser explorada. E ainda desmataram. Eles devem responder por esse dano ambiental e n\u00e3o t\u00eam direito \u00e0 indeniza\u00e7\u00e3o do Estado.<br \/>\nDessas 50 propriedades, tr\u00eas representantes me procuraram e fizemos um acordo, vamos firmar as causas nos pr\u00f3ximos dias. Eles reconheceram que estavam irregulares e que fizeram desmatamento irregular, se comprometeram a pagar o dano moral de R$ 1 mil por hectare de desmatamento e, no caso de pessoa jur\u00eddica R$ 2 mil.<\/p>\n<figure id=\"attachment_3423\" class=\"wp-caption alignnone\"><img decoding=\"async\" class=\"wp-image-3423 size-full\" src=\"http:\/\/outraspalavras.net\/deolhonosruralistas\/wp-content\/uploads\/2017\/03\/DSCN6146-1-1-1.jpg\" alt=\"\" width=\"4608\" height=\"3456\" \/><figcaption class=\"wp-caption-text\">Fazenda Pared\u00e3o II\/ Fotos do MPE<\/figcaption><\/figure>\n<p>OUTRO LADO<br \/>\nQuestionado pelo <a href=\"http:\/\/politica.estadao.com.br\/noticias\/geral,procurador-diz-que-governo-de-mt-age-em-favor-de-padilha,70001644872\">Estad\u00e3o<\/a>, em rela\u00e7\u00e3o \u00e0s afirma\u00e7\u00f5es do procurador-geral, o ministro Padilha afirmou em nota que n\u00e3o tem nada a declarar, \u201cpois o fato alegado n\u00e3o existe\u201d. Paulo Taques, secret\u00e1rio da Casa Civil e primo do governador, negou que a PGE tenha trabalhado em favor do ministro ou de qualquer propriet\u00e1rio. \u201cO Estado n\u00e3o olhou nomes ao atuar na quest\u00e3o\u201d, afirmou. O procurador-geral do Estado, Rog\u00e9rio Gallo, respondeu no mesmo tom, negando que o \u00f3rg\u00e3o tenha atuado em defesa de interesse do ministro.<br \/>\nLEIA MAIS:<br \/>\n<a class=\"news_box_link\" href=\"http:\/\/outraspalavras.net\/deolhonosruralistas\/2017\/03\/26\/policiais-armados-com-metralhadora-intimidam-jornalistas-em-fazenda-de-padilha\/\">Policiais armados com metralhadora intimidam jornalistas em fazenda de Padilha<br \/>\n<\/a><a class=\"news_box_link\" href=\"http:\/\/outraspalavras.net\/deolhonosruralistas\/2017\/01\/30\/mpe-acusa-padilha-de-pressionar-governador-do-mt-para-encobrir-crimes-em-fazenda\/\">MPE acusa Padilha de pressionar governador do MT para encobrir crimes em fazenda<\/a><\/p>\n","protected":false},"excerpt":{"rendered":"<p>Criado em 1997, o parque Ricardo Franco fica\u00a0no munic\u00edpio de Vila Bela da Sant\u00edssima Trindade, na fronteira com a Bol\u00edvia, a 520 quil\u00f4metros de Cuiab\u00e1. O MPE revelou no fim do ano passado que, dos 158 mil hectares do parque, 19 mil foram desmatados ilegalmente, entre 1998 e 2015, para explora\u00e7\u00e3o \u2013 sem licen\u00e7a \u2013 [&hellip;]<\/p>\n","protected":false},"author":5,"featured_media":46758,"comment_status":"open","ping_status":"closed","sticky":false,"template":"","format":"standard","meta":{"_jetpack_memberships_contains_paid_content":false,"footnotes":""},"categories":[26],"tags":[],"class_list":["post-46755","post","type-post","status-publish","format-standard","has-post-thumbnail","hentry","category-geral"],"aioseo_notices":[],"jetpack_featured_media_url":"","jetpack_sharing_enabled":true,"jetpack-related-posts":[],"jetpack_shortlink":"https:\/\/wp.me\/pbQjBd-ca7","_links":{"self":[{"href":"https:\/\/www.jornalja.com.br\/arquivo\/wp-json\/wp\/v2\/posts\/46755","targetHints":{"allow":["GET"]}}],"collection":[{"href":"https:\/\/www.jornalja.com.br\/arquivo\/wp-json\/wp\/v2\/posts"}],"about":[{"href":"https:\/\/www.jornalja.com.br\/arquivo\/wp-json\/wp\/v2\/types\/post"}],"author":[{"embeddable":true,"href":"https:\/\/www.jornalja.com.br\/arquivo\/wp-json\/wp\/v2\/users\/5"}],"replies":[{"embeddable":true,"href":"https:\/\/www.jornalja.com.br\/arquivo\/wp-json\/wp\/v2\/comments?post=46755"}],"version-history":[{"count":0,"href":"https:\/\/www.jornalja.com.br\/arquivo\/wp-json\/wp\/v2\/posts\/46755\/revisions"}],"wp:featuredmedia":[{"embeddable":true,"href":"https:\/\/www.jornalja.com.br\/arquivo\/wp-json\/"}],"wp:attachment":[{"href":"https:\/\/www.jornalja.com.br\/arquivo\/wp-json\/wp\/v2\/media?parent=46755"}],"wp:term":[{"taxonomy":"category","embeddable":true,"href":"https:\/\/www.jornalja.com.br\/arquivo\/wp-json\/wp\/v2\/categories?post=46755"},{"taxonomy":"post_tag","embeddable":true,"href":"https:\/\/www.jornalja.com.br\/arquivo\/wp-json\/wp\/v2\/tags?post=46755"}],"curies":[{"name":"wp","href":"https:\/\/api.w.org\/{rel}","templated":true}]}}