{"id":46761,"date":"2017-04-04T16:24:50","date_gmt":"2017-04-04T19:24:50","guid":{"rendered":"https:\/\/www.jornalja.com.br\/?p=46761"},"modified":"2017-04-04T16:24:50","modified_gmt":"2017-04-04T19:24:50","slug":"banco-de-talentos-escolhe-mais-um-secretario-adjunto-e-oito-diretores","status":"publish","type":"post","link":"https:\/\/www.jornalja.com.br\/arquivo\/banco-de-talentos-escolhe-mais-um-secretario-adjunto-e-oito-diretores\/","title":{"rendered":"Banco de Talentos escolhe mais um secret\u00e1rio-adjunto e oito diretores"},"content":{"rendered":"<p>Mais nove inscritos no Banco de Talentos (<strong><u><a href=\"http:\/\/www.bancodetalentospoa.com\/\" data-saferedirecturl=\"http:\/\/www.google.com\/url?hl=pt-BR&amp;q=http:\/\/www.bancodetalentospoa.com\/&amp;source=gmail&amp;ust=1491417336799000&amp;usg=AFQjCNEHVNt1J_ZQt8Q1T3HXiCt9N35koQ\">www.bancodetalentospoa.com<\/a><\/u><\/strong>) foram selecionados para cargos diretivos na administra\u00e7\u00e3o municipal. O total de inscritos na plataforma digital &#8211; in\u00e9dita na administra\u00e7\u00e3o p\u00fablica &#8211; j\u00e1 chega a 9.083 profissionais. Destes, 808 foram entrevistados por 18 recrutadores e 310 foram selecionados.<br \/>\nO prefeito Nelson Marchezan J\u00fanior acredita que entregar a sele\u00e7\u00e3o de dirigentes ao Banco de Talentos d\u00e1\u00a0transpar\u00eancia \u00e0s escolhas das pessoas que atuam na administra\u00e7\u00e3o municipal e qualifica o servi\u00e7o p\u00fablico. \u201cTemos recebido o cadastro de pessoas altamente qualificadas e dispostas a contribuir com a gest\u00e3o p\u00fablica. Todos dispostos a contribuir com Porto Alegre, especialmente nesse momento de crise, em que a cidade precisa de todos n\u00f3s\u201d, disse.<br \/>\nNesta segunda-feira (3) o prefeito anunciou mais nove sele\u00e7\u00f5es feitas atrav\u00e9s da plataforma. Leandro Lemos \u00e9 o novo secret\u00e1rio-adjunto da pasta de Desenvolvimento Econ\u00f4mico. Liciane Rossetto Chrysostomo foi escolhida para a Diretoria de Turismo. E Domingos Valladares ser\u00e1 diretor de Planejamento Log\u00edstico da Secretaria de Servi\u00e7os Urbanos. &#8220;\u00c9 uma forma de contribuir para a sociedade&#8221;, justificou Valladares.<br \/>\nPara o Departamento Municipal de \u00c1gua e Esgotos (Dmae) foram triados 128 curr\u00edculos para cargos de diretoria e ger\u00eancia, 57 entrevistados pelo Banco de Talentos, 34 entrevistados pela dire\u00e7\u00e3o do Dmae e nove selecionados. Entre eles est\u00e3o Luis Fernando Jacobsen Albrecht, para a Dire\u00e7\u00e3o de Opera\u00e7\u00f5es; Marco Antonio Gil Faccin, diretor de Desenvolvimento e Gest\u00e3o; e Cesar Benedito Gabin, diretor de Relacionamento com o Cliente. Os tr\u00eas selecionados j\u00e1 integravam o quadro de funcion\u00e1rios do Dmae. \u201cA valoriza\u00e7\u00e3o dos t\u00e9cnicos \u00e9 algo que temos levado muito em considera\u00e7\u00e3o nas sele\u00e7\u00f5es. Os servidores t\u00e9cnicos podem contribuir muito com a cidade\u201d, defende Christian Lemos, um dos coordenadores do processo seletivo.<br \/>\nNa Secretaria Municipal de Infraestrutura e Mobilidade (Smim) s\u00e3o tr\u00eas novos diretores escolhidos. Foram triados 45 curr\u00edculos para cargos de diretoria e ger\u00eancia, 30 entrevistados pelo Banco de Talentos, 12 entrevistados pela Secretaria e quatro selecionados. Os novos diretores s\u00e3o: Marcelo Jesu\u00edno de Almeida, para dire\u00e7\u00e3o de Planejamento Estrat\u00e9gico; Thiago Regal da Silva, diretor de Projetos; e Marcelo Andr\u00e9 Deboni, diretor de Planejamento, Metas e Desempenho. Todos atuavam na iniciativa privada e demonstram interesse em aplicar seus conhecimentos no servi\u00e7o p\u00fablico.<br \/>\n<strong>Trajet\u00f3ria profissional dos selecionados:<\/strong><br \/>\n<strong>Domingos Valladares<\/strong>\u00a0&#8211; Administrador com mestrado na PUCRS, \u00e9 professor na mesma institui\u00e7\u00e3o das cadeiras de Estrat\u00e9gia e Internacionaliza\u00e7\u00e3o. Destacou-se na lideran\u00e7a de equipes de grandes corpora\u00e7\u00f5es como Lojas Renner, empresa na qual foi gerente de planejamento de log\u00edstica \u2013 Brasil. A experi\u00eancia de 15 anos na iniciativa privada tamb\u00e9m inclui o cargo de diretor de log\u00edstica e compras do Grupo Soma (Rio de Janeiro).<br \/>\n<strong>Liciane Rossetto Chrysostomo<\/strong>\u00a0&#8211; Graduada em Turismo, especialista em Gest\u00e3o Estrat\u00e9gica das Organiza\u00e7\u00f5es e Desenvolvimento Humano, mestre em Engenharia de Produ\u00e7\u00e3o e doutoranda em Comunica\u00e7\u00e3o Social. At\u00e9 2015, foi diretora da Escola de Neg\u00f3cios da Fadergs. Foi coordenadora de gradua\u00e7\u00e3o da Pr\u00f3-Reitoria de Gradua\u00e7\u00e3o do IPA.<br \/>\n<strong>Leandro Lemos<\/strong>\u00a0&#8211; Bacharel em Ci\u00eancias Econ\u00f4micas, mestre em Economia Industrial pela UFRGS e doutor em Comunica\u00e7\u00e3o pela Universidade de S\u00e3o Paulo. Atuou durante muitos anos na \u00e1rea de funding. Foi professor da PUCRS e presidente do Conselho Regional de Economia do Rio Grande do Sul.<br \/>\n<strong>Marcos Andr\u00e9 Deboni<\/strong>\u00a0\u2013 Graduado em Engenharia Civil, mestre em Engenharia de Produ\u00e7\u00e3o e com MBA em Gerenciamento de Projetos, destacou-se na implanta\u00e7\u00e3o de escrit\u00f3rios de planejamento em empresas como Gerdau, CSN, Petrobras e TIM, e no gerenciamento de equipes multidisciplinares em pa\u00edses como China, \u00cdndia, M\u00e9xico e Su\u00e9cia. Trabalhou na Ericsson, onde atuava como Customer Project Manager.<br \/>\n<strong>Marcelo Jesu\u00edno de Almeida<\/strong>\u00a0&#8211; Formado em Engenharia Eletr\u00f4nica e de Telecomunica\u00e7\u00f5es, fez cursos de Gest\u00e3o de Projetos nos Estados Unidos, no PMI USA, e MBA feito no Iergs e na EPSM. Atuou na Ericsson por 19 anos como gerente de programas e projetos, gerente de contas, de planejamento estrat\u00e9gico e de linha. Na Telepar, foi coordenador regional, gerenciando contratos de terceiriza\u00e7\u00e3o. Foi professor no Centro Federal de Educa\u00e7\u00e3o Tecnol\u00f3gica do Paran\u00e1 e no Laborat\u00f3rio de Eletr\u00f4nica Digital. Atualmente atua junto ao Project Management Institute RS, capacitando professores e institui\u00e7\u00f5es a aplicarem t\u00e9cnicas de gerenciamento de projetos.<br \/>\n<strong>Thiago Regal da Silva<\/strong>\u00a0&#8211; Formado e com mestrado em Engenharia El\u00e9trica, atualmente \u00e9 doutorando na UFRGS. \u00c9 membro do Project Management Institute (PMI) desde 2010 e possui certifica\u00e7\u00f5es t\u00e9cnicas reconhecidas internacionalmente. Desenvolveu projetos de business rules engine para clientes no Brasil, Europa e \u00c1sia. Desenvolveu projetos voltados \u00e0 \u00e1rea ambiental e de grandes obras de infraestrutura, como usinas hidroel\u00e9tricas, estaleiros, refinarias e linhas de transmiss\u00e3o para clientes como Petrobras, Norte Energia, RG Estaleiros, Wilson Sons, RS energia e outros. \u00a0Em 2014, assumiu a Ger\u00eancia Global de Programas e Projetos da Dell, envolvendo equipes na \u00cdndia, Brasil, EUA e Europa.<br \/>\n<strong>Cesar Benedito Gabin<\/strong>\u00a0\u2013 Formado em administra\u00e7\u00e3o, est\u00e1 no Dmae desde 2000, onde ocupou cargos de chefias e atuou como gerente. Fez v\u00e1rios cursos pelo Dmae, com destaque para as Normas ISO (9.001 e 17025). Possui experi\u00eancia em gest\u00e3o de equipes e comando dos setores de atendimento ao cliente.<br \/>\n<strong>Luiz Fernando Jacobsen Albrecht\u00a0<\/strong>\u2013 Engenheiro Civil e administrador, est\u00e1 no Dmae desde 1992, onde atuou nas \u00e1reas de projetos e obras civis e ambientais. Foi coordenador de tratamento e distribui\u00e7\u00e3o de \u00e1gua. Tamb\u00e9m atuou no Plano Diretor de Esgotos da Cidade, em 2009.<br \/>\n<strong>Marco Antonio Gil Faccin<\/strong>\u00a0\u2013 Engenheiro Civil, est\u00e1 no Dmae h\u00e1 21 anos. Atuou na fiscaliza\u00e7\u00e3o de obras de rede, edifica\u00e7\u00f5es de unidades operacionais. Nos \u00faltimos anos assumiu a ger\u00eancia de elabora\u00e7\u00e3o de projetos e fiscaliza\u00e7\u00e3o.<\/p>\n","protected":false},"excerpt":{"rendered":"<p>Mais nove inscritos no Banco de Talentos (www.bancodetalentospoa.com) foram selecionados para cargos diretivos na administra\u00e7\u00e3o municipal. O total de inscritos na plataforma digital &#8211; in\u00e9dita na administra\u00e7\u00e3o p\u00fablica &#8211; j\u00e1 chega a 9.083 profissionais. Destes, 808 foram entrevistados por 18 recrutadores e 310 foram selecionados. O prefeito Nelson Marchezan J\u00fanior acredita que entregar a sele\u00e7\u00e3o [&hellip;]<\/p>\n","protected":false},"author":4,"featured_media":0,"comment_status":"open","ping_status":"closed","sticky":false,"template":"","format":"standard","meta":{"_jetpack_newsletter_access":"","_jetpack_dont_email_post_to_subs":false,"_jetpack_newsletter_tier_id":0,"_jetpack_memberships_contains_paywalled_content":false,"_jetpack_feature_clip_id":0,"_jetpack_memberships_contains_paid_content":false,"footnotes":"","jetpack_post_was_ever_published":false},"categories":[2022],"tags":[],"class_list":["post-46761","post","type-post","status-publish","format-standard","hentry","category-notas"],"aioseo_notices":[],"aioseo_head":"\n\t\t<!-- All in One SEO 5.0.1.1 - aioseo.com -->\n\t<meta name=\"robots\" content=\"max-image-preview:large\" \/>\n\t<meta name=\"author\" content=\"da Reda\u00e7\u00e3o\"\/>\n\t<link rel=\"canonical\" href=\"https:\/\/www.jornalja.com.br\/arquivo\/banco-de-talentos-escolhe-mais-um-secretario-adjunto-e-oito-diretores\/\" \/>\n\t<meta name=\"generator\" content=\"All in One SEO (AIOSEO) 5.0.1.1\" \/>\n\t\t<meta property=\"og:locale\" content=\"pt_BR\" \/>\n\t\t<meta property=\"og:site_name\" content=\"Arquivo | Jornal J\u00c1 | Porto Alegre\" \/>\n\t\t<meta property=\"og:type\" content=\"article\" \/>\n\t\t<meta property=\"og:title\" content=\"Banco de Talentos escolhe mais um secret\u00e1rio-adjunto e oito diretores | Arquivo\" \/>\n\t\t<meta property=\"og:url\" content=\"https:\/\/www.jornalja.com.br\/arquivo\/banco-de-talentos-escolhe-mais-um-secretario-adjunto-e-oito-diretores\/\" \/>\n\t\t<meta property=\"og:image\" content=\"https:\/\/www.jornalja.com.br\/economics\/wp-content\/uploads\/sites\/11\/2026\/08\/ja-folhaderosto-facebook.jpg\" \/>\n\t\t<meta property=\"og:image:secure_url\" content=\"https:\/\/www.jornalja.com.br\/economics\/wp-content\/uploads\/sites\/11\/2026\/08\/ja-folhaderosto-facebook.jpg\" \/>\n\t\t<meta property=\"article:published_time\" content=\"2017-04-04T19:24:50+00:00\" \/>\n\t\t<meta property=\"article:modified_time\" content=\"2017-04-04T19:24:50+00:00\" \/>\n\t\t<meta name=\"twitter:card\" content=\"summary\" \/>\n\t\t<meta name=\"twitter:title\" content=\"Banco de Talentos escolhe mais um secret\u00e1rio-adjunto e oito diretores | Arquivo\" \/>\n\t\t<meta name=\"twitter:image\" content=\"https:\/\/www.jornalja.com.br\/economics\/wp-content\/uploads\/sites\/11\/2026\/08\/ja-folhaderosto-facebook.jpg\" \/>\n\t\t<script type=\"application\/ld+json\" class=\"aioseo-schema\">\n\t\t\t{\"@context\":\"https:\\\/\\\/schema.org\",\"@graph\":[{\"@type\":\"BlogPosting\",\"@id\":\"https:\\\/\\\/www.jornalja.com.br\\\/arquivo\\\/banco-de-talentos-escolhe-mais-um-secretario-adjunto-e-oito-diretores\\\/#blogposting\",\"name\":\"Banco de Talentos escolhe mais um secret\\u00e1rio-adjunto e oito diretores | Arquivo\",\"headline\":\"Banco de Talentos escolhe mais um secret\\u00e1rio-adjunto e oito diretores\",\"author\":{\"@id\":\"https:\\\/\\\/www.jornalja.com.br\\\/arquivo\\\/author\\\/daredacao\\\/#author\"},\"publisher\":{\"@id\":\"https:\\\/\\\/www.jornalja.com.br\\\/arquivo\\\/#organization\"},\"image\":{\"@type\":\"ImageObject\",\"url\":\"https:\\\/\\\/www.jornalja.com.br\\\/wp-content\\\/uploads\\\/cards\\\/JAslogan.png\",\"@id\":\"https:\\\/\\\/www.jornalja.com.br\\\/arquivo\\\/#articleImage\"},\"datePublished\":\"2017-04-04T16:24:50-03:00\",\"dateModified\":\"2017-04-04T16:24:50-03:00\",\"inLanguage\":\"pt-BR\",\"mainEntityOfPage\":{\"@id\":\"https:\\\/\\\/www.jornalja.com.br\\\/arquivo\\\/banco-de-talentos-escolhe-mais-um-secretario-adjunto-e-oito-diretores\\\/#webpage\"},\"isPartOf\":{\"@id\":\"https:\\\/\\\/www.jornalja.com.br\\\/arquivo\\\/banco-de-talentos-escolhe-mais-um-secretario-adjunto-e-oito-diretores\\\/#webpage\"},\"articleSection\":\"NOTAS\"},{\"@type\":\"BreadcrumbList\",\"@id\":\"https:\\\/\\\/www.jornalja.com.br\\\/arquivo\\\/banco-de-talentos-escolhe-mais-um-secretario-adjunto-e-oito-diretores\\\/#breadcrumblist\",\"itemListElement\":[{\"@type\":\"ListItem\",\"@id\":\"https:\\\/\\\/www.jornalja.com.br\\\/arquivo#listItem\",\"position\":1,\"name\":\"Home\",\"item\":\"https:\\\/\\\/www.jornalja.com.br\\\/arquivo\",\"nextItem\":{\"@type\":\"ListItem\",\"@id\":\"https:\\\/\\\/www.jornalja.com.br\\\/arquivo\\\/category\\\/notas\\\/#listItem\",\"name\":\"NOTAS\"}},{\"@type\":\"ListItem\",\"@id\":\"https:\\\/\\\/www.jornalja.com.br\\\/arquivo\\\/category\\\/notas\\\/#listItem\",\"position\":2,\"name\":\"NOTAS\",\"item\":\"https:\\\/\\\/www.jornalja.com.br\\\/arquivo\\\/category\\\/notas\\\/\",\"nextItem\":{\"@type\":\"ListItem\",\"@id\":\"https:\\\/\\\/www.jornalja.com.br\\\/arquivo\\\/banco-de-talentos-escolhe-mais-um-secretario-adjunto-e-oito-diretores\\\/#listItem\",\"name\":\"Banco de Talentos escolhe mais um secret\\u00e1rio-adjunto e oito diretores\"},\"previousItem\":{\"@type\":\"ListItem\",\"@id\":\"https:\\\/\\\/www.jornalja.com.br\\\/arquivo#listItem\",\"name\":\"Home\"}},{\"@type\":\"ListItem\",\"@id\":\"https:\\\/\\\/www.jornalja.com.br\\\/arquivo\\\/banco-de-talentos-escolhe-mais-um-secretario-adjunto-e-oito-diretores\\\/#listItem\",\"position\":3,\"name\":\"Banco de Talentos escolhe mais um secret\\u00e1rio-adjunto e oito diretores\",\"previousItem\":{\"@type\":\"ListItem\",\"@id\":\"https:\\\/\\\/www.jornalja.com.br\\\/arquivo\\\/category\\\/notas\\\/#listItem\",\"name\":\"NOTAS\"}}]},{\"@type\":\"Organization\",\"@id\":\"https:\\\/\\\/www.jornalja.com.br\\\/arquivo\\\/#organization\",\"name\":\"Jornal J\\u00c1\",\"description\":\"Jornal J\\u00c1 | Porto Alegre\",\"url\":\"https:\\\/\\\/www.jornalja.com.br\\\/arquivo\\\/\",\"telephone\":\"+555133307272\",\"logo\":{\"@type\":\"ImageObject\",\"url\":\"https:\\\/\\\/www.jornalja.com.br\\\/wp-content\\\/uploads\\\/cards\\\/JAslogan.png\",\"@id\":\"https:\\\/\\\/www.jornalja.com.br\\\/arquivo\\\/banco-de-talentos-escolhe-mais-um-secretario-adjunto-e-oito-diretores\\\/#organizationLogo\"},\"image\":{\"@id\":\"https:\\\/\\\/www.jornalja.com.br\\\/arquivo\\\/banco-de-talentos-escolhe-mais-um-secretario-adjunto-e-oito-diretores\\\/#organizationLogo\"}},{\"@type\":\"Person\",\"@id\":\"https:\\\/\\\/www.jornalja.com.br\\\/arquivo\\\/author\\\/daredacao\\\/#author\",\"url\":\"https:\\\/\\\/www.jornalja.com.br\\\/arquivo\\\/author\\\/daredacao\\\/\",\"name\":\"da Reda\\u00e7\\u00e3o\",\"image\":{\"@type\":\"ImageObject\",\"@id\":\"https:\\\/\\\/www.jornalja.com.br\\\/arquivo\\\/banco-de-talentos-escolhe-mais-um-secretario-adjunto-e-oito-diretores\\\/#authorImage\",\"url\":\"https:\\\/\\\/secure.gravatar.com\\\/avatar\\\/469fd857d6605ad19919d27ed29d35a968a25f6e8fd9318356bbb7f57aae9c65?s=96&d=mm&r=g\",\"width\":96,\"height\":96,\"caption\":\"da Reda\\u00e7\\u00e3o\"}},{\"@type\":\"WebPage\",\"@id\":\"https:\\\/\\\/www.jornalja.com.br\\\/arquivo\\\/banco-de-talentos-escolhe-mais-um-secretario-adjunto-e-oito-diretores\\\/#webpage\",\"url\":\"https:\\\/\\\/www.jornalja.com.br\\\/arquivo\\\/banco-de-talentos-escolhe-mais-um-secretario-adjunto-e-oito-diretores\\\/\",\"name\":\"Banco de Talentos escolhe mais um secret\\u00e1rio-adjunto e oito diretores | Arquivo\",\"inLanguage\":\"pt-BR\",\"isPartOf\":{\"@id\":\"https:\\\/\\\/www.jornalja.com.br\\\/arquivo\\\/#website\"},\"breadcrumb\":{\"@id\":\"https:\\\/\\\/www.jornalja.com.br\\\/arquivo\\\/banco-de-talentos-escolhe-mais-um-secretario-adjunto-e-oito-diretores\\\/#breadcrumblist\"},\"author\":{\"@id\":\"https:\\\/\\\/www.jornalja.com.br\\\/arquivo\\\/author\\\/daredacao\\\/#author\"},\"creator\":{\"@id\":\"https:\\\/\\\/www.jornalja.com.br\\\/arquivo\\\/author\\\/daredacao\\\/#author\"},\"datePublished\":\"2017-04-04T16:24:50-03:00\",\"dateModified\":\"2017-04-04T16:24:50-03:00\"},{\"@type\":\"WebSite\",\"@id\":\"https:\\\/\\\/www.jornalja.com.br\\\/arquivo\\\/#website\",\"url\":\"https:\\\/\\\/www.jornalja.com.br\\\/arquivo\\\/\",\"name\":\"Arquivo\",\"description\":\"Jornal J\\u00c1 | Porto Alegre\",\"inLanguage\":\"pt-BR\",\"publisher\":{\"@id\":\"https:\\\/\\\/www.jornalja.com.br\\\/arquivo\\\/#organization\"}}]}\n\t\t<\/script>\n\t\t<!-- All in One SEO -->\n\n","aioseo_head_json":{"title":"Banco de Talentos escolhe mais um secret\u00e1rio-adjunto e oito diretores | Arquivo","description":"","canonical_url":"https:\/\/www.jornalja.com.br\/arquivo\/banco-de-talentos-escolhe-mais-um-secretario-adjunto-e-oito-diretores\/","robots":"max-image-preview:large","keywords":"","webmasterTools":{"miscellaneous":""},"schema":{"@context":"https:\/\/schema.org","@graph":[{"@type":"BlogPosting","@id":"https:\/\/www.jornalja.com.br\/arquivo\/banco-de-talentos-escolhe-mais-um-secretario-adjunto-e-oito-diretores\/#blogposting","name":"Banco de Talentos escolhe mais um secret\u00e1rio-adjunto e oito diretores | Arquivo","headline":"Banco de Talentos escolhe mais um secret\u00e1rio-adjunto e oito diretores","author":{"@id":"https:\/\/www.jornalja.com.br\/arquivo\/author\/daredacao\/#author"},"publisher":{"@id":"https:\/\/www.jornalja.com.br\/arquivo\/#organization"},"image":{"@type":"ImageObject","url":"https:\/\/www.jornalja.com.br\/wp-content\/uploads\/cards\/JAslogan.png","@id":"https:\/\/www.jornalja.com.br\/arquivo\/#articleImage"},"datePublished":"2017-04-04T16:24:50-03:00","dateModified":"2017-04-04T16:24:50-03:00","inLanguage":"pt-BR","mainEntityOfPage":{"@id":"https:\/\/www.jornalja.com.br\/arquivo\/banco-de-talentos-escolhe-mais-um-secretario-adjunto-e-oito-diretores\/#webpage"},"isPartOf":{"@id":"https:\/\/www.jornalja.com.br\/arquivo\/banco-de-talentos-escolhe-mais-um-secretario-adjunto-e-oito-diretores\/#webpage"},"articleSection":"NOTAS"},{"@type":"BreadcrumbList","@id":"https:\/\/www.jornalja.com.br\/arquivo\/banco-de-talentos-escolhe-mais-um-secretario-adjunto-e-oito-diretores\/#breadcrumblist","itemListElement":[{"@type":"ListItem","@id":"https:\/\/www.jornalja.com.br\/arquivo#listItem","position":1,"name":"Home","item":"https:\/\/www.jornalja.com.br\/arquivo","nextItem":{"@type":"ListItem","@id":"https:\/\/www.jornalja.com.br\/arquivo\/category\/notas\/#listItem","name":"NOTAS"}},{"@type":"ListItem","@id":"https:\/\/www.jornalja.com.br\/arquivo\/category\/notas\/#listItem","position":2,"name":"NOTAS","item":"https:\/\/www.jornalja.com.br\/arquivo\/category\/notas\/","nextItem":{"@type":"ListItem","@id":"https:\/\/www.jornalja.com.br\/arquivo\/banco-de-talentos-escolhe-mais-um-secretario-adjunto-e-oito-diretores\/#listItem","name":"Banco de Talentos escolhe mais um secret\u00e1rio-adjunto e oito diretores"},"previousItem":{"@type":"ListItem","@id":"https:\/\/www.jornalja.com.br\/arquivo#listItem","name":"Home"}},{"@type":"ListItem","@id":"https:\/\/www.jornalja.com.br\/arquivo\/banco-de-talentos-escolhe-mais-um-secretario-adjunto-e-oito-diretores\/#listItem","position":3,"name":"Banco de Talentos escolhe mais um secret\u00e1rio-adjunto e oito diretores","previousItem":{"@type":"ListItem","@id":"https:\/\/www.jornalja.com.br\/arquivo\/category\/notas\/#listItem","name":"NOTAS"}}]},{"@type":"Organization","@id":"https:\/\/www.jornalja.com.br\/arquivo\/#organization","name":"Jornal J\u00c1","description":"Jornal J\u00c1 | Porto Alegre","url":"https:\/\/www.jornalja.com.br\/arquivo\/","telephone":"+555133307272","logo":{"@type":"ImageObject","url":"https:\/\/www.jornalja.com.br\/wp-content\/uploads\/cards\/JAslogan.png","@id":"https:\/\/www.jornalja.com.br\/arquivo\/banco-de-talentos-escolhe-mais-um-secretario-adjunto-e-oito-diretores\/#organizationLogo"},"image":{"@id":"https:\/\/www.jornalja.com.br\/arquivo\/banco-de-talentos-escolhe-mais-um-secretario-adjunto-e-oito-diretores\/#organizationLogo"}},{"@type":"Person","@id":"https:\/\/www.jornalja.com.br\/arquivo\/author\/daredacao\/#author","url":"https:\/\/www.jornalja.com.br\/arquivo\/author\/daredacao\/","name":"da Reda\u00e7\u00e3o","image":{"@type":"ImageObject","@id":"https:\/\/www.jornalja.com.br\/arquivo\/banco-de-talentos-escolhe-mais-um-secretario-adjunto-e-oito-diretores\/#authorImage","url":"https:\/\/secure.gravatar.com\/avatar\/469fd857d6605ad19919d27ed29d35a968a25f6e8fd9318356bbb7f57aae9c65?s=96&d=mm&r=g","width":96,"height":96,"caption":"da Reda\u00e7\u00e3o"}},{"@type":"WebPage","@id":"https:\/\/www.jornalja.com.br\/arquivo\/banco-de-talentos-escolhe-mais-um-secretario-adjunto-e-oito-diretores\/#webpage","url":"https:\/\/www.jornalja.com.br\/arquivo\/banco-de-talentos-escolhe-mais-um-secretario-adjunto-e-oito-diretores\/","name":"Banco de Talentos escolhe mais um secret\u00e1rio-adjunto e oito diretores | Arquivo","inLanguage":"pt-BR","isPartOf":{"@id":"https:\/\/www.jornalja.com.br\/arquivo\/#website"},"breadcrumb":{"@id":"https:\/\/www.jornalja.com.br\/arquivo\/banco-de-talentos-escolhe-mais-um-secretario-adjunto-e-oito-diretores\/#breadcrumblist"},"author":{"@id":"https:\/\/www.jornalja.com.br\/arquivo\/author\/daredacao\/#author"},"creator":{"@id":"https:\/\/www.jornalja.com.br\/arquivo\/author\/daredacao\/#author"},"datePublished":"2017-04-04T16:24:50-03:00","dateModified":"2017-04-04T16:24:50-03:00"},{"@type":"WebSite","@id":"https:\/\/www.jornalja.com.br\/arquivo\/#website","url":"https:\/\/www.jornalja.com.br\/arquivo\/","name":"Arquivo","description":"Jornal J\u00c1 | Porto Alegre","inLanguage":"pt-BR","publisher":{"@id":"https:\/\/www.jornalja.com.br\/arquivo\/#organization"}}]},"og:locale":"pt_BR","og:site_name":"Arquivo | Jornal J\u00c1 | Porto Alegre","og:type":"article","og:title":"Banco de Talentos escolhe mais um secret\u00e1rio-adjunto e oito diretores | Arquivo","og:url":"https:\/\/www.jornalja.com.br\/arquivo\/banco-de-talentos-escolhe-mais-um-secretario-adjunto-e-oito-diretores\/","og:image":"https:\/\/www.jornalja.com.br\/economics\/wp-content\/uploads\/sites\/11\/2026\/08\/ja-folhaderosto-facebook.jpg","og:image:secure_url":"https:\/\/www.jornalja.com.br\/economics\/wp-content\/uploads\/sites\/11\/2026\/08\/ja-folhaderosto-facebook.jpg","article:published_time":"2017-04-04T19:24:50+00:00","article:modified_time":"2017-04-04T19:24:50+00:00","twitter:card":"summary","twitter:title":"Banco de Talentos escolhe mais um secret\u00e1rio-adjunto e oito diretores | Arquivo","twitter:image":"https:\/\/www.jornalja.com.br\/economics\/wp-content\/uploads\/sites\/11\/2026\/08\/ja-folhaderosto-facebook.jpg"},"aioseo_meta_data":{"post_id":"46761","title":null,"description":null,"keywords":null,"keyphrases":null,"primary_term":null,"canonical_url":null,"og_title":null,"og_description":null,"og_object_type":"default","og_image_type":"default","og_image_url":null,"og_image_width":null,"og_image_height":null,"og_image_custom_url":null,"og_image_custom_fields":null,"og_video":null,"og_custom_url":null,"og_article_section":null,"og_article_tags":null,"twitter_use_og":false,"twitter_card":"default","twitter_image_type":"default","twitter_image_url":null,"twitter_image_custom_url":null,"twitter_image_custom_fields":null,"twitter_title":null,"twitter_description":null,"schema":{"blockGraphs":[],"customGraphs":[],"default":{"data":{"Article":[],"Course":[],"Dataset":[],"FAQPage":[],"Movie":[],"Person":[],"Product":[],"ProductReview":[],"Car":[],"Recipe":[],"Service":[],"SoftwareApplication":[],"WebPage":[]},"graphName":"","isEnabled":true},"graphs":[],"defaultGraph":"","defaultPostTypeGraph":""},"schema_type":null,"schema_type_options":null,"pillar_content":false,"robots_default":true,"robots_noindex":false,"robots_noarchive":false,"robots_nosnippet":false,"robots_nofollow":false,"robots_noimageindex":false,"robots_noodp":false,"robots_notranslate":false,"robots_max_snippet":null,"robots_max_videopreview":null,"robots_max_imagepreview":"large","priority":null,"frequency":null,"location":null,"local_seo":null,"breadcrumb_settings":null,"limit_modified_date":false,"ai":null,"created":"2020-12-20 20:37:39","updated":"2025-07-19 20:50:08","seo_analyzer_scan_date":null,"focus_keyword":null,"additional_keywords":null,"truseo_locale":null},"jetpack_sharing_enabled":true,"jetpack-related-posts":[{"id":5440,"url":"https:\/\/www.jornalja.com.br\/arquivo\/casarao-da-venancio-destino-permanece-incerto\/","url_meta":{"origin":46761,"position":0},"title":"Estado ainda n\u00e3o sabe o que fazer com casar\u00e3o abandonado h\u00e1 20 anos","author":"Elmar Bones","date":"6 de julho de 2009","format":false,"excerpt":"O casar\u00e3o amarelo, numa esquina nobre de Porto Alegre (Ven\u00e2ncio Aires com Jo\u00e3o Pessoa), j\u00e1 abrigou uma escola. H\u00e1 duas d\u00e9cadas, pelo menos, est\u00e1 abandonado, porque seu propriet\u00e1rio, o governo do Estado do Rio Grande do Sul, n\u00e3o consegue achar um destino para ele. Planos n\u00e3o faltaram. O governador Ol\u00edvio\u2026","rel":"","context":"Em &quot;X.Categorias velhas&quot;","block_context":{"text":"X.Categorias velhas","link":"https:\/\/www.jornalja.com.br\/arquivo\/category\/x-categorias-velhas\/"},"img":{"alt_text":"geraldo1","src":"https:\/\/i0.wp.com\/www.jornalja.com.br\/wp-content\/uploads\/2009\/07\/geraldo1.jpg?resize=350%2C200&ssl=1","width":350,"height":200},"classes":[]},{"id":13101,"url":"https:\/\/www.jornalja.com.br\/arquivo\/morre-um-guerreiro-do-texto\/","url_meta":{"origin":46761,"position":1},"title":"Morre um guerreiro do texto","author":"Patr\u00edcia Marini","date":"14 de maio de 2014","format":false,"excerpt":"Por Ricardo Kotscho Reproduzido do blog do autor, 11\/5\/2014; t\u00edtulo original \u201cE l\u00e1 se foi o nosso Myltainho, guerreiro do texto\u201d. Mi\u00fado e franzino, meu amigo Myltainho era um valente e inconformado guerreiro na luta contra as injusti\u00e7as sociais, a hipocrisia, as maracutaias, o autoritarismo, a intoler\u00e2ncia, a viol\u00eancia, o\u2026","rel":"","context":"Em &quot;Geral&quot;","block_context":{"text":"Geral","link":"https:\/\/www.jornalja.com.br\/arquivo\/category\/geral\/"},"img":{"alt_text":"","src":"","width":0,"height":0},"classes":[]},{"id":14241,"url":"https:\/\/www.jornalja.com.br\/arquivo\/o-guaiba-nas-imagens-poeticas-de-achutti\/","url_meta":{"origin":46761,"position":2},"title":"O Gua\u00edba nas imagens po\u00e9ticas de Achutti","author":"da Reda\u00e7\u00e3o","date":"18 de junho de 2014","format":false,"excerpt":"Em \u201cO Gua\u00edba por Achutti\u201d \u2013 obra financiada via Minist\u00e9rio da Cultura, produ\u00e7\u00e3o executiva de Pedro Longhi, e Fl\u00e1vio Wild como designer \u2013, o fot\u00f3grafo revela a beleza e as mazelas de um espa\u00e7o aqu\u00e1tico de \u00e1guas sempre renovadas, cheio de hist\u00f3rias e lendas como as das cidades que foram\u2026","rel":"","context":"Em &quot;Cultura-Geral&quot;","block_context":{"text":"Cultura-Geral","link":"https:\/\/www.jornalja.com.br\/arquivo\/category\/materiasecundaria\/"},"img":{"alt_text":"","src":"","width":0,"height":0},"classes":[]},{"id":12960,"url":"https:\/\/www.jornalja.com.br\/arquivo\/populacao-culpa-empresas-pela-greve-dos-rodoviarios\/","url_meta":{"origin":46761,"position":3},"title":"Popula\u00e7\u00e3o culpa empresas pela greve","author":"Patr\u00edcia Marini","date":"14 de fevereiro de 2014","format":false,"excerpt":"Pesquisa divulgada na edi\u00e7\u00e3o do jornal Metro desta sexta-feira,14, comprova o velho ditado: \u00e9 poss\u00edvel enganar muitos por algum tempo, mas n\u00e3o \u00e9 poss\u00edvel enganar a todos o tempo inteiro. A principal revela\u00e7\u00e3o foi que 59,8% dos entrevistados apontaram as empresas como as principais respons\u00e1veis pela grave e 46% culparam\u2026","rel":"","context":"Em &quot;X.Categorias velhas&quot;","block_context":{"text":"X.Categorias velhas","link":"https:\/\/www.jornalja.com.br\/arquivo\/category\/x-categorias-velhas\/"},"img":{"alt_text":"","src":"","width":0,"height":0},"classes":[]},{"id":13128,"url":"https:\/\/www.jornalja.com.br\/arquivo\/maconha-terra-diz-que-uso-medicinal-e-desculpa\/","url_meta":{"origin":46761,"position":4},"title":"Maconha: Terra diz que uso medicinal \u00e9 desculpa","author":"Patr\u00edcia Marini","date":"4 de junho de 2014","format":false,"excerpt":"A condi\u00e7\u00e3o de pol\u00edtico, em \u00e9poca de campanha de campanha eleitoral, tira for\u00e7a do discurso do m\u00e9dico Osmar Terra contra a legaliza\u00e7\u00e3o da maconha. A tese dele de que a libera\u00e7\u00e3o vai ampliar exponencialmente o consumo \u00e9 discutivel, o consumo \u00e9 corrente. Mas seus alertas quanto aos riscos tem que\u2026","rel":"","context":"Em &quot;X.Categorias velhas&quot;","block_context":{"text":"X.Categorias velhas","link":"https:\/\/www.jornalja.com.br\/arquivo\/category\/x-categorias-velhas\/"},"img":{"alt_text":"","src":"","width":0,"height":0},"classes":[]},{"id":13240,"url":"https:\/\/www.jornalja.com.br\/arquivo\/plano-diretor-estamos-construindo-o-caos\/","url_meta":{"origin":46761,"position":5},"title":"Plano diretor: &quot;Estamos construindo o caos&quot;","author":"Patr\u00edcia Marini","date":"26 de maio de 2014","format":false,"excerpt":"Desabafo que arquiteta Eliana Castilhos, delegada da Regi\u00e3o de Planejamento 1, postou nas redes sociais \u00e9 um testemunho do ambiente que se criou no Conselho do Plano Diretor de Porto Alegre, onde a aprova\u00e7\u00e3o de grandes empreendimentos \u00e9 empurrada guela abaixo dos conselheiros. Ao CMDUA Como delegada da Regi\u00e3o de\u2026","rel":"","context":"Em &quot;Geral&quot;","block_context":{"text":"Geral","link":"https:\/\/www.jornalja.com.br\/arquivo\/category\/geral\/"},"img":{"alt_text":"","src":"","width":0,"height":0},"classes":[]}],"jetpack_shortlink":"https:\/\/wp.me\/pbQjBd-cad","jetpack_featured_media_url":"","_links":{"self":[{"href":"https:\/\/www.jornalja.com.br\/arquivo\/wp-json\/wp\/v2\/posts\/46761","targetHints":{"allow":["GET"]}}],"collection":[{"href":"https:\/\/www.jornalja.com.br\/arquivo\/wp-json\/wp\/v2\/posts"}],"about":[{"href":"https:\/\/www.jornalja.com.br\/arquivo\/wp-json\/wp\/v2\/types\/post"}],"author":[{"embeddable":true,"href":"https:\/\/www.jornalja.com.br\/arquivo\/wp-json\/wp\/v2\/users\/4"}],"replies":[{"embeddable":true,"href":"https:\/\/www.jornalja.com.br\/arquivo\/wp-json\/wp\/v2\/comments?post=46761"}],"version-history":[{"count":0,"href":"https:\/\/www.jornalja.com.br\/arquivo\/wp-json\/wp\/v2\/posts\/46761\/revisions"}],"wp:attachment":[{"href":"https:\/\/www.jornalja.com.br\/arquivo\/wp-json\/wp\/v2\/media?parent=46761"}],"wp:term":[{"taxonomy":"category","embeddable":true,"href":"https:\/\/www.jornalja.com.br\/arquivo\/wp-json\/wp\/v2\/categories?post=46761"},{"taxonomy":"post_tag","embeddable":true,"href":"https:\/\/www.jornalja.com.br\/arquivo\/wp-json\/wp\/v2\/tags?post=46761"}],"curies":[{"name":"wp","href":"https:\/\/api.w.org\/{rel}","templated":true}]}}