{"id":46766,"date":"2017-04-04T21:48:43","date_gmt":"2017-04-05T00:48:43","guid":{"rendered":"https:\/\/www.jornalja.com.br\/?p=46766"},"modified":"2017-04-04T21:48:43","modified_gmt":"2017-04-05T00:48:43","slug":"ambientalistas-questionam-na-justica-a-reforma-de-marchezan","status":"publish","type":"post","link":"https:\/\/www.jornalja.com.br\/arquivo\/ambientalistas-questionam-na-justica-a-reforma-de-marchezan\/","title":{"rendered":"Ambientalistas  questionam na Justi\u00e7a a reforma de Marchezan"},"content":{"rendered":"<p><span class=\"assina\">felipe uhr<\/span><br \/>\nAntes de completar 100 dias na Prefeitura de Porto Alegre, \u00a0Nelson Marchezan J\u00fanior est\u00e1 em rota de colis\u00e3o com siglas hist\u00f3ricas do movimento ambientalista.<br \/>\nPrimeiro, o prefeito tentou extinguir a Secretaria de Meio Ambiente, mudando-a para Secretaria da Sustentabilidade. Teve que aceitar uma emenda e recolocou o Meio Ambiente no nome da pasta.<br \/>\nMas isso foi s\u00f3 o come\u00e7o. A reforma transferiu atribui\u00e7\u00f5es da\u00a0SMAM (meio ambiente) para a rec\u00e9m-criada Secretaria Municipal do Desenvolvimento Econ\u00f4mico (SMDE). \u00a0\u00c0\u00a0SMDE, \u00a0segundo a reforma, cabe &#8220;coordenar e acompanhar os processos de licenciamento ambiental, urbano e de regulariza\u00e7\u00e3o fundi\u00e1ria de forma integrada&#8221; .<br \/>\nA mudan\u00e7a chocou as entidades do meio ambiente.<br \/>\nMembros da Agapan e de outras entidades entraram com uma A\u00e7\u00e3o Popular contra o prefeito Marchezan e seu secret\u00e1rio de Desenvolvimento Econ\u00f4mico, Ricardo Gomes, em raz\u00e3o da altera\u00e7\u00e3o.<br \/>\nA mudan\u00e7a \u00e9 inconstitucional, alegam os ambientalistas, &#8220;por contrariar norma federal que instituiu a compet\u00eancia para o licenciamento ambiental&#8221;.<br \/>\nTrata-se, segundo os demandantes, de amea\u00e7a &#8220;\u00e0s garantias constitucionais relacionadas ao direito fundamental ao ambiente ecologicamente equilibrado&#8221;.<br \/>\n&#8220;Quem tem a m\u00ednima estrutura para avaliar ou acompanhar os licenciamentos \u00e9 a SMAM e n\u00e3o outra Secretaria.&#8221; afirma o presidente da Agapan, Leonardo Melgarejo.<br \/>\n&#8220;Isso \u00e9 inconstitucional&#8221;, alega o coordenador do InG\u00e1 e da Assembleia Permanente de Entidades em Defesa do Meio Ambiente do Rio Grande do Sul (Apedema-RS), \u00a0o professor da Ufrgs Paulo Brack.<br \/>\nBrack\u00a0tamb\u00e9m alertou que a pasta ainda n\u00e3o tem secret\u00e1rio e o abandono do Conselho Municipal do Meio Ambiente (COMAM), que em 2017 ainda n\u00e3o se reuniu.<br \/>\nO COMAM foi criado em 1996, atualmente \u00e9 formado por 27 conselheiros\u00a0distribu\u00eddos entre entidades do Estado, membros do Executivo, entidades ambientalistas, associa\u00e7\u00f5es, outros conselhos e organiza\u00e7\u00f5es de entidade civil. Quem preside \u00e9 sempre o atual secret\u00e1rio.<br \/>\nNele cabem decis\u00f5es importantes, como por exemplo a autoriza\u00e7\u00e3o do uso dos recursos do Fundo Pr\u00f3 Defesa do Meio Ambiente de Porto Alegre (FUNPROAMB).<br \/>\nComo a Secretaria ainda n\u00e3o tem titular, o Conselho ainda n\u00e3o tem presidente e tamb\u00e9m n\u00e3o atualizou seus membros. \u00c9 um descaso com algo de extrema import\u00e2ncia, segundo Brack: &#8220;O COMAM n\u00e3o \u00e9 apenas consultivo. Ele \u00e9 deliberativo e decisivo em certas quest\u00f5es&#8221;<br \/>\n<span class=\"intertit\">Apedema tamb\u00e9m denunciar\u00e1 Marchezan<\/span><br \/>\nA\u00a0Apedema-RS tamb\u00e9m providencia uma a\u00e7\u00e3o em manifesto aos primeiros cem dias do governo Marchezan. &#8220;Vamos fazer uma carta aberta de rep\u00fadio&#8221;, afirmou o professor Brack. Para ele, al\u00e9m de ter parado o Conselho e de n\u00e3o ter definido um titular, a nova gest\u00e3o n\u00e3o mostrou nenhuma transpar\u00eancia, uma das marcas que o prefeito mais ressalta ser de seu governo, pois nenhuma entidade foi chamada. &#8221; N\u00e3o houve discuss\u00e3o nem da reforma nem para o Conselho&#8221;, criticou. A Apedema representa 37 entidades ambientalistas em todo Estado, e ir\u00e1 mandar a carta para a Prefeitura e o Minist\u00e9rio P\u00fablico al\u00e9m de divulgar\u00a0para a sociedade.<br \/>\nEm janeiro a entidade tamb\u00e9m apresentou um carta de rep\u00fadio do novo governo. Na \u00e9poca o ato era contra a extin\u00e7\u00e3o da SMAM.<br \/>\n&nbsp;<\/p>\n<h1><\/h1>\n<p>&nbsp;<br \/>\n&nbsp;<\/p>\n","protected":false},"excerpt":{"rendered":"<p>felipe uhr Antes de completar 100 dias na Prefeitura de Porto Alegre, \u00a0Nelson Marchezan J\u00fanior est\u00e1 em rota de colis\u00e3o com siglas hist\u00f3ricas do movimento ambientalista. Primeiro, o prefeito tentou extinguir a Secretaria de Meio Ambiente, mudando-a para Secretaria da Sustentabilidade. Teve que aceitar uma emenda e recolocou o Meio Ambiente no nome da pasta. [&hellip;]<\/p>\n","protected":false},"author":4,"featured_media":46820,"comment_status":"open","ping_status":"closed","sticky":false,"template":"","format":"standard","meta":{"_jetpack_newsletter_access":"","_jetpack_dont_email_post_to_subs":false,"_jetpack_newsletter_tier_id":0,"_jetpack_memberships_contains_paywalled_content":false,"_jetpack_feature_clip_id":0,"_jetpack_memberships_contains_paid_content":false,"footnotes":"","jetpack_post_was_ever_published":false},"categories":[26],"tags":[],"class_list":["post-46766","post","type-post","status-publish","format-standard","has-post-thumbnail","hentry","category-geral"],"aioseo_notices":[],"aioseo_head":"\n\t\t<!-- All in One SEO 5.0.1.1 - aioseo.com -->\n\t<meta name=\"robots\" content=\"max-image-preview:large\" \/>\n\t<meta name=\"author\" content=\"da Reda\u00e7\u00e3o\"\/>\n\t<link rel=\"canonical\" href=\"https:\/\/www.jornalja.com.br\/arquivo\/ambientalistas-questionam-na-justica-a-reforma-de-marchezan\/\" \/>\n\t<meta name=\"generator\" content=\"All in One SEO (AIOSEO) 5.0.1.1\" \/>\n\t\t<meta property=\"og:locale\" content=\"pt_BR\" \/>\n\t\t<meta property=\"og:site_name\" content=\"Arquivo | Jornal J\u00c1 | Porto Alegre\" \/>\n\t\t<meta property=\"og:type\" content=\"article\" \/>\n\t\t<meta property=\"og:title\" content=\"Ambientalistas questionam na Justi\u00e7a a reforma de Marchezan | Arquivo\" \/>\n\t\t<meta property=\"og:url\" content=\"https:\/\/www.jornalja.com.br\/arquivo\/ambientalistas-questionam-na-justica-a-reforma-de-marchezan\/\" \/>\n\t\t<meta property=\"og:image\" content=\"https:\/\/www.jornalja.com.br\/economics\/wp-content\/uploads\/sites\/11\/2026\/08\/ja-folhaderosto-facebook.jpg\" \/>\n\t\t<meta property=\"og:image:secure_url\" content=\"https:\/\/www.jornalja.com.br\/economics\/wp-content\/uploads\/sites\/11\/2026\/08\/ja-folhaderosto-facebook.jpg\" \/>\n\t\t<meta property=\"article:published_time\" content=\"2017-04-05T00:48:43+00:00\" \/>\n\t\t<meta property=\"article:modified_time\" content=\"2017-04-05T00:48:43+00:00\" \/>\n\t\t<meta name=\"twitter:card\" content=\"summary\" \/>\n\t\t<meta name=\"twitter:title\" content=\"Ambientalistas questionam na Justi\u00e7a a reforma de Marchezan | Arquivo\" \/>\n\t\t<meta name=\"twitter:image\" content=\"https:\/\/www.jornalja.com.br\/economics\/wp-content\/uploads\/sites\/11\/2026\/08\/ja-folhaderosto-facebook.jpg\" \/>\n\t\t<script type=\"application\/ld+json\" class=\"aioseo-schema\">\n\t\t\t{\"@context\":\"https:\\\/\\\/schema.org\",\"@graph\":[{\"@type\":\"BlogPosting\",\"@id\":\"https:\\\/\\\/www.jornalja.com.br\\\/arquivo\\\/ambientalistas-questionam-na-justica-a-reforma-de-marchezan\\\/#blogposting\",\"name\":\"Ambientalistas questionam na Justi\\u00e7a a reforma de Marchezan | Arquivo\",\"headline\":\"Ambientalistas  questionam na Justi\\u00e7a a reforma de Marchezan\",\"author\":{\"@id\":\"https:\\\/\\\/www.jornalja.com.br\\\/arquivo\\\/author\\\/daredacao\\\/#author\"},\"publisher\":{\"@id\":\"https:\\\/\\\/www.jornalja.com.br\\\/arquivo\\\/#organization\"},\"image\":{\"@type\":\"ImageObject\",\"url\":46820},\"datePublished\":\"2017-04-04T21:48:43-03:00\",\"dateModified\":\"2017-04-04T21:48:43-03:00\",\"inLanguage\":\"pt-BR\",\"mainEntityOfPage\":{\"@id\":\"https:\\\/\\\/www.jornalja.com.br\\\/arquivo\\\/ambientalistas-questionam-na-justica-a-reforma-de-marchezan\\\/#webpage\"},\"isPartOf\":{\"@id\":\"https:\\\/\\\/www.jornalja.com.br\\\/arquivo\\\/ambientalistas-questionam-na-justica-a-reforma-de-marchezan\\\/#webpage\"},\"articleSection\":\"Geral\"},{\"@type\":\"BreadcrumbList\",\"@id\":\"https:\\\/\\\/www.jornalja.com.br\\\/arquivo\\\/ambientalistas-questionam-na-justica-a-reforma-de-marchezan\\\/#breadcrumblist\",\"itemListElement\":[{\"@type\":\"ListItem\",\"@id\":\"https:\\\/\\\/www.jornalja.com.br\\\/arquivo#listItem\",\"position\":1,\"name\":\"Home\",\"item\":\"https:\\\/\\\/www.jornalja.com.br\\\/arquivo\",\"nextItem\":{\"@type\":\"ListItem\",\"@id\":\"https:\\\/\\\/www.jornalja.com.br\\\/arquivo\\\/category\\\/geral\\\/#listItem\",\"name\":\"Geral\"}},{\"@type\":\"ListItem\",\"@id\":\"https:\\\/\\\/www.jornalja.com.br\\\/arquivo\\\/category\\\/geral\\\/#listItem\",\"position\":2,\"name\":\"Geral\",\"item\":\"https:\\\/\\\/www.jornalja.com.br\\\/arquivo\\\/category\\\/geral\\\/\",\"nextItem\":{\"@type\":\"ListItem\",\"@id\":\"https:\\\/\\\/www.jornalja.com.br\\\/arquivo\\\/ambientalistas-questionam-na-justica-a-reforma-de-marchezan\\\/#listItem\",\"name\":\"Ambientalistas  questionam na Justi\\u00e7a a reforma de Marchezan\"},\"previousItem\":{\"@type\":\"ListItem\",\"@id\":\"https:\\\/\\\/www.jornalja.com.br\\\/arquivo#listItem\",\"name\":\"Home\"}},{\"@type\":\"ListItem\",\"@id\":\"https:\\\/\\\/www.jornalja.com.br\\\/arquivo\\\/ambientalistas-questionam-na-justica-a-reforma-de-marchezan\\\/#listItem\",\"position\":3,\"name\":\"Ambientalistas  questionam na Justi\\u00e7a a reforma de Marchezan\",\"previousItem\":{\"@type\":\"ListItem\",\"@id\":\"https:\\\/\\\/www.jornalja.com.br\\\/arquivo\\\/category\\\/geral\\\/#listItem\",\"name\":\"Geral\"}}]},{\"@type\":\"Organization\",\"@id\":\"https:\\\/\\\/www.jornalja.com.br\\\/arquivo\\\/#organization\",\"name\":\"Jornal J\\u00c1\",\"description\":\"Jornal J\\u00c1 | Porto Alegre\",\"url\":\"https:\\\/\\\/www.jornalja.com.br\\\/arquivo\\\/\",\"telephone\":\"+555133307272\",\"logo\":{\"@type\":\"ImageObject\",\"url\":\"https:\\\/\\\/www.jornalja.com.br\\\/wp-content\\\/uploads\\\/cards\\\/JAslogan.png\",\"@id\":\"https:\\\/\\\/www.jornalja.com.br\\\/arquivo\\\/ambientalistas-questionam-na-justica-a-reforma-de-marchezan\\\/#organizationLogo\"},\"image\":{\"@id\":\"https:\\\/\\\/www.jornalja.com.br\\\/arquivo\\\/ambientalistas-questionam-na-justica-a-reforma-de-marchezan\\\/#organizationLogo\"}},{\"@type\":\"Person\",\"@id\":\"https:\\\/\\\/www.jornalja.com.br\\\/arquivo\\\/author\\\/daredacao\\\/#author\",\"url\":\"https:\\\/\\\/www.jornalja.com.br\\\/arquivo\\\/author\\\/daredacao\\\/\",\"name\":\"da Reda\\u00e7\\u00e3o\",\"image\":{\"@type\":\"ImageObject\",\"@id\":\"https:\\\/\\\/www.jornalja.com.br\\\/arquivo\\\/ambientalistas-questionam-na-justica-a-reforma-de-marchezan\\\/#authorImage\",\"url\":\"https:\\\/\\\/secure.gravatar.com\\\/avatar\\\/469fd857d6605ad19919d27ed29d35a968a25f6e8fd9318356bbb7f57aae9c65?s=96&d=mm&r=g\",\"width\":96,\"height\":96,\"caption\":\"da Reda\\u00e7\\u00e3o\"}},{\"@type\":\"WebPage\",\"@id\":\"https:\\\/\\\/www.jornalja.com.br\\\/arquivo\\\/ambientalistas-questionam-na-justica-a-reforma-de-marchezan\\\/#webpage\",\"url\":\"https:\\\/\\\/www.jornalja.com.br\\\/arquivo\\\/ambientalistas-questionam-na-justica-a-reforma-de-marchezan\\\/\",\"name\":\"Ambientalistas questionam na Justi\\u00e7a a reforma de Marchezan | Arquivo\",\"inLanguage\":\"pt-BR\",\"isPartOf\":{\"@id\":\"https:\\\/\\\/www.jornalja.com.br\\\/arquivo\\\/#website\"},\"breadcrumb\":{\"@id\":\"https:\\\/\\\/www.jornalja.com.br\\\/arquivo\\\/ambientalistas-questionam-na-justica-a-reforma-de-marchezan\\\/#breadcrumblist\"},\"author\":{\"@id\":\"https:\\\/\\\/www.jornalja.com.br\\\/arquivo\\\/author\\\/daredacao\\\/#author\"},\"creator\":{\"@id\":\"https:\\\/\\\/www.jornalja.com.br\\\/arquivo\\\/author\\\/daredacao\\\/#author\"},\"image\":{\"@type\":\"ImageObject\",\"url\":46820,\"@id\":\"https:\\\/\\\/www.jornalja.com.br\\\/arquivo\\\/ambientalistas-questionam-na-justica-a-reforma-de-marchezan\\\/#mainImage\"},\"primaryImageOfPage\":{\"@id\":\"https:\\\/\\\/www.jornalja.com.br\\\/arquivo\\\/ambientalistas-questionam-na-justica-a-reforma-de-marchezan\\\/#mainImage\"},\"datePublished\":\"2017-04-04T21:48:43-03:00\",\"dateModified\":\"2017-04-04T21:48:43-03:00\"},{\"@type\":\"WebSite\",\"@id\":\"https:\\\/\\\/www.jornalja.com.br\\\/arquivo\\\/#website\",\"url\":\"https:\\\/\\\/www.jornalja.com.br\\\/arquivo\\\/\",\"name\":\"Arquivo\",\"description\":\"Jornal J\\u00c1 | Porto Alegre\",\"inLanguage\":\"pt-BR\",\"publisher\":{\"@id\":\"https:\\\/\\\/www.jornalja.com.br\\\/arquivo\\\/#organization\"}}]}\n\t\t<\/script>\n\t\t<!-- All in One SEO -->\n\n","aioseo_head_json":{"title":"Ambientalistas questionam na Justi\u00e7a a reforma de Marchezan | Arquivo","description":"","canonical_url":"https:\/\/www.jornalja.com.br\/arquivo\/ambientalistas-questionam-na-justica-a-reforma-de-marchezan\/","robots":"max-image-preview:large","keywords":"","webmasterTools":{"miscellaneous":""},"schema":{"@context":"https:\/\/schema.org","@graph":[{"@type":"BlogPosting","@id":"https:\/\/www.jornalja.com.br\/arquivo\/ambientalistas-questionam-na-justica-a-reforma-de-marchezan\/#blogposting","name":"Ambientalistas questionam na Justi\u00e7a a reforma de Marchezan | Arquivo","headline":"Ambientalistas  questionam na Justi\u00e7a a reforma de Marchezan","author":{"@id":"https:\/\/www.jornalja.com.br\/arquivo\/author\/daredacao\/#author"},"publisher":{"@id":"https:\/\/www.jornalja.com.br\/arquivo\/#organization"},"image":{"@type":"ImageObject","url":46820},"datePublished":"2017-04-04T21:48:43-03:00","dateModified":"2017-04-04T21:48:43-03:00","inLanguage":"pt-BR","mainEntityOfPage":{"@id":"https:\/\/www.jornalja.com.br\/arquivo\/ambientalistas-questionam-na-justica-a-reforma-de-marchezan\/#webpage"},"isPartOf":{"@id":"https:\/\/www.jornalja.com.br\/arquivo\/ambientalistas-questionam-na-justica-a-reforma-de-marchezan\/#webpage"},"articleSection":"Geral"},{"@type":"BreadcrumbList","@id":"https:\/\/www.jornalja.com.br\/arquivo\/ambientalistas-questionam-na-justica-a-reforma-de-marchezan\/#breadcrumblist","itemListElement":[{"@type":"ListItem","@id":"https:\/\/www.jornalja.com.br\/arquivo#listItem","position":1,"name":"Home","item":"https:\/\/www.jornalja.com.br\/arquivo","nextItem":{"@type":"ListItem","@id":"https:\/\/www.jornalja.com.br\/arquivo\/category\/geral\/#listItem","name":"Geral"}},{"@type":"ListItem","@id":"https:\/\/www.jornalja.com.br\/arquivo\/category\/geral\/#listItem","position":2,"name":"Geral","item":"https:\/\/www.jornalja.com.br\/arquivo\/category\/geral\/","nextItem":{"@type":"ListItem","@id":"https:\/\/www.jornalja.com.br\/arquivo\/ambientalistas-questionam-na-justica-a-reforma-de-marchezan\/#listItem","name":"Ambientalistas  questionam na Justi\u00e7a a reforma de Marchezan"},"previousItem":{"@type":"ListItem","@id":"https:\/\/www.jornalja.com.br\/arquivo#listItem","name":"Home"}},{"@type":"ListItem","@id":"https:\/\/www.jornalja.com.br\/arquivo\/ambientalistas-questionam-na-justica-a-reforma-de-marchezan\/#listItem","position":3,"name":"Ambientalistas  questionam na Justi\u00e7a a reforma de Marchezan","previousItem":{"@type":"ListItem","@id":"https:\/\/www.jornalja.com.br\/arquivo\/category\/geral\/#listItem","name":"Geral"}}]},{"@type":"Organization","@id":"https:\/\/www.jornalja.com.br\/arquivo\/#organization","name":"Jornal J\u00c1","description":"Jornal J\u00c1 | Porto Alegre","url":"https:\/\/www.jornalja.com.br\/arquivo\/","telephone":"+555133307272","logo":{"@type":"ImageObject","url":"https:\/\/www.jornalja.com.br\/wp-content\/uploads\/cards\/JAslogan.png","@id":"https:\/\/www.jornalja.com.br\/arquivo\/ambientalistas-questionam-na-justica-a-reforma-de-marchezan\/#organizationLogo"},"image":{"@id":"https:\/\/www.jornalja.com.br\/arquivo\/ambientalistas-questionam-na-justica-a-reforma-de-marchezan\/#organizationLogo"}},{"@type":"Person","@id":"https:\/\/www.jornalja.com.br\/arquivo\/author\/daredacao\/#author","url":"https:\/\/www.jornalja.com.br\/arquivo\/author\/daredacao\/","name":"da Reda\u00e7\u00e3o","image":{"@type":"ImageObject","@id":"https:\/\/www.jornalja.com.br\/arquivo\/ambientalistas-questionam-na-justica-a-reforma-de-marchezan\/#authorImage","url":"https:\/\/secure.gravatar.com\/avatar\/469fd857d6605ad19919d27ed29d35a968a25f6e8fd9318356bbb7f57aae9c65?s=96&d=mm&r=g","width":96,"height":96,"caption":"da Reda\u00e7\u00e3o"}},{"@type":"WebPage","@id":"https:\/\/www.jornalja.com.br\/arquivo\/ambientalistas-questionam-na-justica-a-reforma-de-marchezan\/#webpage","url":"https:\/\/www.jornalja.com.br\/arquivo\/ambientalistas-questionam-na-justica-a-reforma-de-marchezan\/","name":"Ambientalistas questionam na Justi\u00e7a a reforma de Marchezan | Arquivo","inLanguage":"pt-BR","isPartOf":{"@id":"https:\/\/www.jornalja.com.br\/arquivo\/#website"},"breadcrumb":{"@id":"https:\/\/www.jornalja.com.br\/arquivo\/ambientalistas-questionam-na-justica-a-reforma-de-marchezan\/#breadcrumblist"},"author":{"@id":"https:\/\/www.jornalja.com.br\/arquivo\/author\/daredacao\/#author"},"creator":{"@id":"https:\/\/www.jornalja.com.br\/arquivo\/author\/daredacao\/#author"},"image":{"@type":"ImageObject","url":46820,"@id":"https:\/\/www.jornalja.com.br\/arquivo\/ambientalistas-questionam-na-justica-a-reforma-de-marchezan\/#mainImage"},"primaryImageOfPage":{"@id":"https:\/\/www.jornalja.com.br\/arquivo\/ambientalistas-questionam-na-justica-a-reforma-de-marchezan\/#mainImage"},"datePublished":"2017-04-04T21:48:43-03:00","dateModified":"2017-04-04T21:48:43-03:00"},{"@type":"WebSite","@id":"https:\/\/www.jornalja.com.br\/arquivo\/#website","url":"https:\/\/www.jornalja.com.br\/arquivo\/","name":"Arquivo","description":"Jornal J\u00c1 | Porto Alegre","inLanguage":"pt-BR","publisher":{"@id":"https:\/\/www.jornalja.com.br\/arquivo\/#organization"}}]},"og:locale":"pt_BR","og:site_name":"Arquivo | Jornal J\u00c1 | Porto Alegre","og:type":"article","og:title":"Ambientalistas questionam na Justi\u00e7a a reforma de Marchezan | Arquivo","og:url":"https:\/\/www.jornalja.com.br\/arquivo\/ambientalistas-questionam-na-justica-a-reforma-de-marchezan\/","og:image":"https:\/\/www.jornalja.com.br\/economics\/wp-content\/uploads\/sites\/11\/2026\/08\/ja-folhaderosto-facebook.jpg","og:image:secure_url":"https:\/\/www.jornalja.com.br\/economics\/wp-content\/uploads\/sites\/11\/2026\/08\/ja-folhaderosto-facebook.jpg","article:published_time":"2017-04-05T00:48:43+00:00","article:modified_time":"2017-04-05T00:48:43+00:00","twitter:card":"summary","twitter:title":"Ambientalistas questionam na Justi\u00e7a a reforma de Marchezan | Arquivo","twitter:image":"https:\/\/www.jornalja.com.br\/economics\/wp-content\/uploads\/sites\/11\/2026\/08\/ja-folhaderosto-facebook.jpg"},"aioseo_meta_data":{"post_id":"46766","title":null,"description":null,"keywords":null,"keyphrases":null,"primary_term":null,"canonical_url":null,"og_title":null,"og_description":null,"og_object_type":"default","og_image_type":"default","og_image_url":null,"og_image_width":null,"og_image_height":null,"og_image_custom_url":null,"og_image_custom_fields":null,"og_video":null,"og_custom_url":null,"og_article_section":null,"og_article_tags":null,"twitter_use_og":false,"twitter_card":"default","twitter_image_type":"default","twitter_image_url":null,"twitter_image_custom_url":null,"twitter_image_custom_fields":null,"twitter_title":null,"twitter_description":null,"schema":{"blockGraphs":[],"customGraphs":[],"default":{"data":{"Article":[],"Course":[],"Dataset":[],"FAQPage":[],"Movie":[],"Person":[],"Product":[],"ProductReview":[],"Car":[],"Recipe":[],"Service":[],"SoftwareApplication":[],"WebPage":[]},"graphName":"","isEnabled":true},"graphs":[],"defaultGraph":"","defaultPostTypeGraph":""},"schema_type":null,"schema_type_options":null,"pillar_content":false,"robots_default":true,"robots_noindex":false,"robots_noarchive":false,"robots_nosnippet":false,"robots_nofollow":false,"robots_noimageindex":false,"robots_noodp":false,"robots_notranslate":false,"robots_max_snippet":null,"robots_max_videopreview":null,"robots_max_imagepreview":"large","priority":null,"frequency":null,"location":null,"local_seo":null,"breadcrumb_settings":null,"limit_modified_date":false,"ai":null,"created":"2020-12-20 20:37:39","updated":"2025-07-19 20:50:08","seo_analyzer_scan_date":null,"focus_keyword":null,"additional_keywords":null,"truseo_locale":null},"jetpack_sharing_enabled":true,"jetpack-related-posts":[{"id":13109,"url":"https:\/\/www.jornalja.com.br\/arquivo\/judiciario-reconhece-poluicao-eletromagnetica\/","url_meta":{"origin":46766,"position":0},"title":"Judici\u00e1rio reconhece polui\u00e7\u00e3o eletromagn\u00e9tica","author":"Patr\u00edcia Marini","date":"16 de maio de 2014","format":false,"excerpt":"A\u00e7\u00e3o de duas associa\u00e7\u00f5es de moradores foi acolhida pelo Tribunal de Justi\u00e7a de S\u00e3o Paulo que. em decis\u00e3o in\u00e9dita, determinou a redu\u00e7\u00e3o do campo eletromagn\u00e9tico gerado pelas linhas de transmiss\u00e3o de energia que cortam os bairros City Boa\u00e7ava e Alto de Pinheiros. \u00c9 a primeira vez que um tribunal do\u2026","rel":"","context":"Em &quot;X.Categorias velhas&quot;","block_context":{"text":"X.Categorias velhas","link":"https:\/\/www.jornalja.com.br\/arquivo\/category\/x-categorias-velhas\/"},"img":{"alt_text":"","src":"","width":0,"height":0},"classes":[]},{"id":14241,"url":"https:\/\/www.jornalja.com.br\/arquivo\/o-guaiba-nas-imagens-poeticas-de-achutti\/","url_meta":{"origin":46766,"position":1},"title":"O Gua\u00edba nas imagens po\u00e9ticas de Achutti","author":"da Reda\u00e7\u00e3o","date":"18 de junho de 2014","format":false,"excerpt":"Em \u201cO Gua\u00edba por Achutti\u201d \u2013 obra financiada via Minist\u00e9rio da Cultura, produ\u00e7\u00e3o executiva de Pedro Longhi, e Fl\u00e1vio Wild como designer \u2013, o fot\u00f3grafo revela a beleza e as mazelas de um espa\u00e7o aqu\u00e1tico de \u00e1guas sempre renovadas, cheio de hist\u00f3rias e lendas como as das cidades que foram\u2026","rel":"","context":"Em &quot;Cultura-Geral&quot;","block_context":{"text":"Cultura-Geral","link":"https:\/\/www.jornalja.com.br\/arquivo\/category\/materiasecundaria\/"},"img":{"alt_text":"","src":"","width":0,"height":0},"classes":[]},{"id":5440,"url":"https:\/\/www.jornalja.com.br\/arquivo\/casarao-da-venancio-destino-permanece-incerto\/","url_meta":{"origin":46766,"position":2},"title":"Estado ainda n\u00e3o sabe o que fazer com casar\u00e3o abandonado h\u00e1 20 anos","author":"Elmar Bones","date":"6 de julho de 2009","format":false,"excerpt":"O casar\u00e3o amarelo, numa esquina nobre de Porto Alegre (Ven\u00e2ncio Aires com Jo\u00e3o Pessoa), j\u00e1 abrigou uma escola. H\u00e1 duas d\u00e9cadas, pelo menos, est\u00e1 abandonado, porque seu propriet\u00e1rio, o governo do Estado do Rio Grande do Sul, n\u00e3o consegue achar um destino para ele. Planos n\u00e3o faltaram. O governador Ol\u00edvio\u2026","rel":"","context":"Em &quot;X.Categorias velhas&quot;","block_context":{"text":"X.Categorias velhas","link":"https:\/\/www.jornalja.com.br\/arquivo\/category\/x-categorias-velhas\/"},"img":{"alt_text":"geraldo1","src":"https:\/\/i0.wp.com\/www.jornalja.com.br\/wp-content\/uploads\/2009\/07\/geraldo1.jpg?resize=350%2C200&ssl=1","width":350,"height":200},"classes":[]},{"id":13240,"url":"https:\/\/www.jornalja.com.br\/arquivo\/plano-diretor-estamos-construindo-o-caos\/","url_meta":{"origin":46766,"position":3},"title":"Plano diretor: &quot;Estamos construindo o caos&quot;","author":"Patr\u00edcia Marini","date":"26 de maio de 2014","format":false,"excerpt":"Desabafo que arquiteta Eliana Castilhos, delegada da Regi\u00e3o de Planejamento 1, postou nas redes sociais \u00e9 um testemunho do ambiente que se criou no Conselho do Plano Diretor de Porto Alegre, onde a aprova\u00e7\u00e3o de grandes empreendimentos \u00e9 empurrada guela abaixo dos conselheiros. Ao CMDUA Como delegada da Regi\u00e3o de\u2026","rel":"","context":"Em &quot;Geral&quot;","block_context":{"text":"Geral","link":"https:\/\/www.jornalja.com.br\/arquivo\/category\/geral\/"},"img":{"alt_text":"","src":"","width":0,"height":0},"classes":[]},{"id":13101,"url":"https:\/\/www.jornalja.com.br\/arquivo\/morre-um-guerreiro-do-texto\/","url_meta":{"origin":46766,"position":4},"title":"Morre um guerreiro do texto","author":"Patr\u00edcia Marini","date":"14 de maio de 2014","format":false,"excerpt":"Por Ricardo Kotscho Reproduzido do blog do autor, 11\/5\/2014; t\u00edtulo original \u201cE l\u00e1 se foi o nosso Myltainho, guerreiro do texto\u201d. Mi\u00fado e franzino, meu amigo Myltainho era um valente e inconformado guerreiro na luta contra as injusti\u00e7as sociais, a hipocrisia, as maracutaias, o autoritarismo, a intoler\u00e2ncia, a viol\u00eancia, o\u2026","rel":"","context":"Em &quot;Geral&quot;","block_context":{"text":"Geral","link":"https:\/\/www.jornalja.com.br\/arquivo\/category\/geral\/"},"img":{"alt_text":"","src":"","width":0,"height":0},"classes":[]}],"jetpack_shortlink":"https:\/\/wp.me\/pbQjBd-cai","jetpack_featured_media_url":"","_links":{"self":[{"href":"https:\/\/www.jornalja.com.br\/arquivo\/wp-json\/wp\/v2\/posts\/46766","targetHints":{"allow":["GET"]}}],"collection":[{"href":"https:\/\/www.jornalja.com.br\/arquivo\/wp-json\/wp\/v2\/posts"}],"about":[{"href":"https:\/\/www.jornalja.com.br\/arquivo\/wp-json\/wp\/v2\/types\/post"}],"author":[{"embeddable":true,"href":"https:\/\/www.jornalja.com.br\/arquivo\/wp-json\/wp\/v2\/users\/4"}],"replies":[{"embeddable":true,"href":"https:\/\/www.jornalja.com.br\/arquivo\/wp-json\/wp\/v2\/comments?post=46766"}],"version-history":[{"count":0,"href":"https:\/\/www.jornalja.com.br\/arquivo\/wp-json\/wp\/v2\/posts\/46766\/revisions"}],"wp:attachment":[{"href":"https:\/\/www.jornalja.com.br\/arquivo\/wp-json\/wp\/v2\/media?parent=46766"}],"wp:term":[{"taxonomy":"category","embeddable":true,"href":"https:\/\/www.jornalja.com.br\/arquivo\/wp-json\/wp\/v2\/categories?post=46766"},{"taxonomy":"post_tag","embeddable":true,"href":"https:\/\/www.jornalja.com.br\/arquivo\/wp-json\/wp\/v2\/tags?post=46766"}],"curies":[{"name":"wp","href":"https:\/\/api.w.org\/{rel}","templated":true}]}}