{"id":46780,"date":"2017-04-04T20:49:51","date_gmt":"2017-04-04T23:49:51","guid":{"rendered":"https:\/\/www.jornalja.com.br\/?p=46780"},"modified":"2017-04-04T20:49:51","modified_gmt":"2017-04-04T23:49:51","slug":"fraude-em-licenca-ambiental-suspende-obras-do-predio-mais-alto-do-brasil","status":"publish","type":"post","link":"https:\/\/www.jornalja.com.br\/arquivo\/fraude-em-licenca-ambiental-suspende-obras-do-predio-mais-alto-do-brasil\/","title":{"rendered":"Fraude em licen\u00e7a ambiental suspende obras do pr\u00e9dio mais alto do Brasil"},"content":{"rendered":"<p>Em Balne\u00e1rio Camboriu, onde a especula\u00e7\u00e3o imobili\u00e1ria sempre esteve acima da lei, a Justi\u00e7a suspendeu por 30 dias a a\u00e7\u00e3o <b><a href=\"http:\/\/dc.clicrbs.com.br\/sc\/noticias\/noticia\/2017\/03\/mpf-quer-suspender-obras-do-maior-predio-residencial-do-pais-em-balneario-camboriu-9755199.html\" target=\"_blank\" rel=\"noopener noreferrer\">movida pelo Minist\u00e9rio P\u00fablico Federal (MPF) contra as obras do maior pr\u00e9dio residencial do pais, o Yachthouse<\/a>, de 74 andares.<\/b><br \/>\nAs empresas Pasqualotto &amp; GT est\u00e3o propondo de fazer uma compensa\u00e7\u00e3o ambiental em troca da extin\u00e7\u00e3o do processo. O MPF pede a suspens\u00e3o das obras.<br \/>\nO MPF questiona o licenciamento ambiental da constru\u00e7\u00e3o que, entre outras irregularidades, n\u00e3o respeita a dist\u00e2ncia legal, de cem metros, entre o empreendimento e a margem do Rio Cambori\u00fa.<br \/>\nA Fatma, respons\u00e1vel pelo licenciamento ambiental, e a prefeitura de Cambori\u00fa tamb\u00e9m s\u00e3o alvos da a\u00e7\u00e3o.<br \/>\nA procuradoria avalia que a Fatma deveria ter solicitado um &#8220;Eia-Rima&#8221; (estudo e relat\u00f3rio de impacto ambiental) aos empreendedores, em vez de um Estudo Ambiental Simplificado (EAS). Desta forma, seria obrigat\u00f3rio promover audi\u00eancias p\u00fablicas antes de emitir as licen\u00e7as.<br \/>\nUma das propostas das construtoras \u00e9 compensar os danos, \u00a0recuperando a mata ciliar do Rio das Ostras. \u00a0O rio, que atravessa os bairros na regi\u00e3o sul da cidade, sofre com constru\u00e7\u00f5es irregulares nas margens, despejo de lixo e assoreamento.<br \/>\nCaso n\u00e3o haja acordo, ao final dos 30 dias de suspens\u00e3o, a Justi\u00e7a ter\u00e1 que decidir sobre o pedido de liminar feito pelo Minist\u00e9rio P\u00fablico, que pede a suspens\u00e3o das obras.<br \/>\nA procuradoria sugere na a\u00e7\u00e3o que as construtoras sejam condenadas a derrubar partes do empreendimento, erguidas em \u00e1rea de preserva\u00e7\u00e3o permanente.<br \/>\nA praia da Camboriu, apertada entre uma rodovia federal e uma \u00e1rea de preserva\u00e7\u00e3o ambiental, teve nos \u00faltimos 30 anos seus cinco quil\u00f4metros tomados por uma fileira de espig\u00f5es, que hoje tiram o sol da praia. A cidade de 128 mil habitantes j\u00e1 tem os dois edif\u00edcios mais altos do pa\u00eds: o Millenium Palace, de 45 andares e o Infinity Coast, de 66 andares.<br \/>\n&nbsp;<\/p>\n","protected":false},"excerpt":{"rendered":"<p>Em Balne\u00e1rio Camboriu, onde a especula\u00e7\u00e3o imobili\u00e1ria sempre esteve acima da lei, a Justi\u00e7a suspendeu por 30 dias a a\u00e7\u00e3o movida pelo Minist\u00e9rio P\u00fablico Federal (MPF) contra as obras do maior pr\u00e9dio residencial do pais, o Yachthouse, de 74 andares. As empresas Pasqualotto &amp; GT est\u00e3o propondo de fazer uma compensa\u00e7\u00e3o ambiental em troca da [&hellip;]<\/p>\n","protected":false},"author":4,"featured_media":46782,"comment_status":"open","ping_status":"closed","sticky":false,"template":"","format":"standard","meta":{"_jetpack_newsletter_access":"","_jetpack_dont_email_post_to_subs":false,"_jetpack_newsletter_tier_id":0,"_jetpack_memberships_contains_paywalled_content":false,"_jetpack_feature_clip_id":0,"_jetpack_memberships_contains_paid_content":false,"footnotes":"","jetpack_post_was_ever_published":false},"categories":[26],"tags":[],"class_list":["post-46780","post","type-post","status-publish","format-standard","has-post-thumbnail","hentry","category-geral"],"aioseo_notices":[],"aioseo_head":"\n\t\t<!-- All in One SEO 5.0.1.1 - aioseo.com -->\n\t<meta name=\"robots\" content=\"max-image-preview:large\" \/>\n\t<meta name=\"author\" content=\"da Reda\u00e7\u00e3o\"\/>\n\t<link rel=\"canonical\" href=\"https:\/\/www.jornalja.com.br\/arquivo\/fraude-em-licenca-ambiental-suspende-obras-do-predio-mais-alto-do-brasil\/\" \/>\n\t<meta name=\"generator\" content=\"All in One SEO (AIOSEO) 5.0.1.1\" \/>\n\t\t<meta property=\"og:locale\" content=\"pt_BR\" \/>\n\t\t<meta property=\"og:site_name\" content=\"Arquivo | Jornal J\u00c1 | Porto Alegre\" \/>\n\t\t<meta property=\"og:type\" content=\"article\" \/>\n\t\t<meta property=\"og:title\" content=\"Fraude em licen\u00e7a ambiental suspende obras do pr\u00e9dio mais alto do Brasil | Arquivo\" \/>\n\t\t<meta property=\"og:url\" content=\"https:\/\/www.jornalja.com.br\/arquivo\/fraude-em-licenca-ambiental-suspende-obras-do-predio-mais-alto-do-brasil\/\" \/>\n\t\t<meta property=\"og:image\" content=\"https:\/\/www.jornalja.com.br\/economics\/wp-content\/uploads\/sites\/11\/2026\/08\/ja-folhaderosto-facebook.jpg\" \/>\n\t\t<meta property=\"og:image:secure_url\" content=\"https:\/\/www.jornalja.com.br\/economics\/wp-content\/uploads\/sites\/11\/2026\/08\/ja-folhaderosto-facebook.jpg\" \/>\n\t\t<meta property=\"article:published_time\" content=\"2017-04-04T23:49:51+00:00\" \/>\n\t\t<meta property=\"article:modified_time\" content=\"2017-04-04T23:49:51+00:00\" \/>\n\t\t<meta name=\"twitter:card\" content=\"summary\" \/>\n\t\t<meta name=\"twitter:title\" content=\"Fraude em licen\u00e7a ambiental suspende obras do pr\u00e9dio mais alto do Brasil | Arquivo\" \/>\n\t\t<meta name=\"twitter:image\" content=\"https:\/\/www.jornalja.com.br\/economics\/wp-content\/uploads\/sites\/11\/2026\/08\/ja-folhaderosto-facebook.jpg\" \/>\n\t\t<script type=\"application\/ld+json\" class=\"aioseo-schema\">\n\t\t\t{\"@context\":\"https:\\\/\\\/schema.org\",\"@graph\":[{\"@type\":\"BlogPosting\",\"@id\":\"https:\\\/\\\/www.jornalja.com.br\\\/arquivo\\\/fraude-em-licenca-ambiental-suspende-obras-do-predio-mais-alto-do-brasil\\\/#blogposting\",\"name\":\"Fraude em licen\\u00e7a ambiental suspende obras do pr\\u00e9dio mais alto do Brasil | Arquivo\",\"headline\":\"Fraude em licen\\u00e7a ambiental suspende obras do pr\\u00e9dio mais alto do Brasil\",\"author\":{\"@id\":\"https:\\\/\\\/www.jornalja.com.br\\\/arquivo\\\/author\\\/daredacao\\\/#author\"},\"publisher\":{\"@id\":\"https:\\\/\\\/www.jornalja.com.br\\\/arquivo\\\/#organization\"},\"image\":{\"@type\":\"ImageObject\",\"url\":46782},\"datePublished\":\"2017-04-04T20:49:51-03:00\",\"dateModified\":\"2017-04-04T20:49:51-03:00\",\"inLanguage\":\"pt-BR\",\"commentCount\":1,\"mainEntityOfPage\":{\"@id\":\"https:\\\/\\\/www.jornalja.com.br\\\/arquivo\\\/fraude-em-licenca-ambiental-suspende-obras-do-predio-mais-alto-do-brasil\\\/#webpage\"},\"isPartOf\":{\"@id\":\"https:\\\/\\\/www.jornalja.com.br\\\/arquivo\\\/fraude-em-licenca-ambiental-suspende-obras-do-predio-mais-alto-do-brasil\\\/#webpage\"},\"articleSection\":\"Geral\"},{\"@type\":\"BreadcrumbList\",\"@id\":\"https:\\\/\\\/www.jornalja.com.br\\\/arquivo\\\/fraude-em-licenca-ambiental-suspende-obras-do-predio-mais-alto-do-brasil\\\/#breadcrumblist\",\"itemListElement\":[{\"@type\":\"ListItem\",\"@id\":\"https:\\\/\\\/www.jornalja.com.br\\\/arquivo#listItem\",\"position\":1,\"name\":\"Home\",\"item\":\"https:\\\/\\\/www.jornalja.com.br\\\/arquivo\",\"nextItem\":{\"@type\":\"ListItem\",\"@id\":\"https:\\\/\\\/www.jornalja.com.br\\\/arquivo\\\/category\\\/geral\\\/#listItem\",\"name\":\"Geral\"}},{\"@type\":\"ListItem\",\"@id\":\"https:\\\/\\\/www.jornalja.com.br\\\/arquivo\\\/category\\\/geral\\\/#listItem\",\"position\":2,\"name\":\"Geral\",\"item\":\"https:\\\/\\\/www.jornalja.com.br\\\/arquivo\\\/category\\\/geral\\\/\",\"nextItem\":{\"@type\":\"ListItem\",\"@id\":\"https:\\\/\\\/www.jornalja.com.br\\\/arquivo\\\/fraude-em-licenca-ambiental-suspende-obras-do-predio-mais-alto-do-brasil\\\/#listItem\",\"name\":\"Fraude em licen\\u00e7a ambiental suspende obras do pr\\u00e9dio mais alto do Brasil\"},\"previousItem\":{\"@type\":\"ListItem\",\"@id\":\"https:\\\/\\\/www.jornalja.com.br\\\/arquivo#listItem\",\"name\":\"Home\"}},{\"@type\":\"ListItem\",\"@id\":\"https:\\\/\\\/www.jornalja.com.br\\\/arquivo\\\/fraude-em-licenca-ambiental-suspende-obras-do-predio-mais-alto-do-brasil\\\/#listItem\",\"position\":3,\"name\":\"Fraude em licen\\u00e7a ambiental suspende obras do pr\\u00e9dio mais alto do Brasil\",\"previousItem\":{\"@type\":\"ListItem\",\"@id\":\"https:\\\/\\\/www.jornalja.com.br\\\/arquivo\\\/category\\\/geral\\\/#listItem\",\"name\":\"Geral\"}}]},{\"@type\":\"Organization\",\"@id\":\"https:\\\/\\\/www.jornalja.com.br\\\/arquivo\\\/#organization\",\"name\":\"Jornal J\\u00c1\",\"description\":\"Jornal J\\u00c1 | Porto Alegre\",\"url\":\"https:\\\/\\\/www.jornalja.com.br\\\/arquivo\\\/\",\"telephone\":\"+555133307272\",\"logo\":{\"@type\":\"ImageObject\",\"url\":\"https:\\\/\\\/www.jornalja.com.br\\\/wp-content\\\/uploads\\\/cards\\\/JAslogan.png\",\"@id\":\"https:\\\/\\\/www.jornalja.com.br\\\/arquivo\\\/fraude-em-licenca-ambiental-suspende-obras-do-predio-mais-alto-do-brasil\\\/#organizationLogo\"},\"image\":{\"@id\":\"https:\\\/\\\/www.jornalja.com.br\\\/arquivo\\\/fraude-em-licenca-ambiental-suspende-obras-do-predio-mais-alto-do-brasil\\\/#organizationLogo\"}},{\"@type\":\"Person\",\"@id\":\"https:\\\/\\\/www.jornalja.com.br\\\/arquivo\\\/author\\\/daredacao\\\/#author\",\"url\":\"https:\\\/\\\/www.jornalja.com.br\\\/arquivo\\\/author\\\/daredacao\\\/\",\"name\":\"da Reda\\u00e7\\u00e3o\",\"image\":{\"@type\":\"ImageObject\",\"@id\":\"https:\\\/\\\/www.jornalja.com.br\\\/arquivo\\\/fraude-em-licenca-ambiental-suspende-obras-do-predio-mais-alto-do-brasil\\\/#authorImage\",\"url\":\"https:\\\/\\\/secure.gravatar.com\\\/avatar\\\/469fd857d6605ad19919d27ed29d35a968a25f6e8fd9318356bbb7f57aae9c65?s=96&d=mm&r=g\",\"width\":96,\"height\":96,\"caption\":\"da Reda\\u00e7\\u00e3o\"}},{\"@type\":\"WebPage\",\"@id\":\"https:\\\/\\\/www.jornalja.com.br\\\/arquivo\\\/fraude-em-licenca-ambiental-suspende-obras-do-predio-mais-alto-do-brasil\\\/#webpage\",\"url\":\"https:\\\/\\\/www.jornalja.com.br\\\/arquivo\\\/fraude-em-licenca-ambiental-suspende-obras-do-predio-mais-alto-do-brasil\\\/\",\"name\":\"Fraude em licen\\u00e7a ambiental suspende obras do pr\\u00e9dio mais alto do Brasil | Arquivo\",\"inLanguage\":\"pt-BR\",\"isPartOf\":{\"@id\":\"https:\\\/\\\/www.jornalja.com.br\\\/arquivo\\\/#website\"},\"breadcrumb\":{\"@id\":\"https:\\\/\\\/www.jornalja.com.br\\\/arquivo\\\/fraude-em-licenca-ambiental-suspende-obras-do-predio-mais-alto-do-brasil\\\/#breadcrumblist\"},\"author\":{\"@id\":\"https:\\\/\\\/www.jornalja.com.br\\\/arquivo\\\/author\\\/daredacao\\\/#author\"},\"creator\":{\"@id\":\"https:\\\/\\\/www.jornalja.com.br\\\/arquivo\\\/author\\\/daredacao\\\/#author\"},\"image\":{\"@type\":\"ImageObject\",\"url\":46782,\"@id\":\"https:\\\/\\\/www.jornalja.com.br\\\/arquivo\\\/fraude-em-licenca-ambiental-suspende-obras-do-predio-mais-alto-do-brasil\\\/#mainImage\"},\"primaryImageOfPage\":{\"@id\":\"https:\\\/\\\/www.jornalja.com.br\\\/arquivo\\\/fraude-em-licenca-ambiental-suspende-obras-do-predio-mais-alto-do-brasil\\\/#mainImage\"},\"datePublished\":\"2017-04-04T20:49:51-03:00\",\"dateModified\":\"2017-04-04T20:49:51-03:00\"},{\"@type\":\"WebSite\",\"@id\":\"https:\\\/\\\/www.jornalja.com.br\\\/arquivo\\\/#website\",\"url\":\"https:\\\/\\\/www.jornalja.com.br\\\/arquivo\\\/\",\"name\":\"Arquivo\",\"description\":\"Jornal J\\u00c1 | Porto Alegre\",\"inLanguage\":\"pt-BR\",\"publisher\":{\"@id\":\"https:\\\/\\\/www.jornalja.com.br\\\/arquivo\\\/#organization\"}}]}\n\t\t<\/script>\n\t\t<!-- All in One SEO -->\n\n","aioseo_head_json":{"title":"Fraude em licen\u00e7a ambiental suspende obras do pr\u00e9dio mais alto do Brasil | Arquivo","description":"","canonical_url":"https:\/\/www.jornalja.com.br\/arquivo\/fraude-em-licenca-ambiental-suspende-obras-do-predio-mais-alto-do-brasil\/","robots":"max-image-preview:large","keywords":"","webmasterTools":{"miscellaneous":""},"schema":{"@context":"https:\/\/schema.org","@graph":[{"@type":"BlogPosting","@id":"https:\/\/www.jornalja.com.br\/arquivo\/fraude-em-licenca-ambiental-suspende-obras-do-predio-mais-alto-do-brasil\/#blogposting","name":"Fraude em licen\u00e7a ambiental suspende obras do pr\u00e9dio mais alto do Brasil | Arquivo","headline":"Fraude em licen\u00e7a ambiental suspende obras do pr\u00e9dio mais alto do Brasil","author":{"@id":"https:\/\/www.jornalja.com.br\/arquivo\/author\/daredacao\/#author"},"publisher":{"@id":"https:\/\/www.jornalja.com.br\/arquivo\/#organization"},"image":{"@type":"ImageObject","url":46782},"datePublished":"2017-04-04T20:49:51-03:00","dateModified":"2017-04-04T20:49:51-03:00","inLanguage":"pt-BR","commentCount":1,"mainEntityOfPage":{"@id":"https:\/\/www.jornalja.com.br\/arquivo\/fraude-em-licenca-ambiental-suspende-obras-do-predio-mais-alto-do-brasil\/#webpage"},"isPartOf":{"@id":"https:\/\/www.jornalja.com.br\/arquivo\/fraude-em-licenca-ambiental-suspende-obras-do-predio-mais-alto-do-brasil\/#webpage"},"articleSection":"Geral"},{"@type":"BreadcrumbList","@id":"https:\/\/www.jornalja.com.br\/arquivo\/fraude-em-licenca-ambiental-suspende-obras-do-predio-mais-alto-do-brasil\/#breadcrumblist","itemListElement":[{"@type":"ListItem","@id":"https:\/\/www.jornalja.com.br\/arquivo#listItem","position":1,"name":"Home","item":"https:\/\/www.jornalja.com.br\/arquivo","nextItem":{"@type":"ListItem","@id":"https:\/\/www.jornalja.com.br\/arquivo\/category\/geral\/#listItem","name":"Geral"}},{"@type":"ListItem","@id":"https:\/\/www.jornalja.com.br\/arquivo\/category\/geral\/#listItem","position":2,"name":"Geral","item":"https:\/\/www.jornalja.com.br\/arquivo\/category\/geral\/","nextItem":{"@type":"ListItem","@id":"https:\/\/www.jornalja.com.br\/arquivo\/fraude-em-licenca-ambiental-suspende-obras-do-predio-mais-alto-do-brasil\/#listItem","name":"Fraude em licen\u00e7a ambiental suspende obras do pr\u00e9dio mais alto do Brasil"},"previousItem":{"@type":"ListItem","@id":"https:\/\/www.jornalja.com.br\/arquivo#listItem","name":"Home"}},{"@type":"ListItem","@id":"https:\/\/www.jornalja.com.br\/arquivo\/fraude-em-licenca-ambiental-suspende-obras-do-predio-mais-alto-do-brasil\/#listItem","position":3,"name":"Fraude em licen\u00e7a ambiental suspende obras do pr\u00e9dio mais alto do Brasil","previousItem":{"@type":"ListItem","@id":"https:\/\/www.jornalja.com.br\/arquivo\/category\/geral\/#listItem","name":"Geral"}}]},{"@type":"Organization","@id":"https:\/\/www.jornalja.com.br\/arquivo\/#organization","name":"Jornal J\u00c1","description":"Jornal J\u00c1 | Porto Alegre","url":"https:\/\/www.jornalja.com.br\/arquivo\/","telephone":"+555133307272","logo":{"@type":"ImageObject","url":"https:\/\/www.jornalja.com.br\/wp-content\/uploads\/cards\/JAslogan.png","@id":"https:\/\/www.jornalja.com.br\/arquivo\/fraude-em-licenca-ambiental-suspende-obras-do-predio-mais-alto-do-brasil\/#organizationLogo"},"image":{"@id":"https:\/\/www.jornalja.com.br\/arquivo\/fraude-em-licenca-ambiental-suspende-obras-do-predio-mais-alto-do-brasil\/#organizationLogo"}},{"@type":"Person","@id":"https:\/\/www.jornalja.com.br\/arquivo\/author\/daredacao\/#author","url":"https:\/\/www.jornalja.com.br\/arquivo\/author\/daredacao\/","name":"da Reda\u00e7\u00e3o","image":{"@type":"ImageObject","@id":"https:\/\/www.jornalja.com.br\/arquivo\/fraude-em-licenca-ambiental-suspende-obras-do-predio-mais-alto-do-brasil\/#authorImage","url":"https:\/\/secure.gravatar.com\/avatar\/469fd857d6605ad19919d27ed29d35a968a25f6e8fd9318356bbb7f57aae9c65?s=96&d=mm&r=g","width":96,"height":96,"caption":"da Reda\u00e7\u00e3o"}},{"@type":"WebPage","@id":"https:\/\/www.jornalja.com.br\/arquivo\/fraude-em-licenca-ambiental-suspende-obras-do-predio-mais-alto-do-brasil\/#webpage","url":"https:\/\/www.jornalja.com.br\/arquivo\/fraude-em-licenca-ambiental-suspende-obras-do-predio-mais-alto-do-brasil\/","name":"Fraude em licen\u00e7a ambiental suspende obras do pr\u00e9dio mais alto do Brasil | Arquivo","inLanguage":"pt-BR","isPartOf":{"@id":"https:\/\/www.jornalja.com.br\/arquivo\/#website"},"breadcrumb":{"@id":"https:\/\/www.jornalja.com.br\/arquivo\/fraude-em-licenca-ambiental-suspende-obras-do-predio-mais-alto-do-brasil\/#breadcrumblist"},"author":{"@id":"https:\/\/www.jornalja.com.br\/arquivo\/author\/daredacao\/#author"},"creator":{"@id":"https:\/\/www.jornalja.com.br\/arquivo\/author\/daredacao\/#author"},"image":{"@type":"ImageObject","url":46782,"@id":"https:\/\/www.jornalja.com.br\/arquivo\/fraude-em-licenca-ambiental-suspende-obras-do-predio-mais-alto-do-brasil\/#mainImage"},"primaryImageOfPage":{"@id":"https:\/\/www.jornalja.com.br\/arquivo\/fraude-em-licenca-ambiental-suspende-obras-do-predio-mais-alto-do-brasil\/#mainImage"},"datePublished":"2017-04-04T20:49:51-03:00","dateModified":"2017-04-04T20:49:51-03:00"},{"@type":"WebSite","@id":"https:\/\/www.jornalja.com.br\/arquivo\/#website","url":"https:\/\/www.jornalja.com.br\/arquivo\/","name":"Arquivo","description":"Jornal J\u00c1 | Porto Alegre","inLanguage":"pt-BR","publisher":{"@id":"https:\/\/www.jornalja.com.br\/arquivo\/#organization"}}]},"og:locale":"pt_BR","og:site_name":"Arquivo | Jornal J\u00c1 | Porto Alegre","og:type":"article","og:title":"Fraude em licen\u00e7a ambiental suspende obras do pr\u00e9dio mais alto do Brasil | Arquivo","og:url":"https:\/\/www.jornalja.com.br\/arquivo\/fraude-em-licenca-ambiental-suspende-obras-do-predio-mais-alto-do-brasil\/","og:image":"https:\/\/www.jornalja.com.br\/economics\/wp-content\/uploads\/sites\/11\/2026\/08\/ja-folhaderosto-facebook.jpg","og:image:secure_url":"https:\/\/www.jornalja.com.br\/economics\/wp-content\/uploads\/sites\/11\/2026\/08\/ja-folhaderosto-facebook.jpg","article:published_time":"2017-04-04T23:49:51+00:00","article:modified_time":"2017-04-04T23:49:51+00:00","twitter:card":"summary","twitter:title":"Fraude em licen\u00e7a ambiental suspende obras do pr\u00e9dio mais alto do Brasil | Arquivo","twitter:image":"https:\/\/www.jornalja.com.br\/economics\/wp-content\/uploads\/sites\/11\/2026\/08\/ja-folhaderosto-facebook.jpg"},"aioseo_meta_data":{"post_id":"46780","title":null,"description":null,"keywords":null,"keyphrases":null,"primary_term":null,"canonical_url":null,"og_title":null,"og_description":null,"og_object_type":"default","og_image_type":"default","og_image_url":null,"og_image_width":null,"og_image_height":null,"og_image_custom_url":null,"og_image_custom_fields":null,"og_video":null,"og_custom_url":null,"og_article_section":null,"og_article_tags":null,"twitter_use_og":false,"twitter_card":"default","twitter_image_type":"default","twitter_image_url":null,"twitter_image_custom_url":null,"twitter_image_custom_fields":null,"twitter_title":null,"twitter_description":null,"schema":{"blockGraphs":[],"customGraphs":[],"default":{"data":{"Article":[],"Course":[],"Dataset":[],"FAQPage":[],"Movie":[],"Person":[],"Product":[],"ProductReview":[],"Car":[],"Recipe":[],"Service":[],"SoftwareApplication":[],"WebPage":[]},"graphName":"","isEnabled":true},"graphs":[]},"schema_type":null,"schema_type_options":null,"pillar_content":false,"robots_default":true,"robots_noindex":false,"robots_noarchive":false,"robots_nosnippet":false,"robots_nofollow":false,"robots_noimageindex":false,"robots_noodp":false,"robots_notranslate":false,"robots_max_snippet":null,"robots_max_videopreview":null,"robots_max_imagepreview":"large","priority":null,"frequency":null,"location":null,"local_seo":null,"breadcrumb_settings":null,"limit_modified_date":false,"ai":null,"created":"2020-12-20 20:37:39","updated":"2025-07-19 20:50:08","seo_analyzer_scan_date":null,"focus_keyword":null,"additional_keywords":null,"truseo_locale":null},"jetpack_sharing_enabled":true,"jetpack-related-posts":[{"id":5440,"url":"https:\/\/www.jornalja.com.br\/arquivo\/casarao-da-venancio-destino-permanece-incerto\/","url_meta":{"origin":46780,"position":0},"title":"Estado ainda n\u00e3o sabe o que fazer com casar\u00e3o abandonado h\u00e1 20 anos","author":"Elmar Bones","date":"6 de julho de 2009","format":false,"excerpt":"O casar\u00e3o amarelo, numa esquina nobre de Porto Alegre (Ven\u00e2ncio Aires com Jo\u00e3o Pessoa), j\u00e1 abrigou uma escola. H\u00e1 duas d\u00e9cadas, pelo menos, est\u00e1 abandonado, porque seu propriet\u00e1rio, o governo do Estado do Rio Grande do Sul, n\u00e3o consegue achar um destino para ele. Planos n\u00e3o faltaram. O governador Ol\u00edvio\u2026","rel":"","context":"Em &quot;X.Categorias velhas&quot;","block_context":{"text":"X.Categorias velhas","link":"https:\/\/www.jornalja.com.br\/arquivo\/category\/x-categorias-velhas\/"},"img":{"alt_text":"geraldo1","src":"https:\/\/i0.wp.com\/www.jornalja.com.br\/wp-content\/uploads\/2009\/07\/geraldo1.jpg?resize=350%2C200&ssl=1","width":350,"height":200},"classes":[]},{"id":13240,"url":"https:\/\/www.jornalja.com.br\/arquivo\/plano-diretor-estamos-construindo-o-caos\/","url_meta":{"origin":46780,"position":1},"title":"Plano diretor: &quot;Estamos construindo o caos&quot;","author":"Patr\u00edcia Marini","date":"26 de maio de 2014","format":false,"excerpt":"Desabafo que arquiteta Eliana Castilhos, delegada da Regi\u00e3o de Planejamento 1, postou nas redes sociais \u00e9 um testemunho do ambiente que se criou no Conselho do Plano Diretor de Porto Alegre, onde a aprova\u00e7\u00e3o de grandes empreendimentos \u00e9 empurrada guela abaixo dos conselheiros. Ao CMDUA Como delegada da Regi\u00e3o de\u2026","rel":"","context":"Em &quot;Geral&quot;","block_context":{"text":"Geral","link":"https:\/\/www.jornalja.com.br\/arquivo\/category\/geral\/"},"img":{"alt_text":"","src":"","width":0,"height":0},"classes":[]},{"id":13109,"url":"https:\/\/www.jornalja.com.br\/arquivo\/judiciario-reconhece-poluicao-eletromagnetica\/","url_meta":{"origin":46780,"position":2},"title":"Judici\u00e1rio reconhece polui\u00e7\u00e3o eletromagn\u00e9tica","author":"Patr\u00edcia Marini","date":"16 de maio de 2014","format":false,"excerpt":"A\u00e7\u00e3o de duas associa\u00e7\u00f5es de moradores foi acolhida pelo Tribunal de Justi\u00e7a de S\u00e3o Paulo que. em decis\u00e3o in\u00e9dita, determinou a redu\u00e7\u00e3o do campo eletromagn\u00e9tico gerado pelas linhas de transmiss\u00e3o de energia que cortam os bairros City Boa\u00e7ava e Alto de Pinheiros. \u00c9 a primeira vez que um tribunal do\u2026","rel":"","context":"Em &quot;X.Categorias velhas&quot;","block_context":{"text":"X.Categorias velhas","link":"https:\/\/www.jornalja.com.br\/arquivo\/category\/x-categorias-velhas\/"},"img":{"alt_text":"","src":"","width":0,"height":0},"classes":[]}],"jetpack_shortlink":"https:\/\/wp.me\/pbQjBd-caw","jetpack_featured_media_url":"","_links":{"self":[{"href":"https:\/\/www.jornalja.com.br\/arquivo\/wp-json\/wp\/v2\/posts\/46780","targetHints":{"allow":["GET"]}}],"collection":[{"href":"https:\/\/www.jornalja.com.br\/arquivo\/wp-json\/wp\/v2\/posts"}],"about":[{"href":"https:\/\/www.jornalja.com.br\/arquivo\/wp-json\/wp\/v2\/types\/post"}],"author":[{"embeddable":true,"href":"https:\/\/www.jornalja.com.br\/arquivo\/wp-json\/wp\/v2\/users\/4"}],"replies":[{"embeddable":true,"href":"https:\/\/www.jornalja.com.br\/arquivo\/wp-json\/wp\/v2\/comments?post=46780"}],"version-history":[{"count":0,"href":"https:\/\/www.jornalja.com.br\/arquivo\/wp-json\/wp\/v2\/posts\/46780\/revisions"}],"wp:attachment":[{"href":"https:\/\/www.jornalja.com.br\/arquivo\/wp-json\/wp\/v2\/media?parent=46780"}],"wp:term":[{"taxonomy":"category","embeddable":true,"href":"https:\/\/www.jornalja.com.br\/arquivo\/wp-json\/wp\/v2\/categories?post=46780"},{"taxonomy":"post_tag","embeddable":true,"href":"https:\/\/www.jornalja.com.br\/arquivo\/wp-json\/wp\/v2\/tags?post=46780"}],"curies":[{"name":"wp","href":"https:\/\/api.w.org\/{rel}","templated":true}]}}