{"id":46826,"date":"2017-04-05T19:36:47","date_gmt":"2017-04-05T22:36:47","guid":{"rendered":"https:\/\/www.jornalja.com.br\/?p=46826"},"modified":"2017-04-05T19:36:47","modified_gmt":"2017-04-05T22:36:47","slug":"justica-suspende-lei-que-favorece-empreendimento-imobiliario-na-fazenda-do-arado","status":"publish","type":"post","link":"https:\/\/www.jornalja.com.br\/arquivo\/justica-suspende-lei-que-favorece-empreendimento-imobiliario-na-fazenda-do-arado\/","title":{"rendered":"Justi\u00e7a suspende lei que favorece condominio imobili\u00e1rio na Fazenda do Arado"},"content":{"rendered":"<p>Uma senten\u00e7a da ju\u00edza Nadja Mara Zanella, da 10\u00aa Vara da Fazenda P\u00fablica, suspendeu a lei complementar que aumentava o \u00edndice construtivo na \u00e1rea da antiga Fazenda do Arado, no bairro Bel\u00e9m Novo.<br \/>\nA decis\u00e3o foi publicada na segunda-feira, 3.<br \/>\nA lei 780\/15, de iniciativa do ex-prefeito Jos\u00e9 Fortinati, foi aprovada em outubro de 2015 com o fim espec\u00edfico de viabilizar o projeto imobili\u00e1rio que prev\u00ea \u00a0constru\u00e7\u00e3o de tr\u00eas condom\u00ednios fechados, num total de 2.300 casas na \u00e1rea de 426 hectares, metade dos quais enquadrada como \u00e1rea de preserva\u00e7\u00e3o ambiental.<br \/>\nA decis\u00e3o da ju\u00edza decorre de uma A\u00e7\u00e3o Civil P\u00fablica movida pelo Minist\u00e9rio P\u00fablico (MP), em fevereiro deste ano.<br \/>\nO MP alega que a lei foi aprovada sem audi\u00eancia p\u00fablica, para debate com a comunidade, conforme determina o art. 177 da Constitui\u00e7\u00e3o Federal. N\u00e3o houve tamb\u00e9m, segundo o MP, a devida avalia\u00e7\u00e3o dos danos ambientais que podem ser causados pelo empreendimento.<br \/>\nO projeto de \u00a0tr\u00eas condom\u00ednios fechados \u00e9 da Arado Empreendimentos Imobili\u00e1rios Ltda, dos empres\u00e1rios Iboty e Eduardo Iochpe.<br \/>\nAt\u00e9 2015 as terras da Fazenda do Arado obedeciam ao regime urban\u00edstico da Zona Rural e \u00c1rea de Prote\u00e7\u00e3o do Ambiente Natural,\u00a0suportando no m\u00e1ximo 276 economias (casas, edifica\u00e7\u00f5es etc).<br \/>\nA lei, aprovada pela C\u00e2mara de Vereadores em 5 de outubro de 2015 e sancionada pelo prefeito Jos\u00e9 Fortunti duas semanas depois, alterou o Plano Diretor, retirando a \u00e1rea do Arado da Zona Rural.<br \/>\nUm forte movimento dos moradores do bairro Bel\u00e9m Novo estimulou a iniciativa do Minist\u00e9rio P\u00fablico.<br \/>\n&nbsp;<\/p>\n","protected":false},"excerpt":{"rendered":"<p>Uma senten\u00e7a da ju\u00edza Nadja Mara Zanella, da 10\u00aa Vara da Fazenda P\u00fablica, suspendeu a lei complementar que aumentava o \u00edndice construtivo na \u00e1rea da antiga Fazenda do Arado, no bairro Bel\u00e9m Novo. A decis\u00e3o foi publicada na segunda-feira, 3. A lei 780\/15, de iniciativa do ex-prefeito Jos\u00e9 Fortinati, foi aprovada em outubro de 2015 [&hellip;]<\/p>\n","protected":false},"author":4,"featured_media":25122,"comment_status":"open","ping_status":"closed","sticky":false,"template":"","format":"standard","meta":{"_jetpack_memberships_contains_paid_content":false,"footnotes":""},"categories":[26],"tags":[],"class_list":["post-46826","post","type-post","status-publish","format-standard","has-post-thumbnail","hentry","category-geral"],"aioseo_notices":[],"jetpack_featured_media_url":"","jetpack_sharing_enabled":true,"jetpack-related-posts":[],"jetpack_shortlink":"https:\/\/wp.me\/pbQjBd-cbg","_links":{"self":[{"href":"https:\/\/www.jornalja.com.br\/arquivo\/wp-json\/wp\/v2\/posts\/46826","targetHints":{"allow":["GET"]}}],"collection":[{"href":"https:\/\/www.jornalja.com.br\/arquivo\/wp-json\/wp\/v2\/posts"}],"about":[{"href":"https:\/\/www.jornalja.com.br\/arquivo\/wp-json\/wp\/v2\/types\/post"}],"author":[{"embeddable":true,"href":"https:\/\/www.jornalja.com.br\/arquivo\/wp-json\/wp\/v2\/users\/4"}],"replies":[{"embeddable":true,"href":"https:\/\/www.jornalja.com.br\/arquivo\/wp-json\/wp\/v2\/comments?post=46826"}],"version-history":[{"count":0,"href":"https:\/\/www.jornalja.com.br\/arquivo\/wp-json\/wp\/v2\/posts\/46826\/revisions"}],"wp:featuredmedia":[{"embeddable":true,"href":"https:\/\/www.jornalja.com.br\/arquivo\/wp-json\/"}],"wp:attachment":[{"href":"https:\/\/www.jornalja.com.br\/arquivo\/wp-json\/wp\/v2\/media?parent=46826"}],"wp:term":[{"taxonomy":"category","embeddable":true,"href":"https:\/\/www.jornalja.com.br\/arquivo\/wp-json\/wp\/v2\/categories?post=46826"},{"taxonomy":"post_tag","embeddable":true,"href":"https:\/\/www.jornalja.com.br\/arquivo\/wp-json\/wp\/v2\/tags?post=46826"}],"curies":[{"name":"wp","href":"https:\/\/api.w.org\/{rel}","templated":true}]}}