{"id":46847,"date":"2017-04-05T20:28:42","date_gmt":"2017-04-05T23:28:42","guid":{"rendered":"https:\/\/www.jornalja.com.br\/?p=46847"},"modified":"2017-04-05T20:28:42","modified_gmt":"2017-04-05T23:28:42","slug":"suspensa-a-reintegracao-de-posse-da-area-mbya-guarani-em-maquine","status":"publish","type":"post","link":"https:\/\/www.jornalja.com.br\/arquivo\/suspensa-a-reintegracao-de-posse-da-area-mbya-guarani-em-maquine\/","title":{"rendered":"Suspensa a reintegra\u00e7\u00e3o de posse da \u00e1rea Mbya Guarani em Maquin\u00e9"},"content":{"rendered":"<p><span class=\"assina\">ANA MARIA BARROS PINTO*<\/span><br \/>\nO governo do Estado do RS pediu \u00e0 Justi\u00e7a Federal que suspenda por 30 dias a reintegra\u00e7\u00e3o de posse da \u00e1rea retomada pelo Mbya Guarani em Maquin\u00e9, para tentar um acordo entre as partes. Por decis\u00e3o judicial, atendendo a a\u00e7\u00e3o ajuizada pelo governo, as 30 fam\u00edlias Mbya Guarani deveriam deixar o local\u2013 uma \u00e1rea dentro da Fepagro Litoral Norte, em Maquin\u00e9 \u2013 ontem, dia 4 de abril.<br \/>\nA retomada foi tema de audi\u00eancia p\u00fablica da Comiss\u00e3o de Cidadania e Direitos Humanos da Assembleia Legislativa no dia 22 de mar\u00e7o, com a participa\u00e7\u00e3o de todos os envolvidos\u2013 PGE, MPF, Mbya Guarani, apoiadores da causa ind\u00edgena e at\u00e9 moradores de Maquin\u00e9 que avaliam como positiva a presen\u00e7a ind\u00edgena no local. \u00a0Ao final, o presidente da Comiss\u00e3o, Deputado Jeferson Fernandes disse que solicitaria ao Procurador Geral a prorroga\u00e7\u00e3o do prazo para reintegra\u00e7\u00e3o de posse da \u00e1rea. \u201cA PGE e o secret\u00e1rio da Agricultura concordaram com nosso pedido\u201d, informa o deputado.<br \/>\nA ideia \u00e9 buscar uma solu\u00e7\u00e3o para que o grupo Mbya Guarani possa retomar parte de seu territ\u00f3rio original sem preju\u00edzo a eventuais pesquisas na \u00e1rea, disse o deputado. \u201cEm visita ao local, constatamos que os ind\u00edgenas convivem em total harmonia com a natureza e com os servidores da Fepagro, que ainda l\u00e1 permanecem\u201d, explicou, na abertura da audi\u00eancia p\u00fablica, referindo-se \u00e0 visita que a Comiss\u00e3o fez \u00e0 aldeia em Maquin\u00e9.<br \/>\nDurante a visita, o cacique Cirilo Morinico falou sobre a terra ancestral retomada pelos Mbya Guarani e da alegria de todos, principalmente das crian\u00e7as, de poder vivenciar a cultura tradicional. Isso s\u00f3 \u00e9 poss\u00edvel num lugar com \u201cterra boa, \u00e1gua boa, plantas para fazer rem\u00e9dios e frutas\u201d. Aos visitantes, disse que o papel deles \u00e9 o de lidar com a burocracia, com as leis. \u201cVoc\u00eas s\u00e3o mensageiros para divulgar a nossa luta, que Nhanderu (Deus) aben\u00e7oe a todos\u201d.<br \/>\nAs fam\u00edlias Mbya Guarani que decidiram retomar a \u00e1rea sempre viveram nas redondezas e podiam usufruir da natureza do lugar, tendo um bom relacionamento com as fam\u00edlias dos servidores da Fepagro que moram ali. A perspectiva de a \u00e1rea ser vendida para a iniciativa privada foi determinante para a retomada, pois eles dizem que \u201ctudo muda quando o dono p\u00f5e cerca no lugar.\u201d \u201c\u00c9 retomada porque \u00e9 nossa \u00e1rea tradicional\u201d, explica o cacique Andr\u00e9 Benites.<br \/>\n*<em>Texto e fotos<\/em><br \/>\n&nbsp;<br \/>\n&nbsp;<\/p>\n","protected":false},"excerpt":{"rendered":"<p>ANA MARIA BARROS PINTO* O governo do Estado do RS pediu \u00e0 Justi\u00e7a Federal que suspenda por 30 dias a reintegra\u00e7\u00e3o de posse da \u00e1rea retomada pelo Mbya Guarani em Maquin\u00e9, para tentar um acordo entre as partes. Por decis\u00e3o judicial, atendendo a a\u00e7\u00e3o ajuizada pelo governo, as 30 fam\u00edlias Mbya Guarani deveriam deixar o [&hellip;]<\/p>\n","protected":false},"author":4,"featured_media":46848,"comment_status":"open","ping_status":"closed","sticky":false,"template":"","format":"standard","meta":{"_jetpack_memberships_contains_paid_content":false,"footnotes":""},"categories":[26],"tags":[],"class_list":["post-46847","post","type-post","status-publish","format-standard","has-post-thumbnail","hentry","category-geral"],"aioseo_notices":[],"jetpack_featured_media_url":"","jetpack_sharing_enabled":true,"jetpack-related-posts":[],"jetpack_shortlink":"https:\/\/wp.me\/pbQjBd-cbB","_links":{"self":[{"href":"https:\/\/www.jornalja.com.br\/arquivo\/wp-json\/wp\/v2\/posts\/46847","targetHints":{"allow":["GET"]}}],"collection":[{"href":"https:\/\/www.jornalja.com.br\/arquivo\/wp-json\/wp\/v2\/posts"}],"about":[{"href":"https:\/\/www.jornalja.com.br\/arquivo\/wp-json\/wp\/v2\/types\/post"}],"author":[{"embeddable":true,"href":"https:\/\/www.jornalja.com.br\/arquivo\/wp-json\/wp\/v2\/users\/4"}],"replies":[{"embeddable":true,"href":"https:\/\/www.jornalja.com.br\/arquivo\/wp-json\/wp\/v2\/comments?post=46847"}],"version-history":[{"count":0,"href":"https:\/\/www.jornalja.com.br\/arquivo\/wp-json\/wp\/v2\/posts\/46847\/revisions"}],"wp:featuredmedia":[{"embeddable":true,"href":"https:\/\/www.jornalja.com.br\/arquivo\/wp-json\/"}],"wp:attachment":[{"href":"https:\/\/www.jornalja.com.br\/arquivo\/wp-json\/wp\/v2\/media?parent=46847"}],"wp:term":[{"taxonomy":"category","embeddable":true,"href":"https:\/\/www.jornalja.com.br\/arquivo\/wp-json\/wp\/v2\/categories?post=46847"},{"taxonomy":"post_tag","embeddable":true,"href":"https:\/\/www.jornalja.com.br\/arquivo\/wp-json\/wp\/v2\/tags?post=46847"}],"curies":[{"name":"wp","href":"https:\/\/api.w.org\/{rel}","templated":true}]}}