{"id":46851,"date":"2017-04-06T07:00:15","date_gmt":"2017-04-06T10:00:15","guid":{"rendered":"https:\/\/www.jornalja.com.br\/?p=46851"},"modified":"2017-04-06T07:00:15","modified_gmt":"2017-04-06T10:00:15","slug":"itaipu-e-onu-firmam-acordo-para-promover-solucoes-em-agua-e-energia","status":"publish","type":"post","link":"https:\/\/www.jornalja.com.br\/arquivo\/itaipu-e-onu-firmam-acordo-para-promover-solucoes-em-agua-e-energia\/","title":{"rendered":"Itaipu e ONU firmam acordo para promover solu\u00e7\u00f5es em \u00e1gua e energia"},"content":{"rendered":"<p>Parceria tem como objetivo promover a\u00e7\u00f5es que integrem os temas `\u00c1gua limpa e saneamento` e Energia limpa e acess\u00edvel, que comp\u00f5em a Agenda 2030 da Organiza\u00e7\u00e3o das Na\u00e7\u00f5es Unidas.<br \/>\nAp\u00f3s dois dias de reuni\u00f5es entre a Itaipu Binacional e o Departamento de Assuntos Econ\u00f4micos e Sociais das Na\u00e7\u00f5es Unidas (UNDESA), representantes das duas organiza\u00e7\u00f5es assinaram, nesta quarta-feira (5), um memorando de inten\u00e7\u00f5es com foco no desenvolvimento de solu\u00e7\u00f5es sustent\u00e1veis em \u00e1gua e energia.<br \/>\nO acordo foi assinado pelos diretores-gerais da Itaipu, Luiz Fernando Vianna (Brasil) e James Spalding (Paraguai), e pelo diretor de Desenvolvimento Sustent\u00e1vel da UNDESA, Juwang Zhu, em Nova York. A partir da assinatura do documento, t\u00e9cnicos de ambas as institui\u00e7\u00f5es v\u00e3o trabalhar no detalhamento do projeto de coopera\u00e7\u00e3o e acordos subsequentes.<br \/>\n&#8220;\u00c9 realmente uma parceria \u00edmpar. De um lado Itaipu, exemplo mundial de coopera\u00e7\u00e3o entre dois pa\u00edses, e, de outro, a ONU. Tivemos a oportunidade de nos conhecer e o resultado est\u00e1 sendo muito positivo, tanto para a Itaipu quanto para a ONU, por meio do desenvolvimento sustent\u00e1vel, com \u00eanfase no bin\u00f4mio energia-meio ambiente&#8221;, afirmou o diretor-geral brasileiro, Luiz Fernando Vianna.<br \/>\nDurante o encontro, a UNDESA apresentou o esbo\u00e7o da iniciativa global denominada Sustainable Water and Energy Solutions (Solu\u00e7\u00f5es Sustent\u00e1veis em \u00c1gua e Energia, em tradu\u00e7\u00e3o livre) que dever\u00e1 atuar com uma abordagem integrada sobre os Objetivos do Desenvolvimento Sustent\u00e1vel (ODS) de n\u00fameros 6 e 7, que tratam de \u201c\u00c1gua limpa e saneamento\u201d e \u201cEnergia limpa e acess\u00edvel\u201d, respectivamente, e comp\u00f5em a Agenda 2030 da ONU.<br \/>\nA parceria entre ambas as institui\u00e7\u00f5es ser\u00e1 no \u00e2mbito dessa nova iniciativa, que dever\u00e1 contribuir, inclusive, para a revis\u00e3o desses objetivos, a ser realizada no UN High Level Political Forum (HLPF), em 2018. Dever\u00e1 contribuir, tamb\u00e9m, para a consecu\u00e7\u00e3o da Vis\u00e3o da Itaipu que \u00e9 de, at\u00e9 2020, consolidar-se como a hidrel\u00e9trica com melhor desempenho operativo e melhores pr\u00e1ticas sustent\u00e1veis no mundo.<br \/>\nAl\u00e9m dos diretores-gerais, tamb\u00e9m participaram do encontro o diretor de Coordena\u00e7\u00e3o Executiva, Pedro Domaniczky; o chefe de \u00c1gua e Energia e Desenvolvimento de Capacidade da UNDESA, Iv\u00e1n Vera; o chefe da Equipe de Energia Sustent\u00e1vel da UNDESA, Minoru Tanaka; o embaixador do Paraguai na ONU, Julio Arriola; e o representante da miss\u00e3o brasileira na ONU, Vicente Ara\u00fajo.<br \/>\nA Itaipu dever\u00e1 colocar \u00e0 disposi\u00e7\u00e3o da UNDESA a experi\u00eancia acumulada em diversas a\u00e7\u00f5es voltadas \u00e0 sustentabilidade da regi\u00e3o de influ\u00eancia de seu reservat\u00f3rio. Entre elas est\u00e3o o Cultivando \u00c1gua Boa, que trabalha na resolu\u00e7\u00e3o de passivos ambientais nas microbacias conectadas com o lago de Itaipu, com o objetivo de assegurar a qualidade da \u00e1gua para os usos m\u00faltiplos (gera\u00e7\u00e3o de energia, abastecimento, pesca, turismo e atividades agropecu\u00e1rias).<br \/>\nA Itaipu tamb\u00e9m tem atuado na pesquisa e desenvolvimento para o emprego de outras fontes renov\u00e1veis de energia, em especial o biog\u00e1s, que \u00e9 produzido a partir de dejetos da agropecu\u00e1ria e do tratamento de esgoto. Essa modalidade de gera\u00e7\u00e3o de pequeno porte tem permitido a pequenos produtores reduzir passivos ambientais e custos de produ\u00e7\u00e3o, al\u00e9m de viabilizar a autonomia energ\u00e9tica.<br \/>\nPor fim, a \u00e1rea t\u00e9cnica da Itaipu tamb\u00e9m tem avan\u00e7ado no modelo de gest\u00e3o da usina, de forma a maximizar o aproveitamento dos recursos h\u00eddricos para a gera\u00e7\u00e3o de energia. O modelo, que resulta em maior integra\u00e7\u00e3o entre as \u00e1reas de hidrologia, opera\u00e7\u00e3o e manuten\u00e7\u00e3o, foi adotado em 2012. Desde ent\u00e3o, a usina estabeleceu tr\u00eas recordes mundiais de produ\u00e7\u00e3o anual de energia, culminando na marca hist\u00f3rica de 103,1 milh\u00f5es de megawatts-hora, em 2016.<br \/>\n<strong>Assessoria de Comunicacao de Itaipu<\/strong><\/p>\n","protected":false},"excerpt":{"rendered":"<p>Parceria tem como objetivo promover a\u00e7\u00f5es que integrem os temas `\u00c1gua limpa e saneamento` e Energia limpa e acess\u00edvel, que comp\u00f5em a Agenda 2030 da Organiza\u00e7\u00e3o das Na\u00e7\u00f5es Unidas. Ap\u00f3s dois dias de reuni\u00f5es entre a Itaipu Binacional e o Departamento de Assuntos Econ\u00f4micos e Sociais das Na\u00e7\u00f5es Unidas (UNDESA), representantes das duas organiza\u00e7\u00f5es assinaram, [&hellip;]<\/p>\n","protected":false},"author":4,"featured_media":46852,"comment_status":"open","ping_status":"closed","sticky":false,"template":"","format":"standard","meta":{"_jetpack_newsletter_access":"","_jetpack_dont_email_post_to_subs":false,"_jetpack_newsletter_tier_id":0,"_jetpack_memberships_contains_paywalled_content":false,"_jetpack_feature_clip_id":0,"_jetpack_memberships_contains_paid_content":false,"footnotes":"","jetpack_post_was_ever_published":false},"categories":[26],"tags":[],"class_list":["post-46851","post","type-post","status-publish","format-standard","has-post-thumbnail","hentry","category-geral"],"aioseo_notices":[],"aioseo_head":"\n\t\t<!-- All in One SEO 5.0.1.1 - aioseo.com -->\n\t<meta name=\"robots\" content=\"max-image-preview:large\" \/>\n\t<meta name=\"author\" content=\"da Reda\u00e7\u00e3o\"\/>\n\t<link rel=\"canonical\" href=\"https:\/\/www.jornalja.com.br\/arquivo\/itaipu-e-onu-firmam-acordo-para-promover-solucoes-em-agua-e-energia\/\" \/>\n\t<meta name=\"generator\" content=\"All in One SEO (AIOSEO) 5.0.1.1\" \/>\n\t\t<meta property=\"og:locale\" content=\"pt_BR\" \/>\n\t\t<meta property=\"og:site_name\" content=\"Arquivo | Jornal J\u00c1 | Porto Alegre\" \/>\n\t\t<meta property=\"og:type\" content=\"article\" \/>\n\t\t<meta property=\"og:title\" content=\"Itaipu e ONU firmam acordo para promover solu\u00e7\u00f5es em \u00e1gua e energia | Arquivo\" \/>\n\t\t<meta property=\"og:url\" content=\"https:\/\/www.jornalja.com.br\/arquivo\/itaipu-e-onu-firmam-acordo-para-promover-solucoes-em-agua-e-energia\/\" \/>\n\t\t<meta property=\"og:image\" content=\"https:\/\/www.jornalja.com.br\/economics\/wp-content\/uploads\/sites\/11\/2026\/08\/ja-folhaderosto-facebook.jpg\" \/>\n\t\t<meta property=\"og:image:secure_url\" content=\"https:\/\/www.jornalja.com.br\/economics\/wp-content\/uploads\/sites\/11\/2026\/08\/ja-folhaderosto-facebook.jpg\" \/>\n\t\t<meta property=\"article:published_time\" content=\"2017-04-06T10:00:15+00:00\" \/>\n\t\t<meta property=\"article:modified_time\" content=\"2017-04-06T10:00:15+00:00\" \/>\n\t\t<meta name=\"twitter:card\" content=\"summary\" \/>\n\t\t<meta name=\"twitter:title\" content=\"Itaipu e ONU firmam acordo para promover solu\u00e7\u00f5es em \u00e1gua e energia | Arquivo\" \/>\n\t\t<meta name=\"twitter:image\" content=\"https:\/\/www.jornalja.com.br\/economics\/wp-content\/uploads\/sites\/11\/2026\/08\/ja-folhaderosto-facebook.jpg\" \/>\n\t\t<script type=\"application\/ld+json\" class=\"aioseo-schema\">\n\t\t\t{\"@context\":\"https:\\\/\\\/schema.org\",\"@graph\":[{\"@type\":\"BlogPosting\",\"@id\":\"https:\\\/\\\/www.jornalja.com.br\\\/arquivo\\\/itaipu-e-onu-firmam-acordo-para-promover-solucoes-em-agua-e-energia\\\/#blogposting\",\"name\":\"Itaipu e ONU firmam acordo para promover solu\\u00e7\\u00f5es em \\u00e1gua e energia | Arquivo\",\"headline\":\"Itaipu e ONU firmam acordo para promover solu\\u00e7\\u00f5es em \\u00e1gua e energia\",\"author\":{\"@id\":\"https:\\\/\\\/www.jornalja.com.br\\\/arquivo\\\/author\\\/daredacao\\\/#author\"},\"publisher\":{\"@id\":\"https:\\\/\\\/www.jornalja.com.br\\\/arquivo\\\/#organization\"},\"image\":{\"@type\":\"ImageObject\",\"url\":46852},\"datePublished\":\"2017-04-06T07:00:15-03:00\",\"dateModified\":\"2017-04-06T07:00:15-03:00\",\"inLanguage\":\"pt-BR\",\"mainEntityOfPage\":{\"@id\":\"https:\\\/\\\/www.jornalja.com.br\\\/arquivo\\\/itaipu-e-onu-firmam-acordo-para-promover-solucoes-em-agua-e-energia\\\/#webpage\"},\"isPartOf\":{\"@id\":\"https:\\\/\\\/www.jornalja.com.br\\\/arquivo\\\/itaipu-e-onu-firmam-acordo-para-promover-solucoes-em-agua-e-energia\\\/#webpage\"},\"articleSection\":\"Geral\"},{\"@type\":\"BreadcrumbList\",\"@id\":\"https:\\\/\\\/www.jornalja.com.br\\\/arquivo\\\/itaipu-e-onu-firmam-acordo-para-promover-solucoes-em-agua-e-energia\\\/#breadcrumblist\",\"itemListElement\":[{\"@type\":\"ListItem\",\"@id\":\"https:\\\/\\\/www.jornalja.com.br\\\/arquivo#listItem\",\"position\":1,\"name\":\"Home\",\"item\":\"https:\\\/\\\/www.jornalja.com.br\\\/arquivo\",\"nextItem\":{\"@type\":\"ListItem\",\"@id\":\"https:\\\/\\\/www.jornalja.com.br\\\/arquivo\\\/category\\\/geral\\\/#listItem\",\"name\":\"Geral\"}},{\"@type\":\"ListItem\",\"@id\":\"https:\\\/\\\/www.jornalja.com.br\\\/arquivo\\\/category\\\/geral\\\/#listItem\",\"position\":2,\"name\":\"Geral\",\"item\":\"https:\\\/\\\/www.jornalja.com.br\\\/arquivo\\\/category\\\/geral\\\/\",\"nextItem\":{\"@type\":\"ListItem\",\"@id\":\"https:\\\/\\\/www.jornalja.com.br\\\/arquivo\\\/itaipu-e-onu-firmam-acordo-para-promover-solucoes-em-agua-e-energia\\\/#listItem\",\"name\":\"Itaipu e ONU firmam acordo para promover solu\\u00e7\\u00f5es em \\u00e1gua e energia\"},\"previousItem\":{\"@type\":\"ListItem\",\"@id\":\"https:\\\/\\\/www.jornalja.com.br\\\/arquivo#listItem\",\"name\":\"Home\"}},{\"@type\":\"ListItem\",\"@id\":\"https:\\\/\\\/www.jornalja.com.br\\\/arquivo\\\/itaipu-e-onu-firmam-acordo-para-promover-solucoes-em-agua-e-energia\\\/#listItem\",\"position\":3,\"name\":\"Itaipu e ONU firmam acordo para promover solu\\u00e7\\u00f5es em \\u00e1gua e energia\",\"previousItem\":{\"@type\":\"ListItem\",\"@id\":\"https:\\\/\\\/www.jornalja.com.br\\\/arquivo\\\/category\\\/geral\\\/#listItem\",\"name\":\"Geral\"}}]},{\"@type\":\"Organization\",\"@id\":\"https:\\\/\\\/www.jornalja.com.br\\\/arquivo\\\/#organization\",\"name\":\"Jornal J\\u00c1\",\"description\":\"Jornal J\\u00c1 | Porto Alegre\",\"url\":\"https:\\\/\\\/www.jornalja.com.br\\\/arquivo\\\/\",\"telephone\":\"+555133307272\",\"logo\":{\"@type\":\"ImageObject\",\"url\":\"https:\\\/\\\/www.jornalja.com.br\\\/wp-content\\\/uploads\\\/cards\\\/JAslogan.png\",\"@id\":\"https:\\\/\\\/www.jornalja.com.br\\\/arquivo\\\/itaipu-e-onu-firmam-acordo-para-promover-solucoes-em-agua-e-energia\\\/#organizationLogo\"},\"image\":{\"@id\":\"https:\\\/\\\/www.jornalja.com.br\\\/arquivo\\\/itaipu-e-onu-firmam-acordo-para-promover-solucoes-em-agua-e-energia\\\/#organizationLogo\"}},{\"@type\":\"Person\",\"@id\":\"https:\\\/\\\/www.jornalja.com.br\\\/arquivo\\\/author\\\/daredacao\\\/#author\",\"url\":\"https:\\\/\\\/www.jornalja.com.br\\\/arquivo\\\/author\\\/daredacao\\\/\",\"name\":\"da Reda\\u00e7\\u00e3o\",\"image\":{\"@type\":\"ImageObject\",\"@id\":\"https:\\\/\\\/www.jornalja.com.br\\\/arquivo\\\/itaipu-e-onu-firmam-acordo-para-promover-solucoes-em-agua-e-energia\\\/#authorImage\",\"url\":\"https:\\\/\\\/secure.gravatar.com\\\/avatar\\\/469fd857d6605ad19919d27ed29d35a968a25f6e8fd9318356bbb7f57aae9c65?s=96&d=mm&r=g\",\"width\":96,\"height\":96,\"caption\":\"da Reda\\u00e7\\u00e3o\"}},{\"@type\":\"WebPage\",\"@id\":\"https:\\\/\\\/www.jornalja.com.br\\\/arquivo\\\/itaipu-e-onu-firmam-acordo-para-promover-solucoes-em-agua-e-energia\\\/#webpage\",\"url\":\"https:\\\/\\\/www.jornalja.com.br\\\/arquivo\\\/itaipu-e-onu-firmam-acordo-para-promover-solucoes-em-agua-e-energia\\\/\",\"name\":\"Itaipu e ONU firmam acordo para promover solu\\u00e7\\u00f5es em \\u00e1gua e energia | Arquivo\",\"inLanguage\":\"pt-BR\",\"isPartOf\":{\"@id\":\"https:\\\/\\\/www.jornalja.com.br\\\/arquivo\\\/#website\"},\"breadcrumb\":{\"@id\":\"https:\\\/\\\/www.jornalja.com.br\\\/arquivo\\\/itaipu-e-onu-firmam-acordo-para-promover-solucoes-em-agua-e-energia\\\/#breadcrumblist\"},\"author\":{\"@id\":\"https:\\\/\\\/www.jornalja.com.br\\\/arquivo\\\/author\\\/daredacao\\\/#author\"},\"creator\":{\"@id\":\"https:\\\/\\\/www.jornalja.com.br\\\/arquivo\\\/author\\\/daredacao\\\/#author\"},\"image\":{\"@type\":\"ImageObject\",\"url\":46852,\"@id\":\"https:\\\/\\\/www.jornalja.com.br\\\/arquivo\\\/itaipu-e-onu-firmam-acordo-para-promover-solucoes-em-agua-e-energia\\\/#mainImage\"},\"primaryImageOfPage\":{\"@id\":\"https:\\\/\\\/www.jornalja.com.br\\\/arquivo\\\/itaipu-e-onu-firmam-acordo-para-promover-solucoes-em-agua-e-energia\\\/#mainImage\"},\"datePublished\":\"2017-04-06T07:00:15-03:00\",\"dateModified\":\"2017-04-06T07:00:15-03:00\"},{\"@type\":\"WebSite\",\"@id\":\"https:\\\/\\\/www.jornalja.com.br\\\/arquivo\\\/#website\",\"url\":\"https:\\\/\\\/www.jornalja.com.br\\\/arquivo\\\/\",\"name\":\"Arquivo\",\"description\":\"Jornal J\\u00c1 | Porto Alegre\",\"inLanguage\":\"pt-BR\",\"publisher\":{\"@id\":\"https:\\\/\\\/www.jornalja.com.br\\\/arquivo\\\/#organization\"}}]}\n\t\t<\/script>\n\t\t<!-- All in One SEO -->\n\n","aioseo_head_json":{"title":"Itaipu e ONU firmam acordo para promover solu\u00e7\u00f5es em \u00e1gua e energia | Arquivo","description":"","canonical_url":"https:\/\/www.jornalja.com.br\/arquivo\/itaipu-e-onu-firmam-acordo-para-promover-solucoes-em-agua-e-energia\/","robots":"max-image-preview:large","keywords":"","webmasterTools":{"miscellaneous":""},"schema":{"@context":"https:\/\/schema.org","@graph":[{"@type":"BlogPosting","@id":"https:\/\/www.jornalja.com.br\/arquivo\/itaipu-e-onu-firmam-acordo-para-promover-solucoes-em-agua-e-energia\/#blogposting","name":"Itaipu e ONU firmam acordo para promover solu\u00e7\u00f5es em \u00e1gua e energia | Arquivo","headline":"Itaipu e ONU firmam acordo para promover solu\u00e7\u00f5es em \u00e1gua e energia","author":{"@id":"https:\/\/www.jornalja.com.br\/arquivo\/author\/daredacao\/#author"},"publisher":{"@id":"https:\/\/www.jornalja.com.br\/arquivo\/#organization"},"image":{"@type":"ImageObject","url":46852},"datePublished":"2017-04-06T07:00:15-03:00","dateModified":"2017-04-06T07:00:15-03:00","inLanguage":"pt-BR","mainEntityOfPage":{"@id":"https:\/\/www.jornalja.com.br\/arquivo\/itaipu-e-onu-firmam-acordo-para-promover-solucoes-em-agua-e-energia\/#webpage"},"isPartOf":{"@id":"https:\/\/www.jornalja.com.br\/arquivo\/itaipu-e-onu-firmam-acordo-para-promover-solucoes-em-agua-e-energia\/#webpage"},"articleSection":"Geral"},{"@type":"BreadcrumbList","@id":"https:\/\/www.jornalja.com.br\/arquivo\/itaipu-e-onu-firmam-acordo-para-promover-solucoes-em-agua-e-energia\/#breadcrumblist","itemListElement":[{"@type":"ListItem","@id":"https:\/\/www.jornalja.com.br\/arquivo#listItem","position":1,"name":"Home","item":"https:\/\/www.jornalja.com.br\/arquivo","nextItem":{"@type":"ListItem","@id":"https:\/\/www.jornalja.com.br\/arquivo\/category\/geral\/#listItem","name":"Geral"}},{"@type":"ListItem","@id":"https:\/\/www.jornalja.com.br\/arquivo\/category\/geral\/#listItem","position":2,"name":"Geral","item":"https:\/\/www.jornalja.com.br\/arquivo\/category\/geral\/","nextItem":{"@type":"ListItem","@id":"https:\/\/www.jornalja.com.br\/arquivo\/itaipu-e-onu-firmam-acordo-para-promover-solucoes-em-agua-e-energia\/#listItem","name":"Itaipu e ONU firmam acordo para promover solu\u00e7\u00f5es em \u00e1gua e energia"},"previousItem":{"@type":"ListItem","@id":"https:\/\/www.jornalja.com.br\/arquivo#listItem","name":"Home"}},{"@type":"ListItem","@id":"https:\/\/www.jornalja.com.br\/arquivo\/itaipu-e-onu-firmam-acordo-para-promover-solucoes-em-agua-e-energia\/#listItem","position":3,"name":"Itaipu e ONU firmam acordo para promover solu\u00e7\u00f5es em \u00e1gua e energia","previousItem":{"@type":"ListItem","@id":"https:\/\/www.jornalja.com.br\/arquivo\/category\/geral\/#listItem","name":"Geral"}}]},{"@type":"Organization","@id":"https:\/\/www.jornalja.com.br\/arquivo\/#organization","name":"Jornal J\u00c1","description":"Jornal J\u00c1 | Porto Alegre","url":"https:\/\/www.jornalja.com.br\/arquivo\/","telephone":"+555133307272","logo":{"@type":"ImageObject","url":"https:\/\/www.jornalja.com.br\/wp-content\/uploads\/cards\/JAslogan.png","@id":"https:\/\/www.jornalja.com.br\/arquivo\/itaipu-e-onu-firmam-acordo-para-promover-solucoes-em-agua-e-energia\/#organizationLogo"},"image":{"@id":"https:\/\/www.jornalja.com.br\/arquivo\/itaipu-e-onu-firmam-acordo-para-promover-solucoes-em-agua-e-energia\/#organizationLogo"}},{"@type":"Person","@id":"https:\/\/www.jornalja.com.br\/arquivo\/author\/daredacao\/#author","url":"https:\/\/www.jornalja.com.br\/arquivo\/author\/daredacao\/","name":"da Reda\u00e7\u00e3o","image":{"@type":"ImageObject","@id":"https:\/\/www.jornalja.com.br\/arquivo\/itaipu-e-onu-firmam-acordo-para-promover-solucoes-em-agua-e-energia\/#authorImage","url":"https:\/\/secure.gravatar.com\/avatar\/469fd857d6605ad19919d27ed29d35a968a25f6e8fd9318356bbb7f57aae9c65?s=96&d=mm&r=g","width":96,"height":96,"caption":"da Reda\u00e7\u00e3o"}},{"@type":"WebPage","@id":"https:\/\/www.jornalja.com.br\/arquivo\/itaipu-e-onu-firmam-acordo-para-promover-solucoes-em-agua-e-energia\/#webpage","url":"https:\/\/www.jornalja.com.br\/arquivo\/itaipu-e-onu-firmam-acordo-para-promover-solucoes-em-agua-e-energia\/","name":"Itaipu e ONU firmam acordo para promover solu\u00e7\u00f5es em \u00e1gua e energia | Arquivo","inLanguage":"pt-BR","isPartOf":{"@id":"https:\/\/www.jornalja.com.br\/arquivo\/#website"},"breadcrumb":{"@id":"https:\/\/www.jornalja.com.br\/arquivo\/itaipu-e-onu-firmam-acordo-para-promover-solucoes-em-agua-e-energia\/#breadcrumblist"},"author":{"@id":"https:\/\/www.jornalja.com.br\/arquivo\/author\/daredacao\/#author"},"creator":{"@id":"https:\/\/www.jornalja.com.br\/arquivo\/author\/daredacao\/#author"},"image":{"@type":"ImageObject","url":46852,"@id":"https:\/\/www.jornalja.com.br\/arquivo\/itaipu-e-onu-firmam-acordo-para-promover-solucoes-em-agua-e-energia\/#mainImage"},"primaryImageOfPage":{"@id":"https:\/\/www.jornalja.com.br\/arquivo\/itaipu-e-onu-firmam-acordo-para-promover-solucoes-em-agua-e-energia\/#mainImage"},"datePublished":"2017-04-06T07:00:15-03:00","dateModified":"2017-04-06T07:00:15-03:00"},{"@type":"WebSite","@id":"https:\/\/www.jornalja.com.br\/arquivo\/#website","url":"https:\/\/www.jornalja.com.br\/arquivo\/","name":"Arquivo","description":"Jornal J\u00c1 | Porto Alegre","inLanguage":"pt-BR","publisher":{"@id":"https:\/\/www.jornalja.com.br\/arquivo\/#organization"}}]},"og:locale":"pt_BR","og:site_name":"Arquivo | Jornal J\u00c1 | Porto Alegre","og:type":"article","og:title":"Itaipu e ONU firmam acordo para promover solu\u00e7\u00f5es em \u00e1gua e energia | Arquivo","og:url":"https:\/\/www.jornalja.com.br\/arquivo\/itaipu-e-onu-firmam-acordo-para-promover-solucoes-em-agua-e-energia\/","og:image":"https:\/\/www.jornalja.com.br\/economics\/wp-content\/uploads\/sites\/11\/2026\/08\/ja-folhaderosto-facebook.jpg","og:image:secure_url":"https:\/\/www.jornalja.com.br\/economics\/wp-content\/uploads\/sites\/11\/2026\/08\/ja-folhaderosto-facebook.jpg","article:published_time":"2017-04-06T10:00:15+00:00","article:modified_time":"2017-04-06T10:00:15+00:00","twitter:card":"summary","twitter:title":"Itaipu e ONU firmam acordo para promover solu\u00e7\u00f5es em \u00e1gua e energia | Arquivo","twitter:image":"https:\/\/www.jornalja.com.br\/economics\/wp-content\/uploads\/sites\/11\/2026\/08\/ja-folhaderosto-facebook.jpg"},"aioseo_meta_data":{"post_id":"46851","title":null,"description":null,"keywords":null,"keyphrases":null,"primary_term":null,"canonical_url":null,"og_title":null,"og_description":null,"og_object_type":"default","og_image_type":"default","og_image_url":null,"og_image_width":null,"og_image_height":null,"og_image_custom_url":null,"og_image_custom_fields":null,"og_video":null,"og_custom_url":null,"og_article_section":null,"og_article_tags":null,"twitter_use_og":false,"twitter_card":"default","twitter_image_type":"default","twitter_image_url":null,"twitter_image_custom_url":null,"twitter_image_custom_fields":null,"twitter_title":null,"twitter_description":null,"schema":{"blockGraphs":[],"customGraphs":[],"default":{"data":{"Article":[],"Course":[],"Dataset":[],"FAQPage":[],"Movie":[],"Person":[],"Product":[],"ProductReview":[],"Car":[],"Recipe":[],"Service":[],"SoftwareApplication":[],"WebPage":[]},"graphName":"","isEnabled":true},"graphs":[],"defaultGraph":"","defaultPostTypeGraph":""},"schema_type":null,"schema_type_options":null,"pillar_content":false,"robots_default":true,"robots_noindex":false,"robots_noarchive":false,"robots_nosnippet":false,"robots_nofollow":false,"robots_noimageindex":false,"robots_noodp":false,"robots_notranslate":false,"robots_max_snippet":null,"robots_max_videopreview":null,"robots_max_imagepreview":"large","priority":null,"frequency":null,"location":null,"local_seo":null,"breadcrumb_settings":null,"limit_modified_date":false,"ai":null,"created":"2020-12-20 20:37:39","updated":"2025-07-19 20:51:44","seo_analyzer_scan_date":null,"focus_keyword":null,"additional_keywords":null,"truseo_locale":null},"jetpack_sharing_enabled":true,"jetpack-related-posts":[{"id":5440,"url":"https:\/\/www.jornalja.com.br\/arquivo\/casarao-da-venancio-destino-permanece-incerto\/","url_meta":{"origin":46851,"position":0},"title":"Estado ainda n\u00e3o sabe o que fazer com casar\u00e3o abandonado h\u00e1 20 anos","author":"Elmar Bones","date":"6 de julho de 2009","format":false,"excerpt":"O casar\u00e3o amarelo, numa esquina nobre de Porto Alegre (Ven\u00e2ncio Aires com Jo\u00e3o Pessoa), j\u00e1 abrigou uma escola. H\u00e1 duas d\u00e9cadas, pelo menos, est\u00e1 abandonado, porque seu propriet\u00e1rio, o governo do Estado do Rio Grande do Sul, n\u00e3o consegue achar um destino para ele. Planos n\u00e3o faltaram. O governador Ol\u00edvio\u2026","rel":"","context":"Em &quot;X.Categorias velhas&quot;","block_context":{"text":"X.Categorias velhas","link":"https:\/\/www.jornalja.com.br\/arquivo\/category\/x-categorias-velhas\/"},"img":{"alt_text":"geraldo1","src":"https:\/\/i0.wp.com\/www.jornalja.com.br\/wp-content\/uploads\/2009\/07\/geraldo1.jpg?resize=350%2C200&ssl=1","width":350,"height":200},"classes":[]},{"id":13124,"url":"https:\/\/www.jornalja.com.br\/arquivo\/sangue-latino-no-iecine\/","url_meta":{"origin":46851,"position":1},"title":"Sangue latino no IECINE","author":"da Reda\u00e7\u00e3o","date":"18 de maio de 2014","format":false,"excerpt":"Francisco Ribeiro O Instituto Estadual de Cinema (IECINE) tem a frente, desde abril \u00faltimo, um novo diretor, o cineasta colombiano Juan Zapata, 36, que substitui Luiz Alberto Cassol. Radicado h\u00e1 dez anos em Porto Alegre, Zapata tem diante de si o desafio de conduzir at\u00e9 o final do ano um\u2026","rel":"","context":"Em &quot;Cultura-Geral&quot;","block_context":{"text":"Cultura-Geral","link":"https:\/\/www.jornalja.com.br\/arquivo\/category\/materiasecundaria\/"},"img":{"alt_text":"","src":"","width":0,"height":0},"classes":[]},{"id":14241,"url":"https:\/\/www.jornalja.com.br\/arquivo\/o-guaiba-nas-imagens-poeticas-de-achutti\/","url_meta":{"origin":46851,"position":2},"title":"O Gua\u00edba nas imagens po\u00e9ticas de Achutti","author":"da Reda\u00e7\u00e3o","date":"18 de junho de 2014","format":false,"excerpt":"Em \u201cO Gua\u00edba por Achutti\u201d \u2013 obra financiada via Minist\u00e9rio da Cultura, produ\u00e7\u00e3o executiva de Pedro Longhi, e Fl\u00e1vio Wild como designer \u2013, o fot\u00f3grafo revela a beleza e as mazelas de um espa\u00e7o aqu\u00e1tico de \u00e1guas sempre renovadas, cheio de hist\u00f3rias e lendas como as das cidades que foram\u2026","rel":"","context":"Em &quot;Cultura-Geral&quot;","block_context":{"text":"Cultura-Geral","link":"https:\/\/www.jornalja.com.br\/arquivo\/category\/materiasecundaria\/"},"img":{"alt_text":"","src":"","width":0,"height":0},"classes":[]},{"id":13240,"url":"https:\/\/www.jornalja.com.br\/arquivo\/plano-diretor-estamos-construindo-o-caos\/","url_meta":{"origin":46851,"position":3},"title":"Plano diretor: &quot;Estamos construindo o caos&quot;","author":"Patr\u00edcia Marini","date":"26 de maio de 2014","format":false,"excerpt":"Desabafo que arquiteta Eliana Castilhos, delegada da Regi\u00e3o de Planejamento 1, postou nas redes sociais \u00e9 um testemunho do ambiente que se criou no Conselho do Plano Diretor de Porto Alegre, onde a aprova\u00e7\u00e3o de grandes empreendimentos \u00e9 empurrada guela abaixo dos conselheiros. Ao CMDUA Como delegada da Regi\u00e3o de\u2026","rel":"","context":"Em &quot;Geral&quot;","block_context":{"text":"Geral","link":"https:\/\/www.jornalja.com.br\/arquivo\/category\/geral\/"},"img":{"alt_text":"","src":"","width":0,"height":0},"classes":[]}],"jetpack_shortlink":"https:\/\/wp.me\/pbQjBd-cbF","jetpack_featured_media_url":"","_links":{"self":[{"href":"https:\/\/www.jornalja.com.br\/arquivo\/wp-json\/wp\/v2\/posts\/46851","targetHints":{"allow":["GET"]}}],"collection":[{"href":"https:\/\/www.jornalja.com.br\/arquivo\/wp-json\/wp\/v2\/posts"}],"about":[{"href":"https:\/\/www.jornalja.com.br\/arquivo\/wp-json\/wp\/v2\/types\/post"}],"author":[{"embeddable":true,"href":"https:\/\/www.jornalja.com.br\/arquivo\/wp-json\/wp\/v2\/users\/4"}],"replies":[{"embeddable":true,"href":"https:\/\/www.jornalja.com.br\/arquivo\/wp-json\/wp\/v2\/comments?post=46851"}],"version-history":[{"count":0,"href":"https:\/\/www.jornalja.com.br\/arquivo\/wp-json\/wp\/v2\/posts\/46851\/revisions"}],"wp:attachment":[{"href":"https:\/\/www.jornalja.com.br\/arquivo\/wp-json\/wp\/v2\/media?parent=46851"}],"wp:term":[{"taxonomy":"category","embeddable":true,"href":"https:\/\/www.jornalja.com.br\/arquivo\/wp-json\/wp\/v2\/categories?post=46851"},{"taxonomy":"post_tag","embeddable":true,"href":"https:\/\/www.jornalja.com.br\/arquivo\/wp-json\/wp\/v2\/tags?post=46851"}],"curies":[{"name":"wp","href":"https:\/\/api.w.org\/{rel}","templated":true}]}}