{"id":46860,"date":"2017-04-06T16:17:19","date_gmt":"2017-04-06T19:17:19","guid":{"rendered":"https:\/\/www.jornalja.com.br\/?p=46860"},"modified":"2017-04-06T16:17:19","modified_gmt":"2017-04-06T19:17:19","slug":"governo-nao-descarta-hipotese-de-plebiscito-para-privatizar-estatais","status":"publish","type":"post","link":"https:\/\/www.jornalja.com.br\/arquivo\/governo-nao-descarta-hipotese-de-plebiscito-para-privatizar-estatais\/","title":{"rendered":"Governo n\u00e3o descarta hip\u00f3tese de plebiscito para privatizar estatais"},"content":{"rendered":"<p style=\"margin-bottom: 19.5pt\"><span style=\"font-size: 11.5pt;font-family: 'Helvetica','sans-serif';color: #333333\">O Governador Jos\u00e9 Ivo Sartori ainda n\u00e3o tem os votos suficientes para aprovar o projeto que retira a obrigatoriedade de plebiscito para a extin\u00e7\u00e3o da CEEE, CRM e Sulg\u00e1s.<\/span><\/p>\n<p style=\"margin-bottom: 19.5pt;text-align: start\"><span style=\"font-size: 11.5pt;font-family: 'Helvetica','sans-serif';color: #333333\">H\u00e1 dez dias, \u00a0o governo tinha 26 votos garantidos, \u00a0hoje teria no m\u00e1ximo 29 votos, dos 33 que precisa para aprova\u00e7\u00e3o do projeto, a PEC 259\/16.<\/span><\/p>\n<p style=\"margin-bottom: 19.5pt;text-align: start\"><span style=\"font-size: 11.5pt;font-family: 'Helvetica','sans-serif';color: #333333\">A conta n\u00e3o \u00e9 t\u00e3o simples. O governador tem hoje, certos, os votos dos deputados de quatro partidos da\u00a0 sua base aliada: PMDB, PSB, PP e PSD, PPS e PSDB.<\/span><\/p>\n<p style=\"margin-bottom: 19.5pt;text-align: start\"><span style=\"font-size: 11.5pt;font-family: 'Helvetica','sans-serif';color: #333333\">Ao todo eles somam 24 votos. Os votos do deputados Mission\u00e1rio Volnei (PR) e S\u00e9rgio Peres (PRB) tamb\u00e9m est\u00e3o na soma.<\/span><\/p>\n<p style=\"margin-bottom: 19.5pt;text-align: start\"><span style=\"font-size: 11.5pt;font-family: 'Helvetica','sans-serif';color: #333333\">Faltariam sete votos de 16 poss\u00edveis, j\u00e1 que PT, PSOL e PC do B ( que somam 14) s\u00e3o contra o projeto. O PDT, que j\u00e1 votou a favor do governo em outros projetos j\u00e1 se posicionou contra este.<\/span><\/p>\n<p style=\"margin-bottom: 19.5pt;text-align: start\"><span style=\"font-size: 11.5pt;font-family: 'Helvetica','sans-serif';color: #333333\">A reportagem consultou todos os sete deputados da bancada. De Gerson Burmann n\u00e3o obteve uma posi\u00e7\u00e3o, Marlon Santos ainda n\u00e3o tem opini\u00e3o e o restante disse ser contra.<\/span><\/p>\n<p style=\"margin-bottom: 19.5pt;text-align: start\"><span style=\"font-size: 11.5pt;font-family: 'Helvetica','sans-serif';color: #333333\">O deputado Gilmar Sossella, l\u00edder da bancada garante que o PDT todo votar\u00e1 contra. &#8220;Essa emenda que exige o plebiscito foi de autoria do PDT , essa \u00e9 uma posi\u00e7\u00e3o antiga do nosso partido&#8221;, disse ele.<\/span><\/p>\n<p style=\"margin-bottom: 19.5pt;text-align: start\"><span style=\"font-size: 11.5pt;font-family: 'Helvetica','sans-serif';color: #333333\">Regina Becker (REDE) e Bombeiro Bianchini (PPL) tamb\u00e9m j\u00e1 se posicionaram contra o projeto.<\/span><\/p>\n<p style=\"margin-bottom: 19.5pt;text-align: start\"><span style=\"font-size: 11.5pt;font-family: 'Helvetica','sans-serif';color: #333333\">Restaria o PTB, com cinco votos e Jo\u00e3o Reinelli, do PV. Mesmo se tiver o apoio de todos esses deputados o projeto de Sartori ter\u00e1 32 votos.<\/span><\/p>\n<p style=\"margin-bottom: 19.5pt;text-align: start\"><span style=\"font-size: 11.5pt;font-family: 'Helvetica','sans-serif';color: #333333\">Um deputado da oposi\u00e7\u00e3o faz apostas: &#8220;Ele n\u00e3o passa de 30&#8221;. <\/span><\/p>\n<p style=\"margin-bottom: 19.5pt;text-align: start\"><span style=\"font-size: 11.5pt;font-family: 'Helvetica','sans-serif';color: #333333\">O apelo dram\u00e1tico que o governador Sartori fez nesta quarta-f eira, ao apresentar situa\u00e7\u00e3o das tr\u00eas estatais a serem privatizadas,\u00a0<\/span><span style=\"font-size: 11.5pt;font-family: 'Helvetica','sans-serif';color: #333333\">em entrevista coletiva no Pal\u00e1cio Piratini, indica que o governo est\u00e1 consciente das dificuldades na aprova\u00e7\u00e3o \u00a0do projeto na Assembl\u00e9ia.\u00a0<\/span><\/p>\n<p style=\"margin-bottom: 19.5pt;text-align: start\">No interior do governo, segundo uma fonte, j\u00e1 n\u00e3o se descarta mesmo a hip\u00f3tese de ter que enfrentar o plebiscito para fazer as privatiza\u00e7\u00f5es, indispens\u00e1veis para o acordo da d\u00edvida com o governo federal.<\/p>\n","protected":false},"excerpt":{"rendered":"<p>O Governador Jos\u00e9 Ivo Sartori ainda n\u00e3o tem os votos suficientes para aprovar o projeto que retira a obrigatoriedade de plebiscito para a extin\u00e7\u00e3o da CEEE, CRM e Sulg\u00e1s. H\u00e1 dez dias, \u00a0o governo tinha 26 votos garantidos, \u00a0hoje teria no m\u00e1ximo 29 votos, dos 33 que precisa para aprova\u00e7\u00e3o do projeto, a PEC 259\/16. [&hellip;]<\/p>\n","protected":false},"author":4,"featured_media":46871,"comment_status":"open","ping_status":"closed","sticky":false,"template":"","format":"standard","meta":{"_jetpack_newsletter_access":"","_jetpack_dont_email_post_to_subs":false,"_jetpack_newsletter_tier_id":0,"_jetpack_memberships_contains_paywalled_content":false,"_jetpack_feature_clip_id":0,"_jetpack_memberships_contains_paid_content":false,"footnotes":"","jetpack_post_was_ever_published":false},"categories":[26],"tags":[],"class_list":["post-46860","post","type-post","status-publish","format-standard","has-post-thumbnail","hentry","category-geral"],"aioseo_notices":[],"aioseo_head":"\n\t\t<!-- All in One SEO 5.0.1.1 - aioseo.com -->\n\t<meta name=\"robots\" content=\"max-image-preview:large\" \/>\n\t<meta name=\"author\" content=\"da Reda\u00e7\u00e3o\"\/>\n\t<link rel=\"canonical\" href=\"https:\/\/www.jornalja.com.br\/arquivo\/governo-nao-descarta-hipotese-de-plebiscito-para-privatizar-estatais\/\" \/>\n\t<meta name=\"generator\" content=\"All in One SEO (AIOSEO) 5.0.1.1\" \/>\n\t\t<meta property=\"og:locale\" content=\"pt_BR\" \/>\n\t\t<meta property=\"og:site_name\" content=\"Arquivo | Jornal J\u00c1 | Porto Alegre\" \/>\n\t\t<meta property=\"og:type\" content=\"article\" \/>\n\t\t<meta property=\"og:title\" content=\"Governo n\u00e3o descarta hip\u00f3tese de plebiscito para privatizar estatais | Arquivo\" \/>\n\t\t<meta property=\"og:url\" content=\"https:\/\/www.jornalja.com.br\/arquivo\/governo-nao-descarta-hipotese-de-plebiscito-para-privatizar-estatais\/\" \/>\n\t\t<meta property=\"og:image\" content=\"https:\/\/www.jornalja.com.br\/economics\/wp-content\/uploads\/sites\/11\/2026\/08\/ja-folhaderosto-facebook.jpg\" \/>\n\t\t<meta property=\"og:image:secure_url\" content=\"https:\/\/www.jornalja.com.br\/economics\/wp-content\/uploads\/sites\/11\/2026\/08\/ja-folhaderosto-facebook.jpg\" \/>\n\t\t<meta property=\"article:published_time\" content=\"2017-04-06T19:17:19+00:00\" \/>\n\t\t<meta property=\"article:modified_time\" content=\"2017-04-06T19:17:19+00:00\" \/>\n\t\t<meta name=\"twitter:card\" content=\"summary\" \/>\n\t\t<meta name=\"twitter:title\" content=\"Governo n\u00e3o descarta hip\u00f3tese de plebiscito para privatizar estatais | Arquivo\" \/>\n\t\t<meta name=\"twitter:image\" content=\"https:\/\/www.jornalja.com.br\/economics\/wp-content\/uploads\/sites\/11\/2026\/08\/ja-folhaderosto-facebook.jpg\" \/>\n\t\t<script type=\"application\/ld+json\" class=\"aioseo-schema\">\n\t\t\t{\"@context\":\"https:\\\/\\\/schema.org\",\"@graph\":[{\"@type\":\"BlogPosting\",\"@id\":\"https:\\\/\\\/www.jornalja.com.br\\\/arquivo\\\/governo-nao-descarta-hipotese-de-plebiscito-para-privatizar-estatais\\\/#blogposting\",\"name\":\"Governo n\\u00e3o descarta hip\\u00f3tese de plebiscito para privatizar estatais | Arquivo\",\"headline\":\"Governo n\\u00e3o descarta hip\\u00f3tese de plebiscito para privatizar estatais\",\"author\":{\"@id\":\"https:\\\/\\\/www.jornalja.com.br\\\/arquivo\\\/author\\\/daredacao\\\/#author\"},\"publisher\":{\"@id\":\"https:\\\/\\\/www.jornalja.com.br\\\/arquivo\\\/#organization\"},\"image\":{\"@type\":\"ImageObject\",\"url\":46871},\"datePublished\":\"2017-04-06T16:17:19-03:00\",\"dateModified\":\"2017-04-06T16:17:19-03:00\",\"inLanguage\":\"pt-BR\",\"mainEntityOfPage\":{\"@id\":\"https:\\\/\\\/www.jornalja.com.br\\\/arquivo\\\/governo-nao-descarta-hipotese-de-plebiscito-para-privatizar-estatais\\\/#webpage\"},\"isPartOf\":{\"@id\":\"https:\\\/\\\/www.jornalja.com.br\\\/arquivo\\\/governo-nao-descarta-hipotese-de-plebiscito-para-privatizar-estatais\\\/#webpage\"},\"articleSection\":\"Geral\"},{\"@type\":\"BreadcrumbList\",\"@id\":\"https:\\\/\\\/www.jornalja.com.br\\\/arquivo\\\/governo-nao-descarta-hipotese-de-plebiscito-para-privatizar-estatais\\\/#breadcrumblist\",\"itemListElement\":[{\"@type\":\"ListItem\",\"@id\":\"https:\\\/\\\/www.jornalja.com.br\\\/arquivo#listItem\",\"position\":1,\"name\":\"Home\",\"item\":\"https:\\\/\\\/www.jornalja.com.br\\\/arquivo\",\"nextItem\":{\"@type\":\"ListItem\",\"@id\":\"https:\\\/\\\/www.jornalja.com.br\\\/arquivo\\\/category\\\/geral\\\/#listItem\",\"name\":\"Geral\"}},{\"@type\":\"ListItem\",\"@id\":\"https:\\\/\\\/www.jornalja.com.br\\\/arquivo\\\/category\\\/geral\\\/#listItem\",\"position\":2,\"name\":\"Geral\",\"item\":\"https:\\\/\\\/www.jornalja.com.br\\\/arquivo\\\/category\\\/geral\\\/\",\"nextItem\":{\"@type\":\"ListItem\",\"@id\":\"https:\\\/\\\/www.jornalja.com.br\\\/arquivo\\\/governo-nao-descarta-hipotese-de-plebiscito-para-privatizar-estatais\\\/#listItem\",\"name\":\"Governo n\\u00e3o descarta hip\\u00f3tese de plebiscito para privatizar estatais\"},\"previousItem\":{\"@type\":\"ListItem\",\"@id\":\"https:\\\/\\\/www.jornalja.com.br\\\/arquivo#listItem\",\"name\":\"Home\"}},{\"@type\":\"ListItem\",\"@id\":\"https:\\\/\\\/www.jornalja.com.br\\\/arquivo\\\/governo-nao-descarta-hipotese-de-plebiscito-para-privatizar-estatais\\\/#listItem\",\"position\":3,\"name\":\"Governo n\\u00e3o descarta hip\\u00f3tese de plebiscito para privatizar estatais\",\"previousItem\":{\"@type\":\"ListItem\",\"@id\":\"https:\\\/\\\/www.jornalja.com.br\\\/arquivo\\\/category\\\/geral\\\/#listItem\",\"name\":\"Geral\"}}]},{\"@type\":\"Organization\",\"@id\":\"https:\\\/\\\/www.jornalja.com.br\\\/arquivo\\\/#organization\",\"name\":\"Jornal J\\u00c1\",\"description\":\"Jornal J\\u00c1 | Porto Alegre\",\"url\":\"https:\\\/\\\/www.jornalja.com.br\\\/arquivo\\\/\",\"telephone\":\"+555133307272\",\"logo\":{\"@type\":\"ImageObject\",\"url\":\"https:\\\/\\\/www.jornalja.com.br\\\/wp-content\\\/uploads\\\/cards\\\/JAslogan.png\",\"@id\":\"https:\\\/\\\/www.jornalja.com.br\\\/arquivo\\\/governo-nao-descarta-hipotese-de-plebiscito-para-privatizar-estatais\\\/#organizationLogo\"},\"image\":{\"@id\":\"https:\\\/\\\/www.jornalja.com.br\\\/arquivo\\\/governo-nao-descarta-hipotese-de-plebiscito-para-privatizar-estatais\\\/#organizationLogo\"}},{\"@type\":\"Person\",\"@id\":\"https:\\\/\\\/www.jornalja.com.br\\\/arquivo\\\/author\\\/daredacao\\\/#author\",\"url\":\"https:\\\/\\\/www.jornalja.com.br\\\/arquivo\\\/author\\\/daredacao\\\/\",\"name\":\"da Reda\\u00e7\\u00e3o\",\"image\":{\"@type\":\"ImageObject\",\"@id\":\"https:\\\/\\\/www.jornalja.com.br\\\/arquivo\\\/governo-nao-descarta-hipotese-de-plebiscito-para-privatizar-estatais\\\/#authorImage\",\"url\":\"https:\\\/\\\/secure.gravatar.com\\\/avatar\\\/469fd857d6605ad19919d27ed29d35a968a25f6e8fd9318356bbb7f57aae9c65?s=96&d=mm&r=g\",\"width\":96,\"height\":96,\"caption\":\"da Reda\\u00e7\\u00e3o\"}},{\"@type\":\"WebPage\",\"@id\":\"https:\\\/\\\/www.jornalja.com.br\\\/arquivo\\\/governo-nao-descarta-hipotese-de-plebiscito-para-privatizar-estatais\\\/#webpage\",\"url\":\"https:\\\/\\\/www.jornalja.com.br\\\/arquivo\\\/governo-nao-descarta-hipotese-de-plebiscito-para-privatizar-estatais\\\/\",\"name\":\"Governo n\\u00e3o descarta hip\\u00f3tese de plebiscito para privatizar estatais | Arquivo\",\"inLanguage\":\"pt-BR\",\"isPartOf\":{\"@id\":\"https:\\\/\\\/www.jornalja.com.br\\\/arquivo\\\/#website\"},\"breadcrumb\":{\"@id\":\"https:\\\/\\\/www.jornalja.com.br\\\/arquivo\\\/governo-nao-descarta-hipotese-de-plebiscito-para-privatizar-estatais\\\/#breadcrumblist\"},\"author\":{\"@id\":\"https:\\\/\\\/www.jornalja.com.br\\\/arquivo\\\/author\\\/daredacao\\\/#author\"},\"creator\":{\"@id\":\"https:\\\/\\\/www.jornalja.com.br\\\/arquivo\\\/author\\\/daredacao\\\/#author\"},\"image\":{\"@type\":\"ImageObject\",\"url\":46871,\"@id\":\"https:\\\/\\\/www.jornalja.com.br\\\/arquivo\\\/governo-nao-descarta-hipotese-de-plebiscito-para-privatizar-estatais\\\/#mainImage\"},\"primaryImageOfPage\":{\"@id\":\"https:\\\/\\\/www.jornalja.com.br\\\/arquivo\\\/governo-nao-descarta-hipotese-de-plebiscito-para-privatizar-estatais\\\/#mainImage\"},\"datePublished\":\"2017-04-06T16:17:19-03:00\",\"dateModified\":\"2017-04-06T16:17:19-03:00\"},{\"@type\":\"WebSite\",\"@id\":\"https:\\\/\\\/www.jornalja.com.br\\\/arquivo\\\/#website\",\"url\":\"https:\\\/\\\/www.jornalja.com.br\\\/arquivo\\\/\",\"name\":\"Arquivo\",\"description\":\"Jornal J\\u00c1 | Porto Alegre\",\"inLanguage\":\"pt-BR\",\"publisher\":{\"@id\":\"https:\\\/\\\/www.jornalja.com.br\\\/arquivo\\\/#organization\"}}]}\n\t\t<\/script>\n\t\t<!-- All in One SEO -->\n\n","aioseo_head_json":{"title":"Governo n\u00e3o descarta hip\u00f3tese de plebiscito para privatizar estatais | Arquivo","description":"","canonical_url":"https:\/\/www.jornalja.com.br\/arquivo\/governo-nao-descarta-hipotese-de-plebiscito-para-privatizar-estatais\/","robots":"max-image-preview:large","keywords":"","webmasterTools":{"miscellaneous":""},"schema":{"@context":"https:\/\/schema.org","@graph":[{"@type":"BlogPosting","@id":"https:\/\/www.jornalja.com.br\/arquivo\/governo-nao-descarta-hipotese-de-plebiscito-para-privatizar-estatais\/#blogposting","name":"Governo n\u00e3o descarta hip\u00f3tese de plebiscito para privatizar estatais | Arquivo","headline":"Governo n\u00e3o descarta hip\u00f3tese de plebiscito para privatizar estatais","author":{"@id":"https:\/\/www.jornalja.com.br\/arquivo\/author\/daredacao\/#author"},"publisher":{"@id":"https:\/\/www.jornalja.com.br\/arquivo\/#organization"},"image":{"@type":"ImageObject","url":46871},"datePublished":"2017-04-06T16:17:19-03:00","dateModified":"2017-04-06T16:17:19-03:00","inLanguage":"pt-BR","mainEntityOfPage":{"@id":"https:\/\/www.jornalja.com.br\/arquivo\/governo-nao-descarta-hipotese-de-plebiscito-para-privatizar-estatais\/#webpage"},"isPartOf":{"@id":"https:\/\/www.jornalja.com.br\/arquivo\/governo-nao-descarta-hipotese-de-plebiscito-para-privatizar-estatais\/#webpage"},"articleSection":"Geral"},{"@type":"BreadcrumbList","@id":"https:\/\/www.jornalja.com.br\/arquivo\/governo-nao-descarta-hipotese-de-plebiscito-para-privatizar-estatais\/#breadcrumblist","itemListElement":[{"@type":"ListItem","@id":"https:\/\/www.jornalja.com.br\/arquivo#listItem","position":1,"name":"Home","item":"https:\/\/www.jornalja.com.br\/arquivo","nextItem":{"@type":"ListItem","@id":"https:\/\/www.jornalja.com.br\/arquivo\/category\/geral\/#listItem","name":"Geral"}},{"@type":"ListItem","@id":"https:\/\/www.jornalja.com.br\/arquivo\/category\/geral\/#listItem","position":2,"name":"Geral","item":"https:\/\/www.jornalja.com.br\/arquivo\/category\/geral\/","nextItem":{"@type":"ListItem","@id":"https:\/\/www.jornalja.com.br\/arquivo\/governo-nao-descarta-hipotese-de-plebiscito-para-privatizar-estatais\/#listItem","name":"Governo n\u00e3o descarta hip\u00f3tese de plebiscito para privatizar estatais"},"previousItem":{"@type":"ListItem","@id":"https:\/\/www.jornalja.com.br\/arquivo#listItem","name":"Home"}},{"@type":"ListItem","@id":"https:\/\/www.jornalja.com.br\/arquivo\/governo-nao-descarta-hipotese-de-plebiscito-para-privatizar-estatais\/#listItem","position":3,"name":"Governo n\u00e3o descarta hip\u00f3tese de plebiscito para privatizar estatais","previousItem":{"@type":"ListItem","@id":"https:\/\/www.jornalja.com.br\/arquivo\/category\/geral\/#listItem","name":"Geral"}}]},{"@type":"Organization","@id":"https:\/\/www.jornalja.com.br\/arquivo\/#organization","name":"Jornal J\u00c1","description":"Jornal J\u00c1 | Porto Alegre","url":"https:\/\/www.jornalja.com.br\/arquivo\/","telephone":"+555133307272","logo":{"@type":"ImageObject","url":"https:\/\/www.jornalja.com.br\/wp-content\/uploads\/cards\/JAslogan.png","@id":"https:\/\/www.jornalja.com.br\/arquivo\/governo-nao-descarta-hipotese-de-plebiscito-para-privatizar-estatais\/#organizationLogo"},"image":{"@id":"https:\/\/www.jornalja.com.br\/arquivo\/governo-nao-descarta-hipotese-de-plebiscito-para-privatizar-estatais\/#organizationLogo"}},{"@type":"Person","@id":"https:\/\/www.jornalja.com.br\/arquivo\/author\/daredacao\/#author","url":"https:\/\/www.jornalja.com.br\/arquivo\/author\/daredacao\/","name":"da Reda\u00e7\u00e3o","image":{"@type":"ImageObject","@id":"https:\/\/www.jornalja.com.br\/arquivo\/governo-nao-descarta-hipotese-de-plebiscito-para-privatizar-estatais\/#authorImage","url":"https:\/\/secure.gravatar.com\/avatar\/469fd857d6605ad19919d27ed29d35a968a25f6e8fd9318356bbb7f57aae9c65?s=96&d=mm&r=g","width":96,"height":96,"caption":"da Reda\u00e7\u00e3o"}},{"@type":"WebPage","@id":"https:\/\/www.jornalja.com.br\/arquivo\/governo-nao-descarta-hipotese-de-plebiscito-para-privatizar-estatais\/#webpage","url":"https:\/\/www.jornalja.com.br\/arquivo\/governo-nao-descarta-hipotese-de-plebiscito-para-privatizar-estatais\/","name":"Governo n\u00e3o descarta hip\u00f3tese de plebiscito para privatizar estatais | Arquivo","inLanguage":"pt-BR","isPartOf":{"@id":"https:\/\/www.jornalja.com.br\/arquivo\/#website"},"breadcrumb":{"@id":"https:\/\/www.jornalja.com.br\/arquivo\/governo-nao-descarta-hipotese-de-plebiscito-para-privatizar-estatais\/#breadcrumblist"},"author":{"@id":"https:\/\/www.jornalja.com.br\/arquivo\/author\/daredacao\/#author"},"creator":{"@id":"https:\/\/www.jornalja.com.br\/arquivo\/author\/daredacao\/#author"},"image":{"@type":"ImageObject","url":46871,"@id":"https:\/\/www.jornalja.com.br\/arquivo\/governo-nao-descarta-hipotese-de-plebiscito-para-privatizar-estatais\/#mainImage"},"primaryImageOfPage":{"@id":"https:\/\/www.jornalja.com.br\/arquivo\/governo-nao-descarta-hipotese-de-plebiscito-para-privatizar-estatais\/#mainImage"},"datePublished":"2017-04-06T16:17:19-03:00","dateModified":"2017-04-06T16:17:19-03:00"},{"@type":"WebSite","@id":"https:\/\/www.jornalja.com.br\/arquivo\/#website","url":"https:\/\/www.jornalja.com.br\/arquivo\/","name":"Arquivo","description":"Jornal J\u00c1 | Porto Alegre","inLanguage":"pt-BR","publisher":{"@id":"https:\/\/www.jornalja.com.br\/arquivo\/#organization"}}]},"og:locale":"pt_BR","og:site_name":"Arquivo | Jornal J\u00c1 | Porto Alegre","og:type":"article","og:title":"Governo n\u00e3o descarta hip\u00f3tese de plebiscito para privatizar estatais | Arquivo","og:url":"https:\/\/www.jornalja.com.br\/arquivo\/governo-nao-descarta-hipotese-de-plebiscito-para-privatizar-estatais\/","og:image":"https:\/\/www.jornalja.com.br\/economics\/wp-content\/uploads\/sites\/11\/2026\/08\/ja-folhaderosto-facebook.jpg","og:image:secure_url":"https:\/\/www.jornalja.com.br\/economics\/wp-content\/uploads\/sites\/11\/2026\/08\/ja-folhaderosto-facebook.jpg","article:published_time":"2017-04-06T19:17:19+00:00","article:modified_time":"2017-04-06T19:17:19+00:00","twitter:card":"summary","twitter:title":"Governo n\u00e3o descarta hip\u00f3tese de plebiscito para privatizar estatais | Arquivo","twitter:image":"https:\/\/www.jornalja.com.br\/economics\/wp-content\/uploads\/sites\/11\/2026\/08\/ja-folhaderosto-facebook.jpg"},"aioseo_meta_data":{"post_id":"46860","title":null,"description":null,"keywords":null,"keyphrases":null,"primary_term":null,"canonical_url":null,"og_title":null,"og_description":null,"og_object_type":"default","og_image_type":"default","og_image_url":null,"og_image_width":null,"og_image_height":null,"og_image_custom_url":null,"og_image_custom_fields":null,"og_video":null,"og_custom_url":null,"og_article_section":null,"og_article_tags":null,"twitter_use_og":false,"twitter_card":"default","twitter_image_type":"default","twitter_image_url":null,"twitter_image_custom_url":null,"twitter_image_custom_fields":null,"twitter_title":null,"twitter_description":null,"schema":{"blockGraphs":[],"customGraphs":[],"default":{"data":{"Article":[],"Course":[],"Dataset":[],"FAQPage":[],"Movie":[],"Person":[],"Product":[],"ProductReview":[],"Car":[],"Recipe":[],"Service":[],"SoftwareApplication":[],"WebPage":[]},"graphName":"","isEnabled":true},"graphs":[],"defaultGraph":"","defaultPostTypeGraph":""},"schema_type":null,"schema_type_options":null,"pillar_content":false,"robots_default":true,"robots_noindex":false,"robots_noarchive":false,"robots_nosnippet":false,"robots_nofollow":false,"robots_noimageindex":false,"robots_noodp":false,"robots_notranslate":false,"robots_max_snippet":null,"robots_max_videopreview":null,"robots_max_imagepreview":"large","priority":null,"frequency":null,"location":null,"local_seo":null,"breadcrumb_settings":null,"limit_modified_date":false,"ai":null,"created":"2020-12-20 20:37:39","updated":"2025-07-19 20:51:44","seo_analyzer_scan_date":null,"focus_keyword":null,"additional_keywords":null,"truseo_locale":null},"jetpack_sharing_enabled":true,"jetpack-related-posts":[{"id":13239,"url":"https:\/\/www.jornalja.com.br\/arquivo\/conselho-desdenha-do-plano-diretor\/","url_meta":{"origin":46860,"position":0},"title":"Porto Alegre: Conselho detona Plano Diretor","author":"Patr\u00edcia Marini","date":"25 de maio de 2014","format":false,"excerpt":"Den\u00fancia do arquiteto e \u00a0urbanista Ibir\u00e1 Santos Lucas. Ele diz que os conselheiros est\u00e3o votando com \"enorme irresponsabilidade\". \"Mudam regime com a maior naturalidade,,,regularizam absurdos de constru\u00e7\u00f5es irregulares... \"O CMDUA est\u00e1 flexibilizando a lei do plano diretor, de uma forma impactante na vida da cidade. Mudam regime com a maior\u2026","rel":"","context":"Em &quot;Geral&quot;","block_context":{"text":"Geral","link":"https:\/\/www.jornalja.com.br\/arquivo\/category\/geral\/"},"img":{"alt_text":"","src":"","width":0,"height":0},"classes":[]},{"id":13240,"url":"https:\/\/www.jornalja.com.br\/arquivo\/plano-diretor-estamos-construindo-o-caos\/","url_meta":{"origin":46860,"position":1},"title":"Plano diretor: &quot;Estamos construindo o caos&quot;","author":"Patr\u00edcia Marini","date":"26 de maio de 2014","format":false,"excerpt":"Desabafo que arquiteta Eliana Castilhos, delegada da Regi\u00e3o de Planejamento 1, postou nas redes sociais \u00e9 um testemunho do ambiente que se criou no Conselho do Plano Diretor de Porto Alegre, onde a aprova\u00e7\u00e3o de grandes empreendimentos \u00e9 empurrada guela abaixo dos conselheiros. Ao CMDUA Como delegada da Regi\u00e3o de\u2026","rel":"","context":"Em &quot;Geral&quot;","block_context":{"text":"Geral","link":"https:\/\/www.jornalja.com.br\/arquivo\/category\/geral\/"},"img":{"alt_text":"","src":"","width":0,"height":0},"classes":[]},{"id":13109,"url":"https:\/\/www.jornalja.com.br\/arquivo\/judiciario-reconhece-poluicao-eletromagnetica\/","url_meta":{"origin":46860,"position":2},"title":"Judici\u00e1rio reconhece polui\u00e7\u00e3o eletromagn\u00e9tica","author":"Patr\u00edcia Marini","date":"16 de maio de 2014","format":false,"excerpt":"A\u00e7\u00e3o de duas associa\u00e7\u00f5es de moradores foi acolhida pelo Tribunal de Justi\u00e7a de S\u00e3o Paulo que. em decis\u00e3o in\u00e9dita, determinou a redu\u00e7\u00e3o do campo eletromagn\u00e9tico gerado pelas linhas de transmiss\u00e3o de energia que cortam os bairros City Boa\u00e7ava e Alto de Pinheiros. \u00c9 a primeira vez que um tribunal do\u2026","rel":"","context":"Em &quot;X.Categorias velhas&quot;","block_context":{"text":"X.Categorias velhas","link":"https:\/\/www.jornalja.com.br\/arquivo\/category\/x-categorias-velhas\/"},"img":{"alt_text":"","src":"","width":0,"height":0},"classes":[]},{"id":5440,"url":"https:\/\/www.jornalja.com.br\/arquivo\/casarao-da-venancio-destino-permanece-incerto\/","url_meta":{"origin":46860,"position":3},"title":"Estado ainda n\u00e3o sabe o que fazer com casar\u00e3o abandonado h\u00e1 20 anos","author":"Elmar Bones","date":"6 de julho de 2009","format":false,"excerpt":"O casar\u00e3o amarelo, numa esquina nobre de Porto Alegre (Ven\u00e2ncio Aires com Jo\u00e3o Pessoa), j\u00e1 abrigou uma escola. H\u00e1 duas d\u00e9cadas, pelo menos, est\u00e1 abandonado, porque seu propriet\u00e1rio, o governo do Estado do Rio Grande do Sul, n\u00e3o consegue achar um destino para ele. Planos n\u00e3o faltaram. O governador Ol\u00edvio\u2026","rel":"","context":"Em &quot;X.Categorias velhas&quot;","block_context":{"text":"X.Categorias velhas","link":"https:\/\/www.jornalja.com.br\/arquivo\/category\/x-categorias-velhas\/"},"img":{"alt_text":"geraldo1","src":"https:\/\/i0.wp.com\/www.jornalja.com.br\/wp-content\/uploads\/2009\/07\/geraldo1.jpg?resize=350%2C200&ssl=1","width":350,"height":200},"classes":[]},{"id":13128,"url":"https:\/\/www.jornalja.com.br\/arquivo\/maconha-terra-diz-que-uso-medicinal-e-desculpa\/","url_meta":{"origin":46860,"position":4},"title":"Maconha: Terra diz que uso medicinal \u00e9 desculpa","author":"Patr\u00edcia Marini","date":"4 de junho de 2014","format":false,"excerpt":"A condi\u00e7\u00e3o de pol\u00edtico, em \u00e9poca de campanha de campanha eleitoral, tira for\u00e7a do discurso do m\u00e9dico Osmar Terra contra a legaliza\u00e7\u00e3o da maconha. A tese dele de que a libera\u00e7\u00e3o vai ampliar exponencialmente o consumo \u00e9 discutivel, o consumo \u00e9 corrente. Mas seus alertas quanto aos riscos tem que\u2026","rel":"","context":"Em &quot;X.Categorias velhas&quot;","block_context":{"text":"X.Categorias velhas","link":"https:\/\/www.jornalja.com.br\/arquivo\/category\/x-categorias-velhas\/"},"img":{"alt_text":"","src":"","width":0,"height":0},"classes":[]},{"id":13124,"url":"https:\/\/www.jornalja.com.br\/arquivo\/sangue-latino-no-iecine\/","url_meta":{"origin":46860,"position":5},"title":"Sangue latino no IECINE","author":"da Reda\u00e7\u00e3o","date":"18 de maio de 2014","format":false,"excerpt":"Francisco Ribeiro O Instituto Estadual de Cinema (IECINE) tem a frente, desde abril \u00faltimo, um novo diretor, o cineasta colombiano Juan Zapata, 36, que substitui Luiz Alberto Cassol. Radicado h\u00e1 dez anos em Porto Alegre, Zapata tem diante de si o desafio de conduzir at\u00e9 o final do ano um\u2026","rel":"","context":"Em &quot;Cultura-Geral&quot;","block_context":{"text":"Cultura-Geral","link":"https:\/\/www.jornalja.com.br\/arquivo\/category\/materiasecundaria\/"},"img":{"alt_text":"","src":"","width":0,"height":0},"classes":[]}],"jetpack_shortlink":"https:\/\/wp.me\/pbQjBd-cbO","jetpack_featured_media_url":"","_links":{"self":[{"href":"https:\/\/www.jornalja.com.br\/arquivo\/wp-json\/wp\/v2\/posts\/46860","targetHints":{"allow":["GET"]}}],"collection":[{"href":"https:\/\/www.jornalja.com.br\/arquivo\/wp-json\/wp\/v2\/posts"}],"about":[{"href":"https:\/\/www.jornalja.com.br\/arquivo\/wp-json\/wp\/v2\/types\/post"}],"author":[{"embeddable":true,"href":"https:\/\/www.jornalja.com.br\/arquivo\/wp-json\/wp\/v2\/users\/4"}],"replies":[{"embeddable":true,"href":"https:\/\/www.jornalja.com.br\/arquivo\/wp-json\/wp\/v2\/comments?post=46860"}],"version-history":[{"count":0,"href":"https:\/\/www.jornalja.com.br\/arquivo\/wp-json\/wp\/v2\/posts\/46860\/revisions"}],"wp:attachment":[{"href":"https:\/\/www.jornalja.com.br\/arquivo\/wp-json\/wp\/v2\/media?parent=46860"}],"wp:term":[{"taxonomy":"category","embeddable":true,"href":"https:\/\/www.jornalja.com.br\/arquivo\/wp-json\/wp\/v2\/categories?post=46860"},{"taxonomy":"post_tag","embeddable":true,"href":"https:\/\/www.jornalja.com.br\/arquivo\/wp-json\/wp\/v2\/tags?post=46860"}],"curies":[{"name":"wp","href":"https:\/\/api.w.org\/{rel}","templated":true}]}}