{"id":46884,"date":"2017-04-06T21:33:09","date_gmt":"2017-04-07T00:33:09","guid":{"rendered":"https:\/\/www.jornalja.com.br\/?p=46884"},"modified":"2017-04-06T21:33:09","modified_gmt":"2017-04-07T00:33:09","slug":"gazeta-do-povo-acaba-com-edicao-impressa-um-ano-antes-do-centenario","status":"publish","type":"post","link":"https:\/\/www.jornalja.com.br\/arquivo\/gazeta-do-povo-acaba-com-edicao-impressa-um-ano-antes-do-centenario\/","title":{"rendered":"Gazeta do Povo acaba com edi\u00e7\u00e3o impressa um ano antes do centen\u00e1rio"},"content":{"rendered":"<p>Aos 99 anos, a Gazeta do Povo, o mais antigo jornal di\u00e1rio do Paran\u00e1, anuncia que sua \u00faltima di\u00e7\u00e3o impressa circular\u00e1 dia 31 de maio. Em 30 de abril, entra em opera\u00e7\u00e3o um novo site.<br \/>\nO principal foco da reforma \u00e9 o leitor digital em plataformas m\u00f3veis &#8211; smart phones e tablets. E\u00a0os assinantes poder\u00e3o ver quais foram os conte\u00fados acessados por seus contatos nas redes sociais e qual tipo de intera\u00e7\u00e3o ocorreu.<br \/>\n&#8220;A nova Gazeta do Povo ser\u00e1 georreferenciada, entregando seu notici\u00e1rio, an\u00e1lises, colunas e blogs direcionados conforme os interesses de seus leitores e o local em que estejam, seja em Curitiba ou em qualquer lugar do Brasil&#8221;, anunciou nesta quinta-feira (6) o presidente Guilherme D\u00f6ring Cunha Pereira, a lideran\u00e7as empresariais, pol\u00edticas e representantes do mercado de comunica\u00e7\u00e3o do Paran\u00e1 e do Brasil.<br \/>\nDepois de ter demitido v\u00e1rios jornalistas do impresso em extin\u00e7\u00e3o, anunciou tamb\u00e9m nomes de novos colunistas e jornalistas que passam a compor sua equipe.<br \/>\nO jornal di\u00e1rio j\u00e1 havia deixado de circular aos domingos, publicando no s\u00e1bado a edi\u00e7\u00e3o de fim de semana. Com o fim do di\u00e1rio impresso, a Gazeta do Povo passar\u00e1 a ser uma publica\u00e7\u00e3o semanal, em formato de revista. O lan\u00e7amento est\u00e1 previsto para o dia 3 de junho.<br \/>\n<strong>Investimento<\/strong><br \/>\nSegundo o grupo editorial, os investimentos para a reformula\u00e7\u00e3o tecnol\u00f3gica e em pesquisa e desenvolvimento da Gazeta do Povo somaram R$ 23 milh\u00f5es.<br \/>\n\u201cNa l\u00f3gica de produ\u00e7\u00e3o \u2018mobile first\u2019, tudo o que planejamos n\u00f3s entregamos pensando em como o leitor vai acessar esse conte\u00fado: no celular, no tablet ou no computador\u201d, disse o diretor de Reda\u00e7\u00e3o da Gazeta do Povo, Leonardo Mendes Junior. \u201cVamos manter a diversidade de vozes e o pluralismo, contribuindo para o bom debate.&#8221;<br \/>\nA\u00a0Gazeta planeja ampliar a sua cobertura jornal\u00edstica com mais jornalistas em Bras\u00edlia; no lan\u00e7amento de tr\u00eas resumos di\u00e1rios de not\u00edcias, a serem enviados por e-mail aos assinantes; e no incremento de seu aplicativo para dispositivos m\u00f3veis, com a fun\u00e7\u00e3o notifica\u00e7\u00e3o.<br \/>\nA diretora da Gazeta do Povo Jornais, Ana Am\u00e9lia Filizola, tamb\u00e9m anunciou, para o segundo semestre de 2017, a mudan\u00e7a da sede das reda\u00e7\u00f5es da Gazeta do Povo, que deixam o pr\u00e9dio na Pra\u00e7a Carlos Gomes, no Centro, e o espa\u00e7o da F\u00e1brika, no Alto da XV, e passar\u00e3o a ser agrupadas em um novo local, mais amplo e adequado \u00e0s mudan\u00e7as editoriais. \u201cTeremos o esp\u00edrito de uma startup de 100 anos\u201d, sintetizou. \u201cTenho certeza de que nossos anunciantes v\u00e3o querer suas marcas pr\u00f3ximas do nosso leitor\u201d, complementou.<br \/>\n&nbsp;<\/p>\n<h2 class=\"c-intertitulo\"><\/h2>\n","protected":false},"excerpt":{"rendered":"<p>Aos 99 anos, a Gazeta do Povo, o mais antigo jornal di\u00e1rio do Paran\u00e1, anuncia que sua \u00faltima di\u00e7\u00e3o impressa circular\u00e1 dia 31 de maio. Em 30 de abril, entra em opera\u00e7\u00e3o um novo site. O principal foco da reforma \u00e9 o leitor digital em plataformas m\u00f3veis &#8211; smart phones e tablets. E\u00a0os assinantes poder\u00e3o [&hellip;]<\/p>\n","protected":false},"author":7,"featured_media":46887,"comment_status":"open","ping_status":"closed","sticky":false,"template":"","format":"standard","meta":{"_jetpack_memberships_contains_paid_content":false,"footnotes":""},"categories":[26],"tags":[],"class_list":["post-46884","post","type-post","status-publish","format-standard","has-post-thumbnail","hentry","category-geral"],"aioseo_notices":[],"jetpack_featured_media_url":"","jetpack_sharing_enabled":true,"jetpack-related-posts":[],"jetpack_shortlink":"https:\/\/wp.me\/pbQjBd-ccc","_links":{"self":[{"href":"https:\/\/www.jornalja.com.br\/arquivo\/wp-json\/wp\/v2\/posts\/46884","targetHints":{"allow":["GET"]}}],"collection":[{"href":"https:\/\/www.jornalja.com.br\/arquivo\/wp-json\/wp\/v2\/posts"}],"about":[{"href":"https:\/\/www.jornalja.com.br\/arquivo\/wp-json\/wp\/v2\/types\/post"}],"author":[{"embeddable":true,"href":"https:\/\/www.jornalja.com.br\/arquivo\/wp-json\/wp\/v2\/users\/7"}],"replies":[{"embeddable":true,"href":"https:\/\/www.jornalja.com.br\/arquivo\/wp-json\/wp\/v2\/comments?post=46884"}],"version-history":[{"count":0,"href":"https:\/\/www.jornalja.com.br\/arquivo\/wp-json\/wp\/v2\/posts\/46884\/revisions"}],"wp:featuredmedia":[{"embeddable":true,"href":"https:\/\/www.jornalja.com.br\/arquivo\/wp-json\/"}],"wp:attachment":[{"href":"https:\/\/www.jornalja.com.br\/arquivo\/wp-json\/wp\/v2\/media?parent=46884"}],"wp:term":[{"taxonomy":"category","embeddable":true,"href":"https:\/\/www.jornalja.com.br\/arquivo\/wp-json\/wp\/v2\/categories?post=46884"},{"taxonomy":"post_tag","embeddable":true,"href":"https:\/\/www.jornalja.com.br\/arquivo\/wp-json\/wp\/v2\/tags?post=46884"}],"curies":[{"name":"wp","href":"https:\/\/api.w.org\/{rel}","templated":true}]}}