{"id":46888,"date":"2017-04-06T22:31:18","date_gmt":"2017-04-07T01:31:18","guid":{"rendered":"https:\/\/www.jornalja.com.br\/?p=46888"},"modified":"2017-04-06T22:31:18","modified_gmt":"2017-04-07T01:31:18","slug":"terceiro-ato-contra-aumento-da-passagem-acaba-com-dois-detidos-em-porto-alegre","status":"publish","type":"post","link":"https:\/\/www.jornalja.com.br\/arquivo\/terceiro-ato-contra-aumento-da-passagem-acaba-com-dois-detidos-em-porto-alegre\/","title":{"rendered":"Terceiro ato contra aumento da passagem acaba com dois detidos em Porto Alegre"},"content":{"rendered":"<p>O terceiro ato contra o aumento das passagens, realizado esta noite em Porto Alegre, terminou com dois detidos em frente ao Pa\u00e7o Municipal. O evento come\u00e7ou a reunir manifestantes por volta das 18h, hor\u00e1rio marcado pelas redes sociais.<br \/>\n<figure id=\"attachment_46891\" aria-describedby=\"caption-attachment-46891\" style=\"width: 725px\" class=\"wp-caption alignleft\"><img loading=\"lazy\" decoding=\"async\" class=\"wp-image-46891 size-full\" src=\"https:\/\/www.jornalja.com.br\/wp-content\/uploads\/2017\/04\/20170406_0001_Protesto-Contra-Aumento-das-Passagens-Porto-Alegre_por_Ramiro-Furquim__OAF9872.jpg\" alt=\"2017.04.06 - Porto Alegre\/RS\/Brasil - Protesto contra o aumento das passagens fracassa em n\u00famero de manifestantes e termina com dois detidos por pixa\u00e7\u00e3o em faixa de seguran\u00e7a. Foto: Ramiro Furquim\/Jornal J\u00e1\" width=\"725\" height=\"482\" \/><figcaption id=\"caption-attachment-46891\" class=\"wp-caption-text\">Protesto fracassou em p\u00fablico | Foto: Ramiro Furquim\/Jornal J\u00e1<\/figcaption><\/figure><br \/>\nCom bandeira de um partido e de movimentos estudantis, pouco mais de 60 manifestantes dos 300 e tantos confirmados na internet, se reuniram em raz\u00e3o do novo pre\u00e7o da tarifa, ajustado desde a \u00faltima sexta-feira (31) para R$4,05. \u00c0s 18h45, pararam de chegar mais pessoas. O fraco p\u00fablico, diferentemente de outros protestos, n\u00e3o marchou pelas ruas do centro e ficou em frente \u00e0 Prefeitura.<br \/>\n<figure id=\"attachment_46893\" aria-describedby=\"caption-attachment-46893\" style=\"width: 725px\" class=\"wp-caption alignleft\"><img loading=\"lazy\" decoding=\"async\" class=\"wp-image-46893 size-full\" src=\"https:\/\/www.jornalja.com.br\/wp-content\/uploads\/2017\/04\/20170406_0002_Protesto-Contra-Aumento-das-Passagens-Porto-Alegre_por_Ramiro-Furquim__OAF9880.jpg\" alt=\"2017.04.06 - Porto Alegre\/RS\/Brasil - Protesto contra o aumento das passagens fracassa em n\u00famero de manifestantes e termina com dois detidos por pixa\u00e7\u00e3o em faixa de seguran\u00e7a. Foto: Ramiro Furquim\/Jornal J\u00e1\" width=\"725\" height=\"482\" \/><figcaption id=\"caption-attachment-46893\" class=\"wp-caption-text\">Lambe-lambe | Foto: Ramiro Furquim\/Jornal J\u00e1<\/figcaption><\/figure><br \/>\nAli os estudantes pixaram e colaram cartazes no ch\u00e3o da Pra\u00e7a Montevideo e queimaram canos que pareciam de pl\u00e1stico e representavam uma roleta. Cantos como \u201cPra trabalhar, pra estudar mais um aumento eu n\u00e3o vou pagar\u201d eram ouvidos enquanto na escadaria da Prefeitura, 12 homens da \u201ctropa de choque\u201d da Guarda Municipal, nenhum identificado, observavam o protesto.<br \/>\n<figure id=\"attachment_46899\" aria-describedby=\"caption-attachment-46899\" style=\"width: 725px\" class=\"wp-caption alignleft\"><img loading=\"lazy\" decoding=\"async\" class=\"size-full wp-image-46899\" src=\"https:\/\/www.jornalja.com.br\/wp-content\/uploads\/2017\/04\/20170406_0008_Protesto-Contra-Aumento-das-Passagens-Porto-Alegre_por_Ramiro-Furquim__OAF6771.jpg\" alt=\"2017.04.06 - Porto Alegre\/RS\/Brasil - Protesto contra o aumento das passagens fracassa em n\u00famero de manifestantes e termina com dois detidos por pixa\u00e7\u00e3o em faixa de seguran\u00e7a. Foto: Ramiro Furquim\/Jornal J\u00e1\" width=\"725\" height=\"482\" \/><figcaption id=\"caption-attachment-46899\" class=\"wp-caption-text\">BM na rua Uruguai |\u00a0Foto: Ramiro Furquim\/Jornal J\u00e1<\/figcaption><\/figure><br \/>\nUm pouco mais longe, ao lado na rua Uruguai, outros 20 PMs da Tropa de Choque da Brigada Militar zelavam o local. Quando o ato j\u00e1 parecia ter seu fim, o ent\u00e3o pacifico protesto foi substitu\u00eddo por momentos de tens\u00e3o e trucul\u00eancia.<br \/>\n<figure id=\"attachment_46892\" aria-describedby=\"caption-attachment-46892\" style=\"width: 725px\" class=\"wp-caption alignleft\"><img loading=\"lazy\" decoding=\"async\" class=\"wp-image-46892 size-full\" src=\"https:\/\/www.jornalja.com.br\/wp-content\/uploads\/2017\/04\/20170406_0001_Protesto-Contra-Aumento-das-Passagens-Porto-Alegre_por_Ramiro-Furquim__OAF9962.jpg\" alt=\"20170406_0001_Protesto Contra Aumento das Passagens Porto Alegre_por_Ramiro Furquim__OAF9962\" width=\"725\" height=\"482\" \/><figcaption id=\"caption-attachment-46892\" class=\"wp-caption-text\">Guarda Municipal, todos sem identifica\u00e7\u00e3o, mira Taser para o rosto do fot\u00f3grafo | Foto: Ramiro Furquim\/Jornal J\u00e1<\/figcaption><\/figure><br \/>\n\u00c0s 19h30, os jovens j\u00e1 n\u00e3o cantavam mais. Metade do pequeno grupo se retirava do local, a outra metade foi em dire\u00e7\u00e3o ao Largo Gl\u00eanio Peres. Dois jovens, um homem e uma mulher, pararam na Borges de Medeiros e come\u00e7aram a pixar a faixa de pedestre, foi ent\u00e3o que a Guarda Municipal agiu.<br \/>\n<figure id=\"attachment_46902\" aria-describedby=\"caption-attachment-46902\" style=\"width: 725px\" class=\"wp-caption alignleft\"><img loading=\"lazy\" decoding=\"async\" class=\"wp-image-46902 size-full\" src=\"https:\/\/www.jornalja.com.br\/wp-content\/uploads\/2017\/04\/20170406_0011_Protesto-Contra-Aumento-das-Passagens-Porto-Alegre_por_Ramiro-Furquim__OAF0027.jpg\" alt=\"2017.04.06 - Porto Alegre\/RS\/Brasil - Protesto contra o aumento das passagens fracassa em n\u00famero de manifestantes e termina com dois detidos por pixa\u00e7\u00e3o em faixa de seguran\u00e7a. Foto: Ramiro Furquim\/Jornal J\u00e1\" width=\"725\" height=\"482\" \/><figcaption id=\"caption-attachment-46902\" class=\"wp-caption-text\">Momento da imobiliza\u00e7\u00e3o | Foto: Ramiro Furquim\/Jornal J\u00e1<\/figcaption><\/figure><br \/>\nQuatro guardas, um de moto, se aproximaram e tentaram imobilizar os jovens. A garota foi derrubada, o homem agredido e agarrado. Com o joelho, o guarda imobilizou a jovem atirada no ch\u00e3o. Em poucos segundos os dois foram levados ao Pa\u00e7o e logo mais, segundo policiais, encaminhados para o Pal\u00e1cio da Policia.<br \/>\n<figure id=\"attachment_46903\" aria-describedby=\"caption-attachment-46903\" style=\"width: 725px\" class=\"wp-caption alignleft\"><img loading=\"lazy\" decoding=\"async\" class=\"wp-image-46903 size-full\" src=\"https:\/\/www.jornalja.com.br\/wp-content\/uploads\/2017\/04\/20170406_0012_Protesto-Contra-Aumento-das-Passagens-Porto-Alegre_por_Ramiro-Furquim__OAF0059.jpg\" alt=\"2017.04.06 - Porto Alegre\/RS\/Brasil - Protesto contra o aumento das passagens fracassa em n\u00famero de manifestantes e termina com dois detidos por pixa\u00e7\u00e3o em faixa de seguran\u00e7a. Foto: Ramiro Furquim\/Jornal J\u00e1\" width=\"725\" height=\"482\" \/><figcaption id=\"caption-attachment-46903\" class=\"wp-caption-text\">Momento da condu\u00e7\u00e3o dos detidos |\u00a0Foto: Ramiro Furquim\/Jornal J\u00e1<\/figcaption><\/figure><br \/>\n<figure id=\"attachment_46895\" aria-describedby=\"caption-attachment-46895\" style=\"width: 725px\" class=\"wp-caption alignleft\"><img loading=\"lazy\" decoding=\"async\" class=\"wp-image-46895 size-full\" src=\"https:\/\/www.jornalja.com.br\/wp-content\/uploads\/2017\/04\/20170406_0004_Protesto-Contra-Aumento-das-Passagens-Porto-Alegre_por_Ramiro-Furquim__OAF9885.jpg\" alt=\"2017.04.06 - Porto Alegre\/RS\/Brasil - Protesto contra o aumento das passagens fracassa em n\u00famero de manifestantes e termina com dois detidos por pixa\u00e7\u00e3o em faixa de seguran\u00e7a. Foto: Ramiro Furquim\/Jornal J\u00e1\" width=\"725\" height=\"482\" \/><figcaption id=\"caption-attachment-46895\" class=\"wp-caption-text\">O protesto durou pouco | Foto: Ramiro Furquim\/Jornal J\u00e1<\/figcaption><\/figure><br \/>\n<figure id=\"attachment_46894\" aria-describedby=\"caption-attachment-46894\" style=\"width: 725px\" class=\"wp-caption alignleft\"><img loading=\"lazy\" decoding=\"async\" class=\"wp-image-46894 size-full\" src=\"https:\/\/www.jornalja.com.br\/wp-content\/uploads\/2017\/04\/20170406_0003_Protesto-Contra-Aumento-das-Passagens-Porto-Alegre_por_Ramiro-Furquim__OAF6760.jpg\" alt=\"2017.04.06 - Porto Alegre\/RS\/Brasil - Protesto contra o aumento das passagens fracassa em n\u00famero de manifestantes e termina com dois detidos por pixa\u00e7\u00e3o em faixa de seguran\u00e7a. Foto: Ramiro Furquim\/Jornal J\u00e1\" width=\"725\" height=\"482\" \/><figcaption id=\"caption-attachment-46894\" class=\"wp-caption-text\">A &#8220;Tropa de Choque&#8221; da GMPA em posi\u00e7\u00e3o | Foto: Ramiro Furquim\/Jornal J\u00e1<\/figcaption><\/figure><br \/>\n<figure id=\"attachment_46896\" aria-describedby=\"caption-attachment-46896\" style=\"width: 725px\" class=\"wp-caption alignleft\"><img loading=\"lazy\" decoding=\"async\" class=\"wp-image-46896 size-full\" src=\"https:\/\/www.jornalja.com.br\/wp-content\/uploads\/2017\/04\/20170406_0005_Protesto-Contra-Aumento-das-Passagens-Porto-Alegre_por_Ramiro-Furquim__OAF9901.jpg\" alt=\"2017.04.06 - Porto Alegre\/RS\/Brasil - Protesto contra o aumento das passagens fracassa em n\u00famero de manifestantes e termina com dois detidos por pixa\u00e7\u00e3o em faixa de seguran\u00e7a. Foto: Ramiro Furquim\/Jornal J\u00e1\" width=\"725\" height=\"482\" \/><figcaption id=\"caption-attachment-46896\" class=\"wp-caption-text\">A catraca | Foto: Ramiro Furquim\/Jornal J\u00e1<\/figcaption><\/figure><br \/>\n<figure id=\"attachment_46897\" aria-describedby=\"caption-attachment-46897\" style=\"width: 725px\" class=\"wp-caption alignleft\"><img loading=\"lazy\" decoding=\"async\" class=\"wp-image-46897 size-full\" src=\"https:\/\/www.jornalja.com.br\/wp-content\/uploads\/2017\/04\/20170406_0006_Protesto-Contra-Aumento-das-Passagens-Porto-Alegre_por_Ramiro-Furquim__OAF9913.jpg\" alt=\"2017.04.06 - Porto Alegre\/RS\/Brasil - Protesto contra o aumento das passagens fracassa em n\u00famero de manifestantes e termina com dois detidos por pixa\u00e7\u00e3o em faixa de seguran\u00e7a. Foto: Ramiro Furquim\/Jornal J\u00e1\" width=\"725\" height=\"482\" \/><figcaption id=\"caption-attachment-46897\" class=\"wp-caption-text\">A catraca \u00e9 queimada | Foto: Ramiro Furquim\/Jornal J\u00e1<\/figcaption><\/figure><br \/>\n<figure id=\"attachment_46898\" aria-describedby=\"caption-attachment-46898\" style=\"width: 725px\" class=\"wp-caption alignleft\"><img loading=\"lazy\" decoding=\"async\" class=\"wp-image-46898 size-full\" src=\"https:\/\/www.jornalja.com.br\/wp-content\/uploads\/2017\/04\/20170406_0007_Protesto-Contra-Aumento-das-Passagens-Porto-Alegre_por_Ramiro-Furquim__OAF6762.jpg\" alt=\"2017.04.06 - Porto Alegre\/RS\/Brasil - Protesto contra o aumento das passagens fracassa em n\u00famero de manifestantes e termina com dois detidos por pixa\u00e7\u00e3o em faixa de seguran\u00e7a. Foto: Ramiro Furquim\/Jornal J\u00e1\" width=\"725\" height=\"482\" \/><figcaption id=\"caption-attachment-46898\" class=\"wp-caption-text\">&#8220;4,05 \u00c9 ROUBO&#8221; | Foto: Ramiro Furquim\/Jornal J\u00e1<\/figcaption><\/figure><br \/>\n<figure id=\"attachment_46905\" aria-describedby=\"caption-attachment-46905\" style=\"width: 725px\" class=\"wp-caption alignleft\"><img loading=\"lazy\" decoding=\"async\" class=\"wp-image-46905 size-full\" src=\"https:\/\/www.jornalja.com.br\/wp-content\/uploads\/2017\/04\/20170406_0014_Protesto-Contra-Aumento-das-Passagens-Porto-Alegre_por_Ramiro-Furquim__OAF0116.jpg\" alt=\"2017.04.06 - Porto Alegre\/RS\/Brasil - Protesto contra o aumento das passagens fracassa em n\u00famero de manifestantes e termina com dois detidos por pixa\u00e7\u00e3o em faixa de seguran\u00e7a. Foto: Ramiro Furquim\/Jornal J\u00e1\" width=\"725\" height=\"482\" \/><figcaption id=\"caption-attachment-46905\" class=\"wp-caption-text\">Local onde houve a pris\u00e3o | Foto: Ramiro Furquim\/Jornal J\u00e1<\/figcaption><\/figure><br \/>\n<figure id=\"attachment_46904\" aria-describedby=\"caption-attachment-46904\" style=\"width: 725px\" class=\"wp-caption alignleft\"><img loading=\"lazy\" decoding=\"async\" class=\"wp-image-46904 size-full\" src=\"https:\/\/www.jornalja.com.br\/wp-content\/uploads\/2017\/04\/20170406_0013_Protesto-Contra-Aumento-das-Passagens-Porto-Alegre_por_Ramiro-Furquim__OAF0083.jpg\" alt=\"2017.04.06 - Porto Alegre\/RS\/Brasil - Protesto contra o aumento das passagens fracassa em n\u00famero de manifestantes e termina com dois detidos por pixa\u00e7\u00e3o em faixa de seguran\u00e7a. Foto: Ramiro Furquim\/Jornal J\u00e1\" width=\"725\" height=\"482\" \/><figcaption id=\"caption-attachment-46904\" class=\"wp-caption-text\">Um fogo de artif\u00edcio foi estourado em dire\u00e7\u00e3o aos Guarda Municipais ap\u00f3s a pris\u00e3o dos manifestantes | Foto: Ramiro Furquim\/Jornal J\u00e1<\/figcaption><\/figure><\/p>\n","protected":false},"excerpt":{"rendered":"<p>O terceiro ato contra o aumento das passagens, realizado esta noite em Porto Alegre, terminou com dois detidos em frente ao Pa\u00e7o Municipal. O evento come\u00e7ou a reunir manifestantes por volta das 18h, hor\u00e1rio marcado pelas redes sociais. Com bandeira de um partido e de movimentos estudantis, pouco mais de 60 manifestantes dos 300 e [&hellip;]<\/p>\n","protected":false},"author":4,"featured_media":46902,"comment_status":"open","ping_status":"closed","sticky":false,"template":"","format":"standard","meta":{"_jetpack_newsletter_access":"","_jetpack_dont_email_post_to_subs":false,"_jetpack_newsletter_tier_id":0,"_jetpack_memberships_contains_paywalled_content":false,"_jetpack_feature_clip_id":0,"_jetpack_memberships_contains_paid_content":false,"footnotes":"","jetpack_post_was_ever_published":false},"categories":[26],"tags":[],"class_list":["post-46888","post","type-post","status-publish","format-standard","has-post-thumbnail","hentry","category-geral"],"aioseo_notices":[],"aioseo_head":"\n\t\t<!-- All in One SEO 5.0.1.1 - aioseo.com -->\n\t<meta name=\"robots\" content=\"max-image-preview:large\" \/>\n\t<meta name=\"author\" content=\"da Reda\u00e7\u00e3o\"\/>\n\t<link rel=\"canonical\" href=\"https:\/\/www.jornalja.com.br\/arquivo\/terceiro-ato-contra-aumento-da-passagem-acaba-com-dois-detidos-em-porto-alegre\/\" \/>\n\t<meta name=\"generator\" content=\"All in One SEO (AIOSEO) 5.0.1.1\" \/>\n\t\t<meta property=\"og:locale\" content=\"pt_BR\" \/>\n\t\t<meta property=\"og:site_name\" content=\"Arquivo | Jornal J\u00c1 | Porto Alegre\" \/>\n\t\t<meta property=\"og:type\" content=\"article\" \/>\n\t\t<meta property=\"og:title\" content=\"Terceiro ato contra aumento da passagem acaba com dois detidos em Porto Alegre | Arquivo\" \/>\n\t\t<meta property=\"og:url\" content=\"https:\/\/www.jornalja.com.br\/arquivo\/terceiro-ato-contra-aumento-da-passagem-acaba-com-dois-detidos-em-porto-alegre\/\" \/>\n\t\t<meta property=\"og:image\" content=\"https:\/\/www.jornalja.com.br\/wp-content\/uploads\/2017\/04\/20170406_0001_Protesto-Contra-Aumento-das-Passagens-Porto-Alegre_por_Ramiro-Furquim__OAF9872.jpg\" \/>\n\t\t<meta property=\"og:image:secure_url\" content=\"https:\/\/www.jornalja.com.br\/wp-content\/uploads\/2017\/04\/20170406_0001_Protesto-Contra-Aumento-das-Passagens-Porto-Alegre_por_Ramiro-Furquim__OAF9872.jpg\" \/>\n\t\t<meta property=\"article:published_time\" content=\"2017-04-07T01:31:18+00:00\" \/>\n\t\t<meta property=\"article:modified_time\" content=\"2017-04-07T01:31:18+00:00\" \/>\n\t\t<meta name=\"twitter:card\" content=\"summary\" \/>\n\t\t<meta name=\"twitter:title\" content=\"Terceiro ato contra aumento da passagem acaba com dois detidos em Porto Alegre | Arquivo\" \/>\n\t\t<meta name=\"twitter:image\" content=\"https:\/\/www.jornalja.com.br\/economics\/wp-content\/uploads\/sites\/11\/2026\/08\/ja-folhaderosto-facebook.jpg\" \/>\n\t\t<script type=\"application\/ld+json\" class=\"aioseo-schema\">\n\t\t\t{\"@context\":\"https:\\\/\\\/schema.org\",\"@graph\":[{\"@type\":\"BlogPosting\",\"@id\":\"https:\\\/\\\/www.jornalja.com.br\\\/arquivo\\\/terceiro-ato-contra-aumento-da-passagem-acaba-com-dois-detidos-em-porto-alegre\\\/#blogposting\",\"name\":\"Terceiro ato contra aumento da passagem acaba com dois detidos em Porto Alegre | Arquivo\",\"headline\":\"Terceiro ato contra aumento da passagem acaba com dois detidos em Porto Alegre\",\"author\":{\"@id\":\"https:\\\/\\\/www.jornalja.com.br\\\/arquivo\\\/author\\\/daredacao\\\/#author\"},\"publisher\":{\"@id\":\"https:\\\/\\\/www.jornalja.com.br\\\/arquivo\\\/#organization\"},\"image\":{\"@type\":\"ImageObject\",\"url\":46902},\"datePublished\":\"2017-04-06T22:31:18-03:00\",\"dateModified\":\"2017-04-06T22:31:18-03:00\",\"inLanguage\":\"pt-BR\",\"commentCount\":2,\"mainEntityOfPage\":{\"@id\":\"https:\\\/\\\/www.jornalja.com.br\\\/arquivo\\\/terceiro-ato-contra-aumento-da-passagem-acaba-com-dois-detidos-em-porto-alegre\\\/#webpage\"},\"isPartOf\":{\"@id\":\"https:\\\/\\\/www.jornalja.com.br\\\/arquivo\\\/terceiro-ato-contra-aumento-da-passagem-acaba-com-dois-detidos-em-porto-alegre\\\/#webpage\"},\"articleSection\":\"Geral\"},{\"@type\":\"BreadcrumbList\",\"@id\":\"https:\\\/\\\/www.jornalja.com.br\\\/arquivo\\\/terceiro-ato-contra-aumento-da-passagem-acaba-com-dois-detidos-em-porto-alegre\\\/#breadcrumblist\",\"itemListElement\":[{\"@type\":\"ListItem\",\"@id\":\"https:\\\/\\\/www.jornalja.com.br\\\/arquivo#listItem\",\"position\":1,\"name\":\"Home\",\"item\":\"https:\\\/\\\/www.jornalja.com.br\\\/arquivo\",\"nextItem\":{\"@type\":\"ListItem\",\"@id\":\"https:\\\/\\\/www.jornalja.com.br\\\/arquivo\\\/category\\\/geral\\\/#listItem\",\"name\":\"Geral\"}},{\"@type\":\"ListItem\",\"@id\":\"https:\\\/\\\/www.jornalja.com.br\\\/arquivo\\\/category\\\/geral\\\/#listItem\",\"position\":2,\"name\":\"Geral\",\"item\":\"https:\\\/\\\/www.jornalja.com.br\\\/arquivo\\\/category\\\/geral\\\/\",\"nextItem\":{\"@type\":\"ListItem\",\"@id\":\"https:\\\/\\\/www.jornalja.com.br\\\/arquivo\\\/terceiro-ato-contra-aumento-da-passagem-acaba-com-dois-detidos-em-porto-alegre\\\/#listItem\",\"name\":\"Terceiro ato contra aumento da passagem acaba com dois detidos em Porto Alegre\"},\"previousItem\":{\"@type\":\"ListItem\",\"@id\":\"https:\\\/\\\/www.jornalja.com.br\\\/arquivo#listItem\",\"name\":\"Home\"}},{\"@type\":\"ListItem\",\"@id\":\"https:\\\/\\\/www.jornalja.com.br\\\/arquivo\\\/terceiro-ato-contra-aumento-da-passagem-acaba-com-dois-detidos-em-porto-alegre\\\/#listItem\",\"position\":3,\"name\":\"Terceiro ato contra aumento da passagem acaba com dois detidos em Porto Alegre\",\"previousItem\":{\"@type\":\"ListItem\",\"@id\":\"https:\\\/\\\/www.jornalja.com.br\\\/arquivo\\\/category\\\/geral\\\/#listItem\",\"name\":\"Geral\"}}]},{\"@type\":\"Organization\",\"@id\":\"https:\\\/\\\/www.jornalja.com.br\\\/arquivo\\\/#organization\",\"name\":\"Jornal J\\u00c1\",\"description\":\"Jornal J\\u00c1 | Porto Alegre\",\"url\":\"https:\\\/\\\/www.jornalja.com.br\\\/arquivo\\\/\",\"telephone\":\"+555133307272\",\"logo\":{\"@type\":\"ImageObject\",\"url\":\"https:\\\/\\\/www.jornalja.com.br\\\/wp-content\\\/uploads\\\/cards\\\/JAslogan.png\",\"@id\":\"https:\\\/\\\/www.jornalja.com.br\\\/arquivo\\\/terceiro-ato-contra-aumento-da-passagem-acaba-com-dois-detidos-em-porto-alegre\\\/#organizationLogo\"},\"image\":{\"@id\":\"https:\\\/\\\/www.jornalja.com.br\\\/arquivo\\\/terceiro-ato-contra-aumento-da-passagem-acaba-com-dois-detidos-em-porto-alegre\\\/#organizationLogo\"}},{\"@type\":\"Person\",\"@id\":\"https:\\\/\\\/www.jornalja.com.br\\\/arquivo\\\/author\\\/daredacao\\\/#author\",\"url\":\"https:\\\/\\\/www.jornalja.com.br\\\/arquivo\\\/author\\\/daredacao\\\/\",\"name\":\"da Reda\\u00e7\\u00e3o\",\"image\":{\"@type\":\"ImageObject\",\"@id\":\"https:\\\/\\\/www.jornalja.com.br\\\/arquivo\\\/terceiro-ato-contra-aumento-da-passagem-acaba-com-dois-detidos-em-porto-alegre\\\/#authorImage\",\"url\":\"https:\\\/\\\/secure.gravatar.com\\\/avatar\\\/469fd857d6605ad19919d27ed29d35a968a25f6e8fd9318356bbb7f57aae9c65?s=96&d=mm&r=g\",\"width\":96,\"height\":96,\"caption\":\"da Reda\\u00e7\\u00e3o\"}},{\"@type\":\"WebPage\",\"@id\":\"https:\\\/\\\/www.jornalja.com.br\\\/arquivo\\\/terceiro-ato-contra-aumento-da-passagem-acaba-com-dois-detidos-em-porto-alegre\\\/#webpage\",\"url\":\"https:\\\/\\\/www.jornalja.com.br\\\/arquivo\\\/terceiro-ato-contra-aumento-da-passagem-acaba-com-dois-detidos-em-porto-alegre\\\/\",\"name\":\"Terceiro ato contra aumento da passagem acaba com dois detidos em Porto Alegre | Arquivo\",\"inLanguage\":\"pt-BR\",\"isPartOf\":{\"@id\":\"https:\\\/\\\/www.jornalja.com.br\\\/arquivo\\\/#website\"},\"breadcrumb\":{\"@id\":\"https:\\\/\\\/www.jornalja.com.br\\\/arquivo\\\/terceiro-ato-contra-aumento-da-passagem-acaba-com-dois-detidos-em-porto-alegre\\\/#breadcrumblist\"},\"author\":{\"@id\":\"https:\\\/\\\/www.jornalja.com.br\\\/arquivo\\\/author\\\/daredacao\\\/#author\"},\"creator\":{\"@id\":\"https:\\\/\\\/www.jornalja.com.br\\\/arquivo\\\/author\\\/daredacao\\\/#author\"},\"image\":{\"@type\":\"ImageObject\",\"url\":46902,\"@id\":\"https:\\\/\\\/www.jornalja.com.br\\\/arquivo\\\/terceiro-ato-contra-aumento-da-passagem-acaba-com-dois-detidos-em-porto-alegre\\\/#mainImage\"},\"primaryImageOfPage\":{\"@id\":\"https:\\\/\\\/www.jornalja.com.br\\\/arquivo\\\/terceiro-ato-contra-aumento-da-passagem-acaba-com-dois-detidos-em-porto-alegre\\\/#mainImage\"},\"datePublished\":\"2017-04-06T22:31:18-03:00\",\"dateModified\":\"2017-04-06T22:31:18-03:00\"},{\"@type\":\"WebSite\",\"@id\":\"https:\\\/\\\/www.jornalja.com.br\\\/arquivo\\\/#website\",\"url\":\"https:\\\/\\\/www.jornalja.com.br\\\/arquivo\\\/\",\"name\":\"Arquivo\",\"description\":\"Jornal J\\u00c1 | Porto Alegre\",\"inLanguage\":\"pt-BR\",\"publisher\":{\"@id\":\"https:\\\/\\\/www.jornalja.com.br\\\/arquivo\\\/#organization\"}}]}\n\t\t<\/script>\n\t\t<!-- All in One SEO -->\n\n","aioseo_head_json":{"title":"Terceiro ato contra aumento da passagem acaba com dois detidos em Porto Alegre | Arquivo","description":"","canonical_url":"https:\/\/www.jornalja.com.br\/arquivo\/terceiro-ato-contra-aumento-da-passagem-acaba-com-dois-detidos-em-porto-alegre\/","robots":"max-image-preview:large","keywords":"","webmasterTools":{"miscellaneous":""},"schema":{"@context":"https:\/\/schema.org","@graph":[{"@type":"BlogPosting","@id":"https:\/\/www.jornalja.com.br\/arquivo\/terceiro-ato-contra-aumento-da-passagem-acaba-com-dois-detidos-em-porto-alegre\/#blogposting","name":"Terceiro ato contra aumento da passagem acaba com dois detidos em Porto Alegre | Arquivo","headline":"Terceiro ato contra aumento da passagem acaba com dois detidos em Porto Alegre","author":{"@id":"https:\/\/www.jornalja.com.br\/arquivo\/author\/daredacao\/#author"},"publisher":{"@id":"https:\/\/www.jornalja.com.br\/arquivo\/#organization"},"image":{"@type":"ImageObject","url":46902},"datePublished":"2017-04-06T22:31:18-03:00","dateModified":"2017-04-06T22:31:18-03:00","inLanguage":"pt-BR","commentCount":2,"mainEntityOfPage":{"@id":"https:\/\/www.jornalja.com.br\/arquivo\/terceiro-ato-contra-aumento-da-passagem-acaba-com-dois-detidos-em-porto-alegre\/#webpage"},"isPartOf":{"@id":"https:\/\/www.jornalja.com.br\/arquivo\/terceiro-ato-contra-aumento-da-passagem-acaba-com-dois-detidos-em-porto-alegre\/#webpage"},"articleSection":"Geral"},{"@type":"BreadcrumbList","@id":"https:\/\/www.jornalja.com.br\/arquivo\/terceiro-ato-contra-aumento-da-passagem-acaba-com-dois-detidos-em-porto-alegre\/#breadcrumblist","itemListElement":[{"@type":"ListItem","@id":"https:\/\/www.jornalja.com.br\/arquivo#listItem","position":1,"name":"Home","item":"https:\/\/www.jornalja.com.br\/arquivo","nextItem":{"@type":"ListItem","@id":"https:\/\/www.jornalja.com.br\/arquivo\/category\/geral\/#listItem","name":"Geral"}},{"@type":"ListItem","@id":"https:\/\/www.jornalja.com.br\/arquivo\/category\/geral\/#listItem","position":2,"name":"Geral","item":"https:\/\/www.jornalja.com.br\/arquivo\/category\/geral\/","nextItem":{"@type":"ListItem","@id":"https:\/\/www.jornalja.com.br\/arquivo\/terceiro-ato-contra-aumento-da-passagem-acaba-com-dois-detidos-em-porto-alegre\/#listItem","name":"Terceiro ato contra aumento da passagem acaba com dois detidos em Porto Alegre"},"previousItem":{"@type":"ListItem","@id":"https:\/\/www.jornalja.com.br\/arquivo#listItem","name":"Home"}},{"@type":"ListItem","@id":"https:\/\/www.jornalja.com.br\/arquivo\/terceiro-ato-contra-aumento-da-passagem-acaba-com-dois-detidos-em-porto-alegre\/#listItem","position":3,"name":"Terceiro ato contra aumento da passagem acaba com dois detidos em Porto Alegre","previousItem":{"@type":"ListItem","@id":"https:\/\/www.jornalja.com.br\/arquivo\/category\/geral\/#listItem","name":"Geral"}}]},{"@type":"Organization","@id":"https:\/\/www.jornalja.com.br\/arquivo\/#organization","name":"Jornal J\u00c1","description":"Jornal J\u00c1 | Porto Alegre","url":"https:\/\/www.jornalja.com.br\/arquivo\/","telephone":"+555133307272","logo":{"@type":"ImageObject","url":"https:\/\/www.jornalja.com.br\/wp-content\/uploads\/cards\/JAslogan.png","@id":"https:\/\/www.jornalja.com.br\/arquivo\/terceiro-ato-contra-aumento-da-passagem-acaba-com-dois-detidos-em-porto-alegre\/#organizationLogo"},"image":{"@id":"https:\/\/www.jornalja.com.br\/arquivo\/terceiro-ato-contra-aumento-da-passagem-acaba-com-dois-detidos-em-porto-alegre\/#organizationLogo"}},{"@type":"Person","@id":"https:\/\/www.jornalja.com.br\/arquivo\/author\/daredacao\/#author","url":"https:\/\/www.jornalja.com.br\/arquivo\/author\/daredacao\/","name":"da Reda\u00e7\u00e3o","image":{"@type":"ImageObject","@id":"https:\/\/www.jornalja.com.br\/arquivo\/terceiro-ato-contra-aumento-da-passagem-acaba-com-dois-detidos-em-porto-alegre\/#authorImage","url":"https:\/\/secure.gravatar.com\/avatar\/469fd857d6605ad19919d27ed29d35a968a25f6e8fd9318356bbb7f57aae9c65?s=96&d=mm&r=g","width":96,"height":96,"caption":"da Reda\u00e7\u00e3o"}},{"@type":"WebPage","@id":"https:\/\/www.jornalja.com.br\/arquivo\/terceiro-ato-contra-aumento-da-passagem-acaba-com-dois-detidos-em-porto-alegre\/#webpage","url":"https:\/\/www.jornalja.com.br\/arquivo\/terceiro-ato-contra-aumento-da-passagem-acaba-com-dois-detidos-em-porto-alegre\/","name":"Terceiro ato contra aumento da passagem acaba com dois detidos em Porto Alegre | Arquivo","inLanguage":"pt-BR","isPartOf":{"@id":"https:\/\/www.jornalja.com.br\/arquivo\/#website"},"breadcrumb":{"@id":"https:\/\/www.jornalja.com.br\/arquivo\/terceiro-ato-contra-aumento-da-passagem-acaba-com-dois-detidos-em-porto-alegre\/#breadcrumblist"},"author":{"@id":"https:\/\/www.jornalja.com.br\/arquivo\/author\/daredacao\/#author"},"creator":{"@id":"https:\/\/www.jornalja.com.br\/arquivo\/author\/daredacao\/#author"},"image":{"@type":"ImageObject","url":46902,"@id":"https:\/\/www.jornalja.com.br\/arquivo\/terceiro-ato-contra-aumento-da-passagem-acaba-com-dois-detidos-em-porto-alegre\/#mainImage"},"primaryImageOfPage":{"@id":"https:\/\/www.jornalja.com.br\/arquivo\/terceiro-ato-contra-aumento-da-passagem-acaba-com-dois-detidos-em-porto-alegre\/#mainImage"},"datePublished":"2017-04-06T22:31:18-03:00","dateModified":"2017-04-06T22:31:18-03:00"},{"@type":"WebSite","@id":"https:\/\/www.jornalja.com.br\/arquivo\/#website","url":"https:\/\/www.jornalja.com.br\/arquivo\/","name":"Arquivo","description":"Jornal J\u00c1 | Porto Alegre","inLanguage":"pt-BR","publisher":{"@id":"https:\/\/www.jornalja.com.br\/arquivo\/#organization"}}]},"og:locale":"pt_BR","og:site_name":"Arquivo | Jornal J\u00c1 | Porto Alegre","og:type":"article","og:title":"Terceiro ato contra aumento da passagem acaba com dois detidos em Porto Alegre | Arquivo","og:url":"https:\/\/www.jornalja.com.br\/arquivo\/terceiro-ato-contra-aumento-da-passagem-acaba-com-dois-detidos-em-porto-alegre\/","og:image":"https:\/\/www.jornalja.com.br\/wp-content\/uploads\/2017\/04\/20170406_0001_Protesto-Contra-Aumento-das-Passagens-Porto-Alegre_por_Ramiro-Furquim__OAF9872.jpg","og:image:secure_url":"https:\/\/www.jornalja.com.br\/wp-content\/uploads\/2017\/04\/20170406_0001_Protesto-Contra-Aumento-das-Passagens-Porto-Alegre_por_Ramiro-Furquim__OAF9872.jpg","article:published_time":"2017-04-07T01:31:18+00:00","article:modified_time":"2017-04-07T01:31:18+00:00","twitter:card":"summary","twitter:title":"Terceiro ato contra aumento da passagem acaba com dois detidos em Porto Alegre | Arquivo","twitter:image":"https:\/\/www.jornalja.com.br\/economics\/wp-content\/uploads\/sites\/11\/2026\/08\/ja-folhaderosto-facebook.jpg"},"aioseo_meta_data":{"post_id":"46888","title":null,"description":null,"keywords":null,"keyphrases":null,"primary_term":null,"canonical_url":null,"og_title":null,"og_description":null,"og_object_type":"default","og_image_type":"default","og_image_url":null,"og_image_width":null,"og_image_height":null,"og_image_custom_url":null,"og_image_custom_fields":null,"og_video":null,"og_custom_url":null,"og_article_section":null,"og_article_tags":null,"twitter_use_og":false,"twitter_card":"default","twitter_image_type":"default","twitter_image_url":null,"twitter_image_custom_url":null,"twitter_image_custom_fields":null,"twitter_title":null,"twitter_description":null,"schema":{"blockGraphs":[],"customGraphs":[],"default":{"data":{"Article":[],"Course":[],"Dataset":[],"FAQPage":[],"Movie":[],"Person":[],"Product":[],"ProductReview":[],"Car":[],"Recipe":[],"Service":[],"SoftwareApplication":[],"WebPage":[]},"graphName":"","isEnabled":true},"graphs":[]},"schema_type":null,"schema_type_options":null,"pillar_content":false,"robots_default":true,"robots_noindex":false,"robots_noarchive":false,"robots_nosnippet":false,"robots_nofollow":false,"robots_noimageindex":false,"robots_noodp":false,"robots_notranslate":false,"robots_max_snippet":null,"robots_max_videopreview":null,"robots_max_imagepreview":"large","priority":null,"frequency":null,"location":null,"local_seo":null,"breadcrumb_settings":null,"limit_modified_date":false,"ai":null,"created":"2020-12-20 20:37:39","updated":"2025-07-19 20:52:36","seo_analyzer_scan_date":null,"focus_keyword":null,"additional_keywords":null,"truseo_locale":null},"jetpack_sharing_enabled":true,"jetpack-related-posts":[{"id":13240,"url":"https:\/\/www.jornalja.com.br\/arquivo\/plano-diretor-estamos-construindo-o-caos\/","url_meta":{"origin":46888,"position":0},"title":"Plano diretor: &quot;Estamos construindo o caos&quot;","author":"Patr\u00edcia Marini","date":"26 de maio de 2014","format":false,"excerpt":"Desabafo que arquiteta Eliana Castilhos, delegada da Regi\u00e3o de Planejamento 1, postou nas redes sociais \u00e9 um testemunho do ambiente que se criou no Conselho do Plano Diretor de Porto Alegre, onde a aprova\u00e7\u00e3o de grandes empreendimentos \u00e9 empurrada guela abaixo dos conselheiros. Ao CMDUA Como delegada da Regi\u00e3o de\u2026","rel":"","context":"Em &quot;Geral&quot;","block_context":{"text":"Geral","link":"https:\/\/www.jornalja.com.br\/arquivo\/category\/geral\/"},"img":{"alt_text":"","src":"","width":0,"height":0},"classes":[]},{"id":12960,"url":"https:\/\/www.jornalja.com.br\/arquivo\/populacao-culpa-empresas-pela-greve-dos-rodoviarios\/","url_meta":{"origin":46888,"position":1},"title":"Popula\u00e7\u00e3o culpa empresas pela greve","author":"Patr\u00edcia Marini","date":"14 de fevereiro de 2014","format":false,"excerpt":"Pesquisa divulgada na edi\u00e7\u00e3o do jornal Metro desta sexta-feira,14, comprova o velho ditado: \u00e9 poss\u00edvel enganar muitos por algum tempo, mas n\u00e3o \u00e9 poss\u00edvel enganar a todos o tempo inteiro. A principal revela\u00e7\u00e3o foi que 59,8% dos entrevistados apontaram as empresas como as principais respons\u00e1veis pela grave e 46% culparam\u2026","rel":"","context":"Em &quot;X.Categorias velhas&quot;","block_context":{"text":"X.Categorias velhas","link":"https:\/\/www.jornalja.com.br\/arquivo\/category\/x-categorias-velhas\/"},"img":{"alt_text":"","src":"","width":0,"height":0},"classes":[]},{"id":1280,"url":"https:\/\/www.jornalja.com.br\/arquivo\/o-menino-que-se-tornou-brizola\/","url_meta":{"origin":46888,"position":2},"title":"O Menino que se Tornou Brizola","author":"da Reda\u00e7\u00e3o","date":"28 de julho de 2008","format":false,"excerpt":"Autor: Cleber Dioni A vida de Leonel Brizola, com \u00eanfase para os primeiros anos em Porto Alegre, at\u00e9 o ex\u00edlio no Uruguai e a volta, quinze anos depois. \u00a0\"...\u00c9ramos todos jovens e nos identific\u00e1vamos com aquela massa an\u00f4nima a percorrer as ruas de Porto Alegre, gritando 'Get\u00falio', 'Get\u00falio' e empunhando\u2026","rel":"","context":"Em &quot;Livros&quot;","block_context":{"text":"Livros","link":"https:\/\/www.jornalja.com.br\/arquivo\/category\/livros\/"},"img":{"alt_text":"","src":"https:\/\/i0.wp.com\/www.jornalja.com.br\/wp-content\/uploads\/2008\/07\/brizola.gif?resize=350%2C200&ssl=1","width":350,"height":200},"classes":[]},{"id":14241,"url":"https:\/\/www.jornalja.com.br\/arquivo\/o-guaiba-nas-imagens-poeticas-de-achutti\/","url_meta":{"origin":46888,"position":3},"title":"O Gua\u00edba nas imagens po\u00e9ticas de Achutti","author":"da Reda\u00e7\u00e3o","date":"18 de junho de 2014","format":false,"excerpt":"Em \u201cO Gua\u00edba por Achutti\u201d \u2013 obra financiada via Minist\u00e9rio da Cultura, produ\u00e7\u00e3o executiva de Pedro Longhi, e Fl\u00e1vio Wild como designer \u2013, o fot\u00f3grafo revela a beleza e as mazelas de um espa\u00e7o aqu\u00e1tico de \u00e1guas sempre renovadas, cheio de hist\u00f3rias e lendas como as das cidades que foram\u2026","rel":"","context":"Em &quot;Cultura-Geral&quot;","block_context":{"text":"Cultura-Geral","link":"https:\/\/www.jornalja.com.br\/arquivo\/category\/materiasecundaria\/"},"img":{"alt_text":"","src":"","width":0,"height":0},"classes":[]},{"id":13124,"url":"https:\/\/www.jornalja.com.br\/arquivo\/sangue-latino-no-iecine\/","url_meta":{"origin":46888,"position":4},"title":"Sangue latino no IECINE","author":"da Reda\u00e7\u00e3o","date":"18 de maio de 2014","format":false,"excerpt":"Francisco Ribeiro O Instituto Estadual de Cinema (IECINE) tem a frente, desde abril \u00faltimo, um novo diretor, o cineasta colombiano Juan Zapata, 36, que substitui Luiz Alberto Cassol. Radicado h\u00e1 dez anos em Porto Alegre, Zapata tem diante de si o desafio de conduzir at\u00e9 o final do ano um\u2026","rel":"","context":"Em &quot;Cultura-Geral&quot;","block_context":{"text":"Cultura-Geral","link":"https:\/\/www.jornalja.com.br\/arquivo\/category\/materiasecundaria\/"},"img":{"alt_text":"","src":"","width":0,"height":0},"classes":[]},{"id":5440,"url":"https:\/\/www.jornalja.com.br\/arquivo\/casarao-da-venancio-destino-permanece-incerto\/","url_meta":{"origin":46888,"position":5},"title":"Estado ainda n\u00e3o sabe o que fazer com casar\u00e3o abandonado h\u00e1 20 anos","author":"Elmar Bones","date":"6 de julho de 2009","format":false,"excerpt":"O casar\u00e3o amarelo, numa esquina nobre de Porto Alegre (Ven\u00e2ncio Aires com Jo\u00e3o Pessoa), j\u00e1 abrigou uma escola. H\u00e1 duas d\u00e9cadas, pelo menos, est\u00e1 abandonado, porque seu propriet\u00e1rio, o governo do Estado do Rio Grande do Sul, n\u00e3o consegue achar um destino para ele. Planos n\u00e3o faltaram. O governador Ol\u00edvio\u2026","rel":"","context":"Em &quot;X.Categorias velhas&quot;","block_context":{"text":"X.Categorias velhas","link":"https:\/\/www.jornalja.com.br\/arquivo\/category\/x-categorias-velhas\/"},"img":{"alt_text":"geraldo1","src":"https:\/\/i0.wp.com\/www.jornalja.com.br\/wp-content\/uploads\/2009\/07\/geraldo1.jpg?resize=350%2C200&ssl=1","width":350,"height":200},"classes":[]}],"jetpack_shortlink":"https:\/\/wp.me\/pbQjBd-ccg","jetpack_featured_media_url":"","_links":{"self":[{"href":"https:\/\/www.jornalja.com.br\/arquivo\/wp-json\/wp\/v2\/posts\/46888","targetHints":{"allow":["GET"]}}],"collection":[{"href":"https:\/\/www.jornalja.com.br\/arquivo\/wp-json\/wp\/v2\/posts"}],"about":[{"href":"https:\/\/www.jornalja.com.br\/arquivo\/wp-json\/wp\/v2\/types\/post"}],"author":[{"embeddable":true,"href":"https:\/\/www.jornalja.com.br\/arquivo\/wp-json\/wp\/v2\/users\/4"}],"replies":[{"embeddable":true,"href":"https:\/\/www.jornalja.com.br\/arquivo\/wp-json\/wp\/v2\/comments?post=46888"}],"version-history":[{"count":0,"href":"https:\/\/www.jornalja.com.br\/arquivo\/wp-json\/wp\/v2\/posts\/46888\/revisions"}],"wp:attachment":[{"href":"https:\/\/www.jornalja.com.br\/arquivo\/wp-json\/wp\/v2\/media?parent=46888"}],"wp:term":[{"taxonomy":"category","embeddable":true,"href":"https:\/\/www.jornalja.com.br\/arquivo\/wp-json\/wp\/v2\/categories?post=46888"},{"taxonomy":"post_tag","embeddable":true,"href":"https:\/\/www.jornalja.com.br\/arquivo\/wp-json\/wp\/v2\/tags?post=46888"}],"curies":[{"name":"wp","href":"https:\/\/api.w.org\/{rel}","templated":true}]}}