{"id":46960,"date":"2017-04-08T17:01:23","date_gmt":"2017-04-08T20:01:23","guid":{"rendered":"https:\/\/www.jornalja.com.br\/?p=46960"},"modified":"2017-04-08T17:01:23","modified_gmt":"2017-04-08T20:01:23","slug":"largo-dos-acores-nem-prefeito-sabe-porque-obra-esta-parada","status":"publish","type":"post","link":"https:\/\/www.jornalja.com.br\/arquivo\/largo-dos-acores-nem-prefeito-sabe-porque-obra-esta-parada\/","title":{"rendered":"Largo dos A\u00e7ores: nem prefeito sabe porque obra est\u00e1 parada"},"content":{"rendered":"<p><span class=\"assina\">Felipe Uhr<\/span><br \/>\nFoi a \u00faltima pergunta feita ao Prefeito Nelson Marchezan, durante sua coletiva de imprensa do balan\u00e7o dos primeiros cem dias de governo, realizada no Pa\u00e7o Municipal na sexta-feira, dia 7 de abril.<br \/>\n&#8211; Prefeito, a obra no Largo dos A\u00e7orianos por que est\u00e1 parada?<br \/>\n&#8211; N\u00e3o sei te dizer.<br \/>\n&#8211; Porque existem recursos&#8230; (indagou o rep\u00f3rter)<br \/>\n&#8211; N\u00e3o tenho, n\u00e3o tenho essa informa\u00e7\u00e3o.<br \/>\nDepois disso o prefeito se despediu e a coletiva encerrou-se.<br \/>\nA\u00a0 revitaliza\u00e7\u00e3o do Largo dos A\u00e7orianos est\u00e1 parada desde janeiro quando caminh\u00f5es, e m\u00e1quinas foram retirados do local.\u00a0 Desde l\u00e1, as informa\u00e7\u00f5es sobre a obra s\u00e3o escassas. Nem a empresa respons\u00e1vel pela obra nem a Prefeitura falaram muito a respeito.<br \/>\nA secret\u00e1ria adjunta Ilza Berlato, do Meio Ambiente, pasta respons\u00e1vel pela obra, n\u00e3o atende aos pedidos de entrevista.<br \/>\nAndr\u00e9 Sant\u2019Ana, diretor comercial da Elmo Eletro Montagens, a executora da obra, em fevereiro alegou \u201cum desajuste <a id=\"PXLINK_1_0_0\" class=\"pxInta\" href=\"https:\/\/www.jornalja.com.br\/largo-dos-acorianos-obra-segue-parada-e-prefeitura-nao-fala\/#\">financeiro<\/a> no cronograma\u201d. Ou seja os repasses haviam sido cortados.<br \/>\nO restauro do Largo dos A\u00e7orianos foi or\u00e7ado em cerca de R$ 4,8 milh\u00f5es, conforme a licita\u00e7\u00e3o, a previs\u00e3o de entrega da obra era para junho. Os recursos est\u00e3o previstos do\u00a0Fundo Municipal do Meio Ambiente.<br \/>\n<figure id=\"attachment_46956\" aria-describedby=\"caption-attachment-46956\" style=\"width: 725px\" class=\"wp-caption alignleft\"><img loading=\"lazy\" decoding=\"async\" class=\"size-full wp-image-46956\" src=\"https:\/\/www.jornalja.com.br\/wp-content\/uploads\/2017\/04\/20170407_0002_Largo-dos-Ac\u0327orianos_por_Ramiro-Furquim__OAF0292.jpg\" alt=\"Foto: Ramiro Furquim\/Jornal J\u00e1\" width=\"725\" height=\"482\" \/><figcaption id=\"caption-attachment-46956\" class=\"wp-caption-text\">Foto: Ramiro Furquim\/Jornal J\u00e1<\/figcaption><\/figure><br \/>\n&nbsp;<br \/>\n&nbsp;<br \/>\n<figure id=\"attachment_46959\" aria-describedby=\"caption-attachment-46959\" style=\"width: 725px\" class=\"wp-caption alignleft\"><img loading=\"lazy\" decoding=\"async\" class=\"size-full wp-image-46959\" src=\"https:\/\/www.jornalja.com.br\/wp-content\/uploads\/2017\/04\/20170407_0005_Largo-dos-Ac\u0327orianos_por_Ramiro-Furquim__OAF0302.jpg\" alt=\"Foto: Ramiro Furquim\/Jornal J\u00e1\" width=\"725\" height=\"482\" \/><figcaption id=\"caption-attachment-46959\" class=\"wp-caption-text\">Foto: Ramiro Furquim\/Jornal J\u00e1<\/figcaption><\/figure><\/p>\n","protected":false},"excerpt":{"rendered":"<p>Felipe Uhr Foi a \u00faltima pergunta feita ao Prefeito Nelson Marchezan, durante sua coletiva de imprensa do balan\u00e7o dos primeiros cem dias de governo, realizada no Pa\u00e7o Municipal na sexta-feira, dia 7 de abril. &#8211; Prefeito, a obra no Largo dos A\u00e7orianos por que est\u00e1 parada? &#8211; N\u00e3o sei te dizer. &#8211; Porque existem recursos&#8230; [&hellip;]<\/p>\n","protected":false},"author":4,"featured_media":46955,"comment_status":"open","ping_status":"closed","sticky":false,"template":"","format":"standard","meta":{"_jetpack_newsletter_access":"","_jetpack_dont_email_post_to_subs":false,"_jetpack_newsletter_tier_id":0,"_jetpack_memberships_contains_paywalled_content":false,"_jetpack_feature_clip_id":0,"_jetpack_memberships_contains_paid_content":false,"footnotes":"","jetpack_post_was_ever_published":false},"categories":[26],"tags":[],"class_list":["post-46960","post","type-post","status-publish","format-standard","has-post-thumbnail","hentry","category-geral"],"aioseo_notices":[],"aioseo_head":"\n\t\t<!-- All in One SEO 5.0.1.1 - aioseo.com -->\n\t<meta name=\"robots\" content=\"max-image-preview:large\" \/>\n\t<meta name=\"author\" content=\"da Reda\u00e7\u00e3o\"\/>\n\t<link rel=\"canonical\" href=\"https:\/\/www.jornalja.com.br\/arquivo\/largo-dos-acores-nem-prefeito-sabe-porque-obra-esta-parada\/\" \/>\n\t<meta name=\"generator\" content=\"All in One SEO (AIOSEO) 5.0.1.1\" \/>\n\t\t<meta property=\"og:locale\" content=\"pt_BR\" \/>\n\t\t<meta property=\"og:site_name\" content=\"Arquivo | Jornal J\u00c1 | Porto Alegre\" \/>\n\t\t<meta property=\"og:type\" content=\"article\" \/>\n\t\t<meta property=\"og:title\" content=\"Largo dos A\u00e7ores: nem prefeito sabe porque obra est\u00e1 parada | Arquivo\" \/>\n\t\t<meta property=\"og:url\" content=\"https:\/\/www.jornalja.com.br\/arquivo\/largo-dos-acores-nem-prefeito-sabe-porque-obra-esta-parada\/\" \/>\n\t\t<meta property=\"og:image\" content=\"https:\/\/www.jornalja.com.br\/wp-content\/uploads\/2017\/04\/20170407_0002_Largo-dos-Ac\u0327orianos_por_Ramiro-Furquim__OAF0292.jpg\" \/>\n\t\t<meta property=\"og:image:secure_url\" content=\"https:\/\/www.jornalja.com.br\/wp-content\/uploads\/2017\/04\/20170407_0002_Largo-dos-Ac\u0327orianos_por_Ramiro-Furquim__OAF0292.jpg\" \/>\n\t\t<meta property=\"article:published_time\" content=\"2017-04-08T20:01:23+00:00\" \/>\n\t\t<meta property=\"article:modified_time\" content=\"2017-04-08T20:01:23+00:00\" \/>\n\t\t<meta name=\"twitter:card\" content=\"summary\" \/>\n\t\t<meta name=\"twitter:title\" content=\"Largo dos A\u00e7ores: nem prefeito sabe porque obra est\u00e1 parada | Arquivo\" \/>\n\t\t<meta name=\"twitter:image\" content=\"https:\/\/www.jornalja.com.br\/economics\/wp-content\/uploads\/sites\/11\/2026\/08\/ja-folhaderosto-facebook.jpg\" \/>\n\t\t<script type=\"application\/ld+json\" class=\"aioseo-schema\">\n\t\t\t{\"@context\":\"https:\\\/\\\/schema.org\",\"@graph\":[{\"@type\":\"BlogPosting\",\"@id\":\"https:\\\/\\\/www.jornalja.com.br\\\/arquivo\\\/largo-dos-acores-nem-prefeito-sabe-porque-obra-esta-parada\\\/#blogposting\",\"name\":\"Largo dos A\\u00e7ores: nem prefeito sabe porque obra est\\u00e1 parada | Arquivo\",\"headline\":\"Largo dos A\\u00e7ores: nem prefeito sabe porque obra est\\u00e1 parada\",\"author\":{\"@id\":\"https:\\\/\\\/www.jornalja.com.br\\\/arquivo\\\/author\\\/daredacao\\\/#author\"},\"publisher\":{\"@id\":\"https:\\\/\\\/www.jornalja.com.br\\\/arquivo\\\/#organization\"},\"image\":{\"@type\":\"ImageObject\",\"url\":46955},\"datePublished\":\"2017-04-08T17:01:23-03:00\",\"dateModified\":\"2017-04-08T17:01:23-03:00\",\"inLanguage\":\"pt-BR\",\"mainEntityOfPage\":{\"@id\":\"https:\\\/\\\/www.jornalja.com.br\\\/arquivo\\\/largo-dos-acores-nem-prefeito-sabe-porque-obra-esta-parada\\\/#webpage\"},\"isPartOf\":{\"@id\":\"https:\\\/\\\/www.jornalja.com.br\\\/arquivo\\\/largo-dos-acores-nem-prefeito-sabe-porque-obra-esta-parada\\\/#webpage\"},\"articleSection\":\"Geral\"},{\"@type\":\"BreadcrumbList\",\"@id\":\"https:\\\/\\\/www.jornalja.com.br\\\/arquivo\\\/largo-dos-acores-nem-prefeito-sabe-porque-obra-esta-parada\\\/#breadcrumblist\",\"itemListElement\":[{\"@type\":\"ListItem\",\"@id\":\"https:\\\/\\\/www.jornalja.com.br\\\/arquivo#listItem\",\"position\":1,\"name\":\"Home\",\"item\":\"https:\\\/\\\/www.jornalja.com.br\\\/arquivo\",\"nextItem\":{\"@type\":\"ListItem\",\"@id\":\"https:\\\/\\\/www.jornalja.com.br\\\/arquivo\\\/category\\\/geral\\\/#listItem\",\"name\":\"Geral\"}},{\"@type\":\"ListItem\",\"@id\":\"https:\\\/\\\/www.jornalja.com.br\\\/arquivo\\\/category\\\/geral\\\/#listItem\",\"position\":2,\"name\":\"Geral\",\"item\":\"https:\\\/\\\/www.jornalja.com.br\\\/arquivo\\\/category\\\/geral\\\/\",\"nextItem\":{\"@type\":\"ListItem\",\"@id\":\"https:\\\/\\\/www.jornalja.com.br\\\/arquivo\\\/largo-dos-acores-nem-prefeito-sabe-porque-obra-esta-parada\\\/#listItem\",\"name\":\"Largo dos A\\u00e7ores: nem prefeito sabe porque obra est\\u00e1 parada\"},\"previousItem\":{\"@type\":\"ListItem\",\"@id\":\"https:\\\/\\\/www.jornalja.com.br\\\/arquivo#listItem\",\"name\":\"Home\"}},{\"@type\":\"ListItem\",\"@id\":\"https:\\\/\\\/www.jornalja.com.br\\\/arquivo\\\/largo-dos-acores-nem-prefeito-sabe-porque-obra-esta-parada\\\/#listItem\",\"position\":3,\"name\":\"Largo dos A\\u00e7ores: nem prefeito sabe porque obra est\\u00e1 parada\",\"previousItem\":{\"@type\":\"ListItem\",\"@id\":\"https:\\\/\\\/www.jornalja.com.br\\\/arquivo\\\/category\\\/geral\\\/#listItem\",\"name\":\"Geral\"}}]},{\"@type\":\"Organization\",\"@id\":\"https:\\\/\\\/www.jornalja.com.br\\\/arquivo\\\/#organization\",\"name\":\"Jornal J\\u00c1\",\"description\":\"Jornal J\\u00c1 | Porto Alegre\",\"url\":\"https:\\\/\\\/www.jornalja.com.br\\\/arquivo\\\/\",\"telephone\":\"+555133307272\",\"logo\":{\"@type\":\"ImageObject\",\"url\":\"https:\\\/\\\/www.jornalja.com.br\\\/wp-content\\\/uploads\\\/cards\\\/JAslogan.png\",\"@id\":\"https:\\\/\\\/www.jornalja.com.br\\\/arquivo\\\/largo-dos-acores-nem-prefeito-sabe-porque-obra-esta-parada\\\/#organizationLogo\"},\"image\":{\"@id\":\"https:\\\/\\\/www.jornalja.com.br\\\/arquivo\\\/largo-dos-acores-nem-prefeito-sabe-porque-obra-esta-parada\\\/#organizationLogo\"}},{\"@type\":\"Person\",\"@id\":\"https:\\\/\\\/www.jornalja.com.br\\\/arquivo\\\/author\\\/daredacao\\\/#author\",\"url\":\"https:\\\/\\\/www.jornalja.com.br\\\/arquivo\\\/author\\\/daredacao\\\/\",\"name\":\"da Reda\\u00e7\\u00e3o\",\"image\":{\"@type\":\"ImageObject\",\"@id\":\"https:\\\/\\\/www.jornalja.com.br\\\/arquivo\\\/largo-dos-acores-nem-prefeito-sabe-porque-obra-esta-parada\\\/#authorImage\",\"url\":\"https:\\\/\\\/secure.gravatar.com\\\/avatar\\\/469fd857d6605ad19919d27ed29d35a968a25f6e8fd9318356bbb7f57aae9c65?s=96&d=mm&r=g\",\"width\":96,\"height\":96,\"caption\":\"da Reda\\u00e7\\u00e3o\"}},{\"@type\":\"WebPage\",\"@id\":\"https:\\\/\\\/www.jornalja.com.br\\\/arquivo\\\/largo-dos-acores-nem-prefeito-sabe-porque-obra-esta-parada\\\/#webpage\",\"url\":\"https:\\\/\\\/www.jornalja.com.br\\\/arquivo\\\/largo-dos-acores-nem-prefeito-sabe-porque-obra-esta-parada\\\/\",\"name\":\"Largo dos A\\u00e7ores: nem prefeito sabe porque obra est\\u00e1 parada | Arquivo\",\"inLanguage\":\"pt-BR\",\"isPartOf\":{\"@id\":\"https:\\\/\\\/www.jornalja.com.br\\\/arquivo\\\/#website\"},\"breadcrumb\":{\"@id\":\"https:\\\/\\\/www.jornalja.com.br\\\/arquivo\\\/largo-dos-acores-nem-prefeito-sabe-porque-obra-esta-parada\\\/#breadcrumblist\"},\"author\":{\"@id\":\"https:\\\/\\\/www.jornalja.com.br\\\/arquivo\\\/author\\\/daredacao\\\/#author\"},\"creator\":{\"@id\":\"https:\\\/\\\/www.jornalja.com.br\\\/arquivo\\\/author\\\/daredacao\\\/#author\"},\"image\":{\"@type\":\"ImageObject\",\"url\":46955,\"@id\":\"https:\\\/\\\/www.jornalja.com.br\\\/arquivo\\\/largo-dos-acores-nem-prefeito-sabe-porque-obra-esta-parada\\\/#mainImage\"},\"primaryImageOfPage\":{\"@id\":\"https:\\\/\\\/www.jornalja.com.br\\\/arquivo\\\/largo-dos-acores-nem-prefeito-sabe-porque-obra-esta-parada\\\/#mainImage\"},\"datePublished\":\"2017-04-08T17:01:23-03:00\",\"dateModified\":\"2017-04-08T17:01:23-03:00\"},{\"@type\":\"WebSite\",\"@id\":\"https:\\\/\\\/www.jornalja.com.br\\\/arquivo\\\/#website\",\"url\":\"https:\\\/\\\/www.jornalja.com.br\\\/arquivo\\\/\",\"name\":\"Arquivo\",\"description\":\"Jornal J\\u00c1 | Porto Alegre\",\"inLanguage\":\"pt-BR\",\"publisher\":{\"@id\":\"https:\\\/\\\/www.jornalja.com.br\\\/arquivo\\\/#organization\"}}]}\n\t\t<\/script>\n\t\t<!-- All in One SEO -->\n\n","aioseo_head_json":{"title":"Largo dos A\u00e7ores: nem prefeito sabe porque obra est\u00e1 parada | Arquivo","description":"","canonical_url":"https:\/\/www.jornalja.com.br\/arquivo\/largo-dos-acores-nem-prefeito-sabe-porque-obra-esta-parada\/","robots":"max-image-preview:large","keywords":"","webmasterTools":{"miscellaneous":""},"schema":{"@context":"https:\/\/schema.org","@graph":[{"@type":"BlogPosting","@id":"https:\/\/www.jornalja.com.br\/arquivo\/largo-dos-acores-nem-prefeito-sabe-porque-obra-esta-parada\/#blogposting","name":"Largo dos A\u00e7ores: nem prefeito sabe porque obra est\u00e1 parada | Arquivo","headline":"Largo dos A\u00e7ores: nem prefeito sabe porque obra est\u00e1 parada","author":{"@id":"https:\/\/www.jornalja.com.br\/arquivo\/author\/daredacao\/#author"},"publisher":{"@id":"https:\/\/www.jornalja.com.br\/arquivo\/#organization"},"image":{"@type":"ImageObject","url":46955},"datePublished":"2017-04-08T17:01:23-03:00","dateModified":"2017-04-08T17:01:23-03:00","inLanguage":"pt-BR","mainEntityOfPage":{"@id":"https:\/\/www.jornalja.com.br\/arquivo\/largo-dos-acores-nem-prefeito-sabe-porque-obra-esta-parada\/#webpage"},"isPartOf":{"@id":"https:\/\/www.jornalja.com.br\/arquivo\/largo-dos-acores-nem-prefeito-sabe-porque-obra-esta-parada\/#webpage"},"articleSection":"Geral"},{"@type":"BreadcrumbList","@id":"https:\/\/www.jornalja.com.br\/arquivo\/largo-dos-acores-nem-prefeito-sabe-porque-obra-esta-parada\/#breadcrumblist","itemListElement":[{"@type":"ListItem","@id":"https:\/\/www.jornalja.com.br\/arquivo#listItem","position":1,"name":"Home","item":"https:\/\/www.jornalja.com.br\/arquivo","nextItem":{"@type":"ListItem","@id":"https:\/\/www.jornalja.com.br\/arquivo\/category\/geral\/#listItem","name":"Geral"}},{"@type":"ListItem","@id":"https:\/\/www.jornalja.com.br\/arquivo\/category\/geral\/#listItem","position":2,"name":"Geral","item":"https:\/\/www.jornalja.com.br\/arquivo\/category\/geral\/","nextItem":{"@type":"ListItem","@id":"https:\/\/www.jornalja.com.br\/arquivo\/largo-dos-acores-nem-prefeito-sabe-porque-obra-esta-parada\/#listItem","name":"Largo dos A\u00e7ores: nem prefeito sabe porque obra est\u00e1 parada"},"previousItem":{"@type":"ListItem","@id":"https:\/\/www.jornalja.com.br\/arquivo#listItem","name":"Home"}},{"@type":"ListItem","@id":"https:\/\/www.jornalja.com.br\/arquivo\/largo-dos-acores-nem-prefeito-sabe-porque-obra-esta-parada\/#listItem","position":3,"name":"Largo dos A\u00e7ores: nem prefeito sabe porque obra est\u00e1 parada","previousItem":{"@type":"ListItem","@id":"https:\/\/www.jornalja.com.br\/arquivo\/category\/geral\/#listItem","name":"Geral"}}]},{"@type":"Organization","@id":"https:\/\/www.jornalja.com.br\/arquivo\/#organization","name":"Jornal J\u00c1","description":"Jornal J\u00c1 | Porto Alegre","url":"https:\/\/www.jornalja.com.br\/arquivo\/","telephone":"+555133307272","logo":{"@type":"ImageObject","url":"https:\/\/www.jornalja.com.br\/wp-content\/uploads\/cards\/JAslogan.png","@id":"https:\/\/www.jornalja.com.br\/arquivo\/largo-dos-acores-nem-prefeito-sabe-porque-obra-esta-parada\/#organizationLogo"},"image":{"@id":"https:\/\/www.jornalja.com.br\/arquivo\/largo-dos-acores-nem-prefeito-sabe-porque-obra-esta-parada\/#organizationLogo"}},{"@type":"Person","@id":"https:\/\/www.jornalja.com.br\/arquivo\/author\/daredacao\/#author","url":"https:\/\/www.jornalja.com.br\/arquivo\/author\/daredacao\/","name":"da Reda\u00e7\u00e3o","image":{"@type":"ImageObject","@id":"https:\/\/www.jornalja.com.br\/arquivo\/largo-dos-acores-nem-prefeito-sabe-porque-obra-esta-parada\/#authorImage","url":"https:\/\/secure.gravatar.com\/avatar\/469fd857d6605ad19919d27ed29d35a968a25f6e8fd9318356bbb7f57aae9c65?s=96&d=mm&r=g","width":96,"height":96,"caption":"da Reda\u00e7\u00e3o"}},{"@type":"WebPage","@id":"https:\/\/www.jornalja.com.br\/arquivo\/largo-dos-acores-nem-prefeito-sabe-porque-obra-esta-parada\/#webpage","url":"https:\/\/www.jornalja.com.br\/arquivo\/largo-dos-acores-nem-prefeito-sabe-porque-obra-esta-parada\/","name":"Largo dos A\u00e7ores: nem prefeito sabe porque obra est\u00e1 parada | Arquivo","inLanguage":"pt-BR","isPartOf":{"@id":"https:\/\/www.jornalja.com.br\/arquivo\/#website"},"breadcrumb":{"@id":"https:\/\/www.jornalja.com.br\/arquivo\/largo-dos-acores-nem-prefeito-sabe-porque-obra-esta-parada\/#breadcrumblist"},"author":{"@id":"https:\/\/www.jornalja.com.br\/arquivo\/author\/daredacao\/#author"},"creator":{"@id":"https:\/\/www.jornalja.com.br\/arquivo\/author\/daredacao\/#author"},"image":{"@type":"ImageObject","url":46955,"@id":"https:\/\/www.jornalja.com.br\/arquivo\/largo-dos-acores-nem-prefeito-sabe-porque-obra-esta-parada\/#mainImage"},"primaryImageOfPage":{"@id":"https:\/\/www.jornalja.com.br\/arquivo\/largo-dos-acores-nem-prefeito-sabe-porque-obra-esta-parada\/#mainImage"},"datePublished":"2017-04-08T17:01:23-03:00","dateModified":"2017-04-08T17:01:23-03:00"},{"@type":"WebSite","@id":"https:\/\/www.jornalja.com.br\/arquivo\/#website","url":"https:\/\/www.jornalja.com.br\/arquivo\/","name":"Arquivo","description":"Jornal J\u00c1 | Porto Alegre","inLanguage":"pt-BR","publisher":{"@id":"https:\/\/www.jornalja.com.br\/arquivo\/#organization"}}]},"og:locale":"pt_BR","og:site_name":"Arquivo | Jornal J\u00c1 | Porto Alegre","og:type":"article","og:title":"Largo dos A\u00e7ores: nem prefeito sabe porque obra est\u00e1 parada | Arquivo","og:url":"https:\/\/www.jornalja.com.br\/arquivo\/largo-dos-acores-nem-prefeito-sabe-porque-obra-esta-parada\/","og:image":"https:\/\/www.jornalja.com.br\/wp-content\/uploads\/2017\/04\/20170407_0002_Largo-dos-Ac\u0327orianos_por_Ramiro-Furquim__OAF0292.jpg","og:image:secure_url":"https:\/\/www.jornalja.com.br\/wp-content\/uploads\/2017\/04\/20170407_0002_Largo-dos-Ac\u0327orianos_por_Ramiro-Furquim__OAF0292.jpg","article:published_time":"2017-04-08T20:01:23+00:00","article:modified_time":"2017-04-08T20:01:23+00:00","twitter:card":"summary","twitter:title":"Largo dos A\u00e7ores: nem prefeito sabe porque obra est\u00e1 parada | Arquivo","twitter:image":"https:\/\/www.jornalja.com.br\/economics\/wp-content\/uploads\/sites\/11\/2026\/08\/ja-folhaderosto-facebook.jpg"},"aioseo_meta_data":{"post_id":"46960","title":null,"description":null,"keywords":null,"keyphrases":null,"primary_term":null,"canonical_url":null,"og_title":null,"og_description":null,"og_object_type":"default","og_image_type":"default","og_image_url":null,"og_image_width":null,"og_image_height":null,"og_image_custom_url":null,"og_image_custom_fields":null,"og_video":null,"og_custom_url":null,"og_article_section":null,"og_article_tags":null,"twitter_use_og":false,"twitter_card":"default","twitter_image_type":"default","twitter_image_url":null,"twitter_image_custom_url":null,"twitter_image_custom_fields":null,"twitter_title":null,"twitter_description":null,"schema":{"blockGraphs":[],"customGraphs":[],"default":{"data":{"Article":[],"Course":[],"Dataset":[],"FAQPage":[],"Movie":[],"Person":[],"Product":[],"ProductReview":[],"Car":[],"Recipe":[],"Service":[],"SoftwareApplication":[],"WebPage":[]},"graphName":"","isEnabled":true},"graphs":[],"defaultGraph":"","defaultPostTypeGraph":""},"schema_type":null,"schema_type_options":null,"pillar_content":false,"robots_default":true,"robots_noindex":false,"robots_noarchive":false,"robots_nosnippet":false,"robots_nofollow":false,"robots_noimageindex":false,"robots_noodp":false,"robots_notranslate":false,"robots_max_snippet":null,"robots_max_videopreview":null,"robots_max_imagepreview":"large","priority":null,"frequency":null,"location":null,"local_seo":null,"breadcrumb_settings":null,"limit_modified_date":false,"ai":null,"created":"2020-12-20 20:37:39","updated":"2025-07-19 20:52:36","seo_analyzer_scan_date":null,"focus_keyword":null,"additional_keywords":null,"truseo_locale":null},"jetpack_sharing_enabled":true,"jetpack-related-posts":[{"id":14241,"url":"https:\/\/www.jornalja.com.br\/arquivo\/o-guaiba-nas-imagens-poeticas-de-achutti\/","url_meta":{"origin":46960,"position":0},"title":"O Gua\u00edba nas imagens po\u00e9ticas de Achutti","author":"da Reda\u00e7\u00e3o","date":"18 de junho de 2014","format":false,"excerpt":"Em \u201cO Gua\u00edba por Achutti\u201d \u2013 obra financiada via Minist\u00e9rio da Cultura, produ\u00e7\u00e3o executiva de Pedro Longhi, e Fl\u00e1vio Wild como designer \u2013, o fot\u00f3grafo revela a beleza e as mazelas de um espa\u00e7o aqu\u00e1tico de \u00e1guas sempre renovadas, cheio de hist\u00f3rias e lendas como as das cidades que foram\u2026","rel":"","context":"Em &quot;Cultura-Geral&quot;","block_context":{"text":"Cultura-Geral","link":"https:\/\/www.jornalja.com.br\/arquivo\/category\/materiasecundaria\/"},"img":{"alt_text":"","src":"","width":0,"height":0},"classes":[]},{"id":13240,"url":"https:\/\/www.jornalja.com.br\/arquivo\/plano-diretor-estamos-construindo-o-caos\/","url_meta":{"origin":46960,"position":1},"title":"Plano diretor: &quot;Estamos construindo o caos&quot;","author":"Patr\u00edcia Marini","date":"26 de maio de 2014","format":false,"excerpt":"Desabafo que arquiteta Eliana Castilhos, delegada da Regi\u00e3o de Planejamento 1, postou nas redes sociais \u00e9 um testemunho do ambiente que se criou no Conselho do Plano Diretor de Porto Alegre, onde a aprova\u00e7\u00e3o de grandes empreendimentos \u00e9 empurrada guela abaixo dos conselheiros. Ao CMDUA Como delegada da Regi\u00e3o de\u2026","rel":"","context":"Em &quot;Geral&quot;","block_context":{"text":"Geral","link":"https:\/\/www.jornalja.com.br\/arquivo\/category\/geral\/"},"img":{"alt_text":"","src":"","width":0,"height":0},"classes":[]},{"id":13101,"url":"https:\/\/www.jornalja.com.br\/arquivo\/morre-um-guerreiro-do-texto\/","url_meta":{"origin":46960,"position":2},"title":"Morre um guerreiro do texto","author":"Patr\u00edcia Marini","date":"14 de maio de 2014","format":false,"excerpt":"Por Ricardo Kotscho Reproduzido do blog do autor, 11\/5\/2014; t\u00edtulo original \u201cE l\u00e1 se foi o nosso Myltainho, guerreiro do texto\u201d. Mi\u00fado e franzino, meu amigo Myltainho era um valente e inconformado guerreiro na luta contra as injusti\u00e7as sociais, a hipocrisia, as maracutaias, o autoritarismo, a intoler\u00e2ncia, a viol\u00eancia, o\u2026","rel":"","context":"Em &quot;Geral&quot;","block_context":{"text":"Geral","link":"https:\/\/www.jornalja.com.br\/arquivo\/category\/geral\/"},"img":{"alt_text":"","src":"","width":0,"height":0},"classes":[]},{"id":12960,"url":"https:\/\/www.jornalja.com.br\/arquivo\/populacao-culpa-empresas-pela-greve-dos-rodoviarios\/","url_meta":{"origin":46960,"position":3},"title":"Popula\u00e7\u00e3o culpa empresas pela greve","author":"Patr\u00edcia Marini","date":"14 de fevereiro de 2014","format":false,"excerpt":"Pesquisa divulgada na edi\u00e7\u00e3o do jornal Metro desta sexta-feira,14, comprova o velho ditado: \u00e9 poss\u00edvel enganar muitos por algum tempo, mas n\u00e3o \u00e9 poss\u00edvel enganar a todos o tempo inteiro. A principal revela\u00e7\u00e3o foi que 59,8% dos entrevistados apontaram as empresas como as principais respons\u00e1veis pela grave e 46% culparam\u2026","rel":"","context":"Em &quot;X.Categorias velhas&quot;","block_context":{"text":"X.Categorias velhas","link":"https:\/\/www.jornalja.com.br\/arquivo\/category\/x-categorias-velhas\/"},"img":{"alt_text":"","src":"","width":0,"height":0},"classes":[]},{"id":5440,"url":"https:\/\/www.jornalja.com.br\/arquivo\/casarao-da-venancio-destino-permanece-incerto\/","url_meta":{"origin":46960,"position":4},"title":"Estado ainda n\u00e3o sabe o que fazer com casar\u00e3o abandonado h\u00e1 20 anos","author":"Elmar Bones","date":"6 de julho de 2009","format":false,"excerpt":"O casar\u00e3o amarelo, numa esquina nobre de Porto Alegre (Ven\u00e2ncio Aires com Jo\u00e3o Pessoa), j\u00e1 abrigou uma escola. H\u00e1 duas d\u00e9cadas, pelo menos, est\u00e1 abandonado, porque seu propriet\u00e1rio, o governo do Estado do Rio Grande do Sul, n\u00e3o consegue achar um destino para ele. Planos n\u00e3o faltaram. O governador Ol\u00edvio\u2026","rel":"","context":"Em &quot;X.Categorias velhas&quot;","block_context":{"text":"X.Categorias velhas","link":"https:\/\/www.jornalja.com.br\/arquivo\/category\/x-categorias-velhas\/"},"img":{"alt_text":"geraldo1","src":"https:\/\/i0.wp.com\/www.jornalja.com.br\/wp-content\/uploads\/2009\/07\/geraldo1.jpg?resize=350%2C200&ssl=1","width":350,"height":200},"classes":[]},{"id":13239,"url":"https:\/\/www.jornalja.com.br\/arquivo\/conselho-desdenha-do-plano-diretor\/","url_meta":{"origin":46960,"position":5},"title":"Porto Alegre: Conselho detona Plano Diretor","author":"Patr\u00edcia Marini","date":"25 de maio de 2014","format":false,"excerpt":"Den\u00fancia do arquiteto e \u00a0urbanista Ibir\u00e1 Santos Lucas. Ele diz que os conselheiros est\u00e3o votando com \"enorme irresponsabilidade\". \"Mudam regime com a maior naturalidade,,,regularizam absurdos de constru\u00e7\u00f5es irregulares... \"O CMDUA est\u00e1 flexibilizando a lei do plano diretor, de uma forma impactante na vida da cidade. Mudam regime com a maior\u2026","rel":"","context":"Em &quot;Geral&quot;","block_context":{"text":"Geral","link":"https:\/\/www.jornalja.com.br\/arquivo\/category\/geral\/"},"img":{"alt_text":"","src":"","width":0,"height":0},"classes":[]}],"jetpack_shortlink":"https:\/\/wp.me\/pbQjBd-cdq","jetpack_featured_media_url":"","_links":{"self":[{"href":"https:\/\/www.jornalja.com.br\/arquivo\/wp-json\/wp\/v2\/posts\/46960","targetHints":{"allow":["GET"]}}],"collection":[{"href":"https:\/\/www.jornalja.com.br\/arquivo\/wp-json\/wp\/v2\/posts"}],"about":[{"href":"https:\/\/www.jornalja.com.br\/arquivo\/wp-json\/wp\/v2\/types\/post"}],"author":[{"embeddable":true,"href":"https:\/\/www.jornalja.com.br\/arquivo\/wp-json\/wp\/v2\/users\/4"}],"replies":[{"embeddable":true,"href":"https:\/\/www.jornalja.com.br\/arquivo\/wp-json\/wp\/v2\/comments?post=46960"}],"version-history":[{"count":0,"href":"https:\/\/www.jornalja.com.br\/arquivo\/wp-json\/wp\/v2\/posts\/46960\/revisions"}],"wp:attachment":[{"href":"https:\/\/www.jornalja.com.br\/arquivo\/wp-json\/wp\/v2\/media?parent=46960"}],"wp:term":[{"taxonomy":"category","embeddable":true,"href":"https:\/\/www.jornalja.com.br\/arquivo\/wp-json\/wp\/v2\/categories?post=46960"},{"taxonomy":"post_tag","embeddable":true,"href":"https:\/\/www.jornalja.com.br\/arquivo\/wp-json\/wp\/v2\/tags?post=46960"}],"curies":[{"name":"wp","href":"https:\/\/api.w.org\/{rel}","templated":true}]}}