{"id":46979,"date":"2017-04-08T19:25:13","date_gmt":"2017-04-08T22:25:13","guid":{"rendered":"https:\/\/www.jornalja.com.br\/?p=46979"},"modified":"2017-04-08T19:25:13","modified_gmt":"2017-04-08T22:25:13","slug":"transparencia-em-porto-alegre-as-perguntas-que-a-comunitas-nao-responde","status":"publish","type":"post","link":"https:\/\/www.jornalja.com.br\/arquivo\/transparencia-em-porto-alegre-as-perguntas-que-a-comunitas-nao-responde\/","title":{"rendered":"Transpar\u00eancia em Porto Alegre: as perguntas que a Comunitas n\u00e3o responde"},"content":{"rendered":"<p><span style=\"font-weight: 400\">Ao longo da semana, a reportagem do J\u00c1 procurou a Comunitas, \u00a0para esclarecer sua atua\u00e7\u00e3o junto \u00e0 Prefeitura de Porto Alegre.. <\/span><br \/>\n<span style=\"font-weight: 400\">A posi\u00e7\u00e3o da organiza\u00e7\u00e3o \u00e9 a seguinte: ningu\u00e9m fala. A assessoria de imprensa da Comunitas solicitou que encaminh\u00e1ssemos as perguntas por email.<\/span><br \/>\nNa primeira troca de emails, n\u00e3o foram respondidas todas as perguntas. Desta forma, reenviamos algumas quest\u00f5es. As respostas est\u00e3o no final deste texto.<br \/>\nA Comunitas \u00e9 respons\u00e1vel pelo Banco de Talentos, que faz a sele\u00e7\u00e3o de cargos de dire\u00e7\u00e3o da prefeitura, como CCs, diretores de \u00f3rg\u00e3os do munic\u00edpios e secret\u00e1rios adjuntos.<br \/>\n\u00c9 a Comunitas que contrata a Falconi Consultores de Resultado, atrav\u00e9s do acordo de coopera\u00e7\u00e3o firmado com o Poder P\u00fablico para implanta\u00e7\u00e3o do programa Juntos Pelo Desenvolvimento Sustent\u00e1vel.<br \/>\n\u00c0 Falconi cabem alguns dos principais projetos da gest\u00e3o do prefeito Nelson Marchezan J\u00fanior: a reforma administrativa, o programa de metas da gest\u00e3o e o equil\u00edbrio fiscal.<br \/>\nA reportagem procurou tamb\u00e9m a Falconi. Desde quarta-feira, estamos em contato com a assessoria de imprensa da empresa, que deve se manifestar na pr\u00f3xima segunda-feira.<br \/>\n<strong>Confira a \u00edntegra das respostas da Comunitas:<\/strong><br \/>\n<strong><em>Como se deu a escolha da Falconi? Foi uma escolha da Comunitas ou da prefeitura?<\/em><\/strong><br \/>\n<strong><em>No contrato, est\u00e1 previsto que a Comunitas pode captar recursos para o programa, desde que comprovado que todo o recurso seja utilizado no programa. Qual o valor j\u00e1 captado at\u00e9 o momento?<\/em><\/strong><br \/>\n<strong><em>O contrato prev\u00ea ainda a nomea\u00e7\u00e3o de um padrinho em cada cidade em que o Juntos \u00e9 implementado. Quem \u00e9 o padrinho em Porto Alegre?<\/em><\/strong><br \/>\n<strong><em>Qual a composi\u00e7\u00e3o do Comit\u00ea de L\u00edderes Locais?<\/em><\/strong><br \/>\n<strong><em>Quem foram os\/as doadores\/as e quais os valores das doa\u00e7\u00f5es?<\/em><\/strong><br \/>\n<strong><em>A Prefeitura de Porto Alegre repassou algum recurso \u00e0 Comunitas? Se sim, quanto? Se n\u00e3o, qual o interesse da ONG em trabalhar de gra\u00e7a para o Munic\u00edpio?<\/em><\/strong><br \/>\n&nbsp;<br \/>\nPOSICIONAMENTO COMUNITAS<br \/>\nPARCERIA COM PREFEITURA DE PORTO ALEGRE<br \/>\nA Comunitas \u00e9 uma organiza\u00e7\u00e3o da sociedade civil independente criada em 2000 que tem como causa o aprimoramento dos investimentos sociais corporativos. Um dos seus projetos, o Juntos pelo Desenvolvimento Sustent\u00e1vel, criado em 2012, ajuda munic\u00edpios a aprimorar a gest\u00e3o p\u00fablica a partir de articula\u00e7\u00e3o de alian\u00e7as inovadoras intra e intersetoriais.<br \/>\nO acordo de coopera\u00e7\u00e3o realizado com a Prefeitura de Porto Alegre, por meio da parceria t\u00e9cnica com a Falconi Consultores de Resultado trata-se de uma doa\u00e7\u00e3o inserida no Programa Juntos Pelo Desenvolvimento Sustent\u00e1vel e contempla o diagn\u00f3stico dos principais desafios da cidade.<br \/>\nO programa n\u00e3o depende do repasse da prefeitura em nenhum dos 14 munic\u00edpios onde atua e sim de investimento resultante da coalis\u00e3o de l\u00edderes empresarias que contribuem para o projeto sem nenhuma contrapartida. As escolhas dos consultores e parceiros \u00e9 baseada em crit\u00e9rios t\u00e9cnicos estabelecidos pela Comunitas com base em sua expertise em gest\u00e3o p\u00fablica.<br \/>\nOs membros do Comit\u00ea de L\u00edderes do Juntos Pelo Desenvolvimento Sustent\u00e1vel constam no site da organiza\u00e7\u00e3o e s\u00e3o de acesso p\u00fablico.<br \/>\nVale ressaltar que todo o trabalho desenvolvido em parceria com a Prefeitura de Porto Alegre &#8211; e demais Munic\u00edpios onde a Comunitas atua &#8211; seguiu as normais legais e foi pautado na \u00e9tica e na transpar\u00eancia, valores mandat\u00f3rios em qualquer projeto da organiza\u00e7\u00e3o.<br \/>\n<strong>Perguntas enviadas na sexta-feira, 7, e respectivas respostas.<\/strong><br \/>\n<em>O contrato prev\u00ea que \u00a0a Comunitas pode captar recursos para o programa. O prefeito Marchezan disse que o valor captado est\u00e1 no site da Comunitas, por\u00e9m, n\u00e3o consegui localizar. Qual o valor j\u00e1 captado at\u00e9 o momento?<\/em><br \/>\nA miss\u00e3o da Comunitas \u00e9 apoiar o aprimoramento da gest\u00e3o p\u00fablica municipal e, consequentemente, a melhoria dos servi\u00e7os prestados \u00e0 popula\u00e7\u00e3o. Isso acontece por meio de uma coaliz\u00e3o entre iniciativa privada, sociedade civil, l\u00edderes p\u00fablicos e privados, atrav\u00e9s de uma governan\u00e7a compartilhada.<br \/>\n<em>O contrato prev\u00ea ainda a nomea\u00e7\u00e3o de um padrinho em cada cidade em que o Juntos \u00e9 implementado. Quem \u00e9 o padrinho em Porto Alegre?<\/em><br \/>\nN\u00e3o h\u00e1 men\u00e7\u00e3o a nomea\u00e7\u00e3o de um padrinho no contrato. H\u00e1 na metodologia do Juntos a op\u00e7\u00e3o de existir esse papel, sendo o padrinho um membro do comit\u00ea de l\u00edderes que acompanha mais de perto as atividades com olhar estrat\u00e9gico garantindo que os princ\u00edpios e valores da governan\u00e7a estejam presentes. Esse papel, no entanto, n\u00e3o existe em Porto Alegre.<br \/>\n<em>O Comit\u00ea de L\u00edderes est\u00e1 no site da Comunitas. O plano de trabalho prev\u00ea tamb\u00e9m um Comit\u00ea de L\u00edderes Locais, qual a composi\u00e7\u00e3o do Comit\u00ea de L\u00edderes Locais?<\/em><br \/>\nO Comit\u00ea de L\u00edderes nacionais atua em di\u00e1logo com l\u00edderes empresariais locais e entidades da sociedade civil, e, juntos, formam o N\u00facleo de Governan\u00e7a, fundamental para a sustentabilidade das a\u00e7\u00f5es na cidade.<\/p>\n","protected":false},"excerpt":{"rendered":"<p>Ao longo da semana, a reportagem do J\u00c1 procurou a Comunitas, \u00a0para esclarecer sua atua\u00e7\u00e3o junto \u00e0 Prefeitura de Porto Alegre.. A posi\u00e7\u00e3o da organiza\u00e7\u00e3o \u00e9 a seguinte: ningu\u00e9m fala. A assessoria de imprensa da Comunitas solicitou que encaminh\u00e1ssemos as perguntas por email. Na primeira troca de emails, n\u00e3o foram respondidas todas as perguntas. Desta [&hellip;]<\/p>\n","protected":false},"author":4,"featured_media":46995,"comment_status":"open","ping_status":"closed","sticky":false,"template":"","format":"standard","meta":{"_jetpack_newsletter_access":"","_jetpack_dont_email_post_to_subs":false,"_jetpack_newsletter_tier_id":0,"_jetpack_memberships_contains_paywalled_content":false,"_jetpack_feature_clip_id":0,"_jetpack_memberships_contains_paid_content":false,"footnotes":"","jetpack_post_was_ever_published":false},"categories":[26],"tags":[],"class_list":["post-46979","post","type-post","status-publish","format-standard","has-post-thumbnail","hentry","category-geral"],"aioseo_notices":[],"aioseo_head":"\n\t\t<!-- All in One SEO 5.0.1.1 - aioseo.com -->\n\t<meta name=\"robots\" content=\"max-image-preview:large\" \/>\n\t<meta name=\"author\" content=\"da Reda\u00e7\u00e3o\"\/>\n\t<link rel=\"canonical\" href=\"https:\/\/www.jornalja.com.br\/arquivo\/transparencia-em-porto-alegre-as-perguntas-que-a-comunitas-nao-responde\/\" \/>\n\t<meta name=\"generator\" content=\"All in One SEO (AIOSEO) 5.0.1.1\" \/>\n\t\t<meta property=\"og:locale\" content=\"pt_BR\" \/>\n\t\t<meta property=\"og:site_name\" content=\"Arquivo | Jornal J\u00c1 | Porto Alegre\" \/>\n\t\t<meta property=\"og:type\" content=\"article\" \/>\n\t\t<meta property=\"og:title\" content=\"Transpar\u00eancia em Porto Alegre: as perguntas que a Comunitas n\u00e3o responde | Arquivo\" \/>\n\t\t<meta property=\"og:url\" content=\"https:\/\/www.jornalja.com.br\/arquivo\/transparencia-em-porto-alegre-as-perguntas-que-a-comunitas-nao-responde\/\" \/>\n\t\t<meta property=\"og:image\" content=\"https:\/\/www.jornalja.com.br\/economics\/wp-content\/uploads\/sites\/11\/2026\/08\/ja-folhaderosto-facebook.jpg\" \/>\n\t\t<meta property=\"og:image:secure_url\" content=\"https:\/\/www.jornalja.com.br\/economics\/wp-content\/uploads\/sites\/11\/2026\/08\/ja-folhaderosto-facebook.jpg\" \/>\n\t\t<meta property=\"article:published_time\" content=\"2017-04-08T22:25:13+00:00\" \/>\n\t\t<meta property=\"article:modified_time\" content=\"2017-04-08T22:25:13+00:00\" \/>\n\t\t<meta name=\"twitter:card\" content=\"summary\" \/>\n\t\t<meta name=\"twitter:title\" content=\"Transpar\u00eancia em Porto Alegre: as perguntas que a Comunitas n\u00e3o responde | Arquivo\" \/>\n\t\t<meta name=\"twitter:image\" content=\"https:\/\/www.jornalja.com.br\/economics\/wp-content\/uploads\/sites\/11\/2026\/08\/ja-folhaderosto-facebook.jpg\" \/>\n\t\t<script type=\"application\/ld+json\" class=\"aioseo-schema\">\n\t\t\t{\"@context\":\"https:\\\/\\\/schema.org\",\"@graph\":[{\"@type\":\"BlogPosting\",\"@id\":\"https:\\\/\\\/www.jornalja.com.br\\\/arquivo\\\/transparencia-em-porto-alegre-as-perguntas-que-a-comunitas-nao-responde\\\/#blogposting\",\"name\":\"Transpar\\u00eancia em Porto Alegre: as perguntas que a Comunitas n\\u00e3o responde | Arquivo\",\"headline\":\"Transpar\\u00eancia em Porto Alegre: as perguntas que a Comunitas n\\u00e3o responde\",\"author\":{\"@id\":\"https:\\\/\\\/www.jornalja.com.br\\\/arquivo\\\/author\\\/daredacao\\\/#author\"},\"publisher\":{\"@id\":\"https:\\\/\\\/www.jornalja.com.br\\\/arquivo\\\/#organization\"},\"image\":{\"@type\":\"ImageObject\",\"url\":46995},\"datePublished\":\"2017-04-08T19:25:13-03:00\",\"dateModified\":\"2017-04-08T19:25:13-03:00\",\"inLanguage\":\"pt-BR\",\"mainEntityOfPage\":{\"@id\":\"https:\\\/\\\/www.jornalja.com.br\\\/arquivo\\\/transparencia-em-porto-alegre-as-perguntas-que-a-comunitas-nao-responde\\\/#webpage\"},\"isPartOf\":{\"@id\":\"https:\\\/\\\/www.jornalja.com.br\\\/arquivo\\\/transparencia-em-porto-alegre-as-perguntas-que-a-comunitas-nao-responde\\\/#webpage\"},\"articleSection\":\"Geral\"},{\"@type\":\"BreadcrumbList\",\"@id\":\"https:\\\/\\\/www.jornalja.com.br\\\/arquivo\\\/transparencia-em-porto-alegre-as-perguntas-que-a-comunitas-nao-responde\\\/#breadcrumblist\",\"itemListElement\":[{\"@type\":\"ListItem\",\"@id\":\"https:\\\/\\\/www.jornalja.com.br\\\/arquivo#listItem\",\"position\":1,\"name\":\"Home\",\"item\":\"https:\\\/\\\/www.jornalja.com.br\\\/arquivo\",\"nextItem\":{\"@type\":\"ListItem\",\"@id\":\"https:\\\/\\\/www.jornalja.com.br\\\/arquivo\\\/category\\\/geral\\\/#listItem\",\"name\":\"Geral\"}},{\"@type\":\"ListItem\",\"@id\":\"https:\\\/\\\/www.jornalja.com.br\\\/arquivo\\\/category\\\/geral\\\/#listItem\",\"position\":2,\"name\":\"Geral\",\"item\":\"https:\\\/\\\/www.jornalja.com.br\\\/arquivo\\\/category\\\/geral\\\/\",\"nextItem\":{\"@type\":\"ListItem\",\"@id\":\"https:\\\/\\\/www.jornalja.com.br\\\/arquivo\\\/transparencia-em-porto-alegre-as-perguntas-que-a-comunitas-nao-responde\\\/#listItem\",\"name\":\"Transpar\\u00eancia em Porto Alegre: as perguntas que a Comunitas n\\u00e3o responde\"},\"previousItem\":{\"@type\":\"ListItem\",\"@id\":\"https:\\\/\\\/www.jornalja.com.br\\\/arquivo#listItem\",\"name\":\"Home\"}},{\"@type\":\"ListItem\",\"@id\":\"https:\\\/\\\/www.jornalja.com.br\\\/arquivo\\\/transparencia-em-porto-alegre-as-perguntas-que-a-comunitas-nao-responde\\\/#listItem\",\"position\":3,\"name\":\"Transpar\\u00eancia em Porto Alegre: as perguntas que a Comunitas n\\u00e3o responde\",\"previousItem\":{\"@type\":\"ListItem\",\"@id\":\"https:\\\/\\\/www.jornalja.com.br\\\/arquivo\\\/category\\\/geral\\\/#listItem\",\"name\":\"Geral\"}}]},{\"@type\":\"Organization\",\"@id\":\"https:\\\/\\\/www.jornalja.com.br\\\/arquivo\\\/#organization\",\"name\":\"Jornal J\\u00c1\",\"description\":\"Jornal J\\u00c1 | Porto Alegre\",\"url\":\"https:\\\/\\\/www.jornalja.com.br\\\/arquivo\\\/\",\"telephone\":\"+555133307272\",\"logo\":{\"@type\":\"ImageObject\",\"url\":\"https:\\\/\\\/www.jornalja.com.br\\\/wp-content\\\/uploads\\\/cards\\\/JAslogan.png\",\"@id\":\"https:\\\/\\\/www.jornalja.com.br\\\/arquivo\\\/transparencia-em-porto-alegre-as-perguntas-que-a-comunitas-nao-responde\\\/#organizationLogo\"},\"image\":{\"@id\":\"https:\\\/\\\/www.jornalja.com.br\\\/arquivo\\\/transparencia-em-porto-alegre-as-perguntas-que-a-comunitas-nao-responde\\\/#organizationLogo\"}},{\"@type\":\"Person\",\"@id\":\"https:\\\/\\\/www.jornalja.com.br\\\/arquivo\\\/author\\\/daredacao\\\/#author\",\"url\":\"https:\\\/\\\/www.jornalja.com.br\\\/arquivo\\\/author\\\/daredacao\\\/\",\"name\":\"da Reda\\u00e7\\u00e3o\",\"image\":{\"@type\":\"ImageObject\",\"@id\":\"https:\\\/\\\/www.jornalja.com.br\\\/arquivo\\\/transparencia-em-porto-alegre-as-perguntas-que-a-comunitas-nao-responde\\\/#authorImage\",\"url\":\"https:\\\/\\\/secure.gravatar.com\\\/avatar\\\/469fd857d6605ad19919d27ed29d35a968a25f6e8fd9318356bbb7f57aae9c65?s=96&d=mm&r=g\",\"width\":96,\"height\":96,\"caption\":\"da Reda\\u00e7\\u00e3o\"}},{\"@type\":\"WebPage\",\"@id\":\"https:\\\/\\\/www.jornalja.com.br\\\/arquivo\\\/transparencia-em-porto-alegre-as-perguntas-que-a-comunitas-nao-responde\\\/#webpage\",\"url\":\"https:\\\/\\\/www.jornalja.com.br\\\/arquivo\\\/transparencia-em-porto-alegre-as-perguntas-que-a-comunitas-nao-responde\\\/\",\"name\":\"Transpar\\u00eancia em Porto Alegre: as perguntas que a Comunitas n\\u00e3o responde | Arquivo\",\"inLanguage\":\"pt-BR\",\"isPartOf\":{\"@id\":\"https:\\\/\\\/www.jornalja.com.br\\\/arquivo\\\/#website\"},\"breadcrumb\":{\"@id\":\"https:\\\/\\\/www.jornalja.com.br\\\/arquivo\\\/transparencia-em-porto-alegre-as-perguntas-que-a-comunitas-nao-responde\\\/#breadcrumblist\"},\"author\":{\"@id\":\"https:\\\/\\\/www.jornalja.com.br\\\/arquivo\\\/author\\\/daredacao\\\/#author\"},\"creator\":{\"@id\":\"https:\\\/\\\/www.jornalja.com.br\\\/arquivo\\\/author\\\/daredacao\\\/#author\"},\"image\":{\"@type\":\"ImageObject\",\"url\":46995,\"@id\":\"https:\\\/\\\/www.jornalja.com.br\\\/arquivo\\\/transparencia-em-porto-alegre-as-perguntas-que-a-comunitas-nao-responde\\\/#mainImage\"},\"primaryImageOfPage\":{\"@id\":\"https:\\\/\\\/www.jornalja.com.br\\\/arquivo\\\/transparencia-em-porto-alegre-as-perguntas-que-a-comunitas-nao-responde\\\/#mainImage\"},\"datePublished\":\"2017-04-08T19:25:13-03:00\",\"dateModified\":\"2017-04-08T19:25:13-03:00\"},{\"@type\":\"WebSite\",\"@id\":\"https:\\\/\\\/www.jornalja.com.br\\\/arquivo\\\/#website\",\"url\":\"https:\\\/\\\/www.jornalja.com.br\\\/arquivo\\\/\",\"name\":\"Arquivo\",\"description\":\"Jornal J\\u00c1 | Porto Alegre\",\"inLanguage\":\"pt-BR\",\"publisher\":{\"@id\":\"https:\\\/\\\/www.jornalja.com.br\\\/arquivo\\\/#organization\"}}]}\n\t\t<\/script>\n\t\t<!-- All in One SEO -->\n\n","aioseo_head_json":{"title":"Transpar\u00eancia em Porto Alegre: as perguntas que a Comunitas n\u00e3o responde | Arquivo","description":"","canonical_url":"https:\/\/www.jornalja.com.br\/arquivo\/transparencia-em-porto-alegre-as-perguntas-que-a-comunitas-nao-responde\/","robots":"max-image-preview:large","keywords":"","webmasterTools":{"miscellaneous":""},"schema":{"@context":"https:\/\/schema.org","@graph":[{"@type":"BlogPosting","@id":"https:\/\/www.jornalja.com.br\/arquivo\/transparencia-em-porto-alegre-as-perguntas-que-a-comunitas-nao-responde\/#blogposting","name":"Transpar\u00eancia em Porto Alegre: as perguntas que a Comunitas n\u00e3o responde | Arquivo","headline":"Transpar\u00eancia em Porto Alegre: as perguntas que a Comunitas n\u00e3o responde","author":{"@id":"https:\/\/www.jornalja.com.br\/arquivo\/author\/daredacao\/#author"},"publisher":{"@id":"https:\/\/www.jornalja.com.br\/arquivo\/#organization"},"image":{"@type":"ImageObject","url":46995},"datePublished":"2017-04-08T19:25:13-03:00","dateModified":"2017-04-08T19:25:13-03:00","inLanguage":"pt-BR","mainEntityOfPage":{"@id":"https:\/\/www.jornalja.com.br\/arquivo\/transparencia-em-porto-alegre-as-perguntas-que-a-comunitas-nao-responde\/#webpage"},"isPartOf":{"@id":"https:\/\/www.jornalja.com.br\/arquivo\/transparencia-em-porto-alegre-as-perguntas-que-a-comunitas-nao-responde\/#webpage"},"articleSection":"Geral"},{"@type":"BreadcrumbList","@id":"https:\/\/www.jornalja.com.br\/arquivo\/transparencia-em-porto-alegre-as-perguntas-que-a-comunitas-nao-responde\/#breadcrumblist","itemListElement":[{"@type":"ListItem","@id":"https:\/\/www.jornalja.com.br\/arquivo#listItem","position":1,"name":"Home","item":"https:\/\/www.jornalja.com.br\/arquivo","nextItem":{"@type":"ListItem","@id":"https:\/\/www.jornalja.com.br\/arquivo\/category\/geral\/#listItem","name":"Geral"}},{"@type":"ListItem","@id":"https:\/\/www.jornalja.com.br\/arquivo\/category\/geral\/#listItem","position":2,"name":"Geral","item":"https:\/\/www.jornalja.com.br\/arquivo\/category\/geral\/","nextItem":{"@type":"ListItem","@id":"https:\/\/www.jornalja.com.br\/arquivo\/transparencia-em-porto-alegre-as-perguntas-que-a-comunitas-nao-responde\/#listItem","name":"Transpar\u00eancia em Porto Alegre: as perguntas que a Comunitas n\u00e3o responde"},"previousItem":{"@type":"ListItem","@id":"https:\/\/www.jornalja.com.br\/arquivo#listItem","name":"Home"}},{"@type":"ListItem","@id":"https:\/\/www.jornalja.com.br\/arquivo\/transparencia-em-porto-alegre-as-perguntas-que-a-comunitas-nao-responde\/#listItem","position":3,"name":"Transpar\u00eancia em Porto Alegre: as perguntas que a Comunitas n\u00e3o responde","previousItem":{"@type":"ListItem","@id":"https:\/\/www.jornalja.com.br\/arquivo\/category\/geral\/#listItem","name":"Geral"}}]},{"@type":"Organization","@id":"https:\/\/www.jornalja.com.br\/arquivo\/#organization","name":"Jornal J\u00c1","description":"Jornal J\u00c1 | Porto Alegre","url":"https:\/\/www.jornalja.com.br\/arquivo\/","telephone":"+555133307272","logo":{"@type":"ImageObject","url":"https:\/\/www.jornalja.com.br\/wp-content\/uploads\/cards\/JAslogan.png","@id":"https:\/\/www.jornalja.com.br\/arquivo\/transparencia-em-porto-alegre-as-perguntas-que-a-comunitas-nao-responde\/#organizationLogo"},"image":{"@id":"https:\/\/www.jornalja.com.br\/arquivo\/transparencia-em-porto-alegre-as-perguntas-que-a-comunitas-nao-responde\/#organizationLogo"}},{"@type":"Person","@id":"https:\/\/www.jornalja.com.br\/arquivo\/author\/daredacao\/#author","url":"https:\/\/www.jornalja.com.br\/arquivo\/author\/daredacao\/","name":"da Reda\u00e7\u00e3o","image":{"@type":"ImageObject","@id":"https:\/\/www.jornalja.com.br\/arquivo\/transparencia-em-porto-alegre-as-perguntas-que-a-comunitas-nao-responde\/#authorImage","url":"https:\/\/secure.gravatar.com\/avatar\/469fd857d6605ad19919d27ed29d35a968a25f6e8fd9318356bbb7f57aae9c65?s=96&d=mm&r=g","width":96,"height":96,"caption":"da Reda\u00e7\u00e3o"}},{"@type":"WebPage","@id":"https:\/\/www.jornalja.com.br\/arquivo\/transparencia-em-porto-alegre-as-perguntas-que-a-comunitas-nao-responde\/#webpage","url":"https:\/\/www.jornalja.com.br\/arquivo\/transparencia-em-porto-alegre-as-perguntas-que-a-comunitas-nao-responde\/","name":"Transpar\u00eancia em Porto Alegre: as perguntas que a Comunitas n\u00e3o responde | Arquivo","inLanguage":"pt-BR","isPartOf":{"@id":"https:\/\/www.jornalja.com.br\/arquivo\/#website"},"breadcrumb":{"@id":"https:\/\/www.jornalja.com.br\/arquivo\/transparencia-em-porto-alegre-as-perguntas-que-a-comunitas-nao-responde\/#breadcrumblist"},"author":{"@id":"https:\/\/www.jornalja.com.br\/arquivo\/author\/daredacao\/#author"},"creator":{"@id":"https:\/\/www.jornalja.com.br\/arquivo\/author\/daredacao\/#author"},"image":{"@type":"ImageObject","url":46995,"@id":"https:\/\/www.jornalja.com.br\/arquivo\/transparencia-em-porto-alegre-as-perguntas-que-a-comunitas-nao-responde\/#mainImage"},"primaryImageOfPage":{"@id":"https:\/\/www.jornalja.com.br\/arquivo\/transparencia-em-porto-alegre-as-perguntas-que-a-comunitas-nao-responde\/#mainImage"},"datePublished":"2017-04-08T19:25:13-03:00","dateModified":"2017-04-08T19:25:13-03:00"},{"@type":"WebSite","@id":"https:\/\/www.jornalja.com.br\/arquivo\/#website","url":"https:\/\/www.jornalja.com.br\/arquivo\/","name":"Arquivo","description":"Jornal J\u00c1 | Porto Alegre","inLanguage":"pt-BR","publisher":{"@id":"https:\/\/www.jornalja.com.br\/arquivo\/#organization"}}]},"og:locale":"pt_BR","og:site_name":"Arquivo | Jornal J\u00c1 | Porto Alegre","og:type":"article","og:title":"Transpar\u00eancia em Porto Alegre: as perguntas que a Comunitas n\u00e3o responde | Arquivo","og:url":"https:\/\/www.jornalja.com.br\/arquivo\/transparencia-em-porto-alegre-as-perguntas-que-a-comunitas-nao-responde\/","og:image":"https:\/\/www.jornalja.com.br\/economics\/wp-content\/uploads\/sites\/11\/2026\/08\/ja-folhaderosto-facebook.jpg","og:image:secure_url":"https:\/\/www.jornalja.com.br\/economics\/wp-content\/uploads\/sites\/11\/2026\/08\/ja-folhaderosto-facebook.jpg","article:published_time":"2017-04-08T22:25:13+00:00","article:modified_time":"2017-04-08T22:25:13+00:00","twitter:card":"summary","twitter:title":"Transpar\u00eancia em Porto Alegre: as perguntas que a Comunitas n\u00e3o responde | Arquivo","twitter:image":"https:\/\/www.jornalja.com.br\/economics\/wp-content\/uploads\/sites\/11\/2026\/08\/ja-folhaderosto-facebook.jpg"},"aioseo_meta_data":{"post_id":"46979","title":null,"description":null,"keywords":null,"keyphrases":null,"primary_term":null,"canonical_url":null,"og_title":null,"og_description":null,"og_object_type":"default","og_image_type":"default","og_image_url":null,"og_image_width":null,"og_image_height":null,"og_image_custom_url":null,"og_image_custom_fields":null,"og_video":null,"og_custom_url":null,"og_article_section":null,"og_article_tags":null,"twitter_use_og":false,"twitter_card":"default","twitter_image_type":"default","twitter_image_url":null,"twitter_image_custom_url":null,"twitter_image_custom_fields":null,"twitter_title":null,"twitter_description":null,"schema":{"blockGraphs":[],"customGraphs":[],"default":{"data":{"Article":[],"Course":[],"Dataset":[],"FAQPage":[],"Movie":[],"Person":[],"Product":[],"ProductReview":[],"Car":[],"Recipe":[],"Service":[],"SoftwareApplication":[],"WebPage":[]},"graphName":"","isEnabled":true},"graphs":[]},"schema_type":null,"schema_type_options":null,"pillar_content":false,"robots_default":true,"robots_noindex":false,"robots_noarchive":false,"robots_nosnippet":false,"robots_nofollow":false,"robots_noimageindex":false,"robots_noodp":false,"robots_notranslate":false,"robots_max_snippet":null,"robots_max_videopreview":null,"robots_max_imagepreview":"large","priority":null,"frequency":null,"location":null,"local_seo":null,"breadcrumb_settings":null,"limit_modified_date":false,"ai":null,"created":"2020-12-20 20:37:39","updated":"2025-07-19 20:52:36","seo_analyzer_scan_date":null,"focus_keyword":null,"additional_keywords":null,"truseo_locale":null},"jetpack_sharing_enabled":true,"jetpack-related-posts":[{"id":13240,"url":"https:\/\/www.jornalja.com.br\/arquivo\/plano-diretor-estamos-construindo-o-caos\/","url_meta":{"origin":46979,"position":0},"title":"Plano diretor: &quot;Estamos construindo o caos&quot;","author":"Patr\u00edcia Marini","date":"26 de maio de 2014","format":false,"excerpt":"Desabafo que arquiteta Eliana Castilhos, delegada da Regi\u00e3o de Planejamento 1, postou nas redes sociais \u00e9 um testemunho do ambiente que se criou no Conselho do Plano Diretor de Porto Alegre, onde a aprova\u00e7\u00e3o de grandes empreendimentos \u00e9 empurrada guela abaixo dos conselheiros. Ao CMDUA Como delegada da Regi\u00e3o de\u2026","rel":"","context":"Em &quot;Geral&quot;","block_context":{"text":"Geral","link":"https:\/\/www.jornalja.com.br\/arquivo\/category\/geral\/"},"img":{"alt_text":"","src":"","width":0,"height":0},"classes":[]},{"id":12960,"url":"https:\/\/www.jornalja.com.br\/arquivo\/populacao-culpa-empresas-pela-greve-dos-rodoviarios\/","url_meta":{"origin":46979,"position":1},"title":"Popula\u00e7\u00e3o culpa empresas pela greve","author":"Patr\u00edcia Marini","date":"14 de fevereiro de 2014","format":false,"excerpt":"Pesquisa divulgada na edi\u00e7\u00e3o do jornal Metro desta sexta-feira,14, comprova o velho ditado: \u00e9 poss\u00edvel enganar muitos por algum tempo, mas n\u00e3o \u00e9 poss\u00edvel enganar a todos o tempo inteiro. A principal revela\u00e7\u00e3o foi que 59,8% dos entrevistados apontaram as empresas como as principais respons\u00e1veis pela grave e 46% culparam\u2026","rel":"","context":"Em &quot;X.Categorias velhas&quot;","block_context":{"text":"X.Categorias velhas","link":"https:\/\/www.jornalja.com.br\/arquivo\/category\/x-categorias-velhas\/"},"img":{"alt_text":"","src":"","width":0,"height":0},"classes":[]},{"id":13124,"url":"https:\/\/www.jornalja.com.br\/arquivo\/sangue-latino-no-iecine\/","url_meta":{"origin":46979,"position":2},"title":"Sangue latino no IECINE","author":"da Reda\u00e7\u00e3o","date":"18 de maio de 2014","format":false,"excerpt":"Francisco Ribeiro O Instituto Estadual de Cinema (IECINE) tem a frente, desde abril \u00faltimo, um novo diretor, o cineasta colombiano Juan Zapata, 36, que substitui Luiz Alberto Cassol. Radicado h\u00e1 dez anos em Porto Alegre, Zapata tem diante de si o desafio de conduzir at\u00e9 o final do ano um\u2026","rel":"","context":"Em &quot;Cultura-Geral&quot;","block_context":{"text":"Cultura-Geral","link":"https:\/\/www.jornalja.com.br\/arquivo\/category\/materiasecundaria\/"},"img":{"alt_text":"","src":"","width":0,"height":0},"classes":[]},{"id":5440,"url":"https:\/\/www.jornalja.com.br\/arquivo\/casarao-da-venancio-destino-permanece-incerto\/","url_meta":{"origin":46979,"position":3},"title":"Estado ainda n\u00e3o sabe o que fazer com casar\u00e3o abandonado h\u00e1 20 anos","author":"Elmar Bones","date":"6 de julho de 2009","format":false,"excerpt":"O casar\u00e3o amarelo, numa esquina nobre de Porto Alegre (Ven\u00e2ncio Aires com Jo\u00e3o Pessoa), j\u00e1 abrigou uma escola. H\u00e1 duas d\u00e9cadas, pelo menos, est\u00e1 abandonado, porque seu propriet\u00e1rio, o governo do Estado do Rio Grande do Sul, n\u00e3o consegue achar um destino para ele. Planos n\u00e3o faltaram. O governador Ol\u00edvio\u2026","rel":"","context":"Em &quot;X.Categorias velhas&quot;","block_context":{"text":"X.Categorias velhas","link":"https:\/\/www.jornalja.com.br\/arquivo\/category\/x-categorias-velhas\/"},"img":{"alt_text":"geraldo1","src":"https:\/\/i0.wp.com\/www.jornalja.com.br\/wp-content\/uploads\/2009\/07\/geraldo1.jpg?resize=350%2C200&ssl=1","width":350,"height":200},"classes":[]},{"id":1280,"url":"https:\/\/www.jornalja.com.br\/arquivo\/o-menino-que-se-tornou-brizola\/","url_meta":{"origin":46979,"position":4},"title":"O Menino que se Tornou Brizola","author":"da Reda\u00e7\u00e3o","date":"28 de julho de 2008","format":false,"excerpt":"Autor: Cleber Dioni A vida de Leonel Brizola, com \u00eanfase para os primeiros anos em Porto Alegre, at\u00e9 o ex\u00edlio no Uruguai e a volta, quinze anos depois. \u00a0\"...\u00c9ramos todos jovens e nos identific\u00e1vamos com aquela massa an\u00f4nima a percorrer as ruas de Porto Alegre, gritando 'Get\u00falio', 'Get\u00falio' e empunhando\u2026","rel":"","context":"Em &quot;Livros&quot;","block_context":{"text":"Livros","link":"https:\/\/www.jornalja.com.br\/arquivo\/category\/livros\/"},"img":{"alt_text":"","src":"https:\/\/i0.wp.com\/www.jornalja.com.br\/wp-content\/uploads\/2008\/07\/brizola.gif?resize=350%2C200&ssl=1","width":350,"height":200},"classes":[]},{"id":14241,"url":"https:\/\/www.jornalja.com.br\/arquivo\/o-guaiba-nas-imagens-poeticas-de-achutti\/","url_meta":{"origin":46979,"position":5},"title":"O Gua\u00edba nas imagens po\u00e9ticas de Achutti","author":"da Reda\u00e7\u00e3o","date":"18 de junho de 2014","format":false,"excerpt":"Em \u201cO Gua\u00edba por Achutti\u201d \u2013 obra financiada via Minist\u00e9rio da Cultura, produ\u00e7\u00e3o executiva de Pedro Longhi, e Fl\u00e1vio Wild como designer \u2013, o fot\u00f3grafo revela a beleza e as mazelas de um espa\u00e7o aqu\u00e1tico de \u00e1guas sempre renovadas, cheio de hist\u00f3rias e lendas como as das cidades que foram\u2026","rel":"","context":"Em &quot;Cultura-Geral&quot;","block_context":{"text":"Cultura-Geral","link":"https:\/\/www.jornalja.com.br\/arquivo\/category\/materiasecundaria\/"},"img":{"alt_text":"","src":"","width":0,"height":0},"classes":[]}],"jetpack_shortlink":"https:\/\/wp.me\/pbQjBd-cdJ","jetpack_featured_media_url":"","_links":{"self":[{"href":"https:\/\/www.jornalja.com.br\/arquivo\/wp-json\/wp\/v2\/posts\/46979","targetHints":{"allow":["GET"]}}],"collection":[{"href":"https:\/\/www.jornalja.com.br\/arquivo\/wp-json\/wp\/v2\/posts"}],"about":[{"href":"https:\/\/www.jornalja.com.br\/arquivo\/wp-json\/wp\/v2\/types\/post"}],"author":[{"embeddable":true,"href":"https:\/\/www.jornalja.com.br\/arquivo\/wp-json\/wp\/v2\/users\/4"}],"replies":[{"embeddable":true,"href":"https:\/\/www.jornalja.com.br\/arquivo\/wp-json\/wp\/v2\/comments?post=46979"}],"version-history":[{"count":0,"href":"https:\/\/www.jornalja.com.br\/arquivo\/wp-json\/wp\/v2\/posts\/46979\/revisions"}],"wp:attachment":[{"href":"https:\/\/www.jornalja.com.br\/arquivo\/wp-json\/wp\/v2\/media?parent=46979"}],"wp:term":[{"taxonomy":"category","embeddable":true,"href":"https:\/\/www.jornalja.com.br\/arquivo\/wp-json\/wp\/v2\/categories?post=46979"},{"taxonomy":"post_tag","embeddable":true,"href":"https:\/\/www.jornalja.com.br\/arquivo\/wp-json\/wp\/v2\/tags?post=46979"}],"curies":[{"name":"wp","href":"https:\/\/api.w.org\/{rel}","templated":true}]}}