{"id":47044,"date":"2017-04-10T16:26:27","date_gmt":"2017-04-10T19:26:27","guid":{"rendered":"https:\/\/www.jornalja.com.br\/?p=47044"},"modified":"2017-04-10T16:26:27","modified_gmt":"2017-04-10T19:26:27","slug":"novos-tempos-na-cinemateca-capitolio","status":"publish","type":"post","link":"https:\/\/www.jornalja.com.br\/arquivo\/novos-tempos-na-cinemateca-capitolio\/","title":{"rendered":"Novos tempos na Cinemateca Capit\u00f3lio"},"content":{"rendered":"<p><span class=\"assina\">Matheus Chaparini<\/span><br \/>\nQuem passa pela esquina da avenida Borges de Medeiros com a rua Dem\u00e9trio Ribeiro percebe uma novidade na fachada da tradicional Cinemateca Capit\u00f3lio: o letreiro\u00a0<strong>Petrobras<\/strong>.<br \/>\nA inclus\u00e3o do nome da empresa \u00e9 uma exig\u00eancia do projeto de moderniza\u00e7\u00e3o, financiado pela Petrobras\u00a0atrav\u00e9s de Lei de Incentivo \u00e0 Cultura.<br \/>\nO pre\u00e7o dos ingressos tamb\u00e9m mudou recentemente, de R$ 10 para R$ 16. Sess\u00f5es especiais, mostras e festivais seguem com o valor antigo.<br \/>\nAs novidades v\u00e3o al\u00e9m. A parceria permitiu a aquisi\u00e7\u00e3o de um novo projetor digital, uma programa\u00e7\u00e3o intensa para 2017 e a digitaliza\u00e7\u00e3o do acervo do Capit\u00f3lio.<br \/>\n<figure id=\"attachment_46953\" aria-describedby=\"caption-attachment-46953\" style=\"width: 725px\" class=\"wp-caption alignnone\"><img loading=\"lazy\" decoding=\"async\" class=\"wp-image-46953 size-full\" src=\"https:\/\/www.jornalja.com.br\/wp-content\/uploads\/2017\/04\/20170407_0015_Cine-Capito\u0301lio_por_Ramiro-Furquim__OAF0234.jpg\" alt=\"Sala de cinema tem 164 lugares \/ Ramiro Furquim\/Jornal J\u00e1\" width=\"725\" height=\"482\" \/><figcaption id=\"caption-attachment-46953\" class=\"wp-caption-text\">Sala de cinema tem 164 lugares \/ Ramiro Furquim\/Jornal J\u00e1<\/figcaption><\/figure><br \/>\nO diretor do Capit\u00f3lio, Cristiano Trein, reconhece que a mudan\u00e7a do nome de um local t\u00e3o tradicional da cidade gera pol\u00eamica. \u201cA Prefeitura questionou, o governo do Estado questionou, a Fundacine questionou.\u201d Trein afirma que a mudan\u00e7a do nome est\u00e1 prevista no acordo com a empresa. \u201cA Petrobras entrou por causa dos <em>naming rights<\/em>. Faz parte da estrat\u00e9gia de marketing cultural deles.\u201d<br \/>\nNa opini\u00e3o do diretor, a marca da empresa n\u00e3o foi colocada de forma invasiva e n\u00e3o descaracterizou o Capit\u00f3lio. Em rela\u00e7\u00e3o ao debate sobre se o valor investido pela petroqu\u00edmica justificaria a contrapartida, ele \u00e9 taxativo: \u201cN\u00e3o tem muito o que discutir. \u00c9 procurar p\u00ealo em ovo.\u201d<br \/>\n<span class=\"intertit\">Petrobras participou tamb\u00e9m da reforma<\/span><br \/>\nO Cine-Theatro Capit\u00f3lio foi inaugurado em 1928. O pr\u00e9dio foi projetado e constru\u00eddo pelo engenheiro Domingos Rocco e seu primeiro propriet\u00e1rio foi Lu\u00eds Fallace. O Capit\u00f3lio possu\u00eda um equipamento moderno para a \u00e9poca, com 1.295 lugares para espet\u00e1culos variados. Al\u00e9m de filmes, a casa recebeu apresenta\u00e7\u00f5es de ballet e teatro, e at\u00e9 concursos de misses.<br \/>\nO cinema viveu momentos de apogeu e decad\u00eancia e passou por um inc\u00eandio. Na d\u00e9cada de 1990 a constru\u00e7\u00e3o foi tombada pela Prefeitura.<br \/>\nEm 2004, teve in\u00edcio uma ampla reforma que durou mais de dez anos. O custo total da reforma chegou a R$ 6,2 milh\u00f5es. A Petrobras arcou com cerca de R$ 4 milh\u00f5es, atrav\u00e9s da Lei Rouanet. O restante foi pago por BNDES, Minist\u00e9rio da Cultura \u00a0e Prefeitura de Porto Alegre.<br \/>\n<figure id=\"attachment_46947\" aria-describedby=\"caption-attachment-46947\" style=\"width: 300px\" class=\"wp-caption alignleft\"><img loading=\"lazy\" decoding=\"async\" class=\"size-medium wp-image-46947\" src=\"https:\/\/www.jornalja.com.br\/wp-content\/uploads\/2017\/04\/20170407_0009_Cine-Capito\u0301lio_por_Ramiro-Furquim__OAF0180-300x199.jpg\" alt=\"Como novo equipamento digital, sala de cinema pode passar filmes nos mais variados formatos \/ Ramiro Furquim\/Jornal J\u00e1\" width=\"300\" height=\"199\" \/><figcaption id=\"caption-attachment-46947\" class=\"wp-caption-text\">Como novo equipamento digital, sala de cinema pode passar filmes nos mais variados formatos \/ Ramiro Furquim\/Jornal J\u00e1<\/figcaption><\/figure><br \/>\nPara 2017, o recurso investido pela empresa foi de R$ 738.659,80. Deste valor, aproximadamente a metade foi destinada para a aquisi\u00e7\u00e3o do projetor. O restante ser\u00e1 investido na programa\u00e7\u00e3o e na digitaliza\u00e7\u00e3o do acervo. O projeto foi aprovado pela Fundacine.<br \/>\nO diretor da cinemateca explica que o sistema de parcerias \u00e9 uma estrat\u00e9gia da atual gest\u00e3o. \u201cEssa gest\u00e3o Marchezan-Alabarse aposta no sistema de OS. Essas funda\u00e7\u00f5es sem fins lucrativos s\u00e3o muitos funcionais para os aparelhos p\u00fablicos de cultura e podem ajudar na opera\u00e7\u00e3o\u201d, defende.<br \/>\nA programa\u00e7\u00e3o prevista para o ano inclui seis mostras de cinema e seis workshops. Duas destas mostras acontecem no m\u00eas de maio. Entre os dias 4 e 7 de maio, a cinemateca recebe o festival \u00c9 Tudo Verdade, principal mostra de document\u00e1rios do pa\u00eds. \u00c9 a primeira vez que Porto Alegre sedia o festival, que passa tamb\u00e9m por Belo Horizonte, Bras\u00edlia, S\u00e3o Paulo e Rio de Janeiro.<br \/>\nDe 19 de maio a 4 de junho, acontece o festival Fantaspoa, de cinema fant\u00e1stico, que inclui fantasia, fic\u00e7\u00e3o cient\u00edfica, horror e thriller.<br \/>\n<span class=\"intertit\">Acervo ter\u00e1 mais de 50 mil pe\u00e7as digitalizadas<\/span><br \/>\nA terceira parte do projeto \u00e9 a digitaliza\u00e7\u00e3o do acervo da cinemateca. S\u00e3o mais de 50 mil itens, entre filmes, cartazes, livros, mat\u00e9rias publicadas em jornais, entre outros. Somente filmes, s\u00e3o aproximadamente dez mil. A biblioteca do Capit\u00f3lio possui cerca de mil livros sobre cinema. O acervo da Usina do Gas\u00f4metro foi incorporado ao Capit\u00f3lio.<br \/>\nSegundo o coordenador de cinema Marcus Mello, o grosso do acervo \u00e9 a produ\u00e7\u00e3o de longas e curtas do Rio Grande do Sul desde o final da d\u00e9cada de 1980.<br \/>\n<figure id=\"attachment_46941\" aria-describedby=\"caption-attachment-46941\" style=\"width: 725px\" class=\"wp-caption alignnone\"><img loading=\"lazy\" decoding=\"async\" class=\"wp-image-46941 size-full\" src=\"https:\/\/www.jornalja.com.br\/wp-content\/uploads\/2017\/04\/20170407_0003_Cine-Capito\u0301lio_por_Ramiro-Furquim__OAF0156.jpg\" alt=\"Acervo da Cinemateca Capit\u00f3lio tem mais de 10 mil filmes \/ Ramiro Furquim\/Jornal J\u00e1\" width=\"725\" height=\"482\" \/><figcaption id=\"caption-attachment-46941\" class=\"wp-caption-text\">Acervo da Cinemateca Capit\u00f3lio tem mais de 10 mil filmes \/ Ramiro Furquim\/Jornal J\u00e1<\/figcaption><\/figure><br \/>\nO acervo do capit\u00f3lio guarda alguns dos mais conhecidos filmes ga\u00fachos, como Anahy de las Missiones, de S\u00e9rgio Silva, O Homem que Copiava, de Jorge Furtado, e o cl\u00e1ssico dos anos 80 Verdes Anos, de Carlos Gerbase e Giba Assis Brasil.<br \/>\nH\u00e1 tamb\u00e9m filmes mais antigos. Os formatos s\u00e3o os mais diversos, 35mm, VHS, DVD, Blue Ray. \u201cS\u00e3o filmes que se n\u00e3o forem digitalizados podem se perder para sempre\u201d, defende o diretor Cristiano Trein.<br \/>\nN\u00e3o est\u00e3o contabilizadas a\u00ed pe\u00e7as que est\u00e3o em processo de cataloga\u00e7\u00e3o. \u201cN\u00f3s recebemos muitas doa\u00e7\u00f5es. Todo dia chega coisa nova\u201d, afirma o coordenador de cinema, Marcus Mello.<br \/>\nRecentemente, o Capit\u00f3lio recebeu em uma \u00fanica doa\u00e7\u00e3o, mais de 15 mil pe\u00e7as. Trata-se da cole\u00e7\u00e3o pessoal de Telmo Kersting, doada pela fam\u00edlia. S\u00e3o mini-cartazes de divulga\u00e7\u00e3o de filmes. \u201cEram cartazes iguais aos da porta do cinema, por\u00e9m menores. No verso, vinham informa\u00e7\u00f5es como sinopse e cr\u00edticas. Eram muito usados no tempo que n\u00e3o havia internet\u201d, explica Mello. Segundo ele, Kersting foi uma dos maiores colecionadores deste tipo de cartazes do Brasil.<br \/>\n<figure id=\"attachment_46943\" aria-describedby=\"caption-attachment-46943\" style=\"width: 725px\" class=\"wp-caption alignnone\"><img loading=\"lazy\" decoding=\"async\" class=\"wp-image-46943 size-full\" src=\"https:\/\/www.jornalja.com.br\/wp-content\/uploads\/2017\/04\/20170407_0005_Cine-Capito\u0301lio_por_Ramiro-Furquim__OAF0171.jpg\" alt=\"Recentemente, em uma \u00fanica doa\u00e7\u00e3o o acervo ganhou 15 mil minicartazes de filmes variados \/ Jornal J\u00e1\" width=\"725\" height=\"482\" \/><figcaption id=\"caption-attachment-46943\" class=\"wp-caption-text\">Recentemente, em uma \u00fanica doa\u00e7\u00e3o o acervo ganhou 15 mil mini-cartazes de filmes variados \/ Jornal J\u00e1<\/figcaption><\/figure><br \/>\nAtualmente, a equipe da cinemateca realiza um levantamento de todos os longas-metragens j\u00e1 produzidos no Estado. Mello estima que sejam aproximadamente 200. Entre os filmes buscados est\u00e1 Crime dos Banhados, lan\u00e7ado em 1914, em Pelotas, considerado o primeiro longa metragem produzido no Rio Grande do Sul.<br \/>\nParte deste trabalho inclui pesquisa em jornais por mat\u00e9rias sobre exibi\u00e7\u00e3o de filmes antigos dos quais n\u00e3o se conhece o paradeiro.<br \/>\nAp\u00f3s a digitaliza\u00e7\u00e3o, o objetivo \u00e9 come\u00e7ar a prospectar, ou seja, ir atr\u00e1s de mais material para ampliar o acervo. Neste processes, devem se envolver universidades que oferecem cursos de cinema.<br \/>\n<figure id=\"attachment_46946\" aria-describedby=\"caption-attachment-46946\" style=\"width: 300px\" class=\"wp-caption alignleft\"><img loading=\"lazy\" decoding=\"async\" class=\"size-medium wp-image-46946\" src=\"https:\/\/www.jornalja.com.br\/wp-content\/uploads\/2017\/04\/20170407_0008_Cine-Capito\u0301lio_por_Ramiro-Furquim__OAF0178-300x199.jpg\" alt=\"Al\u00e9m de filmes, acervo tem livros, cartazes, jornais e revistas \/ Ramiro Furquim\/Jornal J\u00e1\" width=\"300\" height=\"199\" \/><figcaption id=\"caption-attachment-46946\" class=\"wp-caption-text\">Al\u00e9m de filmes, acervo tem livros, cartazes, jornais e revistas \/ Ramiro Furquim\/Jornal J\u00e1<\/figcaption><\/figure><br \/>\nAinda neste semestre, o Capit\u00f3lio vai adquirir um banco de dados para organizar as informa\u00e7\u00f5es relativas ao acervo e facilitar o acesso a elas. O banco de dados tamb\u00e9m \u00e9 parte do projeto em parceria com a Petrobras.<br \/>\nA equipe da cinemateca j\u00e1 projeta uma renova\u00e7\u00e3o da parceria para 2018. Para a pr\u00f3xima etapa, o diretor Cristiano Trein quer incluir a restaura\u00e7\u00e3o de pel\u00edculas. O processo \u00e9 complexo e \u00e9 realizado pela cinemateca brasileira, localizada em S\u00e3o Paulo.<br \/>\nO conte\u00fado da pel\u00edcula \u00e9 passado para o formato de v\u00eddeo em alta qualidade. A pr\u00f3xima etapa \u00e9 a corre\u00e7\u00e3o das imperfei\u00e7\u00f5es. Em seguida, o material \u00e9 digitalizado. O arquivo digital pode inclusive ser passado novamente para pel\u00edcula. \u201cTem muita coisa espalhada, nossa ideia \u00e9 reunir tudo aqui, mas sem retirar dos locais onde hoje est\u00e3o. Vamos fazer c\u00f3pias\u201d, defende Marcus Mello.<\/p>\n","protected":false},"excerpt":{"rendered":"<p>Matheus Chaparini Quem passa pela esquina da avenida Borges de Medeiros com a rua Dem\u00e9trio Ribeiro percebe uma novidade na fachada da tradicional Cinemateca Capit\u00f3lio: o letreiro\u00a0Petrobras. A inclus\u00e3o do nome da empresa \u00e9 uma exig\u00eancia do projeto de moderniza\u00e7\u00e3o, financiado pela Petrobras\u00a0atrav\u00e9s de Lei de Incentivo \u00e0 Cultura. O pre\u00e7o dos ingressos tamb\u00e9m mudou [&hellip;]<\/p>\n","protected":false},"author":4,"featured_media":46954,"comment_status":"open","ping_status":"closed","sticky":false,"template":"","format":"standard","meta":{"_jetpack_newsletter_access":"","_jetpack_dont_email_post_to_subs":false,"_jetpack_newsletter_tier_id":0,"_jetpack_memberships_contains_paywalled_content":false,"_jetpack_feature_clip_id":0,"_jetpack_memberships_contains_paid_content":false,"footnotes":"","jetpack_post_was_ever_published":false},"categories":[26],"tags":[],"class_list":["post-47044","post","type-post","status-publish","format-standard","has-post-thumbnail","hentry","category-geral"],"aioseo_notices":[],"aioseo_head":"\n\t\t<!-- All in One SEO 5.0.1.1 - aioseo.com -->\n\t<meta name=\"robots\" content=\"max-image-preview:large\" \/>\n\t<meta name=\"author\" content=\"da Reda\u00e7\u00e3o\"\/>\n\t<link rel=\"canonical\" href=\"https:\/\/www.jornalja.com.br\/arquivo\/novos-tempos-na-cinemateca-capitolio\/\" \/>\n\t<meta name=\"generator\" content=\"All in One SEO (AIOSEO) 5.0.1.1\" \/>\n\t\t<meta property=\"og:locale\" content=\"pt_BR\" \/>\n\t\t<meta property=\"og:site_name\" content=\"Arquivo | Jornal J\u00c1 | Porto Alegre\" \/>\n\t\t<meta property=\"og:type\" content=\"article\" \/>\n\t\t<meta property=\"og:title\" content=\"Novos tempos na Cinemateca Capit\u00f3lio | Arquivo\" \/>\n\t\t<meta property=\"og:url\" content=\"https:\/\/www.jornalja.com.br\/arquivo\/novos-tempos-na-cinemateca-capitolio\/\" \/>\n\t\t<meta property=\"og:image\" content=\"https:\/\/www.jornalja.com.br\/wp-content\/uploads\/2017\/04\/20170407_0015_Cine-Capito\u0301lio_por_Ramiro-Furquim__OAF0234.jpg\" \/>\n\t\t<meta property=\"og:image:secure_url\" content=\"https:\/\/www.jornalja.com.br\/wp-content\/uploads\/2017\/04\/20170407_0015_Cine-Capito\u0301lio_por_Ramiro-Furquim__OAF0234.jpg\" \/>\n\t\t<meta property=\"article:published_time\" content=\"2017-04-10T19:26:27+00:00\" \/>\n\t\t<meta property=\"article:modified_time\" content=\"2017-04-10T19:26:27+00:00\" \/>\n\t\t<meta name=\"twitter:card\" content=\"summary\" \/>\n\t\t<meta name=\"twitter:title\" content=\"Novos tempos na Cinemateca Capit\u00f3lio | Arquivo\" \/>\n\t\t<meta name=\"twitter:image\" content=\"https:\/\/www.jornalja.com.br\/economics\/wp-content\/uploads\/sites\/11\/2026\/08\/ja-folhaderosto-facebook.jpg\" \/>\n\t\t<script type=\"application\/ld+json\" class=\"aioseo-schema\">\n\t\t\t{\"@context\":\"https:\\\/\\\/schema.org\",\"@graph\":[{\"@type\":\"BlogPosting\",\"@id\":\"https:\\\/\\\/www.jornalja.com.br\\\/arquivo\\\/novos-tempos-na-cinemateca-capitolio\\\/#blogposting\",\"name\":\"Novos tempos na Cinemateca Capit\\u00f3lio | Arquivo\",\"headline\":\"Novos tempos na Cinemateca Capit\\u00f3lio\",\"author\":{\"@id\":\"https:\\\/\\\/www.jornalja.com.br\\\/arquivo\\\/author\\\/daredacao\\\/#author\"},\"publisher\":{\"@id\":\"https:\\\/\\\/www.jornalja.com.br\\\/arquivo\\\/#organization\"},\"image\":{\"@type\":\"ImageObject\",\"url\":46954},\"datePublished\":\"2017-04-10T16:26:27-03:00\",\"dateModified\":\"2017-04-10T16:26:27-03:00\",\"inLanguage\":\"pt-BR\",\"mainEntityOfPage\":{\"@id\":\"https:\\\/\\\/www.jornalja.com.br\\\/arquivo\\\/novos-tempos-na-cinemateca-capitolio\\\/#webpage\"},\"isPartOf\":{\"@id\":\"https:\\\/\\\/www.jornalja.com.br\\\/arquivo\\\/novos-tempos-na-cinemateca-capitolio\\\/#webpage\"},\"articleSection\":\"Geral\"},{\"@type\":\"BreadcrumbList\",\"@id\":\"https:\\\/\\\/www.jornalja.com.br\\\/arquivo\\\/novos-tempos-na-cinemateca-capitolio\\\/#breadcrumblist\",\"itemListElement\":[{\"@type\":\"ListItem\",\"@id\":\"https:\\\/\\\/www.jornalja.com.br\\\/arquivo#listItem\",\"position\":1,\"name\":\"Home\",\"item\":\"https:\\\/\\\/www.jornalja.com.br\\\/arquivo\",\"nextItem\":{\"@type\":\"ListItem\",\"@id\":\"https:\\\/\\\/www.jornalja.com.br\\\/arquivo\\\/category\\\/geral\\\/#listItem\",\"name\":\"Geral\"}},{\"@type\":\"ListItem\",\"@id\":\"https:\\\/\\\/www.jornalja.com.br\\\/arquivo\\\/category\\\/geral\\\/#listItem\",\"position\":2,\"name\":\"Geral\",\"item\":\"https:\\\/\\\/www.jornalja.com.br\\\/arquivo\\\/category\\\/geral\\\/\",\"nextItem\":{\"@type\":\"ListItem\",\"@id\":\"https:\\\/\\\/www.jornalja.com.br\\\/arquivo\\\/novos-tempos-na-cinemateca-capitolio\\\/#listItem\",\"name\":\"Novos tempos na Cinemateca Capit\\u00f3lio\"},\"previousItem\":{\"@type\":\"ListItem\",\"@id\":\"https:\\\/\\\/www.jornalja.com.br\\\/arquivo#listItem\",\"name\":\"Home\"}},{\"@type\":\"ListItem\",\"@id\":\"https:\\\/\\\/www.jornalja.com.br\\\/arquivo\\\/novos-tempos-na-cinemateca-capitolio\\\/#listItem\",\"position\":3,\"name\":\"Novos tempos na Cinemateca Capit\\u00f3lio\",\"previousItem\":{\"@type\":\"ListItem\",\"@id\":\"https:\\\/\\\/www.jornalja.com.br\\\/arquivo\\\/category\\\/geral\\\/#listItem\",\"name\":\"Geral\"}}]},{\"@type\":\"Organization\",\"@id\":\"https:\\\/\\\/www.jornalja.com.br\\\/arquivo\\\/#organization\",\"name\":\"Jornal J\\u00c1\",\"description\":\"Jornal J\\u00c1 | Porto Alegre\",\"url\":\"https:\\\/\\\/www.jornalja.com.br\\\/arquivo\\\/\",\"telephone\":\"+555133307272\",\"logo\":{\"@type\":\"ImageObject\",\"url\":\"https:\\\/\\\/www.jornalja.com.br\\\/wp-content\\\/uploads\\\/cards\\\/JAslogan.png\",\"@id\":\"https:\\\/\\\/www.jornalja.com.br\\\/arquivo\\\/novos-tempos-na-cinemateca-capitolio\\\/#organizationLogo\"},\"image\":{\"@id\":\"https:\\\/\\\/www.jornalja.com.br\\\/arquivo\\\/novos-tempos-na-cinemateca-capitolio\\\/#organizationLogo\"}},{\"@type\":\"Person\",\"@id\":\"https:\\\/\\\/www.jornalja.com.br\\\/arquivo\\\/author\\\/daredacao\\\/#author\",\"url\":\"https:\\\/\\\/www.jornalja.com.br\\\/arquivo\\\/author\\\/daredacao\\\/\",\"name\":\"da Reda\\u00e7\\u00e3o\",\"image\":{\"@type\":\"ImageObject\",\"@id\":\"https:\\\/\\\/www.jornalja.com.br\\\/arquivo\\\/novos-tempos-na-cinemateca-capitolio\\\/#authorImage\",\"url\":\"https:\\\/\\\/secure.gravatar.com\\\/avatar\\\/469fd857d6605ad19919d27ed29d35a968a25f6e8fd9318356bbb7f57aae9c65?s=96&d=mm&r=g\",\"width\":96,\"height\":96,\"caption\":\"da Reda\\u00e7\\u00e3o\"}},{\"@type\":\"WebPage\",\"@id\":\"https:\\\/\\\/www.jornalja.com.br\\\/arquivo\\\/novos-tempos-na-cinemateca-capitolio\\\/#webpage\",\"url\":\"https:\\\/\\\/www.jornalja.com.br\\\/arquivo\\\/novos-tempos-na-cinemateca-capitolio\\\/\",\"name\":\"Novos tempos na Cinemateca Capit\\u00f3lio | Arquivo\",\"inLanguage\":\"pt-BR\",\"isPartOf\":{\"@id\":\"https:\\\/\\\/www.jornalja.com.br\\\/arquivo\\\/#website\"},\"breadcrumb\":{\"@id\":\"https:\\\/\\\/www.jornalja.com.br\\\/arquivo\\\/novos-tempos-na-cinemateca-capitolio\\\/#breadcrumblist\"},\"author\":{\"@id\":\"https:\\\/\\\/www.jornalja.com.br\\\/arquivo\\\/author\\\/daredacao\\\/#author\"},\"creator\":{\"@id\":\"https:\\\/\\\/www.jornalja.com.br\\\/arquivo\\\/author\\\/daredacao\\\/#author\"},\"image\":{\"@type\":\"ImageObject\",\"url\":46954,\"@id\":\"https:\\\/\\\/www.jornalja.com.br\\\/arquivo\\\/novos-tempos-na-cinemateca-capitolio\\\/#mainImage\"},\"primaryImageOfPage\":{\"@id\":\"https:\\\/\\\/www.jornalja.com.br\\\/arquivo\\\/novos-tempos-na-cinemateca-capitolio\\\/#mainImage\"},\"datePublished\":\"2017-04-10T16:26:27-03:00\",\"dateModified\":\"2017-04-10T16:26:27-03:00\"},{\"@type\":\"WebSite\",\"@id\":\"https:\\\/\\\/www.jornalja.com.br\\\/arquivo\\\/#website\",\"url\":\"https:\\\/\\\/www.jornalja.com.br\\\/arquivo\\\/\",\"name\":\"Arquivo\",\"description\":\"Jornal J\\u00c1 | Porto Alegre\",\"inLanguage\":\"pt-BR\",\"publisher\":{\"@id\":\"https:\\\/\\\/www.jornalja.com.br\\\/arquivo\\\/#organization\"}}]}\n\t\t<\/script>\n\t\t<!-- All in One SEO -->\n\n","aioseo_head_json":{"title":"Novos tempos na Cinemateca Capit\u00f3lio | Arquivo","description":"","canonical_url":"https:\/\/www.jornalja.com.br\/arquivo\/novos-tempos-na-cinemateca-capitolio\/","robots":"max-image-preview:large","keywords":"","webmasterTools":{"miscellaneous":""},"schema":{"@context":"https:\/\/schema.org","@graph":[{"@type":"BlogPosting","@id":"https:\/\/www.jornalja.com.br\/arquivo\/novos-tempos-na-cinemateca-capitolio\/#blogposting","name":"Novos tempos na Cinemateca Capit\u00f3lio | Arquivo","headline":"Novos tempos na Cinemateca Capit\u00f3lio","author":{"@id":"https:\/\/www.jornalja.com.br\/arquivo\/author\/daredacao\/#author"},"publisher":{"@id":"https:\/\/www.jornalja.com.br\/arquivo\/#organization"},"image":{"@type":"ImageObject","url":46954},"datePublished":"2017-04-10T16:26:27-03:00","dateModified":"2017-04-10T16:26:27-03:00","inLanguage":"pt-BR","mainEntityOfPage":{"@id":"https:\/\/www.jornalja.com.br\/arquivo\/novos-tempos-na-cinemateca-capitolio\/#webpage"},"isPartOf":{"@id":"https:\/\/www.jornalja.com.br\/arquivo\/novos-tempos-na-cinemateca-capitolio\/#webpage"},"articleSection":"Geral"},{"@type":"BreadcrumbList","@id":"https:\/\/www.jornalja.com.br\/arquivo\/novos-tempos-na-cinemateca-capitolio\/#breadcrumblist","itemListElement":[{"@type":"ListItem","@id":"https:\/\/www.jornalja.com.br\/arquivo#listItem","position":1,"name":"Home","item":"https:\/\/www.jornalja.com.br\/arquivo","nextItem":{"@type":"ListItem","@id":"https:\/\/www.jornalja.com.br\/arquivo\/category\/geral\/#listItem","name":"Geral"}},{"@type":"ListItem","@id":"https:\/\/www.jornalja.com.br\/arquivo\/category\/geral\/#listItem","position":2,"name":"Geral","item":"https:\/\/www.jornalja.com.br\/arquivo\/category\/geral\/","nextItem":{"@type":"ListItem","@id":"https:\/\/www.jornalja.com.br\/arquivo\/novos-tempos-na-cinemateca-capitolio\/#listItem","name":"Novos tempos na Cinemateca Capit\u00f3lio"},"previousItem":{"@type":"ListItem","@id":"https:\/\/www.jornalja.com.br\/arquivo#listItem","name":"Home"}},{"@type":"ListItem","@id":"https:\/\/www.jornalja.com.br\/arquivo\/novos-tempos-na-cinemateca-capitolio\/#listItem","position":3,"name":"Novos tempos na Cinemateca Capit\u00f3lio","previousItem":{"@type":"ListItem","@id":"https:\/\/www.jornalja.com.br\/arquivo\/category\/geral\/#listItem","name":"Geral"}}]},{"@type":"Organization","@id":"https:\/\/www.jornalja.com.br\/arquivo\/#organization","name":"Jornal J\u00c1","description":"Jornal J\u00c1 | Porto Alegre","url":"https:\/\/www.jornalja.com.br\/arquivo\/","telephone":"+555133307272","logo":{"@type":"ImageObject","url":"https:\/\/www.jornalja.com.br\/wp-content\/uploads\/cards\/JAslogan.png","@id":"https:\/\/www.jornalja.com.br\/arquivo\/novos-tempos-na-cinemateca-capitolio\/#organizationLogo"},"image":{"@id":"https:\/\/www.jornalja.com.br\/arquivo\/novos-tempos-na-cinemateca-capitolio\/#organizationLogo"}},{"@type":"Person","@id":"https:\/\/www.jornalja.com.br\/arquivo\/author\/daredacao\/#author","url":"https:\/\/www.jornalja.com.br\/arquivo\/author\/daredacao\/","name":"da Reda\u00e7\u00e3o","image":{"@type":"ImageObject","@id":"https:\/\/www.jornalja.com.br\/arquivo\/novos-tempos-na-cinemateca-capitolio\/#authorImage","url":"https:\/\/secure.gravatar.com\/avatar\/469fd857d6605ad19919d27ed29d35a968a25f6e8fd9318356bbb7f57aae9c65?s=96&d=mm&r=g","width":96,"height":96,"caption":"da Reda\u00e7\u00e3o"}},{"@type":"WebPage","@id":"https:\/\/www.jornalja.com.br\/arquivo\/novos-tempos-na-cinemateca-capitolio\/#webpage","url":"https:\/\/www.jornalja.com.br\/arquivo\/novos-tempos-na-cinemateca-capitolio\/","name":"Novos tempos na Cinemateca Capit\u00f3lio | Arquivo","inLanguage":"pt-BR","isPartOf":{"@id":"https:\/\/www.jornalja.com.br\/arquivo\/#website"},"breadcrumb":{"@id":"https:\/\/www.jornalja.com.br\/arquivo\/novos-tempos-na-cinemateca-capitolio\/#breadcrumblist"},"author":{"@id":"https:\/\/www.jornalja.com.br\/arquivo\/author\/daredacao\/#author"},"creator":{"@id":"https:\/\/www.jornalja.com.br\/arquivo\/author\/daredacao\/#author"},"image":{"@type":"ImageObject","url":46954,"@id":"https:\/\/www.jornalja.com.br\/arquivo\/novos-tempos-na-cinemateca-capitolio\/#mainImage"},"primaryImageOfPage":{"@id":"https:\/\/www.jornalja.com.br\/arquivo\/novos-tempos-na-cinemateca-capitolio\/#mainImage"},"datePublished":"2017-04-10T16:26:27-03:00","dateModified":"2017-04-10T16:26:27-03:00"},{"@type":"WebSite","@id":"https:\/\/www.jornalja.com.br\/arquivo\/#website","url":"https:\/\/www.jornalja.com.br\/arquivo\/","name":"Arquivo","description":"Jornal J\u00c1 | Porto Alegre","inLanguage":"pt-BR","publisher":{"@id":"https:\/\/www.jornalja.com.br\/arquivo\/#organization"}}]},"og:locale":"pt_BR","og:site_name":"Arquivo | Jornal J\u00c1 | Porto Alegre","og:type":"article","og:title":"Novos tempos na Cinemateca Capit\u00f3lio | Arquivo","og:url":"https:\/\/www.jornalja.com.br\/arquivo\/novos-tempos-na-cinemateca-capitolio\/","og:image":"https:\/\/www.jornalja.com.br\/wp-content\/uploads\/2017\/04\/20170407_0015_Cine-Capito\u0301lio_por_Ramiro-Furquim__OAF0234.jpg","og:image:secure_url":"https:\/\/www.jornalja.com.br\/wp-content\/uploads\/2017\/04\/20170407_0015_Cine-Capito\u0301lio_por_Ramiro-Furquim__OAF0234.jpg","article:published_time":"2017-04-10T19:26:27+00:00","article:modified_time":"2017-04-10T19:26:27+00:00","twitter:card":"summary","twitter:title":"Novos tempos na Cinemateca Capit\u00f3lio | Arquivo","twitter:image":"https:\/\/www.jornalja.com.br\/economics\/wp-content\/uploads\/sites\/11\/2026\/08\/ja-folhaderosto-facebook.jpg"},"aioseo_meta_data":{"post_id":"47044","title":null,"description":null,"keywords":null,"keyphrases":null,"primary_term":null,"canonical_url":null,"og_title":null,"og_description":null,"og_object_type":"default","og_image_type":"default","og_image_url":null,"og_image_width":null,"og_image_height":null,"og_image_custom_url":null,"og_image_custom_fields":null,"og_video":null,"og_custom_url":null,"og_article_section":null,"og_article_tags":null,"twitter_use_og":false,"twitter_card":"default","twitter_image_type":"default","twitter_image_url":null,"twitter_image_custom_url":null,"twitter_image_custom_fields":null,"twitter_title":null,"twitter_description":null,"schema":{"blockGraphs":[],"customGraphs":[],"default":{"data":{"Article":[],"Course":[],"Dataset":[],"FAQPage":[],"Movie":[],"Person":[],"Product":[],"ProductReview":[],"Car":[],"Recipe":[],"Service":[],"SoftwareApplication":[],"WebPage":[]},"graphName":"","isEnabled":true},"graphs":[],"defaultGraph":"","defaultPostTypeGraph":""},"schema_type":null,"schema_type_options":null,"pillar_content":false,"robots_default":true,"robots_noindex":false,"robots_noarchive":false,"robots_nosnippet":false,"robots_nofollow":false,"robots_noimageindex":false,"robots_noodp":false,"robots_notranslate":false,"robots_max_snippet":null,"robots_max_videopreview":null,"robots_max_imagepreview":"large","priority":null,"frequency":null,"location":null,"local_seo":null,"breadcrumb_settings":null,"limit_modified_date":false,"ai":null,"created":"2020-12-20 20:37:39","updated":"2025-07-19 20:56:57","seo_analyzer_scan_date":null,"focus_keyword":null,"additional_keywords":null,"truseo_locale":null},"jetpack_sharing_enabled":true,"jetpack-related-posts":[{"id":13101,"url":"https:\/\/www.jornalja.com.br\/arquivo\/morre-um-guerreiro-do-texto\/","url_meta":{"origin":47044,"position":0},"title":"Morre um guerreiro do texto","author":"Patr\u00edcia Marini","date":"14 de maio de 2014","format":false,"excerpt":"Por Ricardo Kotscho Reproduzido do blog do autor, 11\/5\/2014; t\u00edtulo original \u201cE l\u00e1 se foi o nosso Myltainho, guerreiro do texto\u201d. Mi\u00fado e franzino, meu amigo Myltainho era um valente e inconformado guerreiro na luta contra as injusti\u00e7as sociais, a hipocrisia, as maracutaias, o autoritarismo, a intoler\u00e2ncia, a viol\u00eancia, o\u2026","rel":"","context":"Em &quot;Geral&quot;","block_context":{"text":"Geral","link":"https:\/\/www.jornalja.com.br\/arquivo\/category\/geral\/"},"img":{"alt_text":"","src":"","width":0,"height":0},"classes":[]},{"id":13124,"url":"https:\/\/www.jornalja.com.br\/arquivo\/sangue-latino-no-iecine\/","url_meta":{"origin":47044,"position":1},"title":"Sangue latino no IECINE","author":"da Reda\u00e7\u00e3o","date":"18 de maio de 2014","format":false,"excerpt":"Francisco Ribeiro O Instituto Estadual de Cinema (IECINE) tem a frente, desde abril \u00faltimo, um novo diretor, o cineasta colombiano Juan Zapata, 36, que substitui Luiz Alberto Cassol. Radicado h\u00e1 dez anos em Porto Alegre, Zapata tem diante de si o desafio de conduzir at\u00e9 o final do ano um\u2026","rel":"","context":"Em &quot;Cultura-Geral&quot;","block_context":{"text":"Cultura-Geral","link":"https:\/\/www.jornalja.com.br\/arquivo\/category\/materiasecundaria\/"},"img":{"alt_text":"","src":"","width":0,"height":0},"classes":[]},{"id":13240,"url":"https:\/\/www.jornalja.com.br\/arquivo\/plano-diretor-estamos-construindo-o-caos\/","url_meta":{"origin":47044,"position":2},"title":"Plano diretor: &quot;Estamos construindo o caos&quot;","author":"Patr\u00edcia Marini","date":"26 de maio de 2014","format":false,"excerpt":"Desabafo que arquiteta Eliana Castilhos, delegada da Regi\u00e3o de Planejamento 1, postou nas redes sociais \u00e9 um testemunho do ambiente que se criou no Conselho do Plano Diretor de Porto Alegre, onde a aprova\u00e7\u00e3o de grandes empreendimentos \u00e9 empurrada guela abaixo dos conselheiros. Ao CMDUA Como delegada da Regi\u00e3o de\u2026","rel":"","context":"Em &quot;Geral&quot;","block_context":{"text":"Geral","link":"https:\/\/www.jornalja.com.br\/arquivo\/category\/geral\/"},"img":{"alt_text":"","src":"","width":0,"height":0},"classes":[]}],"jetpack_shortlink":"https:\/\/wp.me\/pbQjBd-ceM","jetpack_featured_media_url":"","_links":{"self":[{"href":"https:\/\/www.jornalja.com.br\/arquivo\/wp-json\/wp\/v2\/posts\/47044","targetHints":{"allow":["GET"]}}],"collection":[{"href":"https:\/\/www.jornalja.com.br\/arquivo\/wp-json\/wp\/v2\/posts"}],"about":[{"href":"https:\/\/www.jornalja.com.br\/arquivo\/wp-json\/wp\/v2\/types\/post"}],"author":[{"embeddable":true,"href":"https:\/\/www.jornalja.com.br\/arquivo\/wp-json\/wp\/v2\/users\/4"}],"replies":[{"embeddable":true,"href":"https:\/\/www.jornalja.com.br\/arquivo\/wp-json\/wp\/v2\/comments?post=47044"}],"version-history":[{"count":0,"href":"https:\/\/www.jornalja.com.br\/arquivo\/wp-json\/wp\/v2\/posts\/47044\/revisions"}],"wp:attachment":[{"href":"https:\/\/www.jornalja.com.br\/arquivo\/wp-json\/wp\/v2\/media?parent=47044"}],"wp:term":[{"taxonomy":"category","embeddable":true,"href":"https:\/\/www.jornalja.com.br\/arquivo\/wp-json\/wp\/v2\/categories?post=47044"},{"taxonomy":"post_tag","embeddable":true,"href":"https:\/\/www.jornalja.com.br\/arquivo\/wp-json\/wp\/v2\/tags?post=47044"}],"curies":[{"name":"wp","href":"https:\/\/api.w.org\/{rel}","templated":true}]}}