{"id":47113,"date":"2017-04-11T19:52:41","date_gmt":"2017-04-11T22:52:41","guid":{"rendered":"https:\/\/www.jornalja.com.br\/?p=47113"},"modified":"2017-04-11T19:52:41","modified_gmt":"2017-04-11T22:52:41","slug":"moradores-do-sarandi-querem-acoes-contra-alagamentos-na-regiao","status":"publish","type":"post","link":"https:\/\/www.jornalja.com.br\/arquivo\/moradores-do-sarandi-querem-acoes-contra-alagamentos-na-regiao\/","title":{"rendered":"Moradores do Sarandi querem a\u00e7\u00f5es contra alagamentos na regi\u00e3o"},"content":{"rendered":"<p>&#8220;Se tivesse chovido mais 15 minutos ontem t\u00ednhamos perdido tudo outra vez&#8221;, disse o representante do Conselho Popular da Zona Norte e morador do bairro Sarandi, Derli Vitcoski,\u00a0 referindo-se \u00e0 pancada de chuva, de aproximadamente 20 minutos, ocorrida na noite desta segunda-feira (10), em Porto Alegre.<br \/>\n<figure id=\"attachment_47117\" aria-describedby=\"caption-attachment-47117\" style=\"width: 384px\" class=\"wp-caption alignright\"><img loading=\"lazy\" decoding=\"async\" class=\" wp-image-47117\" src=\"https:\/\/www.jornalja.com.br\/wp-content\/uploads\/2017\/04\/IMG_20170411_102733.jpg\" alt=\"Moradores do Sarandi reclamaram dos alagamentos nos \u00faltimos tr\u00eas anos, por causa da falta de limpeza dos c\u00f3rregos \/ Foto: Jornal J\u00e1\" width=\"384\" height=\"220\" \/><figcaption id=\"caption-attachment-47117\" class=\"wp-caption-text\">Moradores do Sarandi reclamaram dos alagamentos nos \u00faltimos quatro anos, por falta de limpeza dos c\u00f3rregos \/ Foto: Jornal J\u00e1<\/figcaption><\/figure><br \/>\nOs moradores do bairro hoje foram \u00e0 C\u00e2mara de Vereadores. Queixaram-se dos seguidos alagamentos na regi\u00e3o, que se tornaram corriqueiros nos \u00faltimos tr\u00eas anos. Ao longo de quase duas horas, residentes e comerciantes da regi\u00e3o reclamaram \u00e0 Comiss\u00e3o de Urbanismo Transportes e Habita\u00e7\u00e3o (Cuthab) dos transtornos causados pela chuva,devido \u00e0 falta de limpeza dos arroios e de falhas nas casas de bombas da regi\u00e3o:<br \/>\n&#8220;\u00c9 mau cheiro e sujeira, baratas e ratos. O trauma \u00e9 grande&#8221;, relatou Margarete Teixeira Coelho, presidente da Associa\u00e7\u00e3o dos Moradores da Rua Serafim Alencastro e Entorno (Amarsae). Por conta das perdas materiais, segundo ela, muitos moradores adoeceram e precisam se submeter a tratamento psiqui\u00e1trico e tomar rem\u00e9dios. O \u00faltimo alagamento ocorreu no dia 15 de mar\u00e7o deste ano. H\u00e1 pelo menos quatro anos a chuva invade as casas e destr\u00f3i m\u00f3veis, eletrodom\u00e9sticos e demais bens dos moradores das vilas Le\u00e3o e Elisabeth.<br \/>\nRepresentantes do DEP (Departamento de Esgoto Pluvial), Carlos Adolfo Bernd e Marcelo Dill, compareceram \u00e0 reuni\u00e3o. Depois de culpar a popula\u00e7\u00e3o por jogar lixo nos cursos d&#8217;\u00e1gua, os dois t\u00e9cnicos admitiram: h\u00e1 &#8220;defasagem&#8221; na limpeza dos arroios e c\u00f3rregos, e ao menos uma das casas de bombeamento n\u00e3o est\u00e1 funcionando direito. &#8220;O contrato de limpeza expirou h\u00e1 um m\u00eas e precisamos fazer uma nova licita\u00e7\u00e3o&#8221;, explicou Bernd.<br \/>\nOs moradores pediram que a limpeza e dragagem sejam feitas a cada tr\u00eas meses, e que seja conclu\u00eddo o muro de conten\u00e7\u00e3o do arroio Sarandi. Fotos dos alagamentos foram mostradas durante a reuni\u00e3o.<br \/>\n<strong>R$\u00a0 87 milh\u00f5es parados em Bras\u00edlia <\/strong><br \/>\n&#8220;C\u00f3rregos que causam alagamentos devem ser drenados&#8221;, afirmou o promotor Heriberto Ross, do Minist\u00e9rio P\u00fablico de Habita\u00e7\u00e3o. Segundo ele, h\u00e1 cerca de R$ 87 milh\u00f5es disponibilizados pelo governo federal, que poderiam ser usados na manuten\u00e7\u00e3o de esgotos e casas de bombas, mas que est\u00e3o trancados no Minist\u00e9rio das Cidades. &#8220;Precisamos que o Legislativo e Executivo municipal v\u00e3o atr\u00e1s dessa verba&#8221;, ressaltou o procurador.<br \/>\nAo final da reuni\u00e3o, os vereadores da Cuthab\u00a0decidiram agendar nova reuni\u00e3o em 15 dias, para que o DEP apresente um conjunto de obras emergenciais para diminuir os preju\u00edzos causados pela chuva desde 2014. Tamb\u00e9m ficaram de marcar uma vistoria nas casas de bombas da regi\u00e3o.<br \/>\nOs integrantes da Cuthab querem examinar a assinatura de contratos emergenciais para desassoreamento na \u00e1rea e outras obras emergenciais, e elaborar um Projeto de lei do Legislativo para que todos os empreendimentos denominados n\u00edvel 2 \u2013 os que exigem contrapartidas de alta monta \u2013 passem primeiramente pela C\u00e2mara, antes de serem aprovados no \u00e2mbito do Executivo (para tanto, \u00e9 necess\u00e1ria uma altera\u00e7\u00e3o no Plano Diretor de Desenvolvimento Urbano Ambiental).<br \/>\n&nbsp;<br \/>\n<figure id=\"attachment_47133\" aria-describedby=\"caption-attachment-47133\" style=\"width: 725px\" class=\"wp-caption alignleft\"><img loading=\"lazy\" decoding=\"async\" class=\"wp-image-47133 size-full\" src=\"https:\/\/www.jornalja.com.br\/wp-content\/uploads\/2017\/04\/IMG-20170315-WA0061.jpg\" alt=\"IMG-20170315-WA0061\" width=\"725\" height=\"408\" \/><figcaption id=\"caption-attachment-47133\" class=\"wp-caption-text\">Temporais causam alagamentos em ruas e casas que cercam o Arroio Sarandi. Fotos feitas por moradores<\/figcaption><\/figure><br \/>\n<figure id=\"attachment_47136\" aria-describedby=\"caption-attachment-47136\" style=\"width: 450px\" class=\"wp-caption alignleft\"><img loading=\"lazy\" decoding=\"async\" class=\"wp-image-47136 size-full\" src=\"https:\/\/www.jornalja.com.br\/wp-content\/uploads\/2017\/04\/Sarandi-04-02-2016-hora-11-15hs-17.jpg\" alt=\"Sarandi - 04-02-2016 - hora 11-15hs (17)\" width=\"450\" height=\"800\" \/><figcaption id=\"caption-attachment-47136\" class=\"wp-caption-text\">Alagamento do dia 4 de fevereiro de 2016. \u00c1gua invadiu casas.<\/figcaption><\/figure><br \/>\n<img loading=\"lazy\" decoding=\"async\" class=\"alignleft size-full wp-image-47125\" src=\"https:\/\/www.jornalja.com.br\/wp-content\/uploads\/2017\/04\/17240693_682228418616415_4793471132695281756_o.jpg\" alt=\"17240693_682228418616415_4793471132695281756_o\" width=\"725\" height=\"408\" \/> <img loading=\"lazy\" decoding=\"async\" class=\"alignleft size-full wp-image-47126\" src=\"https:\/\/www.jornalja.com.br\/wp-content\/uploads\/2017\/04\/17309080_683844471788143_3614515540303336739_n.jpg\" alt=\"17309080_683844471788143_3614515540303336739_n\" width=\"725\" height=\"435\" \/> <img loading=\"lazy\" decoding=\"async\" class=\"alignleft size-full wp-image-47123\" src=\"https:\/\/www.jornalja.com.br\/wp-content\/uploads\/2017\/04\/17240081_682228401949750_2394053288404207228_o.jpg\" alt=\"17240081_682228401949750_2394053288404207228_o\" width=\"725\" height=\"408\" \/><br \/>\n&nbsp;<br \/>\n&nbsp;<br \/>\n&nbsp;<\/p>\n","protected":false},"excerpt":{"rendered":"<p>&#8220;Se tivesse chovido mais 15 minutos ontem t\u00ednhamos perdido tudo outra vez&#8221;, disse o representante do Conselho Popular da Zona Norte e morador do bairro Sarandi, Derli Vitcoski,\u00a0 referindo-se \u00e0 pancada de chuva, de aproximadamente 20 minutos, ocorrida na noite desta segunda-feira (10), em Porto Alegre. Os moradores do bairro hoje foram \u00e0 C\u00e2mara de [&hellip;]<\/p>\n","protected":false},"author":4,"featured_media":47127,"comment_status":"open","ping_status":"closed","sticky":false,"template":"","format":"standard","meta":{"_jetpack_newsletter_access":"","_jetpack_dont_email_post_to_subs":false,"_jetpack_newsletter_tier_id":0,"_jetpack_memberships_contains_paywalled_content":false,"_jetpack_feature_clip_id":0,"_jetpack_memberships_contains_paid_content":false,"footnotes":"","jetpack_post_was_ever_published":false},"categories":[26],"tags":[],"class_list":["post-47113","post","type-post","status-publish","format-standard","has-post-thumbnail","hentry","category-geral"],"aioseo_notices":[],"aioseo_head":"\n\t\t<!-- All in One SEO 5.0.1.1 - aioseo.com -->\n\t<meta name=\"robots\" content=\"max-image-preview:large\" \/>\n\t<meta name=\"author\" content=\"da Reda\u00e7\u00e3o\"\/>\n\t<link rel=\"canonical\" href=\"https:\/\/www.jornalja.com.br\/arquivo\/moradores-do-sarandi-querem-acoes-contra-alagamentos-na-regiao\/\" \/>\n\t<meta name=\"generator\" content=\"All in One SEO (AIOSEO) 5.0.1.1\" \/>\n\t\t<meta property=\"og:locale\" content=\"pt_BR\" \/>\n\t\t<meta property=\"og:site_name\" content=\"Arquivo | Jornal J\u00c1 | Porto Alegre\" \/>\n\t\t<meta property=\"og:type\" content=\"article\" \/>\n\t\t<meta property=\"og:title\" content=\"Moradores do Sarandi querem a\u00e7\u00f5es contra alagamentos na regi\u00e3o | Arquivo\" \/>\n\t\t<meta property=\"og:url\" content=\"https:\/\/www.jornalja.com.br\/arquivo\/moradores-do-sarandi-querem-acoes-contra-alagamentos-na-regiao\/\" \/>\n\t\t<meta property=\"og:image\" content=\"https:\/\/www.jornalja.com.br\/wp-content\/uploads\/2017\/04\/IMG_20170411_102733.jpg\" \/>\n\t\t<meta property=\"og:image:secure_url\" content=\"https:\/\/www.jornalja.com.br\/wp-content\/uploads\/2017\/04\/IMG_20170411_102733.jpg\" \/>\n\t\t<meta property=\"article:published_time\" content=\"2017-04-11T22:52:41+00:00\" \/>\n\t\t<meta property=\"article:modified_time\" content=\"2017-04-11T22:52:41+00:00\" \/>\n\t\t<meta name=\"twitter:card\" content=\"summary\" \/>\n\t\t<meta name=\"twitter:title\" content=\"Moradores do Sarandi querem a\u00e7\u00f5es contra alagamentos na regi\u00e3o | Arquivo\" \/>\n\t\t<meta name=\"twitter:image\" content=\"https:\/\/www.jornalja.com.br\/economics\/wp-content\/uploads\/sites\/11\/2026\/08\/ja-folhaderosto-facebook.jpg\" \/>\n\t\t<script type=\"application\/ld+json\" class=\"aioseo-schema\">\n\t\t\t{\"@context\":\"https:\\\/\\\/schema.org\",\"@graph\":[{\"@type\":\"BlogPosting\",\"@id\":\"https:\\\/\\\/www.jornalja.com.br\\\/arquivo\\\/moradores-do-sarandi-querem-acoes-contra-alagamentos-na-regiao\\\/#blogposting\",\"name\":\"Moradores do Sarandi querem a\\u00e7\\u00f5es contra alagamentos na regi\\u00e3o | Arquivo\",\"headline\":\"Moradores do Sarandi querem a\\u00e7\\u00f5es contra alagamentos na regi\\u00e3o\",\"author\":{\"@id\":\"https:\\\/\\\/www.jornalja.com.br\\\/arquivo\\\/author\\\/daredacao\\\/#author\"},\"publisher\":{\"@id\":\"https:\\\/\\\/www.jornalja.com.br\\\/arquivo\\\/#organization\"},\"image\":{\"@type\":\"ImageObject\",\"url\":47127},\"datePublished\":\"2017-04-11T19:52:41-03:00\",\"dateModified\":\"2017-04-11T19:52:41-03:00\",\"inLanguage\":\"pt-BR\",\"mainEntityOfPage\":{\"@id\":\"https:\\\/\\\/www.jornalja.com.br\\\/arquivo\\\/moradores-do-sarandi-querem-acoes-contra-alagamentos-na-regiao\\\/#webpage\"},\"isPartOf\":{\"@id\":\"https:\\\/\\\/www.jornalja.com.br\\\/arquivo\\\/moradores-do-sarandi-querem-acoes-contra-alagamentos-na-regiao\\\/#webpage\"},\"articleSection\":\"Geral\"},{\"@type\":\"BreadcrumbList\",\"@id\":\"https:\\\/\\\/www.jornalja.com.br\\\/arquivo\\\/moradores-do-sarandi-querem-acoes-contra-alagamentos-na-regiao\\\/#breadcrumblist\",\"itemListElement\":[{\"@type\":\"ListItem\",\"@id\":\"https:\\\/\\\/www.jornalja.com.br\\\/arquivo#listItem\",\"position\":1,\"name\":\"Home\",\"item\":\"https:\\\/\\\/www.jornalja.com.br\\\/arquivo\",\"nextItem\":{\"@type\":\"ListItem\",\"@id\":\"https:\\\/\\\/www.jornalja.com.br\\\/arquivo\\\/category\\\/geral\\\/#listItem\",\"name\":\"Geral\"}},{\"@type\":\"ListItem\",\"@id\":\"https:\\\/\\\/www.jornalja.com.br\\\/arquivo\\\/category\\\/geral\\\/#listItem\",\"position\":2,\"name\":\"Geral\",\"item\":\"https:\\\/\\\/www.jornalja.com.br\\\/arquivo\\\/category\\\/geral\\\/\",\"nextItem\":{\"@type\":\"ListItem\",\"@id\":\"https:\\\/\\\/www.jornalja.com.br\\\/arquivo\\\/moradores-do-sarandi-querem-acoes-contra-alagamentos-na-regiao\\\/#listItem\",\"name\":\"Moradores do Sarandi querem a\\u00e7\\u00f5es contra alagamentos na regi\\u00e3o\"},\"previousItem\":{\"@type\":\"ListItem\",\"@id\":\"https:\\\/\\\/www.jornalja.com.br\\\/arquivo#listItem\",\"name\":\"Home\"}},{\"@type\":\"ListItem\",\"@id\":\"https:\\\/\\\/www.jornalja.com.br\\\/arquivo\\\/moradores-do-sarandi-querem-acoes-contra-alagamentos-na-regiao\\\/#listItem\",\"position\":3,\"name\":\"Moradores do Sarandi querem a\\u00e7\\u00f5es contra alagamentos na regi\\u00e3o\",\"previousItem\":{\"@type\":\"ListItem\",\"@id\":\"https:\\\/\\\/www.jornalja.com.br\\\/arquivo\\\/category\\\/geral\\\/#listItem\",\"name\":\"Geral\"}}]},{\"@type\":\"Organization\",\"@id\":\"https:\\\/\\\/www.jornalja.com.br\\\/arquivo\\\/#organization\",\"name\":\"Jornal J\\u00c1\",\"description\":\"Jornal J\\u00c1 | Porto Alegre\",\"url\":\"https:\\\/\\\/www.jornalja.com.br\\\/arquivo\\\/\",\"telephone\":\"+555133307272\",\"logo\":{\"@type\":\"ImageObject\",\"url\":\"https:\\\/\\\/www.jornalja.com.br\\\/wp-content\\\/uploads\\\/cards\\\/JAslogan.png\",\"@id\":\"https:\\\/\\\/www.jornalja.com.br\\\/arquivo\\\/moradores-do-sarandi-querem-acoes-contra-alagamentos-na-regiao\\\/#organizationLogo\"},\"image\":{\"@id\":\"https:\\\/\\\/www.jornalja.com.br\\\/arquivo\\\/moradores-do-sarandi-querem-acoes-contra-alagamentos-na-regiao\\\/#organizationLogo\"}},{\"@type\":\"Person\",\"@id\":\"https:\\\/\\\/www.jornalja.com.br\\\/arquivo\\\/author\\\/daredacao\\\/#author\",\"url\":\"https:\\\/\\\/www.jornalja.com.br\\\/arquivo\\\/author\\\/daredacao\\\/\",\"name\":\"da Reda\\u00e7\\u00e3o\",\"image\":{\"@type\":\"ImageObject\",\"@id\":\"https:\\\/\\\/www.jornalja.com.br\\\/arquivo\\\/moradores-do-sarandi-querem-acoes-contra-alagamentos-na-regiao\\\/#authorImage\",\"url\":\"https:\\\/\\\/secure.gravatar.com\\\/avatar\\\/469fd857d6605ad19919d27ed29d35a968a25f6e8fd9318356bbb7f57aae9c65?s=96&d=mm&r=g\",\"width\":96,\"height\":96,\"caption\":\"da Reda\\u00e7\\u00e3o\"}},{\"@type\":\"WebPage\",\"@id\":\"https:\\\/\\\/www.jornalja.com.br\\\/arquivo\\\/moradores-do-sarandi-querem-acoes-contra-alagamentos-na-regiao\\\/#webpage\",\"url\":\"https:\\\/\\\/www.jornalja.com.br\\\/arquivo\\\/moradores-do-sarandi-querem-acoes-contra-alagamentos-na-regiao\\\/\",\"name\":\"Moradores do Sarandi querem a\\u00e7\\u00f5es contra alagamentos na regi\\u00e3o | Arquivo\",\"inLanguage\":\"pt-BR\",\"isPartOf\":{\"@id\":\"https:\\\/\\\/www.jornalja.com.br\\\/arquivo\\\/#website\"},\"breadcrumb\":{\"@id\":\"https:\\\/\\\/www.jornalja.com.br\\\/arquivo\\\/moradores-do-sarandi-querem-acoes-contra-alagamentos-na-regiao\\\/#breadcrumblist\"},\"author\":{\"@id\":\"https:\\\/\\\/www.jornalja.com.br\\\/arquivo\\\/author\\\/daredacao\\\/#author\"},\"creator\":{\"@id\":\"https:\\\/\\\/www.jornalja.com.br\\\/arquivo\\\/author\\\/daredacao\\\/#author\"},\"image\":{\"@type\":\"ImageObject\",\"url\":47127,\"@id\":\"https:\\\/\\\/www.jornalja.com.br\\\/arquivo\\\/moradores-do-sarandi-querem-acoes-contra-alagamentos-na-regiao\\\/#mainImage\"},\"primaryImageOfPage\":{\"@id\":\"https:\\\/\\\/www.jornalja.com.br\\\/arquivo\\\/moradores-do-sarandi-querem-acoes-contra-alagamentos-na-regiao\\\/#mainImage\"},\"datePublished\":\"2017-04-11T19:52:41-03:00\",\"dateModified\":\"2017-04-11T19:52:41-03:00\"},{\"@type\":\"WebSite\",\"@id\":\"https:\\\/\\\/www.jornalja.com.br\\\/arquivo\\\/#website\",\"url\":\"https:\\\/\\\/www.jornalja.com.br\\\/arquivo\\\/\",\"name\":\"Arquivo\",\"description\":\"Jornal J\\u00c1 | Porto Alegre\",\"inLanguage\":\"pt-BR\",\"publisher\":{\"@id\":\"https:\\\/\\\/www.jornalja.com.br\\\/arquivo\\\/#organization\"}}]}\n\t\t<\/script>\n\t\t<!-- All in One SEO -->\n\n","aioseo_head_json":{"title":"Moradores do Sarandi querem a\u00e7\u00f5es contra alagamentos na regi\u00e3o | Arquivo","description":"","canonical_url":"https:\/\/www.jornalja.com.br\/arquivo\/moradores-do-sarandi-querem-acoes-contra-alagamentos-na-regiao\/","robots":"max-image-preview:large","keywords":"","webmasterTools":{"miscellaneous":""},"schema":{"@context":"https:\/\/schema.org","@graph":[{"@type":"BlogPosting","@id":"https:\/\/www.jornalja.com.br\/arquivo\/moradores-do-sarandi-querem-acoes-contra-alagamentos-na-regiao\/#blogposting","name":"Moradores do Sarandi querem a\u00e7\u00f5es contra alagamentos na regi\u00e3o | Arquivo","headline":"Moradores do Sarandi querem a\u00e7\u00f5es contra alagamentos na regi\u00e3o","author":{"@id":"https:\/\/www.jornalja.com.br\/arquivo\/author\/daredacao\/#author"},"publisher":{"@id":"https:\/\/www.jornalja.com.br\/arquivo\/#organization"},"image":{"@type":"ImageObject","url":47127},"datePublished":"2017-04-11T19:52:41-03:00","dateModified":"2017-04-11T19:52:41-03:00","inLanguage":"pt-BR","mainEntityOfPage":{"@id":"https:\/\/www.jornalja.com.br\/arquivo\/moradores-do-sarandi-querem-acoes-contra-alagamentos-na-regiao\/#webpage"},"isPartOf":{"@id":"https:\/\/www.jornalja.com.br\/arquivo\/moradores-do-sarandi-querem-acoes-contra-alagamentos-na-regiao\/#webpage"},"articleSection":"Geral"},{"@type":"BreadcrumbList","@id":"https:\/\/www.jornalja.com.br\/arquivo\/moradores-do-sarandi-querem-acoes-contra-alagamentos-na-regiao\/#breadcrumblist","itemListElement":[{"@type":"ListItem","@id":"https:\/\/www.jornalja.com.br\/arquivo#listItem","position":1,"name":"Home","item":"https:\/\/www.jornalja.com.br\/arquivo","nextItem":{"@type":"ListItem","@id":"https:\/\/www.jornalja.com.br\/arquivo\/category\/geral\/#listItem","name":"Geral"}},{"@type":"ListItem","@id":"https:\/\/www.jornalja.com.br\/arquivo\/category\/geral\/#listItem","position":2,"name":"Geral","item":"https:\/\/www.jornalja.com.br\/arquivo\/category\/geral\/","nextItem":{"@type":"ListItem","@id":"https:\/\/www.jornalja.com.br\/arquivo\/moradores-do-sarandi-querem-acoes-contra-alagamentos-na-regiao\/#listItem","name":"Moradores do Sarandi querem a\u00e7\u00f5es contra alagamentos na regi\u00e3o"},"previousItem":{"@type":"ListItem","@id":"https:\/\/www.jornalja.com.br\/arquivo#listItem","name":"Home"}},{"@type":"ListItem","@id":"https:\/\/www.jornalja.com.br\/arquivo\/moradores-do-sarandi-querem-acoes-contra-alagamentos-na-regiao\/#listItem","position":3,"name":"Moradores do Sarandi querem a\u00e7\u00f5es contra alagamentos na regi\u00e3o","previousItem":{"@type":"ListItem","@id":"https:\/\/www.jornalja.com.br\/arquivo\/category\/geral\/#listItem","name":"Geral"}}]},{"@type":"Organization","@id":"https:\/\/www.jornalja.com.br\/arquivo\/#organization","name":"Jornal J\u00c1","description":"Jornal J\u00c1 | Porto Alegre","url":"https:\/\/www.jornalja.com.br\/arquivo\/","telephone":"+555133307272","logo":{"@type":"ImageObject","url":"https:\/\/www.jornalja.com.br\/wp-content\/uploads\/cards\/JAslogan.png","@id":"https:\/\/www.jornalja.com.br\/arquivo\/moradores-do-sarandi-querem-acoes-contra-alagamentos-na-regiao\/#organizationLogo"},"image":{"@id":"https:\/\/www.jornalja.com.br\/arquivo\/moradores-do-sarandi-querem-acoes-contra-alagamentos-na-regiao\/#organizationLogo"}},{"@type":"Person","@id":"https:\/\/www.jornalja.com.br\/arquivo\/author\/daredacao\/#author","url":"https:\/\/www.jornalja.com.br\/arquivo\/author\/daredacao\/","name":"da Reda\u00e7\u00e3o","image":{"@type":"ImageObject","@id":"https:\/\/www.jornalja.com.br\/arquivo\/moradores-do-sarandi-querem-acoes-contra-alagamentos-na-regiao\/#authorImage","url":"https:\/\/secure.gravatar.com\/avatar\/469fd857d6605ad19919d27ed29d35a968a25f6e8fd9318356bbb7f57aae9c65?s=96&d=mm&r=g","width":96,"height":96,"caption":"da Reda\u00e7\u00e3o"}},{"@type":"WebPage","@id":"https:\/\/www.jornalja.com.br\/arquivo\/moradores-do-sarandi-querem-acoes-contra-alagamentos-na-regiao\/#webpage","url":"https:\/\/www.jornalja.com.br\/arquivo\/moradores-do-sarandi-querem-acoes-contra-alagamentos-na-regiao\/","name":"Moradores do Sarandi querem a\u00e7\u00f5es contra alagamentos na regi\u00e3o | Arquivo","inLanguage":"pt-BR","isPartOf":{"@id":"https:\/\/www.jornalja.com.br\/arquivo\/#website"},"breadcrumb":{"@id":"https:\/\/www.jornalja.com.br\/arquivo\/moradores-do-sarandi-querem-acoes-contra-alagamentos-na-regiao\/#breadcrumblist"},"author":{"@id":"https:\/\/www.jornalja.com.br\/arquivo\/author\/daredacao\/#author"},"creator":{"@id":"https:\/\/www.jornalja.com.br\/arquivo\/author\/daredacao\/#author"},"image":{"@type":"ImageObject","url":47127,"@id":"https:\/\/www.jornalja.com.br\/arquivo\/moradores-do-sarandi-querem-acoes-contra-alagamentos-na-regiao\/#mainImage"},"primaryImageOfPage":{"@id":"https:\/\/www.jornalja.com.br\/arquivo\/moradores-do-sarandi-querem-acoes-contra-alagamentos-na-regiao\/#mainImage"},"datePublished":"2017-04-11T19:52:41-03:00","dateModified":"2017-04-11T19:52:41-03:00"},{"@type":"WebSite","@id":"https:\/\/www.jornalja.com.br\/arquivo\/#website","url":"https:\/\/www.jornalja.com.br\/arquivo\/","name":"Arquivo","description":"Jornal J\u00c1 | Porto Alegre","inLanguage":"pt-BR","publisher":{"@id":"https:\/\/www.jornalja.com.br\/arquivo\/#organization"}}]},"og:locale":"pt_BR","og:site_name":"Arquivo | Jornal J\u00c1 | Porto Alegre","og:type":"article","og:title":"Moradores do Sarandi querem a\u00e7\u00f5es contra alagamentos na regi\u00e3o | Arquivo","og:url":"https:\/\/www.jornalja.com.br\/arquivo\/moradores-do-sarandi-querem-acoes-contra-alagamentos-na-regiao\/","og:image":"https:\/\/www.jornalja.com.br\/wp-content\/uploads\/2017\/04\/IMG_20170411_102733.jpg","og:image:secure_url":"https:\/\/www.jornalja.com.br\/wp-content\/uploads\/2017\/04\/IMG_20170411_102733.jpg","article:published_time":"2017-04-11T22:52:41+00:00","article:modified_time":"2017-04-11T22:52:41+00:00","twitter:card":"summary","twitter:title":"Moradores do Sarandi querem a\u00e7\u00f5es contra alagamentos na regi\u00e3o | Arquivo","twitter:image":"https:\/\/www.jornalja.com.br\/economics\/wp-content\/uploads\/sites\/11\/2026\/08\/ja-folhaderosto-facebook.jpg"},"aioseo_meta_data":{"post_id":"47113","title":null,"description":null,"keywords":null,"keyphrases":null,"primary_term":null,"canonical_url":null,"og_title":null,"og_description":null,"og_object_type":"default","og_image_type":"default","og_image_url":null,"og_image_width":null,"og_image_height":null,"og_image_custom_url":null,"og_image_custom_fields":null,"og_video":null,"og_custom_url":null,"og_article_section":null,"og_article_tags":null,"twitter_use_og":false,"twitter_card":"default","twitter_image_type":"default","twitter_image_url":null,"twitter_image_custom_url":null,"twitter_image_custom_fields":null,"twitter_title":null,"twitter_description":null,"schema":{"blockGraphs":[],"customGraphs":[],"default":{"data":{"Article":[],"Course":[],"Dataset":[],"FAQPage":[],"Movie":[],"Person":[],"Product":[],"ProductReview":[],"Car":[],"Recipe":[],"Service":[],"SoftwareApplication":[],"WebPage":[]},"graphName":"","isEnabled":true},"graphs":[],"defaultGraph":"","defaultPostTypeGraph":""},"schema_type":null,"schema_type_options":null,"pillar_content":false,"robots_default":true,"robots_noindex":false,"robots_noarchive":false,"robots_nosnippet":false,"robots_nofollow":false,"robots_noimageindex":false,"robots_noodp":false,"robots_notranslate":false,"robots_max_snippet":null,"robots_max_videopreview":null,"robots_max_imagepreview":"large","priority":null,"frequency":null,"location":null,"local_seo":null,"breadcrumb_settings":null,"limit_modified_date":false,"ai":null,"created":"2020-12-20 20:37:39","updated":"2025-07-19 21:01:31","seo_analyzer_scan_date":null,"focus_keyword":null,"additional_keywords":null,"truseo_locale":null},"jetpack_sharing_enabled":true,"jetpack-related-posts":[{"id":13109,"url":"https:\/\/www.jornalja.com.br\/arquivo\/judiciario-reconhece-poluicao-eletromagnetica\/","url_meta":{"origin":47113,"position":0},"title":"Judici\u00e1rio reconhece polui\u00e7\u00e3o eletromagn\u00e9tica","author":"Patr\u00edcia Marini","date":"16 de maio de 2014","format":false,"excerpt":"A\u00e7\u00e3o de duas associa\u00e7\u00f5es de moradores foi acolhida pelo Tribunal de Justi\u00e7a de S\u00e3o Paulo que. em decis\u00e3o in\u00e9dita, determinou a redu\u00e7\u00e3o do campo eletromagn\u00e9tico gerado pelas linhas de transmiss\u00e3o de energia que cortam os bairros City Boa\u00e7ava e Alto de Pinheiros. \u00c9 a primeira vez que um tribunal do\u2026","rel":"","context":"Em &quot;X.Categorias velhas&quot;","block_context":{"text":"X.Categorias velhas","link":"https:\/\/www.jornalja.com.br\/arquivo\/category\/x-categorias-velhas\/"},"img":{"alt_text":"","src":"","width":0,"height":0},"classes":[]},{"id":13240,"url":"https:\/\/www.jornalja.com.br\/arquivo\/plano-diretor-estamos-construindo-o-caos\/","url_meta":{"origin":47113,"position":1},"title":"Plano diretor: &quot;Estamos construindo o caos&quot;","author":"Patr\u00edcia Marini","date":"26 de maio de 2014","format":false,"excerpt":"Desabafo que arquiteta Eliana Castilhos, delegada da Regi\u00e3o de Planejamento 1, postou nas redes sociais \u00e9 um testemunho do ambiente que se criou no Conselho do Plano Diretor de Porto Alegre, onde a aprova\u00e7\u00e3o de grandes empreendimentos \u00e9 empurrada guela abaixo dos conselheiros. Ao CMDUA Como delegada da Regi\u00e3o de\u2026","rel":"","context":"Em &quot;Geral&quot;","block_context":{"text":"Geral","link":"https:\/\/www.jornalja.com.br\/arquivo\/category\/geral\/"},"img":{"alt_text":"","src":"","width":0,"height":0},"classes":[]},{"id":5440,"url":"https:\/\/www.jornalja.com.br\/arquivo\/casarao-da-venancio-destino-permanece-incerto\/","url_meta":{"origin":47113,"position":2},"title":"Estado ainda n\u00e3o sabe o que fazer com casar\u00e3o abandonado h\u00e1 20 anos","author":"Elmar Bones","date":"6 de julho de 2009","format":false,"excerpt":"O casar\u00e3o amarelo, numa esquina nobre de Porto Alegre (Ven\u00e2ncio Aires com Jo\u00e3o Pessoa), j\u00e1 abrigou uma escola. H\u00e1 duas d\u00e9cadas, pelo menos, est\u00e1 abandonado, porque seu propriet\u00e1rio, o governo do Estado do Rio Grande do Sul, n\u00e3o consegue achar um destino para ele. Planos n\u00e3o faltaram. O governador Ol\u00edvio\u2026","rel":"","context":"Em &quot;X.Categorias velhas&quot;","block_context":{"text":"X.Categorias velhas","link":"https:\/\/www.jornalja.com.br\/arquivo\/category\/x-categorias-velhas\/"},"img":{"alt_text":"geraldo1","src":"https:\/\/i0.wp.com\/www.jornalja.com.br\/wp-content\/uploads\/2009\/07\/geraldo1.jpg?resize=350%2C200&ssl=1","width":350,"height":200},"classes":[]},{"id":14241,"url":"https:\/\/www.jornalja.com.br\/arquivo\/o-guaiba-nas-imagens-poeticas-de-achutti\/","url_meta":{"origin":47113,"position":3},"title":"O Gua\u00edba nas imagens po\u00e9ticas de Achutti","author":"da Reda\u00e7\u00e3o","date":"18 de junho de 2014","format":false,"excerpt":"Em \u201cO Gua\u00edba por Achutti\u201d \u2013 obra financiada via Minist\u00e9rio da Cultura, produ\u00e7\u00e3o executiva de Pedro Longhi, e Fl\u00e1vio Wild como designer \u2013, o fot\u00f3grafo revela a beleza e as mazelas de um espa\u00e7o aqu\u00e1tico de \u00e1guas sempre renovadas, cheio de hist\u00f3rias e lendas como as das cidades que foram\u2026","rel":"","context":"Em &quot;Cultura-Geral&quot;","block_context":{"text":"Cultura-Geral","link":"https:\/\/www.jornalja.com.br\/arquivo\/category\/materiasecundaria\/"},"img":{"alt_text":"","src":"","width":0,"height":0},"classes":[]},{"id":13101,"url":"https:\/\/www.jornalja.com.br\/arquivo\/morre-um-guerreiro-do-texto\/","url_meta":{"origin":47113,"position":4},"title":"Morre um guerreiro do texto","author":"Patr\u00edcia Marini","date":"14 de maio de 2014","format":false,"excerpt":"Por Ricardo Kotscho Reproduzido do blog do autor, 11\/5\/2014; t\u00edtulo original \u201cE l\u00e1 se foi o nosso Myltainho, guerreiro do texto\u201d. Mi\u00fado e franzino, meu amigo Myltainho era um valente e inconformado guerreiro na luta contra as injusti\u00e7as sociais, a hipocrisia, as maracutaias, o autoritarismo, a intoler\u00e2ncia, a viol\u00eancia, o\u2026","rel":"","context":"Em &quot;Geral&quot;","block_context":{"text":"Geral","link":"https:\/\/www.jornalja.com.br\/arquivo\/category\/geral\/"},"img":{"alt_text":"","src":"","width":0,"height":0},"classes":[]},{"id":13124,"url":"https:\/\/www.jornalja.com.br\/arquivo\/sangue-latino-no-iecine\/","url_meta":{"origin":47113,"position":5},"title":"Sangue latino no IECINE","author":"da Reda\u00e7\u00e3o","date":"18 de maio de 2014","format":false,"excerpt":"Francisco Ribeiro O Instituto Estadual de Cinema (IECINE) tem a frente, desde abril \u00faltimo, um novo diretor, o cineasta colombiano Juan Zapata, 36, que substitui Luiz Alberto Cassol. Radicado h\u00e1 dez anos em Porto Alegre, Zapata tem diante de si o desafio de conduzir at\u00e9 o final do ano um\u2026","rel":"","context":"Em &quot;Cultura-Geral&quot;","block_context":{"text":"Cultura-Geral","link":"https:\/\/www.jornalja.com.br\/arquivo\/category\/materiasecundaria\/"},"img":{"alt_text":"","src":"","width":0,"height":0},"classes":[]}],"jetpack_shortlink":"https:\/\/wp.me\/pbQjBd-cfT","jetpack_featured_media_url":"","_links":{"self":[{"href":"https:\/\/www.jornalja.com.br\/arquivo\/wp-json\/wp\/v2\/posts\/47113","targetHints":{"allow":["GET"]}}],"collection":[{"href":"https:\/\/www.jornalja.com.br\/arquivo\/wp-json\/wp\/v2\/posts"}],"about":[{"href":"https:\/\/www.jornalja.com.br\/arquivo\/wp-json\/wp\/v2\/types\/post"}],"author":[{"embeddable":true,"href":"https:\/\/www.jornalja.com.br\/arquivo\/wp-json\/wp\/v2\/users\/4"}],"replies":[{"embeddable":true,"href":"https:\/\/www.jornalja.com.br\/arquivo\/wp-json\/wp\/v2\/comments?post=47113"}],"version-history":[{"count":0,"href":"https:\/\/www.jornalja.com.br\/arquivo\/wp-json\/wp\/v2\/posts\/47113\/revisions"}],"wp:attachment":[{"href":"https:\/\/www.jornalja.com.br\/arquivo\/wp-json\/wp\/v2\/media?parent=47113"}],"wp:term":[{"taxonomy":"category","embeddable":true,"href":"https:\/\/www.jornalja.com.br\/arquivo\/wp-json\/wp\/v2\/categories?post=47113"},{"taxonomy":"post_tag","embeddable":true,"href":"https:\/\/www.jornalja.com.br\/arquivo\/wp-json\/wp\/v2\/tags?post=47113"}],"curies":[{"name":"wp","href":"https:\/\/api.w.org\/{rel}","templated":true}]}}