{"id":47148,"date":"2017-04-12T09:30:56","date_gmt":"2017-04-12T12:30:56","guid":{"rendered":"https:\/\/www.jornalja.com.br\/?p=47148"},"modified":"2017-04-12T09:30:56","modified_gmt":"2017-04-12T12:30:56","slug":"professor-estuda-especie-rara-de-cocao-encontrada-no-jardim-botanico","status":"publish","type":"post","link":"https:\/\/www.jornalja.com.br\/arquivo\/professor-estuda-especie-rara-de-cocao-encontrada-no-jardim-botanico\/","title":{"rendered":"Professor pesquisa subst\u00e2ncias no coc\u00e3o que podem agir sobre a dopamina"},"content":{"rendered":"<p><span style=\"letter-spacing: 1.45px;text-transform: uppercase\"><b>Cleber dioni tentardini<\/b><\/span><br \/>\nO professor e farmac\u00eautico Arno Hofmann Junior est\u00e1 estudando uma esp\u00e9cie de coc\u00e3o da cole\u00e7\u00e3o viva de plantas raras do Jardim Bot\u00e2nico de Porto Alegre para desenvolver sua tese de doutorado junto ao Laborat\u00f3rio de Toxicologia (Labtoxico), da Faculdade de Farm\u00e1cia da UFRGS.<br \/>\nEssa esp\u00e9cie, encontrada somente no Sul do Brasil, \u00e9 do mesmo g\u00eanero da planta da coca, de onde se obt\u00e9m a coca\u00edna, e est\u00e1 criticamente amea\u00e7ada de extin\u00e7\u00e3o. &#8220;O Jardim Bot\u00e2nico est\u00e1 tendo fundamental import\u00e2ncia pois possibilitou a coleta de esp\u00e9cie de dif\u00edcil identifica\u00e7\u00e3o na natureza&#8221;, destaca o pesquisador.<br \/>\nSua orientadora na Universidade \u00e9 a professora Renata Limberger, farmac\u00eautica especializada em Toxicologia e coordenadora do laborat\u00f3rio.<br \/>\nHofmann busca\u00a0identificar os componentes que essas esp\u00e9cies produzem e avaliar a influ\u00eancia de algumas destas\u00a0plantas sobre a\u00a0neurotransmiss\u00e3o da dopamina, subst\u00e2ncia presente no c\u00e9rebro de mam\u00edferos e que\u00a0est\u00e1 relacionada a doen\u00e7as como Mal de Parkinson, Depend\u00eancia Qu\u00edmica e Esquizofrenia.<br \/>\n<figure id=\"attachment_47149\" aria-describedby=\"caption-attachment-47149\" style=\"width: 266px\" class=\"wp-caption alignleft\"><img decoding=\"async\" class=\"wp-image-47149\" src=\"https:\/\/www.jornalja.com.br\/wp-content\/uploads\/2017\/04\/Arno.jpg\" alt=\"Arno Hofmann\" width=\"266\" height=\"351\" \/><figcaption id=\"caption-attachment-47149\" class=\"wp-caption-text\">Arno diz que planta \u00e9 muito dif\u00edcil de ser encontrada\/Divulga\u00e7\u00e3o<\/figcaption><\/figure><br \/>\n\u201cMeu objetivo n\u00e3o \u00e9 relacionar \u00e0s doen\u00e7as, mas a identifica\u00e7\u00e3o de esp\u00e9cies que atuem sobre este neurotransmissor, o que possibilitar\u00e1 futuros estudos sobre suas potencialidades toxicol\u00f3gicas e terap\u00eauticas, afirma o docente e coordenador do Curso de Farm\u00e1cia, da\u00a0Faculdade IDEAU, no munic\u00edpio ga\u00facho de Get\u00falio Vargas.<br \/>\nHofmann explica que o g\u00eanero\u00a0<em>Erythroxylum<\/em>\u00a0\u00e9 conhecido principalmente por ser a fonte natural de alcaloides com n\u00facleo ecgonina como a coca\u00edna. \u201c\u00c9 verificado que outros compostos presentes nas folhas da \u2018coca\u2019 s\u00e3o biologicamente ativos e contribuem para os efeitos verificados pelo ch\u00e1 e pela pasta de coca, como os danos \u00e0 sa\u00fade e a redu\u00e7\u00e3o da fome e do cansa\u00e7o. Devido \u00e0s esp\u00e9cies pesquisadas no sul do Brasil pertencer ao mesmo g\u00eanero da \u2018coca\u2019, \u00e9 poss\u00edvel que alguns destes componentes tamb\u00e9m estejam presentes\u201d, ressalta Arno.<br \/>\n(Cleber Dioni Tentardini)<\/p>\n","protected":false},"excerpt":{"rendered":"<p>Cleber dioni tentardini O professor e farmac\u00eautico Arno Hofmann Junior est\u00e1 estudando uma esp\u00e9cie de coc\u00e3o da cole\u00e7\u00e3o viva de plantas raras do Jardim Bot\u00e2nico de Porto Alegre para desenvolver sua tese de doutorado junto ao Laborat\u00f3rio de Toxicologia (Labtoxico), da Faculdade de Farm\u00e1cia da UFRGS. Essa esp\u00e9cie, encontrada somente no Sul do Brasil, \u00e9 [&hellip;]<\/p>\n","protected":false},"author":4,"featured_media":45835,"comment_status":"open","ping_status":"closed","sticky":false,"template":"","format":"standard","meta":{"_jetpack_memberships_contains_paid_content":false,"footnotes":""},"categories":[1998,26,1999],"tags":[],"class_list":["post-47148","post","type-post","status-publish","format-standard","has-post-thumbnail","hentry","category-fundacoes","category-geral","category-reportagens-especiais"],"aioseo_notices":[],"jetpack_featured_media_url":"","jetpack_sharing_enabled":true,"jetpack-related-posts":[{"id":1280,"url":"https:\/\/www.jornalja.com.br\/arquivo\/o-menino-que-se-tornou-brizola\/","url_meta":{"origin":47148,"position":0},"title":"O Menino que se Tornou Brizola","author":"da Reda\u00e7\u00e3o","date":"28 de julho de 2008","format":false,"excerpt":"Autor: Cleber Dioni A vida de Leonel Brizola, com \u00eanfase para os primeiros anos em Porto Alegre, at\u00e9 o ex\u00edlio no Uruguai e a volta, quinze anos depois. \u00a0\"...\u00c9ramos todos jovens e nos identific\u00e1vamos com aquela massa an\u00f4nima a percorrer as ruas de Porto Alegre, gritando 'Get\u00falio', 'Get\u00falio' e empunhando\u2026","rel":"","context":"Em &quot;Livros&quot;","block_context":{"text":"Livros","link":"https:\/\/www.jornalja.com.br\/arquivo\/category\/livros\/"},"img":{"alt_text":"","src":"https:\/\/i0.wp.com\/www.jornalja.com.br\/wp-content\/uploads\/2008\/07\/brizola.gif?resize=350%2C200&ssl=1","width":350,"height":200},"classes":[]}],"jetpack_shortlink":"https:\/\/wp.me\/pbQjBd-cgs","_links":{"self":[{"href":"https:\/\/www.jornalja.com.br\/arquivo\/wp-json\/wp\/v2\/posts\/47148","targetHints":{"allow":["GET"]}}],"collection":[{"href":"https:\/\/www.jornalja.com.br\/arquivo\/wp-json\/wp\/v2\/posts"}],"about":[{"href":"https:\/\/www.jornalja.com.br\/arquivo\/wp-json\/wp\/v2\/types\/post"}],"author":[{"embeddable":true,"href":"https:\/\/www.jornalja.com.br\/arquivo\/wp-json\/wp\/v2\/users\/4"}],"replies":[{"embeddable":true,"href":"https:\/\/www.jornalja.com.br\/arquivo\/wp-json\/wp\/v2\/comments?post=47148"}],"version-history":[{"count":0,"href":"https:\/\/www.jornalja.com.br\/arquivo\/wp-json\/wp\/v2\/posts\/47148\/revisions"}],"wp:featuredmedia":[{"embeddable":true,"href":"https:\/\/www.jornalja.com.br\/arquivo\/wp-json\/"}],"wp:attachment":[{"href":"https:\/\/www.jornalja.com.br\/arquivo\/wp-json\/wp\/v2\/media?parent=47148"}],"wp:term":[{"taxonomy":"category","embeddable":true,"href":"https:\/\/www.jornalja.com.br\/arquivo\/wp-json\/wp\/v2\/categories?post=47148"},{"taxonomy":"post_tag","embeddable":true,"href":"https:\/\/www.jornalja.com.br\/arquivo\/wp-json\/wp\/v2\/tags?post=47148"}],"curies":[{"name":"wp","href":"https:\/\/api.w.org\/{rel}","templated":true}]}}