{"id":47187,"date":"2017-04-17T10:25:26","date_gmt":"2017-04-17T13:25:26","guid":{"rendered":"https:\/\/www.jornalja.com.br\/?p=47187"},"modified":"2017-04-17T10:25:26","modified_gmt":"2017-04-17T13:25:26","slug":"biblioteca-publica-celebra-semana-do-livro-com-diversas-atividades-gratuitas","status":"publish","type":"post","link":"https:\/\/www.jornalja.com.br\/arquivo\/biblioteca-publica-celebra-semana-do-livro-com-diversas-atividades-gratuitas\/","title":{"rendered":"Biblioteca P\u00fablica celebra Semana do Livro com diversas atividades gratuitas"},"content":{"rendered":"<div class=\"_1dwg _1w_m\">\n<div>\n<div id=\"js_7\" class=\"_5pbx userContent\" data-ft=\"{&quot;tn&quot;:&quot;K&quot;}\">\nA Biblioteca P\u00fablica do Estado (BPE) promove diversas a\u00e7\u00f5es na Semana Estadual do Livro e do Incentivo \u00e0 Leitura 2017, todas com entrada gratuita.<br \/>\nDe 17 a 22 de abril, novos s\u00f3cios estar\u00e3o isentos do pagamento da taxa de inscri\u00e7\u00e3o. Para os s\u00f3cios que retiraram livros e est\u00e3o com a devolu\u00e7\u00e3o atrasada, ser\u00e1 a Semana do Perd\u00e3o, em que ser\u00e3o isentos do pagamento de multa.<br \/>\nNa tarde de ter\u00e7a-feira (18), na sede da Biblioteca, o Sistema\u00a0Estadual de Bibliotecas P\u00fablicas (SEBP-RS) recebe atendentes de bibliotecas p\u00fablicas municipais, das 13h30min \u00e0s 17h30min. O &#8220;Conversando sobre a Biblioteca&#8221; consiste no treinamento de equipes de bibliotecas p\u00fablicas de munic\u00edpios ga\u00fachos e entrega de kits de livros.<br \/>\nTamb\u00e9m na ter\u00e7a, a partir das 19h, o projeto Chap\u00e9u Ac\u00fastico\u00a0traz o convidado Cristian Sperandir, em show de jazz e bossa nova, com contribui\u00e7\u00e3o espont\u00e2nea.<br \/>\nDia 19 (quarta), \u00e0s 18h, ter\u00e1 vez a palestra &#8220;A Constru\u00e7\u00e3o do Romance Hist\u00f3rico&#8221;, com o escritor S\u00e9rgio Luiz Gallina. Pesquisador da Idade M\u00e9dia focado no per\u00edodo das Cruzadas, membro da Associa\u00e7\u00e3o Nacional dos Professores Universit\u00e1rios de Hist\u00f3ria (ANPUH\/RS), participou de atividades acad\u00eamicas na condi\u00e7\u00e3o de palestrante, comunicador e mediador.<br \/>\n\u00c0s 19h30, come\u00e7a o Sarau Po\u00e9tico &#8220;E Se Algu\u00e9m o Pano&#8221;, baseado no livro de Eliane Marques, da Escola de Poesia Apr\u00e9s Coup, que ganhou o Trof\u00e9u A\u00e7orianos de Literatura na categoria Poesia em 2016.<br \/>\nNo Clube de Leitura, dia 20 (quinta), \u00e0s 16h ser\u00e1 exibido o filme &#8220;O Homem de La Mancha&#8221; (It\u00e1lia-EUA\/1972\/2h12min). Dirigido e produzido por Arthur Miller, com roteiro de Dale Wasserman, o longa tem no elenco Peter O&#8217;Toole (Don Quixote, Cervantes e Alonso Quijana), Sophia Loren (Dulcineia, a amada do protagonista, e Aldonza) e James Coco (Sancho Pan\u00e7a).<br \/>\nO filme se passa durante a Inquisi\u00e7\u00e3o na Espanha. Miguel de Cervantes \u00e9 preso como herege, por propagar pensamentos subversivos. Ele \u00e9 jogado em um calabou\u00e7o, ocupado tamb\u00e9m por ladr\u00f5es e assassinos, e &#8216;julgado&#8217; pelos prisioneiros. Para se defender, conta a hist\u00f3ria de um homem idoso, que passa os dias e as noites lendo e s\u00f3 consegue ver a injusti\u00e7a e a trapa\u00e7a triunfarem. Torna-se ent\u00e3o um cavaleiro errante, conhecido como Don Quixote de la Mancha, que decide lutar contra as injusti\u00e7as do mundo.<br \/>\nS\u00e1bado, dia 22 de abril, acontece mais uma Feira de Troca de Livros e Livros Livres (doa\u00e7\u00f5es de livros que a biblioteca j\u00e1 possui ou n\u00e3o s\u00e3o do perfil de seu p\u00fablico &#8211; livros na fachada), das 14h \u00e0s 18h.<br \/>\nNo domingo, dia 23 de abril, recital de m\u00fasica barroca com &#8220;As Mulheres de Bah&#8221;, \u00e0s 17h30. Contribui\u00e7\u00e3o espont\u00e2nea.<br \/>\nO grupo \u00e9 formado por sete mulheres de Porto Alegre que, juntas, interpretam m\u00fasica do per\u00edodo barroco, dando um toque feminino \u00e0 composi\u00e7\u00f5es de Bach, Vivaldi, Handel, dentre outros.\u00a0As harmonias do cravo misturam-se ao som das cordas e flauta e se contrap\u00f5em \u00e0s melodias da voz. O resultado \u00e9 diferente do que se conhece desses compositores.<br \/>\nO grupo \u00e9 formado por Andiara Mumbach (soprano), Ana Lascano (flauta transversal), Manoela Lampert (violino), Ros\u00e2ngela dos Santos (violino e viola), Estela Kohlrausch (viola), Bianca D\u2019avila (cello) e Luciana Malacarne (piano\/cravo).\n<\/div>\n<div class=\"_3x-2\"><\/div>\n<div><\/div>\n<\/div>\n<\/div>\n<div><\/div>\n","protected":false},"excerpt":{"rendered":"<p>A Biblioteca P\u00fablica do Estado (BPE) promove diversas a\u00e7\u00f5es na Semana Estadual do Livro e do Incentivo \u00e0 Leitura 2017, todas com entrada gratuita. De 17 a 22 de abril, novos s\u00f3cios estar\u00e3o isentos do pagamento da taxa de inscri\u00e7\u00e3o. Para os s\u00f3cios que retiraram livros e est\u00e3o com a devolu\u00e7\u00e3o atrasada, ser\u00e1 a Semana [&hellip;]<\/p>\n","protected":false},"author":4,"featured_media":47281,"comment_status":"open","ping_status":"closed","sticky":false,"template":"","format":"standard","meta":{"_jetpack_newsletter_access":"","_jetpack_dont_email_post_to_subs":false,"_jetpack_newsletter_tier_id":0,"_jetpack_memberships_contains_paywalled_content":false,"_jetpack_feature_clip_id":0,"_jetpack_memberships_contains_paid_content":false,"footnotes":"","jetpack_post_was_ever_published":false},"categories":[26],"tags":[],"class_list":["post-47187","post","type-post","status-publish","format-standard","has-post-thumbnail","hentry","category-geral"],"aioseo_notices":[],"aioseo_head":"\n\t\t<!-- All in One SEO 5.0.1.1 - aioseo.com -->\n\t<meta name=\"robots\" content=\"max-image-preview:large\" \/>\n\t<meta name=\"author\" content=\"da Reda\u00e7\u00e3o\"\/>\n\t<link rel=\"canonical\" href=\"https:\/\/www.jornalja.com.br\/arquivo\/biblioteca-publica-celebra-semana-do-livro-com-diversas-atividades-gratuitas\/\" \/>\n\t<meta name=\"generator\" content=\"All in One SEO (AIOSEO) 5.0.1.1\" \/>\n\t\t<meta property=\"og:locale\" content=\"pt_BR\" \/>\n\t\t<meta property=\"og:site_name\" content=\"Arquivo | Jornal J\u00c1 | Porto Alegre\" \/>\n\t\t<meta property=\"og:type\" content=\"article\" \/>\n\t\t<meta property=\"og:title\" content=\"Biblioteca P\u00fablica celebra Semana do Livro com diversas atividades gratuitas | Arquivo\" \/>\n\t\t<meta property=\"og:url\" content=\"https:\/\/www.jornalja.com.br\/arquivo\/biblioteca-publica-celebra-semana-do-livro-com-diversas-atividades-gratuitas\/\" \/>\n\t\t<meta property=\"og:image\" content=\"https:\/\/www.jornalja.com.br\/economics\/wp-content\/uploads\/sites\/11\/2026\/08\/ja-folhaderosto-facebook.jpg\" \/>\n\t\t<meta property=\"og:image:secure_url\" content=\"https:\/\/www.jornalja.com.br\/economics\/wp-content\/uploads\/sites\/11\/2026\/08\/ja-folhaderosto-facebook.jpg\" \/>\n\t\t<meta property=\"article:published_time\" content=\"2017-04-17T13:25:26+00:00\" \/>\n\t\t<meta property=\"article:modified_time\" content=\"2017-04-17T13:25:26+00:00\" \/>\n\t\t<meta name=\"twitter:card\" content=\"summary\" \/>\n\t\t<meta name=\"twitter:title\" content=\"Biblioteca P\u00fablica celebra Semana do Livro com diversas atividades gratuitas | Arquivo\" \/>\n\t\t<meta name=\"twitter:image\" content=\"https:\/\/www.jornalja.com.br\/economics\/wp-content\/uploads\/sites\/11\/2026\/08\/ja-folhaderosto-facebook.jpg\" \/>\n\t\t<script type=\"application\/ld+json\" class=\"aioseo-schema\">\n\t\t\t{\"@context\":\"https:\\\/\\\/schema.org\",\"@graph\":[{\"@type\":\"BlogPosting\",\"@id\":\"https:\\\/\\\/www.jornalja.com.br\\\/arquivo\\\/biblioteca-publica-celebra-semana-do-livro-com-diversas-atividades-gratuitas\\\/#blogposting\",\"name\":\"Biblioteca P\\u00fablica celebra Semana do Livro com diversas atividades gratuitas | Arquivo\",\"headline\":\"Biblioteca P\\u00fablica celebra Semana do Livro com diversas atividades gratuitas\",\"author\":{\"@id\":\"https:\\\/\\\/www.jornalja.com.br\\\/arquivo\\\/author\\\/daredacao\\\/#author\"},\"publisher\":{\"@id\":\"https:\\\/\\\/www.jornalja.com.br\\\/arquivo\\\/#organization\"},\"image\":{\"@type\":\"ImageObject\",\"url\":47281},\"datePublished\":\"2017-04-17T10:25:26-03:00\",\"dateModified\":\"2017-04-17T10:25:26-03:00\",\"inLanguage\":\"pt-BR\",\"mainEntityOfPage\":{\"@id\":\"https:\\\/\\\/www.jornalja.com.br\\\/arquivo\\\/biblioteca-publica-celebra-semana-do-livro-com-diversas-atividades-gratuitas\\\/#webpage\"},\"isPartOf\":{\"@id\":\"https:\\\/\\\/www.jornalja.com.br\\\/arquivo\\\/biblioteca-publica-celebra-semana-do-livro-com-diversas-atividades-gratuitas\\\/#webpage\"},\"articleSection\":\"Geral\"},{\"@type\":\"BreadcrumbList\",\"@id\":\"https:\\\/\\\/www.jornalja.com.br\\\/arquivo\\\/biblioteca-publica-celebra-semana-do-livro-com-diversas-atividades-gratuitas\\\/#breadcrumblist\",\"itemListElement\":[{\"@type\":\"ListItem\",\"@id\":\"https:\\\/\\\/www.jornalja.com.br\\\/arquivo#listItem\",\"position\":1,\"name\":\"Home\",\"item\":\"https:\\\/\\\/www.jornalja.com.br\\\/arquivo\",\"nextItem\":{\"@type\":\"ListItem\",\"@id\":\"https:\\\/\\\/www.jornalja.com.br\\\/arquivo\\\/category\\\/geral\\\/#listItem\",\"name\":\"Geral\"}},{\"@type\":\"ListItem\",\"@id\":\"https:\\\/\\\/www.jornalja.com.br\\\/arquivo\\\/category\\\/geral\\\/#listItem\",\"position\":2,\"name\":\"Geral\",\"item\":\"https:\\\/\\\/www.jornalja.com.br\\\/arquivo\\\/category\\\/geral\\\/\",\"nextItem\":{\"@type\":\"ListItem\",\"@id\":\"https:\\\/\\\/www.jornalja.com.br\\\/arquivo\\\/biblioteca-publica-celebra-semana-do-livro-com-diversas-atividades-gratuitas\\\/#listItem\",\"name\":\"Biblioteca P\\u00fablica celebra Semana do Livro com diversas atividades gratuitas\"},\"previousItem\":{\"@type\":\"ListItem\",\"@id\":\"https:\\\/\\\/www.jornalja.com.br\\\/arquivo#listItem\",\"name\":\"Home\"}},{\"@type\":\"ListItem\",\"@id\":\"https:\\\/\\\/www.jornalja.com.br\\\/arquivo\\\/biblioteca-publica-celebra-semana-do-livro-com-diversas-atividades-gratuitas\\\/#listItem\",\"position\":3,\"name\":\"Biblioteca P\\u00fablica celebra Semana do Livro com diversas atividades gratuitas\",\"previousItem\":{\"@type\":\"ListItem\",\"@id\":\"https:\\\/\\\/www.jornalja.com.br\\\/arquivo\\\/category\\\/geral\\\/#listItem\",\"name\":\"Geral\"}}]},{\"@type\":\"Organization\",\"@id\":\"https:\\\/\\\/www.jornalja.com.br\\\/arquivo\\\/#organization\",\"name\":\"Jornal J\\u00c1\",\"description\":\"Jornal J\\u00c1 | Porto Alegre\",\"url\":\"https:\\\/\\\/www.jornalja.com.br\\\/arquivo\\\/\",\"telephone\":\"+555133307272\",\"logo\":{\"@type\":\"ImageObject\",\"url\":\"https:\\\/\\\/www.jornalja.com.br\\\/wp-content\\\/uploads\\\/cards\\\/JAslogan.png\",\"@id\":\"https:\\\/\\\/www.jornalja.com.br\\\/arquivo\\\/biblioteca-publica-celebra-semana-do-livro-com-diversas-atividades-gratuitas\\\/#organizationLogo\"},\"image\":{\"@id\":\"https:\\\/\\\/www.jornalja.com.br\\\/arquivo\\\/biblioteca-publica-celebra-semana-do-livro-com-diversas-atividades-gratuitas\\\/#organizationLogo\"}},{\"@type\":\"Person\",\"@id\":\"https:\\\/\\\/www.jornalja.com.br\\\/arquivo\\\/author\\\/daredacao\\\/#author\",\"url\":\"https:\\\/\\\/www.jornalja.com.br\\\/arquivo\\\/author\\\/daredacao\\\/\",\"name\":\"da Reda\\u00e7\\u00e3o\",\"image\":{\"@type\":\"ImageObject\",\"@id\":\"https:\\\/\\\/www.jornalja.com.br\\\/arquivo\\\/biblioteca-publica-celebra-semana-do-livro-com-diversas-atividades-gratuitas\\\/#authorImage\",\"url\":\"https:\\\/\\\/secure.gravatar.com\\\/avatar\\\/469fd857d6605ad19919d27ed29d35a968a25f6e8fd9318356bbb7f57aae9c65?s=96&d=mm&r=g\",\"width\":96,\"height\":96,\"caption\":\"da Reda\\u00e7\\u00e3o\"}},{\"@type\":\"WebPage\",\"@id\":\"https:\\\/\\\/www.jornalja.com.br\\\/arquivo\\\/biblioteca-publica-celebra-semana-do-livro-com-diversas-atividades-gratuitas\\\/#webpage\",\"url\":\"https:\\\/\\\/www.jornalja.com.br\\\/arquivo\\\/biblioteca-publica-celebra-semana-do-livro-com-diversas-atividades-gratuitas\\\/\",\"name\":\"Biblioteca P\\u00fablica celebra Semana do Livro com diversas atividades gratuitas | Arquivo\",\"inLanguage\":\"pt-BR\",\"isPartOf\":{\"@id\":\"https:\\\/\\\/www.jornalja.com.br\\\/arquivo\\\/#website\"},\"breadcrumb\":{\"@id\":\"https:\\\/\\\/www.jornalja.com.br\\\/arquivo\\\/biblioteca-publica-celebra-semana-do-livro-com-diversas-atividades-gratuitas\\\/#breadcrumblist\"},\"author\":{\"@id\":\"https:\\\/\\\/www.jornalja.com.br\\\/arquivo\\\/author\\\/daredacao\\\/#author\"},\"creator\":{\"@id\":\"https:\\\/\\\/www.jornalja.com.br\\\/arquivo\\\/author\\\/daredacao\\\/#author\"},\"image\":{\"@type\":\"ImageObject\",\"url\":47281,\"@id\":\"https:\\\/\\\/www.jornalja.com.br\\\/arquivo\\\/biblioteca-publica-celebra-semana-do-livro-com-diversas-atividades-gratuitas\\\/#mainImage\"},\"primaryImageOfPage\":{\"@id\":\"https:\\\/\\\/www.jornalja.com.br\\\/arquivo\\\/biblioteca-publica-celebra-semana-do-livro-com-diversas-atividades-gratuitas\\\/#mainImage\"},\"datePublished\":\"2017-04-17T10:25:26-03:00\",\"dateModified\":\"2017-04-17T10:25:26-03:00\"},{\"@type\":\"WebSite\",\"@id\":\"https:\\\/\\\/www.jornalja.com.br\\\/arquivo\\\/#website\",\"url\":\"https:\\\/\\\/www.jornalja.com.br\\\/arquivo\\\/\",\"name\":\"Arquivo\",\"description\":\"Jornal J\\u00c1 | Porto Alegre\",\"inLanguage\":\"pt-BR\",\"publisher\":{\"@id\":\"https:\\\/\\\/www.jornalja.com.br\\\/arquivo\\\/#organization\"}}]}\n\t\t<\/script>\n\t\t<!-- All in One SEO -->\n\n","aioseo_head_json":{"title":"Biblioteca P\u00fablica celebra Semana do Livro com diversas atividades gratuitas | Arquivo","description":"","canonical_url":"https:\/\/www.jornalja.com.br\/arquivo\/biblioteca-publica-celebra-semana-do-livro-com-diversas-atividades-gratuitas\/","robots":"max-image-preview:large","keywords":"","webmasterTools":{"miscellaneous":""},"schema":{"@context":"https:\/\/schema.org","@graph":[{"@type":"BlogPosting","@id":"https:\/\/www.jornalja.com.br\/arquivo\/biblioteca-publica-celebra-semana-do-livro-com-diversas-atividades-gratuitas\/#blogposting","name":"Biblioteca P\u00fablica celebra Semana do Livro com diversas atividades gratuitas | Arquivo","headline":"Biblioteca P\u00fablica celebra Semana do Livro com diversas atividades gratuitas","author":{"@id":"https:\/\/www.jornalja.com.br\/arquivo\/author\/daredacao\/#author"},"publisher":{"@id":"https:\/\/www.jornalja.com.br\/arquivo\/#organization"},"image":{"@type":"ImageObject","url":47281},"datePublished":"2017-04-17T10:25:26-03:00","dateModified":"2017-04-17T10:25:26-03:00","inLanguage":"pt-BR","mainEntityOfPage":{"@id":"https:\/\/www.jornalja.com.br\/arquivo\/biblioteca-publica-celebra-semana-do-livro-com-diversas-atividades-gratuitas\/#webpage"},"isPartOf":{"@id":"https:\/\/www.jornalja.com.br\/arquivo\/biblioteca-publica-celebra-semana-do-livro-com-diversas-atividades-gratuitas\/#webpage"},"articleSection":"Geral"},{"@type":"BreadcrumbList","@id":"https:\/\/www.jornalja.com.br\/arquivo\/biblioteca-publica-celebra-semana-do-livro-com-diversas-atividades-gratuitas\/#breadcrumblist","itemListElement":[{"@type":"ListItem","@id":"https:\/\/www.jornalja.com.br\/arquivo#listItem","position":1,"name":"Home","item":"https:\/\/www.jornalja.com.br\/arquivo","nextItem":{"@type":"ListItem","@id":"https:\/\/www.jornalja.com.br\/arquivo\/category\/geral\/#listItem","name":"Geral"}},{"@type":"ListItem","@id":"https:\/\/www.jornalja.com.br\/arquivo\/category\/geral\/#listItem","position":2,"name":"Geral","item":"https:\/\/www.jornalja.com.br\/arquivo\/category\/geral\/","nextItem":{"@type":"ListItem","@id":"https:\/\/www.jornalja.com.br\/arquivo\/biblioteca-publica-celebra-semana-do-livro-com-diversas-atividades-gratuitas\/#listItem","name":"Biblioteca P\u00fablica celebra Semana do Livro com diversas atividades gratuitas"},"previousItem":{"@type":"ListItem","@id":"https:\/\/www.jornalja.com.br\/arquivo#listItem","name":"Home"}},{"@type":"ListItem","@id":"https:\/\/www.jornalja.com.br\/arquivo\/biblioteca-publica-celebra-semana-do-livro-com-diversas-atividades-gratuitas\/#listItem","position":3,"name":"Biblioteca P\u00fablica celebra Semana do Livro com diversas atividades gratuitas","previousItem":{"@type":"ListItem","@id":"https:\/\/www.jornalja.com.br\/arquivo\/category\/geral\/#listItem","name":"Geral"}}]},{"@type":"Organization","@id":"https:\/\/www.jornalja.com.br\/arquivo\/#organization","name":"Jornal J\u00c1","description":"Jornal J\u00c1 | Porto Alegre","url":"https:\/\/www.jornalja.com.br\/arquivo\/","telephone":"+555133307272","logo":{"@type":"ImageObject","url":"https:\/\/www.jornalja.com.br\/wp-content\/uploads\/cards\/JAslogan.png","@id":"https:\/\/www.jornalja.com.br\/arquivo\/biblioteca-publica-celebra-semana-do-livro-com-diversas-atividades-gratuitas\/#organizationLogo"},"image":{"@id":"https:\/\/www.jornalja.com.br\/arquivo\/biblioteca-publica-celebra-semana-do-livro-com-diversas-atividades-gratuitas\/#organizationLogo"}},{"@type":"Person","@id":"https:\/\/www.jornalja.com.br\/arquivo\/author\/daredacao\/#author","url":"https:\/\/www.jornalja.com.br\/arquivo\/author\/daredacao\/","name":"da Reda\u00e7\u00e3o","image":{"@type":"ImageObject","@id":"https:\/\/www.jornalja.com.br\/arquivo\/biblioteca-publica-celebra-semana-do-livro-com-diversas-atividades-gratuitas\/#authorImage","url":"https:\/\/secure.gravatar.com\/avatar\/469fd857d6605ad19919d27ed29d35a968a25f6e8fd9318356bbb7f57aae9c65?s=96&d=mm&r=g","width":96,"height":96,"caption":"da Reda\u00e7\u00e3o"}},{"@type":"WebPage","@id":"https:\/\/www.jornalja.com.br\/arquivo\/biblioteca-publica-celebra-semana-do-livro-com-diversas-atividades-gratuitas\/#webpage","url":"https:\/\/www.jornalja.com.br\/arquivo\/biblioteca-publica-celebra-semana-do-livro-com-diversas-atividades-gratuitas\/","name":"Biblioteca P\u00fablica celebra Semana do Livro com diversas atividades gratuitas | Arquivo","inLanguage":"pt-BR","isPartOf":{"@id":"https:\/\/www.jornalja.com.br\/arquivo\/#website"},"breadcrumb":{"@id":"https:\/\/www.jornalja.com.br\/arquivo\/biblioteca-publica-celebra-semana-do-livro-com-diversas-atividades-gratuitas\/#breadcrumblist"},"author":{"@id":"https:\/\/www.jornalja.com.br\/arquivo\/author\/daredacao\/#author"},"creator":{"@id":"https:\/\/www.jornalja.com.br\/arquivo\/author\/daredacao\/#author"},"image":{"@type":"ImageObject","url":47281,"@id":"https:\/\/www.jornalja.com.br\/arquivo\/biblioteca-publica-celebra-semana-do-livro-com-diversas-atividades-gratuitas\/#mainImage"},"primaryImageOfPage":{"@id":"https:\/\/www.jornalja.com.br\/arquivo\/biblioteca-publica-celebra-semana-do-livro-com-diversas-atividades-gratuitas\/#mainImage"},"datePublished":"2017-04-17T10:25:26-03:00","dateModified":"2017-04-17T10:25:26-03:00"},{"@type":"WebSite","@id":"https:\/\/www.jornalja.com.br\/arquivo\/#website","url":"https:\/\/www.jornalja.com.br\/arquivo\/","name":"Arquivo","description":"Jornal J\u00c1 | Porto Alegre","inLanguage":"pt-BR","publisher":{"@id":"https:\/\/www.jornalja.com.br\/arquivo\/#organization"}}]},"og:locale":"pt_BR","og:site_name":"Arquivo | Jornal J\u00c1 | Porto Alegre","og:type":"article","og:title":"Biblioteca P\u00fablica celebra Semana do Livro com diversas atividades gratuitas | Arquivo","og:url":"https:\/\/www.jornalja.com.br\/arquivo\/biblioteca-publica-celebra-semana-do-livro-com-diversas-atividades-gratuitas\/","og:image":"https:\/\/www.jornalja.com.br\/economics\/wp-content\/uploads\/sites\/11\/2026\/08\/ja-folhaderosto-facebook.jpg","og:image:secure_url":"https:\/\/www.jornalja.com.br\/economics\/wp-content\/uploads\/sites\/11\/2026\/08\/ja-folhaderosto-facebook.jpg","article:published_time":"2017-04-17T13:25:26+00:00","article:modified_time":"2017-04-17T13:25:26+00:00","twitter:card":"summary","twitter:title":"Biblioteca P\u00fablica celebra Semana do Livro com diversas atividades gratuitas | Arquivo","twitter:image":"https:\/\/www.jornalja.com.br\/economics\/wp-content\/uploads\/sites\/11\/2026\/08\/ja-folhaderosto-facebook.jpg"},"aioseo_meta_data":{"post_id":"47187","title":null,"description":null,"keywords":null,"keyphrases":null,"primary_term":null,"canonical_url":null,"og_title":null,"og_description":null,"og_object_type":"default","og_image_type":"default","og_image_url":null,"og_image_width":null,"og_image_height":null,"og_image_custom_url":null,"og_image_custom_fields":null,"og_video":null,"og_custom_url":null,"og_article_section":null,"og_article_tags":null,"twitter_use_og":false,"twitter_card":"default","twitter_image_type":"default","twitter_image_url":null,"twitter_image_custom_url":null,"twitter_image_custom_fields":null,"twitter_title":null,"twitter_description":null,"schema":{"blockGraphs":[],"customGraphs":[],"default":{"data":{"Article":[],"Course":[],"Dataset":[],"FAQPage":[],"Movie":[],"Person":[],"Product":[],"ProductReview":[],"Car":[],"Recipe":[],"Service":[],"SoftwareApplication":[],"WebPage":[]},"graphName":"","isEnabled":true},"graphs":[],"defaultGraph":"","defaultPostTypeGraph":""},"schema_type":null,"schema_type_options":null,"pillar_content":false,"robots_default":true,"robots_noindex":false,"robots_noarchive":false,"robots_nosnippet":false,"robots_nofollow":false,"robots_noimageindex":false,"robots_noodp":false,"robots_notranslate":false,"robots_max_snippet":null,"robots_max_videopreview":null,"robots_max_imagepreview":"large","priority":null,"frequency":null,"location":null,"local_seo":null,"breadcrumb_settings":null,"limit_modified_date":false,"ai":null,"created":"2020-12-20 20:37:39","updated":"2025-07-19 21:03:22","seo_analyzer_scan_date":null,"focus_keyword":null,"additional_keywords":null,"truseo_locale":null},"jetpack_sharing_enabled":true,"jetpack-related-posts":[{"id":13101,"url":"https:\/\/www.jornalja.com.br\/arquivo\/morre-um-guerreiro-do-texto\/","url_meta":{"origin":47187,"position":0},"title":"Morre um guerreiro do texto","author":"Patr\u00edcia Marini","date":"14 de maio de 2014","format":false,"excerpt":"Por Ricardo Kotscho Reproduzido do blog do autor, 11\/5\/2014; t\u00edtulo original \u201cE l\u00e1 se foi o nosso Myltainho, guerreiro do texto\u201d. Mi\u00fado e franzino, meu amigo Myltainho era um valente e inconformado guerreiro na luta contra as injusti\u00e7as sociais, a hipocrisia, as maracutaias, o autoritarismo, a intoler\u00e2ncia, a viol\u00eancia, o\u2026","rel":"","context":"Em &quot;Geral&quot;","block_context":{"text":"Geral","link":"https:\/\/www.jornalja.com.br\/arquivo\/category\/geral\/"},"img":{"alt_text":"","src":"","width":0,"height":0},"classes":[]},{"id":12960,"url":"https:\/\/www.jornalja.com.br\/arquivo\/populacao-culpa-empresas-pela-greve-dos-rodoviarios\/","url_meta":{"origin":47187,"position":1},"title":"Popula\u00e7\u00e3o culpa empresas pela greve","author":"Patr\u00edcia Marini","date":"14 de fevereiro de 2014","format":false,"excerpt":"Pesquisa divulgada na edi\u00e7\u00e3o do jornal Metro desta sexta-feira,14, comprova o velho ditado: \u00e9 poss\u00edvel enganar muitos por algum tempo, mas n\u00e3o \u00e9 poss\u00edvel enganar a todos o tempo inteiro. A principal revela\u00e7\u00e3o foi que 59,8% dos entrevistados apontaram as empresas como as principais respons\u00e1veis pela grave e 46% culparam\u2026","rel":"","context":"Em &quot;X.Categorias velhas&quot;","block_context":{"text":"X.Categorias velhas","link":"https:\/\/www.jornalja.com.br\/arquivo\/category\/x-categorias-velhas\/"},"img":{"alt_text":"","src":"","width":0,"height":0},"classes":[]},{"id":1280,"url":"https:\/\/www.jornalja.com.br\/arquivo\/o-menino-que-se-tornou-brizola\/","url_meta":{"origin":47187,"position":2},"title":"O Menino que se Tornou Brizola","author":"da Reda\u00e7\u00e3o","date":"28 de julho de 2008","format":false,"excerpt":"Autor: Cleber Dioni A vida de Leonel Brizola, com \u00eanfase para os primeiros anos em Porto Alegre, at\u00e9 o ex\u00edlio no Uruguai e a volta, quinze anos depois. \u00a0\"...\u00c9ramos todos jovens e nos identific\u00e1vamos com aquela massa an\u00f4nima a percorrer as ruas de Porto Alegre, gritando 'Get\u00falio', 'Get\u00falio' e empunhando\u2026","rel":"","context":"Em &quot;Livros&quot;","block_context":{"text":"Livros","link":"https:\/\/www.jornalja.com.br\/arquivo\/category\/livros\/"},"img":{"alt_text":"","src":"https:\/\/i0.wp.com\/www.jornalja.com.br\/wp-content\/uploads\/2008\/07\/brizola.gif?resize=350%2C200&ssl=1","width":350,"height":200},"classes":[]},{"id":13109,"url":"https:\/\/www.jornalja.com.br\/arquivo\/judiciario-reconhece-poluicao-eletromagnetica\/","url_meta":{"origin":47187,"position":3},"title":"Judici\u00e1rio reconhece polui\u00e7\u00e3o eletromagn\u00e9tica","author":"Patr\u00edcia Marini","date":"16 de maio de 2014","format":false,"excerpt":"A\u00e7\u00e3o de duas associa\u00e7\u00f5es de moradores foi acolhida pelo Tribunal de Justi\u00e7a de S\u00e3o Paulo que. em decis\u00e3o in\u00e9dita, determinou a redu\u00e7\u00e3o do campo eletromagn\u00e9tico gerado pelas linhas de transmiss\u00e3o de energia que cortam os bairros City Boa\u00e7ava e Alto de Pinheiros. \u00c9 a primeira vez que um tribunal do\u2026","rel":"","context":"Em &quot;X.Categorias velhas&quot;","block_context":{"text":"X.Categorias velhas","link":"https:\/\/www.jornalja.com.br\/arquivo\/category\/x-categorias-velhas\/"},"img":{"alt_text":"","src":"","width":0,"height":0},"classes":[]},{"id":14241,"url":"https:\/\/www.jornalja.com.br\/arquivo\/o-guaiba-nas-imagens-poeticas-de-achutti\/","url_meta":{"origin":47187,"position":4},"title":"O Gua\u00edba nas imagens po\u00e9ticas de Achutti","author":"da Reda\u00e7\u00e3o","date":"18 de junho de 2014","format":false,"excerpt":"Em \u201cO Gua\u00edba por Achutti\u201d \u2013 obra financiada via Minist\u00e9rio da Cultura, produ\u00e7\u00e3o executiva de Pedro Longhi, e Fl\u00e1vio Wild como designer \u2013, o fot\u00f3grafo revela a beleza e as mazelas de um espa\u00e7o aqu\u00e1tico de \u00e1guas sempre renovadas, cheio de hist\u00f3rias e lendas como as das cidades que foram\u2026","rel":"","context":"Em &quot;Cultura-Geral&quot;","block_context":{"text":"Cultura-Geral","link":"https:\/\/www.jornalja.com.br\/arquivo\/category\/materiasecundaria\/"},"img":{"alt_text":"","src":"","width":0,"height":0},"classes":[]},{"id":13240,"url":"https:\/\/www.jornalja.com.br\/arquivo\/plano-diretor-estamos-construindo-o-caos\/","url_meta":{"origin":47187,"position":5},"title":"Plano diretor: &quot;Estamos construindo o caos&quot;","author":"Patr\u00edcia Marini","date":"26 de maio de 2014","format":false,"excerpt":"Desabafo que arquiteta Eliana Castilhos, delegada da Regi\u00e3o de Planejamento 1, postou nas redes sociais \u00e9 um testemunho do ambiente que se criou no Conselho do Plano Diretor de Porto Alegre, onde a aprova\u00e7\u00e3o de grandes empreendimentos \u00e9 empurrada guela abaixo dos conselheiros. Ao CMDUA Como delegada da Regi\u00e3o de\u2026","rel":"","context":"Em &quot;Geral&quot;","block_context":{"text":"Geral","link":"https:\/\/www.jornalja.com.br\/arquivo\/category\/geral\/"},"img":{"alt_text":"","src":"","width":0,"height":0},"classes":[]}],"jetpack_shortlink":"https:\/\/wp.me\/pbQjBd-ch5","jetpack_featured_media_url":"","_links":{"self":[{"href":"https:\/\/www.jornalja.com.br\/arquivo\/wp-json\/wp\/v2\/posts\/47187","targetHints":{"allow":["GET"]}}],"collection":[{"href":"https:\/\/www.jornalja.com.br\/arquivo\/wp-json\/wp\/v2\/posts"}],"about":[{"href":"https:\/\/www.jornalja.com.br\/arquivo\/wp-json\/wp\/v2\/types\/post"}],"author":[{"embeddable":true,"href":"https:\/\/www.jornalja.com.br\/arquivo\/wp-json\/wp\/v2\/users\/4"}],"replies":[{"embeddable":true,"href":"https:\/\/www.jornalja.com.br\/arquivo\/wp-json\/wp\/v2\/comments?post=47187"}],"version-history":[{"count":0,"href":"https:\/\/www.jornalja.com.br\/arquivo\/wp-json\/wp\/v2\/posts\/47187\/revisions"}],"wp:attachment":[{"href":"https:\/\/www.jornalja.com.br\/arquivo\/wp-json\/wp\/v2\/media?parent=47187"}],"wp:term":[{"taxonomy":"category","embeddable":true,"href":"https:\/\/www.jornalja.com.br\/arquivo\/wp-json\/wp\/v2\/categories?post=47187"},{"taxonomy":"post_tag","embeddable":true,"href":"https:\/\/www.jornalja.com.br\/arquivo\/wp-json\/wp\/v2\/tags?post=47187"}],"curies":[{"name":"wp","href":"https:\/\/api.w.org\/{rel}","templated":true}]}}