{"id":47189,"date":"2017-04-16T17:08:18","date_gmt":"2017-04-16T20:08:18","guid":{"rendered":"https:\/\/www.jornalja.com.br\/?p=47189"},"modified":"2017-04-16T17:08:18","modified_gmt":"2017-04-16T20:08:18","slug":"cem-dias-segundo-a-oposicaodiscurso-do-caos-e-para-justificar-a-paralisia","status":"publish","type":"post","link":"https:\/\/www.jornalja.com.br\/arquivo\/cem-dias-segundo-a-oposicaodiscurso-do-caos-e-para-justificar-a-paralisia\/","title":{"rendered":"Cem dias, segundo a oposi\u00e7\u00e3o: &quot;Discurso do caos \u00e9 para justificar a paralisia&quot;"},"content":{"rendered":"<p><span class=\"assina\">FELIPE UHR<\/span><br \/>\nFernanda Melchionna iniciou em 2017 seu terceiro mandato na C\u00e2mara de Vereadores de Porto Alegre. Desta vez, ela assumiu como a vereadora mais votada e como l\u00edder da oposi\u00e7\u00e3o ao prefeito Nelson Marchezan Junior.<br \/>\nMelchionna recebeu o Jornal J\u00c1 e falou sobre os primeiros cem dias do novo governo.<br \/>\nAs principais cr\u00edticas foram em rela\u00e7\u00e3o \u00e0s primeiras medidas anunciadas por Marchezan, como a extin\u00e7\u00e3o de Secretarias, mudan\u00e7as na rotina escolar e o aumento no pre\u00e7o das tarifas de transporte p\u00fablico.<br \/>\nE um elogio: a contrata\u00e7\u00e3o de m\u00e9dicos no Programa Sa\u00fade da Fam\u00edlia e o an\u00fancio do primeiro posto com atendimento at\u00e9 as 22 horas. <strong><br \/>\n<\/strong><br \/>\n<strong>Qual a sua avalia\u00e7\u00e3o desses cem primeiros dias? <\/strong><br \/>\n\u00c9 um governo que fica falando em caos financeiro pra justificar a sua paralisia. Ele une esse discurso do caos a um discurso pol\u00edtico que j\u00e1 est\u00e1 claro: arrochar o funcionalismo p\u00fablico. J\u00e1 falou em parcelamento de sal\u00e1rios, agora est\u00e1 falando em tr\u00eas ou quatro meses em atraso dos funcion\u00e1rios. Um dia fala isso, no outro fala em privatizar a Carris, sem fazer nada pra melhorar a sua situa\u00e7\u00e3o. Colocou algu\u00e9m que logo saiu e deixou a companhia ac\u00e9fala, ou seja, ele faz a pol\u00edtica que depois vai justificar a privatiza\u00e7\u00e3o.<br \/>\n<strong>A rela\u00e7\u00e3o com a Comunitas, como \u00e9 sua avalia\u00e7\u00e3o?<\/strong><br \/>\nSim, tem tamb\u00e9m o contrato com a Comunitas. E a\u00ed eu n\u00e3o falo s\u00f3 nos termos do contrato, mas tamb\u00e9m de como \u00e9 ter uma rela\u00e7\u00e3o com essa ONG e com a Falconi (consultoria contratada pela Comunitas), que pouco se sabe at\u00e9 agora.<br \/>\n<strong>A quest\u00e3o da transpar\u00eancia?<\/strong><br \/>\nDisseram que foram transparentes no tema do transporte, das passagens. Fizeram um site que \u00e9 um simulacro de democracia, que s\u00f3 colocou itens que eles quiseram colocar, como a retirada do meio passe dos estudantes, a gratuidade dos idosos, at\u00e9 mesmo a possibilidade de retirar os cobradores, como op\u00e7\u00e3o de composi\u00e7\u00e3o do custo. Mas n\u00e3o colocaram os lucros das empresas \u00a0ou a isen\u00e7\u00e3o do ISS (Imposto sobre servi\u00e7o) que a Prefeitura deixa de arrecadar R$ 18 milh\u00f5es por ano e poderia deixar o custo mais baixo.<br \/>\n<strong>E os cargos em comiss\u00e3o?<\/strong><br \/>\nO prefeito fala que reduziu os cargos de comiss\u00e3o, que demitiu mais de 400. Embora isso tenha acontecido, o pr\u00f3prio portal de transpar\u00eancia desmente o prefeito, j\u00e1 que ele fez uma centena de recontrata\u00e7\u00f5es &#8212; muitos cargos com o PTB e PP. E nessa carona vem o Banco de Talentos, que foi lan\u00e7ado pra teoricamente contratar pessoas sem v\u00ednculo partid\u00e1rio, o que n\u00e3o ocorreu.<br \/>\n<strong>A suspens\u00e3o do Or\u00e7amento Participativo&#8230;<\/strong><br \/>\nQue transpar\u00eancia \u00e9 essa que suspende o Or\u00e7amento Participativo, um dos grandes instrumentos de participa\u00e7\u00e3o popular? O OP tinha de ser resgatado e n\u00e3o cancelado. Como falar em transpar\u00eancia se n\u00e3o apoiou ainda a CPI do DEP, algo que estamos lutando aqui na C\u00e2mara? Isso envolve milh\u00f5es de recursos p\u00fablicos roubados pela corrup\u00e7\u00e3o e contratos de empresas que seguem prestando servi\u00e7os pra cidade, quando deveriam ter devolvido esse dinheiro. O governo n\u00e3o apoiou a CPI, sua base n\u00e3o votou a favor da CPI.<br \/>\n<strong>Em sua reforma administrativa o prefeito reduziu de 37 para 15 Secretarias. Qual sua avalia\u00e7\u00e3o?<\/strong><br \/>\nEssa reforma extinguiu Secretarias fundamentais, como a dos Direitos Humanos, a dos Esportes e a do Meio Ambiente (Smam). E a Smam n\u00e3o s\u00f3 foi extinta, como uma parte da coordena\u00e7\u00e3o do licenciamento ambiental ficou com a Secretaria de Desenvolvimento Econ\u00f4mico. S\u00f3 se manteve o &#8220;meio ambiente&#8221; atrav\u00e9s de emendas, porque era para ser s\u00f3 Sustentabilidade, mas at\u00e9 hoje a \u00e1rea segue sem um titular. A reforma administrativa \u00e9 uma balela pra justificar o enxugamento dos servi\u00e7os p\u00fablicos. Agora vai vir um pacote, temos a convic\u00e7\u00e3o que vem mais um ataque ao conjunto de servi\u00e7os importantes para a popula\u00e7\u00e3o.<br \/>\n<strong>O governo adotou o Banco de Talentos (sele\u00e7\u00e3o para cargos p\u00fablicos atrav\u00e9s de curr\u00edculos e entrevistas), um sistema in\u00e9dito aqui em Porto Alegre.<\/strong><br \/>\nPrimeiro, estranhei o tal Banco de Talentos n\u00e3o ser vinculado ao portal da Prefeitura e ser ligado a essa ONG Comunitas. Argumentam que n\u00e3o gera custo para a Prefeitura. Pode n\u00e3o ter custo agora, mas tem custo no projeto pol\u00edtico, tem o interesse dos grupos empresariais que fomentam essa institui\u00e7\u00e3o. A conta vai chegar \u00e0 popula\u00e7\u00e3o atrav\u00e9s de privatiza\u00e7\u00f5es e outros ataques ao funcionalismo. Quanto aos crit\u00e9rios para contrata\u00e7\u00e3o, n\u00f3s recebemos den\u00fancias de v\u00e1rias pessoas qualificadas, que enviaram curr\u00edculo ao Banco de Talentos, e sequer foram chamadas. Estamos fiscalizando, que \u00e9 o papel da oposi\u00e7\u00e3o, pra ver se esse banco n\u00e3o \u00e9 um simulacro de instrumento de contrata\u00e7\u00f5es de indicados dos partidos da base aliada.<br \/>\n<strong>Mas indicar cargos em comiss\u00e3o para partidos da base n\u00e3o \u00e9 uma novidade&#8230;.<\/strong><br \/>\nN\u00e3o, n\u00e3o \u00e9. \u00c9 uma velha pol\u00edtica brasileiro, do toma l\u00e1 da c\u00e1, o que debilita o servi\u00e7o p\u00fablico inclusive\u00a0 e trata a pol\u00edtica como balc\u00e3o de neg\u00f3cios. Mas Marchezan disse que ia fazer um governo t\u00e9cnico. A gente olha a composi\u00e7\u00e3o do governo e v\u00ea que o discurso vai caindo por terra. Se pegarmos as pessoas que foram chamados pelo Banco de Talentos n\u00e3o me surpreenderia se encontr\u00e1ssemos muitos filiados do PTB e do PP.<br \/>\n<strong>O prefeito anunciou um d\u00e9ficit de 1,3 bilh\u00e3o de reais este ano, diz que a realidade vinha sendo escondida. Como a oposi\u00e7\u00e3o avalia as medidas anunciadas para conter a crise financeira?<\/strong><br \/>\nO governo anterior fez uma m\u00e1 gest\u00e3o. Foram muitos esc\u00e2ndalos de corrup\u00e7\u00e3o e muitos outros problemas. Mas acho que Marchezan faz um esfor\u00e7o pra aumentar esse d\u00e9ficit. Coloca neste c\u00e1lculo saques no caixa \u00fanico e servi\u00e7os n\u00e3o empenhados, por exemplo. Criou-se uma crise sistem\u00e1tica pra comprometer a folha dos servidores, que o prefeito diz que \u00e9 de 60%, quando o portal da transpar\u00eancia mostra que n\u00e3o chega a 52%.<br \/>\nMarchezan chegou a comparar a crise do Munic\u00edpio \u00e0 do Estado, mas est\u00e1 muito longe. O endividamento de Porto Alegre representa na pr\u00e1tica 21% da receita corrente l\u00edquida, no Estado chega a 210%. Ele faz um discurso pra aumentar a crise pra justificar as privatiza\u00e7\u00f5es e ataque ao funcionalismo. N\u00e3o busca solu\u00e7\u00f5es justas, como recuperar o dinheiro da corrup\u00e7\u00e3o, nem medidas de aumento de arrecada\u00e7\u00e3o que n\u00e3o onere os de baixo, como o IPTU progressivo.<br \/>\n<strong>O secret\u00e1rio da Fazenda j\u00e1 sinalizou uma revis\u00e3o no IPTU&#8230;. <\/strong><br \/>\nN\u00e3o \u00e9 correto onerar a classe trabalhadora e a classe m\u00e9dia, ainda mais em momentos de crise. Im\u00f3veis que n\u00e3o cumpram seu papel social em cinco ou dez anos podem ser sobretaxados, ou pessoas que tem mais de cinco im\u00f3veis serem mais taxados. Temos de buscar arrecada\u00e7\u00e3o via d\u00edvida \u00a0ativa, buscar os recursos da corrup\u00e7\u00e3o, tomar medidas concretas. Mas Marchezan faz justamente o contr\u00e1rio: aumenta o d\u00e9ficit, ataca o funcionalismo e governa com os grandes empres\u00e1rios.<br \/>\n<strong>Na Educa\u00e7\u00e3o, houve a reforma da grade de hor\u00e1rios. O prefeito alegou que o aluno ficaria mais tempo com o professor em classe e em hor\u00e1rio de aula.\u00a0<\/strong><br \/>\nOs professores nunca contaram o hor\u00e1rio do caf\u00e9 da manh\u00e3 como aula. \u00c0s 7h30 os alunos entravam em aula. A reforma que ele prop\u00f5e inclusive diminui o tempo do aluno dentro da sala. Marchezan for\u00e7ou a barra pra justificar o injustific\u00e1vel. Quis mudar uma rotina escolar constru\u00edda com a rede municipal, e nesse sentido Porto Alegre tem uma gest\u00e3o democr\u00e1tica. H\u00e1 elei\u00e7\u00f5es, h\u00e1 participa\u00e7\u00e3o da comunidade escolar, uma discuss\u00e3o coletiva. Ele vai l\u00e1 e muda isso, sem nem avisar os professores, publicou o decreto 19.685, em fevereiro deste ano, \u00a0alterando tudo, na verdade reduz os per\u00edodos de 50 pra 45 minutos, e diz que os professores calculavam o caf\u00e9 da manh\u00e3 como hora\/aula, o que n\u00e3o verdade. Interfere na orienta\u00e7\u00e3o pedag\u00f3gica. O governo desconhece a Secretaria Municipal de Educa\u00e7\u00e3o. Tanto que os conselhos escolares votaram para manter o calend\u00e1rio anterior, pais e m\u00e3es tamb\u00e9m apoiaram isso.<br \/>\n<strong>A altera\u00e7\u00e3o, segundo o governo, visa melhorar a posi\u00e7\u00e3o do Munic\u00edpio no IDEB (\u00cdndice de Desenvolvimento da Educa\u00e7\u00e3o B\u00e1sica), hoje uma das piores entre as capitais&#8230;<\/strong><br \/>\nEvidentemente, \u00e9 preciso melhorar o processo educacional. Mas fazer junto com a rede municipal, junto com a comunidade escolar. H\u00e1 tamb\u00e9m uma discuss\u00e3o em rela\u00e7\u00e3o ao \u00edndice. O IDEB leva em considera\u00e7\u00e3o os resultados das provas. N\u00e3o considera que as escolas da rede municipal est\u00e3o em regi\u00f5es de vulnerabilidade social. Temos uma das redes mais estruturadas dentro das periferias do Brasil, muitas vezes a escola \u00e9 o \u00fanico aparelho p\u00fablico. Esse discurso do prefeito \u00e9 de quem desconhece a rede, desrespeita seus professores e de que na pr\u00e1tica n\u00e3o quer mudar os \u00edndices da educa\u00e7\u00e3o. Ele quer \u00e9 atacar o funcionalismo atrav\u00e9s de noticias que n\u00e3o s\u00e3o verdade sobre a rede municipal.<br \/>\nOutro absurdo, que eu nunca tinha visto, foram as sindic\u00e2ncias abertas contra escolas por mobiliza\u00e7\u00f5es, protestos ou v\u00eddeos que foram divulgados mostrando como seria se a rotina do Marchezan fosse implementada. S\u00e3o cinco sindic\u00e2ncias, o que demonstra autoritarismo. Precisamos \u00e9 fazer de fato uma discuss\u00e3o mas com quem de fato \u00e9 sujeito, que s\u00e3o os professores.<br \/>\n<strong>O primeiro posto de sa\u00fade com atendimento at\u00e9 as 22h, promessa de campanha, est\u00e1 funcionando. E m\u00e9dicos foram contratados para\u00a0todas as equipes do Programa Sa\u00fade da Fam\u00edlia. Nessa \u00e1rea o governo acertou?<\/strong><br \/>\n\u00c9 um dos pouqu\u00edssimo pontos positivos. Respeito muito o secret\u00e1rio Erno, pela sua trajet\u00f3ria, ele vem em defesa do SUS e da assist\u00eancia b\u00e1sica na sa\u00fade. Obviamente quer que melhore o atendimento \u00e0 popula\u00e7\u00e3o. Estender esse atendimento \u00e9 muito bom, assim como as equipes da sa\u00fade da fam\u00edlia. Foi uma luta para que se chegasse ao n\u00famero de equipes para atender metade da popula\u00e7\u00e3o. Foi uma promessa antiga ainda do governo Foga\u00e7a, s\u00f3 conclu\u00edda com o Fortunati, com algumas equipes deficit\u00e1rias. \u00c9 preciso ampliar essas equipes e focar na especialidades. Os problemas seguem: falta de profissionais, t\u00e9cnicos, enfermeiros&#8230;<br \/>\n<strong>Mas em apenas cem dias n\u00e3o \u00e9 cedo pra essa cobran\u00e7a&#8230;<\/strong><br \/>\nSim, mas s\u00e3o problemas concretos e que precisam ser resolvidos. H\u00e1 bairros que precisam de postos e que ainda n\u00e3o foram contemplados. \u00c9 bom lembrar que o Marchezan, como deputado federal, foi a favor da PEC 55 que reduz os investimentos na \u00e1rea da sa\u00fade. Essa aten\u00e7\u00e3o em defesa do SUS, amplia\u00e7\u00e3o do atendimento, da infra-estrutura e da seguran\u00e7a em alguns postos, v\u00e3o ter o apoio da oposi\u00e7\u00e3o.<br \/>\n<strong>Em rela\u00e7\u00e3o a Seguran\u00e7a, o Munic\u00edpio ainda tem uma atua\u00e7\u00e3o limitada. O prefeito anunciou a integra\u00e7\u00e3o com a Brigada Militar e a Guarda Nacional&#8230; O que o governo pode fazer al\u00e9m disso? <\/strong><br \/>\nNa verdade eu n\u00e3o vi nenhuma avan\u00e7o do governo municipal nesse sentido. A Guarda Municipal deveria ter um papel maior na seguran\u00e7a da cidade. A maioria das c\u00e2meras j\u00e1 estavam funcionando e obviamente \u00e9 importante esse cercamento eletr\u00f4nico e esse v\u00eddeo-monitoramento, desde que aja na ocorr\u00eancia uma medida r\u00e1pida para proteger a popula\u00e7\u00e3o. \u00c9 preciso avan\u00e7ar no concurso p\u00fablico. A guarda est\u00e1 sucateada. \u00c9 preciso avan\u00e7ar na seguran\u00e7a preventiva que est\u00e3o em outras \u00e1reas em que eu vejo o corte de incentivos do governo, como no esporte, na cultura, assist\u00eancia social. O papel do Munic\u00edpio na seguran\u00e7a tem que olhar o conjunto, na preven\u00e7\u00e3o. A gente analisa os dados da seguran\u00e7a e v\u00ea que as \u00e1reas de vulnerabilidade s\u00e3o as que menos t\u00eam os equipamentos p\u00fablicos\u00a0 que podem defender os interesses da popula\u00e7\u00e3o. Ent\u00e3o eu vejo que n\u00e3o houve nenhuma nova pol\u00edtica de seguran\u00e7a. Dever\u00edamos ter uma Guarda Municipal territorial em conjunto com as comunidades, fazer pol\u00edticas de assist\u00eancia.<br \/>\n<strong>O secret\u00e1rio da Fazenda, Leonardo Busatto, fala num rombo de R$ 110 milh\u00f5es na EPTC e Carris. O que fazer com\u00a0essas empresas p\u00fablicas?<\/strong><br \/>\nO governo opera pra que elas sigam deficit\u00e1rias, pra desmontar, sucatear. Na Carris, foi anunciado um diretor-presidente que pediu pra sair 20 dias depois, e at\u00e9 agora n\u00e3o foi anunciado um novo nome. A companhia continua ac\u00e9fala. O governo n\u00e3o chamou nem os funcion\u00e1rios da Carris nem da EPTC pra trabalhar junto e revolucionar mesmo a gest\u00e3o.<br \/>\nFoi a gest\u00e3o passada que deixou deficit\u00e1ria a Carris, uma empresa centen\u00e1ria que s\u00f3 ficou assim nos \u00faltimos anos. Sempre foi reconhecida como uma das melhores empresas de \u00f4nibus do pa\u00eds. A Carris garante o par\u00e2metro de qualidade. Por exemplo, enquanto as outras empresas colocam o pre\u00e7o do combust\u00edvel acima do valor de mercado, a Carris p\u00f5e o pre\u00e7o real. \u00c9 preciso revolucionar essa gest\u00e3o governando com os trabalhadores, e que essas empresas cumpram seu papel social sem ter lucro, mas que tamb\u00e9m n\u00e3o sejam deficit\u00e1rias. N\u00e3o me parece ser o que o prefeito quer, mas tenho convic\u00e7\u00e3o de que os rodovi\u00e1rios v\u00e3o resistir a esse ataque.<br \/>\n<strong>O prefeito alega que o novo custo da tarifa de \u00f4nibus obedece a licita\u00e7\u00e3o, e que isso s\u00f3 pode ser mudado com uma nova licita\u00e7\u00e3o. Qual sua avalia\u00e7\u00e3o do processo, desde o uso do aplicativo, acompanhamento do TCE, at\u00e9 o an\u00fancio da tarifa?<\/strong><br \/>\nIsso foi um grande jogo de palavras do governo, assim parece que o TCE acompanhou do in\u00edcio ao fim a discuss\u00e3o do pre\u00e7o, o que n\u00e3o \u00e9 verdade. O TCE fez uma auditoria em 2011 a 2012 e nela se identificou uma dezena de irregularidades. A partir disso houve uma grande mobiliza\u00e7\u00e3o na \u00e9poca, o que fez o pre\u00e7o da passagem reduzir. Desde ent\u00e3o, n\u00e3o houve uma nova auditoria.<br \/>\nH\u00e1 muitos ind\u00edcios de que a popula\u00e7\u00e3o est\u00e1 sendo lesada. Por isso n\u00f3s fizemos essa representa\u00e7\u00e3o no Minist\u00e9rio P\u00fablico de Contas. Abriu-se uma nova auditoria pelo Tribunal de Contas do Estado. O Marchezan disse que esperaria o TCE, n\u00e3o esperou, enviou o aumento. \u00a0E em uma a\u00e7\u00e3o dos empres\u00e1rios tentou responsabilizar o PSOL pelos \u201cpreju\u00edzos\u201d alegado pelas empresas em 2016. Ou seja, uma op\u00e7\u00e3o em defesa dos empres\u00e1rios que comandam o transporte coletivo de Porto Alegre, seja garantindo mais aumento abusivo por um servi\u00e7o que vem perdendo qualidade, seja tentando responsabilizar a n\u00f3s que fizemos o papel do governo em fiscalizar as irregularidades.<br \/>\nN\u00e3o nos calar\u00e3o. J\u00e1 entramos com uma nova a\u00e7\u00e3o, a ju\u00edza oficiou a Prefeitura pra que se manifeste e responda aos questionamentos quanto a rodagem, combust\u00edvel, o fundo de receitas extraordin\u00e1rias&#8230;<br \/>\n<strong>\u00a0<\/strong><strong>Uma tend\u00eancia do governo nesses cem dias&#8230;<\/strong><br \/>\nCem dias s\u00e3o poucos dias, mas tu analisa uma tend\u00eancia muito clara do que vai ser esse governo. Ataque \u00e0s \u00e1reas sociais, projetos anti-populares diminuindo o acesso do povo aos servi\u00e7os p\u00fablicos. H\u00e1 tamb\u00e9m o arrocho ao funcionalismo e rela\u00e7\u00e3o com os grandes empres\u00e1rios. Mercado P\u00fablico? Privatiza! Carris? Privatiza! Vai ser isso.<\/p>\n","protected":false},"excerpt":{"rendered":"<p>FELIPE UHR Fernanda Melchionna iniciou em 2017 seu terceiro mandato na C\u00e2mara de Vereadores de Porto Alegre. Desta vez, ela assumiu como a vereadora mais votada e como l\u00edder da oposi\u00e7\u00e3o ao prefeito Nelson Marchezan Junior. Melchionna recebeu o Jornal J\u00c1 e falou sobre os primeiros cem dias do novo governo. As principais cr\u00edticas foram [&hellip;]<\/p>\n","protected":false},"author":4,"featured_media":47201,"comment_status":"open","ping_status":"closed","sticky":false,"template":"","format":"standard","meta":{"_jetpack_newsletter_access":"","_jetpack_dont_email_post_to_subs":false,"_jetpack_newsletter_tier_id":0,"_jetpack_memberships_contains_paywalled_content":false,"_jetpack_feature_clip_id":0,"_jetpack_memberships_contains_paid_content":false,"footnotes":"","jetpack_post_was_ever_published":false},"categories":[26],"tags":[],"class_list":["post-47189","post","type-post","status-publish","format-standard","has-post-thumbnail","hentry","category-geral"],"aioseo_notices":[],"aioseo_head":"\n\t\t<!-- All in One SEO 5.0.1.1 - aioseo.com -->\n\t<meta name=\"robots\" content=\"max-image-preview:large\" \/>\n\t<meta name=\"author\" content=\"da Reda\u00e7\u00e3o\"\/>\n\t<link rel=\"canonical\" href=\"https:\/\/www.jornalja.com.br\/arquivo\/cem-dias-segundo-a-oposicaodiscurso-do-caos-e-para-justificar-a-paralisia\/\" \/>\n\t<meta name=\"generator\" content=\"All in One SEO (AIOSEO) 5.0.1.1\" \/>\n\t\t<meta property=\"og:locale\" content=\"pt_BR\" \/>\n\t\t<meta property=\"og:site_name\" content=\"Arquivo | Jornal J\u00c1 | Porto Alegre\" \/>\n\t\t<meta property=\"og:type\" content=\"article\" \/>\n\t\t<meta property=\"og:title\" content=\"Cem dias, segundo a oposi\u00e7\u00e3o: &quot;Discurso do caos \u00e9 para justificar a paralisia&quot; | Arquivo\" \/>\n\t\t<meta property=\"og:url\" content=\"https:\/\/www.jornalja.com.br\/arquivo\/cem-dias-segundo-a-oposicaodiscurso-do-caos-e-para-justificar-a-paralisia\/\" \/>\n\t\t<meta property=\"og:image\" content=\"https:\/\/www.jornalja.com.br\/economics\/wp-content\/uploads\/sites\/11\/2026\/08\/ja-folhaderosto-facebook.jpg\" \/>\n\t\t<meta property=\"og:image:secure_url\" content=\"https:\/\/www.jornalja.com.br\/economics\/wp-content\/uploads\/sites\/11\/2026\/08\/ja-folhaderosto-facebook.jpg\" \/>\n\t\t<meta property=\"article:published_time\" content=\"2017-04-16T20:08:18+00:00\" \/>\n\t\t<meta property=\"article:modified_time\" content=\"2017-04-16T20:08:18+00:00\" \/>\n\t\t<meta name=\"twitter:card\" content=\"summary\" \/>\n\t\t<meta name=\"twitter:title\" content=\"Cem dias, segundo a oposi\u00e7\u00e3o: &quot;Discurso do caos \u00e9 para justificar a paralisia&quot; | Arquivo\" \/>\n\t\t<meta name=\"twitter:image\" content=\"https:\/\/www.jornalja.com.br\/economics\/wp-content\/uploads\/sites\/11\/2026\/08\/ja-folhaderosto-facebook.jpg\" \/>\n\t\t<script type=\"application\/ld+json\" class=\"aioseo-schema\">\n\t\t\t{\"@context\":\"https:\\\/\\\/schema.org\",\"@graph\":[{\"@type\":\"BlogPosting\",\"@id\":\"https:\\\/\\\/www.jornalja.com.br\\\/arquivo\\\/cem-dias-segundo-a-oposicaodiscurso-do-caos-e-para-justificar-a-paralisia\\\/#blogposting\",\"name\":\"Cem dias, segundo a oposi\\u00e7\\u00e3o: \\\"Discurso do caos \\u00e9 para justificar a paralisia\\\" | Arquivo\",\"headline\":\"Cem dias, segundo a oposi\\u00e7\\u00e3o: &quot;Discurso do caos \\u00e9 para justificar a paralisia&quot;\",\"author\":{\"@id\":\"https:\\\/\\\/www.jornalja.com.br\\\/arquivo\\\/author\\\/daredacao\\\/#author\"},\"publisher\":{\"@id\":\"https:\\\/\\\/www.jornalja.com.br\\\/arquivo\\\/#organization\"},\"image\":{\"@type\":\"ImageObject\",\"url\":47201},\"datePublished\":\"2017-04-16T17:08:18-03:00\",\"dateModified\":\"2017-04-16T17:08:18-03:00\",\"inLanguage\":\"pt-BR\",\"mainEntityOfPage\":{\"@id\":\"https:\\\/\\\/www.jornalja.com.br\\\/arquivo\\\/cem-dias-segundo-a-oposicaodiscurso-do-caos-e-para-justificar-a-paralisia\\\/#webpage\"},\"isPartOf\":{\"@id\":\"https:\\\/\\\/www.jornalja.com.br\\\/arquivo\\\/cem-dias-segundo-a-oposicaodiscurso-do-caos-e-para-justificar-a-paralisia\\\/#webpage\"},\"articleSection\":\"Geral\"},{\"@type\":\"BreadcrumbList\",\"@id\":\"https:\\\/\\\/www.jornalja.com.br\\\/arquivo\\\/cem-dias-segundo-a-oposicaodiscurso-do-caos-e-para-justificar-a-paralisia\\\/#breadcrumblist\",\"itemListElement\":[{\"@type\":\"ListItem\",\"@id\":\"https:\\\/\\\/www.jornalja.com.br\\\/arquivo#listItem\",\"position\":1,\"name\":\"Home\",\"item\":\"https:\\\/\\\/www.jornalja.com.br\\\/arquivo\",\"nextItem\":{\"@type\":\"ListItem\",\"@id\":\"https:\\\/\\\/www.jornalja.com.br\\\/arquivo\\\/category\\\/geral\\\/#listItem\",\"name\":\"Geral\"}},{\"@type\":\"ListItem\",\"@id\":\"https:\\\/\\\/www.jornalja.com.br\\\/arquivo\\\/category\\\/geral\\\/#listItem\",\"position\":2,\"name\":\"Geral\",\"item\":\"https:\\\/\\\/www.jornalja.com.br\\\/arquivo\\\/category\\\/geral\\\/\",\"nextItem\":{\"@type\":\"ListItem\",\"@id\":\"https:\\\/\\\/www.jornalja.com.br\\\/arquivo\\\/cem-dias-segundo-a-oposicaodiscurso-do-caos-e-para-justificar-a-paralisia\\\/#listItem\",\"name\":\"Cem dias, segundo a oposi\\u00e7\\u00e3o: &quot;Discurso do caos \\u00e9 para justificar a paralisia&quot;\"},\"previousItem\":{\"@type\":\"ListItem\",\"@id\":\"https:\\\/\\\/www.jornalja.com.br\\\/arquivo#listItem\",\"name\":\"Home\"}},{\"@type\":\"ListItem\",\"@id\":\"https:\\\/\\\/www.jornalja.com.br\\\/arquivo\\\/cem-dias-segundo-a-oposicaodiscurso-do-caos-e-para-justificar-a-paralisia\\\/#listItem\",\"position\":3,\"name\":\"Cem dias, segundo a oposi\\u00e7\\u00e3o: &quot;Discurso do caos \\u00e9 para justificar a paralisia&quot;\",\"previousItem\":{\"@type\":\"ListItem\",\"@id\":\"https:\\\/\\\/www.jornalja.com.br\\\/arquivo\\\/category\\\/geral\\\/#listItem\",\"name\":\"Geral\"}}]},{\"@type\":\"Organization\",\"@id\":\"https:\\\/\\\/www.jornalja.com.br\\\/arquivo\\\/#organization\",\"name\":\"Jornal J\\u00c1\",\"description\":\"Jornal J\\u00c1 | Porto Alegre\",\"url\":\"https:\\\/\\\/www.jornalja.com.br\\\/arquivo\\\/\",\"telephone\":\"+555133307272\",\"logo\":{\"@type\":\"ImageObject\",\"url\":\"https:\\\/\\\/www.jornalja.com.br\\\/wp-content\\\/uploads\\\/cards\\\/JAslogan.png\",\"@id\":\"https:\\\/\\\/www.jornalja.com.br\\\/arquivo\\\/cem-dias-segundo-a-oposicaodiscurso-do-caos-e-para-justificar-a-paralisia\\\/#organizationLogo\"},\"image\":{\"@id\":\"https:\\\/\\\/www.jornalja.com.br\\\/arquivo\\\/cem-dias-segundo-a-oposicaodiscurso-do-caos-e-para-justificar-a-paralisia\\\/#organizationLogo\"}},{\"@type\":\"Person\",\"@id\":\"https:\\\/\\\/www.jornalja.com.br\\\/arquivo\\\/author\\\/daredacao\\\/#author\",\"url\":\"https:\\\/\\\/www.jornalja.com.br\\\/arquivo\\\/author\\\/daredacao\\\/\",\"name\":\"da Reda\\u00e7\\u00e3o\",\"image\":{\"@type\":\"ImageObject\",\"@id\":\"https:\\\/\\\/www.jornalja.com.br\\\/arquivo\\\/cem-dias-segundo-a-oposicaodiscurso-do-caos-e-para-justificar-a-paralisia\\\/#authorImage\",\"url\":\"https:\\\/\\\/secure.gravatar.com\\\/avatar\\\/469fd857d6605ad19919d27ed29d35a968a25f6e8fd9318356bbb7f57aae9c65?s=96&d=mm&r=g\",\"width\":96,\"height\":96,\"caption\":\"da Reda\\u00e7\\u00e3o\"}},{\"@type\":\"WebPage\",\"@id\":\"https:\\\/\\\/www.jornalja.com.br\\\/arquivo\\\/cem-dias-segundo-a-oposicaodiscurso-do-caos-e-para-justificar-a-paralisia\\\/#webpage\",\"url\":\"https:\\\/\\\/www.jornalja.com.br\\\/arquivo\\\/cem-dias-segundo-a-oposicaodiscurso-do-caos-e-para-justificar-a-paralisia\\\/\",\"name\":\"Cem dias, segundo a oposi\\u00e7\\u00e3o: \\\"Discurso do caos \\u00e9 para justificar a paralisia\\\" | Arquivo\",\"inLanguage\":\"pt-BR\",\"isPartOf\":{\"@id\":\"https:\\\/\\\/www.jornalja.com.br\\\/arquivo\\\/#website\"},\"breadcrumb\":{\"@id\":\"https:\\\/\\\/www.jornalja.com.br\\\/arquivo\\\/cem-dias-segundo-a-oposicaodiscurso-do-caos-e-para-justificar-a-paralisia\\\/#breadcrumblist\"},\"author\":{\"@id\":\"https:\\\/\\\/www.jornalja.com.br\\\/arquivo\\\/author\\\/daredacao\\\/#author\"},\"creator\":{\"@id\":\"https:\\\/\\\/www.jornalja.com.br\\\/arquivo\\\/author\\\/daredacao\\\/#author\"},\"image\":{\"@type\":\"ImageObject\",\"url\":47201,\"@id\":\"https:\\\/\\\/www.jornalja.com.br\\\/arquivo\\\/cem-dias-segundo-a-oposicaodiscurso-do-caos-e-para-justificar-a-paralisia\\\/#mainImage\"},\"primaryImageOfPage\":{\"@id\":\"https:\\\/\\\/www.jornalja.com.br\\\/arquivo\\\/cem-dias-segundo-a-oposicaodiscurso-do-caos-e-para-justificar-a-paralisia\\\/#mainImage\"},\"datePublished\":\"2017-04-16T17:08:18-03:00\",\"dateModified\":\"2017-04-16T17:08:18-03:00\"},{\"@type\":\"WebSite\",\"@id\":\"https:\\\/\\\/www.jornalja.com.br\\\/arquivo\\\/#website\",\"url\":\"https:\\\/\\\/www.jornalja.com.br\\\/arquivo\\\/\",\"name\":\"Arquivo\",\"description\":\"Jornal J\\u00c1 | Porto Alegre\",\"inLanguage\":\"pt-BR\",\"publisher\":{\"@id\":\"https:\\\/\\\/www.jornalja.com.br\\\/arquivo\\\/#organization\"}}]}\n\t\t<\/script>\n\t\t<!-- All in One SEO -->\n\n","aioseo_head_json":{"title":"Cem dias, segundo a oposi\u00e7\u00e3o: \"Discurso do caos \u00e9 para justificar a paralisia\" | Arquivo","description":"","canonical_url":"https:\/\/www.jornalja.com.br\/arquivo\/cem-dias-segundo-a-oposicaodiscurso-do-caos-e-para-justificar-a-paralisia\/","robots":"max-image-preview:large","keywords":"","webmasterTools":{"miscellaneous":""},"schema":{"@context":"https:\/\/schema.org","@graph":[{"@type":"BlogPosting","@id":"https:\/\/www.jornalja.com.br\/arquivo\/cem-dias-segundo-a-oposicaodiscurso-do-caos-e-para-justificar-a-paralisia\/#blogposting","name":"Cem dias, segundo a oposi\u00e7\u00e3o: \"Discurso do caos \u00e9 para justificar a paralisia\" | Arquivo","headline":"Cem dias, segundo a oposi\u00e7\u00e3o: &quot;Discurso do caos \u00e9 para justificar a paralisia&quot;","author":{"@id":"https:\/\/www.jornalja.com.br\/arquivo\/author\/daredacao\/#author"},"publisher":{"@id":"https:\/\/www.jornalja.com.br\/arquivo\/#organization"},"image":{"@type":"ImageObject","url":47201},"datePublished":"2017-04-16T17:08:18-03:00","dateModified":"2017-04-16T17:08:18-03:00","inLanguage":"pt-BR","mainEntityOfPage":{"@id":"https:\/\/www.jornalja.com.br\/arquivo\/cem-dias-segundo-a-oposicaodiscurso-do-caos-e-para-justificar-a-paralisia\/#webpage"},"isPartOf":{"@id":"https:\/\/www.jornalja.com.br\/arquivo\/cem-dias-segundo-a-oposicaodiscurso-do-caos-e-para-justificar-a-paralisia\/#webpage"},"articleSection":"Geral"},{"@type":"BreadcrumbList","@id":"https:\/\/www.jornalja.com.br\/arquivo\/cem-dias-segundo-a-oposicaodiscurso-do-caos-e-para-justificar-a-paralisia\/#breadcrumblist","itemListElement":[{"@type":"ListItem","@id":"https:\/\/www.jornalja.com.br\/arquivo#listItem","position":1,"name":"Home","item":"https:\/\/www.jornalja.com.br\/arquivo","nextItem":{"@type":"ListItem","@id":"https:\/\/www.jornalja.com.br\/arquivo\/category\/geral\/#listItem","name":"Geral"}},{"@type":"ListItem","@id":"https:\/\/www.jornalja.com.br\/arquivo\/category\/geral\/#listItem","position":2,"name":"Geral","item":"https:\/\/www.jornalja.com.br\/arquivo\/category\/geral\/","nextItem":{"@type":"ListItem","@id":"https:\/\/www.jornalja.com.br\/arquivo\/cem-dias-segundo-a-oposicaodiscurso-do-caos-e-para-justificar-a-paralisia\/#listItem","name":"Cem dias, segundo a oposi\u00e7\u00e3o: &quot;Discurso do caos \u00e9 para justificar a paralisia&quot;"},"previousItem":{"@type":"ListItem","@id":"https:\/\/www.jornalja.com.br\/arquivo#listItem","name":"Home"}},{"@type":"ListItem","@id":"https:\/\/www.jornalja.com.br\/arquivo\/cem-dias-segundo-a-oposicaodiscurso-do-caos-e-para-justificar-a-paralisia\/#listItem","position":3,"name":"Cem dias, segundo a oposi\u00e7\u00e3o: &quot;Discurso do caos \u00e9 para justificar a paralisia&quot;","previousItem":{"@type":"ListItem","@id":"https:\/\/www.jornalja.com.br\/arquivo\/category\/geral\/#listItem","name":"Geral"}}]},{"@type":"Organization","@id":"https:\/\/www.jornalja.com.br\/arquivo\/#organization","name":"Jornal J\u00c1","description":"Jornal J\u00c1 | Porto Alegre","url":"https:\/\/www.jornalja.com.br\/arquivo\/","telephone":"+555133307272","logo":{"@type":"ImageObject","url":"https:\/\/www.jornalja.com.br\/wp-content\/uploads\/cards\/JAslogan.png","@id":"https:\/\/www.jornalja.com.br\/arquivo\/cem-dias-segundo-a-oposicaodiscurso-do-caos-e-para-justificar-a-paralisia\/#organizationLogo"},"image":{"@id":"https:\/\/www.jornalja.com.br\/arquivo\/cem-dias-segundo-a-oposicaodiscurso-do-caos-e-para-justificar-a-paralisia\/#organizationLogo"}},{"@type":"Person","@id":"https:\/\/www.jornalja.com.br\/arquivo\/author\/daredacao\/#author","url":"https:\/\/www.jornalja.com.br\/arquivo\/author\/daredacao\/","name":"da Reda\u00e7\u00e3o","image":{"@type":"ImageObject","@id":"https:\/\/www.jornalja.com.br\/arquivo\/cem-dias-segundo-a-oposicaodiscurso-do-caos-e-para-justificar-a-paralisia\/#authorImage","url":"https:\/\/secure.gravatar.com\/avatar\/469fd857d6605ad19919d27ed29d35a968a25f6e8fd9318356bbb7f57aae9c65?s=96&d=mm&r=g","width":96,"height":96,"caption":"da Reda\u00e7\u00e3o"}},{"@type":"WebPage","@id":"https:\/\/www.jornalja.com.br\/arquivo\/cem-dias-segundo-a-oposicaodiscurso-do-caos-e-para-justificar-a-paralisia\/#webpage","url":"https:\/\/www.jornalja.com.br\/arquivo\/cem-dias-segundo-a-oposicaodiscurso-do-caos-e-para-justificar-a-paralisia\/","name":"Cem dias, segundo a oposi\u00e7\u00e3o: \"Discurso do caos \u00e9 para justificar a paralisia\" | Arquivo","inLanguage":"pt-BR","isPartOf":{"@id":"https:\/\/www.jornalja.com.br\/arquivo\/#website"},"breadcrumb":{"@id":"https:\/\/www.jornalja.com.br\/arquivo\/cem-dias-segundo-a-oposicaodiscurso-do-caos-e-para-justificar-a-paralisia\/#breadcrumblist"},"author":{"@id":"https:\/\/www.jornalja.com.br\/arquivo\/author\/daredacao\/#author"},"creator":{"@id":"https:\/\/www.jornalja.com.br\/arquivo\/author\/daredacao\/#author"},"image":{"@type":"ImageObject","url":47201,"@id":"https:\/\/www.jornalja.com.br\/arquivo\/cem-dias-segundo-a-oposicaodiscurso-do-caos-e-para-justificar-a-paralisia\/#mainImage"},"primaryImageOfPage":{"@id":"https:\/\/www.jornalja.com.br\/arquivo\/cem-dias-segundo-a-oposicaodiscurso-do-caos-e-para-justificar-a-paralisia\/#mainImage"},"datePublished":"2017-04-16T17:08:18-03:00","dateModified":"2017-04-16T17:08:18-03:00"},{"@type":"WebSite","@id":"https:\/\/www.jornalja.com.br\/arquivo\/#website","url":"https:\/\/www.jornalja.com.br\/arquivo\/","name":"Arquivo","description":"Jornal J\u00c1 | Porto Alegre","inLanguage":"pt-BR","publisher":{"@id":"https:\/\/www.jornalja.com.br\/arquivo\/#organization"}}]},"og:locale":"pt_BR","og:site_name":"Arquivo | Jornal J\u00c1 | Porto Alegre","og:type":"article","og:title":"Cem dias, segundo a oposi\u00e7\u00e3o: &quot;Discurso do caos \u00e9 para justificar a paralisia&quot; | Arquivo","og:url":"https:\/\/www.jornalja.com.br\/arquivo\/cem-dias-segundo-a-oposicaodiscurso-do-caos-e-para-justificar-a-paralisia\/","og:image":"https:\/\/www.jornalja.com.br\/economics\/wp-content\/uploads\/sites\/11\/2026\/08\/ja-folhaderosto-facebook.jpg","og:image:secure_url":"https:\/\/www.jornalja.com.br\/economics\/wp-content\/uploads\/sites\/11\/2026\/08\/ja-folhaderosto-facebook.jpg","article:published_time":"2017-04-16T20:08:18+00:00","article:modified_time":"2017-04-16T20:08:18+00:00","twitter:card":"summary","twitter:title":"Cem dias, segundo a oposi\u00e7\u00e3o: &quot;Discurso do caos \u00e9 para justificar a paralisia&quot; | Arquivo","twitter:image":"https:\/\/www.jornalja.com.br\/economics\/wp-content\/uploads\/sites\/11\/2026\/08\/ja-folhaderosto-facebook.jpg"},"aioseo_meta_data":{"post_id":"47189","title":null,"description":null,"keywords":null,"keyphrases":null,"primary_term":null,"canonical_url":null,"og_title":null,"og_description":null,"og_object_type":"default","og_image_type":"default","og_image_url":null,"og_image_width":null,"og_image_height":null,"og_image_custom_url":null,"og_image_custom_fields":null,"og_video":null,"og_custom_url":null,"og_article_section":null,"og_article_tags":null,"twitter_use_og":false,"twitter_card":"default","twitter_image_type":"default","twitter_image_url":null,"twitter_image_custom_url":null,"twitter_image_custom_fields":null,"twitter_title":null,"twitter_description":null,"schema":{"blockGraphs":[],"customGraphs":[],"default":{"data":{"Article":[],"Course":[],"Dataset":[],"FAQPage":[],"Movie":[],"Person":[],"Product":[],"ProductReview":[],"Car":[],"Recipe":[],"Service":[],"SoftwareApplication":[],"WebPage":[]},"graphName":"","isEnabled":true},"graphs":[],"defaultGraph":"","defaultPostTypeGraph":""},"schema_type":null,"schema_type_options":null,"pillar_content":false,"robots_default":true,"robots_noindex":false,"robots_noarchive":false,"robots_nosnippet":false,"robots_nofollow":false,"robots_noimageindex":false,"robots_noodp":false,"robots_notranslate":false,"robots_max_snippet":null,"robots_max_videopreview":null,"robots_max_imagepreview":"large","priority":null,"frequency":null,"location":null,"local_seo":null,"breadcrumb_settings":null,"limit_modified_date":false,"ai":null,"created":"2020-12-20 20:37:39","updated":"2025-07-19 21:02:31","seo_analyzer_scan_date":null,"focus_keyword":null,"additional_keywords":null,"truseo_locale":null},"jetpack_sharing_enabled":true,"jetpack-related-posts":[{"id":13240,"url":"https:\/\/www.jornalja.com.br\/arquivo\/plano-diretor-estamos-construindo-o-caos\/","url_meta":{"origin":47189,"position":0},"title":"Plano diretor: &quot;Estamos construindo o caos&quot;","author":"Patr\u00edcia Marini","date":"26 de maio de 2014","format":false,"excerpt":"Desabafo que arquiteta Eliana Castilhos, delegada da Regi\u00e3o de Planejamento 1, postou nas redes sociais \u00e9 um testemunho do ambiente que se criou no Conselho do Plano Diretor de Porto Alegre, onde a aprova\u00e7\u00e3o de grandes empreendimentos \u00e9 empurrada guela abaixo dos conselheiros. Ao CMDUA Como delegada da Regi\u00e3o de\u2026","rel":"","context":"Em &quot;Geral&quot;","block_context":{"text":"Geral","link":"https:\/\/www.jornalja.com.br\/arquivo\/category\/geral\/"},"img":{"alt_text":"","src":"","width":0,"height":0},"classes":[]},{"id":13128,"url":"https:\/\/www.jornalja.com.br\/arquivo\/maconha-terra-diz-que-uso-medicinal-e-desculpa\/","url_meta":{"origin":47189,"position":1},"title":"Maconha: Terra diz que uso medicinal \u00e9 desculpa","author":"Patr\u00edcia Marini","date":"4 de junho de 2014","format":false,"excerpt":"A condi\u00e7\u00e3o de pol\u00edtico, em \u00e9poca de campanha de campanha eleitoral, tira for\u00e7a do discurso do m\u00e9dico Osmar Terra contra a legaliza\u00e7\u00e3o da maconha. A tese dele de que a libera\u00e7\u00e3o vai ampliar exponencialmente o consumo \u00e9 discutivel, o consumo \u00e9 corrente. Mas seus alertas quanto aos riscos tem que\u2026","rel":"","context":"Em &quot;X.Categorias velhas&quot;","block_context":{"text":"X.Categorias velhas","link":"https:\/\/www.jornalja.com.br\/arquivo\/category\/x-categorias-velhas\/"},"img":{"alt_text":"","src":"","width":0,"height":0},"classes":[]},{"id":5440,"url":"https:\/\/www.jornalja.com.br\/arquivo\/casarao-da-venancio-destino-permanece-incerto\/","url_meta":{"origin":47189,"position":2},"title":"Estado ainda n\u00e3o sabe o que fazer com casar\u00e3o abandonado h\u00e1 20 anos","author":"Elmar Bones","date":"6 de julho de 2009","format":false,"excerpt":"O casar\u00e3o amarelo, numa esquina nobre de Porto Alegre (Ven\u00e2ncio Aires com Jo\u00e3o Pessoa), j\u00e1 abrigou uma escola. H\u00e1 duas d\u00e9cadas, pelo menos, est\u00e1 abandonado, porque seu propriet\u00e1rio, o governo do Estado do Rio Grande do Sul, n\u00e3o consegue achar um destino para ele. Planos n\u00e3o faltaram. O governador Ol\u00edvio\u2026","rel":"","context":"Em &quot;X.Categorias velhas&quot;","block_context":{"text":"X.Categorias velhas","link":"https:\/\/www.jornalja.com.br\/arquivo\/category\/x-categorias-velhas\/"},"img":{"alt_text":"geraldo1","src":"https:\/\/i0.wp.com\/www.jornalja.com.br\/wp-content\/uploads\/2009\/07\/geraldo1.jpg?resize=350%2C200&ssl=1","width":350,"height":200},"classes":[]},{"id":14241,"url":"https:\/\/www.jornalja.com.br\/arquivo\/o-guaiba-nas-imagens-poeticas-de-achutti\/","url_meta":{"origin":47189,"position":3},"title":"O Gua\u00edba nas imagens po\u00e9ticas de Achutti","author":"da Reda\u00e7\u00e3o","date":"18 de junho de 2014","format":false,"excerpt":"Em \u201cO Gua\u00edba por Achutti\u201d \u2013 obra financiada via Minist\u00e9rio da Cultura, produ\u00e7\u00e3o executiva de Pedro Longhi, e Fl\u00e1vio Wild como designer \u2013, o fot\u00f3grafo revela a beleza e as mazelas de um espa\u00e7o aqu\u00e1tico de \u00e1guas sempre renovadas, cheio de hist\u00f3rias e lendas como as das cidades que foram\u2026","rel":"","context":"Em &quot;Cultura-Geral&quot;","block_context":{"text":"Cultura-Geral","link":"https:\/\/www.jornalja.com.br\/arquivo\/category\/materiasecundaria\/"},"img":{"alt_text":"","src":"","width":0,"height":0},"classes":[]},{"id":1280,"url":"https:\/\/www.jornalja.com.br\/arquivo\/o-menino-que-se-tornou-brizola\/","url_meta":{"origin":47189,"position":4},"title":"O Menino que se Tornou Brizola","author":"da Reda\u00e7\u00e3o","date":"28 de julho de 2008","format":false,"excerpt":"Autor: Cleber Dioni A vida de Leonel Brizola, com \u00eanfase para os primeiros anos em Porto Alegre, at\u00e9 o ex\u00edlio no Uruguai e a volta, quinze anos depois. \u00a0\"...\u00c9ramos todos jovens e nos identific\u00e1vamos com aquela massa an\u00f4nima a percorrer as ruas de Porto Alegre, gritando 'Get\u00falio', 'Get\u00falio' e empunhando\u2026","rel":"","context":"Em &quot;Livros&quot;","block_context":{"text":"Livros","link":"https:\/\/www.jornalja.com.br\/arquivo\/category\/livros\/"},"img":{"alt_text":"","src":"https:\/\/i0.wp.com\/www.jornalja.com.br\/wp-content\/uploads\/2008\/07\/brizola.gif?resize=350%2C200&ssl=1","width":350,"height":200},"classes":[]},{"id":13101,"url":"https:\/\/www.jornalja.com.br\/arquivo\/morre-um-guerreiro-do-texto\/","url_meta":{"origin":47189,"position":5},"title":"Morre um guerreiro do texto","author":"Patr\u00edcia Marini","date":"14 de maio de 2014","format":false,"excerpt":"Por Ricardo Kotscho Reproduzido do blog do autor, 11\/5\/2014; t\u00edtulo original \u201cE l\u00e1 se foi o nosso Myltainho, guerreiro do texto\u201d. Mi\u00fado e franzino, meu amigo Myltainho era um valente e inconformado guerreiro na luta contra as injusti\u00e7as sociais, a hipocrisia, as maracutaias, o autoritarismo, a intoler\u00e2ncia, a viol\u00eancia, o\u2026","rel":"","context":"Em &quot;Geral&quot;","block_context":{"text":"Geral","link":"https:\/\/www.jornalja.com.br\/arquivo\/category\/geral\/"},"img":{"alt_text":"","src":"","width":0,"height":0},"classes":[]}],"jetpack_shortlink":"https:\/\/wp.me\/pbQjBd-ch7","jetpack_featured_media_url":"","_links":{"self":[{"href":"https:\/\/www.jornalja.com.br\/arquivo\/wp-json\/wp\/v2\/posts\/47189","targetHints":{"allow":["GET"]}}],"collection":[{"href":"https:\/\/www.jornalja.com.br\/arquivo\/wp-json\/wp\/v2\/posts"}],"about":[{"href":"https:\/\/www.jornalja.com.br\/arquivo\/wp-json\/wp\/v2\/types\/post"}],"author":[{"embeddable":true,"href":"https:\/\/www.jornalja.com.br\/arquivo\/wp-json\/wp\/v2\/users\/4"}],"replies":[{"embeddable":true,"href":"https:\/\/www.jornalja.com.br\/arquivo\/wp-json\/wp\/v2\/comments?post=47189"}],"version-history":[{"count":0,"href":"https:\/\/www.jornalja.com.br\/arquivo\/wp-json\/wp\/v2\/posts\/47189\/revisions"}],"wp:attachment":[{"href":"https:\/\/www.jornalja.com.br\/arquivo\/wp-json\/wp\/v2\/media?parent=47189"}],"wp:term":[{"taxonomy":"category","embeddable":true,"href":"https:\/\/www.jornalja.com.br\/arquivo\/wp-json\/wp\/v2\/categories?post=47189"},{"taxonomy":"post_tag","embeddable":true,"href":"https:\/\/www.jornalja.com.br\/arquivo\/wp-json\/wp\/v2\/tags?post=47189"}],"curies":[{"name":"wp","href":"https:\/\/api.w.org\/{rel}","templated":true}]}}