{"id":47205,"date":"2017-04-13T21:02:04","date_gmt":"2017-04-14T00:02:04","guid":{"rendered":"https:\/\/www.jornalja.com.br\/?p=47205"},"modified":"2017-04-13T21:02:04","modified_gmt":"2017-04-14T00:02:04","slug":"encenacao-da-paixao-de-cristo-no-morro-da-cruz-chega-aos-58-anos","status":"publish","type":"post","link":"https:\/\/www.jornalja.com.br\/arquivo\/encenacao-da-paixao-de-cristo-no-morro-da-cruz-chega-aos-58-anos\/","title":{"rendered":"Encena\u00e7\u00e3o da Paix\u00e3o de Cristo no Morro da Cruz chega aos 58 anos"},"content":{"rendered":"<p><span class=\"assina\">Higino Barros<\/span><br \/>\nO bairro S\u00e3o Jos\u00e9 do Murialdo foi criado oficialmente em 1959. Na regi\u00e3o j\u00e1 havia um n\u00facleo de moradores e a igreja de S\u00e3o Jos\u00e9 erguida. A cruz, no alto do morro, foi instalada \u00e0 mesma \u00e9poca. Um ano depois come\u00e7ou a ser realizada a prociss\u00e3o, marco nas celebra\u00e7\u00f5es religiosas da Zona Leste. A encena\u00e7\u00e3o da Paix\u00e3o de Cristo teve in\u00edcio em 1994. Agora em 2017, os dois eventos estiveram amea\u00e7ados de cancelamento, devido aos cortes de or\u00e7amento da Prefeitura para eventos que constam do calend\u00e1rio cultural da Capital.<br \/>\nNo meio cultural de Porto Alegre, at\u00e9 o final de mar\u00e7o, havia d\u00favidas se o evento seria contemplado com recursos municipais. Afinal, uma festividade profana &#8211; o carnaval -, mais popular do que o evento religioso, quase n\u00e3o saiu, teve data modificada para poder ser realizada e ocorreu em condi\u00e7\u00f5es bem mais modestas do que em anos anteriores.<br \/>\n<strong>Cortes no or\u00e7amento<\/strong><br \/>\nA encena\u00e7\u00e3o da Paix\u00e3o de Cristo sofreu um corte dr\u00e1stico no or\u00e7amento. Os R$ 100 mil usuais em edi\u00e7\u00f5es passadas foram reduzidos para R$ 60 mil. Isso resultou em cortes de algumas cenas entre os dois palcos, mas o espet\u00e1culo teve o acr\u00e9scimo de outras, como sempre acontece. Dois ter\u00e7os dos recursos foram captados na iniciativa privada. S\u00f3 o grupo Zaffari compareceu.<br \/>\nSegundo a organiza\u00e7\u00e3o do evento, a cargo da par\u00f3quia de S\u00e3o Jos\u00e9 do Murialdo e da Prefeitura, o p\u00fablico que assiste o espet\u00e1culo teatral varia de 10 mil a 30 mil pessoas, dependendo das condi\u00e7\u00f5es clim\u00e1ticas. Cerca de 120 pessoas se envolvem na sua produ\u00e7\u00e3o, que a cada ano agrega um tema ao evento.<br \/>\nEsse ano ser\u00e3o homenageados os 300 anos da apari\u00e7\u00e3o de Nossa Senhora Aparecida, com a inaugura\u00e7\u00e3o de uma nova esta\u00e7\u00e3o no percurso da Via Sacra. A atriz \u00c2ngela Aita representar\u00e1 a santa. Tamb\u00e9m, na abertura do evento, haver\u00e1 uma cena de S\u00e3o Francisco de Assis com crian\u00e7as da comunidade para referir a Campanha da Fraternidade, da CNBB, desse ano: \u201cCultivar e guardar a Cria\u00e7\u00e3o\u201d<br \/>\n<strong>Espet\u00e1culo \u00fanico<\/strong><br \/>\nO diretor teatral, Camilo de Lelis, respons\u00e1vel pela encena\u00e7\u00e3o h\u00e1 24 anos, \u00a0junto com a Cia Face &amp; Carretos, considera o espet\u00e1culo \u00fanico, n\u00e3o podendo ser comparado a outras montagens de rua da Paix\u00e3o de Cristo que existem no Brasil. H\u00e1 entre elas em comum apenas o fato de serem classificadas como teatro sacro:<br \/>\n\u201cN\u00e3o h\u00e1 compara\u00e7\u00f5es, pois aqui se trata de uma encena\u00e7\u00e3o totalmente original. Devido \u00e0s caracter\u00edsticas geogr\u00e1ficas; entre um bairro de classe m\u00e9dia e uma favela, separados por um percurso de dois quil\u00f4metros, aproximadamente\u201d, explica.<br \/>\nNa encena\u00e7\u00e3o da Paix\u00e3o de Cristo no Morro da Cruz h\u00e1 um grupo de pessoas da comunidade e de atores que participam desde seu in\u00edcio, como \u00e9 o caso do vereador Aldacir Oliboni, que interpreta Jesus. Segundo Camilo de L\u00e9lis, a maioria continua. As poucas substitui\u00e7\u00f5es que ocorrer\u00e3o devem-se a compromissos assumidos por alguns atores no per\u00edodo do espet\u00e1culo.<br \/>\n<strong>Programa\u00e7\u00e3o<\/strong><br \/>\n14h30min- Mensagem da Paix\u00e3o &#8211; Igreja S\u00e3o Jos\u00e9 do Murialdo<br \/>\n15h30min- B\u00ean\u00e7\u00e3o da Macela e in\u00edcio da encena\u00e7\u00e3o em frente \u00e0 igreja<br \/>\n16h30min- Prociss\u00e3o &#8211; subida da encena\u00e7\u00e3o pela rua Santo Alfredo<br \/>\n18h00min- Crucifica\u00e7\u00e3o e Ressurei\u00e7\u00e3o &#8211; apoteose no alto do Morro da Cruz<br \/>\n<strong>Trajeto &#8211; \u00a0<\/strong>A prociss\u00e3o parte da Rua Vidal de Negreiros esquina com 1\u00ba de Mar\u00e7o, segue pela 1\u00ba de Mar\u00e7o at\u00e9 a Rua Santo Alfredo, ali vira \u00e0 direita seguindo pela Rua Santo Alfredo at\u00e9 o topo do morro.<br \/>\n<strong>Tr\u00e2nsito &#8211; <\/strong>No dia do evento a Rua Vidal de Negreiros ficar\u00e1 bloqueada da rua Saldanha da\u00a0Gama para cima (1\u00aa quadra a partir da Av. Bento Gon\u00e7alves) e a linha 344 &#8211; Santa Maria &#8211; a partir de 7h circula no sentido Centro-Bairro pela Rua Martins de Lima e no sentido Bairro-Centro pelas ruas Clemente Pereira e Martins de Lima. A Rua Santo Alfredo fica bloqueada a partir da Rua 1\u00ba de Mar\u00e7o para cima.<br \/>\n<strong>Transporte &#8211;<\/strong>\u00a0Rua Vidal de Negreiros, 550 esquina Rua 1\u00ba de Mar\u00e7o \u2013 Santu\u00e1rio S\u00e3o Jos\u00e9 de Murialdo.<br \/>\n\u00d4nibus Santa Maria &#8211; Linha 344 &#8211; ponto final Centro na Av. Salgado Filho, 122. Outras linhas de \u00f4nibus e lota\u00e7\u00e3o via Bento Gon\u00e7alves descer na Esta\u00e7\u00e3o Cristiano Fischer. Mais op\u00e7\u00f5es de transporte para a regi\u00e3o: T-9 &#8211; ponto final na Rua Albion em frente a Carris. T-2, T-4 e T-11 passam pela conflu\u00eancia da Av. Bento Gon\u00e7alves\/Apar\u00edcio Borges\/Salvador Fran\u00e7a.\u00a0\u00a0 <u>* Evento p\u00fablico, gratuito * Faixa et\u00e1ria livre.<\/u><strong><strong><u><br \/>\n<\/u><br \/>\n<\/strong><\/strong><br \/>\n<strong>Seguran\u00e7a <\/strong><strong>&#8211; <\/strong>Al\u00e9m da BM, foi contratado servi\u00e7o de seguran\u00e7a particular para vigiar os equipamentos (palcos e camarins) e fazer o cord\u00e3o de isolamento das cenas de rua.<br \/>\n&nbsp;<\/p>\n","protected":false},"excerpt":{"rendered":"<p>Higino Barros O bairro S\u00e3o Jos\u00e9 do Murialdo foi criado oficialmente em 1959. Na regi\u00e3o j\u00e1 havia um n\u00facleo de moradores e a igreja de S\u00e3o Jos\u00e9 erguida. A cruz, no alto do morro, foi instalada \u00e0 mesma \u00e9poca. Um ano depois come\u00e7ou a ser realizada a prociss\u00e3o, marco nas celebra\u00e7\u00f5es religiosas da Zona Leste. [&hellip;]<\/p>\n","protected":false},"author":4,"featured_media":47235,"comment_status":"open","ping_status":"closed","sticky":false,"template":"","format":"standard","meta":{"_jetpack_newsletter_access":"","_jetpack_dont_email_post_to_subs":false,"_jetpack_newsletter_tier_id":0,"_jetpack_memberships_contains_paywalled_content":false,"_jetpack_feature_clip_id":0,"_jetpack_memberships_contains_paid_content":false,"footnotes":"","jetpack_post_was_ever_published":false},"categories":[26],"tags":[],"class_list":["post-47205","post","type-post","status-publish","format-standard","has-post-thumbnail","hentry","category-geral"],"aioseo_notices":[],"aioseo_head":"\n\t\t<!-- All in One SEO 5.0.1.1 - aioseo.com -->\n\t<meta name=\"robots\" content=\"max-image-preview:large\" \/>\n\t<meta name=\"author\" content=\"da Reda\u00e7\u00e3o\"\/>\n\t<link rel=\"canonical\" href=\"https:\/\/www.jornalja.com.br\/arquivo\/encenacao-da-paixao-de-cristo-no-morro-da-cruz-chega-aos-58-anos\/\" \/>\n\t<meta name=\"generator\" content=\"All in One SEO (AIOSEO) 5.0.1.1\" \/>\n\t\t<meta property=\"og:locale\" content=\"pt_BR\" \/>\n\t\t<meta property=\"og:site_name\" content=\"Arquivo | Jornal J\u00c1 | Porto Alegre\" \/>\n\t\t<meta property=\"og:type\" content=\"article\" \/>\n\t\t<meta property=\"og:title\" content=\"Encena\u00e7\u00e3o da Paix\u00e3o de Cristo no Morro da Cruz chega aos 58 anos | Arquivo\" \/>\n\t\t<meta property=\"og:url\" content=\"https:\/\/www.jornalja.com.br\/arquivo\/encenacao-da-paixao-de-cristo-no-morro-da-cruz-chega-aos-58-anos\/\" \/>\n\t\t<meta property=\"og:image\" content=\"https:\/\/www.jornalja.com.br\/economics\/wp-content\/uploads\/sites\/11\/2026\/08\/ja-folhaderosto-facebook.jpg\" \/>\n\t\t<meta property=\"og:image:secure_url\" content=\"https:\/\/www.jornalja.com.br\/economics\/wp-content\/uploads\/sites\/11\/2026\/08\/ja-folhaderosto-facebook.jpg\" \/>\n\t\t<meta property=\"article:published_time\" content=\"2017-04-14T00:02:04+00:00\" \/>\n\t\t<meta property=\"article:modified_time\" content=\"2017-04-14T00:02:04+00:00\" \/>\n\t\t<meta name=\"twitter:card\" content=\"summary\" \/>\n\t\t<meta name=\"twitter:title\" content=\"Encena\u00e7\u00e3o da Paix\u00e3o de Cristo no Morro da Cruz chega aos 58 anos | Arquivo\" \/>\n\t\t<meta name=\"twitter:image\" content=\"https:\/\/www.jornalja.com.br\/economics\/wp-content\/uploads\/sites\/11\/2026\/08\/ja-folhaderosto-facebook.jpg\" \/>\n\t\t<script type=\"application\/ld+json\" class=\"aioseo-schema\">\n\t\t\t{\"@context\":\"https:\\\/\\\/schema.org\",\"@graph\":[{\"@type\":\"BlogPosting\",\"@id\":\"https:\\\/\\\/www.jornalja.com.br\\\/arquivo\\\/encenacao-da-paixao-de-cristo-no-morro-da-cruz-chega-aos-58-anos\\\/#blogposting\",\"name\":\"Encena\\u00e7\\u00e3o da Paix\\u00e3o de Cristo no Morro da Cruz chega aos 58 anos | Arquivo\",\"headline\":\"Encena\\u00e7\\u00e3o da Paix\\u00e3o de Cristo no Morro da Cruz chega aos 58 anos\",\"author\":{\"@id\":\"https:\\\/\\\/www.jornalja.com.br\\\/arquivo\\\/author\\\/daredacao\\\/#author\"},\"publisher\":{\"@id\":\"https:\\\/\\\/www.jornalja.com.br\\\/arquivo\\\/#organization\"},\"image\":{\"@type\":\"ImageObject\",\"url\":47235},\"datePublished\":\"2017-04-13T21:02:04-03:00\",\"dateModified\":\"2017-04-13T21:02:04-03:00\",\"inLanguage\":\"pt-BR\",\"mainEntityOfPage\":{\"@id\":\"https:\\\/\\\/www.jornalja.com.br\\\/arquivo\\\/encenacao-da-paixao-de-cristo-no-morro-da-cruz-chega-aos-58-anos\\\/#webpage\"},\"isPartOf\":{\"@id\":\"https:\\\/\\\/www.jornalja.com.br\\\/arquivo\\\/encenacao-da-paixao-de-cristo-no-morro-da-cruz-chega-aos-58-anos\\\/#webpage\"},\"articleSection\":\"Geral\"},{\"@type\":\"BreadcrumbList\",\"@id\":\"https:\\\/\\\/www.jornalja.com.br\\\/arquivo\\\/encenacao-da-paixao-de-cristo-no-morro-da-cruz-chega-aos-58-anos\\\/#breadcrumblist\",\"itemListElement\":[{\"@type\":\"ListItem\",\"@id\":\"https:\\\/\\\/www.jornalja.com.br\\\/arquivo#listItem\",\"position\":1,\"name\":\"Home\",\"item\":\"https:\\\/\\\/www.jornalja.com.br\\\/arquivo\",\"nextItem\":{\"@type\":\"ListItem\",\"@id\":\"https:\\\/\\\/www.jornalja.com.br\\\/arquivo\\\/category\\\/geral\\\/#listItem\",\"name\":\"Geral\"}},{\"@type\":\"ListItem\",\"@id\":\"https:\\\/\\\/www.jornalja.com.br\\\/arquivo\\\/category\\\/geral\\\/#listItem\",\"position\":2,\"name\":\"Geral\",\"item\":\"https:\\\/\\\/www.jornalja.com.br\\\/arquivo\\\/category\\\/geral\\\/\",\"nextItem\":{\"@type\":\"ListItem\",\"@id\":\"https:\\\/\\\/www.jornalja.com.br\\\/arquivo\\\/encenacao-da-paixao-de-cristo-no-morro-da-cruz-chega-aos-58-anos\\\/#listItem\",\"name\":\"Encena\\u00e7\\u00e3o da Paix\\u00e3o de Cristo no Morro da Cruz chega aos 58 anos\"},\"previousItem\":{\"@type\":\"ListItem\",\"@id\":\"https:\\\/\\\/www.jornalja.com.br\\\/arquivo#listItem\",\"name\":\"Home\"}},{\"@type\":\"ListItem\",\"@id\":\"https:\\\/\\\/www.jornalja.com.br\\\/arquivo\\\/encenacao-da-paixao-de-cristo-no-morro-da-cruz-chega-aos-58-anos\\\/#listItem\",\"position\":3,\"name\":\"Encena\\u00e7\\u00e3o da Paix\\u00e3o de Cristo no Morro da Cruz chega aos 58 anos\",\"previousItem\":{\"@type\":\"ListItem\",\"@id\":\"https:\\\/\\\/www.jornalja.com.br\\\/arquivo\\\/category\\\/geral\\\/#listItem\",\"name\":\"Geral\"}}]},{\"@type\":\"Organization\",\"@id\":\"https:\\\/\\\/www.jornalja.com.br\\\/arquivo\\\/#organization\",\"name\":\"Jornal J\\u00c1\",\"description\":\"Jornal J\\u00c1 | Porto Alegre\",\"url\":\"https:\\\/\\\/www.jornalja.com.br\\\/arquivo\\\/\",\"telephone\":\"+555133307272\",\"logo\":{\"@type\":\"ImageObject\",\"url\":\"https:\\\/\\\/www.jornalja.com.br\\\/wp-content\\\/uploads\\\/cards\\\/JAslogan.png\",\"@id\":\"https:\\\/\\\/www.jornalja.com.br\\\/arquivo\\\/encenacao-da-paixao-de-cristo-no-morro-da-cruz-chega-aos-58-anos\\\/#organizationLogo\"},\"image\":{\"@id\":\"https:\\\/\\\/www.jornalja.com.br\\\/arquivo\\\/encenacao-da-paixao-de-cristo-no-morro-da-cruz-chega-aos-58-anos\\\/#organizationLogo\"}},{\"@type\":\"Person\",\"@id\":\"https:\\\/\\\/www.jornalja.com.br\\\/arquivo\\\/author\\\/daredacao\\\/#author\",\"url\":\"https:\\\/\\\/www.jornalja.com.br\\\/arquivo\\\/author\\\/daredacao\\\/\",\"name\":\"da Reda\\u00e7\\u00e3o\",\"image\":{\"@type\":\"ImageObject\",\"@id\":\"https:\\\/\\\/www.jornalja.com.br\\\/arquivo\\\/encenacao-da-paixao-de-cristo-no-morro-da-cruz-chega-aos-58-anos\\\/#authorImage\",\"url\":\"https:\\\/\\\/secure.gravatar.com\\\/avatar\\\/469fd857d6605ad19919d27ed29d35a968a25f6e8fd9318356bbb7f57aae9c65?s=96&d=mm&r=g\",\"width\":96,\"height\":96,\"caption\":\"da Reda\\u00e7\\u00e3o\"}},{\"@type\":\"WebPage\",\"@id\":\"https:\\\/\\\/www.jornalja.com.br\\\/arquivo\\\/encenacao-da-paixao-de-cristo-no-morro-da-cruz-chega-aos-58-anos\\\/#webpage\",\"url\":\"https:\\\/\\\/www.jornalja.com.br\\\/arquivo\\\/encenacao-da-paixao-de-cristo-no-morro-da-cruz-chega-aos-58-anos\\\/\",\"name\":\"Encena\\u00e7\\u00e3o da Paix\\u00e3o de Cristo no Morro da Cruz chega aos 58 anos | Arquivo\",\"inLanguage\":\"pt-BR\",\"isPartOf\":{\"@id\":\"https:\\\/\\\/www.jornalja.com.br\\\/arquivo\\\/#website\"},\"breadcrumb\":{\"@id\":\"https:\\\/\\\/www.jornalja.com.br\\\/arquivo\\\/encenacao-da-paixao-de-cristo-no-morro-da-cruz-chega-aos-58-anos\\\/#breadcrumblist\"},\"author\":{\"@id\":\"https:\\\/\\\/www.jornalja.com.br\\\/arquivo\\\/author\\\/daredacao\\\/#author\"},\"creator\":{\"@id\":\"https:\\\/\\\/www.jornalja.com.br\\\/arquivo\\\/author\\\/daredacao\\\/#author\"},\"image\":{\"@type\":\"ImageObject\",\"url\":47235,\"@id\":\"https:\\\/\\\/www.jornalja.com.br\\\/arquivo\\\/encenacao-da-paixao-de-cristo-no-morro-da-cruz-chega-aos-58-anos\\\/#mainImage\"},\"primaryImageOfPage\":{\"@id\":\"https:\\\/\\\/www.jornalja.com.br\\\/arquivo\\\/encenacao-da-paixao-de-cristo-no-morro-da-cruz-chega-aos-58-anos\\\/#mainImage\"},\"datePublished\":\"2017-04-13T21:02:04-03:00\",\"dateModified\":\"2017-04-13T21:02:04-03:00\"},{\"@type\":\"WebSite\",\"@id\":\"https:\\\/\\\/www.jornalja.com.br\\\/arquivo\\\/#website\",\"url\":\"https:\\\/\\\/www.jornalja.com.br\\\/arquivo\\\/\",\"name\":\"Arquivo\",\"description\":\"Jornal J\\u00c1 | Porto Alegre\",\"inLanguage\":\"pt-BR\",\"publisher\":{\"@id\":\"https:\\\/\\\/www.jornalja.com.br\\\/arquivo\\\/#organization\"}}]}\n\t\t<\/script>\n\t\t<!-- All in One SEO -->\n\n","aioseo_head_json":{"title":"Encena\u00e7\u00e3o da Paix\u00e3o de Cristo no Morro da Cruz chega aos 58 anos | Arquivo","description":"","canonical_url":"https:\/\/www.jornalja.com.br\/arquivo\/encenacao-da-paixao-de-cristo-no-morro-da-cruz-chega-aos-58-anos\/","robots":"max-image-preview:large","keywords":"","webmasterTools":{"miscellaneous":""},"schema":{"@context":"https:\/\/schema.org","@graph":[{"@type":"BlogPosting","@id":"https:\/\/www.jornalja.com.br\/arquivo\/encenacao-da-paixao-de-cristo-no-morro-da-cruz-chega-aos-58-anos\/#blogposting","name":"Encena\u00e7\u00e3o da Paix\u00e3o de Cristo no Morro da Cruz chega aos 58 anos | Arquivo","headline":"Encena\u00e7\u00e3o da Paix\u00e3o de Cristo no Morro da Cruz chega aos 58 anos","author":{"@id":"https:\/\/www.jornalja.com.br\/arquivo\/author\/daredacao\/#author"},"publisher":{"@id":"https:\/\/www.jornalja.com.br\/arquivo\/#organization"},"image":{"@type":"ImageObject","url":47235},"datePublished":"2017-04-13T21:02:04-03:00","dateModified":"2017-04-13T21:02:04-03:00","inLanguage":"pt-BR","mainEntityOfPage":{"@id":"https:\/\/www.jornalja.com.br\/arquivo\/encenacao-da-paixao-de-cristo-no-morro-da-cruz-chega-aos-58-anos\/#webpage"},"isPartOf":{"@id":"https:\/\/www.jornalja.com.br\/arquivo\/encenacao-da-paixao-de-cristo-no-morro-da-cruz-chega-aos-58-anos\/#webpage"},"articleSection":"Geral"},{"@type":"BreadcrumbList","@id":"https:\/\/www.jornalja.com.br\/arquivo\/encenacao-da-paixao-de-cristo-no-morro-da-cruz-chega-aos-58-anos\/#breadcrumblist","itemListElement":[{"@type":"ListItem","@id":"https:\/\/www.jornalja.com.br\/arquivo#listItem","position":1,"name":"Home","item":"https:\/\/www.jornalja.com.br\/arquivo","nextItem":{"@type":"ListItem","@id":"https:\/\/www.jornalja.com.br\/arquivo\/category\/geral\/#listItem","name":"Geral"}},{"@type":"ListItem","@id":"https:\/\/www.jornalja.com.br\/arquivo\/category\/geral\/#listItem","position":2,"name":"Geral","item":"https:\/\/www.jornalja.com.br\/arquivo\/category\/geral\/","nextItem":{"@type":"ListItem","@id":"https:\/\/www.jornalja.com.br\/arquivo\/encenacao-da-paixao-de-cristo-no-morro-da-cruz-chega-aos-58-anos\/#listItem","name":"Encena\u00e7\u00e3o da Paix\u00e3o de Cristo no Morro da Cruz chega aos 58 anos"},"previousItem":{"@type":"ListItem","@id":"https:\/\/www.jornalja.com.br\/arquivo#listItem","name":"Home"}},{"@type":"ListItem","@id":"https:\/\/www.jornalja.com.br\/arquivo\/encenacao-da-paixao-de-cristo-no-morro-da-cruz-chega-aos-58-anos\/#listItem","position":3,"name":"Encena\u00e7\u00e3o da Paix\u00e3o de Cristo no Morro da Cruz chega aos 58 anos","previousItem":{"@type":"ListItem","@id":"https:\/\/www.jornalja.com.br\/arquivo\/category\/geral\/#listItem","name":"Geral"}}]},{"@type":"Organization","@id":"https:\/\/www.jornalja.com.br\/arquivo\/#organization","name":"Jornal J\u00c1","description":"Jornal J\u00c1 | Porto Alegre","url":"https:\/\/www.jornalja.com.br\/arquivo\/","telephone":"+555133307272","logo":{"@type":"ImageObject","url":"https:\/\/www.jornalja.com.br\/wp-content\/uploads\/cards\/JAslogan.png","@id":"https:\/\/www.jornalja.com.br\/arquivo\/encenacao-da-paixao-de-cristo-no-morro-da-cruz-chega-aos-58-anos\/#organizationLogo"},"image":{"@id":"https:\/\/www.jornalja.com.br\/arquivo\/encenacao-da-paixao-de-cristo-no-morro-da-cruz-chega-aos-58-anos\/#organizationLogo"}},{"@type":"Person","@id":"https:\/\/www.jornalja.com.br\/arquivo\/author\/daredacao\/#author","url":"https:\/\/www.jornalja.com.br\/arquivo\/author\/daredacao\/","name":"da Reda\u00e7\u00e3o","image":{"@type":"ImageObject","@id":"https:\/\/www.jornalja.com.br\/arquivo\/encenacao-da-paixao-de-cristo-no-morro-da-cruz-chega-aos-58-anos\/#authorImage","url":"https:\/\/secure.gravatar.com\/avatar\/469fd857d6605ad19919d27ed29d35a968a25f6e8fd9318356bbb7f57aae9c65?s=96&d=mm&r=g","width":96,"height":96,"caption":"da Reda\u00e7\u00e3o"}},{"@type":"WebPage","@id":"https:\/\/www.jornalja.com.br\/arquivo\/encenacao-da-paixao-de-cristo-no-morro-da-cruz-chega-aos-58-anos\/#webpage","url":"https:\/\/www.jornalja.com.br\/arquivo\/encenacao-da-paixao-de-cristo-no-morro-da-cruz-chega-aos-58-anos\/","name":"Encena\u00e7\u00e3o da Paix\u00e3o de Cristo no Morro da Cruz chega aos 58 anos | Arquivo","inLanguage":"pt-BR","isPartOf":{"@id":"https:\/\/www.jornalja.com.br\/arquivo\/#website"},"breadcrumb":{"@id":"https:\/\/www.jornalja.com.br\/arquivo\/encenacao-da-paixao-de-cristo-no-morro-da-cruz-chega-aos-58-anos\/#breadcrumblist"},"author":{"@id":"https:\/\/www.jornalja.com.br\/arquivo\/author\/daredacao\/#author"},"creator":{"@id":"https:\/\/www.jornalja.com.br\/arquivo\/author\/daredacao\/#author"},"image":{"@type":"ImageObject","url":47235,"@id":"https:\/\/www.jornalja.com.br\/arquivo\/encenacao-da-paixao-de-cristo-no-morro-da-cruz-chega-aos-58-anos\/#mainImage"},"primaryImageOfPage":{"@id":"https:\/\/www.jornalja.com.br\/arquivo\/encenacao-da-paixao-de-cristo-no-morro-da-cruz-chega-aos-58-anos\/#mainImage"},"datePublished":"2017-04-13T21:02:04-03:00","dateModified":"2017-04-13T21:02:04-03:00"},{"@type":"WebSite","@id":"https:\/\/www.jornalja.com.br\/arquivo\/#website","url":"https:\/\/www.jornalja.com.br\/arquivo\/","name":"Arquivo","description":"Jornal J\u00c1 | Porto Alegre","inLanguage":"pt-BR","publisher":{"@id":"https:\/\/www.jornalja.com.br\/arquivo\/#organization"}}]},"og:locale":"pt_BR","og:site_name":"Arquivo | Jornal J\u00c1 | Porto Alegre","og:type":"article","og:title":"Encena\u00e7\u00e3o da Paix\u00e3o de Cristo no Morro da Cruz chega aos 58 anos | Arquivo","og:url":"https:\/\/www.jornalja.com.br\/arquivo\/encenacao-da-paixao-de-cristo-no-morro-da-cruz-chega-aos-58-anos\/","og:image":"https:\/\/www.jornalja.com.br\/economics\/wp-content\/uploads\/sites\/11\/2026\/08\/ja-folhaderosto-facebook.jpg","og:image:secure_url":"https:\/\/www.jornalja.com.br\/economics\/wp-content\/uploads\/sites\/11\/2026\/08\/ja-folhaderosto-facebook.jpg","article:published_time":"2017-04-14T00:02:04+00:00","article:modified_time":"2017-04-14T00:02:04+00:00","twitter:card":"summary","twitter:title":"Encena\u00e7\u00e3o da Paix\u00e3o de Cristo no Morro da Cruz chega aos 58 anos | Arquivo","twitter:image":"https:\/\/www.jornalja.com.br\/economics\/wp-content\/uploads\/sites\/11\/2026\/08\/ja-folhaderosto-facebook.jpg"},"aioseo_meta_data":{"post_id":"47205","title":null,"description":null,"keywords":null,"keyphrases":null,"primary_term":null,"canonical_url":null,"og_title":null,"og_description":null,"og_object_type":"default","og_image_type":"default","og_image_url":null,"og_image_width":null,"og_image_height":null,"og_image_custom_url":null,"og_image_custom_fields":null,"og_video":null,"og_custom_url":null,"og_article_section":null,"og_article_tags":null,"twitter_use_og":false,"twitter_card":"default","twitter_image_type":"default","twitter_image_url":null,"twitter_image_custom_url":null,"twitter_image_custom_fields":null,"twitter_title":null,"twitter_description":null,"schema":{"blockGraphs":[],"customGraphs":[],"default":{"data":{"Article":[],"Course":[],"Dataset":[],"FAQPage":[],"Movie":[],"Person":[],"Product":[],"ProductReview":[],"Car":[],"Recipe":[],"Service":[],"SoftwareApplication":[],"WebPage":[]},"graphName":"","isEnabled":true},"graphs":[],"defaultGraph":"","defaultPostTypeGraph":""},"schema_type":null,"schema_type_options":null,"pillar_content":false,"robots_default":true,"robots_noindex":false,"robots_noarchive":false,"robots_nosnippet":false,"robots_nofollow":false,"robots_noimageindex":false,"robots_noodp":false,"robots_notranslate":false,"robots_max_snippet":null,"robots_max_videopreview":null,"robots_max_imagepreview":"large","priority":null,"frequency":null,"location":null,"local_seo":null,"breadcrumb_settings":null,"limit_modified_date":false,"ai":null,"created":"2020-12-20 20:37:39","updated":"2025-07-19 21:02:31","seo_analyzer_scan_date":null,"focus_keyword":null,"additional_keywords":null,"truseo_locale":null},"jetpack_sharing_enabled":true,"jetpack-related-posts":[{"id":13124,"url":"https:\/\/www.jornalja.com.br\/arquivo\/sangue-latino-no-iecine\/","url_meta":{"origin":47205,"position":0},"title":"Sangue latino no IECINE","author":"da Reda\u00e7\u00e3o","date":"18 de maio de 2014","format":false,"excerpt":"Francisco Ribeiro O Instituto Estadual de Cinema (IECINE) tem a frente, desde abril \u00faltimo, um novo diretor, o cineasta colombiano Juan Zapata, 36, que substitui Luiz Alberto Cassol. Radicado h\u00e1 dez anos em Porto Alegre, Zapata tem diante de si o desafio de conduzir at\u00e9 o final do ano um\u2026","rel":"","context":"Em &quot;Cultura-Geral&quot;","block_context":{"text":"Cultura-Geral","link":"https:\/\/www.jornalja.com.br\/arquivo\/category\/materiasecundaria\/"},"img":{"alt_text":"","src":"","width":0,"height":0},"classes":[]},{"id":13101,"url":"https:\/\/www.jornalja.com.br\/arquivo\/morre-um-guerreiro-do-texto\/","url_meta":{"origin":47205,"position":1},"title":"Morre um guerreiro do texto","author":"Patr\u00edcia Marini","date":"14 de maio de 2014","format":false,"excerpt":"Por Ricardo Kotscho Reproduzido do blog do autor, 11\/5\/2014; t\u00edtulo original \u201cE l\u00e1 se foi o nosso Myltainho, guerreiro do texto\u201d. Mi\u00fado e franzino, meu amigo Myltainho era um valente e inconformado guerreiro na luta contra as injusti\u00e7as sociais, a hipocrisia, as maracutaias, o autoritarismo, a intoler\u00e2ncia, a viol\u00eancia, o\u2026","rel":"","context":"Em &quot;Geral&quot;","block_context":{"text":"Geral","link":"https:\/\/www.jornalja.com.br\/arquivo\/category\/geral\/"},"img":{"alt_text":"","src":"","width":0,"height":0},"classes":[]},{"id":13240,"url":"https:\/\/www.jornalja.com.br\/arquivo\/plano-diretor-estamos-construindo-o-caos\/","url_meta":{"origin":47205,"position":2},"title":"Plano diretor: &quot;Estamos construindo o caos&quot;","author":"Patr\u00edcia Marini","date":"26 de maio de 2014","format":false,"excerpt":"Desabafo que arquiteta Eliana Castilhos, delegada da Regi\u00e3o de Planejamento 1, postou nas redes sociais \u00e9 um testemunho do ambiente que se criou no Conselho do Plano Diretor de Porto Alegre, onde a aprova\u00e7\u00e3o de grandes empreendimentos \u00e9 empurrada guela abaixo dos conselheiros. Ao CMDUA Como delegada da Regi\u00e3o de\u2026","rel":"","context":"Em &quot;Geral&quot;","block_context":{"text":"Geral","link":"https:\/\/www.jornalja.com.br\/arquivo\/category\/geral\/"},"img":{"alt_text":"","src":"","width":0,"height":0},"classes":[]},{"id":13128,"url":"https:\/\/www.jornalja.com.br\/arquivo\/maconha-terra-diz-que-uso-medicinal-e-desculpa\/","url_meta":{"origin":47205,"position":3},"title":"Maconha: Terra diz que uso medicinal \u00e9 desculpa","author":"Patr\u00edcia Marini","date":"4 de junho de 2014","format":false,"excerpt":"A condi\u00e7\u00e3o de pol\u00edtico, em \u00e9poca de campanha de campanha eleitoral, tira for\u00e7a do discurso do m\u00e9dico Osmar Terra contra a legaliza\u00e7\u00e3o da maconha. A tese dele de que a libera\u00e7\u00e3o vai ampliar exponencialmente o consumo \u00e9 discutivel, o consumo \u00e9 corrente. Mas seus alertas quanto aos riscos tem que\u2026","rel":"","context":"Em &quot;X.Categorias velhas&quot;","block_context":{"text":"X.Categorias velhas","link":"https:\/\/www.jornalja.com.br\/arquivo\/category\/x-categorias-velhas\/"},"img":{"alt_text":"","src":"","width":0,"height":0},"classes":[]},{"id":13109,"url":"https:\/\/www.jornalja.com.br\/arquivo\/judiciario-reconhece-poluicao-eletromagnetica\/","url_meta":{"origin":47205,"position":4},"title":"Judici\u00e1rio reconhece polui\u00e7\u00e3o eletromagn\u00e9tica","author":"Patr\u00edcia Marini","date":"16 de maio de 2014","format":false,"excerpt":"A\u00e7\u00e3o de duas associa\u00e7\u00f5es de moradores foi acolhida pelo Tribunal de Justi\u00e7a de S\u00e3o Paulo que. em decis\u00e3o in\u00e9dita, determinou a redu\u00e7\u00e3o do campo eletromagn\u00e9tico gerado pelas linhas de transmiss\u00e3o de energia que cortam os bairros City Boa\u00e7ava e Alto de Pinheiros. \u00c9 a primeira vez que um tribunal do\u2026","rel":"","context":"Em &quot;X.Categorias velhas&quot;","block_context":{"text":"X.Categorias velhas","link":"https:\/\/www.jornalja.com.br\/arquivo\/category\/x-categorias-velhas\/"},"img":{"alt_text":"","src":"","width":0,"height":0},"classes":[]}],"jetpack_shortlink":"https:\/\/wp.me\/pbQjBd-chn","jetpack_featured_media_url":"","_links":{"self":[{"href":"https:\/\/www.jornalja.com.br\/arquivo\/wp-json\/wp\/v2\/posts\/47205","targetHints":{"allow":["GET"]}}],"collection":[{"href":"https:\/\/www.jornalja.com.br\/arquivo\/wp-json\/wp\/v2\/posts"}],"about":[{"href":"https:\/\/www.jornalja.com.br\/arquivo\/wp-json\/wp\/v2\/types\/post"}],"author":[{"embeddable":true,"href":"https:\/\/www.jornalja.com.br\/arquivo\/wp-json\/wp\/v2\/users\/4"}],"replies":[{"embeddable":true,"href":"https:\/\/www.jornalja.com.br\/arquivo\/wp-json\/wp\/v2\/comments?post=47205"}],"version-history":[{"count":0,"href":"https:\/\/www.jornalja.com.br\/arquivo\/wp-json\/wp\/v2\/posts\/47205\/revisions"}],"wp:attachment":[{"href":"https:\/\/www.jornalja.com.br\/arquivo\/wp-json\/wp\/v2\/media?parent=47205"}],"wp:term":[{"taxonomy":"category","embeddable":true,"href":"https:\/\/www.jornalja.com.br\/arquivo\/wp-json\/wp\/v2\/categories?post=47205"},{"taxonomy":"post_tag","embeddable":true,"href":"https:\/\/www.jornalja.com.br\/arquivo\/wp-json\/wp\/v2\/tags?post=47205"}],"curies":[{"name":"wp","href":"https:\/\/api.w.org\/{rel}","templated":true}]}}