{"id":47213,"date":"2017-04-13T16:03:45","date_gmt":"2017-04-13T19:03:45","guid":{"rendered":"https:\/\/www.jornalja.com.br\/?p=47213"},"modified":"2017-04-13T16:03:45","modified_gmt":"2017-04-13T19:03:45","slug":"audiencia-publica-busca-caminhos-para-tombamento-de-tve-e-fm-cultura","status":"publish","type":"post","link":"https:\/\/www.jornalja.com.br\/arquivo\/audiencia-publica-busca-caminhos-para-tombamento-de-tve-e-fm-cultura\/","title":{"rendered":"Audi\u00eancia p\u00fablica busca caminhos para tombamento de TVE e FM Cultura"},"content":{"rendered":"<p><span class=\"assina\">Geraldo Hasse<\/span><br \/>\nHavia t\u00e3o pouca gente, apenas umas 30 pessoas no audit\u00f3rio da C\u00e2mara Municipal, que o menestrel porto-alegrense Raul Ellwanger n\u00e3o se animou a cantar mais do que uma can\u00e7\u00e3o \u2013 \u201cPealo de Sangue\u201d, seu hino \u00e0 terra ga\u00facha, composto em 1979, na volta do ex\u00edlio \u2013 na abertura da audi\u00eancia p\u00fablica convocada na noite de quarta-feira (12) pela vereadora Sofia Cavedon (PT) para encaminhar o pedido oficial de tombamento da Funda\u00e7\u00e3o Piratini como patrim\u00f4nio cultural de Porto Alegre.<br \/>\n\u201cEsse \u00e9 um ato de resist\u00eancia contra a destrui\u00e7\u00e3o de parte da nossa cultura e da nossa identidade\u201d, disse Sofia Cavedon antes de franquear o microfone aos participantes da audi\u00eancia.<br \/>\nMesmo com escassa presen\u00e7a de p\u00fablico numa noite de cl\u00e1ssico Inter x Corinthians no Beira Rio, a sess\u00e3o estendeu-se por mais de uma hora, fechando mais um cap\u00edtulo da luta comunit\u00e1ria para impedir que se concretize a extin\u00e7\u00e3o da Funda\u00e7\u00e3o Piratini, mantenedora da TVE e da FM Cultura, conforme decreto de janeiro do governador Jos\u00e9 Ivo Sartori.<br \/>\n<figure id=\"attachment_47216\" aria-describedby=\"caption-attachment-47216\" style=\"width: 242px\" class=\"wp-caption alignright\"><img loading=\"lazy\" decoding=\"async\" class=\" wp-image-47216\" src=\"https:\/\/www.jornalja.com.br\/wp-content\/uploads\/2017\/04\/Audi\u00eancia-TVE-Cristina-Char\u00e3o-Foto-Tonico-Alvares-CMPA.jpg\" alt=\"Cristina Char\u00e3o: 35 mil horas de imagens \/ Foto: Tonico Alvares\/CMPA\" width=\"242\" height=\"361\" \/><figcaption id=\"caption-attachment-47216\" class=\"wp-caption-text\">Cristina Char\u00e3o: 35 mil horas de imagens \/ Foto: Tonico Alvares\/CMPA<\/figcaption><\/figure><br \/>\nEm nome dos servidores da TVE, a jornalista Cristina Char\u00e3o disse que a proposta de tombamento da Funda\u00e7\u00e3o Piratini coincide com a luta pelo reconhecimento da comunica\u00e7\u00e3o p\u00fablica como um direito da cidadania. \u201cA TVE possui 35 mil horas de material gravado sobre a realidade do Rio Grande do Sul\u201d, lembrou, salientando que tamanho patrim\u00f4nio n\u00e3o pode ser simplesmente extinto por decreto.<br \/>\nEla admitiu que o governo estadual \u201crecuou no discurso da aniquila\u00e7\u00e3o\u201d, trocando a extin\u00e7\u00e3o por \u201cum novo modelo de gest\u00e3o\u201d que consistiria na transfer\u00eancia da Funda\u00e7\u00e3o Piratini para o gabinete do governador, que passaria a \u00a0gerir a TV e a r\u00e1dio, \u201csem mecanismos de controle p\u00fablico\u201d, com a interveni\u00eancia da Associa\u00e7\u00e3o dos Amigos da Funda\u00e7\u00e3o Piratini.<br \/>\n\u201cN\u00e3o \u00e9 por acaso\u201d, denunciou Cris Char\u00e3o, \u201cque temos recebido \u2018colegas\u2019 que sa\u00edram de \u00f3rg\u00e3os privados por conten\u00e7\u00e3o de despesas e passaram a ocupar cargos que eram ocupados por profissionais concursados\u201d.<br \/>\nBatendo na mesma tecla, Alexandre Leboutte, funcion\u00e1rio da TVE, esclareceu: a mudan\u00e7a do plano governamental \u2013 remodela\u00e7\u00e3o em vez de extin\u00e7\u00e3o \u2013 &#8220;est\u00e1 configurada pela presen\u00e7a na dire\u00e7\u00e3o da Funda\u00e7\u00e3o de nomes como Flavio Dutra, coordenador da campanha de Sebasti\u00e3o Melo \u00e0 prefeitura de Porto Alegre pelo PMDB&#8221;.<br \/>\nA nomea\u00e7\u00e3o de n\u00e3o-concursados para cargos comissionados n\u00e3o chega a ser uma novidade na TVE e R\u00e1dio Cultura, mas desta vez notam-se diferen\u00e7as: em vista das rea\u00e7\u00f5es da sociedade contra a extin\u00e7\u00e3o, \u201co governo tem um plano B\u201d, cujo controle gerou \u201cuma disputa de grupos dentro do PMDB\u201d.<br \/>\nNesse ponto de sua interven\u00e7\u00e3o, Leboutte denunciou o que lhe parece uma irregularidade: recursos captados via Lei Rouanet pela TVE+FM Cultura estariam sendo administrados pela Associa\u00e7\u00e3o dos Amigos da Funda\u00e7\u00e3o Piratini, numa \u201cprivatiza\u00e7\u00e3o ilegal\u201d.<br \/>\nComo presidente da audi\u00eancia p\u00fablica, Sofia Cavedon disse que vai pedir ao Minist\u00e9rio P\u00fablico de Contas uma investiga\u00e7\u00e3o sobre esse imbr\u00f3glio (em artigo publicado na ter\u00e7a-feira no <em>Correio do Povo<\/em>, o jornalista Milton Simas Junior, presidente do Sindicato dos Jornalistas, afirmou que os recursos captados somam R$ 4 milh\u00f5es).<br \/>\n\u201cA luta \u00e9 muito maior do que a simples defesa de empregos conquistados por concurso\u201d, disse Paulo Gilberto Lopes de Azevedo, representante do Sindicato dos Jornalistas. Ele lamentou que a discuss\u00e3o tenha come\u00e7ado tardiamente, mas disse que \u201cnossos filhos e netos precisam saber que temos uma institui\u00e7\u00e3o que faz comunica\u00e7\u00e3o de car\u00e1ter p\u00fablico\u201d. E finalizou: \u201cO que Sartori quer fazer vai ser bom para algumas fam\u00edlias e muito ruim para a maioria do povo ga\u00facho\u201d.<br \/>\nO cineasta Guilherme Castro, que j\u00e1 trabalhou na TVE em duas ocasi\u00f5es, est\u00e1 convencido de que \u201cn\u00e3o d\u00e1 para embarcar\u201d no \u201cnovo modelo de gest\u00e3o\u201d, mesmo porque as mudan\u00e7as articuladas para manter a TVE est\u00e3o sendo debatidas em circuito restrito, ao qual n\u00e3o teve acesso.<br \/>\nPelo que captou em conversas, debates e manifesta\u00e7\u00f5es desde agosto do ano passado, quando o projeto de extin\u00e7\u00e3o das funda\u00e7\u00f5es p\u00fablicas come\u00e7ou a ser difundido nos meios pol\u00edticos e empresariais, o governo estadual \u201cest\u00e1 convencido ideologicamente de que \u00e9 preciso acabar com a TVE e a R\u00e1dio Cultura\u201d.<br \/>\n\u00c9 o que a vereadora Fernanda Melchiona (PSol) chamou de \u201cl\u00f3gica liberal privatista\u201d, apontada como respons\u00e1vel pela atual crise fiscal \u201ciniciada em 1998 pelo governador Britto e o presidente Fernando Henrique Cardoso\u201d, refer\u00eancia ao acordo de renegocia\u00e7\u00e3o da d\u00edvida estadual, \u201cque era de 9 bilh\u00f5es de reais e est\u00e1 agora em 54 bilh\u00f5es\u201d. Ela defendeu um novo acordo mediante um encontro de contas \u2013 a d\u00edvida com a Uni\u00e3o e os cr\u00e9ditos do Estado com a Lei Kandir &#8211;, mas lembrou que \u201csem mobiliza\u00e7\u00e3o n\u00e3o se conseguem as coisas\u201d.<br \/>\nNo final da audi\u00eancia, Sofia Cavedon conversou com Eduardo Paim, chefe de gabinete da Secretaria Municipal de Cultura, que fez parte da mesa mas n\u00e3o se manifestou sen\u00e3o para agradecer a oportunidade de tomar conhecimento do assunto.<br \/>\nA pedido da vereadora, o assessor ficou de levar ao secret\u00e1rio Luciano Alabarse um pedido de apoio \u00e0 demanda pr\u00f3-tombamento.<br \/>\nFicou no ar o refr\u00e3o do &#8220;Pealo de Sangue&#8221; de Raul Ellwanger:<br \/>\n\u201c<strong>Quem viver saber\u00e1 que \u00e9 poss\u00edvel<\/strong><br \/>\n<strong>quem lutar ganhar\u00e1 seu quinh\u00e3o\u201d<\/strong><\/p>\n","protected":false},"excerpt":{"rendered":"<p>Geraldo Hasse Havia t\u00e3o pouca gente, apenas umas 30 pessoas no audit\u00f3rio da C\u00e2mara Municipal, que o menestrel porto-alegrense Raul Ellwanger n\u00e3o se animou a cantar mais do que uma can\u00e7\u00e3o \u2013 \u201cPealo de Sangue\u201d, seu hino \u00e0 terra ga\u00facha, composto em 1979, na volta do ex\u00edlio \u2013 na abertura da audi\u00eancia p\u00fablica convocada na [&hellip;]<\/p>\n","protected":false},"author":4,"featured_media":47215,"comment_status":"open","ping_status":"closed","sticky":false,"template":"","format":"standard","meta":{"_jetpack_newsletter_access":"","_jetpack_dont_email_post_to_subs":false,"_jetpack_newsletter_tier_id":0,"_jetpack_memberships_contains_paywalled_content":false,"_jetpack_feature_clip_id":0,"_jetpack_memberships_contains_paid_content":false,"footnotes":"","jetpack_post_was_ever_published":false},"categories":[26],"tags":[],"class_list":["post-47213","post","type-post","status-publish","format-standard","has-post-thumbnail","hentry","category-geral"],"aioseo_notices":[],"aioseo_head":"\n\t\t<!-- All in One SEO 5.0.1.1 - aioseo.com -->\n\t<meta name=\"robots\" content=\"max-image-preview:large\" \/>\n\t<meta name=\"author\" content=\"da Reda\u00e7\u00e3o\"\/>\n\t<link rel=\"canonical\" href=\"https:\/\/www.jornalja.com.br\/arquivo\/audiencia-publica-busca-caminhos-para-tombamento-de-tve-e-fm-cultura\/\" \/>\n\t<meta name=\"generator\" content=\"All in One SEO (AIOSEO) 5.0.1.1\" \/>\n\t\t<meta property=\"og:locale\" content=\"pt_BR\" \/>\n\t\t<meta property=\"og:site_name\" content=\"Arquivo | Jornal J\u00c1 | Porto Alegre\" \/>\n\t\t<meta property=\"og:type\" content=\"article\" \/>\n\t\t<meta property=\"og:title\" content=\"Audi\u00eancia p\u00fablica busca caminhos para tombamento de TVE e FM Cultura | Arquivo\" \/>\n\t\t<meta property=\"og:url\" content=\"https:\/\/www.jornalja.com.br\/arquivo\/audiencia-publica-busca-caminhos-para-tombamento-de-tve-e-fm-cultura\/\" \/>\n\t\t<meta property=\"og:image\" content=\"https:\/\/www.jornalja.com.br\/wp-content\/uploads\/2017\/04\/Audi\u00eancia-TVE-Cristina-Char\u00e3o-Foto-Tonico-Alvares-CMPA.jpg\" \/>\n\t\t<meta property=\"og:image:secure_url\" content=\"https:\/\/www.jornalja.com.br\/wp-content\/uploads\/2017\/04\/Audi\u00eancia-TVE-Cristina-Char\u00e3o-Foto-Tonico-Alvares-CMPA.jpg\" \/>\n\t\t<meta property=\"article:published_time\" content=\"2017-04-13T19:03:45+00:00\" \/>\n\t\t<meta property=\"article:modified_time\" content=\"2017-04-13T19:03:45+00:00\" \/>\n\t\t<meta name=\"twitter:card\" content=\"summary\" \/>\n\t\t<meta name=\"twitter:title\" content=\"Audi\u00eancia p\u00fablica busca caminhos para tombamento de TVE e FM Cultura | Arquivo\" \/>\n\t\t<meta name=\"twitter:image\" content=\"https:\/\/www.jornalja.com.br\/economics\/wp-content\/uploads\/sites\/11\/2026\/08\/ja-folhaderosto-facebook.jpg\" \/>\n\t\t<script type=\"application\/ld+json\" class=\"aioseo-schema\">\n\t\t\t{\"@context\":\"https:\\\/\\\/schema.org\",\"@graph\":[{\"@type\":\"BlogPosting\",\"@id\":\"https:\\\/\\\/www.jornalja.com.br\\\/arquivo\\\/audiencia-publica-busca-caminhos-para-tombamento-de-tve-e-fm-cultura\\\/#blogposting\",\"name\":\"Audi\\u00eancia p\\u00fablica busca caminhos para tombamento de TVE e FM Cultura | Arquivo\",\"headline\":\"Audi\\u00eancia p\\u00fablica busca caminhos para tombamento de TVE e FM Cultura\",\"author\":{\"@id\":\"https:\\\/\\\/www.jornalja.com.br\\\/arquivo\\\/author\\\/daredacao\\\/#author\"},\"publisher\":{\"@id\":\"https:\\\/\\\/www.jornalja.com.br\\\/arquivo\\\/#organization\"},\"image\":{\"@type\":\"ImageObject\",\"url\":47215},\"datePublished\":\"2017-04-13T16:03:45-03:00\",\"dateModified\":\"2017-04-13T16:03:45-03:00\",\"inLanguage\":\"pt-BR\",\"mainEntityOfPage\":{\"@id\":\"https:\\\/\\\/www.jornalja.com.br\\\/arquivo\\\/audiencia-publica-busca-caminhos-para-tombamento-de-tve-e-fm-cultura\\\/#webpage\"},\"isPartOf\":{\"@id\":\"https:\\\/\\\/www.jornalja.com.br\\\/arquivo\\\/audiencia-publica-busca-caminhos-para-tombamento-de-tve-e-fm-cultura\\\/#webpage\"},\"articleSection\":\"Geral\"},{\"@type\":\"BreadcrumbList\",\"@id\":\"https:\\\/\\\/www.jornalja.com.br\\\/arquivo\\\/audiencia-publica-busca-caminhos-para-tombamento-de-tve-e-fm-cultura\\\/#breadcrumblist\",\"itemListElement\":[{\"@type\":\"ListItem\",\"@id\":\"https:\\\/\\\/www.jornalja.com.br\\\/arquivo#listItem\",\"position\":1,\"name\":\"Home\",\"item\":\"https:\\\/\\\/www.jornalja.com.br\\\/arquivo\",\"nextItem\":{\"@type\":\"ListItem\",\"@id\":\"https:\\\/\\\/www.jornalja.com.br\\\/arquivo\\\/category\\\/geral\\\/#listItem\",\"name\":\"Geral\"}},{\"@type\":\"ListItem\",\"@id\":\"https:\\\/\\\/www.jornalja.com.br\\\/arquivo\\\/category\\\/geral\\\/#listItem\",\"position\":2,\"name\":\"Geral\",\"item\":\"https:\\\/\\\/www.jornalja.com.br\\\/arquivo\\\/category\\\/geral\\\/\",\"nextItem\":{\"@type\":\"ListItem\",\"@id\":\"https:\\\/\\\/www.jornalja.com.br\\\/arquivo\\\/audiencia-publica-busca-caminhos-para-tombamento-de-tve-e-fm-cultura\\\/#listItem\",\"name\":\"Audi\\u00eancia p\\u00fablica busca caminhos para tombamento de TVE e FM Cultura\"},\"previousItem\":{\"@type\":\"ListItem\",\"@id\":\"https:\\\/\\\/www.jornalja.com.br\\\/arquivo#listItem\",\"name\":\"Home\"}},{\"@type\":\"ListItem\",\"@id\":\"https:\\\/\\\/www.jornalja.com.br\\\/arquivo\\\/audiencia-publica-busca-caminhos-para-tombamento-de-tve-e-fm-cultura\\\/#listItem\",\"position\":3,\"name\":\"Audi\\u00eancia p\\u00fablica busca caminhos para tombamento de TVE e FM Cultura\",\"previousItem\":{\"@type\":\"ListItem\",\"@id\":\"https:\\\/\\\/www.jornalja.com.br\\\/arquivo\\\/category\\\/geral\\\/#listItem\",\"name\":\"Geral\"}}]},{\"@type\":\"Organization\",\"@id\":\"https:\\\/\\\/www.jornalja.com.br\\\/arquivo\\\/#organization\",\"name\":\"Jornal J\\u00c1\",\"description\":\"Jornal J\\u00c1 | Porto Alegre\",\"url\":\"https:\\\/\\\/www.jornalja.com.br\\\/arquivo\\\/\",\"telephone\":\"+555133307272\",\"logo\":{\"@type\":\"ImageObject\",\"url\":\"https:\\\/\\\/www.jornalja.com.br\\\/wp-content\\\/uploads\\\/cards\\\/JAslogan.png\",\"@id\":\"https:\\\/\\\/www.jornalja.com.br\\\/arquivo\\\/audiencia-publica-busca-caminhos-para-tombamento-de-tve-e-fm-cultura\\\/#organizationLogo\"},\"image\":{\"@id\":\"https:\\\/\\\/www.jornalja.com.br\\\/arquivo\\\/audiencia-publica-busca-caminhos-para-tombamento-de-tve-e-fm-cultura\\\/#organizationLogo\"}},{\"@type\":\"Person\",\"@id\":\"https:\\\/\\\/www.jornalja.com.br\\\/arquivo\\\/author\\\/daredacao\\\/#author\",\"url\":\"https:\\\/\\\/www.jornalja.com.br\\\/arquivo\\\/author\\\/daredacao\\\/\",\"name\":\"da Reda\\u00e7\\u00e3o\",\"image\":{\"@type\":\"ImageObject\",\"@id\":\"https:\\\/\\\/www.jornalja.com.br\\\/arquivo\\\/audiencia-publica-busca-caminhos-para-tombamento-de-tve-e-fm-cultura\\\/#authorImage\",\"url\":\"https:\\\/\\\/secure.gravatar.com\\\/avatar\\\/469fd857d6605ad19919d27ed29d35a968a25f6e8fd9318356bbb7f57aae9c65?s=96&d=mm&r=g\",\"width\":96,\"height\":96,\"caption\":\"da Reda\\u00e7\\u00e3o\"}},{\"@type\":\"WebPage\",\"@id\":\"https:\\\/\\\/www.jornalja.com.br\\\/arquivo\\\/audiencia-publica-busca-caminhos-para-tombamento-de-tve-e-fm-cultura\\\/#webpage\",\"url\":\"https:\\\/\\\/www.jornalja.com.br\\\/arquivo\\\/audiencia-publica-busca-caminhos-para-tombamento-de-tve-e-fm-cultura\\\/\",\"name\":\"Audi\\u00eancia p\\u00fablica busca caminhos para tombamento de TVE e FM Cultura | Arquivo\",\"inLanguage\":\"pt-BR\",\"isPartOf\":{\"@id\":\"https:\\\/\\\/www.jornalja.com.br\\\/arquivo\\\/#website\"},\"breadcrumb\":{\"@id\":\"https:\\\/\\\/www.jornalja.com.br\\\/arquivo\\\/audiencia-publica-busca-caminhos-para-tombamento-de-tve-e-fm-cultura\\\/#breadcrumblist\"},\"author\":{\"@id\":\"https:\\\/\\\/www.jornalja.com.br\\\/arquivo\\\/author\\\/daredacao\\\/#author\"},\"creator\":{\"@id\":\"https:\\\/\\\/www.jornalja.com.br\\\/arquivo\\\/author\\\/daredacao\\\/#author\"},\"image\":{\"@type\":\"ImageObject\",\"url\":47215,\"@id\":\"https:\\\/\\\/www.jornalja.com.br\\\/arquivo\\\/audiencia-publica-busca-caminhos-para-tombamento-de-tve-e-fm-cultura\\\/#mainImage\"},\"primaryImageOfPage\":{\"@id\":\"https:\\\/\\\/www.jornalja.com.br\\\/arquivo\\\/audiencia-publica-busca-caminhos-para-tombamento-de-tve-e-fm-cultura\\\/#mainImage\"},\"datePublished\":\"2017-04-13T16:03:45-03:00\",\"dateModified\":\"2017-04-13T16:03:45-03:00\"},{\"@type\":\"WebSite\",\"@id\":\"https:\\\/\\\/www.jornalja.com.br\\\/arquivo\\\/#website\",\"url\":\"https:\\\/\\\/www.jornalja.com.br\\\/arquivo\\\/\",\"name\":\"Arquivo\",\"description\":\"Jornal J\\u00c1 | Porto Alegre\",\"inLanguage\":\"pt-BR\",\"publisher\":{\"@id\":\"https:\\\/\\\/www.jornalja.com.br\\\/arquivo\\\/#organization\"}}]}\n\t\t<\/script>\n\t\t<!-- All in One SEO -->\n\n","aioseo_head_json":{"title":"Audi\u00eancia p\u00fablica busca caminhos para tombamento de TVE e FM Cultura | Arquivo","description":"","canonical_url":"https:\/\/www.jornalja.com.br\/arquivo\/audiencia-publica-busca-caminhos-para-tombamento-de-tve-e-fm-cultura\/","robots":"max-image-preview:large","keywords":"","webmasterTools":{"miscellaneous":""},"schema":{"@context":"https:\/\/schema.org","@graph":[{"@type":"BlogPosting","@id":"https:\/\/www.jornalja.com.br\/arquivo\/audiencia-publica-busca-caminhos-para-tombamento-de-tve-e-fm-cultura\/#blogposting","name":"Audi\u00eancia p\u00fablica busca caminhos para tombamento de TVE e FM Cultura | Arquivo","headline":"Audi\u00eancia p\u00fablica busca caminhos para tombamento de TVE e FM Cultura","author":{"@id":"https:\/\/www.jornalja.com.br\/arquivo\/author\/daredacao\/#author"},"publisher":{"@id":"https:\/\/www.jornalja.com.br\/arquivo\/#organization"},"image":{"@type":"ImageObject","url":47215},"datePublished":"2017-04-13T16:03:45-03:00","dateModified":"2017-04-13T16:03:45-03:00","inLanguage":"pt-BR","mainEntityOfPage":{"@id":"https:\/\/www.jornalja.com.br\/arquivo\/audiencia-publica-busca-caminhos-para-tombamento-de-tve-e-fm-cultura\/#webpage"},"isPartOf":{"@id":"https:\/\/www.jornalja.com.br\/arquivo\/audiencia-publica-busca-caminhos-para-tombamento-de-tve-e-fm-cultura\/#webpage"},"articleSection":"Geral"},{"@type":"BreadcrumbList","@id":"https:\/\/www.jornalja.com.br\/arquivo\/audiencia-publica-busca-caminhos-para-tombamento-de-tve-e-fm-cultura\/#breadcrumblist","itemListElement":[{"@type":"ListItem","@id":"https:\/\/www.jornalja.com.br\/arquivo#listItem","position":1,"name":"Home","item":"https:\/\/www.jornalja.com.br\/arquivo","nextItem":{"@type":"ListItem","@id":"https:\/\/www.jornalja.com.br\/arquivo\/category\/geral\/#listItem","name":"Geral"}},{"@type":"ListItem","@id":"https:\/\/www.jornalja.com.br\/arquivo\/category\/geral\/#listItem","position":2,"name":"Geral","item":"https:\/\/www.jornalja.com.br\/arquivo\/category\/geral\/","nextItem":{"@type":"ListItem","@id":"https:\/\/www.jornalja.com.br\/arquivo\/audiencia-publica-busca-caminhos-para-tombamento-de-tve-e-fm-cultura\/#listItem","name":"Audi\u00eancia p\u00fablica busca caminhos para tombamento de TVE e FM Cultura"},"previousItem":{"@type":"ListItem","@id":"https:\/\/www.jornalja.com.br\/arquivo#listItem","name":"Home"}},{"@type":"ListItem","@id":"https:\/\/www.jornalja.com.br\/arquivo\/audiencia-publica-busca-caminhos-para-tombamento-de-tve-e-fm-cultura\/#listItem","position":3,"name":"Audi\u00eancia p\u00fablica busca caminhos para tombamento de TVE e FM Cultura","previousItem":{"@type":"ListItem","@id":"https:\/\/www.jornalja.com.br\/arquivo\/category\/geral\/#listItem","name":"Geral"}}]},{"@type":"Organization","@id":"https:\/\/www.jornalja.com.br\/arquivo\/#organization","name":"Jornal J\u00c1","description":"Jornal J\u00c1 | Porto Alegre","url":"https:\/\/www.jornalja.com.br\/arquivo\/","telephone":"+555133307272","logo":{"@type":"ImageObject","url":"https:\/\/www.jornalja.com.br\/wp-content\/uploads\/cards\/JAslogan.png","@id":"https:\/\/www.jornalja.com.br\/arquivo\/audiencia-publica-busca-caminhos-para-tombamento-de-tve-e-fm-cultura\/#organizationLogo"},"image":{"@id":"https:\/\/www.jornalja.com.br\/arquivo\/audiencia-publica-busca-caminhos-para-tombamento-de-tve-e-fm-cultura\/#organizationLogo"}},{"@type":"Person","@id":"https:\/\/www.jornalja.com.br\/arquivo\/author\/daredacao\/#author","url":"https:\/\/www.jornalja.com.br\/arquivo\/author\/daredacao\/","name":"da Reda\u00e7\u00e3o","image":{"@type":"ImageObject","@id":"https:\/\/www.jornalja.com.br\/arquivo\/audiencia-publica-busca-caminhos-para-tombamento-de-tve-e-fm-cultura\/#authorImage","url":"https:\/\/secure.gravatar.com\/avatar\/469fd857d6605ad19919d27ed29d35a968a25f6e8fd9318356bbb7f57aae9c65?s=96&d=mm&r=g","width":96,"height":96,"caption":"da Reda\u00e7\u00e3o"}},{"@type":"WebPage","@id":"https:\/\/www.jornalja.com.br\/arquivo\/audiencia-publica-busca-caminhos-para-tombamento-de-tve-e-fm-cultura\/#webpage","url":"https:\/\/www.jornalja.com.br\/arquivo\/audiencia-publica-busca-caminhos-para-tombamento-de-tve-e-fm-cultura\/","name":"Audi\u00eancia p\u00fablica busca caminhos para tombamento de TVE e FM Cultura | Arquivo","inLanguage":"pt-BR","isPartOf":{"@id":"https:\/\/www.jornalja.com.br\/arquivo\/#website"},"breadcrumb":{"@id":"https:\/\/www.jornalja.com.br\/arquivo\/audiencia-publica-busca-caminhos-para-tombamento-de-tve-e-fm-cultura\/#breadcrumblist"},"author":{"@id":"https:\/\/www.jornalja.com.br\/arquivo\/author\/daredacao\/#author"},"creator":{"@id":"https:\/\/www.jornalja.com.br\/arquivo\/author\/daredacao\/#author"},"image":{"@type":"ImageObject","url":47215,"@id":"https:\/\/www.jornalja.com.br\/arquivo\/audiencia-publica-busca-caminhos-para-tombamento-de-tve-e-fm-cultura\/#mainImage"},"primaryImageOfPage":{"@id":"https:\/\/www.jornalja.com.br\/arquivo\/audiencia-publica-busca-caminhos-para-tombamento-de-tve-e-fm-cultura\/#mainImage"},"datePublished":"2017-04-13T16:03:45-03:00","dateModified":"2017-04-13T16:03:45-03:00"},{"@type":"WebSite","@id":"https:\/\/www.jornalja.com.br\/arquivo\/#website","url":"https:\/\/www.jornalja.com.br\/arquivo\/","name":"Arquivo","description":"Jornal J\u00c1 | Porto Alegre","inLanguage":"pt-BR","publisher":{"@id":"https:\/\/www.jornalja.com.br\/arquivo\/#organization"}}]},"og:locale":"pt_BR","og:site_name":"Arquivo | Jornal J\u00c1 | Porto Alegre","og:type":"article","og:title":"Audi\u00eancia p\u00fablica busca caminhos para tombamento de TVE e FM Cultura | Arquivo","og:url":"https:\/\/www.jornalja.com.br\/arquivo\/audiencia-publica-busca-caminhos-para-tombamento-de-tve-e-fm-cultura\/","og:image":"https:\/\/www.jornalja.com.br\/wp-content\/uploads\/2017\/04\/Audi\u00eancia-TVE-Cristina-Char\u00e3o-Foto-Tonico-Alvares-CMPA.jpg","og:image:secure_url":"https:\/\/www.jornalja.com.br\/wp-content\/uploads\/2017\/04\/Audi\u00eancia-TVE-Cristina-Char\u00e3o-Foto-Tonico-Alvares-CMPA.jpg","article:published_time":"2017-04-13T19:03:45+00:00","article:modified_time":"2017-04-13T19:03:45+00:00","twitter:card":"summary","twitter:title":"Audi\u00eancia p\u00fablica busca caminhos para tombamento de TVE e FM Cultura | Arquivo","twitter:image":"https:\/\/www.jornalja.com.br\/economics\/wp-content\/uploads\/sites\/11\/2026\/08\/ja-folhaderosto-facebook.jpg"},"aioseo_meta_data":{"post_id":"47213","title":null,"description":null,"keywords":null,"keyphrases":null,"primary_term":null,"canonical_url":null,"og_title":null,"og_description":null,"og_object_type":"default","og_image_type":"default","og_image_url":null,"og_image_width":null,"og_image_height":null,"og_image_custom_url":null,"og_image_custom_fields":null,"og_video":null,"og_custom_url":null,"og_article_section":null,"og_article_tags":null,"twitter_use_og":false,"twitter_card":"default","twitter_image_type":"default","twitter_image_url":null,"twitter_image_custom_url":null,"twitter_image_custom_fields":null,"twitter_title":null,"twitter_description":null,"schema":{"blockGraphs":[],"customGraphs":[],"default":{"data":{"Article":[],"Course":[],"Dataset":[],"FAQPage":[],"Movie":[],"Person":[],"Product":[],"ProductReview":[],"Car":[],"Recipe":[],"Service":[],"SoftwareApplication":[],"WebPage":[]},"graphName":"","isEnabled":true},"graphs":[],"defaultGraph":"","defaultPostTypeGraph":""},"schema_type":null,"schema_type_options":null,"pillar_content":false,"robots_default":true,"robots_noindex":false,"robots_noarchive":false,"robots_nosnippet":false,"robots_nofollow":false,"robots_noimageindex":false,"robots_noodp":false,"robots_notranslate":false,"robots_max_snippet":null,"robots_max_videopreview":null,"robots_max_imagepreview":"large","priority":null,"frequency":null,"location":null,"local_seo":null,"breadcrumb_settings":null,"limit_modified_date":false,"ai":null,"created":"2020-12-20 20:37:39","updated":"2025-07-19 21:02:31","seo_analyzer_scan_date":null,"focus_keyword":null,"additional_keywords":null,"truseo_locale":null},"jetpack_sharing_enabled":true,"jetpack-related-posts":[{"id":14241,"url":"https:\/\/www.jornalja.com.br\/arquivo\/o-guaiba-nas-imagens-poeticas-de-achutti\/","url_meta":{"origin":47213,"position":0},"title":"O Gua\u00edba nas imagens po\u00e9ticas de Achutti","author":"da Reda\u00e7\u00e3o","date":"18 de junho de 2014","format":false,"excerpt":"Em \u201cO Gua\u00edba por Achutti\u201d \u2013 obra financiada via Minist\u00e9rio da Cultura, produ\u00e7\u00e3o executiva de Pedro Longhi, e Fl\u00e1vio Wild como designer \u2013, o fot\u00f3grafo revela a beleza e as mazelas de um espa\u00e7o aqu\u00e1tico de \u00e1guas sempre renovadas, cheio de hist\u00f3rias e lendas como as das cidades que foram\u2026","rel":"","context":"Em &quot;Cultura-Geral&quot;","block_context":{"text":"Cultura-Geral","link":"https:\/\/www.jornalja.com.br\/arquivo\/category\/materiasecundaria\/"},"img":{"alt_text":"","src":"","width":0,"height":0},"classes":[]},{"id":5440,"url":"https:\/\/www.jornalja.com.br\/arquivo\/casarao-da-venancio-destino-permanece-incerto\/","url_meta":{"origin":47213,"position":1},"title":"Estado ainda n\u00e3o sabe o que fazer com casar\u00e3o abandonado h\u00e1 20 anos","author":"Elmar Bones","date":"6 de julho de 2009","format":false,"excerpt":"O casar\u00e3o amarelo, numa esquina nobre de Porto Alegre (Ven\u00e2ncio Aires com Jo\u00e3o Pessoa), j\u00e1 abrigou uma escola. H\u00e1 duas d\u00e9cadas, pelo menos, est\u00e1 abandonado, porque seu propriet\u00e1rio, o governo do Estado do Rio Grande do Sul, n\u00e3o consegue achar um destino para ele. Planos n\u00e3o faltaram. O governador Ol\u00edvio\u2026","rel":"","context":"Em &quot;X.Categorias velhas&quot;","block_context":{"text":"X.Categorias velhas","link":"https:\/\/www.jornalja.com.br\/arquivo\/category\/x-categorias-velhas\/"},"img":{"alt_text":"geraldo1","src":"https:\/\/i0.wp.com\/www.jornalja.com.br\/wp-content\/uploads\/2009\/07\/geraldo1.jpg?resize=350%2C200&ssl=1","width":350,"height":200},"classes":[]},{"id":13124,"url":"https:\/\/www.jornalja.com.br\/arquivo\/sangue-latino-no-iecine\/","url_meta":{"origin":47213,"position":2},"title":"Sangue latino no IECINE","author":"da Reda\u00e7\u00e3o","date":"18 de maio de 2014","format":false,"excerpt":"Francisco Ribeiro O Instituto Estadual de Cinema (IECINE) tem a frente, desde abril \u00faltimo, um novo diretor, o cineasta colombiano Juan Zapata, 36, que substitui Luiz Alberto Cassol. Radicado h\u00e1 dez anos em Porto Alegre, Zapata tem diante de si o desafio de conduzir at\u00e9 o final do ano um\u2026","rel":"","context":"Em &quot;Cultura-Geral&quot;","block_context":{"text":"Cultura-Geral","link":"https:\/\/www.jornalja.com.br\/arquivo\/category\/materiasecundaria\/"},"img":{"alt_text":"","src":"","width":0,"height":0},"classes":[]},{"id":13109,"url":"https:\/\/www.jornalja.com.br\/arquivo\/judiciario-reconhece-poluicao-eletromagnetica\/","url_meta":{"origin":47213,"position":3},"title":"Judici\u00e1rio reconhece polui\u00e7\u00e3o eletromagn\u00e9tica","author":"Patr\u00edcia Marini","date":"16 de maio de 2014","format":false,"excerpt":"A\u00e7\u00e3o de duas associa\u00e7\u00f5es de moradores foi acolhida pelo Tribunal de Justi\u00e7a de S\u00e3o Paulo que. em decis\u00e3o in\u00e9dita, determinou a redu\u00e7\u00e3o do campo eletromagn\u00e9tico gerado pelas linhas de transmiss\u00e3o de energia que cortam os bairros City Boa\u00e7ava e Alto de Pinheiros. \u00c9 a primeira vez que um tribunal do\u2026","rel":"","context":"Em &quot;X.Categorias velhas&quot;","block_context":{"text":"X.Categorias velhas","link":"https:\/\/www.jornalja.com.br\/arquivo\/category\/x-categorias-velhas\/"},"img":{"alt_text":"","src":"","width":0,"height":0},"classes":[]},{"id":12960,"url":"https:\/\/www.jornalja.com.br\/arquivo\/populacao-culpa-empresas-pela-greve-dos-rodoviarios\/","url_meta":{"origin":47213,"position":4},"title":"Popula\u00e7\u00e3o culpa empresas pela greve","author":"Patr\u00edcia Marini","date":"14 de fevereiro de 2014","format":false,"excerpt":"Pesquisa divulgada na edi\u00e7\u00e3o do jornal Metro desta sexta-feira,14, comprova o velho ditado: \u00e9 poss\u00edvel enganar muitos por algum tempo, mas n\u00e3o \u00e9 poss\u00edvel enganar a todos o tempo inteiro. A principal revela\u00e7\u00e3o foi que 59,8% dos entrevistados apontaram as empresas como as principais respons\u00e1veis pela grave e 46% culparam\u2026","rel":"","context":"Em &quot;X.Categorias velhas&quot;","block_context":{"text":"X.Categorias velhas","link":"https:\/\/www.jornalja.com.br\/arquivo\/category\/x-categorias-velhas\/"},"img":{"alt_text":"","src":"","width":0,"height":0},"classes":[]},{"id":13101,"url":"https:\/\/www.jornalja.com.br\/arquivo\/morre-um-guerreiro-do-texto\/","url_meta":{"origin":47213,"position":5},"title":"Morre um guerreiro do texto","author":"Patr\u00edcia Marini","date":"14 de maio de 2014","format":false,"excerpt":"Por Ricardo Kotscho Reproduzido do blog do autor, 11\/5\/2014; t\u00edtulo original \u201cE l\u00e1 se foi o nosso Myltainho, guerreiro do texto\u201d. Mi\u00fado e franzino, meu amigo Myltainho era um valente e inconformado guerreiro na luta contra as injusti\u00e7as sociais, a hipocrisia, as maracutaias, o autoritarismo, a intoler\u00e2ncia, a viol\u00eancia, o\u2026","rel":"","context":"Em &quot;Geral&quot;","block_context":{"text":"Geral","link":"https:\/\/www.jornalja.com.br\/arquivo\/category\/geral\/"},"img":{"alt_text":"","src":"","width":0,"height":0},"classes":[]}],"jetpack_shortlink":"https:\/\/wp.me\/pbQjBd-chv","jetpack_featured_media_url":"","_links":{"self":[{"href":"https:\/\/www.jornalja.com.br\/arquivo\/wp-json\/wp\/v2\/posts\/47213","targetHints":{"allow":["GET"]}}],"collection":[{"href":"https:\/\/www.jornalja.com.br\/arquivo\/wp-json\/wp\/v2\/posts"}],"about":[{"href":"https:\/\/www.jornalja.com.br\/arquivo\/wp-json\/wp\/v2\/types\/post"}],"author":[{"embeddable":true,"href":"https:\/\/www.jornalja.com.br\/arquivo\/wp-json\/wp\/v2\/users\/4"}],"replies":[{"embeddable":true,"href":"https:\/\/www.jornalja.com.br\/arquivo\/wp-json\/wp\/v2\/comments?post=47213"}],"version-history":[{"count":0,"href":"https:\/\/www.jornalja.com.br\/arquivo\/wp-json\/wp\/v2\/posts\/47213\/revisions"}],"wp:attachment":[{"href":"https:\/\/www.jornalja.com.br\/arquivo\/wp-json\/wp\/v2\/media?parent=47213"}],"wp:term":[{"taxonomy":"category","embeddable":true,"href":"https:\/\/www.jornalja.com.br\/arquivo\/wp-json\/wp\/v2\/categories?post=47213"},{"taxonomy":"post_tag","embeddable":true,"href":"https:\/\/www.jornalja.com.br\/arquivo\/wp-json\/wp\/v2\/tags?post=47213"}],"curies":[{"name":"wp","href":"https:\/\/api.w.org\/{rel}","templated":true}]}}