{"id":47237,"date":"2017-04-14T19:49:02","date_gmt":"2017-04-14T22:49:02","guid":{"rendered":"https:\/\/www.jornalja.com.br\/?p=47237"},"modified":"2017-04-14T19:49:02","modified_gmt":"2017-04-14T22:49:02","slug":"grupo-de-pesquisa-teatral-leva-samuel-beckett-a-rua-da-praia","status":"publish","type":"post","link":"https:\/\/www.jornalja.com.br\/arquivo\/grupo-de-pesquisa-teatral-leva-samuel-beckett-a-rua-da-praia\/","title":{"rendered":"Grupo de pesquisa teatral leva Samuel Beckett \u00e0 Rua da Praia"},"content":{"rendered":"<p><span class=\"assina\">Higino Barros<\/span><br \/>\nO dramaturgo irland\u00eas Samuel Beckett \u00e9 conhecido mundialmente por sua pe\u00e7a \u201cEsperando Godot\u201d, express\u00e3o que no Brasil passou a significar a espera de algo que nunca chega. Um dos maiores representantes do teatro do absurdo, Beckett \u00e9 inspira\u00e7\u00e3o para uma performance que ocorre nesse s\u00e1bado, dia 15, na rua da Praia (Andradas), com percurso entre a Casa de Cultura M\u00e1rio Quintana e a Esquina Democr\u00e1tica.<br \/>\nDenominada \u201cInspira\u00e7\u00e3o\u201d, ela foi criada a partir do texto Eleutheria (1947) de Samuel Beckett. Segundo a coordenadora do evento, Luciana Tondo, os ensaios para a performance foram uma oportunidade para uma viv\u00eancia teatral gratuita. Ela resume a ideia do evento:<br \/>\n\u201cNo texto, Victor, o personagem principal, dedica-se a uma busca incessante para viver a experi\u00eancia da liberdade que, segundo ele, seria a partir da tentativa de ser o m\u00ednimo poss\u00edvel: comendo menos, se mexendo menos, falando menos, mas mantendo-se vivo, pois se morresse n\u00e3o poderia se perceber livre. Diante desse paradoxo, o corpo apresenta-se como uma pris\u00e3o biol\u00f3gica inconsciente, pois por mais que se tente, o corpo est\u00e1 sempre em movimento\u201d.<br \/>\nA performance \u00e9 elaborada pelo N\u00facleo de Pesquisa Beckett-we e comemora o 111\u00ba ano de nascimento do dramaturgo irland\u00eas. Ap\u00f3s a sa\u00edda da Casa de Cultura M\u00e1rio Quintana, \u00e0s 14 horas, os participantes do evento se agrupam em frente ao Shopping Rua da Praia e realizam a performance diante do Clube do Com\u00e9rcio.<br \/>\nSERVI\u00c7O<br \/>\nPerformance \u2018Inspira\u00e7\u00e3o\u2019<br \/>\n<strong>Data:<\/strong> 15 de abril de 2017<br \/>\n<strong>Local:<\/strong> Sa\u00edda as 14 horas da Casa de Cultura M\u00e1rio Quintana , finalizando o percurso na Esquina Democr\u00e1tica.<br \/>\n<strong>Realiza\u00e7\u00e3o:<\/strong> N\u00facleo de Pesquisa Beckett-we<br \/>\n<strong>Coordena\u00e7\u00e3o:<\/strong> Luciana Tondo<br \/>\n<strong>Prepara\u00e7\u00e3o dos atores:<\/strong> Luciana Tondo e Marcelo Mertins<br \/>\n<strong>Elenco:<\/strong> Ceila Adriany de Oliveira, Vinisius Seeger, Rafael Domingues, Valentina Curi, Fernanda Fiuza, Fernanda Leal, Vanessa Fiuza, Lav\u00ednia Costa, Felipe Davi, Vit\u00f3ria Emiliano, Gabriel Cocola, Leandro Pereira, Caroline Fontella, Daniel Kuratani, Daniel Varallo, Paula Silveira, Ketlyn Ramos, Victoria Freitas, Gabriel Queiroz, Gabriel Farias, Maur\u00edcio Vianna, Jo\u00e3o Pedro Bandeira, Bruno Portes, Juan H\u00fcbner, Jo\u00e3o Felipe Tondo, Lilian Monteiro, Gabriel Farias, Liziane Salvadori, Yuri Vidal, Vin\u00edcius Lima, Wagner Machado, Gloria Andrades, Claudia Quinto, Erick da Silveira, Rog\u00e9rio Bertoldo, Carolina Alves, Fernanda Pedroso, Al\u00ednea Boninsegna, William Andrius, Vivyan Sores, Gabriela Soares, Luis Carlos Matos.<br \/>\n<strong>Apoio:<\/strong> Casa de Cultura M\u00e1rio Quintana.<br \/>\n&nbsp;<\/p>\n","protected":false},"excerpt":{"rendered":"<p>Higino Barros O dramaturgo irland\u00eas Samuel Beckett \u00e9 conhecido mundialmente por sua pe\u00e7a \u201cEsperando Godot\u201d, express\u00e3o que no Brasil passou a significar a espera de algo que nunca chega. Um dos maiores representantes do teatro do absurdo, Beckett \u00e9 inspira\u00e7\u00e3o para uma performance que ocorre nesse s\u00e1bado, dia 15, na rua da Praia (Andradas), com [&hellip;]<\/p>\n","protected":false},"author":4,"featured_media":47244,"comment_status":"open","ping_status":"closed","sticky":false,"template":"","format":"standard","meta":{"_jetpack_newsletter_access":"","_jetpack_dont_email_post_to_subs":false,"_jetpack_newsletter_tier_id":0,"_jetpack_memberships_contains_paywalled_content":false,"_jetpack_feature_clip_id":0,"_jetpack_memberships_contains_paid_content":false,"footnotes":"","jetpack_post_was_ever_published":false},"categories":[26],"tags":[],"class_list":["post-47237","post","type-post","status-publish","format-standard","has-post-thumbnail","hentry","category-geral"],"aioseo_notices":[],"aioseo_head":"\n\t\t<!-- All in One SEO 5.0.1.1 - aioseo.com -->\n\t<meta name=\"robots\" content=\"max-image-preview:large\" \/>\n\t<meta name=\"author\" content=\"da Reda\u00e7\u00e3o\"\/>\n\t<link rel=\"canonical\" href=\"https:\/\/www.jornalja.com.br\/arquivo\/grupo-de-pesquisa-teatral-leva-samuel-beckett-a-rua-da-praia\/\" \/>\n\t<meta name=\"generator\" content=\"All in One SEO (AIOSEO) 5.0.1.1\" \/>\n\t\t<meta property=\"og:locale\" content=\"pt_BR\" \/>\n\t\t<meta property=\"og:site_name\" content=\"Arquivo | Jornal J\u00c1 | Porto Alegre\" \/>\n\t\t<meta property=\"og:type\" content=\"article\" \/>\n\t\t<meta property=\"og:title\" content=\"Grupo de pesquisa teatral leva Samuel Beckett \u00e0 Rua da Praia | Arquivo\" \/>\n\t\t<meta property=\"og:url\" content=\"https:\/\/www.jornalja.com.br\/arquivo\/grupo-de-pesquisa-teatral-leva-samuel-beckett-a-rua-da-praia\/\" \/>\n\t\t<meta property=\"og:image\" content=\"https:\/\/www.jornalja.com.br\/economics\/wp-content\/uploads\/sites\/11\/2026\/08\/ja-folhaderosto-facebook.jpg\" \/>\n\t\t<meta property=\"og:image:secure_url\" content=\"https:\/\/www.jornalja.com.br\/economics\/wp-content\/uploads\/sites\/11\/2026\/08\/ja-folhaderosto-facebook.jpg\" \/>\n\t\t<meta property=\"article:published_time\" content=\"2017-04-14T22:49:02+00:00\" \/>\n\t\t<meta property=\"article:modified_time\" content=\"2017-04-14T22:49:02+00:00\" \/>\n\t\t<meta name=\"twitter:card\" content=\"summary\" \/>\n\t\t<meta name=\"twitter:title\" content=\"Grupo de pesquisa teatral leva Samuel Beckett \u00e0 Rua da Praia | Arquivo\" \/>\n\t\t<meta name=\"twitter:image\" content=\"https:\/\/www.jornalja.com.br\/economics\/wp-content\/uploads\/sites\/11\/2026\/08\/ja-folhaderosto-facebook.jpg\" \/>\n\t\t<script type=\"application\/ld+json\" class=\"aioseo-schema\">\n\t\t\t{\"@context\":\"https:\\\/\\\/schema.org\",\"@graph\":[{\"@type\":\"BlogPosting\",\"@id\":\"https:\\\/\\\/www.jornalja.com.br\\\/arquivo\\\/grupo-de-pesquisa-teatral-leva-samuel-beckett-a-rua-da-praia\\\/#blogposting\",\"name\":\"Grupo de pesquisa teatral leva Samuel Beckett \\u00e0 Rua da Praia | Arquivo\",\"headline\":\"Grupo de pesquisa teatral leva Samuel Beckett \\u00e0 Rua da Praia\",\"author\":{\"@id\":\"https:\\\/\\\/www.jornalja.com.br\\\/arquivo\\\/author\\\/daredacao\\\/#author\"},\"publisher\":{\"@id\":\"https:\\\/\\\/www.jornalja.com.br\\\/arquivo\\\/#organization\"},\"image\":{\"@type\":\"ImageObject\",\"url\":47244},\"datePublished\":\"2017-04-14T19:49:02-03:00\",\"dateModified\":\"2017-04-14T19:49:02-03:00\",\"inLanguage\":\"pt-BR\",\"mainEntityOfPage\":{\"@id\":\"https:\\\/\\\/www.jornalja.com.br\\\/arquivo\\\/grupo-de-pesquisa-teatral-leva-samuel-beckett-a-rua-da-praia\\\/#webpage\"},\"isPartOf\":{\"@id\":\"https:\\\/\\\/www.jornalja.com.br\\\/arquivo\\\/grupo-de-pesquisa-teatral-leva-samuel-beckett-a-rua-da-praia\\\/#webpage\"},\"articleSection\":\"Geral\"},{\"@type\":\"BreadcrumbList\",\"@id\":\"https:\\\/\\\/www.jornalja.com.br\\\/arquivo\\\/grupo-de-pesquisa-teatral-leva-samuel-beckett-a-rua-da-praia\\\/#breadcrumblist\",\"itemListElement\":[{\"@type\":\"ListItem\",\"@id\":\"https:\\\/\\\/www.jornalja.com.br\\\/arquivo#listItem\",\"position\":1,\"name\":\"Home\",\"item\":\"https:\\\/\\\/www.jornalja.com.br\\\/arquivo\",\"nextItem\":{\"@type\":\"ListItem\",\"@id\":\"https:\\\/\\\/www.jornalja.com.br\\\/arquivo\\\/category\\\/geral\\\/#listItem\",\"name\":\"Geral\"}},{\"@type\":\"ListItem\",\"@id\":\"https:\\\/\\\/www.jornalja.com.br\\\/arquivo\\\/category\\\/geral\\\/#listItem\",\"position\":2,\"name\":\"Geral\",\"item\":\"https:\\\/\\\/www.jornalja.com.br\\\/arquivo\\\/category\\\/geral\\\/\",\"nextItem\":{\"@type\":\"ListItem\",\"@id\":\"https:\\\/\\\/www.jornalja.com.br\\\/arquivo\\\/grupo-de-pesquisa-teatral-leva-samuel-beckett-a-rua-da-praia\\\/#listItem\",\"name\":\"Grupo de pesquisa teatral leva Samuel Beckett \\u00e0 Rua da Praia\"},\"previousItem\":{\"@type\":\"ListItem\",\"@id\":\"https:\\\/\\\/www.jornalja.com.br\\\/arquivo#listItem\",\"name\":\"Home\"}},{\"@type\":\"ListItem\",\"@id\":\"https:\\\/\\\/www.jornalja.com.br\\\/arquivo\\\/grupo-de-pesquisa-teatral-leva-samuel-beckett-a-rua-da-praia\\\/#listItem\",\"position\":3,\"name\":\"Grupo de pesquisa teatral leva Samuel Beckett \\u00e0 Rua da Praia\",\"previousItem\":{\"@type\":\"ListItem\",\"@id\":\"https:\\\/\\\/www.jornalja.com.br\\\/arquivo\\\/category\\\/geral\\\/#listItem\",\"name\":\"Geral\"}}]},{\"@type\":\"Organization\",\"@id\":\"https:\\\/\\\/www.jornalja.com.br\\\/arquivo\\\/#organization\",\"name\":\"Jornal J\\u00c1\",\"description\":\"Jornal J\\u00c1 | Porto Alegre\",\"url\":\"https:\\\/\\\/www.jornalja.com.br\\\/arquivo\\\/\",\"telephone\":\"+555133307272\",\"logo\":{\"@type\":\"ImageObject\",\"url\":\"https:\\\/\\\/www.jornalja.com.br\\\/wp-content\\\/uploads\\\/cards\\\/JAslogan.png\",\"@id\":\"https:\\\/\\\/www.jornalja.com.br\\\/arquivo\\\/grupo-de-pesquisa-teatral-leva-samuel-beckett-a-rua-da-praia\\\/#organizationLogo\"},\"image\":{\"@id\":\"https:\\\/\\\/www.jornalja.com.br\\\/arquivo\\\/grupo-de-pesquisa-teatral-leva-samuel-beckett-a-rua-da-praia\\\/#organizationLogo\"}},{\"@type\":\"Person\",\"@id\":\"https:\\\/\\\/www.jornalja.com.br\\\/arquivo\\\/author\\\/daredacao\\\/#author\",\"url\":\"https:\\\/\\\/www.jornalja.com.br\\\/arquivo\\\/author\\\/daredacao\\\/\",\"name\":\"da Reda\\u00e7\\u00e3o\",\"image\":{\"@type\":\"ImageObject\",\"@id\":\"https:\\\/\\\/www.jornalja.com.br\\\/arquivo\\\/grupo-de-pesquisa-teatral-leva-samuel-beckett-a-rua-da-praia\\\/#authorImage\",\"url\":\"https:\\\/\\\/secure.gravatar.com\\\/avatar\\\/469fd857d6605ad19919d27ed29d35a968a25f6e8fd9318356bbb7f57aae9c65?s=96&d=mm&r=g\",\"width\":96,\"height\":96,\"caption\":\"da Reda\\u00e7\\u00e3o\"}},{\"@type\":\"WebPage\",\"@id\":\"https:\\\/\\\/www.jornalja.com.br\\\/arquivo\\\/grupo-de-pesquisa-teatral-leva-samuel-beckett-a-rua-da-praia\\\/#webpage\",\"url\":\"https:\\\/\\\/www.jornalja.com.br\\\/arquivo\\\/grupo-de-pesquisa-teatral-leva-samuel-beckett-a-rua-da-praia\\\/\",\"name\":\"Grupo de pesquisa teatral leva Samuel Beckett \\u00e0 Rua da Praia | Arquivo\",\"inLanguage\":\"pt-BR\",\"isPartOf\":{\"@id\":\"https:\\\/\\\/www.jornalja.com.br\\\/arquivo\\\/#website\"},\"breadcrumb\":{\"@id\":\"https:\\\/\\\/www.jornalja.com.br\\\/arquivo\\\/grupo-de-pesquisa-teatral-leva-samuel-beckett-a-rua-da-praia\\\/#breadcrumblist\"},\"author\":{\"@id\":\"https:\\\/\\\/www.jornalja.com.br\\\/arquivo\\\/author\\\/daredacao\\\/#author\"},\"creator\":{\"@id\":\"https:\\\/\\\/www.jornalja.com.br\\\/arquivo\\\/author\\\/daredacao\\\/#author\"},\"image\":{\"@type\":\"ImageObject\",\"url\":47244,\"@id\":\"https:\\\/\\\/www.jornalja.com.br\\\/arquivo\\\/grupo-de-pesquisa-teatral-leva-samuel-beckett-a-rua-da-praia\\\/#mainImage\"},\"primaryImageOfPage\":{\"@id\":\"https:\\\/\\\/www.jornalja.com.br\\\/arquivo\\\/grupo-de-pesquisa-teatral-leva-samuel-beckett-a-rua-da-praia\\\/#mainImage\"},\"datePublished\":\"2017-04-14T19:49:02-03:00\",\"dateModified\":\"2017-04-14T19:49:02-03:00\"},{\"@type\":\"WebSite\",\"@id\":\"https:\\\/\\\/www.jornalja.com.br\\\/arquivo\\\/#website\",\"url\":\"https:\\\/\\\/www.jornalja.com.br\\\/arquivo\\\/\",\"name\":\"Arquivo\",\"description\":\"Jornal J\\u00c1 | Porto Alegre\",\"inLanguage\":\"pt-BR\",\"publisher\":{\"@id\":\"https:\\\/\\\/www.jornalja.com.br\\\/arquivo\\\/#organization\"}}]}\n\t\t<\/script>\n\t\t<!-- All in One SEO -->\n\n","aioseo_head_json":{"title":"Grupo de pesquisa teatral leva Samuel Beckett \u00e0 Rua da Praia | Arquivo","description":"","canonical_url":"https:\/\/www.jornalja.com.br\/arquivo\/grupo-de-pesquisa-teatral-leva-samuel-beckett-a-rua-da-praia\/","robots":"max-image-preview:large","keywords":"","webmasterTools":{"miscellaneous":""},"schema":{"@context":"https:\/\/schema.org","@graph":[{"@type":"BlogPosting","@id":"https:\/\/www.jornalja.com.br\/arquivo\/grupo-de-pesquisa-teatral-leva-samuel-beckett-a-rua-da-praia\/#blogposting","name":"Grupo de pesquisa teatral leva Samuel Beckett \u00e0 Rua da Praia | Arquivo","headline":"Grupo de pesquisa teatral leva Samuel Beckett \u00e0 Rua da Praia","author":{"@id":"https:\/\/www.jornalja.com.br\/arquivo\/author\/daredacao\/#author"},"publisher":{"@id":"https:\/\/www.jornalja.com.br\/arquivo\/#organization"},"image":{"@type":"ImageObject","url":47244},"datePublished":"2017-04-14T19:49:02-03:00","dateModified":"2017-04-14T19:49:02-03:00","inLanguage":"pt-BR","mainEntityOfPage":{"@id":"https:\/\/www.jornalja.com.br\/arquivo\/grupo-de-pesquisa-teatral-leva-samuel-beckett-a-rua-da-praia\/#webpage"},"isPartOf":{"@id":"https:\/\/www.jornalja.com.br\/arquivo\/grupo-de-pesquisa-teatral-leva-samuel-beckett-a-rua-da-praia\/#webpage"},"articleSection":"Geral"},{"@type":"BreadcrumbList","@id":"https:\/\/www.jornalja.com.br\/arquivo\/grupo-de-pesquisa-teatral-leva-samuel-beckett-a-rua-da-praia\/#breadcrumblist","itemListElement":[{"@type":"ListItem","@id":"https:\/\/www.jornalja.com.br\/arquivo#listItem","position":1,"name":"Home","item":"https:\/\/www.jornalja.com.br\/arquivo","nextItem":{"@type":"ListItem","@id":"https:\/\/www.jornalja.com.br\/arquivo\/category\/geral\/#listItem","name":"Geral"}},{"@type":"ListItem","@id":"https:\/\/www.jornalja.com.br\/arquivo\/category\/geral\/#listItem","position":2,"name":"Geral","item":"https:\/\/www.jornalja.com.br\/arquivo\/category\/geral\/","nextItem":{"@type":"ListItem","@id":"https:\/\/www.jornalja.com.br\/arquivo\/grupo-de-pesquisa-teatral-leva-samuel-beckett-a-rua-da-praia\/#listItem","name":"Grupo de pesquisa teatral leva Samuel Beckett \u00e0 Rua da Praia"},"previousItem":{"@type":"ListItem","@id":"https:\/\/www.jornalja.com.br\/arquivo#listItem","name":"Home"}},{"@type":"ListItem","@id":"https:\/\/www.jornalja.com.br\/arquivo\/grupo-de-pesquisa-teatral-leva-samuel-beckett-a-rua-da-praia\/#listItem","position":3,"name":"Grupo de pesquisa teatral leva Samuel Beckett \u00e0 Rua da Praia","previousItem":{"@type":"ListItem","@id":"https:\/\/www.jornalja.com.br\/arquivo\/category\/geral\/#listItem","name":"Geral"}}]},{"@type":"Organization","@id":"https:\/\/www.jornalja.com.br\/arquivo\/#organization","name":"Jornal J\u00c1","description":"Jornal J\u00c1 | Porto Alegre","url":"https:\/\/www.jornalja.com.br\/arquivo\/","telephone":"+555133307272","logo":{"@type":"ImageObject","url":"https:\/\/www.jornalja.com.br\/wp-content\/uploads\/cards\/JAslogan.png","@id":"https:\/\/www.jornalja.com.br\/arquivo\/grupo-de-pesquisa-teatral-leva-samuel-beckett-a-rua-da-praia\/#organizationLogo"},"image":{"@id":"https:\/\/www.jornalja.com.br\/arquivo\/grupo-de-pesquisa-teatral-leva-samuel-beckett-a-rua-da-praia\/#organizationLogo"}},{"@type":"Person","@id":"https:\/\/www.jornalja.com.br\/arquivo\/author\/daredacao\/#author","url":"https:\/\/www.jornalja.com.br\/arquivo\/author\/daredacao\/","name":"da Reda\u00e7\u00e3o","image":{"@type":"ImageObject","@id":"https:\/\/www.jornalja.com.br\/arquivo\/grupo-de-pesquisa-teatral-leva-samuel-beckett-a-rua-da-praia\/#authorImage","url":"https:\/\/secure.gravatar.com\/avatar\/469fd857d6605ad19919d27ed29d35a968a25f6e8fd9318356bbb7f57aae9c65?s=96&d=mm&r=g","width":96,"height":96,"caption":"da Reda\u00e7\u00e3o"}},{"@type":"WebPage","@id":"https:\/\/www.jornalja.com.br\/arquivo\/grupo-de-pesquisa-teatral-leva-samuel-beckett-a-rua-da-praia\/#webpage","url":"https:\/\/www.jornalja.com.br\/arquivo\/grupo-de-pesquisa-teatral-leva-samuel-beckett-a-rua-da-praia\/","name":"Grupo de pesquisa teatral leva Samuel Beckett \u00e0 Rua da Praia | Arquivo","inLanguage":"pt-BR","isPartOf":{"@id":"https:\/\/www.jornalja.com.br\/arquivo\/#website"},"breadcrumb":{"@id":"https:\/\/www.jornalja.com.br\/arquivo\/grupo-de-pesquisa-teatral-leva-samuel-beckett-a-rua-da-praia\/#breadcrumblist"},"author":{"@id":"https:\/\/www.jornalja.com.br\/arquivo\/author\/daredacao\/#author"},"creator":{"@id":"https:\/\/www.jornalja.com.br\/arquivo\/author\/daredacao\/#author"},"image":{"@type":"ImageObject","url":47244,"@id":"https:\/\/www.jornalja.com.br\/arquivo\/grupo-de-pesquisa-teatral-leva-samuel-beckett-a-rua-da-praia\/#mainImage"},"primaryImageOfPage":{"@id":"https:\/\/www.jornalja.com.br\/arquivo\/grupo-de-pesquisa-teatral-leva-samuel-beckett-a-rua-da-praia\/#mainImage"},"datePublished":"2017-04-14T19:49:02-03:00","dateModified":"2017-04-14T19:49:02-03:00"},{"@type":"WebSite","@id":"https:\/\/www.jornalja.com.br\/arquivo\/#website","url":"https:\/\/www.jornalja.com.br\/arquivo\/","name":"Arquivo","description":"Jornal J\u00c1 | Porto Alegre","inLanguage":"pt-BR","publisher":{"@id":"https:\/\/www.jornalja.com.br\/arquivo\/#organization"}}]},"og:locale":"pt_BR","og:site_name":"Arquivo | Jornal J\u00c1 | Porto Alegre","og:type":"article","og:title":"Grupo de pesquisa teatral leva Samuel Beckett \u00e0 Rua da Praia | Arquivo","og:url":"https:\/\/www.jornalja.com.br\/arquivo\/grupo-de-pesquisa-teatral-leva-samuel-beckett-a-rua-da-praia\/","og:image":"https:\/\/www.jornalja.com.br\/economics\/wp-content\/uploads\/sites\/11\/2026\/08\/ja-folhaderosto-facebook.jpg","og:image:secure_url":"https:\/\/www.jornalja.com.br\/economics\/wp-content\/uploads\/sites\/11\/2026\/08\/ja-folhaderosto-facebook.jpg","article:published_time":"2017-04-14T22:49:02+00:00","article:modified_time":"2017-04-14T22:49:02+00:00","twitter:card":"summary","twitter:title":"Grupo de pesquisa teatral leva Samuel Beckett \u00e0 Rua da Praia | Arquivo","twitter:image":"https:\/\/www.jornalja.com.br\/economics\/wp-content\/uploads\/sites\/11\/2026\/08\/ja-folhaderosto-facebook.jpg"},"aioseo_meta_data":{"post_id":"47237","title":null,"description":null,"keywords":null,"keyphrases":null,"primary_term":null,"canonical_url":null,"og_title":null,"og_description":null,"og_object_type":"default","og_image_type":"default","og_image_url":null,"og_image_width":null,"og_image_height":null,"og_image_custom_url":null,"og_image_custom_fields":null,"og_video":null,"og_custom_url":null,"og_article_section":null,"og_article_tags":null,"twitter_use_og":false,"twitter_card":"default","twitter_image_type":"default","twitter_image_url":null,"twitter_image_custom_url":null,"twitter_image_custom_fields":null,"twitter_title":null,"twitter_description":null,"schema":{"blockGraphs":[],"customGraphs":[],"default":{"data":{"Article":[],"Course":[],"Dataset":[],"FAQPage":[],"Movie":[],"Person":[],"Product":[],"ProductReview":[],"Car":[],"Recipe":[],"Service":[],"SoftwareApplication":[],"WebPage":[]},"graphName":"","isEnabled":true},"graphs":[],"defaultGraph":"","defaultPostTypeGraph":""},"schema_type":null,"schema_type_options":null,"pillar_content":false,"robots_default":true,"robots_noindex":false,"robots_noarchive":false,"robots_nosnippet":false,"robots_nofollow":false,"robots_noimageindex":false,"robots_noodp":false,"robots_notranslate":false,"robots_max_snippet":null,"robots_max_videopreview":null,"robots_max_imagepreview":"large","priority":null,"frequency":null,"location":null,"local_seo":null,"breadcrumb_settings":null,"limit_modified_date":false,"ai":null,"created":"2020-12-20 20:37:39","updated":"2025-07-19 21:02:31","seo_analyzer_scan_date":null,"focus_keyword":null,"additional_keywords":null,"truseo_locale":null},"jetpack_sharing_enabled":true,"jetpack-related-posts":[{"id":14241,"url":"https:\/\/www.jornalja.com.br\/arquivo\/o-guaiba-nas-imagens-poeticas-de-achutti\/","url_meta":{"origin":47237,"position":0},"title":"O Gua\u00edba nas imagens po\u00e9ticas de Achutti","author":"da Reda\u00e7\u00e3o","date":"18 de junho de 2014","format":false,"excerpt":"Em \u201cO Gua\u00edba por Achutti\u201d \u2013 obra financiada via Minist\u00e9rio da Cultura, produ\u00e7\u00e3o executiva de Pedro Longhi, e Fl\u00e1vio Wild como designer \u2013, o fot\u00f3grafo revela a beleza e as mazelas de um espa\u00e7o aqu\u00e1tico de \u00e1guas sempre renovadas, cheio de hist\u00f3rias e lendas como as das cidades que foram\u2026","rel":"","context":"Em &quot;Cultura-Geral&quot;","block_context":{"text":"Cultura-Geral","link":"https:\/\/www.jornalja.com.br\/arquivo\/category\/materiasecundaria\/"},"img":{"alt_text":"","src":"","width":0,"height":0},"classes":[]},{"id":13101,"url":"https:\/\/www.jornalja.com.br\/arquivo\/morre-um-guerreiro-do-texto\/","url_meta":{"origin":47237,"position":1},"title":"Morre um guerreiro do texto","author":"Patr\u00edcia Marini","date":"14 de maio de 2014","format":false,"excerpt":"Por Ricardo Kotscho Reproduzido do blog do autor, 11\/5\/2014; t\u00edtulo original \u201cE l\u00e1 se foi o nosso Myltainho, guerreiro do texto\u201d. Mi\u00fado e franzino, meu amigo Myltainho era um valente e inconformado guerreiro na luta contra as injusti\u00e7as sociais, a hipocrisia, as maracutaias, o autoritarismo, a intoler\u00e2ncia, a viol\u00eancia, o\u2026","rel":"","context":"Em &quot;Geral&quot;","block_context":{"text":"Geral","link":"https:\/\/www.jornalja.com.br\/arquivo\/category\/geral\/"},"img":{"alt_text":"","src":"","width":0,"height":0},"classes":[]},{"id":5440,"url":"https:\/\/www.jornalja.com.br\/arquivo\/casarao-da-venancio-destino-permanece-incerto\/","url_meta":{"origin":47237,"position":2},"title":"Estado ainda n\u00e3o sabe o que fazer com casar\u00e3o abandonado h\u00e1 20 anos","author":"Elmar Bones","date":"6 de julho de 2009","format":false,"excerpt":"O casar\u00e3o amarelo, numa esquina nobre de Porto Alegre (Ven\u00e2ncio Aires com Jo\u00e3o Pessoa), j\u00e1 abrigou uma escola. H\u00e1 duas d\u00e9cadas, pelo menos, est\u00e1 abandonado, porque seu propriet\u00e1rio, o governo do Estado do Rio Grande do Sul, n\u00e3o consegue achar um destino para ele. Planos n\u00e3o faltaram. O governador Ol\u00edvio\u2026","rel":"","context":"Em &quot;X.Categorias velhas&quot;","block_context":{"text":"X.Categorias velhas","link":"https:\/\/www.jornalja.com.br\/arquivo\/category\/x-categorias-velhas\/"},"img":{"alt_text":"geraldo1","src":"https:\/\/i0.wp.com\/www.jornalja.com.br\/wp-content\/uploads\/2009\/07\/geraldo1.jpg?resize=350%2C200&ssl=1","width":350,"height":200},"classes":[]},{"id":13124,"url":"https:\/\/www.jornalja.com.br\/arquivo\/sangue-latino-no-iecine\/","url_meta":{"origin":47237,"position":3},"title":"Sangue latino no IECINE","author":"da Reda\u00e7\u00e3o","date":"18 de maio de 2014","format":false,"excerpt":"Francisco Ribeiro O Instituto Estadual de Cinema (IECINE) tem a frente, desde abril \u00faltimo, um novo diretor, o cineasta colombiano Juan Zapata, 36, que substitui Luiz Alberto Cassol. Radicado h\u00e1 dez anos em Porto Alegre, Zapata tem diante de si o desafio de conduzir at\u00e9 o final do ano um\u2026","rel":"","context":"Em &quot;Cultura-Geral&quot;","block_context":{"text":"Cultura-Geral","link":"https:\/\/www.jornalja.com.br\/arquivo\/category\/materiasecundaria\/"},"img":{"alt_text":"","src":"","width":0,"height":0},"classes":[]},{"id":13240,"url":"https:\/\/www.jornalja.com.br\/arquivo\/plano-diretor-estamos-construindo-o-caos\/","url_meta":{"origin":47237,"position":4},"title":"Plano diretor: &quot;Estamos construindo o caos&quot;","author":"Patr\u00edcia Marini","date":"26 de maio de 2014","format":false,"excerpt":"Desabafo que arquiteta Eliana Castilhos, delegada da Regi\u00e3o de Planejamento 1, postou nas redes sociais \u00e9 um testemunho do ambiente que se criou no Conselho do Plano Diretor de Porto Alegre, onde a aprova\u00e7\u00e3o de grandes empreendimentos \u00e9 empurrada guela abaixo dos conselheiros. Ao CMDUA Como delegada da Regi\u00e3o de\u2026","rel":"","context":"Em &quot;Geral&quot;","block_context":{"text":"Geral","link":"https:\/\/www.jornalja.com.br\/arquivo\/category\/geral\/"},"img":{"alt_text":"","src":"","width":0,"height":0},"classes":[]},{"id":12960,"url":"https:\/\/www.jornalja.com.br\/arquivo\/populacao-culpa-empresas-pela-greve-dos-rodoviarios\/","url_meta":{"origin":47237,"position":5},"title":"Popula\u00e7\u00e3o culpa empresas pela greve","author":"Patr\u00edcia Marini","date":"14 de fevereiro de 2014","format":false,"excerpt":"Pesquisa divulgada na edi\u00e7\u00e3o do jornal Metro desta sexta-feira,14, comprova o velho ditado: \u00e9 poss\u00edvel enganar muitos por algum tempo, mas n\u00e3o \u00e9 poss\u00edvel enganar a todos o tempo inteiro. A principal revela\u00e7\u00e3o foi que 59,8% dos entrevistados apontaram as empresas como as principais respons\u00e1veis pela grave e 46% culparam\u2026","rel":"","context":"Em &quot;X.Categorias velhas&quot;","block_context":{"text":"X.Categorias velhas","link":"https:\/\/www.jornalja.com.br\/arquivo\/category\/x-categorias-velhas\/"},"img":{"alt_text":"","src":"","width":0,"height":0},"classes":[]}],"jetpack_shortlink":"https:\/\/wp.me\/pbQjBd-chT","jetpack_featured_media_url":"","_links":{"self":[{"href":"https:\/\/www.jornalja.com.br\/arquivo\/wp-json\/wp\/v2\/posts\/47237","targetHints":{"allow":["GET"]}}],"collection":[{"href":"https:\/\/www.jornalja.com.br\/arquivo\/wp-json\/wp\/v2\/posts"}],"about":[{"href":"https:\/\/www.jornalja.com.br\/arquivo\/wp-json\/wp\/v2\/types\/post"}],"author":[{"embeddable":true,"href":"https:\/\/www.jornalja.com.br\/arquivo\/wp-json\/wp\/v2\/users\/4"}],"replies":[{"embeddable":true,"href":"https:\/\/www.jornalja.com.br\/arquivo\/wp-json\/wp\/v2\/comments?post=47237"}],"version-history":[{"count":0,"href":"https:\/\/www.jornalja.com.br\/arquivo\/wp-json\/wp\/v2\/posts\/47237\/revisions"}],"wp:attachment":[{"href":"https:\/\/www.jornalja.com.br\/arquivo\/wp-json\/wp\/v2\/media?parent=47237"}],"wp:term":[{"taxonomy":"category","embeddable":true,"href":"https:\/\/www.jornalja.com.br\/arquivo\/wp-json\/wp\/v2\/categories?post=47237"},{"taxonomy":"post_tag","embeddable":true,"href":"https:\/\/www.jornalja.com.br\/arquivo\/wp-json\/wp\/v2\/tags?post=47237"}],"curies":[{"name":"wp","href":"https:\/\/api.w.org\/{rel}","templated":true}]}}