{"id":47256,"date":"2017-04-17T11:33:32","date_gmt":"2017-04-17T14:33:32","guid":{"rendered":"https:\/\/www.jornalja.com.br\/?p=47256"},"modified":"2017-04-17T11:33:32","modified_gmt":"2017-04-17T14:33:32","slug":"tanto-denunciar-tanto-delatar","status":"publish","type":"post","link":"https:\/\/www.jornalja.com.br\/arquivo\/tanto-denunciar-tanto-delatar\/","title":{"rendered":"Tanto denunciar, tanto delatar"},"content":{"rendered":"<div class=\"m_-1928523125393048548m_7897252600236351014col-lg-8 m_-1928523125393048548m_7897252600236351014col-md-8 m_-1928523125393048548m_7897252600236351014col-sm-8 m_-1928523125393048548m_7897252600236351014col-xs-12\">\n<div class=\"m_-1928523125393048548m_7897252600236351014font_b m_-1928523125393048548m_7897252600236351014font_l\"><span class=\"assina\">Luiz Recena<\/span><\/div>\n<div class=\"m_-1928523125393048548m_7897252600236351014font_b m_-1928523125393048548m_7897252600236351014font_l\"><span class=\"descreve\">Jornalista<\/span><\/div>\n<\/div>\n<div class=\"m_-1928523125393048548m_7897252600236351014font_b m_-1928523125393048548m_7897252600236351014font_l\"><\/div>\n<div class=\"m_-1928523125393048548m_7897252600236351014font_b m_-1928523125393048548m_7897252600236351014font_l\"><\/div>\n<div class=\"m_-1928523125393048548m_7897252600236351014font_b m_-1928523125393048548m_7897252600236351014font_l\"><\/div>\n<div class=\"m_-1928523125393048548m_7897252600236351014col-lg-8 m_-1928523125393048548m_7897252600236351014col-md-8 m_-1928523125393048548m_7897252600236351014col-sm-8 m_-1928523125393048548m_7897252600236351014col-xs-12\">\n<div><strong><em>Tanto denunciar, tanto delatar<\/em><\/strong><\/div>\n<\/div>\n<div class=\"m_-1928523125393048548m_7897252600236351014col-lg-12 m_-1928523125393048548m_7897252600236351014col-md-12 m_-1928523125393048548m_7897252600236351014col-sm-12 m_-1928523125393048548m_7897252600236351014col-xs-12 m_-1928523125393048548m_7897252600236351014font_a\">\n<strong><em>Tanto aceitar, tanto mar, tanto mar<\/em><\/strong><br \/>\nUm fantasma portugu\u00eas ronda o Supremo Tribunal Federal: \u00e9 o fantasma de Gil Vicente, o criador do teatro lusitano e autor, entre outras obras primas, do auto\u00a0<em>Todo Mundo e Ningu\u00e9m<\/em>.<br \/>\nOs inquilinos atuais das togas superiores, que parecem \u00e0s vezes brincar de reuni\u00e3o de condom\u00ednio, ou n\u00e3o leram ou faltaram \u00e0 reuni\u00e3o que discutiu a import\u00e2ncia do teatro portugu\u00eas na forma\u00e7\u00e3o da nossa cultura, tema sempre presente nos semin\u00e1rios que o instituto do superior togado Gilmar Mendes costuma realizar, com patroc\u00ednios, em terras dantes visitadas pela elite nacional, desde os tempos do imenso Portugal.<br \/>\nO auto foi levado \u00e0 cena por vez primeira por ocasi\u00e3o do nascimento do pr\u00edncipe, filho de dom Jo\u00e3o III, em 1532. Gil tinha para permiss\u00e3o matar, digo, permiss\u00e3o real para alguma cr\u00edtica. E n\u00e3o a deixou passar. Todo Mundo \u00e9 um rico mercador, primeiro a entrar em cena, procurando oportunidades e fortuna. Ningu\u00e9m \u00e9 um pobre a fazer perguntas e pensar na vida. Belzebu e o auxiliar Dinato espiam e comentam.<br \/>\nNingu\u00e9m: Que andas tu a\u00ed buscando?<br \/>\nTodo o mundo: Mil cousas ando a buscar :<br \/>\ndelas n\u00e3o posso achar,<br \/>\npor\u00e9m ando porfiano \/por qu\u00e3o bom \u00e9 porfiar.<br \/>\nNingu\u00e9m: Como h\u00e1s nome, cavalheiro?<br \/>\nTodo o Mundo: Eu hei nome Todo Mundo<br \/>\ne meu tempo todo inteiro<br \/>\nsempre \u00e9 buscar dinheiro<br \/>\ne sempre nisto me fundo<br \/>\nNingu\u00e9m: Eu hei nome Ningu\u00e9m,<br \/>\ne busco a consci\u00eancia<br \/>\nBelzebu: Esta \u00e9 boa experi\u00eancia:<br \/>\nDinato, escreve isto bem.<br \/>\nDinato: Que escreverei , companheiro?<br \/>\nBelzebu: Que ningu\u00e9m busca consci\u00eancia,<br \/>\ne todo mundo dinheiro.<br \/>\nNingu\u00e9m: E agora que buscas l\u00e1?<br \/>\nTodo o mundo: Busco honra muito grande.<br \/>\nNingu\u00e9m: E eu virtude, que Deus mande<br \/>\nque tope com ela j\u00e1.<br \/>\nBelzebu: Outra adi\u00e7\u00e3o\u00a0 nos acude:<br \/>\nescreve logo a\u00ed, a fundo<br \/>\nque busca honra todo mundo<br \/>\ne ningu\u00e9m busca virtude.<br \/>\nNingu\u00e9m: Buscas outro mor bem qu&#8217;esse?<br \/>\nTodo o mundo: Busco mais que me louvasse<br \/>\ntudo quanto eu fizesse.<br \/>\nNingu\u00e9m: E eu quem me repreendesse<br \/>\nem cada cousa que errasse.<br \/>\nBelzebu: Escreve mais.<br \/>\nDinato: Que tens sabido?<br \/>\nBelzebu: Que quer em extremo grado<br \/>\ntodo o mundo ser louvado,<br \/>\ne ningu\u00e9m ser repreendido.<br \/>\nNingu\u00e9m: Buscas mais, amigo meu ?<br \/>\nTodo o mundo: busco a vida a quem ma d\u00ea.<br \/>\nNingu\u00e9m: A vida n\u00e3o sei o que \u00e9,<br \/>\na morte conhe\u00e7o eu.<br \/>\nBelzebu: Escreve l\u00e1 outra sorte.<br \/>\nDinato: Que sorte?<br \/>\nBelzebu: Muito garrida:<br \/>\nTodo o Mundo busca a vida<br \/>\ne ningu\u00e9m conhece a morte.<br \/>\nTodo o Mundo: E mais queria o para\u00edso,<br \/>\nsem mo ningu\u00e9m estorvar.<br \/>\nNingu\u00e9m: E eu ponho-me a pagar<br \/>\nquanto devo para isso.<br \/>\nBelzebu: Escreve com muito aviso.<br \/>\nDinato: Que escreverei ?<br \/>\nBelzebu: Escreve<br \/>\nque todo o mundo quer o paraiso<br \/>\ne ningu\u00e9m paga o que deve.<br \/>\nTodo o Mundo: Folgo muito d&#8217;enganar,<br \/>\ne mentir nasceu comigo.<br \/>\nNingu\u00e9m: Eu sempre verdade digo<br \/>\nsem nunca me desviar<br \/>\nBelzebu: Ora escreve l\u00e1, compadre,<br \/>\nn\u00e3o n\u00e3o sejas tu pregui\u00e7oso.<br \/>\nDinato: Qu\u00ea?<br \/>\nBelzebu: Que todo o mundo \u00e9 mentiroso,<br \/>\nE ningu\u00e9m diz a verdade.<br \/>\nNingu\u00e9m: Que mais buscas?<br \/>\nTodo Mundo: Lisonjear.<br \/>\nNingu\u00e9m: Eu sou todo desengano.<br \/>\nBelzebu: Escreve, ande l\u00e1 mano.<br \/>\nDinato : Que me mandas assentar?<br \/>\nBelzebu: P\u00f5e a\u00ed mui declarado,<br \/>\nN\u00e3o te fique no tinteiro:<br \/>\nTodo o mundo \u00e9 lisonjeiro,<br \/>\ne ningu\u00e9m desenganado.<br \/>\nSTF e o togado Fachin completam:<br \/>\nTodo Mundo \u00e9 culpado\/ Ningu\u00e9m deve ser maltratado.<br \/>\n&nbsp;\n<\/div>\n","protected":false},"excerpt":{"rendered":"<p>Luiz Recena Jornalista Tanto denunciar, tanto delatar Tanto aceitar, tanto mar, tanto mar Um fantasma portugu\u00eas ronda o Supremo Tribunal Federal: \u00e9 o fantasma de Gil Vicente, o criador do teatro lusitano e autor, entre outras obras primas, do auto\u00a0Todo Mundo e Ningu\u00e9m. Os inquilinos atuais das togas superiores, que parecem \u00e0s vezes brincar de [&hellip;]<\/p>\n","protected":false},"author":4,"featured_media":0,"comment_status":"open","ping_status":"closed","sticky":false,"template":"","format":"standard","meta":{"_jetpack_newsletter_access":"","_jetpack_dont_email_post_to_subs":false,"_jetpack_newsletter_tier_id":0,"_jetpack_memberships_contains_paywalled_content":false,"_jetpack_feature_clip_id":0,"_jetpack_memberships_contains_paid_content":false,"footnotes":"","jetpack_post_was_ever_published":false},"categories":[10],"tags":[],"class_list":["post-47256","post","type-post","status-publish","format-standard","hentry","category-analiseopiniao"],"aioseo_notices":[],"aioseo_head":"\n\t\t<!-- All in One SEO 5.0.1.1 - aioseo.com -->\n\t<meta name=\"robots\" content=\"max-image-preview:large\" \/>\n\t<meta name=\"author\" content=\"da Reda\u00e7\u00e3o\"\/>\n\t<link rel=\"canonical\" href=\"https:\/\/www.jornalja.com.br\/arquivo\/tanto-denunciar-tanto-delatar\/\" \/>\n\t<meta name=\"generator\" content=\"All in One SEO (AIOSEO) 5.0.1.1\" \/>\n\t\t<meta property=\"og:locale\" content=\"pt_BR\" \/>\n\t\t<meta property=\"og:site_name\" content=\"Arquivo | Jornal J\u00c1 | Porto Alegre\" \/>\n\t\t<meta property=\"og:type\" content=\"article\" \/>\n\t\t<meta property=\"og:title\" content=\"Tanto denunciar, tanto delatar | Arquivo\" \/>\n\t\t<meta property=\"og:url\" content=\"https:\/\/www.jornalja.com.br\/arquivo\/tanto-denunciar-tanto-delatar\/\" \/>\n\t\t<meta property=\"og:image\" content=\"https:\/\/www.jornalja.com.br\/economics\/wp-content\/uploads\/sites\/11\/2026\/08\/ja-folhaderosto-facebook.jpg\" \/>\n\t\t<meta property=\"og:image:secure_url\" content=\"https:\/\/www.jornalja.com.br\/economics\/wp-content\/uploads\/sites\/11\/2026\/08\/ja-folhaderosto-facebook.jpg\" \/>\n\t\t<meta property=\"article:published_time\" content=\"2017-04-17T14:33:32+00:00\" \/>\n\t\t<meta property=\"article:modified_time\" content=\"2017-04-17T14:33:32+00:00\" \/>\n\t\t<meta name=\"twitter:card\" content=\"summary\" \/>\n\t\t<meta name=\"twitter:title\" content=\"Tanto denunciar, tanto delatar | Arquivo\" \/>\n\t\t<meta name=\"twitter:image\" content=\"https:\/\/www.jornalja.com.br\/economics\/wp-content\/uploads\/sites\/11\/2026\/08\/ja-folhaderosto-facebook.jpg\" \/>\n\t\t<script type=\"application\/ld+json\" class=\"aioseo-schema\">\n\t\t\t{\"@context\":\"https:\\\/\\\/schema.org\",\"@graph\":[{\"@type\":\"BlogPosting\",\"@id\":\"https:\\\/\\\/www.jornalja.com.br\\\/arquivo\\\/tanto-denunciar-tanto-delatar\\\/#blogposting\",\"name\":\"Tanto denunciar, tanto delatar | Arquivo\",\"headline\":\"Tanto denunciar, tanto delatar\",\"author\":{\"@id\":\"https:\\\/\\\/www.jornalja.com.br\\\/arquivo\\\/author\\\/daredacao\\\/#author\"},\"publisher\":{\"@id\":\"https:\\\/\\\/www.jornalja.com.br\\\/arquivo\\\/#organization\"},\"image\":{\"@type\":\"ImageObject\",\"url\":\"https:\\\/\\\/www.jornalja.com.br\\\/wp-content\\\/uploads\\\/cards\\\/JAslogan.png\",\"@id\":\"https:\\\/\\\/www.jornalja.com.br\\\/arquivo\\\/#articleImage\"},\"datePublished\":\"2017-04-17T11:33:32-03:00\",\"dateModified\":\"2017-04-17T11:33:32-03:00\",\"inLanguage\":\"pt-BR\",\"mainEntityOfPage\":{\"@id\":\"https:\\\/\\\/www.jornalja.com.br\\\/arquivo\\\/tanto-denunciar-tanto-delatar\\\/#webpage\"},\"isPartOf\":{\"@id\":\"https:\\\/\\\/www.jornalja.com.br\\\/arquivo\\\/tanto-denunciar-tanto-delatar\\\/#webpage\"},\"articleSection\":\"AN\\u00c1LISE&amp;OPINI\\u00c3O\"},{\"@type\":\"BreadcrumbList\",\"@id\":\"https:\\\/\\\/www.jornalja.com.br\\\/arquivo\\\/tanto-denunciar-tanto-delatar\\\/#breadcrumblist\",\"itemListElement\":[{\"@type\":\"ListItem\",\"@id\":\"https:\\\/\\\/www.jornalja.com.br\\\/arquivo#listItem\",\"position\":1,\"name\":\"Home\",\"item\":\"https:\\\/\\\/www.jornalja.com.br\\\/arquivo\",\"nextItem\":{\"@type\":\"ListItem\",\"@id\":\"https:\\\/\\\/www.jornalja.com.br\\\/arquivo\\\/category\\\/analiseopiniao\\\/#listItem\",\"name\":\"AN\\u00c1LISE&amp;OPINI\\u00c3O\"}},{\"@type\":\"ListItem\",\"@id\":\"https:\\\/\\\/www.jornalja.com.br\\\/arquivo\\\/category\\\/analiseopiniao\\\/#listItem\",\"position\":2,\"name\":\"AN\\u00c1LISE&amp;OPINI\\u00c3O\",\"item\":\"https:\\\/\\\/www.jornalja.com.br\\\/arquivo\\\/category\\\/analiseopiniao\\\/\",\"nextItem\":{\"@type\":\"ListItem\",\"@id\":\"https:\\\/\\\/www.jornalja.com.br\\\/arquivo\\\/tanto-denunciar-tanto-delatar\\\/#listItem\",\"name\":\"Tanto denunciar, tanto delatar\"},\"previousItem\":{\"@type\":\"ListItem\",\"@id\":\"https:\\\/\\\/www.jornalja.com.br\\\/arquivo#listItem\",\"name\":\"Home\"}},{\"@type\":\"ListItem\",\"@id\":\"https:\\\/\\\/www.jornalja.com.br\\\/arquivo\\\/tanto-denunciar-tanto-delatar\\\/#listItem\",\"position\":3,\"name\":\"Tanto denunciar, tanto delatar\",\"previousItem\":{\"@type\":\"ListItem\",\"@id\":\"https:\\\/\\\/www.jornalja.com.br\\\/arquivo\\\/category\\\/analiseopiniao\\\/#listItem\",\"name\":\"AN\\u00c1LISE&amp;OPINI\\u00c3O\"}}]},{\"@type\":\"Organization\",\"@id\":\"https:\\\/\\\/www.jornalja.com.br\\\/arquivo\\\/#organization\",\"name\":\"Jornal J\\u00c1\",\"description\":\"Jornal J\\u00c1 | Porto Alegre\",\"url\":\"https:\\\/\\\/www.jornalja.com.br\\\/arquivo\\\/\",\"telephone\":\"+555133307272\",\"logo\":{\"@type\":\"ImageObject\",\"url\":\"https:\\\/\\\/www.jornalja.com.br\\\/wp-content\\\/uploads\\\/cards\\\/JAslogan.png\",\"@id\":\"https:\\\/\\\/www.jornalja.com.br\\\/arquivo\\\/tanto-denunciar-tanto-delatar\\\/#organizationLogo\"},\"image\":{\"@id\":\"https:\\\/\\\/www.jornalja.com.br\\\/arquivo\\\/tanto-denunciar-tanto-delatar\\\/#organizationLogo\"}},{\"@type\":\"Person\",\"@id\":\"https:\\\/\\\/www.jornalja.com.br\\\/arquivo\\\/author\\\/daredacao\\\/#author\",\"url\":\"https:\\\/\\\/www.jornalja.com.br\\\/arquivo\\\/author\\\/daredacao\\\/\",\"name\":\"da Reda\\u00e7\\u00e3o\",\"image\":{\"@type\":\"ImageObject\",\"@id\":\"https:\\\/\\\/www.jornalja.com.br\\\/arquivo\\\/tanto-denunciar-tanto-delatar\\\/#authorImage\",\"url\":\"https:\\\/\\\/secure.gravatar.com\\\/avatar\\\/469fd857d6605ad19919d27ed29d35a968a25f6e8fd9318356bbb7f57aae9c65?s=96&d=mm&r=g\",\"width\":96,\"height\":96,\"caption\":\"da Reda\\u00e7\\u00e3o\"}},{\"@type\":\"WebPage\",\"@id\":\"https:\\\/\\\/www.jornalja.com.br\\\/arquivo\\\/tanto-denunciar-tanto-delatar\\\/#webpage\",\"url\":\"https:\\\/\\\/www.jornalja.com.br\\\/arquivo\\\/tanto-denunciar-tanto-delatar\\\/\",\"name\":\"Tanto denunciar, tanto delatar | Arquivo\",\"inLanguage\":\"pt-BR\",\"isPartOf\":{\"@id\":\"https:\\\/\\\/www.jornalja.com.br\\\/arquivo\\\/#website\"},\"breadcrumb\":{\"@id\":\"https:\\\/\\\/www.jornalja.com.br\\\/arquivo\\\/tanto-denunciar-tanto-delatar\\\/#breadcrumblist\"},\"author\":{\"@id\":\"https:\\\/\\\/www.jornalja.com.br\\\/arquivo\\\/author\\\/daredacao\\\/#author\"},\"creator\":{\"@id\":\"https:\\\/\\\/www.jornalja.com.br\\\/arquivo\\\/author\\\/daredacao\\\/#author\"},\"datePublished\":\"2017-04-17T11:33:32-03:00\",\"dateModified\":\"2017-04-17T11:33:32-03:00\"},{\"@type\":\"WebSite\",\"@id\":\"https:\\\/\\\/www.jornalja.com.br\\\/arquivo\\\/#website\",\"url\":\"https:\\\/\\\/www.jornalja.com.br\\\/arquivo\\\/\",\"name\":\"Arquivo\",\"description\":\"Jornal J\\u00c1 | Porto Alegre\",\"inLanguage\":\"pt-BR\",\"publisher\":{\"@id\":\"https:\\\/\\\/www.jornalja.com.br\\\/arquivo\\\/#organization\"}}]}\n\t\t<\/script>\n\t\t<!-- All in One SEO -->\n\n","aioseo_head_json":{"title":"Tanto denunciar, tanto delatar | Arquivo","description":"","canonical_url":"https:\/\/www.jornalja.com.br\/arquivo\/tanto-denunciar-tanto-delatar\/","robots":"max-image-preview:large","keywords":"","webmasterTools":{"miscellaneous":""},"schema":{"@context":"https:\/\/schema.org","@graph":[{"@type":"BlogPosting","@id":"https:\/\/www.jornalja.com.br\/arquivo\/tanto-denunciar-tanto-delatar\/#blogposting","name":"Tanto denunciar, tanto delatar | Arquivo","headline":"Tanto denunciar, tanto delatar","author":{"@id":"https:\/\/www.jornalja.com.br\/arquivo\/author\/daredacao\/#author"},"publisher":{"@id":"https:\/\/www.jornalja.com.br\/arquivo\/#organization"},"image":{"@type":"ImageObject","url":"https:\/\/www.jornalja.com.br\/wp-content\/uploads\/cards\/JAslogan.png","@id":"https:\/\/www.jornalja.com.br\/arquivo\/#articleImage"},"datePublished":"2017-04-17T11:33:32-03:00","dateModified":"2017-04-17T11:33:32-03:00","inLanguage":"pt-BR","mainEntityOfPage":{"@id":"https:\/\/www.jornalja.com.br\/arquivo\/tanto-denunciar-tanto-delatar\/#webpage"},"isPartOf":{"@id":"https:\/\/www.jornalja.com.br\/arquivo\/tanto-denunciar-tanto-delatar\/#webpage"},"articleSection":"AN\u00c1LISE&amp;OPINI\u00c3O"},{"@type":"BreadcrumbList","@id":"https:\/\/www.jornalja.com.br\/arquivo\/tanto-denunciar-tanto-delatar\/#breadcrumblist","itemListElement":[{"@type":"ListItem","@id":"https:\/\/www.jornalja.com.br\/arquivo#listItem","position":1,"name":"Home","item":"https:\/\/www.jornalja.com.br\/arquivo","nextItem":{"@type":"ListItem","@id":"https:\/\/www.jornalja.com.br\/arquivo\/category\/analiseopiniao\/#listItem","name":"AN\u00c1LISE&amp;OPINI\u00c3O"}},{"@type":"ListItem","@id":"https:\/\/www.jornalja.com.br\/arquivo\/category\/analiseopiniao\/#listItem","position":2,"name":"AN\u00c1LISE&amp;OPINI\u00c3O","item":"https:\/\/www.jornalja.com.br\/arquivo\/category\/analiseopiniao\/","nextItem":{"@type":"ListItem","@id":"https:\/\/www.jornalja.com.br\/arquivo\/tanto-denunciar-tanto-delatar\/#listItem","name":"Tanto denunciar, tanto delatar"},"previousItem":{"@type":"ListItem","@id":"https:\/\/www.jornalja.com.br\/arquivo#listItem","name":"Home"}},{"@type":"ListItem","@id":"https:\/\/www.jornalja.com.br\/arquivo\/tanto-denunciar-tanto-delatar\/#listItem","position":3,"name":"Tanto denunciar, tanto delatar","previousItem":{"@type":"ListItem","@id":"https:\/\/www.jornalja.com.br\/arquivo\/category\/analiseopiniao\/#listItem","name":"AN\u00c1LISE&amp;OPINI\u00c3O"}}]},{"@type":"Organization","@id":"https:\/\/www.jornalja.com.br\/arquivo\/#organization","name":"Jornal J\u00c1","description":"Jornal J\u00c1 | Porto Alegre","url":"https:\/\/www.jornalja.com.br\/arquivo\/","telephone":"+555133307272","logo":{"@type":"ImageObject","url":"https:\/\/www.jornalja.com.br\/wp-content\/uploads\/cards\/JAslogan.png","@id":"https:\/\/www.jornalja.com.br\/arquivo\/tanto-denunciar-tanto-delatar\/#organizationLogo"},"image":{"@id":"https:\/\/www.jornalja.com.br\/arquivo\/tanto-denunciar-tanto-delatar\/#organizationLogo"}},{"@type":"Person","@id":"https:\/\/www.jornalja.com.br\/arquivo\/author\/daredacao\/#author","url":"https:\/\/www.jornalja.com.br\/arquivo\/author\/daredacao\/","name":"da Reda\u00e7\u00e3o","image":{"@type":"ImageObject","@id":"https:\/\/www.jornalja.com.br\/arquivo\/tanto-denunciar-tanto-delatar\/#authorImage","url":"https:\/\/secure.gravatar.com\/avatar\/469fd857d6605ad19919d27ed29d35a968a25f6e8fd9318356bbb7f57aae9c65?s=96&d=mm&r=g","width":96,"height":96,"caption":"da Reda\u00e7\u00e3o"}},{"@type":"WebPage","@id":"https:\/\/www.jornalja.com.br\/arquivo\/tanto-denunciar-tanto-delatar\/#webpage","url":"https:\/\/www.jornalja.com.br\/arquivo\/tanto-denunciar-tanto-delatar\/","name":"Tanto denunciar, tanto delatar | Arquivo","inLanguage":"pt-BR","isPartOf":{"@id":"https:\/\/www.jornalja.com.br\/arquivo\/#website"},"breadcrumb":{"@id":"https:\/\/www.jornalja.com.br\/arquivo\/tanto-denunciar-tanto-delatar\/#breadcrumblist"},"author":{"@id":"https:\/\/www.jornalja.com.br\/arquivo\/author\/daredacao\/#author"},"creator":{"@id":"https:\/\/www.jornalja.com.br\/arquivo\/author\/daredacao\/#author"},"datePublished":"2017-04-17T11:33:32-03:00","dateModified":"2017-04-17T11:33:32-03:00"},{"@type":"WebSite","@id":"https:\/\/www.jornalja.com.br\/arquivo\/#website","url":"https:\/\/www.jornalja.com.br\/arquivo\/","name":"Arquivo","description":"Jornal J\u00c1 | Porto Alegre","inLanguage":"pt-BR","publisher":{"@id":"https:\/\/www.jornalja.com.br\/arquivo\/#organization"}}]},"og:locale":"pt_BR","og:site_name":"Arquivo | Jornal J\u00c1 | Porto Alegre","og:type":"article","og:title":"Tanto denunciar, tanto delatar | Arquivo","og:url":"https:\/\/www.jornalja.com.br\/arquivo\/tanto-denunciar-tanto-delatar\/","og:image":"https:\/\/www.jornalja.com.br\/economics\/wp-content\/uploads\/sites\/11\/2026\/08\/ja-folhaderosto-facebook.jpg","og:image:secure_url":"https:\/\/www.jornalja.com.br\/economics\/wp-content\/uploads\/sites\/11\/2026\/08\/ja-folhaderosto-facebook.jpg","article:published_time":"2017-04-17T14:33:32+00:00","article:modified_time":"2017-04-17T14:33:32+00:00","twitter:card":"summary","twitter:title":"Tanto denunciar, tanto delatar | Arquivo","twitter:image":"https:\/\/www.jornalja.com.br\/economics\/wp-content\/uploads\/sites\/11\/2026\/08\/ja-folhaderosto-facebook.jpg"},"aioseo_meta_data":{"post_id":"47256","title":null,"description":null,"keywords":null,"keyphrases":null,"primary_term":null,"canonical_url":null,"og_title":null,"og_description":null,"og_object_type":"default","og_image_type":"default","og_image_url":null,"og_image_width":null,"og_image_height":null,"og_image_custom_url":null,"og_image_custom_fields":null,"og_video":null,"og_custom_url":null,"og_article_section":null,"og_article_tags":null,"twitter_use_og":false,"twitter_card":"default","twitter_image_type":"default","twitter_image_url":null,"twitter_image_custom_url":null,"twitter_image_custom_fields":null,"twitter_title":null,"twitter_description":null,"schema":{"blockGraphs":[],"customGraphs":[],"default":{"data":{"Article":[],"Course":[],"Dataset":[],"FAQPage":[],"Movie":[],"Person":[],"Product":[],"ProductReview":[],"Car":[],"Recipe":[],"Service":[],"SoftwareApplication":[],"WebPage":[]},"graphName":"","isEnabled":true},"graphs":[],"defaultGraph":"","defaultPostTypeGraph":""},"schema_type":null,"schema_type_options":null,"pillar_content":false,"robots_default":true,"robots_noindex":false,"robots_noarchive":false,"robots_nosnippet":false,"robots_nofollow":false,"robots_noimageindex":false,"robots_noodp":false,"robots_notranslate":false,"robots_max_snippet":null,"robots_max_videopreview":null,"robots_max_imagepreview":"large","priority":null,"frequency":null,"location":null,"local_seo":null,"breadcrumb_settings":null,"limit_modified_date":false,"ai":null,"created":"2020-12-20 20:37:39","updated":"2025-07-19 21:03:22","seo_analyzer_scan_date":null,"focus_keyword":null,"additional_keywords":null,"truseo_locale":null},"jetpack_sharing_enabled":true,"jetpack-related-posts":[{"id":12960,"url":"https:\/\/www.jornalja.com.br\/arquivo\/populacao-culpa-empresas-pela-greve-dos-rodoviarios\/","url_meta":{"origin":47256,"position":0},"title":"Popula\u00e7\u00e3o culpa empresas pela greve","author":"Patr\u00edcia Marini","date":"14 de fevereiro de 2014","format":false,"excerpt":"Pesquisa divulgada na edi\u00e7\u00e3o do jornal Metro desta sexta-feira,14, comprova o velho ditado: \u00e9 poss\u00edvel enganar muitos por algum tempo, mas n\u00e3o \u00e9 poss\u00edvel enganar a todos o tempo inteiro. A principal revela\u00e7\u00e3o foi que 59,8% dos entrevistados apontaram as empresas como as principais respons\u00e1veis pela grave e 46% culparam\u2026","rel":"","context":"Em &quot;X.Categorias velhas&quot;","block_context":{"text":"X.Categorias velhas","link":"https:\/\/www.jornalja.com.br\/arquivo\/category\/x-categorias-velhas\/"},"img":{"alt_text":"","src":"","width":0,"height":0},"classes":[]},{"id":14241,"url":"https:\/\/www.jornalja.com.br\/arquivo\/o-guaiba-nas-imagens-poeticas-de-achutti\/","url_meta":{"origin":47256,"position":1},"title":"O Gua\u00edba nas imagens po\u00e9ticas de Achutti","author":"da Reda\u00e7\u00e3o","date":"18 de junho de 2014","format":false,"excerpt":"Em \u201cO Gua\u00edba por Achutti\u201d \u2013 obra financiada via Minist\u00e9rio da Cultura, produ\u00e7\u00e3o executiva de Pedro Longhi, e Fl\u00e1vio Wild como designer \u2013, o fot\u00f3grafo revela a beleza e as mazelas de um espa\u00e7o aqu\u00e1tico de \u00e1guas sempre renovadas, cheio de hist\u00f3rias e lendas como as das cidades que foram\u2026","rel":"","context":"Em &quot;Cultura-Geral&quot;","block_context":{"text":"Cultura-Geral","link":"https:\/\/www.jornalja.com.br\/arquivo\/category\/materiasecundaria\/"},"img":{"alt_text":"","src":"","width":0,"height":0},"classes":[]},{"id":13101,"url":"https:\/\/www.jornalja.com.br\/arquivo\/morre-um-guerreiro-do-texto\/","url_meta":{"origin":47256,"position":2},"title":"Morre um guerreiro do texto","author":"Patr\u00edcia Marini","date":"14 de maio de 2014","format":false,"excerpt":"Por Ricardo Kotscho Reproduzido do blog do autor, 11\/5\/2014; t\u00edtulo original \u201cE l\u00e1 se foi o nosso Myltainho, guerreiro do texto\u201d. Mi\u00fado e franzino, meu amigo Myltainho era um valente e inconformado guerreiro na luta contra as injusti\u00e7as sociais, a hipocrisia, as maracutaias, o autoritarismo, a intoler\u00e2ncia, a viol\u00eancia, o\u2026","rel":"","context":"Em &quot;Geral&quot;","block_context":{"text":"Geral","link":"https:\/\/www.jornalja.com.br\/arquivo\/category\/geral\/"},"img":{"alt_text":"","src":"","width":0,"height":0},"classes":[]},{"id":13240,"url":"https:\/\/www.jornalja.com.br\/arquivo\/plano-diretor-estamos-construindo-o-caos\/","url_meta":{"origin":47256,"position":3},"title":"Plano diretor: &quot;Estamos construindo o caos&quot;","author":"Patr\u00edcia Marini","date":"26 de maio de 2014","format":false,"excerpt":"Desabafo que arquiteta Eliana Castilhos, delegada da Regi\u00e3o de Planejamento 1, postou nas redes sociais \u00e9 um testemunho do ambiente que se criou no Conselho do Plano Diretor de Porto Alegre, onde a aprova\u00e7\u00e3o de grandes empreendimentos \u00e9 empurrada guela abaixo dos conselheiros. Ao CMDUA Como delegada da Regi\u00e3o de\u2026","rel":"","context":"Em &quot;Geral&quot;","block_context":{"text":"Geral","link":"https:\/\/www.jornalja.com.br\/arquivo\/category\/geral\/"},"img":{"alt_text":"","src":"","width":0,"height":0},"classes":[]},{"id":13124,"url":"https:\/\/www.jornalja.com.br\/arquivo\/sangue-latino-no-iecine\/","url_meta":{"origin":47256,"position":4},"title":"Sangue latino no IECINE","author":"da Reda\u00e7\u00e3o","date":"18 de maio de 2014","format":false,"excerpt":"Francisco Ribeiro O Instituto Estadual de Cinema (IECINE) tem a frente, desde abril \u00faltimo, um novo diretor, o cineasta colombiano Juan Zapata, 36, que substitui Luiz Alberto Cassol. Radicado h\u00e1 dez anos em Porto Alegre, Zapata tem diante de si o desafio de conduzir at\u00e9 o final do ano um\u2026","rel":"","context":"Em &quot;Cultura-Geral&quot;","block_context":{"text":"Cultura-Geral","link":"https:\/\/www.jornalja.com.br\/arquivo\/category\/materiasecundaria\/"},"img":{"alt_text":"","src":"","width":0,"height":0},"classes":[]},{"id":5440,"url":"https:\/\/www.jornalja.com.br\/arquivo\/casarao-da-venancio-destino-permanece-incerto\/","url_meta":{"origin":47256,"position":5},"title":"Estado ainda n\u00e3o sabe o que fazer com casar\u00e3o abandonado h\u00e1 20 anos","author":"Elmar Bones","date":"6 de julho de 2009","format":false,"excerpt":"O casar\u00e3o amarelo, numa esquina nobre de Porto Alegre (Ven\u00e2ncio Aires com Jo\u00e3o Pessoa), j\u00e1 abrigou uma escola. H\u00e1 duas d\u00e9cadas, pelo menos, est\u00e1 abandonado, porque seu propriet\u00e1rio, o governo do Estado do Rio Grande do Sul, n\u00e3o consegue achar um destino para ele. Planos n\u00e3o faltaram. O governador Ol\u00edvio\u2026","rel":"","context":"Em &quot;X.Categorias velhas&quot;","block_context":{"text":"X.Categorias velhas","link":"https:\/\/www.jornalja.com.br\/arquivo\/category\/x-categorias-velhas\/"},"img":{"alt_text":"geraldo1","src":"https:\/\/i0.wp.com\/www.jornalja.com.br\/wp-content\/uploads\/2009\/07\/geraldo1.jpg?resize=350%2C200&ssl=1","width":350,"height":200},"classes":[]}],"jetpack_shortlink":"https:\/\/wp.me\/pbQjBd-cic","jetpack_featured_media_url":"","_links":{"self":[{"href":"https:\/\/www.jornalja.com.br\/arquivo\/wp-json\/wp\/v2\/posts\/47256","targetHints":{"allow":["GET"]}}],"collection":[{"href":"https:\/\/www.jornalja.com.br\/arquivo\/wp-json\/wp\/v2\/posts"}],"about":[{"href":"https:\/\/www.jornalja.com.br\/arquivo\/wp-json\/wp\/v2\/types\/post"}],"author":[{"embeddable":true,"href":"https:\/\/www.jornalja.com.br\/arquivo\/wp-json\/wp\/v2\/users\/4"}],"replies":[{"embeddable":true,"href":"https:\/\/www.jornalja.com.br\/arquivo\/wp-json\/wp\/v2\/comments?post=47256"}],"version-history":[{"count":0,"href":"https:\/\/www.jornalja.com.br\/arquivo\/wp-json\/wp\/v2\/posts\/47256\/revisions"}],"wp:attachment":[{"href":"https:\/\/www.jornalja.com.br\/arquivo\/wp-json\/wp\/v2\/media?parent=47256"}],"wp:term":[{"taxonomy":"category","embeddable":true,"href":"https:\/\/www.jornalja.com.br\/arquivo\/wp-json\/wp\/v2\/categories?post=47256"},{"taxonomy":"post_tag","embeddable":true,"href":"https:\/\/www.jornalja.com.br\/arquivo\/wp-json\/wp\/v2\/tags?post=47256"}],"curies":[{"name":"wp","href":"https:\/\/api.w.org\/{rel}","templated":true}]}}