{"id":47259,"date":"2017-04-16T20:24:36","date_gmt":"2017-04-16T23:24:36","guid":{"rendered":"https:\/\/www.jornalja.com.br\/?p=47259"},"modified":"2017-04-16T20:24:36","modified_gmt":"2017-04-16T23:24:36","slug":"reforma-da-previdencia-no-banco-dos-reus-dos-bancarios-gauchos","status":"publish","type":"post","link":"https:\/\/www.jornalja.com.br\/arquivo\/reforma-da-previdencia-no-banco-dos-reus-dos-bancarios-gauchos\/","title":{"rendered":"Reforma da Previd\u00eancia no banco dos r\u00e9us dos banc\u00e1rios ga\u00fachos"},"content":{"rendered":"<p>Para marcar seus 15 anos de exist\u00eancia, o Grupo de A\u00e7\u00e3o Solid\u00e1ria (GAS) do SindBanc\u00e1rios promove, na manh\u00e3 desta segunda-feira, (17), a encena\u00e7\u00e3o de um j\u00fari popular. No banco dos r\u00e9us, a reforma da Previd\u00eancia em tramita\u00e7\u00e3o na C\u00e2mara Federal.<br \/>\nO GAS\u00a0re\u00fane-se semanalmente, na Casa dos Banc\u00e1rios, para promover a comunica\u00e7\u00e3o entre colegas afastados do trabalho por problemas de sa\u00fade relacionados ao cotidiano profissional. S\u00e3o em torno de 200 pessoas que adoeceram em raz\u00e3o do stress provocado por suas rotinas de trabalho, como press\u00f5es para cumprir metas abusivas.<br \/>\nO julgamento da proposta de reforma da Previd\u00eancia ser\u00e1 a primeira atividade do evento em comemora\u00e7\u00e3o aos 15 anos do GAS. Para o SindBanc\u00e1rios, a reforma \u00e9 &#8220;ataque a direitos dos trabalhadores mais avassalador desde a Consolida\u00e7\u00e3o das Leis do Trabalho (CLT) em 1943&#8221;.<br \/>\nA partir das 9h, no audit\u00f3rio da Fetrafi-RS, um corpo de sete jurados formado por entidades sindicais e de representa\u00e7\u00e3o da sociedade civil ir\u00e1 julgar a reforma da Previd\u00eancia, PEC 287, proposta pelo governo Temer.<br \/>\nO objetivo \u00e9 promover um debate t\u00e9cnico de esclarecimento sobre os pormenores da Reforma da Previd\u00eancia. Segundo a coordenadora de sa\u00fade do SindBanc\u00e1rios e assessora da Fetrafi-RS, Jaceia Netz, a montagem do j\u00fari procurou ser o mais t\u00e9cnica poss\u00edvel para preservar a independ\u00eancia da decis\u00e3o. \u201cO formato do evento \u00e9 similar a um tribunal do j\u00fari que ocorre na Justi\u00e7a comum. Haver\u00e1 espa\u00e7o para a defesa da PEC 287 e para a cr\u00edtica\u201d, explica Jaceia.<br \/>\n<strong>Retrocessos hist\u00f3ricos<\/strong><br \/>\nO presidente do SindBanc\u00e1rios, Everton Gimenis, v\u00ea na proposta retrocessos hist\u00f3ricos, como aposentadoria integral ap\u00f3s 49 anos ininterruptos de trabalho e somente ap\u00f3s os 65 anos de idade para homens e mulheres.<br \/>\n\u201cO formato de j\u00fari popular \u00e9 o mais democr\u00e1tico, porque preserva o espa\u00e7o ao contradit\u00f3rio. A participa\u00e7\u00e3o dos banc\u00e1rios \u00e9 importante para que possamos formar nossa opini\u00e3o sobre os ataques aos direitos que o governo promove em nome do combate a uma crise financeira que ele mesmo criou\u201d, avalia Gimenis.<br \/>\nDentre outras institui\u00e7\u00f5es convidadas, est\u00e3o a OAB, Ajuris, Amatra, Contraf, Fetrafi e MST. Os rganizadores garantem que far\u00e3o parte do j\u00fari pessoas favor\u00e1veis e contr\u00e1rias \u00e0 proposta de reforma, al\u00e9m de ju\u00edzes e outros membros das carreiras jur\u00eddicas.<br \/>\n<strong>Programa\u00e7\u00e3o dos 15 anos do GAS<\/strong><br \/>\nSede da Fetrafi-RS (Rua Fernando Machado, 820, Centro Hist\u00f3rico de Porto Alegre)<br \/>\n9h: J\u00fari Popular: A Reforma da Previd\u00eancia<br \/>\n12h: Lan\u00e7amento do livro: \u201cO Golpe de \u00a02016 e a Reforma da Previd\u00eancia\u201d<br \/>\n12h30: Almo\u00e7o<br \/>\n14h: lan\u00e7amento do videodocument\u00e1rio sobre os 15 anos do GAS.<br \/>\n15h: Reuni\u00e3o ampliada do GAS<br \/>\n16h30: Lan\u00e7amento da cartilha \u201cSa\u00fade no contexto de trabalho banc\u00e1rio\u201d<br \/>\n18h: Coquetel<br \/>\n<em>(Fonte:Imprensa SindBanc\u00e1rios)<\/em><br \/>\n&nbsp;<\/p>\n","protected":false},"excerpt":{"rendered":"<p>Para marcar seus 15 anos de exist\u00eancia, o Grupo de A\u00e7\u00e3o Solid\u00e1ria (GAS) do SindBanc\u00e1rios promove, na manh\u00e3 desta segunda-feira, (17), a encena\u00e7\u00e3o de um j\u00fari popular. No banco dos r\u00e9us, a reforma da Previd\u00eancia em tramita\u00e7\u00e3o na C\u00e2mara Federal. O GAS\u00a0re\u00fane-se semanalmente, na Casa dos Banc\u00e1rios, para promover a comunica\u00e7\u00e3o entre colegas afastados do [&hellip;]<\/p>\n","protected":false},"author":4,"featured_media":47260,"comment_status":"open","ping_status":"closed","sticky":false,"template":"","format":"standard","meta":{"_jetpack_newsletter_access":"","_jetpack_dont_email_post_to_subs":false,"_jetpack_newsletter_tier_id":0,"_jetpack_memberships_contains_paywalled_content":false,"_jetpack_feature_clip_id":0,"_jetpack_memberships_contains_paid_content":false,"footnotes":"","jetpack_post_was_ever_published":false},"categories":[26],"tags":[],"class_list":["post-47259","post","type-post","status-publish","format-standard","has-post-thumbnail","hentry","category-geral"],"aioseo_notices":[],"aioseo_head":"\n\t\t<!-- All in One SEO 5.0.1.1 - aioseo.com -->\n\t<meta name=\"robots\" content=\"max-image-preview:large\" \/>\n\t<meta name=\"author\" content=\"da Reda\u00e7\u00e3o\"\/>\n\t<link rel=\"canonical\" href=\"https:\/\/www.jornalja.com.br\/arquivo\/reforma-da-previdencia-no-banco-dos-reus-dos-bancarios-gauchos\/\" \/>\n\t<meta name=\"generator\" content=\"All in One SEO (AIOSEO) 5.0.1.1\" \/>\n\t\t<meta property=\"og:locale\" content=\"pt_BR\" \/>\n\t\t<meta property=\"og:site_name\" content=\"Arquivo | Jornal J\u00c1 | Porto Alegre\" \/>\n\t\t<meta property=\"og:type\" content=\"article\" \/>\n\t\t<meta property=\"og:title\" content=\"Reforma da Previd\u00eancia no banco dos r\u00e9us dos banc\u00e1rios ga\u00fachos | Arquivo\" \/>\n\t\t<meta property=\"og:url\" content=\"https:\/\/www.jornalja.com.br\/arquivo\/reforma-da-previdencia-no-banco-dos-reus-dos-bancarios-gauchos\/\" \/>\n\t\t<meta property=\"og:image\" content=\"https:\/\/www.jornalja.com.br\/economics\/wp-content\/uploads\/sites\/11\/2026\/08\/ja-folhaderosto-facebook.jpg\" \/>\n\t\t<meta property=\"og:image:secure_url\" content=\"https:\/\/www.jornalja.com.br\/economics\/wp-content\/uploads\/sites\/11\/2026\/08\/ja-folhaderosto-facebook.jpg\" \/>\n\t\t<meta property=\"article:published_time\" content=\"2017-04-16T23:24:36+00:00\" \/>\n\t\t<meta property=\"article:modified_time\" content=\"2017-04-16T23:24:36+00:00\" \/>\n\t\t<meta name=\"twitter:card\" content=\"summary\" \/>\n\t\t<meta name=\"twitter:title\" content=\"Reforma da Previd\u00eancia no banco dos r\u00e9us dos banc\u00e1rios ga\u00fachos | Arquivo\" \/>\n\t\t<meta name=\"twitter:image\" content=\"https:\/\/www.jornalja.com.br\/economics\/wp-content\/uploads\/sites\/11\/2026\/08\/ja-folhaderosto-facebook.jpg\" \/>\n\t\t<script type=\"application\/ld+json\" class=\"aioseo-schema\">\n\t\t\t{\"@context\":\"https:\\\/\\\/schema.org\",\"@graph\":[{\"@type\":\"BlogPosting\",\"@id\":\"https:\\\/\\\/www.jornalja.com.br\\\/arquivo\\\/reforma-da-previdencia-no-banco-dos-reus-dos-bancarios-gauchos\\\/#blogposting\",\"name\":\"Reforma da Previd\\u00eancia no banco dos r\\u00e9us dos banc\\u00e1rios ga\\u00fachos | Arquivo\",\"headline\":\"Reforma da Previd\\u00eancia no banco dos r\\u00e9us dos banc\\u00e1rios ga\\u00fachos\",\"author\":{\"@id\":\"https:\\\/\\\/www.jornalja.com.br\\\/arquivo\\\/author\\\/daredacao\\\/#author\"},\"publisher\":{\"@id\":\"https:\\\/\\\/www.jornalja.com.br\\\/arquivo\\\/#organization\"},\"image\":{\"@type\":\"ImageObject\",\"url\":47260},\"datePublished\":\"2017-04-16T20:24:36-03:00\",\"dateModified\":\"2017-04-16T20:24:36-03:00\",\"inLanguage\":\"pt-BR\",\"mainEntityOfPage\":{\"@id\":\"https:\\\/\\\/www.jornalja.com.br\\\/arquivo\\\/reforma-da-previdencia-no-banco-dos-reus-dos-bancarios-gauchos\\\/#webpage\"},\"isPartOf\":{\"@id\":\"https:\\\/\\\/www.jornalja.com.br\\\/arquivo\\\/reforma-da-previdencia-no-banco-dos-reus-dos-bancarios-gauchos\\\/#webpage\"},\"articleSection\":\"Geral\"},{\"@type\":\"BreadcrumbList\",\"@id\":\"https:\\\/\\\/www.jornalja.com.br\\\/arquivo\\\/reforma-da-previdencia-no-banco-dos-reus-dos-bancarios-gauchos\\\/#breadcrumblist\",\"itemListElement\":[{\"@type\":\"ListItem\",\"@id\":\"https:\\\/\\\/www.jornalja.com.br\\\/arquivo#listItem\",\"position\":1,\"name\":\"Home\",\"item\":\"https:\\\/\\\/www.jornalja.com.br\\\/arquivo\",\"nextItem\":{\"@type\":\"ListItem\",\"@id\":\"https:\\\/\\\/www.jornalja.com.br\\\/arquivo\\\/category\\\/geral\\\/#listItem\",\"name\":\"Geral\"}},{\"@type\":\"ListItem\",\"@id\":\"https:\\\/\\\/www.jornalja.com.br\\\/arquivo\\\/category\\\/geral\\\/#listItem\",\"position\":2,\"name\":\"Geral\",\"item\":\"https:\\\/\\\/www.jornalja.com.br\\\/arquivo\\\/category\\\/geral\\\/\",\"nextItem\":{\"@type\":\"ListItem\",\"@id\":\"https:\\\/\\\/www.jornalja.com.br\\\/arquivo\\\/reforma-da-previdencia-no-banco-dos-reus-dos-bancarios-gauchos\\\/#listItem\",\"name\":\"Reforma da Previd\\u00eancia no banco dos r\\u00e9us dos banc\\u00e1rios ga\\u00fachos\"},\"previousItem\":{\"@type\":\"ListItem\",\"@id\":\"https:\\\/\\\/www.jornalja.com.br\\\/arquivo#listItem\",\"name\":\"Home\"}},{\"@type\":\"ListItem\",\"@id\":\"https:\\\/\\\/www.jornalja.com.br\\\/arquivo\\\/reforma-da-previdencia-no-banco-dos-reus-dos-bancarios-gauchos\\\/#listItem\",\"position\":3,\"name\":\"Reforma da Previd\\u00eancia no banco dos r\\u00e9us dos banc\\u00e1rios ga\\u00fachos\",\"previousItem\":{\"@type\":\"ListItem\",\"@id\":\"https:\\\/\\\/www.jornalja.com.br\\\/arquivo\\\/category\\\/geral\\\/#listItem\",\"name\":\"Geral\"}}]},{\"@type\":\"Organization\",\"@id\":\"https:\\\/\\\/www.jornalja.com.br\\\/arquivo\\\/#organization\",\"name\":\"Jornal J\\u00c1\",\"description\":\"Jornal J\\u00c1 | Porto Alegre\",\"url\":\"https:\\\/\\\/www.jornalja.com.br\\\/arquivo\\\/\",\"telephone\":\"+555133307272\",\"logo\":{\"@type\":\"ImageObject\",\"url\":\"https:\\\/\\\/www.jornalja.com.br\\\/wp-content\\\/uploads\\\/cards\\\/JAslogan.png\",\"@id\":\"https:\\\/\\\/www.jornalja.com.br\\\/arquivo\\\/reforma-da-previdencia-no-banco-dos-reus-dos-bancarios-gauchos\\\/#organizationLogo\"},\"image\":{\"@id\":\"https:\\\/\\\/www.jornalja.com.br\\\/arquivo\\\/reforma-da-previdencia-no-banco-dos-reus-dos-bancarios-gauchos\\\/#organizationLogo\"}},{\"@type\":\"Person\",\"@id\":\"https:\\\/\\\/www.jornalja.com.br\\\/arquivo\\\/author\\\/daredacao\\\/#author\",\"url\":\"https:\\\/\\\/www.jornalja.com.br\\\/arquivo\\\/author\\\/daredacao\\\/\",\"name\":\"da Reda\\u00e7\\u00e3o\",\"image\":{\"@type\":\"ImageObject\",\"@id\":\"https:\\\/\\\/www.jornalja.com.br\\\/arquivo\\\/reforma-da-previdencia-no-banco-dos-reus-dos-bancarios-gauchos\\\/#authorImage\",\"url\":\"https:\\\/\\\/secure.gravatar.com\\\/avatar\\\/469fd857d6605ad19919d27ed29d35a968a25f6e8fd9318356bbb7f57aae9c65?s=96&d=mm&r=g\",\"width\":96,\"height\":96,\"caption\":\"da Reda\\u00e7\\u00e3o\"}},{\"@type\":\"WebPage\",\"@id\":\"https:\\\/\\\/www.jornalja.com.br\\\/arquivo\\\/reforma-da-previdencia-no-banco-dos-reus-dos-bancarios-gauchos\\\/#webpage\",\"url\":\"https:\\\/\\\/www.jornalja.com.br\\\/arquivo\\\/reforma-da-previdencia-no-banco-dos-reus-dos-bancarios-gauchos\\\/\",\"name\":\"Reforma da Previd\\u00eancia no banco dos r\\u00e9us dos banc\\u00e1rios ga\\u00fachos | Arquivo\",\"inLanguage\":\"pt-BR\",\"isPartOf\":{\"@id\":\"https:\\\/\\\/www.jornalja.com.br\\\/arquivo\\\/#website\"},\"breadcrumb\":{\"@id\":\"https:\\\/\\\/www.jornalja.com.br\\\/arquivo\\\/reforma-da-previdencia-no-banco-dos-reus-dos-bancarios-gauchos\\\/#breadcrumblist\"},\"author\":{\"@id\":\"https:\\\/\\\/www.jornalja.com.br\\\/arquivo\\\/author\\\/daredacao\\\/#author\"},\"creator\":{\"@id\":\"https:\\\/\\\/www.jornalja.com.br\\\/arquivo\\\/author\\\/daredacao\\\/#author\"},\"image\":{\"@type\":\"ImageObject\",\"url\":47260,\"@id\":\"https:\\\/\\\/www.jornalja.com.br\\\/arquivo\\\/reforma-da-previdencia-no-banco-dos-reus-dos-bancarios-gauchos\\\/#mainImage\"},\"primaryImageOfPage\":{\"@id\":\"https:\\\/\\\/www.jornalja.com.br\\\/arquivo\\\/reforma-da-previdencia-no-banco-dos-reus-dos-bancarios-gauchos\\\/#mainImage\"},\"datePublished\":\"2017-04-16T20:24:36-03:00\",\"dateModified\":\"2017-04-16T20:24:36-03:00\"},{\"@type\":\"WebSite\",\"@id\":\"https:\\\/\\\/www.jornalja.com.br\\\/arquivo\\\/#website\",\"url\":\"https:\\\/\\\/www.jornalja.com.br\\\/arquivo\\\/\",\"name\":\"Arquivo\",\"description\":\"Jornal J\\u00c1 | Porto Alegre\",\"inLanguage\":\"pt-BR\",\"publisher\":{\"@id\":\"https:\\\/\\\/www.jornalja.com.br\\\/arquivo\\\/#organization\"}}]}\n\t\t<\/script>\n\t\t<!-- All in One SEO -->\n\n","aioseo_head_json":{"title":"Reforma da Previd\u00eancia no banco dos r\u00e9us dos banc\u00e1rios ga\u00fachos | Arquivo","description":"","canonical_url":"https:\/\/www.jornalja.com.br\/arquivo\/reforma-da-previdencia-no-banco-dos-reus-dos-bancarios-gauchos\/","robots":"max-image-preview:large","keywords":"","webmasterTools":{"miscellaneous":""},"schema":{"@context":"https:\/\/schema.org","@graph":[{"@type":"BlogPosting","@id":"https:\/\/www.jornalja.com.br\/arquivo\/reforma-da-previdencia-no-banco-dos-reus-dos-bancarios-gauchos\/#blogposting","name":"Reforma da Previd\u00eancia no banco dos r\u00e9us dos banc\u00e1rios ga\u00fachos | Arquivo","headline":"Reforma da Previd\u00eancia no banco dos r\u00e9us dos banc\u00e1rios ga\u00fachos","author":{"@id":"https:\/\/www.jornalja.com.br\/arquivo\/author\/daredacao\/#author"},"publisher":{"@id":"https:\/\/www.jornalja.com.br\/arquivo\/#organization"},"image":{"@type":"ImageObject","url":47260},"datePublished":"2017-04-16T20:24:36-03:00","dateModified":"2017-04-16T20:24:36-03:00","inLanguage":"pt-BR","mainEntityOfPage":{"@id":"https:\/\/www.jornalja.com.br\/arquivo\/reforma-da-previdencia-no-banco-dos-reus-dos-bancarios-gauchos\/#webpage"},"isPartOf":{"@id":"https:\/\/www.jornalja.com.br\/arquivo\/reforma-da-previdencia-no-banco-dos-reus-dos-bancarios-gauchos\/#webpage"},"articleSection":"Geral"},{"@type":"BreadcrumbList","@id":"https:\/\/www.jornalja.com.br\/arquivo\/reforma-da-previdencia-no-banco-dos-reus-dos-bancarios-gauchos\/#breadcrumblist","itemListElement":[{"@type":"ListItem","@id":"https:\/\/www.jornalja.com.br\/arquivo#listItem","position":1,"name":"Home","item":"https:\/\/www.jornalja.com.br\/arquivo","nextItem":{"@type":"ListItem","@id":"https:\/\/www.jornalja.com.br\/arquivo\/category\/geral\/#listItem","name":"Geral"}},{"@type":"ListItem","@id":"https:\/\/www.jornalja.com.br\/arquivo\/category\/geral\/#listItem","position":2,"name":"Geral","item":"https:\/\/www.jornalja.com.br\/arquivo\/category\/geral\/","nextItem":{"@type":"ListItem","@id":"https:\/\/www.jornalja.com.br\/arquivo\/reforma-da-previdencia-no-banco-dos-reus-dos-bancarios-gauchos\/#listItem","name":"Reforma da Previd\u00eancia no banco dos r\u00e9us dos banc\u00e1rios ga\u00fachos"},"previousItem":{"@type":"ListItem","@id":"https:\/\/www.jornalja.com.br\/arquivo#listItem","name":"Home"}},{"@type":"ListItem","@id":"https:\/\/www.jornalja.com.br\/arquivo\/reforma-da-previdencia-no-banco-dos-reus-dos-bancarios-gauchos\/#listItem","position":3,"name":"Reforma da Previd\u00eancia no banco dos r\u00e9us dos banc\u00e1rios ga\u00fachos","previousItem":{"@type":"ListItem","@id":"https:\/\/www.jornalja.com.br\/arquivo\/category\/geral\/#listItem","name":"Geral"}}]},{"@type":"Organization","@id":"https:\/\/www.jornalja.com.br\/arquivo\/#organization","name":"Jornal J\u00c1","description":"Jornal J\u00c1 | Porto Alegre","url":"https:\/\/www.jornalja.com.br\/arquivo\/","telephone":"+555133307272","logo":{"@type":"ImageObject","url":"https:\/\/www.jornalja.com.br\/wp-content\/uploads\/cards\/JAslogan.png","@id":"https:\/\/www.jornalja.com.br\/arquivo\/reforma-da-previdencia-no-banco-dos-reus-dos-bancarios-gauchos\/#organizationLogo"},"image":{"@id":"https:\/\/www.jornalja.com.br\/arquivo\/reforma-da-previdencia-no-banco-dos-reus-dos-bancarios-gauchos\/#organizationLogo"}},{"@type":"Person","@id":"https:\/\/www.jornalja.com.br\/arquivo\/author\/daredacao\/#author","url":"https:\/\/www.jornalja.com.br\/arquivo\/author\/daredacao\/","name":"da Reda\u00e7\u00e3o","image":{"@type":"ImageObject","@id":"https:\/\/www.jornalja.com.br\/arquivo\/reforma-da-previdencia-no-banco-dos-reus-dos-bancarios-gauchos\/#authorImage","url":"https:\/\/secure.gravatar.com\/avatar\/469fd857d6605ad19919d27ed29d35a968a25f6e8fd9318356bbb7f57aae9c65?s=96&d=mm&r=g","width":96,"height":96,"caption":"da Reda\u00e7\u00e3o"}},{"@type":"WebPage","@id":"https:\/\/www.jornalja.com.br\/arquivo\/reforma-da-previdencia-no-banco-dos-reus-dos-bancarios-gauchos\/#webpage","url":"https:\/\/www.jornalja.com.br\/arquivo\/reforma-da-previdencia-no-banco-dos-reus-dos-bancarios-gauchos\/","name":"Reforma da Previd\u00eancia no banco dos r\u00e9us dos banc\u00e1rios ga\u00fachos | Arquivo","inLanguage":"pt-BR","isPartOf":{"@id":"https:\/\/www.jornalja.com.br\/arquivo\/#website"},"breadcrumb":{"@id":"https:\/\/www.jornalja.com.br\/arquivo\/reforma-da-previdencia-no-banco-dos-reus-dos-bancarios-gauchos\/#breadcrumblist"},"author":{"@id":"https:\/\/www.jornalja.com.br\/arquivo\/author\/daredacao\/#author"},"creator":{"@id":"https:\/\/www.jornalja.com.br\/arquivo\/author\/daredacao\/#author"},"image":{"@type":"ImageObject","url":47260,"@id":"https:\/\/www.jornalja.com.br\/arquivo\/reforma-da-previdencia-no-banco-dos-reus-dos-bancarios-gauchos\/#mainImage"},"primaryImageOfPage":{"@id":"https:\/\/www.jornalja.com.br\/arquivo\/reforma-da-previdencia-no-banco-dos-reus-dos-bancarios-gauchos\/#mainImage"},"datePublished":"2017-04-16T20:24:36-03:00","dateModified":"2017-04-16T20:24:36-03:00"},{"@type":"WebSite","@id":"https:\/\/www.jornalja.com.br\/arquivo\/#website","url":"https:\/\/www.jornalja.com.br\/arquivo\/","name":"Arquivo","description":"Jornal J\u00c1 | Porto Alegre","inLanguage":"pt-BR","publisher":{"@id":"https:\/\/www.jornalja.com.br\/arquivo\/#organization"}}]},"og:locale":"pt_BR","og:site_name":"Arquivo | Jornal J\u00c1 | Porto Alegre","og:type":"article","og:title":"Reforma da Previd\u00eancia no banco dos r\u00e9us dos banc\u00e1rios ga\u00fachos | Arquivo","og:url":"https:\/\/www.jornalja.com.br\/arquivo\/reforma-da-previdencia-no-banco-dos-reus-dos-bancarios-gauchos\/","og:image":"https:\/\/www.jornalja.com.br\/economics\/wp-content\/uploads\/sites\/11\/2026\/08\/ja-folhaderosto-facebook.jpg","og:image:secure_url":"https:\/\/www.jornalja.com.br\/economics\/wp-content\/uploads\/sites\/11\/2026\/08\/ja-folhaderosto-facebook.jpg","article:published_time":"2017-04-16T23:24:36+00:00","article:modified_time":"2017-04-16T23:24:36+00:00","twitter:card":"summary","twitter:title":"Reforma da Previd\u00eancia no banco dos r\u00e9us dos banc\u00e1rios ga\u00fachos | Arquivo","twitter:image":"https:\/\/www.jornalja.com.br\/economics\/wp-content\/uploads\/sites\/11\/2026\/08\/ja-folhaderosto-facebook.jpg"},"aioseo_meta_data":{"post_id":"47259","title":null,"description":null,"keywords":null,"keyphrases":null,"primary_term":null,"canonical_url":null,"og_title":null,"og_description":null,"og_object_type":"default","og_image_type":"default","og_image_url":null,"og_image_width":null,"og_image_height":null,"og_image_custom_url":null,"og_image_custom_fields":null,"og_video":null,"og_custom_url":null,"og_article_section":null,"og_article_tags":null,"twitter_use_og":false,"twitter_card":"default","twitter_image_type":"default","twitter_image_url":null,"twitter_image_custom_url":null,"twitter_image_custom_fields":null,"twitter_title":null,"twitter_description":null,"schema":{"blockGraphs":[],"customGraphs":[],"default":{"data":{"Article":[],"Course":[],"Dataset":[],"FAQPage":[],"Movie":[],"Person":[],"Product":[],"ProductReview":[],"Car":[],"Recipe":[],"Service":[],"SoftwareApplication":[],"WebPage":[]},"graphName":"","isEnabled":true},"graphs":[],"defaultGraph":"","defaultPostTypeGraph":""},"schema_type":null,"schema_type_options":null,"pillar_content":false,"robots_default":true,"robots_noindex":false,"robots_noarchive":false,"robots_nosnippet":false,"robots_nofollow":false,"robots_noimageindex":false,"robots_noodp":false,"robots_notranslate":false,"robots_max_snippet":null,"robots_max_videopreview":null,"robots_max_imagepreview":"large","priority":null,"frequency":null,"location":null,"local_seo":null,"breadcrumb_settings":null,"limit_modified_date":false,"ai":null,"created":"2020-12-20 20:37:39","updated":"2025-07-19 21:02:31","seo_analyzer_scan_date":null,"focus_keyword":null,"additional_keywords":null,"truseo_locale":null},"jetpack_sharing_enabled":true,"jetpack-related-posts":[{"id":5440,"url":"https:\/\/www.jornalja.com.br\/arquivo\/casarao-da-venancio-destino-permanece-incerto\/","url_meta":{"origin":47259,"position":0},"title":"Estado ainda n\u00e3o sabe o que fazer com casar\u00e3o abandonado h\u00e1 20 anos","author":"Elmar Bones","date":"6 de julho de 2009","format":false,"excerpt":"O casar\u00e3o amarelo, numa esquina nobre de Porto Alegre (Ven\u00e2ncio Aires com Jo\u00e3o Pessoa), j\u00e1 abrigou uma escola. H\u00e1 duas d\u00e9cadas, pelo menos, est\u00e1 abandonado, porque seu propriet\u00e1rio, o governo do Estado do Rio Grande do Sul, n\u00e3o consegue achar um destino para ele. Planos n\u00e3o faltaram. O governador Ol\u00edvio\u2026","rel":"","context":"Em &quot;X.Categorias velhas&quot;","block_context":{"text":"X.Categorias velhas","link":"https:\/\/www.jornalja.com.br\/arquivo\/category\/x-categorias-velhas\/"},"img":{"alt_text":"geraldo1","src":"https:\/\/i0.wp.com\/www.jornalja.com.br\/wp-content\/uploads\/2009\/07\/geraldo1.jpg?resize=350%2C200&ssl=1","width":350,"height":200},"classes":[]},{"id":1280,"url":"https:\/\/www.jornalja.com.br\/arquivo\/o-menino-que-se-tornou-brizola\/","url_meta":{"origin":47259,"position":1},"title":"O Menino que se Tornou Brizola","author":"da Reda\u00e7\u00e3o","date":"28 de julho de 2008","format":false,"excerpt":"Autor: Cleber Dioni A vida de Leonel Brizola, com \u00eanfase para os primeiros anos em Porto Alegre, at\u00e9 o ex\u00edlio no Uruguai e a volta, quinze anos depois. \u00a0\"...\u00c9ramos todos jovens e nos identific\u00e1vamos com aquela massa an\u00f4nima a percorrer as ruas de Porto Alegre, gritando 'Get\u00falio', 'Get\u00falio' e empunhando\u2026","rel":"","context":"Em &quot;Livros&quot;","block_context":{"text":"Livros","link":"https:\/\/www.jornalja.com.br\/arquivo\/category\/livros\/"},"img":{"alt_text":"","src":"https:\/\/i0.wp.com\/www.jornalja.com.br\/wp-content\/uploads\/2008\/07\/brizola.gif?resize=350%2C200&ssl=1","width":350,"height":200},"classes":[]},{"id":13101,"url":"https:\/\/www.jornalja.com.br\/arquivo\/morre-um-guerreiro-do-texto\/","url_meta":{"origin":47259,"position":2},"title":"Morre um guerreiro do texto","author":"Patr\u00edcia Marini","date":"14 de maio de 2014","format":false,"excerpt":"Por Ricardo Kotscho Reproduzido do blog do autor, 11\/5\/2014; t\u00edtulo original \u201cE l\u00e1 se foi o nosso Myltainho, guerreiro do texto\u201d. Mi\u00fado e franzino, meu amigo Myltainho era um valente e inconformado guerreiro na luta contra as injusti\u00e7as sociais, a hipocrisia, as maracutaias, o autoritarismo, a intoler\u00e2ncia, a viol\u00eancia, o\u2026","rel":"","context":"Em &quot;Geral&quot;","block_context":{"text":"Geral","link":"https:\/\/www.jornalja.com.br\/arquivo\/category\/geral\/"},"img":{"alt_text":"","src":"","width":0,"height":0},"classes":[]},{"id":13124,"url":"https:\/\/www.jornalja.com.br\/arquivo\/sangue-latino-no-iecine\/","url_meta":{"origin":47259,"position":3},"title":"Sangue latino no IECINE","author":"da Reda\u00e7\u00e3o","date":"18 de maio de 2014","format":false,"excerpt":"Francisco Ribeiro O Instituto Estadual de Cinema (IECINE) tem a frente, desde abril \u00faltimo, um novo diretor, o cineasta colombiano Juan Zapata, 36, que substitui Luiz Alberto Cassol. Radicado h\u00e1 dez anos em Porto Alegre, Zapata tem diante de si o desafio de conduzir at\u00e9 o final do ano um\u2026","rel":"","context":"Em &quot;Cultura-Geral&quot;","block_context":{"text":"Cultura-Geral","link":"https:\/\/www.jornalja.com.br\/arquivo\/category\/materiasecundaria\/"},"img":{"alt_text":"","src":"","width":0,"height":0},"classes":[]},{"id":14241,"url":"https:\/\/www.jornalja.com.br\/arquivo\/o-guaiba-nas-imagens-poeticas-de-achutti\/","url_meta":{"origin":47259,"position":4},"title":"O Gua\u00edba nas imagens po\u00e9ticas de Achutti","author":"da Reda\u00e7\u00e3o","date":"18 de junho de 2014","format":false,"excerpt":"Em \u201cO Gua\u00edba por Achutti\u201d \u2013 obra financiada via Minist\u00e9rio da Cultura, produ\u00e7\u00e3o executiva de Pedro Longhi, e Fl\u00e1vio Wild como designer \u2013, o fot\u00f3grafo revela a beleza e as mazelas de um espa\u00e7o aqu\u00e1tico de \u00e1guas sempre renovadas, cheio de hist\u00f3rias e lendas como as das cidades que foram\u2026","rel":"","context":"Em &quot;Cultura-Geral&quot;","block_context":{"text":"Cultura-Geral","link":"https:\/\/www.jornalja.com.br\/arquivo\/category\/materiasecundaria\/"},"img":{"alt_text":"","src":"","width":0,"height":0},"classes":[]},{"id":13109,"url":"https:\/\/www.jornalja.com.br\/arquivo\/judiciario-reconhece-poluicao-eletromagnetica\/","url_meta":{"origin":47259,"position":5},"title":"Judici\u00e1rio reconhece polui\u00e7\u00e3o eletromagn\u00e9tica","author":"Patr\u00edcia Marini","date":"16 de maio de 2014","format":false,"excerpt":"A\u00e7\u00e3o de duas associa\u00e7\u00f5es de moradores foi acolhida pelo Tribunal de Justi\u00e7a de S\u00e3o Paulo que. em decis\u00e3o in\u00e9dita, determinou a redu\u00e7\u00e3o do campo eletromagn\u00e9tico gerado pelas linhas de transmiss\u00e3o de energia que cortam os bairros City Boa\u00e7ava e Alto de Pinheiros. \u00c9 a primeira vez que um tribunal do\u2026","rel":"","context":"Em &quot;X.Categorias velhas&quot;","block_context":{"text":"X.Categorias velhas","link":"https:\/\/www.jornalja.com.br\/arquivo\/category\/x-categorias-velhas\/"},"img":{"alt_text":"","src":"","width":0,"height":0},"classes":[]}],"jetpack_shortlink":"https:\/\/wp.me\/pbQjBd-cif","jetpack_featured_media_url":"","_links":{"self":[{"href":"https:\/\/www.jornalja.com.br\/arquivo\/wp-json\/wp\/v2\/posts\/47259","targetHints":{"allow":["GET"]}}],"collection":[{"href":"https:\/\/www.jornalja.com.br\/arquivo\/wp-json\/wp\/v2\/posts"}],"about":[{"href":"https:\/\/www.jornalja.com.br\/arquivo\/wp-json\/wp\/v2\/types\/post"}],"author":[{"embeddable":true,"href":"https:\/\/www.jornalja.com.br\/arquivo\/wp-json\/wp\/v2\/users\/4"}],"replies":[{"embeddable":true,"href":"https:\/\/www.jornalja.com.br\/arquivo\/wp-json\/wp\/v2\/comments?post=47259"}],"version-history":[{"count":0,"href":"https:\/\/www.jornalja.com.br\/arquivo\/wp-json\/wp\/v2\/posts\/47259\/revisions"}],"wp:attachment":[{"href":"https:\/\/www.jornalja.com.br\/arquivo\/wp-json\/wp\/v2\/media?parent=47259"}],"wp:term":[{"taxonomy":"category","embeddable":true,"href":"https:\/\/www.jornalja.com.br\/arquivo\/wp-json\/wp\/v2\/categories?post=47259"},{"taxonomy":"post_tag","embeddable":true,"href":"https:\/\/www.jornalja.com.br\/arquivo\/wp-json\/wp\/v2\/tags?post=47259"}],"curies":[{"name":"wp","href":"https:\/\/api.w.org\/{rel}","templated":true}]}}