{"id":47287,"date":"2017-04-17T11:09:33","date_gmt":"2017-04-17T14:09:33","guid":{"rendered":"https:\/\/www.jornalja.com.br\/?p=47287"},"modified":"2017-04-17T11:09:33","modified_gmt":"2017-04-17T14:09:33","slug":"abril-vermelho-no-rs-comeca-com-duas-ocupacoes-do-mst","status":"publish","type":"post","link":"https:\/\/www.jornalja.com.br\/arquivo\/abril-vermelho-no-rs-comeca-com-duas-ocupacoes-do-mst\/","title":{"rendered":"Abril Vermelho no RS come\u00e7a com duas ocupa\u00e7\u00f5es do MST"},"content":{"rendered":"<p><b><\/b>Cerca de 2 mil trabalhadores rurais acampados e assentados da Reforma Agr\u00e1ria ocupam desde as 5h45 desta segunda-feira (17) os p\u00e1tios do Instituto Nacional de Coloniza\u00e7\u00e3o e Reforma Agr\u00e1ria (Incra) e do Minist\u00e9rio da Fazenda em Porto Alegre, no Rio Grande do Sul. As duas ocupa\u00e7\u00f5es fazem parte da Jornada Nacional de Lutas pela Reforma Agr\u00e1ria, tamb\u00e9m conhecida como Abril Vermelho, per\u00edodo em que o MST realiza diversas mobiliza\u00e7\u00f5es em todo o pa\u00eds para reivindicar, principalmente, a democratiza\u00e7\u00e3o do acesso \u00e0 terra.<br \/>\nOs assentados e acampados protestam contra a Medida Provis\u00f3ria 759 \u2013 do governo Temer \u2013, que altera a legisla\u00e7\u00e3o fundi\u00e1ria e os procedimentos para a efetiva\u00e7\u00e3o da Reforma Agr\u00e1ria no Brasil.<br \/>\nSegundo os Sem Terra, na pr\u00e1tica a MP 759 resulta na privatiza\u00e7\u00e3o dos lotes e na paralisia da Reforma Agr\u00e1ria, uma vez que trata da titula\u00e7\u00e3o dos assentamentos e da municipaliza\u00e7\u00e3o do processo de desconcentra\u00e7\u00e3o fundi\u00e1ria, atribuindo aos munic\u00edpios a fun\u00e7\u00e3o de vistoria e desapropria\u00e7\u00e3o de terra. Para o MST, a medida inviabiliza a Reforma Agr\u00e1ria, uma vez que s\u00e3o os pr\u00f3prios latifundi\u00e1rios que geralmente comp\u00f5em os poderes institucionais locais.<br \/>\n<img loading=\"lazy\" decoding=\"async\" class=\"wp-image-47290 alignleft\" src=\"https:\/\/www.jornalja.com.br\/wp-content\/uploads\/2017\/04\/mst-min-fazenda-poa.jpg\" alt=\"mst min fazenda poa\" width=\"377\" height=\"254\" \/>As mobiliza\u00e7\u00f5es tamb\u00e9m s\u00e3o pela destina\u00e7\u00e3o de mais recursos para a assist\u00eancia t\u00e9cnica, que \u00e9 considerada fundamental para estimular a produ\u00e7\u00e3o de alimentos, especialmente sem o uso de agrot\u00f3xicos, nas \u00e1reas da Reforma Agr\u00e1ria.<br \/>\nOs assentados tamb\u00e9m reivindicam infraestrutura, com mais projetos para a constru\u00e7\u00e3o de moradias, abertura de estradas para escoamento da produ\u00e7\u00e3o e circula\u00e7\u00e3o do transporte escolar, e implanta\u00e7\u00e3o de redes de \u00e1gua. Eles ainda exigem a libera\u00e7\u00e3o de cr\u00e9ditos iniciais para que as fam\u00edlias tenham condi\u00e7\u00f5es de fortalecer a produ\u00e7\u00e3o de alimentos saud\u00e1veis nos assentamentos, al\u00e9m de protestarem contra as reformas previdenci\u00e1ria e trabalhista.<br \/>\n\u201cO Incra foi criado para efetivar a Reforma Agr\u00e1ria no pa\u00eds, mas n\u00e3o tem feito praticamente nada por isto. O governo n\u00e3o libera recursos, n\u00e3o faz vistorias das \u00e1reas, n\u00e3o pensa a assist\u00eancia t\u00e9cnica como fundamental para impulsionar a produ\u00e7\u00e3o de alimentos e o desenvolvimento dos assentamentos e munic\u00edpios. Infelizmente est\u00e1 tudo paralisado. Queremos que o Incra cumpra seu papel e priorize a Reforma Agr\u00e1ria em sua totalidade\u201d, declara S\u00edlvia Reis Marques, da dire\u00e7\u00e3o nacional do MST.<br \/>\n<b>Retomada da Reforma Agr\u00e1ria<\/b><br \/>\nOs Sem Terra tamb\u00e9m denunciam, atrav\u00e9s das ocupa\u00e7\u00f5es, a paralisia da Reforma Agr\u00e1ria. Atualmente no Brasil h\u00e1 mais de 120 mil fam\u00edlias acampadas. No RS, h\u00e1 cerca de dois anos n\u00e3o ocorre cria\u00e7\u00e3o de novos assentamentos e mais de 2 mil fam\u00edlias ainda vivem em barracas de lona preta improvisadas.<br \/>\nEm sua pauta nacional, o MST exige a retomada imediata das vistorias de terras com fins de aquisi\u00e7\u00e3o para cria\u00e7\u00e3o de assentamentos, a retomada de terras p\u00fablicas que foram indevidamente apropriadas e deveriam ser destinadas \u00e0 Reforma Agr\u00e1ria, e a adjudica\u00e7\u00e3o das terras que est\u00e3o em processo de execu\u00e7\u00e3o por d\u00edvidas.<br \/>\n<figure id=\"attachment_47292\" aria-describedby=\"caption-attachment-47292\" style=\"width: 318px\" class=\"wp-caption alignleft\"><img loading=\"lazy\" decoding=\"async\" class=\" wp-image-47292\" src=\"https:\/\/www.jornalja.com.br\/wp-content\/uploads\/2017\/04\/mst-min-fazenda-2-poa.jpg\" alt=\"No p\u00e1tio do Minist\u00e9rio da Fazenda, em Porto Alegre\" width=\"318\" height=\"216\" \/><figcaption id=\"caption-attachment-47292\" class=\"wp-caption-text\">No p\u00e1tio do Minist\u00e9rio da Fazenda, em Porto Alegre<\/figcaption><\/figure><br \/>\n<b><\/b>Enquanto ocorrem mobiliza\u00e7\u00f5es em v\u00e1rios estados do Pa\u00eds, o MST deve iniciar negocia\u00e7\u00f5es referentes \u00e0 pauta nacional de reivindica\u00e7\u00f5es com representantes do governo federal em Bras\u00edlia. Segundo o Movimento, a desocupa\u00e7\u00e3o dos p\u00e1tios do Incra e do Minist\u00e9rio da Fazenda, em Porto Alegre, somente ser\u00e3o feitas ap\u00f3s a obten\u00e7\u00e3o de conquistas.<br \/>\n<b>O dia 17 de abril<\/b><br \/>\nNesta segunda-feira completam-se 21 anos do Massacre de Eldorado dos Caraj\u00e1s. Na ocasi\u00e3o, 21 Sem Terras foram assassinados durante uma manifesta\u00e7\u00e3o no munic\u00edpio de Eldorados dos Caraj\u00e1s, no sudoeste do Par\u00e1. O coronel Mario Colares Pantoja e o major Jos\u00e9 Maria Pereira, que comandaram o massacre, foram presos apenas 16 anos ap\u00f3s o ocorrido, em maio de 2012. J\u00e1 os 155 policiais militares executores diretos foram absolvidos. O ent\u00e3o governador do estado do Par\u00e1, Almir Gabriel (que morreu em fevereiro de 2013) e o secret\u00e1rio de Seguran\u00e7a P\u00fablica, Paulo Sette C\u00e2mara, n\u00e3o foram indiciados.<br \/>\nEm mem\u00f3ria das v\u00edtimas do massacre e para denunciar a impunidade dos crimes cometidos contra os Sem Terra, organiza\u00e7\u00f5es do campo celebraram em 17 de abril o Dia Internacional de Luta Camponesa. \u00c9 um momento intercontinental de mobiliza\u00e7\u00f5es em defesa da terra, da preserva\u00e7\u00e3o do meio ambiente, da agricultura camponesa e dos camponeses.<br \/>\nNo Brasil, em todas as regi\u00f5es do pa\u00eds, o MST realiza a Jornada Nacional de Lutas por Reforma Agr\u00e1ria, tamb\u00e9m conhecida como Abril Vermelho.<br \/>\n&nbsp;<\/p>\n","protected":false},"excerpt":{"rendered":"<p>Cerca de 2 mil trabalhadores rurais acampados e assentados da Reforma Agr\u00e1ria ocupam desde as 5h45 desta segunda-feira (17) os p\u00e1tios do Instituto Nacional de Coloniza\u00e7\u00e3o e Reforma Agr\u00e1ria (Incra) e do Minist\u00e9rio da Fazenda em Porto Alegre, no Rio Grande do Sul. As duas ocupa\u00e7\u00f5es fazem parte da Jornada Nacional de Lutas pela Reforma [&hellip;]<\/p>\n","protected":false},"author":4,"featured_media":47288,"comment_status":"open","ping_status":"closed","sticky":false,"template":"","format":"standard","meta":{"_jetpack_newsletter_access":"","_jetpack_dont_email_post_to_subs":false,"_jetpack_newsletter_tier_id":0,"_jetpack_memberships_contains_paywalled_content":false,"_jetpack_feature_clip_id":0,"_jetpack_memberships_contains_paid_content":false,"footnotes":"","jetpack_post_was_ever_published":false},"categories":[26],"tags":[],"class_list":["post-47287","post","type-post","status-publish","format-standard","has-post-thumbnail","hentry","category-geral"],"aioseo_notices":[],"aioseo_head":"\n\t\t<!-- All in One SEO 5.0.1.1 - aioseo.com -->\n\t<meta name=\"robots\" content=\"max-image-preview:large\" \/>\n\t<meta name=\"author\" content=\"da Reda\u00e7\u00e3o\"\/>\n\t<link rel=\"canonical\" href=\"https:\/\/www.jornalja.com.br\/arquivo\/abril-vermelho-no-rs-comeca-com-duas-ocupacoes-do-mst\/\" \/>\n\t<meta name=\"generator\" content=\"All in One SEO (AIOSEO) 5.0.1.1\" \/>\n\t\t<meta property=\"og:locale\" content=\"pt_BR\" \/>\n\t\t<meta property=\"og:site_name\" content=\"Arquivo | Jornal J\u00c1 | Porto Alegre\" \/>\n\t\t<meta property=\"og:type\" content=\"article\" \/>\n\t\t<meta property=\"og:title\" content=\"Abril Vermelho no RS come\u00e7a com duas ocupa\u00e7\u00f5es do MST | Arquivo\" \/>\n\t\t<meta property=\"og:url\" content=\"https:\/\/www.jornalja.com.br\/arquivo\/abril-vermelho-no-rs-comeca-com-duas-ocupacoes-do-mst\/\" \/>\n\t\t<meta property=\"og:image\" content=\"https:\/\/www.jornalja.com.br\/wp-content\/uploads\/2017\/04\/mst-min-fazenda-poa.jpg\" \/>\n\t\t<meta property=\"og:image:secure_url\" content=\"https:\/\/www.jornalja.com.br\/wp-content\/uploads\/2017\/04\/mst-min-fazenda-poa.jpg\" \/>\n\t\t<meta property=\"article:published_time\" content=\"2017-04-17T14:09:33+00:00\" \/>\n\t\t<meta property=\"article:modified_time\" content=\"2017-04-17T14:09:33+00:00\" \/>\n\t\t<meta name=\"twitter:card\" content=\"summary\" \/>\n\t\t<meta name=\"twitter:title\" content=\"Abril Vermelho no RS come\u00e7a com duas ocupa\u00e7\u00f5es do MST | Arquivo\" \/>\n\t\t<meta name=\"twitter:image\" content=\"https:\/\/www.jornalja.com.br\/economics\/wp-content\/uploads\/sites\/11\/2026\/08\/ja-folhaderosto-facebook.jpg\" \/>\n\t\t<script type=\"application\/ld+json\" class=\"aioseo-schema\">\n\t\t\t{\"@context\":\"https:\\\/\\\/schema.org\",\"@graph\":[{\"@type\":\"BlogPosting\",\"@id\":\"https:\\\/\\\/www.jornalja.com.br\\\/arquivo\\\/abril-vermelho-no-rs-comeca-com-duas-ocupacoes-do-mst\\\/#blogposting\",\"name\":\"Abril Vermelho no RS come\\u00e7a com duas ocupa\\u00e7\\u00f5es do MST | Arquivo\",\"headline\":\"Abril Vermelho no RS come\\u00e7a com duas ocupa\\u00e7\\u00f5es do MST\",\"author\":{\"@id\":\"https:\\\/\\\/www.jornalja.com.br\\\/arquivo\\\/author\\\/daredacao\\\/#author\"},\"publisher\":{\"@id\":\"https:\\\/\\\/www.jornalja.com.br\\\/arquivo\\\/#organization\"},\"image\":{\"@type\":\"ImageObject\",\"url\":47288},\"datePublished\":\"2017-04-17T11:09:33-03:00\",\"dateModified\":\"2017-04-17T11:09:33-03:00\",\"inLanguage\":\"pt-BR\",\"mainEntityOfPage\":{\"@id\":\"https:\\\/\\\/www.jornalja.com.br\\\/arquivo\\\/abril-vermelho-no-rs-comeca-com-duas-ocupacoes-do-mst\\\/#webpage\"},\"isPartOf\":{\"@id\":\"https:\\\/\\\/www.jornalja.com.br\\\/arquivo\\\/abril-vermelho-no-rs-comeca-com-duas-ocupacoes-do-mst\\\/#webpage\"},\"articleSection\":\"Geral\"},{\"@type\":\"BreadcrumbList\",\"@id\":\"https:\\\/\\\/www.jornalja.com.br\\\/arquivo\\\/abril-vermelho-no-rs-comeca-com-duas-ocupacoes-do-mst\\\/#breadcrumblist\",\"itemListElement\":[{\"@type\":\"ListItem\",\"@id\":\"https:\\\/\\\/www.jornalja.com.br\\\/arquivo#listItem\",\"position\":1,\"name\":\"Home\",\"item\":\"https:\\\/\\\/www.jornalja.com.br\\\/arquivo\",\"nextItem\":{\"@type\":\"ListItem\",\"@id\":\"https:\\\/\\\/www.jornalja.com.br\\\/arquivo\\\/category\\\/geral\\\/#listItem\",\"name\":\"Geral\"}},{\"@type\":\"ListItem\",\"@id\":\"https:\\\/\\\/www.jornalja.com.br\\\/arquivo\\\/category\\\/geral\\\/#listItem\",\"position\":2,\"name\":\"Geral\",\"item\":\"https:\\\/\\\/www.jornalja.com.br\\\/arquivo\\\/category\\\/geral\\\/\",\"nextItem\":{\"@type\":\"ListItem\",\"@id\":\"https:\\\/\\\/www.jornalja.com.br\\\/arquivo\\\/abril-vermelho-no-rs-comeca-com-duas-ocupacoes-do-mst\\\/#listItem\",\"name\":\"Abril Vermelho no RS come\\u00e7a com duas ocupa\\u00e7\\u00f5es do MST\"},\"previousItem\":{\"@type\":\"ListItem\",\"@id\":\"https:\\\/\\\/www.jornalja.com.br\\\/arquivo#listItem\",\"name\":\"Home\"}},{\"@type\":\"ListItem\",\"@id\":\"https:\\\/\\\/www.jornalja.com.br\\\/arquivo\\\/abril-vermelho-no-rs-comeca-com-duas-ocupacoes-do-mst\\\/#listItem\",\"position\":3,\"name\":\"Abril Vermelho no RS come\\u00e7a com duas ocupa\\u00e7\\u00f5es do MST\",\"previousItem\":{\"@type\":\"ListItem\",\"@id\":\"https:\\\/\\\/www.jornalja.com.br\\\/arquivo\\\/category\\\/geral\\\/#listItem\",\"name\":\"Geral\"}}]},{\"@type\":\"Organization\",\"@id\":\"https:\\\/\\\/www.jornalja.com.br\\\/arquivo\\\/#organization\",\"name\":\"Jornal J\\u00c1\",\"description\":\"Jornal J\\u00c1 | Porto Alegre\",\"url\":\"https:\\\/\\\/www.jornalja.com.br\\\/arquivo\\\/\",\"telephone\":\"+555133307272\",\"logo\":{\"@type\":\"ImageObject\",\"url\":\"https:\\\/\\\/www.jornalja.com.br\\\/wp-content\\\/uploads\\\/cards\\\/JAslogan.png\",\"@id\":\"https:\\\/\\\/www.jornalja.com.br\\\/arquivo\\\/abril-vermelho-no-rs-comeca-com-duas-ocupacoes-do-mst\\\/#organizationLogo\"},\"image\":{\"@id\":\"https:\\\/\\\/www.jornalja.com.br\\\/arquivo\\\/abril-vermelho-no-rs-comeca-com-duas-ocupacoes-do-mst\\\/#organizationLogo\"}},{\"@type\":\"Person\",\"@id\":\"https:\\\/\\\/www.jornalja.com.br\\\/arquivo\\\/author\\\/daredacao\\\/#author\",\"url\":\"https:\\\/\\\/www.jornalja.com.br\\\/arquivo\\\/author\\\/daredacao\\\/\",\"name\":\"da Reda\\u00e7\\u00e3o\",\"image\":{\"@type\":\"ImageObject\",\"@id\":\"https:\\\/\\\/www.jornalja.com.br\\\/arquivo\\\/abril-vermelho-no-rs-comeca-com-duas-ocupacoes-do-mst\\\/#authorImage\",\"url\":\"https:\\\/\\\/secure.gravatar.com\\\/avatar\\\/469fd857d6605ad19919d27ed29d35a968a25f6e8fd9318356bbb7f57aae9c65?s=96&d=mm&r=g\",\"width\":96,\"height\":96,\"caption\":\"da Reda\\u00e7\\u00e3o\"}},{\"@type\":\"WebPage\",\"@id\":\"https:\\\/\\\/www.jornalja.com.br\\\/arquivo\\\/abril-vermelho-no-rs-comeca-com-duas-ocupacoes-do-mst\\\/#webpage\",\"url\":\"https:\\\/\\\/www.jornalja.com.br\\\/arquivo\\\/abril-vermelho-no-rs-comeca-com-duas-ocupacoes-do-mst\\\/\",\"name\":\"Abril Vermelho no RS come\\u00e7a com duas ocupa\\u00e7\\u00f5es do MST | Arquivo\",\"inLanguage\":\"pt-BR\",\"isPartOf\":{\"@id\":\"https:\\\/\\\/www.jornalja.com.br\\\/arquivo\\\/#website\"},\"breadcrumb\":{\"@id\":\"https:\\\/\\\/www.jornalja.com.br\\\/arquivo\\\/abril-vermelho-no-rs-comeca-com-duas-ocupacoes-do-mst\\\/#breadcrumblist\"},\"author\":{\"@id\":\"https:\\\/\\\/www.jornalja.com.br\\\/arquivo\\\/author\\\/daredacao\\\/#author\"},\"creator\":{\"@id\":\"https:\\\/\\\/www.jornalja.com.br\\\/arquivo\\\/author\\\/daredacao\\\/#author\"},\"image\":{\"@type\":\"ImageObject\",\"url\":47288,\"@id\":\"https:\\\/\\\/www.jornalja.com.br\\\/arquivo\\\/abril-vermelho-no-rs-comeca-com-duas-ocupacoes-do-mst\\\/#mainImage\"},\"primaryImageOfPage\":{\"@id\":\"https:\\\/\\\/www.jornalja.com.br\\\/arquivo\\\/abril-vermelho-no-rs-comeca-com-duas-ocupacoes-do-mst\\\/#mainImage\"},\"datePublished\":\"2017-04-17T11:09:33-03:00\",\"dateModified\":\"2017-04-17T11:09:33-03:00\"},{\"@type\":\"WebSite\",\"@id\":\"https:\\\/\\\/www.jornalja.com.br\\\/arquivo\\\/#website\",\"url\":\"https:\\\/\\\/www.jornalja.com.br\\\/arquivo\\\/\",\"name\":\"Arquivo\",\"description\":\"Jornal J\\u00c1 | Porto Alegre\",\"inLanguage\":\"pt-BR\",\"publisher\":{\"@id\":\"https:\\\/\\\/www.jornalja.com.br\\\/arquivo\\\/#organization\"}}]}\n\t\t<\/script>\n\t\t<!-- All in One SEO -->\n\n","aioseo_head_json":{"title":"Abril Vermelho no RS come\u00e7a com duas ocupa\u00e7\u00f5es do MST | Arquivo","description":"","canonical_url":"https:\/\/www.jornalja.com.br\/arquivo\/abril-vermelho-no-rs-comeca-com-duas-ocupacoes-do-mst\/","robots":"max-image-preview:large","keywords":"","webmasterTools":{"miscellaneous":""},"schema":{"@context":"https:\/\/schema.org","@graph":[{"@type":"BlogPosting","@id":"https:\/\/www.jornalja.com.br\/arquivo\/abril-vermelho-no-rs-comeca-com-duas-ocupacoes-do-mst\/#blogposting","name":"Abril Vermelho no RS come\u00e7a com duas ocupa\u00e7\u00f5es do MST | Arquivo","headline":"Abril Vermelho no RS come\u00e7a com duas ocupa\u00e7\u00f5es do MST","author":{"@id":"https:\/\/www.jornalja.com.br\/arquivo\/author\/daredacao\/#author"},"publisher":{"@id":"https:\/\/www.jornalja.com.br\/arquivo\/#organization"},"image":{"@type":"ImageObject","url":47288},"datePublished":"2017-04-17T11:09:33-03:00","dateModified":"2017-04-17T11:09:33-03:00","inLanguage":"pt-BR","mainEntityOfPage":{"@id":"https:\/\/www.jornalja.com.br\/arquivo\/abril-vermelho-no-rs-comeca-com-duas-ocupacoes-do-mst\/#webpage"},"isPartOf":{"@id":"https:\/\/www.jornalja.com.br\/arquivo\/abril-vermelho-no-rs-comeca-com-duas-ocupacoes-do-mst\/#webpage"},"articleSection":"Geral"},{"@type":"BreadcrumbList","@id":"https:\/\/www.jornalja.com.br\/arquivo\/abril-vermelho-no-rs-comeca-com-duas-ocupacoes-do-mst\/#breadcrumblist","itemListElement":[{"@type":"ListItem","@id":"https:\/\/www.jornalja.com.br\/arquivo#listItem","position":1,"name":"Home","item":"https:\/\/www.jornalja.com.br\/arquivo","nextItem":{"@type":"ListItem","@id":"https:\/\/www.jornalja.com.br\/arquivo\/category\/geral\/#listItem","name":"Geral"}},{"@type":"ListItem","@id":"https:\/\/www.jornalja.com.br\/arquivo\/category\/geral\/#listItem","position":2,"name":"Geral","item":"https:\/\/www.jornalja.com.br\/arquivo\/category\/geral\/","nextItem":{"@type":"ListItem","@id":"https:\/\/www.jornalja.com.br\/arquivo\/abril-vermelho-no-rs-comeca-com-duas-ocupacoes-do-mst\/#listItem","name":"Abril Vermelho no RS come\u00e7a com duas ocupa\u00e7\u00f5es do MST"},"previousItem":{"@type":"ListItem","@id":"https:\/\/www.jornalja.com.br\/arquivo#listItem","name":"Home"}},{"@type":"ListItem","@id":"https:\/\/www.jornalja.com.br\/arquivo\/abril-vermelho-no-rs-comeca-com-duas-ocupacoes-do-mst\/#listItem","position":3,"name":"Abril Vermelho no RS come\u00e7a com duas ocupa\u00e7\u00f5es do MST","previousItem":{"@type":"ListItem","@id":"https:\/\/www.jornalja.com.br\/arquivo\/category\/geral\/#listItem","name":"Geral"}}]},{"@type":"Organization","@id":"https:\/\/www.jornalja.com.br\/arquivo\/#organization","name":"Jornal J\u00c1","description":"Jornal J\u00c1 | Porto Alegre","url":"https:\/\/www.jornalja.com.br\/arquivo\/","telephone":"+555133307272","logo":{"@type":"ImageObject","url":"https:\/\/www.jornalja.com.br\/wp-content\/uploads\/cards\/JAslogan.png","@id":"https:\/\/www.jornalja.com.br\/arquivo\/abril-vermelho-no-rs-comeca-com-duas-ocupacoes-do-mst\/#organizationLogo"},"image":{"@id":"https:\/\/www.jornalja.com.br\/arquivo\/abril-vermelho-no-rs-comeca-com-duas-ocupacoes-do-mst\/#organizationLogo"}},{"@type":"Person","@id":"https:\/\/www.jornalja.com.br\/arquivo\/author\/daredacao\/#author","url":"https:\/\/www.jornalja.com.br\/arquivo\/author\/daredacao\/","name":"da Reda\u00e7\u00e3o","image":{"@type":"ImageObject","@id":"https:\/\/www.jornalja.com.br\/arquivo\/abril-vermelho-no-rs-comeca-com-duas-ocupacoes-do-mst\/#authorImage","url":"https:\/\/secure.gravatar.com\/avatar\/469fd857d6605ad19919d27ed29d35a968a25f6e8fd9318356bbb7f57aae9c65?s=96&d=mm&r=g","width":96,"height":96,"caption":"da Reda\u00e7\u00e3o"}},{"@type":"WebPage","@id":"https:\/\/www.jornalja.com.br\/arquivo\/abril-vermelho-no-rs-comeca-com-duas-ocupacoes-do-mst\/#webpage","url":"https:\/\/www.jornalja.com.br\/arquivo\/abril-vermelho-no-rs-comeca-com-duas-ocupacoes-do-mst\/","name":"Abril Vermelho no RS come\u00e7a com duas ocupa\u00e7\u00f5es do MST | Arquivo","inLanguage":"pt-BR","isPartOf":{"@id":"https:\/\/www.jornalja.com.br\/arquivo\/#website"},"breadcrumb":{"@id":"https:\/\/www.jornalja.com.br\/arquivo\/abril-vermelho-no-rs-comeca-com-duas-ocupacoes-do-mst\/#breadcrumblist"},"author":{"@id":"https:\/\/www.jornalja.com.br\/arquivo\/author\/daredacao\/#author"},"creator":{"@id":"https:\/\/www.jornalja.com.br\/arquivo\/author\/daredacao\/#author"},"image":{"@type":"ImageObject","url":47288,"@id":"https:\/\/www.jornalja.com.br\/arquivo\/abril-vermelho-no-rs-comeca-com-duas-ocupacoes-do-mst\/#mainImage"},"primaryImageOfPage":{"@id":"https:\/\/www.jornalja.com.br\/arquivo\/abril-vermelho-no-rs-comeca-com-duas-ocupacoes-do-mst\/#mainImage"},"datePublished":"2017-04-17T11:09:33-03:00","dateModified":"2017-04-17T11:09:33-03:00"},{"@type":"WebSite","@id":"https:\/\/www.jornalja.com.br\/arquivo\/#website","url":"https:\/\/www.jornalja.com.br\/arquivo\/","name":"Arquivo","description":"Jornal J\u00c1 | Porto Alegre","inLanguage":"pt-BR","publisher":{"@id":"https:\/\/www.jornalja.com.br\/arquivo\/#organization"}}]},"og:locale":"pt_BR","og:site_name":"Arquivo | Jornal J\u00c1 | Porto Alegre","og:type":"article","og:title":"Abril Vermelho no RS come\u00e7a com duas ocupa\u00e7\u00f5es do MST | Arquivo","og:url":"https:\/\/www.jornalja.com.br\/arquivo\/abril-vermelho-no-rs-comeca-com-duas-ocupacoes-do-mst\/","og:image":"https:\/\/www.jornalja.com.br\/wp-content\/uploads\/2017\/04\/mst-min-fazenda-poa.jpg","og:image:secure_url":"https:\/\/www.jornalja.com.br\/wp-content\/uploads\/2017\/04\/mst-min-fazenda-poa.jpg","article:published_time":"2017-04-17T14:09:33+00:00","article:modified_time":"2017-04-17T14:09:33+00:00","twitter:card":"summary","twitter:title":"Abril Vermelho no RS come\u00e7a com duas ocupa\u00e7\u00f5es do MST | Arquivo","twitter:image":"https:\/\/www.jornalja.com.br\/economics\/wp-content\/uploads\/sites\/11\/2026\/08\/ja-folhaderosto-facebook.jpg"},"aioseo_meta_data":{"post_id":"47287","title":null,"description":null,"keywords":null,"keyphrases":null,"primary_term":null,"canonical_url":null,"og_title":null,"og_description":null,"og_object_type":"default","og_image_type":"default","og_image_url":null,"og_image_width":null,"og_image_height":null,"og_image_custom_url":null,"og_image_custom_fields":null,"og_video":null,"og_custom_url":null,"og_article_section":null,"og_article_tags":null,"twitter_use_og":false,"twitter_card":"default","twitter_image_type":"default","twitter_image_url":null,"twitter_image_custom_url":null,"twitter_image_custom_fields":null,"twitter_title":null,"twitter_description":null,"schema":{"blockGraphs":[],"customGraphs":[],"default":{"data":{"Article":[],"Course":[],"Dataset":[],"FAQPage":[],"Movie":[],"Person":[],"Product":[],"ProductReview":[],"Car":[],"Recipe":[],"Service":[],"SoftwareApplication":[],"WebPage":[]},"graphName":"","isEnabled":true},"graphs":[],"defaultGraph":"","defaultPostTypeGraph":""},"schema_type":null,"schema_type_options":null,"pillar_content":false,"robots_default":true,"robots_noindex":false,"robots_noarchive":false,"robots_nosnippet":false,"robots_nofollow":false,"robots_noimageindex":false,"robots_noodp":false,"robots_notranslate":false,"robots_max_snippet":null,"robots_max_videopreview":null,"robots_max_imagepreview":"large","priority":null,"frequency":null,"location":null,"local_seo":null,"breadcrumb_settings":null,"limit_modified_date":false,"ai":null,"created":"2020-12-20 20:37:39","updated":"2025-07-19 21:03:22","seo_analyzer_scan_date":null,"focus_keyword":null,"additional_keywords":null,"truseo_locale":null},"jetpack_sharing_enabled":true,"jetpack-related-posts":[{"id":13128,"url":"https:\/\/www.jornalja.com.br\/arquivo\/maconha-terra-diz-que-uso-medicinal-e-desculpa\/","url_meta":{"origin":47287,"position":0},"title":"Maconha: Terra diz que uso medicinal \u00e9 desculpa","author":"Patr\u00edcia Marini","date":"4 de junho de 2014","format":false,"excerpt":"A condi\u00e7\u00e3o de pol\u00edtico, em \u00e9poca de campanha de campanha eleitoral, tira for\u00e7a do discurso do m\u00e9dico Osmar Terra contra a legaliza\u00e7\u00e3o da maconha. A tese dele de que a libera\u00e7\u00e3o vai ampliar exponencialmente o consumo \u00e9 discutivel, o consumo \u00e9 corrente. Mas seus alertas quanto aos riscos tem que\u2026","rel":"","context":"Em &quot;X.Categorias velhas&quot;","block_context":{"text":"X.Categorias velhas","link":"https:\/\/www.jornalja.com.br\/arquivo\/category\/x-categorias-velhas\/"},"img":{"alt_text":"","src":"","width":0,"height":0},"classes":[]},{"id":13124,"url":"https:\/\/www.jornalja.com.br\/arquivo\/sangue-latino-no-iecine\/","url_meta":{"origin":47287,"position":1},"title":"Sangue latino no IECINE","author":"da Reda\u00e7\u00e3o","date":"18 de maio de 2014","format":false,"excerpt":"Francisco Ribeiro O Instituto Estadual de Cinema (IECINE) tem a frente, desde abril \u00faltimo, um novo diretor, o cineasta colombiano Juan Zapata, 36, que substitui Luiz Alberto Cassol. Radicado h\u00e1 dez anos em Porto Alegre, Zapata tem diante de si o desafio de conduzir at\u00e9 o final do ano um\u2026","rel":"","context":"Em &quot;Cultura-Geral&quot;","block_context":{"text":"Cultura-Geral","link":"https:\/\/www.jornalja.com.br\/arquivo\/category\/materiasecundaria\/"},"img":{"alt_text":"","src":"","width":0,"height":0},"classes":[]},{"id":13101,"url":"https:\/\/www.jornalja.com.br\/arquivo\/morre-um-guerreiro-do-texto\/","url_meta":{"origin":47287,"position":2},"title":"Morre um guerreiro do texto","author":"Patr\u00edcia Marini","date":"14 de maio de 2014","format":false,"excerpt":"Por Ricardo Kotscho Reproduzido do blog do autor, 11\/5\/2014; t\u00edtulo original \u201cE l\u00e1 se foi o nosso Myltainho, guerreiro do texto\u201d. Mi\u00fado e franzino, meu amigo Myltainho era um valente e inconformado guerreiro na luta contra as injusti\u00e7as sociais, a hipocrisia, as maracutaias, o autoritarismo, a intoler\u00e2ncia, a viol\u00eancia, o\u2026","rel":"","context":"Em &quot;Geral&quot;","block_context":{"text":"Geral","link":"https:\/\/www.jornalja.com.br\/arquivo\/category\/geral\/"},"img":{"alt_text":"","src":"","width":0,"height":0},"classes":[]},{"id":13109,"url":"https:\/\/www.jornalja.com.br\/arquivo\/judiciario-reconhece-poluicao-eletromagnetica\/","url_meta":{"origin":47287,"position":3},"title":"Judici\u00e1rio reconhece polui\u00e7\u00e3o eletromagn\u00e9tica","author":"Patr\u00edcia Marini","date":"16 de maio de 2014","format":false,"excerpt":"A\u00e7\u00e3o de duas associa\u00e7\u00f5es de moradores foi acolhida pelo Tribunal de Justi\u00e7a de S\u00e3o Paulo que. em decis\u00e3o in\u00e9dita, determinou a redu\u00e7\u00e3o do campo eletromagn\u00e9tico gerado pelas linhas de transmiss\u00e3o de energia que cortam os bairros City Boa\u00e7ava e Alto de Pinheiros. \u00c9 a primeira vez que um tribunal do\u2026","rel":"","context":"Em &quot;X.Categorias velhas&quot;","block_context":{"text":"X.Categorias velhas","link":"https:\/\/www.jornalja.com.br\/arquivo\/category\/x-categorias-velhas\/"},"img":{"alt_text":"","src":"","width":0,"height":0},"classes":[]},{"id":5440,"url":"https:\/\/www.jornalja.com.br\/arquivo\/casarao-da-venancio-destino-permanece-incerto\/","url_meta":{"origin":47287,"position":4},"title":"Estado ainda n\u00e3o sabe o que fazer com casar\u00e3o abandonado h\u00e1 20 anos","author":"Elmar Bones","date":"6 de julho de 2009","format":false,"excerpt":"O casar\u00e3o amarelo, numa esquina nobre de Porto Alegre (Ven\u00e2ncio Aires com Jo\u00e3o Pessoa), j\u00e1 abrigou uma escola. H\u00e1 duas d\u00e9cadas, pelo menos, est\u00e1 abandonado, porque seu propriet\u00e1rio, o governo do Estado do Rio Grande do Sul, n\u00e3o consegue achar um destino para ele. Planos n\u00e3o faltaram. O governador Ol\u00edvio\u2026","rel":"","context":"Em &quot;X.Categorias velhas&quot;","block_context":{"text":"X.Categorias velhas","link":"https:\/\/www.jornalja.com.br\/arquivo\/category\/x-categorias-velhas\/"},"img":{"alt_text":"geraldo1","src":"https:\/\/i0.wp.com\/www.jornalja.com.br\/wp-content\/uploads\/2009\/07\/geraldo1.jpg?resize=350%2C200&ssl=1","width":350,"height":200},"classes":[]},{"id":13240,"url":"https:\/\/www.jornalja.com.br\/arquivo\/plano-diretor-estamos-construindo-o-caos\/","url_meta":{"origin":47287,"position":5},"title":"Plano diretor: &quot;Estamos construindo o caos&quot;","author":"Patr\u00edcia Marini","date":"26 de maio de 2014","format":false,"excerpt":"Desabafo que arquiteta Eliana Castilhos, delegada da Regi\u00e3o de Planejamento 1, postou nas redes sociais \u00e9 um testemunho do ambiente que se criou no Conselho do Plano Diretor de Porto Alegre, onde a aprova\u00e7\u00e3o de grandes empreendimentos \u00e9 empurrada guela abaixo dos conselheiros. Ao CMDUA Como delegada da Regi\u00e3o de\u2026","rel":"","context":"Em &quot;Geral&quot;","block_context":{"text":"Geral","link":"https:\/\/www.jornalja.com.br\/arquivo\/category\/geral\/"},"img":{"alt_text":"","src":"","width":0,"height":0},"classes":[]}],"jetpack_shortlink":"https:\/\/wp.me\/pbQjBd-ciH","jetpack_featured_media_url":"","_links":{"self":[{"href":"https:\/\/www.jornalja.com.br\/arquivo\/wp-json\/wp\/v2\/posts\/47287","targetHints":{"allow":["GET"]}}],"collection":[{"href":"https:\/\/www.jornalja.com.br\/arquivo\/wp-json\/wp\/v2\/posts"}],"about":[{"href":"https:\/\/www.jornalja.com.br\/arquivo\/wp-json\/wp\/v2\/types\/post"}],"author":[{"embeddable":true,"href":"https:\/\/www.jornalja.com.br\/arquivo\/wp-json\/wp\/v2\/users\/4"}],"replies":[{"embeddable":true,"href":"https:\/\/www.jornalja.com.br\/arquivo\/wp-json\/wp\/v2\/comments?post=47287"}],"version-history":[{"count":0,"href":"https:\/\/www.jornalja.com.br\/arquivo\/wp-json\/wp\/v2\/posts\/47287\/revisions"}],"wp:attachment":[{"href":"https:\/\/www.jornalja.com.br\/arquivo\/wp-json\/wp\/v2\/media?parent=47287"}],"wp:term":[{"taxonomy":"category","embeddable":true,"href":"https:\/\/www.jornalja.com.br\/arquivo\/wp-json\/wp\/v2\/categories?post=47287"},{"taxonomy":"post_tag","embeddable":true,"href":"https:\/\/www.jornalja.com.br\/arquivo\/wp-json\/wp\/v2\/tags?post=47287"}],"curies":[{"name":"wp","href":"https:\/\/api.w.org\/{rel}","templated":true}]}}