{"id":47333,"date":"2017-04-17T19:05:26","date_gmt":"2017-04-17T22:05:26","guid":{"rendered":"https:\/\/www.jornalja.com.br\/?p=47333"},"modified":"2017-04-17T19:05:26","modified_gmt":"2017-04-17T22:05:26","slug":"simpa-aciona-mp-pela-nomeacao-de-concursados-da-guarda-municipal-e-fasc","status":"publish","type":"post","link":"https:\/\/www.jornalja.com.br\/arquivo\/simpa-aciona-mp-pela-nomeacao-de-concursados-da-guarda-municipal-e-fasc\/","title":{"rendered":"Simpa aciona MP pela nomea\u00e7\u00e3o de concursados da Guarda Municipal e Fasc"},"content":{"rendered":"<p><span style=\"font-weight: 400\">Um grupo formado por representantes do Sindicato dos Municip\u00e1rios (Simpa) e dos concursados n\u00e3o nomeados para a Guarda Municipal e para a Funda\u00e7\u00e3o de Assist\u00eancia Social e Cidadania (Fasc), denunciaram hoje (17) ao Minist\u00e9rio P\u00fablico do Estado, que a Prefeitura de Porto Alegre mant\u00e9m contratos irregulares que poderiam deixar de ser renovados se os concursados forem nomeados.\u00a0<\/span><br \/>\n<span style=\"font-weight: 400\"><span class=\"text_exposed_show\">Atualmente, a Prefeitura mant\u00e9m funcion\u00e1rios terceirizados mesmo com contratos j\u00e1 vencidos. Segundo eles, s\u00e3o 290 concursados n\u00e3o nomeados da Guarda, 314 educadores sociais, 55 assistentes sociais e 73 psic\u00f3logos esperando a nomea\u00e7\u00e3o. <\/span><\/span><br \/>\n<span style=\"font-weight: 400\"><span class=\"text_exposed_show\">O promotor de Justi\u00e7a Nilson de Oliveira Rodrigues Filhos registrou a nota. O caso ser\u00e1 repassado \u00e0 Promotoria de Justi\u00e7a de Defesa do Patrim\u00f4nio P\u00fablico de Porto Alegre e Especializada Criminal \u2013 Crimes Licitat\u00f3rios<\/span><\/span><br \/>\n<span style=\"font-weight: 400\">O grupo considera que h\u00e1 precariza\u00e7\u00e3o do servi\u00e7o p\u00fablico, em raz\u00e3o de contratos mantidos pela Prefeitura com empresas terceirizadas.\u00a0<\/span><br \/>\nO concurso vigente para o quadro da Guarda Municipal foi realizado em dezembro de 2015 e homologado em junho de 2016. Foram 290 aprovados. Nei Coronel, integrante da comiss\u00e3o dos aprovados, defende que n\u00e3o h\u00e1 necessidade de cria\u00e7\u00e3o de novas vagas. Ele alega tamb\u00e9m que a Prefeitura gasta mais com terceirizados do que seria necess\u00e1rio para chamar os aprovados.<br \/>\nA comiss\u00e3o apresentou um estudo t\u00e9cnico, analisando os custos dos contratos e comparando com o custo por servidor concursado. Segundo este levantamento, a Prefeitura tem atualmente oito contratos de seguran\u00e7a terceirizada, totalizando R$ 15 milh\u00f5es no per\u00edodo de um ano. O c\u00e1lculo aponta que o valor seria suficiente para contratar 333 guardas municipais.<br \/>\nNei Coronel defende que a situa\u00e7\u00e3o precariza o servi\u00e7o prestado pela Prefeitura. Ele cita o caso do Post\u00e3o da Vila Cruzeiro. \u201cOs m\u00e9dicos s\u00f3 trabalham porque a Guarda est\u00e1 l\u00e1. Tem uma guarni\u00e7\u00e3o da GM e dois terceirizados armados no mesmo posto. S\u00f3 que os terceirizados s\u00f3 t\u00eam porte intramuros, n\u00e3o podem atender ocorr\u00eancia al\u00e9m da porta do Post\u00e3o\u201d, afirma.<br \/>\nEles pediram que o Minist\u00e9rio P\u00fablico fa\u00e7a o \u201ccontrole da legalidade da manuten\u00e7\u00e3o de pagamentos a empresas terceirizadas mesmo com contratos j\u00e1 vencidos, que v\u00eam ocorrendo na Fasc e na Guarda Municipal, tudo em detrimento da nomea\u00e7\u00e3o dos cargos efetivos, com burla \u00e0 regra constitucional do concurso p\u00fablico\u201d.<br \/>\n<span style=\"font-weight: 400\">A argumenta\u00e7\u00e3o \u00e9 subsidiada por notas t\u00e9cnicas elaboradas pela assessoria do Simpa e documentos referentes aos contratos, reunidos pela comiss\u00e3o dos aprovados.<\/span><\/p>\n","protected":false},"excerpt":{"rendered":"<p>Um grupo formado por representantes do Sindicato dos Municip\u00e1rios (Simpa) e dos concursados n\u00e3o nomeados para a Guarda Municipal e para a Funda\u00e7\u00e3o de Assist\u00eancia Social e Cidadania (Fasc), denunciaram hoje (17) ao Minist\u00e9rio P\u00fablico do Estado, que a Prefeitura de Porto Alegre mant\u00e9m contratos irregulares que poderiam deixar de ser renovados se os concursados [&hellip;]<\/p>\n","protected":false},"author":4,"featured_media":47334,"comment_status":"open","ping_status":"closed","sticky":false,"template":"","format":"standard","meta":{"_jetpack_newsletter_access":"","_jetpack_dont_email_post_to_subs":false,"_jetpack_newsletter_tier_id":0,"_jetpack_memberships_contains_paywalled_content":false,"_jetpack_feature_clip_id":0,"_jetpack_memberships_contains_paid_content":false,"footnotes":"","jetpack_post_was_ever_published":false},"categories":[26],"tags":[],"class_list":["post-47333","post","type-post","status-publish","format-standard","has-post-thumbnail","hentry","category-geral"],"aioseo_notices":[],"aioseo_head":"\n\t\t<!-- All in One SEO 5.0.1.1 - aioseo.com -->\n\t<meta name=\"robots\" content=\"max-image-preview:large\" \/>\n\t<meta name=\"author\" content=\"da Reda\u00e7\u00e3o\"\/>\n\t<link rel=\"canonical\" href=\"https:\/\/www.jornalja.com.br\/arquivo\/simpa-aciona-mp-pela-nomeacao-de-concursados-da-guarda-municipal-e-fasc\/\" \/>\n\t<meta name=\"generator\" content=\"All in One SEO (AIOSEO) 5.0.1.1\" \/>\n\t\t<meta property=\"og:locale\" content=\"pt_BR\" \/>\n\t\t<meta property=\"og:site_name\" content=\"Arquivo | Jornal J\u00c1 | Porto Alegre\" \/>\n\t\t<meta property=\"og:type\" content=\"article\" \/>\n\t\t<meta property=\"og:title\" content=\"Simpa aciona MP pela nomea\u00e7\u00e3o de concursados da Guarda Municipal e Fasc | Arquivo\" \/>\n\t\t<meta property=\"og:url\" content=\"https:\/\/www.jornalja.com.br\/arquivo\/simpa-aciona-mp-pela-nomeacao-de-concursados-da-guarda-municipal-e-fasc\/\" \/>\n\t\t<meta property=\"og:image\" content=\"https:\/\/www.jornalja.com.br\/economics\/wp-content\/uploads\/sites\/11\/2026\/08\/ja-folhaderosto-facebook.jpg\" \/>\n\t\t<meta property=\"og:image:secure_url\" content=\"https:\/\/www.jornalja.com.br\/economics\/wp-content\/uploads\/sites\/11\/2026\/08\/ja-folhaderosto-facebook.jpg\" \/>\n\t\t<meta property=\"article:published_time\" content=\"2017-04-17T22:05:26+00:00\" \/>\n\t\t<meta property=\"article:modified_time\" content=\"2017-04-17T22:05:26+00:00\" \/>\n\t\t<meta name=\"twitter:card\" content=\"summary\" \/>\n\t\t<meta name=\"twitter:title\" content=\"Simpa aciona MP pela nomea\u00e7\u00e3o de concursados da Guarda Municipal e Fasc | Arquivo\" \/>\n\t\t<meta name=\"twitter:image\" content=\"https:\/\/www.jornalja.com.br\/economics\/wp-content\/uploads\/sites\/11\/2026\/08\/ja-folhaderosto-facebook.jpg\" \/>\n\t\t<script type=\"application\/ld+json\" class=\"aioseo-schema\">\n\t\t\t{\"@context\":\"https:\\\/\\\/schema.org\",\"@graph\":[{\"@type\":\"BlogPosting\",\"@id\":\"https:\\\/\\\/www.jornalja.com.br\\\/arquivo\\\/simpa-aciona-mp-pela-nomeacao-de-concursados-da-guarda-municipal-e-fasc\\\/#blogposting\",\"name\":\"Simpa aciona MP pela nomea\\u00e7\\u00e3o de concursados da Guarda Municipal e Fasc | Arquivo\",\"headline\":\"Simpa aciona MP pela nomea\\u00e7\\u00e3o de concursados da Guarda Municipal e Fasc\",\"author\":{\"@id\":\"https:\\\/\\\/www.jornalja.com.br\\\/arquivo\\\/author\\\/daredacao\\\/#author\"},\"publisher\":{\"@id\":\"https:\\\/\\\/www.jornalja.com.br\\\/arquivo\\\/#organization\"},\"image\":{\"@type\":\"ImageObject\",\"url\":47334},\"datePublished\":\"2017-04-17T19:05:26-03:00\",\"dateModified\":\"2017-04-17T19:05:26-03:00\",\"inLanguage\":\"pt-BR\",\"mainEntityOfPage\":{\"@id\":\"https:\\\/\\\/www.jornalja.com.br\\\/arquivo\\\/simpa-aciona-mp-pela-nomeacao-de-concursados-da-guarda-municipal-e-fasc\\\/#webpage\"},\"isPartOf\":{\"@id\":\"https:\\\/\\\/www.jornalja.com.br\\\/arquivo\\\/simpa-aciona-mp-pela-nomeacao-de-concursados-da-guarda-municipal-e-fasc\\\/#webpage\"},\"articleSection\":\"Geral\"},{\"@type\":\"BreadcrumbList\",\"@id\":\"https:\\\/\\\/www.jornalja.com.br\\\/arquivo\\\/simpa-aciona-mp-pela-nomeacao-de-concursados-da-guarda-municipal-e-fasc\\\/#breadcrumblist\",\"itemListElement\":[{\"@type\":\"ListItem\",\"@id\":\"https:\\\/\\\/www.jornalja.com.br\\\/arquivo#listItem\",\"position\":1,\"name\":\"Home\",\"item\":\"https:\\\/\\\/www.jornalja.com.br\\\/arquivo\",\"nextItem\":{\"@type\":\"ListItem\",\"@id\":\"https:\\\/\\\/www.jornalja.com.br\\\/arquivo\\\/category\\\/geral\\\/#listItem\",\"name\":\"Geral\"}},{\"@type\":\"ListItem\",\"@id\":\"https:\\\/\\\/www.jornalja.com.br\\\/arquivo\\\/category\\\/geral\\\/#listItem\",\"position\":2,\"name\":\"Geral\",\"item\":\"https:\\\/\\\/www.jornalja.com.br\\\/arquivo\\\/category\\\/geral\\\/\",\"nextItem\":{\"@type\":\"ListItem\",\"@id\":\"https:\\\/\\\/www.jornalja.com.br\\\/arquivo\\\/simpa-aciona-mp-pela-nomeacao-de-concursados-da-guarda-municipal-e-fasc\\\/#listItem\",\"name\":\"Simpa aciona MP pela nomea\\u00e7\\u00e3o de concursados da Guarda Municipal e Fasc\"},\"previousItem\":{\"@type\":\"ListItem\",\"@id\":\"https:\\\/\\\/www.jornalja.com.br\\\/arquivo#listItem\",\"name\":\"Home\"}},{\"@type\":\"ListItem\",\"@id\":\"https:\\\/\\\/www.jornalja.com.br\\\/arquivo\\\/simpa-aciona-mp-pela-nomeacao-de-concursados-da-guarda-municipal-e-fasc\\\/#listItem\",\"position\":3,\"name\":\"Simpa aciona MP pela nomea\\u00e7\\u00e3o de concursados da Guarda Municipal e Fasc\",\"previousItem\":{\"@type\":\"ListItem\",\"@id\":\"https:\\\/\\\/www.jornalja.com.br\\\/arquivo\\\/category\\\/geral\\\/#listItem\",\"name\":\"Geral\"}}]},{\"@type\":\"Organization\",\"@id\":\"https:\\\/\\\/www.jornalja.com.br\\\/arquivo\\\/#organization\",\"name\":\"Jornal J\\u00c1\",\"description\":\"Jornal J\\u00c1 | Porto Alegre\",\"url\":\"https:\\\/\\\/www.jornalja.com.br\\\/arquivo\\\/\",\"telephone\":\"+555133307272\",\"logo\":{\"@type\":\"ImageObject\",\"url\":\"https:\\\/\\\/www.jornalja.com.br\\\/wp-content\\\/uploads\\\/cards\\\/JAslogan.png\",\"@id\":\"https:\\\/\\\/www.jornalja.com.br\\\/arquivo\\\/simpa-aciona-mp-pela-nomeacao-de-concursados-da-guarda-municipal-e-fasc\\\/#organizationLogo\"},\"image\":{\"@id\":\"https:\\\/\\\/www.jornalja.com.br\\\/arquivo\\\/simpa-aciona-mp-pela-nomeacao-de-concursados-da-guarda-municipal-e-fasc\\\/#organizationLogo\"}},{\"@type\":\"Person\",\"@id\":\"https:\\\/\\\/www.jornalja.com.br\\\/arquivo\\\/author\\\/daredacao\\\/#author\",\"url\":\"https:\\\/\\\/www.jornalja.com.br\\\/arquivo\\\/author\\\/daredacao\\\/\",\"name\":\"da Reda\\u00e7\\u00e3o\",\"image\":{\"@type\":\"ImageObject\",\"@id\":\"https:\\\/\\\/www.jornalja.com.br\\\/arquivo\\\/simpa-aciona-mp-pela-nomeacao-de-concursados-da-guarda-municipal-e-fasc\\\/#authorImage\",\"url\":\"https:\\\/\\\/secure.gravatar.com\\\/avatar\\\/469fd857d6605ad19919d27ed29d35a968a25f6e8fd9318356bbb7f57aae9c65?s=96&d=mm&r=g\",\"width\":96,\"height\":96,\"caption\":\"da Reda\\u00e7\\u00e3o\"}},{\"@type\":\"WebPage\",\"@id\":\"https:\\\/\\\/www.jornalja.com.br\\\/arquivo\\\/simpa-aciona-mp-pela-nomeacao-de-concursados-da-guarda-municipal-e-fasc\\\/#webpage\",\"url\":\"https:\\\/\\\/www.jornalja.com.br\\\/arquivo\\\/simpa-aciona-mp-pela-nomeacao-de-concursados-da-guarda-municipal-e-fasc\\\/\",\"name\":\"Simpa aciona MP pela nomea\\u00e7\\u00e3o de concursados da Guarda Municipal e Fasc | Arquivo\",\"inLanguage\":\"pt-BR\",\"isPartOf\":{\"@id\":\"https:\\\/\\\/www.jornalja.com.br\\\/arquivo\\\/#website\"},\"breadcrumb\":{\"@id\":\"https:\\\/\\\/www.jornalja.com.br\\\/arquivo\\\/simpa-aciona-mp-pela-nomeacao-de-concursados-da-guarda-municipal-e-fasc\\\/#breadcrumblist\"},\"author\":{\"@id\":\"https:\\\/\\\/www.jornalja.com.br\\\/arquivo\\\/author\\\/daredacao\\\/#author\"},\"creator\":{\"@id\":\"https:\\\/\\\/www.jornalja.com.br\\\/arquivo\\\/author\\\/daredacao\\\/#author\"},\"image\":{\"@type\":\"ImageObject\",\"url\":47334,\"@id\":\"https:\\\/\\\/www.jornalja.com.br\\\/arquivo\\\/simpa-aciona-mp-pela-nomeacao-de-concursados-da-guarda-municipal-e-fasc\\\/#mainImage\"},\"primaryImageOfPage\":{\"@id\":\"https:\\\/\\\/www.jornalja.com.br\\\/arquivo\\\/simpa-aciona-mp-pela-nomeacao-de-concursados-da-guarda-municipal-e-fasc\\\/#mainImage\"},\"datePublished\":\"2017-04-17T19:05:26-03:00\",\"dateModified\":\"2017-04-17T19:05:26-03:00\"},{\"@type\":\"WebSite\",\"@id\":\"https:\\\/\\\/www.jornalja.com.br\\\/arquivo\\\/#website\",\"url\":\"https:\\\/\\\/www.jornalja.com.br\\\/arquivo\\\/\",\"name\":\"Arquivo\",\"description\":\"Jornal J\\u00c1 | Porto Alegre\",\"inLanguage\":\"pt-BR\",\"publisher\":{\"@id\":\"https:\\\/\\\/www.jornalja.com.br\\\/arquivo\\\/#organization\"}}]}\n\t\t<\/script>\n\t\t<!-- All in One SEO -->\n\n","aioseo_head_json":{"title":"Simpa aciona MP pela nomea\u00e7\u00e3o de concursados da Guarda Municipal e Fasc | Arquivo","description":"","canonical_url":"https:\/\/www.jornalja.com.br\/arquivo\/simpa-aciona-mp-pela-nomeacao-de-concursados-da-guarda-municipal-e-fasc\/","robots":"max-image-preview:large","keywords":"","webmasterTools":{"miscellaneous":""},"schema":{"@context":"https:\/\/schema.org","@graph":[{"@type":"BlogPosting","@id":"https:\/\/www.jornalja.com.br\/arquivo\/simpa-aciona-mp-pela-nomeacao-de-concursados-da-guarda-municipal-e-fasc\/#blogposting","name":"Simpa aciona MP pela nomea\u00e7\u00e3o de concursados da Guarda Municipal e Fasc | Arquivo","headline":"Simpa aciona MP pela nomea\u00e7\u00e3o de concursados da Guarda Municipal e Fasc","author":{"@id":"https:\/\/www.jornalja.com.br\/arquivo\/author\/daredacao\/#author"},"publisher":{"@id":"https:\/\/www.jornalja.com.br\/arquivo\/#organization"},"image":{"@type":"ImageObject","url":47334},"datePublished":"2017-04-17T19:05:26-03:00","dateModified":"2017-04-17T19:05:26-03:00","inLanguage":"pt-BR","mainEntityOfPage":{"@id":"https:\/\/www.jornalja.com.br\/arquivo\/simpa-aciona-mp-pela-nomeacao-de-concursados-da-guarda-municipal-e-fasc\/#webpage"},"isPartOf":{"@id":"https:\/\/www.jornalja.com.br\/arquivo\/simpa-aciona-mp-pela-nomeacao-de-concursados-da-guarda-municipal-e-fasc\/#webpage"},"articleSection":"Geral"},{"@type":"BreadcrumbList","@id":"https:\/\/www.jornalja.com.br\/arquivo\/simpa-aciona-mp-pela-nomeacao-de-concursados-da-guarda-municipal-e-fasc\/#breadcrumblist","itemListElement":[{"@type":"ListItem","@id":"https:\/\/www.jornalja.com.br\/arquivo#listItem","position":1,"name":"Home","item":"https:\/\/www.jornalja.com.br\/arquivo","nextItem":{"@type":"ListItem","@id":"https:\/\/www.jornalja.com.br\/arquivo\/category\/geral\/#listItem","name":"Geral"}},{"@type":"ListItem","@id":"https:\/\/www.jornalja.com.br\/arquivo\/category\/geral\/#listItem","position":2,"name":"Geral","item":"https:\/\/www.jornalja.com.br\/arquivo\/category\/geral\/","nextItem":{"@type":"ListItem","@id":"https:\/\/www.jornalja.com.br\/arquivo\/simpa-aciona-mp-pela-nomeacao-de-concursados-da-guarda-municipal-e-fasc\/#listItem","name":"Simpa aciona MP pela nomea\u00e7\u00e3o de concursados da Guarda Municipal e Fasc"},"previousItem":{"@type":"ListItem","@id":"https:\/\/www.jornalja.com.br\/arquivo#listItem","name":"Home"}},{"@type":"ListItem","@id":"https:\/\/www.jornalja.com.br\/arquivo\/simpa-aciona-mp-pela-nomeacao-de-concursados-da-guarda-municipal-e-fasc\/#listItem","position":3,"name":"Simpa aciona MP pela nomea\u00e7\u00e3o de concursados da Guarda Municipal e Fasc","previousItem":{"@type":"ListItem","@id":"https:\/\/www.jornalja.com.br\/arquivo\/category\/geral\/#listItem","name":"Geral"}}]},{"@type":"Organization","@id":"https:\/\/www.jornalja.com.br\/arquivo\/#organization","name":"Jornal J\u00c1","description":"Jornal J\u00c1 | Porto Alegre","url":"https:\/\/www.jornalja.com.br\/arquivo\/","telephone":"+555133307272","logo":{"@type":"ImageObject","url":"https:\/\/www.jornalja.com.br\/wp-content\/uploads\/cards\/JAslogan.png","@id":"https:\/\/www.jornalja.com.br\/arquivo\/simpa-aciona-mp-pela-nomeacao-de-concursados-da-guarda-municipal-e-fasc\/#organizationLogo"},"image":{"@id":"https:\/\/www.jornalja.com.br\/arquivo\/simpa-aciona-mp-pela-nomeacao-de-concursados-da-guarda-municipal-e-fasc\/#organizationLogo"}},{"@type":"Person","@id":"https:\/\/www.jornalja.com.br\/arquivo\/author\/daredacao\/#author","url":"https:\/\/www.jornalja.com.br\/arquivo\/author\/daredacao\/","name":"da Reda\u00e7\u00e3o","image":{"@type":"ImageObject","@id":"https:\/\/www.jornalja.com.br\/arquivo\/simpa-aciona-mp-pela-nomeacao-de-concursados-da-guarda-municipal-e-fasc\/#authorImage","url":"https:\/\/secure.gravatar.com\/avatar\/469fd857d6605ad19919d27ed29d35a968a25f6e8fd9318356bbb7f57aae9c65?s=96&d=mm&r=g","width":96,"height":96,"caption":"da Reda\u00e7\u00e3o"}},{"@type":"WebPage","@id":"https:\/\/www.jornalja.com.br\/arquivo\/simpa-aciona-mp-pela-nomeacao-de-concursados-da-guarda-municipal-e-fasc\/#webpage","url":"https:\/\/www.jornalja.com.br\/arquivo\/simpa-aciona-mp-pela-nomeacao-de-concursados-da-guarda-municipal-e-fasc\/","name":"Simpa aciona MP pela nomea\u00e7\u00e3o de concursados da Guarda Municipal e Fasc | Arquivo","inLanguage":"pt-BR","isPartOf":{"@id":"https:\/\/www.jornalja.com.br\/arquivo\/#website"},"breadcrumb":{"@id":"https:\/\/www.jornalja.com.br\/arquivo\/simpa-aciona-mp-pela-nomeacao-de-concursados-da-guarda-municipal-e-fasc\/#breadcrumblist"},"author":{"@id":"https:\/\/www.jornalja.com.br\/arquivo\/author\/daredacao\/#author"},"creator":{"@id":"https:\/\/www.jornalja.com.br\/arquivo\/author\/daredacao\/#author"},"image":{"@type":"ImageObject","url":47334,"@id":"https:\/\/www.jornalja.com.br\/arquivo\/simpa-aciona-mp-pela-nomeacao-de-concursados-da-guarda-municipal-e-fasc\/#mainImage"},"primaryImageOfPage":{"@id":"https:\/\/www.jornalja.com.br\/arquivo\/simpa-aciona-mp-pela-nomeacao-de-concursados-da-guarda-municipal-e-fasc\/#mainImage"},"datePublished":"2017-04-17T19:05:26-03:00","dateModified":"2017-04-17T19:05:26-03:00"},{"@type":"WebSite","@id":"https:\/\/www.jornalja.com.br\/arquivo\/#website","url":"https:\/\/www.jornalja.com.br\/arquivo\/","name":"Arquivo","description":"Jornal J\u00c1 | Porto Alegre","inLanguage":"pt-BR","publisher":{"@id":"https:\/\/www.jornalja.com.br\/arquivo\/#organization"}}]},"og:locale":"pt_BR","og:site_name":"Arquivo | Jornal J\u00c1 | Porto Alegre","og:type":"article","og:title":"Simpa aciona MP pela nomea\u00e7\u00e3o de concursados da Guarda Municipal e Fasc | Arquivo","og:url":"https:\/\/www.jornalja.com.br\/arquivo\/simpa-aciona-mp-pela-nomeacao-de-concursados-da-guarda-municipal-e-fasc\/","og:image":"https:\/\/www.jornalja.com.br\/economics\/wp-content\/uploads\/sites\/11\/2026\/08\/ja-folhaderosto-facebook.jpg","og:image:secure_url":"https:\/\/www.jornalja.com.br\/economics\/wp-content\/uploads\/sites\/11\/2026\/08\/ja-folhaderosto-facebook.jpg","article:published_time":"2017-04-17T22:05:26+00:00","article:modified_time":"2017-04-17T22:05:26+00:00","twitter:card":"summary","twitter:title":"Simpa aciona MP pela nomea\u00e7\u00e3o de concursados da Guarda Municipal e Fasc | Arquivo","twitter:image":"https:\/\/www.jornalja.com.br\/economics\/wp-content\/uploads\/sites\/11\/2026\/08\/ja-folhaderosto-facebook.jpg"},"aioseo_meta_data":{"post_id":"47333","title":null,"description":null,"keywords":null,"keyphrases":null,"primary_term":null,"canonical_url":null,"og_title":null,"og_description":null,"og_object_type":"default","og_image_type":"default","og_image_url":null,"og_image_width":null,"og_image_height":null,"og_image_custom_url":null,"og_image_custom_fields":null,"og_video":null,"og_custom_url":null,"og_article_section":null,"og_article_tags":null,"twitter_use_og":false,"twitter_card":"default","twitter_image_type":"default","twitter_image_url":null,"twitter_image_custom_url":null,"twitter_image_custom_fields":null,"twitter_title":null,"twitter_description":null,"schema":{"blockGraphs":[],"customGraphs":[],"default":{"data":{"Article":[],"Course":[],"Dataset":[],"FAQPage":[],"Movie":[],"Person":[],"Product":[],"ProductReview":[],"Car":[],"Recipe":[],"Service":[],"SoftwareApplication":[],"WebPage":[]},"graphName":"","isEnabled":true},"graphs":[],"defaultGraph":"","defaultPostTypeGraph":""},"schema_type":null,"schema_type_options":null,"pillar_content":false,"robots_default":true,"robots_noindex":false,"robots_noarchive":false,"robots_nosnippet":false,"robots_nofollow":false,"robots_noimageindex":false,"robots_noodp":false,"robots_notranslate":false,"robots_max_snippet":null,"robots_max_videopreview":null,"robots_max_imagepreview":"large","priority":null,"frequency":null,"location":null,"local_seo":null,"breadcrumb_settings":null,"limit_modified_date":false,"ai":null,"created":"2020-12-20 20:37:39","updated":"2025-07-19 21:06:14","seo_analyzer_scan_date":null,"focus_keyword":null,"additional_keywords":null,"truseo_locale":null},"jetpack_sharing_enabled":true,"jetpack-related-posts":[{"id":13124,"url":"https:\/\/www.jornalja.com.br\/arquivo\/sangue-latino-no-iecine\/","url_meta":{"origin":47333,"position":0},"title":"Sangue latino no IECINE","author":"da Reda\u00e7\u00e3o","date":"18 de maio de 2014","format":false,"excerpt":"Francisco Ribeiro O Instituto Estadual de Cinema (IECINE) tem a frente, desde abril \u00faltimo, um novo diretor, o cineasta colombiano Juan Zapata, 36, que substitui Luiz Alberto Cassol. Radicado h\u00e1 dez anos em Porto Alegre, Zapata tem diante de si o desafio de conduzir at\u00e9 o final do ano um\u2026","rel":"","context":"Em &quot;Cultura-Geral&quot;","block_context":{"text":"Cultura-Geral","link":"https:\/\/www.jornalja.com.br\/arquivo\/category\/materiasecundaria\/"},"img":{"alt_text":"","src":"","width":0,"height":0},"classes":[]},{"id":12960,"url":"https:\/\/www.jornalja.com.br\/arquivo\/populacao-culpa-empresas-pela-greve-dos-rodoviarios\/","url_meta":{"origin":47333,"position":1},"title":"Popula\u00e7\u00e3o culpa empresas pela greve","author":"Patr\u00edcia Marini","date":"14 de fevereiro de 2014","format":false,"excerpt":"Pesquisa divulgada na edi\u00e7\u00e3o do jornal Metro desta sexta-feira,14, comprova o velho ditado: \u00e9 poss\u00edvel enganar muitos por algum tempo, mas n\u00e3o \u00e9 poss\u00edvel enganar a todos o tempo inteiro. A principal revela\u00e7\u00e3o foi que 59,8% dos entrevistados apontaram as empresas como as principais respons\u00e1veis pela grave e 46% culparam\u2026","rel":"","context":"Em &quot;X.Categorias velhas&quot;","block_context":{"text":"X.Categorias velhas","link":"https:\/\/www.jornalja.com.br\/arquivo\/category\/x-categorias-velhas\/"},"img":{"alt_text":"","src":"","width":0,"height":0},"classes":[]},{"id":13240,"url":"https:\/\/www.jornalja.com.br\/arquivo\/plano-diretor-estamos-construindo-o-caos\/","url_meta":{"origin":47333,"position":2},"title":"Plano diretor: &quot;Estamos construindo o caos&quot;","author":"Patr\u00edcia Marini","date":"26 de maio de 2014","format":false,"excerpt":"Desabafo que arquiteta Eliana Castilhos, delegada da Regi\u00e3o de Planejamento 1, postou nas redes sociais \u00e9 um testemunho do ambiente que se criou no Conselho do Plano Diretor de Porto Alegre, onde a aprova\u00e7\u00e3o de grandes empreendimentos \u00e9 empurrada guela abaixo dos conselheiros. Ao CMDUA Como delegada da Regi\u00e3o de\u2026","rel":"","context":"Em &quot;Geral&quot;","block_context":{"text":"Geral","link":"https:\/\/www.jornalja.com.br\/arquivo\/category\/geral\/"},"img":{"alt_text":"","src":"","width":0,"height":0},"classes":[]},{"id":1280,"url":"https:\/\/www.jornalja.com.br\/arquivo\/o-menino-que-se-tornou-brizola\/","url_meta":{"origin":47333,"position":3},"title":"O Menino que se Tornou Brizola","author":"da Reda\u00e7\u00e3o","date":"28 de julho de 2008","format":false,"excerpt":"Autor: Cleber Dioni A vida de Leonel Brizola, com \u00eanfase para os primeiros anos em Porto Alegre, at\u00e9 o ex\u00edlio no Uruguai e a volta, quinze anos depois. \u00a0\"...\u00c9ramos todos jovens e nos identific\u00e1vamos com aquela massa an\u00f4nima a percorrer as ruas de Porto Alegre, gritando 'Get\u00falio', 'Get\u00falio' e empunhando\u2026","rel":"","context":"Em &quot;Livros&quot;","block_context":{"text":"Livros","link":"https:\/\/www.jornalja.com.br\/arquivo\/category\/livros\/"},"img":{"alt_text":"","src":"https:\/\/i0.wp.com\/www.jornalja.com.br\/wp-content\/uploads\/2008\/07\/brizola.gif?resize=350%2C200&ssl=1","width":350,"height":200},"classes":[]},{"id":14241,"url":"https:\/\/www.jornalja.com.br\/arquivo\/o-guaiba-nas-imagens-poeticas-de-achutti\/","url_meta":{"origin":47333,"position":4},"title":"O Gua\u00edba nas imagens po\u00e9ticas de Achutti","author":"da Reda\u00e7\u00e3o","date":"18 de junho de 2014","format":false,"excerpt":"Em \u201cO Gua\u00edba por Achutti\u201d \u2013 obra financiada via Minist\u00e9rio da Cultura, produ\u00e7\u00e3o executiva de Pedro Longhi, e Fl\u00e1vio Wild como designer \u2013, o fot\u00f3grafo revela a beleza e as mazelas de um espa\u00e7o aqu\u00e1tico de \u00e1guas sempre renovadas, cheio de hist\u00f3rias e lendas como as das cidades que foram\u2026","rel":"","context":"Em &quot;Cultura-Geral&quot;","block_context":{"text":"Cultura-Geral","link":"https:\/\/www.jornalja.com.br\/arquivo\/category\/materiasecundaria\/"},"img":{"alt_text":"","src":"","width":0,"height":0},"classes":[]},{"id":5440,"url":"https:\/\/www.jornalja.com.br\/arquivo\/casarao-da-venancio-destino-permanece-incerto\/","url_meta":{"origin":47333,"position":5},"title":"Estado ainda n\u00e3o sabe o que fazer com casar\u00e3o abandonado h\u00e1 20 anos","author":"Elmar Bones","date":"6 de julho de 2009","format":false,"excerpt":"O casar\u00e3o amarelo, numa esquina nobre de Porto Alegre (Ven\u00e2ncio Aires com Jo\u00e3o Pessoa), j\u00e1 abrigou uma escola. H\u00e1 duas d\u00e9cadas, pelo menos, est\u00e1 abandonado, porque seu propriet\u00e1rio, o governo do Estado do Rio Grande do Sul, n\u00e3o consegue achar um destino para ele. Planos n\u00e3o faltaram. O governador Ol\u00edvio\u2026","rel":"","context":"Em &quot;X.Categorias velhas&quot;","block_context":{"text":"X.Categorias velhas","link":"https:\/\/www.jornalja.com.br\/arquivo\/category\/x-categorias-velhas\/"},"img":{"alt_text":"geraldo1","src":"https:\/\/i0.wp.com\/www.jornalja.com.br\/wp-content\/uploads\/2009\/07\/geraldo1.jpg?resize=350%2C200&ssl=1","width":350,"height":200},"classes":[]}],"jetpack_shortlink":"https:\/\/wp.me\/pbQjBd-cjr","jetpack_featured_media_url":"","_links":{"self":[{"href":"https:\/\/www.jornalja.com.br\/arquivo\/wp-json\/wp\/v2\/posts\/47333","targetHints":{"allow":["GET"]}}],"collection":[{"href":"https:\/\/www.jornalja.com.br\/arquivo\/wp-json\/wp\/v2\/posts"}],"about":[{"href":"https:\/\/www.jornalja.com.br\/arquivo\/wp-json\/wp\/v2\/types\/post"}],"author":[{"embeddable":true,"href":"https:\/\/www.jornalja.com.br\/arquivo\/wp-json\/wp\/v2\/users\/4"}],"replies":[{"embeddable":true,"href":"https:\/\/www.jornalja.com.br\/arquivo\/wp-json\/wp\/v2\/comments?post=47333"}],"version-history":[{"count":0,"href":"https:\/\/www.jornalja.com.br\/arquivo\/wp-json\/wp\/v2\/posts\/47333\/revisions"}],"wp:attachment":[{"href":"https:\/\/www.jornalja.com.br\/arquivo\/wp-json\/wp\/v2\/media?parent=47333"}],"wp:term":[{"taxonomy":"category","embeddable":true,"href":"https:\/\/www.jornalja.com.br\/arquivo\/wp-json\/wp\/v2\/categories?post=47333"},{"taxonomy":"post_tag","embeddable":true,"href":"https:\/\/www.jornalja.com.br\/arquivo\/wp-json\/wp\/v2\/tags?post=47333"}],"curies":[{"name":"wp","href":"https:\/\/api.w.org\/{rel}","templated":true}]}}