{"id":47342,"date":"2017-04-17T22:25:46","date_gmt":"2017-04-18T01:25:46","guid":{"rendered":"https:\/\/www.jornalja.com.br\/?p=47342"},"modified":"2017-04-17T22:25:46","modified_gmt":"2017-04-18T01:25:46","slug":"jornalista-da-tve-e-ameacado-de-demissao-por-comentario-no-facebook","status":"publish","type":"post","link":"https:\/\/www.jornalja.com.br\/arquivo\/jornalista-da-tve-e-ameacado-de-demissao-por-comentario-no-facebook\/","title":{"rendered":"Jornalista da TVE \u00e9 amea\u00e7ado de demiss\u00e3o por coment\u00e1rio no Facebook"},"content":{"rendered":"<p>O presidente da Funda\u00e7\u00e3o Piratini, Orestes de Andrade Junior, nomeou uma Comiss\u00e3o de Processo Administrativo Disciplinar para apurar a falta funcional do jornalista Alexandre Leboutte, por coment\u00e1rios feitos no Facebook.<br \/>\nClaudio Robes do Nascimento, Luiz Gustavo da Rosa Morais e Marcelo Vasconcelos da Silva integram a comiss\u00e3o que tem 30 dias para apurar os fatos, que podem levar \u00e0 demiss\u00e3o, por justa causa, de Leboutte, funcion\u00e1rio concursado com 20 anos no servi\u00e7o p\u00fablico.<br \/>\nO ato foi publicado no Di\u00e1rio Oficial do dia 31 de mar\u00e7o de 2017. A comiss\u00e3o tem 30 dias a partir da\u00ed para apresentar suas conclus\u00f5es.<br \/>\nO presidente da Funda\u00e7\u00e3o Piratini se considera ofendido por coment\u00e1rios feitos por Leboutte no Facebook a respeito de uma reuni\u00e3o com o jornalista Juarez Fonseca. Ele recebeu o jornalista e falou dos seus planos para a TVE e FM Cultura, que pertencem \u00e0 Funda\u00e7\u00e3o Piratini, que est\u00e1 em processo de extin\u00e7\u00e3o.<br \/>\nEm sua p\u00e1gina no Facebook, Juarez Fonseca se disse impressionado com os planos de Orestes para a TVE e FM Cultura, como emissoras p\u00fablicas.<br \/>\nLeboutte rebateu, dizendo que Orestes mente para esconder os verdadeiros planos do governo do Estado, para entregar a r\u00e1dio e a TV a grupos ligados ao PMDB. Junto com Laboutte est\u00e3o sendo arrolados outros quatro funcion\u00e1rios, por terem &#8220;curtido&#8221; os seus coment\u00e1rios na p\u00e1gina de Juarez Fonseca: Isa Bonorino, Lilian Situentes, Matheus Rosa e Marta Koth.<br \/>\nReprodu\u00e7\u00e3o da conversa na p\u00e1gina de Juarez Fonseca, em 28\/03\/2016:<\/p>\n<div>Juarez Fonseca:<\/div>\n<div><em>&#8220;TVE E FM CULTURA CONTINUAR\u00c3O<\/em><\/div>\n<p><em>@ Hoje estive durante mais de uma hora com o presidente da Funda\u00e7\u00e3o Piratini, Orestes de Andrade Jr., por convite dele. Foi uma conversa franca, da qual sa\u00ed bem impressionado com as ideias que Orestes tem para a TVE e a FM Cultura. Me garantiu ser uma quest\u00e3o de honra para ele a preserva\u00e7\u00e3o das duas emissoras e, mencionando v\u00e1rios n\u00fameros e raz\u00f5es, argumentou que a Funda\u00e7\u00e3o Piratini tornou-se com o tempo uma institui\u00e7\u00e3o pesada, onerosa e, enfim, i<span class=\"m_-742471451919991083m_5344585890614252185gmail-text_exposed_show\">nsustent\u00e1vel. Ser\u00e1 de fato extinta. Contou tamb\u00e9m que a tev\u00ea e a r\u00e1dio est\u00e3o passando por reestrutura\u00e7\u00f5es e que, j\u00e1 no in\u00edcio de abril, o hor\u00e1rio nobre da TVE ser\u00e1 ocupado por uma nova e diversificada programa\u00e7\u00e3o inteiramente local. Espero sinceramente que os planos e projetos de Orestes deem certo. E agrade\u00e7o por ter me convidado para uma conversa direta e sem preconceitos.<br \/>\nMas ficarei de olho.&#8221;<\/span><\/em><\/p>\n<div><em>Coment\u00e1rio de Alexandre Leboutte:<\/em><\/div>\n<div><\/div>\n<div><em>&#8220;<span class=\"m_-742471451919991083m_5344585890614252185gmail-UFICommentBody m_-742471451919991083m_5344585890614252185gmail-_1n4g\">Orestes deveria ser pastor. Ia ficar milion\u00e1rio enganando incautos. Caro Juarez, respeito muito teu trabalho. Converse com os funcion\u00e1rios da Funda\u00e7\u00e3o Piratini. Orestes mente muito, mas muito mesmo. A programa\u00e7\u00e3o continua sendo feita por funcion\u00e1rios concursados, mesmo essa mudan\u00e7a para o hor\u00e1rio entre 18h e 20h que est\u00e1 sendo proposta. \u00c9 feita por gente concursada. N\u00e3o tem como ser feita sem funcion\u00e1rios. Mesmo que fiquem os 30 CCs e passem a terceirizar alguma coisa, ainda precisa de muito funcion\u00e1rio concursado para p\u00f4r a TVE e a FM Cultura no ar, pois somos n\u00f3s &#8211; e os que por l\u00e1 passaram &#8211; que fazemos h\u00e1 tempos o que se conhece por TVE e FM Cultura. Outra mentira do Orestes: recursos foram aprovados pela Lei Rouanet para a Funda\u00e7\u00e3o Piratini utilizar em sua programa\u00e7\u00e3o. Por\u00e9m, com muita cara de pau da atual gest\u00e3o, a titularidade do projeto (e a gest\u00e3o dos recursos) foi repassada para uma &#8220;Associa\u00e7\u00e3o de Amigos&#8221; formada apenas por quadros do PMDB, a come\u00e7ar pelo presidente e vice. Posso te comprovar cada linha. Tenho c\u00f3pias de documentos, inclusive o que transfere a titularidade da capta\u00e7\u00e3o de recursos da ordem de R$ 7 milh\u00f5es. Por que terceirizar e quarteirizar o uso desse dinheiro? SEr\u00e1 que algu\u00e9m est\u00e1 ficando com uma beirada?&#8221;<\/span><\/em><\/div>\n<div><em><span class=\"m_-742471451919991083m_5344585890614252185gmail-UFICommentBody m_-742471451919991083m_5344585890614252185gmail-_1n4g\">\u00a0<\/span><\/em><\/div>\n<div><em><span class=\"m_-742471451919991083m_5344585890614252185gmail-UFICommentBody m_-742471451919991083m_5344585890614252185gmail-_1n4g\">Obs. Quando falo em algu\u00e9m levar &#8220;uma beirada&#8221; \u00e9 no sentido de que, quando tem um ou dois intermedi\u00e1rios, obviamente algu\u00e9m ganha comiss\u00e3o. Fui procurar um dos projetos da Leii Rouanet e o valor que receber\u00e1 o respons\u00e1vel pela capta\u00e7\u00e3o \u00e9 de R$ 100 mil.<\/span><\/em><\/div>\n<div><em><span class=\"m_-742471451919991083m_5344585890614252185gmail-UFICommentBody m_-742471451919991083m_5344585890614252185gmail-_1n4g\">\u00a0<\/span><\/em><\/div>\n<div><em><span class=\"m_-742471451919991083m_5344585890614252185gmail-UFICommentBody m_-742471451919991083m_5344585890614252185gmail-_1n4g\">Fico \u00e0 disposi\u00e7\u00e3o pra falar.<\/span><\/em><\/div>\n<div><em><span style=\"color: #1d2129;font-family: helvetica, arial, sans-serif\">Obrigado.<\/span><\/em><\/div>\n<div><em><span style=\"color: #1d2129;font-family: helvetica, arial, sans-serif\">Ab\u00e7.<\/span><\/em><\/div>\n<div><em><span style=\"color: #1d2129;font-family: helvetica, arial, sans-serif\">Alexandre Leboutte<\/span><\/em><\/div>\n<div><\/div>\n","protected":false},"excerpt":{"rendered":"<p>O presidente da Funda\u00e7\u00e3o Piratini, Orestes de Andrade Junior, nomeou uma Comiss\u00e3o de Processo Administrativo Disciplinar para apurar a falta funcional do jornalista Alexandre Leboutte, por coment\u00e1rios feitos no Facebook. Claudio Robes do Nascimento, Luiz Gustavo da Rosa Morais e Marcelo Vasconcelos da Silva integram a comiss\u00e3o que tem 30 dias para apurar os fatos, [&hellip;]<\/p>\n","protected":false},"author":4,"featured_media":47351,"comment_status":"open","ping_status":"closed","sticky":false,"template":"","format":"standard","meta":{"_jetpack_newsletter_access":"","_jetpack_dont_email_post_to_subs":false,"_jetpack_newsletter_tier_id":0,"_jetpack_memberships_contains_paywalled_content":false,"_jetpack_feature_clip_id":0,"_jetpack_memberships_contains_paid_content":false,"footnotes":"","jetpack_post_was_ever_published":false},"categories":[26],"tags":[],"class_list":["post-47342","post","type-post","status-publish","format-standard","has-post-thumbnail","hentry","category-geral"],"aioseo_notices":[],"aioseo_head":"\n\t\t<!-- All in One SEO 5.0.1.1 - aioseo.com -->\n\t<meta name=\"robots\" content=\"max-image-preview:large\" \/>\n\t<meta name=\"author\" content=\"da Reda\u00e7\u00e3o\"\/>\n\t<link rel=\"canonical\" href=\"https:\/\/www.jornalja.com.br\/arquivo\/jornalista-da-tve-e-ameacado-de-demissao-por-comentario-no-facebook\/\" \/>\n\t<meta name=\"generator\" content=\"All in One SEO (AIOSEO) 5.0.1.1\" \/>\n\t\t<meta property=\"og:locale\" content=\"pt_BR\" \/>\n\t\t<meta property=\"og:site_name\" content=\"Arquivo | Jornal J\u00c1 | Porto Alegre\" \/>\n\t\t<meta property=\"og:type\" content=\"article\" \/>\n\t\t<meta property=\"og:title\" content=\"Jornalista da TVE \u00e9 amea\u00e7ado de demiss\u00e3o por coment\u00e1rio no Facebook | Arquivo\" \/>\n\t\t<meta property=\"og:url\" content=\"https:\/\/www.jornalja.com.br\/arquivo\/jornalista-da-tve-e-ameacado-de-demissao-por-comentario-no-facebook\/\" \/>\n\t\t<meta property=\"og:image\" content=\"https:\/\/www.jornalja.com.br\/economics\/wp-content\/uploads\/sites\/11\/2026\/08\/ja-folhaderosto-facebook.jpg\" \/>\n\t\t<meta property=\"og:image:secure_url\" content=\"https:\/\/www.jornalja.com.br\/economics\/wp-content\/uploads\/sites\/11\/2026\/08\/ja-folhaderosto-facebook.jpg\" \/>\n\t\t<meta property=\"article:published_time\" content=\"2017-04-18T01:25:46+00:00\" \/>\n\t\t<meta property=\"article:modified_time\" content=\"2017-04-18T01:25:46+00:00\" \/>\n\t\t<meta name=\"twitter:card\" content=\"summary\" \/>\n\t\t<meta name=\"twitter:title\" content=\"Jornalista da TVE \u00e9 amea\u00e7ado de demiss\u00e3o por coment\u00e1rio no Facebook | Arquivo\" \/>\n\t\t<meta name=\"twitter:image\" content=\"https:\/\/www.jornalja.com.br\/economics\/wp-content\/uploads\/sites\/11\/2026\/08\/ja-folhaderosto-facebook.jpg\" \/>\n\t\t<script type=\"application\/ld+json\" class=\"aioseo-schema\">\n\t\t\t{\"@context\":\"https:\\\/\\\/schema.org\",\"@graph\":[{\"@type\":\"BlogPosting\",\"@id\":\"https:\\\/\\\/www.jornalja.com.br\\\/arquivo\\\/jornalista-da-tve-e-ameacado-de-demissao-por-comentario-no-facebook\\\/#blogposting\",\"name\":\"Jornalista da TVE \\u00e9 amea\\u00e7ado de demiss\\u00e3o por coment\\u00e1rio no Facebook | Arquivo\",\"headline\":\"Jornalista da TVE \\u00e9 amea\\u00e7ado de demiss\\u00e3o por coment\\u00e1rio no Facebook\",\"author\":{\"@id\":\"https:\\\/\\\/www.jornalja.com.br\\\/arquivo\\\/author\\\/daredacao\\\/#author\"},\"publisher\":{\"@id\":\"https:\\\/\\\/www.jornalja.com.br\\\/arquivo\\\/#organization\"},\"image\":{\"@type\":\"ImageObject\",\"url\":47351},\"datePublished\":\"2017-04-17T22:25:46-03:00\",\"dateModified\":\"2017-04-17T22:25:46-03:00\",\"inLanguage\":\"pt-BR\",\"commentCount\":2,\"mainEntityOfPage\":{\"@id\":\"https:\\\/\\\/www.jornalja.com.br\\\/arquivo\\\/jornalista-da-tve-e-ameacado-de-demissao-por-comentario-no-facebook\\\/#webpage\"},\"isPartOf\":{\"@id\":\"https:\\\/\\\/www.jornalja.com.br\\\/arquivo\\\/jornalista-da-tve-e-ameacado-de-demissao-por-comentario-no-facebook\\\/#webpage\"},\"articleSection\":\"Geral\"},{\"@type\":\"BreadcrumbList\",\"@id\":\"https:\\\/\\\/www.jornalja.com.br\\\/arquivo\\\/jornalista-da-tve-e-ameacado-de-demissao-por-comentario-no-facebook\\\/#breadcrumblist\",\"itemListElement\":[{\"@type\":\"ListItem\",\"@id\":\"https:\\\/\\\/www.jornalja.com.br\\\/arquivo#listItem\",\"position\":1,\"name\":\"Home\",\"item\":\"https:\\\/\\\/www.jornalja.com.br\\\/arquivo\",\"nextItem\":{\"@type\":\"ListItem\",\"@id\":\"https:\\\/\\\/www.jornalja.com.br\\\/arquivo\\\/category\\\/geral\\\/#listItem\",\"name\":\"Geral\"}},{\"@type\":\"ListItem\",\"@id\":\"https:\\\/\\\/www.jornalja.com.br\\\/arquivo\\\/category\\\/geral\\\/#listItem\",\"position\":2,\"name\":\"Geral\",\"item\":\"https:\\\/\\\/www.jornalja.com.br\\\/arquivo\\\/category\\\/geral\\\/\",\"nextItem\":{\"@type\":\"ListItem\",\"@id\":\"https:\\\/\\\/www.jornalja.com.br\\\/arquivo\\\/jornalista-da-tve-e-ameacado-de-demissao-por-comentario-no-facebook\\\/#listItem\",\"name\":\"Jornalista da TVE \\u00e9 amea\\u00e7ado de demiss\\u00e3o por coment\\u00e1rio no Facebook\"},\"previousItem\":{\"@type\":\"ListItem\",\"@id\":\"https:\\\/\\\/www.jornalja.com.br\\\/arquivo#listItem\",\"name\":\"Home\"}},{\"@type\":\"ListItem\",\"@id\":\"https:\\\/\\\/www.jornalja.com.br\\\/arquivo\\\/jornalista-da-tve-e-ameacado-de-demissao-por-comentario-no-facebook\\\/#listItem\",\"position\":3,\"name\":\"Jornalista da TVE \\u00e9 amea\\u00e7ado de demiss\\u00e3o por coment\\u00e1rio no Facebook\",\"previousItem\":{\"@type\":\"ListItem\",\"@id\":\"https:\\\/\\\/www.jornalja.com.br\\\/arquivo\\\/category\\\/geral\\\/#listItem\",\"name\":\"Geral\"}}]},{\"@type\":\"Organization\",\"@id\":\"https:\\\/\\\/www.jornalja.com.br\\\/arquivo\\\/#organization\",\"name\":\"Jornal J\\u00c1\",\"description\":\"Jornal J\\u00c1 | Porto Alegre\",\"url\":\"https:\\\/\\\/www.jornalja.com.br\\\/arquivo\\\/\",\"telephone\":\"+555133307272\",\"logo\":{\"@type\":\"ImageObject\",\"url\":\"https:\\\/\\\/www.jornalja.com.br\\\/wp-content\\\/uploads\\\/cards\\\/JAslogan.png\",\"@id\":\"https:\\\/\\\/www.jornalja.com.br\\\/arquivo\\\/jornalista-da-tve-e-ameacado-de-demissao-por-comentario-no-facebook\\\/#organizationLogo\"},\"image\":{\"@id\":\"https:\\\/\\\/www.jornalja.com.br\\\/arquivo\\\/jornalista-da-tve-e-ameacado-de-demissao-por-comentario-no-facebook\\\/#organizationLogo\"}},{\"@type\":\"Person\",\"@id\":\"https:\\\/\\\/www.jornalja.com.br\\\/arquivo\\\/author\\\/daredacao\\\/#author\",\"url\":\"https:\\\/\\\/www.jornalja.com.br\\\/arquivo\\\/author\\\/daredacao\\\/\",\"name\":\"da Reda\\u00e7\\u00e3o\",\"image\":{\"@type\":\"ImageObject\",\"@id\":\"https:\\\/\\\/www.jornalja.com.br\\\/arquivo\\\/jornalista-da-tve-e-ameacado-de-demissao-por-comentario-no-facebook\\\/#authorImage\",\"url\":\"https:\\\/\\\/secure.gravatar.com\\\/avatar\\\/469fd857d6605ad19919d27ed29d35a968a25f6e8fd9318356bbb7f57aae9c65?s=96&d=mm&r=g\",\"width\":96,\"height\":96,\"caption\":\"da Reda\\u00e7\\u00e3o\"}},{\"@type\":\"WebPage\",\"@id\":\"https:\\\/\\\/www.jornalja.com.br\\\/arquivo\\\/jornalista-da-tve-e-ameacado-de-demissao-por-comentario-no-facebook\\\/#webpage\",\"url\":\"https:\\\/\\\/www.jornalja.com.br\\\/arquivo\\\/jornalista-da-tve-e-ameacado-de-demissao-por-comentario-no-facebook\\\/\",\"name\":\"Jornalista da TVE \\u00e9 amea\\u00e7ado de demiss\\u00e3o por coment\\u00e1rio no Facebook | Arquivo\",\"inLanguage\":\"pt-BR\",\"isPartOf\":{\"@id\":\"https:\\\/\\\/www.jornalja.com.br\\\/arquivo\\\/#website\"},\"breadcrumb\":{\"@id\":\"https:\\\/\\\/www.jornalja.com.br\\\/arquivo\\\/jornalista-da-tve-e-ameacado-de-demissao-por-comentario-no-facebook\\\/#breadcrumblist\"},\"author\":{\"@id\":\"https:\\\/\\\/www.jornalja.com.br\\\/arquivo\\\/author\\\/daredacao\\\/#author\"},\"creator\":{\"@id\":\"https:\\\/\\\/www.jornalja.com.br\\\/arquivo\\\/author\\\/daredacao\\\/#author\"},\"image\":{\"@type\":\"ImageObject\",\"url\":47351,\"@id\":\"https:\\\/\\\/www.jornalja.com.br\\\/arquivo\\\/jornalista-da-tve-e-ameacado-de-demissao-por-comentario-no-facebook\\\/#mainImage\"},\"primaryImageOfPage\":{\"@id\":\"https:\\\/\\\/www.jornalja.com.br\\\/arquivo\\\/jornalista-da-tve-e-ameacado-de-demissao-por-comentario-no-facebook\\\/#mainImage\"},\"datePublished\":\"2017-04-17T22:25:46-03:00\",\"dateModified\":\"2017-04-17T22:25:46-03:00\"},{\"@type\":\"WebSite\",\"@id\":\"https:\\\/\\\/www.jornalja.com.br\\\/arquivo\\\/#website\",\"url\":\"https:\\\/\\\/www.jornalja.com.br\\\/arquivo\\\/\",\"name\":\"Arquivo\",\"description\":\"Jornal J\\u00c1 | Porto Alegre\",\"inLanguage\":\"pt-BR\",\"publisher\":{\"@id\":\"https:\\\/\\\/www.jornalja.com.br\\\/arquivo\\\/#organization\"}}]}\n\t\t<\/script>\n\t\t<!-- All in One SEO -->\n\n","aioseo_head_json":{"title":"Jornalista da TVE \u00e9 amea\u00e7ado de demiss\u00e3o por coment\u00e1rio no Facebook | Arquivo","description":"","canonical_url":"https:\/\/www.jornalja.com.br\/arquivo\/jornalista-da-tve-e-ameacado-de-demissao-por-comentario-no-facebook\/","robots":"max-image-preview:large","keywords":"","webmasterTools":{"miscellaneous":""},"schema":{"@context":"https:\/\/schema.org","@graph":[{"@type":"BlogPosting","@id":"https:\/\/www.jornalja.com.br\/arquivo\/jornalista-da-tve-e-ameacado-de-demissao-por-comentario-no-facebook\/#blogposting","name":"Jornalista da TVE \u00e9 amea\u00e7ado de demiss\u00e3o por coment\u00e1rio no Facebook | Arquivo","headline":"Jornalista da TVE \u00e9 amea\u00e7ado de demiss\u00e3o por coment\u00e1rio no Facebook","author":{"@id":"https:\/\/www.jornalja.com.br\/arquivo\/author\/daredacao\/#author"},"publisher":{"@id":"https:\/\/www.jornalja.com.br\/arquivo\/#organization"},"image":{"@type":"ImageObject","url":47351},"datePublished":"2017-04-17T22:25:46-03:00","dateModified":"2017-04-17T22:25:46-03:00","inLanguage":"pt-BR","commentCount":2,"mainEntityOfPage":{"@id":"https:\/\/www.jornalja.com.br\/arquivo\/jornalista-da-tve-e-ameacado-de-demissao-por-comentario-no-facebook\/#webpage"},"isPartOf":{"@id":"https:\/\/www.jornalja.com.br\/arquivo\/jornalista-da-tve-e-ameacado-de-demissao-por-comentario-no-facebook\/#webpage"},"articleSection":"Geral"},{"@type":"BreadcrumbList","@id":"https:\/\/www.jornalja.com.br\/arquivo\/jornalista-da-tve-e-ameacado-de-demissao-por-comentario-no-facebook\/#breadcrumblist","itemListElement":[{"@type":"ListItem","@id":"https:\/\/www.jornalja.com.br\/arquivo#listItem","position":1,"name":"Home","item":"https:\/\/www.jornalja.com.br\/arquivo","nextItem":{"@type":"ListItem","@id":"https:\/\/www.jornalja.com.br\/arquivo\/category\/geral\/#listItem","name":"Geral"}},{"@type":"ListItem","@id":"https:\/\/www.jornalja.com.br\/arquivo\/category\/geral\/#listItem","position":2,"name":"Geral","item":"https:\/\/www.jornalja.com.br\/arquivo\/category\/geral\/","nextItem":{"@type":"ListItem","@id":"https:\/\/www.jornalja.com.br\/arquivo\/jornalista-da-tve-e-ameacado-de-demissao-por-comentario-no-facebook\/#listItem","name":"Jornalista da TVE \u00e9 amea\u00e7ado de demiss\u00e3o por coment\u00e1rio no Facebook"},"previousItem":{"@type":"ListItem","@id":"https:\/\/www.jornalja.com.br\/arquivo#listItem","name":"Home"}},{"@type":"ListItem","@id":"https:\/\/www.jornalja.com.br\/arquivo\/jornalista-da-tve-e-ameacado-de-demissao-por-comentario-no-facebook\/#listItem","position":3,"name":"Jornalista da TVE \u00e9 amea\u00e7ado de demiss\u00e3o por coment\u00e1rio no Facebook","previousItem":{"@type":"ListItem","@id":"https:\/\/www.jornalja.com.br\/arquivo\/category\/geral\/#listItem","name":"Geral"}}]},{"@type":"Organization","@id":"https:\/\/www.jornalja.com.br\/arquivo\/#organization","name":"Jornal J\u00c1","description":"Jornal J\u00c1 | Porto Alegre","url":"https:\/\/www.jornalja.com.br\/arquivo\/","telephone":"+555133307272","logo":{"@type":"ImageObject","url":"https:\/\/www.jornalja.com.br\/wp-content\/uploads\/cards\/JAslogan.png","@id":"https:\/\/www.jornalja.com.br\/arquivo\/jornalista-da-tve-e-ameacado-de-demissao-por-comentario-no-facebook\/#organizationLogo"},"image":{"@id":"https:\/\/www.jornalja.com.br\/arquivo\/jornalista-da-tve-e-ameacado-de-demissao-por-comentario-no-facebook\/#organizationLogo"}},{"@type":"Person","@id":"https:\/\/www.jornalja.com.br\/arquivo\/author\/daredacao\/#author","url":"https:\/\/www.jornalja.com.br\/arquivo\/author\/daredacao\/","name":"da Reda\u00e7\u00e3o","image":{"@type":"ImageObject","@id":"https:\/\/www.jornalja.com.br\/arquivo\/jornalista-da-tve-e-ameacado-de-demissao-por-comentario-no-facebook\/#authorImage","url":"https:\/\/secure.gravatar.com\/avatar\/469fd857d6605ad19919d27ed29d35a968a25f6e8fd9318356bbb7f57aae9c65?s=96&d=mm&r=g","width":96,"height":96,"caption":"da Reda\u00e7\u00e3o"}},{"@type":"WebPage","@id":"https:\/\/www.jornalja.com.br\/arquivo\/jornalista-da-tve-e-ameacado-de-demissao-por-comentario-no-facebook\/#webpage","url":"https:\/\/www.jornalja.com.br\/arquivo\/jornalista-da-tve-e-ameacado-de-demissao-por-comentario-no-facebook\/","name":"Jornalista da TVE \u00e9 amea\u00e7ado de demiss\u00e3o por coment\u00e1rio no Facebook | Arquivo","inLanguage":"pt-BR","isPartOf":{"@id":"https:\/\/www.jornalja.com.br\/arquivo\/#website"},"breadcrumb":{"@id":"https:\/\/www.jornalja.com.br\/arquivo\/jornalista-da-tve-e-ameacado-de-demissao-por-comentario-no-facebook\/#breadcrumblist"},"author":{"@id":"https:\/\/www.jornalja.com.br\/arquivo\/author\/daredacao\/#author"},"creator":{"@id":"https:\/\/www.jornalja.com.br\/arquivo\/author\/daredacao\/#author"},"image":{"@type":"ImageObject","url":47351,"@id":"https:\/\/www.jornalja.com.br\/arquivo\/jornalista-da-tve-e-ameacado-de-demissao-por-comentario-no-facebook\/#mainImage"},"primaryImageOfPage":{"@id":"https:\/\/www.jornalja.com.br\/arquivo\/jornalista-da-tve-e-ameacado-de-demissao-por-comentario-no-facebook\/#mainImage"},"datePublished":"2017-04-17T22:25:46-03:00","dateModified":"2017-04-17T22:25:46-03:00"},{"@type":"WebSite","@id":"https:\/\/www.jornalja.com.br\/arquivo\/#website","url":"https:\/\/www.jornalja.com.br\/arquivo\/","name":"Arquivo","description":"Jornal J\u00c1 | Porto Alegre","inLanguage":"pt-BR","publisher":{"@id":"https:\/\/www.jornalja.com.br\/arquivo\/#organization"}}]},"og:locale":"pt_BR","og:site_name":"Arquivo | Jornal J\u00c1 | Porto Alegre","og:type":"article","og:title":"Jornalista da TVE \u00e9 amea\u00e7ado de demiss\u00e3o por coment\u00e1rio no Facebook | Arquivo","og:url":"https:\/\/www.jornalja.com.br\/arquivo\/jornalista-da-tve-e-ameacado-de-demissao-por-comentario-no-facebook\/","og:image":"https:\/\/www.jornalja.com.br\/economics\/wp-content\/uploads\/sites\/11\/2026\/08\/ja-folhaderosto-facebook.jpg","og:image:secure_url":"https:\/\/www.jornalja.com.br\/economics\/wp-content\/uploads\/sites\/11\/2026\/08\/ja-folhaderosto-facebook.jpg","article:published_time":"2017-04-18T01:25:46+00:00","article:modified_time":"2017-04-18T01:25:46+00:00","twitter:card":"summary","twitter:title":"Jornalista da TVE \u00e9 amea\u00e7ado de demiss\u00e3o por coment\u00e1rio no Facebook | Arquivo","twitter:image":"https:\/\/www.jornalja.com.br\/economics\/wp-content\/uploads\/sites\/11\/2026\/08\/ja-folhaderosto-facebook.jpg"},"aioseo_meta_data":{"post_id":"47342","title":null,"description":null,"keywords":null,"keyphrases":null,"primary_term":null,"canonical_url":null,"og_title":null,"og_description":null,"og_object_type":"default","og_image_type":"default","og_image_url":null,"og_image_width":null,"og_image_height":null,"og_image_custom_url":null,"og_image_custom_fields":null,"og_video":null,"og_custom_url":null,"og_article_section":null,"og_article_tags":null,"twitter_use_og":false,"twitter_card":"default","twitter_image_type":"default","twitter_image_url":null,"twitter_image_custom_url":null,"twitter_image_custom_fields":null,"twitter_title":null,"twitter_description":null,"schema":{"blockGraphs":[],"customGraphs":[],"default":{"data":{"Article":[],"Course":[],"Dataset":[],"FAQPage":[],"Movie":[],"Person":[],"Product":[],"ProductReview":[],"Car":[],"Recipe":[],"Service":[],"SoftwareApplication":[],"WebPage":[]},"graphName":"","isEnabled":true},"graphs":[]},"schema_type":null,"schema_type_options":null,"pillar_content":false,"robots_default":true,"robots_noindex":false,"robots_noarchive":false,"robots_nosnippet":false,"robots_nofollow":false,"robots_noimageindex":false,"robots_noodp":false,"robots_notranslate":false,"robots_max_snippet":null,"robots_max_videopreview":null,"robots_max_imagepreview":"large","priority":null,"frequency":null,"location":null,"local_seo":null,"breadcrumb_settings":null,"limit_modified_date":false,"ai":null,"created":"2020-12-20 20:37:39","updated":"2025-07-19 21:06:14","seo_analyzer_scan_date":null,"focus_keyword":null,"additional_keywords":null,"truseo_locale":null},"jetpack_sharing_enabled":true,"jetpack-related-posts":[{"id":12960,"url":"https:\/\/www.jornalja.com.br\/arquivo\/populacao-culpa-empresas-pela-greve-dos-rodoviarios\/","url_meta":{"origin":47342,"position":0},"title":"Popula\u00e7\u00e3o culpa empresas pela greve","author":"Patr\u00edcia Marini","date":"14 de fevereiro de 2014","format":false,"excerpt":"Pesquisa divulgada na edi\u00e7\u00e3o do jornal Metro desta sexta-feira,14, comprova o velho ditado: \u00e9 poss\u00edvel enganar muitos por algum tempo, mas n\u00e3o \u00e9 poss\u00edvel enganar a todos o tempo inteiro. A principal revela\u00e7\u00e3o foi que 59,8% dos entrevistados apontaram as empresas como as principais respons\u00e1veis pela grave e 46% culparam\u2026","rel":"","context":"Em &quot;X.Categorias velhas&quot;","block_context":{"text":"X.Categorias velhas","link":"https:\/\/www.jornalja.com.br\/arquivo\/category\/x-categorias-velhas\/"},"img":{"alt_text":"","src":"","width":0,"height":0},"classes":[]},{"id":13101,"url":"https:\/\/www.jornalja.com.br\/arquivo\/morre-um-guerreiro-do-texto\/","url_meta":{"origin":47342,"position":1},"title":"Morre um guerreiro do texto","author":"Patr\u00edcia Marini","date":"14 de maio de 2014","format":false,"excerpt":"Por Ricardo Kotscho Reproduzido do blog do autor, 11\/5\/2014; t\u00edtulo original \u201cE l\u00e1 se foi o nosso Myltainho, guerreiro do texto\u201d. Mi\u00fado e franzino, meu amigo Myltainho era um valente e inconformado guerreiro na luta contra as injusti\u00e7as sociais, a hipocrisia, as maracutaias, o autoritarismo, a intoler\u00e2ncia, a viol\u00eancia, o\u2026","rel":"","context":"Em &quot;Geral&quot;","block_context":{"text":"Geral","link":"https:\/\/www.jornalja.com.br\/arquivo\/category\/geral\/"},"img":{"alt_text":"","src":"","width":0,"height":0},"classes":[]},{"id":14241,"url":"https:\/\/www.jornalja.com.br\/arquivo\/o-guaiba-nas-imagens-poeticas-de-achutti\/","url_meta":{"origin":47342,"position":2},"title":"O Gua\u00edba nas imagens po\u00e9ticas de Achutti","author":"da Reda\u00e7\u00e3o","date":"18 de junho de 2014","format":false,"excerpt":"Em \u201cO Gua\u00edba por Achutti\u201d \u2013 obra financiada via Minist\u00e9rio da Cultura, produ\u00e7\u00e3o executiva de Pedro Longhi, e Fl\u00e1vio Wild como designer \u2013, o fot\u00f3grafo revela a beleza e as mazelas de um espa\u00e7o aqu\u00e1tico de \u00e1guas sempre renovadas, cheio de hist\u00f3rias e lendas como as das cidades que foram\u2026","rel":"","context":"Em &quot;Cultura-Geral&quot;","block_context":{"text":"Cultura-Geral","link":"https:\/\/www.jornalja.com.br\/arquivo\/category\/materiasecundaria\/"},"img":{"alt_text":"","src":"","width":0,"height":0},"classes":[]},{"id":13124,"url":"https:\/\/www.jornalja.com.br\/arquivo\/sangue-latino-no-iecine\/","url_meta":{"origin":47342,"position":3},"title":"Sangue latino no IECINE","author":"da Reda\u00e7\u00e3o","date":"18 de maio de 2014","format":false,"excerpt":"Francisco Ribeiro O Instituto Estadual de Cinema (IECINE) tem a frente, desde abril \u00faltimo, um novo diretor, o cineasta colombiano Juan Zapata, 36, que substitui Luiz Alberto Cassol. Radicado h\u00e1 dez anos em Porto Alegre, Zapata tem diante de si o desafio de conduzir at\u00e9 o final do ano um\u2026","rel":"","context":"Em &quot;Cultura-Geral&quot;","block_context":{"text":"Cultura-Geral","link":"https:\/\/www.jornalja.com.br\/arquivo\/category\/materiasecundaria\/"},"img":{"alt_text":"","src":"","width":0,"height":0},"classes":[]},{"id":5440,"url":"https:\/\/www.jornalja.com.br\/arquivo\/casarao-da-venancio-destino-permanece-incerto\/","url_meta":{"origin":47342,"position":4},"title":"Estado ainda n\u00e3o sabe o que fazer com casar\u00e3o abandonado h\u00e1 20 anos","author":"Elmar Bones","date":"6 de julho de 2009","format":false,"excerpt":"O casar\u00e3o amarelo, numa esquina nobre de Porto Alegre (Ven\u00e2ncio Aires com Jo\u00e3o Pessoa), j\u00e1 abrigou uma escola. H\u00e1 duas d\u00e9cadas, pelo menos, est\u00e1 abandonado, porque seu propriet\u00e1rio, o governo do Estado do Rio Grande do Sul, n\u00e3o consegue achar um destino para ele. Planos n\u00e3o faltaram. O governador Ol\u00edvio\u2026","rel":"","context":"Em &quot;X.Categorias velhas&quot;","block_context":{"text":"X.Categorias velhas","link":"https:\/\/www.jornalja.com.br\/arquivo\/category\/x-categorias-velhas\/"},"img":{"alt_text":"geraldo1","src":"https:\/\/i0.wp.com\/www.jornalja.com.br\/wp-content\/uploads\/2009\/07\/geraldo1.jpg?resize=350%2C200&ssl=1","width":350,"height":200},"classes":[]},{"id":13109,"url":"https:\/\/www.jornalja.com.br\/arquivo\/judiciario-reconhece-poluicao-eletromagnetica\/","url_meta":{"origin":47342,"position":5},"title":"Judici\u00e1rio reconhece polui\u00e7\u00e3o eletromagn\u00e9tica","author":"Patr\u00edcia Marini","date":"16 de maio de 2014","format":false,"excerpt":"A\u00e7\u00e3o de duas associa\u00e7\u00f5es de moradores foi acolhida pelo Tribunal de Justi\u00e7a de S\u00e3o Paulo que. em decis\u00e3o in\u00e9dita, determinou a redu\u00e7\u00e3o do campo eletromagn\u00e9tico gerado pelas linhas de transmiss\u00e3o de energia que cortam os bairros City Boa\u00e7ava e Alto de Pinheiros. \u00c9 a primeira vez que um tribunal do\u2026","rel":"","context":"Em &quot;X.Categorias velhas&quot;","block_context":{"text":"X.Categorias velhas","link":"https:\/\/www.jornalja.com.br\/arquivo\/category\/x-categorias-velhas\/"},"img":{"alt_text":"","src":"","width":0,"height":0},"classes":[]}],"jetpack_shortlink":"https:\/\/wp.me\/pbQjBd-cjA","jetpack_featured_media_url":"","_links":{"self":[{"href":"https:\/\/www.jornalja.com.br\/arquivo\/wp-json\/wp\/v2\/posts\/47342","targetHints":{"allow":["GET"]}}],"collection":[{"href":"https:\/\/www.jornalja.com.br\/arquivo\/wp-json\/wp\/v2\/posts"}],"about":[{"href":"https:\/\/www.jornalja.com.br\/arquivo\/wp-json\/wp\/v2\/types\/post"}],"author":[{"embeddable":true,"href":"https:\/\/www.jornalja.com.br\/arquivo\/wp-json\/wp\/v2\/users\/4"}],"replies":[{"embeddable":true,"href":"https:\/\/www.jornalja.com.br\/arquivo\/wp-json\/wp\/v2\/comments?post=47342"}],"version-history":[{"count":0,"href":"https:\/\/www.jornalja.com.br\/arquivo\/wp-json\/wp\/v2\/posts\/47342\/revisions"}],"wp:attachment":[{"href":"https:\/\/www.jornalja.com.br\/arquivo\/wp-json\/wp\/v2\/media?parent=47342"}],"wp:term":[{"taxonomy":"category","embeddable":true,"href":"https:\/\/www.jornalja.com.br\/arquivo\/wp-json\/wp\/v2\/categories?post=47342"},{"taxonomy":"post_tag","embeddable":true,"href":"https:\/\/www.jornalja.com.br\/arquivo\/wp-json\/wp\/v2\/tags?post=47342"}],"curies":[{"name":"wp","href":"https:\/\/api.w.org\/{rel}","templated":true}]}}