{"id":47387,"date":"2017-04-19T09:58:04","date_gmt":"2017-04-19T12:58:04","guid":{"rendered":"https:\/\/www.jornalja.com.br\/?p=47387"},"modified":"2017-04-19T09:58:04","modified_gmt":"2017-04-19T12:58:04","slug":"unidade-medica-no-parque-marinha-oferece-consultas-para-doencas-gastrointestinais","status":"publish","type":"post","link":"https:\/\/www.jornalja.com.br\/arquivo\/unidade-medica-no-parque-marinha-oferece-consultas-para-doencas-gastrointestinais\/","title":{"rendered":"Unidade m\u00e9dica no Parque Marinha oferece consultas para doen\u00e7as gastrointestinais\u00a0"},"content":{"rendered":"<p>Projeto itinerante da sa\u00fade estar\u00e1 em Porto Alegre at\u00e9 amanh\u00e3 realizando orienta\u00e7\u00e3o m\u00e9dica gratuita de gastroenterologistas e pediatras \u00e0 popula\u00e7\u00e3o. \u00a0A unidade m\u00e9dica m\u00f3vel adaptada em uma carreta com consult\u00f3rios est\u00e1 no\u00a0estacionamento do Parque da Marinha do Brasil, e o atendimento \u00e9 das 8h \u00e0s 17h.<br \/>\nO projeto\u00a0&#8220;Movimento Brasil sem Parasitose&#8221;\u00a0\u00e9 uma iniciativa da Federa\u00e7\u00e3o Brasileira de Gastroenterologia com o apoio da FQM Farmoqu\u00edmica e est\u00e1 percorrendo este ano 14 cidades do Pa\u00eds, com o objetivo de reduzir a ocorr\u00eancia das doen\u00e7as parasitol\u00f3gicas, evitando consequ\u00eancias severas e o \u00f3bito, bem como avaliar as doen\u00e7as do sistema digest\u00f3rio (boca, est\u00f4mago, es\u00f4fago e intestinos), tais como refluxo esof\u00e1gico, gastrite, \u00falceras, pris\u00e3o de ventre, diarreias, infec\u00e7\u00f5es intestinais, entre outras.<br \/>\nEmbora mais prevalentes nas regi\u00f5es carentes de saneamento b\u00e1sico, existe a necessidade de conscientizar a popula\u00e7\u00e3o das regi\u00f5es metropolitanas, que as parasitoses atingem todas as camadas socioecon\u00f4micas da popula\u00e7\u00e3o, nas diversas faixas et\u00e1rias.<br \/>\nEm 2016, o projeto percorreu 11 cidades brasileiras e, em 2017 ser\u00e3o 14 cidades atendidas, distribu\u00eddas nas 5 regi\u00f5es do pa\u00eds<br \/>\nO Movimento Brasil Sem Parasitose come\u00e7ou na semana passada, a sua segunda expedi\u00e7\u00e3o social pelo pa\u00eds. O objetivo da Federa\u00e7\u00e3o Brasileira de Gastroenterologia (FBG) \u00e9 reduzir a ocorr\u00eancia das doen\u00e7as parasitol\u00f3gicas, evitando consequ\u00eancias severas e o \u00f3bito. Para isso, conta com o apoio da FQM Farmoqu\u00edmica.<br \/>\nO interesse da popula\u00e7\u00e3o pelo tema, demonstrado pelo acesso \u00e0s redes sociais do projeto e intensa procura por atendimento na Unidade M\u00f3vel Itinerante, n\u00e3o surpreendeu a Federa\u00e7\u00e3o Brasileira de Gastroenterologia. Afinal, segundo a OMS, as parasitoses s\u00e3o as doen\u00e7as mais comuns do mundo: atingem cerca de 50% da popula\u00e7\u00e3o mundial e s\u00e3o respons\u00e1veis por relevantes consequ\u00eancias negativas na sa\u00fade dos indiv\u00edduos adultos e crian\u00e7as. No Brasil, de cada 3 pessoas, uma sofre com alguma parasitose, e considerando somente as crian\u00e7as, a preval\u00eancia aumenta: de cada duas, uma est\u00e1 infectada.<br \/>\n<strong>Incid\u00eancia<\/strong><br \/>\nNo ano passado, os 173 m\u00e9dicos gastroenterologistas e pediatras que participaram do projeto atenderam cerca de 10 mil pacientes nas 11 cidades percorridas, e as principais queixas relatadas pelos pacientes foram:<br \/>\n\u2022 48% dores abdominais e c\u00f3licas;<br \/>\n\u2022 43% azia;<br \/>\n\u2022 38% barriga constantemente inchada;<br \/>\n\u2022 31% diarreia, entre outros sintomas.<br \/>\n\u201cAvaliar os riscos de parasitose da popula\u00e7\u00e3o brasileira, tanto individuais quanto coletivos, \u00e9 essencial para orientar as a\u00e7\u00f5es de preven\u00e7\u00e3o, o tratamento antiparasit\u00e1rio e, principalmente, para promover a melhoria da sa\u00fade e da qualidade de vida dos cidad\u00e3os\u201d, ressalta Dr. Fl\u00e1vio Quilici, novo presidente da Federa\u00e7\u00e3o Brasileira de Gastroenterologia.<br \/>\n<strong>Informa\u00e7\u00e3o<\/strong><br \/>\nConhecendo a efetividade das atividades culturais como forma de transforma\u00e7\u00e3o da popula\u00e7\u00e3o, em 2017, al\u00e9m do projeto social, acontecer\u00e3o apresenta\u00e7\u00f5es e oficinas teatrais gratuitas abertas aos p\u00fablicos de todas as idades, nas mesmas pra\u00e7as onde haver\u00e1 o atendimento na Unidade M\u00f3vel.<br \/>\n<strong>Movimento<\/strong><br \/>\n\u00c9 um projeto social e educacional, alinhado \u00e0s diretrizes da OMS de controle de parasitoses intestinais, que leva orienta\u00e7\u00e3o \u00e0 popula\u00e7\u00e3o por meio do site, das redes sociais e, tamb\u00e9m, atendimento gratuito \u00e0 popula\u00e7\u00e3o na Unidade M\u00f3vel de Sa\u00fade. A equipe de atendimento \u00e0 popula\u00e7\u00e3o \u00e9 formada por cerca de 20 profissionais da sa\u00fade, entre m\u00e9dicos gastroenterologistas, enfermeiros e agentes de sa\u00fade que auxiliar\u00e3o no trabalho de orienta\u00e7\u00e3o e preven\u00e7\u00e3o das parasitoses.<br \/>\nOs principais temas abordados s\u00e3o a import\u00e2ncia de h\u00e1bitos de higiene pessoal e dom\u00e9stica que evitam a transmiss\u00e3o de parasitas, e o correto tratamento antiparasit\u00e1rio para o controle de doen\u00e7as, que deve ser prescrito por m\u00e9dicos.Com 52m2, o caminh\u00e3o adaptado possui tr\u00eas consult\u00f3rios m\u00e9dicos, com capacidade para cerca de 200 atendimentos por dia. Na primeira etapa do atendimento ser\u00e3o coletadas informa\u00e7\u00f5es socioecon\u00f4micas, seguida de uma triagem realizada por enfermeiros e atendimento com m\u00e9dicos gastroenterologistas e gastroenterologistas pedi\u00e1tricos. Ao final, os pacientes s\u00e3o encaminhados por uma sala tem\u00e1tica educativa para orienta\u00e7\u00e3o pr\u00e1tica sobre h\u00e1bitos de higiene pessoal e dom\u00e9stica, apresentados por uma equipe de agentes de sa\u00fade.<br \/>\nEsse trabalho social e educacional permite \u00e0 popula\u00e7\u00e3o brasileira adquirir conhecimentos sobre sa\u00fade e higiene, tornando-a multiplicadora das solu\u00e7\u00f5es dos problemas de sa\u00fade comunit\u00e1ria a partir de simples mudan\u00e7as de h\u00e1bitos de higiene pessoal e familiar, bem como desmistificar que as parasitoses s\u00e3o doen\u00e7as exclusivas de pessoas que vivem em \u00e1reas cr\u00edticas de saneamento b\u00e1sico.<br \/>\nAl\u00e9m das parasitoses, o Movimento tamb\u00e9m apresentar\u00e1 \u00e0 popula\u00e7\u00e3o as patologias tratadas pelo m\u00e9dico gastroenterologista e que acometem o sistema digest\u00f3rio (boca, est\u00f4mago, es\u00f4fago e intestinos), tais como refluxo esof\u00e1gico, gastrite, \u00falceras, pris\u00e3o de ventre, diarreias, infec\u00e7\u00f5es intestinais, entre outras.<br \/>\n<strong>Parasitoses intestinais<\/strong><br \/>\nEmbora mais prevalentes nas regi\u00f5es carentes de saneamento b\u00e1sico, as parasitoses atingem todas as camadas socioecon\u00f4micas da popula\u00e7\u00e3o, nas diversas faixas et\u00e1rias. Mesmo as pessoas cuidadosas com a higiene pessoal e familiar e que vivem em regi\u00f5es de saneamento adequadas est\u00e3o expostas \u00e0s parasitoses intestinais. Isso se deve ao fato de diariamente estarmos em contato com outras pessoas que podem estar infectadas, seja na rua, em casa, no trabalho, na praia ou em qualquer lugar.<br \/>\nAl\u00e9m das condi\u00e7\u00f5es prec\u00e1rias de higiene, as dificuldades econ\u00f4micas e o desconhecimento sobre medidas preventivas s\u00e3o fatores que tamb\u00e9m contribuem para que as popula\u00e7\u00f5es menos favorecidas se tornem alvo da prolifera\u00e7\u00e3o das parasitoses intestinais.<br \/>\nAs parasitoses prejudicam a sa\u00fade e podem ter consequ\u00eancias graves para adultos e crian\u00e7as, por isso, precisam ser prevenidas e tratadas adequadamente. Em fun\u00e7\u00e3o da alta preval\u00eancia de poliparasitose, ou seja, a infesta\u00e7\u00e3o por mais de um parasita, a OMS recomenda tratamentos de amplo espectro de a\u00e7\u00e3o.<br \/>\nA preven\u00e7\u00e3o, o tratamento e o controle de verminoses podem ser feitos a partir da ado\u00e7\u00e3o de medidas simples no cotidiano familiar e domiciliar, como o h\u00e1bito de lavar as m\u00e3os frequentemente, higienizar adequadamente os alimentos antes do consumo e evitar andar descal\u00e7o.<\/p>\n","protected":false},"excerpt":{"rendered":"<p>Projeto itinerante da sa\u00fade estar\u00e1 em Porto Alegre at\u00e9 amanh\u00e3 realizando orienta\u00e7\u00e3o m\u00e9dica gratuita de gastroenterologistas e pediatras \u00e0 popula\u00e7\u00e3o. \u00a0A unidade m\u00e9dica m\u00f3vel adaptada em uma carreta com consult\u00f3rios est\u00e1 no\u00a0estacionamento do Parque da Marinha do Brasil, e o atendimento \u00e9 das 8h \u00e0s 17h. O projeto\u00a0&#8220;Movimento Brasil sem Parasitose&#8221;\u00a0\u00e9 uma iniciativa da Federa\u00e7\u00e3o [&hellip;]<\/p>\n","protected":false},"author":4,"featured_media":47389,"comment_status":"open","ping_status":"closed","sticky":false,"template":"","format":"standard","meta":{"_jetpack_newsletter_access":"","_jetpack_dont_email_post_to_subs":false,"_jetpack_newsletter_tier_id":0,"_jetpack_memberships_contains_paywalled_content":false,"_jetpack_feature_clip_id":0,"_jetpack_memberships_contains_paid_content":false,"footnotes":"","jetpack_post_was_ever_published":false},"categories":[26,2022],"tags":[],"class_list":["post-47387","post","type-post","status-publish","format-standard","has-post-thumbnail","hentry","category-geral","category-notas"],"aioseo_notices":[],"aioseo_head":"\n\t\t<!-- All in One SEO 5.0.1.1 - aioseo.com -->\n\t<meta name=\"robots\" content=\"max-image-preview:large\" \/>\n\t<meta name=\"author\" content=\"da Reda\u00e7\u00e3o\"\/>\n\t<link rel=\"canonical\" href=\"https:\/\/www.jornalja.com.br\/arquivo\/unidade-medica-no-parque-marinha-oferece-consultas-para-doencas-gastrointestinais\/\" \/>\n\t<meta name=\"generator\" content=\"All in One SEO (AIOSEO) 5.0.1.1\" \/>\n\t\t<meta property=\"og:locale\" content=\"pt_BR\" \/>\n\t\t<meta property=\"og:site_name\" content=\"Arquivo | Jornal J\u00c1 | Porto Alegre\" \/>\n\t\t<meta property=\"og:type\" content=\"article\" \/>\n\t\t<meta property=\"og:title\" content=\"Unidade m\u00e9dica no Parque Marinha oferece consultas para doen\u00e7as gastrointestinais | Arquivo\" \/>\n\t\t<meta property=\"og:url\" content=\"https:\/\/www.jornalja.com.br\/arquivo\/unidade-medica-no-parque-marinha-oferece-consultas-para-doencas-gastrointestinais\/\" \/>\n\t\t<meta property=\"og:image\" content=\"https:\/\/www.jornalja.com.br\/economics\/wp-content\/uploads\/sites\/11\/2026\/08\/ja-folhaderosto-facebook.jpg\" \/>\n\t\t<meta property=\"og:image:secure_url\" content=\"https:\/\/www.jornalja.com.br\/economics\/wp-content\/uploads\/sites\/11\/2026\/08\/ja-folhaderosto-facebook.jpg\" \/>\n\t\t<meta property=\"article:published_time\" content=\"2017-04-19T12:58:04+00:00\" \/>\n\t\t<meta property=\"article:modified_time\" content=\"2017-04-19T12:58:04+00:00\" \/>\n\t\t<meta name=\"twitter:card\" content=\"summary\" \/>\n\t\t<meta name=\"twitter:title\" content=\"Unidade m\u00e9dica no Parque Marinha oferece consultas para doen\u00e7as gastrointestinais | Arquivo\" \/>\n\t\t<meta name=\"twitter:image\" content=\"https:\/\/www.jornalja.com.br\/economics\/wp-content\/uploads\/sites\/11\/2026\/08\/ja-folhaderosto-facebook.jpg\" \/>\n\t\t<script type=\"application\/ld+json\" class=\"aioseo-schema\">\n\t\t\t{\"@context\":\"https:\\\/\\\/schema.org\",\"@graph\":[{\"@type\":\"BlogPosting\",\"@id\":\"https:\\\/\\\/www.jornalja.com.br\\\/arquivo\\\/unidade-medica-no-parque-marinha-oferece-consultas-para-doencas-gastrointestinais\\\/#blogposting\",\"name\":\"Unidade m\\u00e9dica no Parque Marinha oferece consultas para doen\\u00e7as gastrointestinais | Arquivo\",\"headline\":\"Unidade m\\u00e9dica no Parque Marinha oferece consultas para doen\\u00e7as gastrointestinais\\u00a0\",\"author\":{\"@id\":\"https:\\\/\\\/www.jornalja.com.br\\\/arquivo\\\/author\\\/daredacao\\\/#author\"},\"publisher\":{\"@id\":\"https:\\\/\\\/www.jornalja.com.br\\\/arquivo\\\/#organization\"},\"image\":{\"@type\":\"ImageObject\",\"url\":47389},\"datePublished\":\"2017-04-19T09:58:04-03:00\",\"dateModified\":\"2017-04-19T09:58:04-03:00\",\"inLanguage\":\"pt-BR\",\"mainEntityOfPage\":{\"@id\":\"https:\\\/\\\/www.jornalja.com.br\\\/arquivo\\\/unidade-medica-no-parque-marinha-oferece-consultas-para-doencas-gastrointestinais\\\/#webpage\"},\"isPartOf\":{\"@id\":\"https:\\\/\\\/www.jornalja.com.br\\\/arquivo\\\/unidade-medica-no-parque-marinha-oferece-consultas-para-doencas-gastrointestinais\\\/#webpage\"},\"articleSection\":\"Geral, NOTAS\"},{\"@type\":\"BreadcrumbList\",\"@id\":\"https:\\\/\\\/www.jornalja.com.br\\\/arquivo\\\/unidade-medica-no-parque-marinha-oferece-consultas-para-doencas-gastrointestinais\\\/#breadcrumblist\",\"itemListElement\":[{\"@type\":\"ListItem\",\"@id\":\"https:\\\/\\\/www.jornalja.com.br\\\/arquivo#listItem\",\"position\":1,\"name\":\"Home\",\"item\":\"https:\\\/\\\/www.jornalja.com.br\\\/arquivo\",\"nextItem\":{\"@type\":\"ListItem\",\"@id\":\"https:\\\/\\\/www.jornalja.com.br\\\/arquivo\\\/category\\\/geral\\\/#listItem\",\"name\":\"Geral\"}},{\"@type\":\"ListItem\",\"@id\":\"https:\\\/\\\/www.jornalja.com.br\\\/arquivo\\\/category\\\/geral\\\/#listItem\",\"position\":2,\"name\":\"Geral\",\"item\":\"https:\\\/\\\/www.jornalja.com.br\\\/arquivo\\\/category\\\/geral\\\/\",\"nextItem\":{\"@type\":\"ListItem\",\"@id\":\"https:\\\/\\\/www.jornalja.com.br\\\/arquivo\\\/unidade-medica-no-parque-marinha-oferece-consultas-para-doencas-gastrointestinais\\\/#listItem\",\"name\":\"Unidade m\\u00e9dica no Parque Marinha oferece consultas para doen\\u00e7as gastrointestinais\\u00a0\"},\"previousItem\":{\"@type\":\"ListItem\",\"@id\":\"https:\\\/\\\/www.jornalja.com.br\\\/arquivo#listItem\",\"name\":\"Home\"}},{\"@type\":\"ListItem\",\"@id\":\"https:\\\/\\\/www.jornalja.com.br\\\/arquivo\\\/unidade-medica-no-parque-marinha-oferece-consultas-para-doencas-gastrointestinais\\\/#listItem\",\"position\":3,\"name\":\"Unidade m\\u00e9dica no Parque Marinha oferece consultas para doen\\u00e7as gastrointestinais\\u00a0\",\"previousItem\":{\"@type\":\"ListItem\",\"@id\":\"https:\\\/\\\/www.jornalja.com.br\\\/arquivo\\\/category\\\/geral\\\/#listItem\",\"name\":\"Geral\"}}]},{\"@type\":\"Organization\",\"@id\":\"https:\\\/\\\/www.jornalja.com.br\\\/arquivo\\\/#organization\",\"name\":\"Jornal J\\u00c1\",\"description\":\"Jornal J\\u00c1 | Porto Alegre\",\"url\":\"https:\\\/\\\/www.jornalja.com.br\\\/arquivo\\\/\",\"telephone\":\"+555133307272\",\"logo\":{\"@type\":\"ImageObject\",\"url\":\"https:\\\/\\\/www.jornalja.com.br\\\/wp-content\\\/uploads\\\/cards\\\/JAslogan.png\",\"@id\":\"https:\\\/\\\/www.jornalja.com.br\\\/arquivo\\\/unidade-medica-no-parque-marinha-oferece-consultas-para-doencas-gastrointestinais\\\/#organizationLogo\"},\"image\":{\"@id\":\"https:\\\/\\\/www.jornalja.com.br\\\/arquivo\\\/unidade-medica-no-parque-marinha-oferece-consultas-para-doencas-gastrointestinais\\\/#organizationLogo\"}},{\"@type\":\"Person\",\"@id\":\"https:\\\/\\\/www.jornalja.com.br\\\/arquivo\\\/author\\\/daredacao\\\/#author\",\"url\":\"https:\\\/\\\/www.jornalja.com.br\\\/arquivo\\\/author\\\/daredacao\\\/\",\"name\":\"da Reda\\u00e7\\u00e3o\",\"image\":{\"@type\":\"ImageObject\",\"@id\":\"https:\\\/\\\/www.jornalja.com.br\\\/arquivo\\\/unidade-medica-no-parque-marinha-oferece-consultas-para-doencas-gastrointestinais\\\/#authorImage\",\"url\":\"https:\\\/\\\/secure.gravatar.com\\\/avatar\\\/469fd857d6605ad19919d27ed29d35a968a25f6e8fd9318356bbb7f57aae9c65?s=96&d=mm&r=g\",\"width\":96,\"height\":96,\"caption\":\"da Reda\\u00e7\\u00e3o\"}},{\"@type\":\"WebPage\",\"@id\":\"https:\\\/\\\/www.jornalja.com.br\\\/arquivo\\\/unidade-medica-no-parque-marinha-oferece-consultas-para-doencas-gastrointestinais\\\/#webpage\",\"url\":\"https:\\\/\\\/www.jornalja.com.br\\\/arquivo\\\/unidade-medica-no-parque-marinha-oferece-consultas-para-doencas-gastrointestinais\\\/\",\"name\":\"Unidade m\\u00e9dica no Parque Marinha oferece consultas para doen\\u00e7as gastrointestinais | Arquivo\",\"inLanguage\":\"pt-BR\",\"isPartOf\":{\"@id\":\"https:\\\/\\\/www.jornalja.com.br\\\/arquivo\\\/#website\"},\"breadcrumb\":{\"@id\":\"https:\\\/\\\/www.jornalja.com.br\\\/arquivo\\\/unidade-medica-no-parque-marinha-oferece-consultas-para-doencas-gastrointestinais\\\/#breadcrumblist\"},\"author\":{\"@id\":\"https:\\\/\\\/www.jornalja.com.br\\\/arquivo\\\/author\\\/daredacao\\\/#author\"},\"creator\":{\"@id\":\"https:\\\/\\\/www.jornalja.com.br\\\/arquivo\\\/author\\\/daredacao\\\/#author\"},\"image\":{\"@type\":\"ImageObject\",\"url\":47389,\"@id\":\"https:\\\/\\\/www.jornalja.com.br\\\/arquivo\\\/unidade-medica-no-parque-marinha-oferece-consultas-para-doencas-gastrointestinais\\\/#mainImage\"},\"primaryImageOfPage\":{\"@id\":\"https:\\\/\\\/www.jornalja.com.br\\\/arquivo\\\/unidade-medica-no-parque-marinha-oferece-consultas-para-doencas-gastrointestinais\\\/#mainImage\"},\"datePublished\":\"2017-04-19T09:58:04-03:00\",\"dateModified\":\"2017-04-19T09:58:04-03:00\"},{\"@type\":\"WebSite\",\"@id\":\"https:\\\/\\\/www.jornalja.com.br\\\/arquivo\\\/#website\",\"url\":\"https:\\\/\\\/www.jornalja.com.br\\\/arquivo\\\/\",\"name\":\"Arquivo\",\"description\":\"Jornal J\\u00c1 | Porto Alegre\",\"inLanguage\":\"pt-BR\",\"publisher\":{\"@id\":\"https:\\\/\\\/www.jornalja.com.br\\\/arquivo\\\/#organization\"}}]}\n\t\t<\/script>\n\t\t<!-- All in One SEO -->\n\n","aioseo_head_json":{"title":"Unidade m\u00e9dica no Parque Marinha oferece consultas para doen\u00e7as gastrointestinais | Arquivo","description":"","canonical_url":"https:\/\/www.jornalja.com.br\/arquivo\/unidade-medica-no-parque-marinha-oferece-consultas-para-doencas-gastrointestinais\/","robots":"max-image-preview:large","keywords":"","webmasterTools":{"miscellaneous":""},"schema":{"@context":"https:\/\/schema.org","@graph":[{"@type":"BlogPosting","@id":"https:\/\/www.jornalja.com.br\/arquivo\/unidade-medica-no-parque-marinha-oferece-consultas-para-doencas-gastrointestinais\/#blogposting","name":"Unidade m\u00e9dica no Parque Marinha oferece consultas para doen\u00e7as gastrointestinais | Arquivo","headline":"Unidade m\u00e9dica no Parque Marinha oferece consultas para doen\u00e7as gastrointestinais\u00a0","author":{"@id":"https:\/\/www.jornalja.com.br\/arquivo\/author\/daredacao\/#author"},"publisher":{"@id":"https:\/\/www.jornalja.com.br\/arquivo\/#organization"},"image":{"@type":"ImageObject","url":47389},"datePublished":"2017-04-19T09:58:04-03:00","dateModified":"2017-04-19T09:58:04-03:00","inLanguage":"pt-BR","mainEntityOfPage":{"@id":"https:\/\/www.jornalja.com.br\/arquivo\/unidade-medica-no-parque-marinha-oferece-consultas-para-doencas-gastrointestinais\/#webpage"},"isPartOf":{"@id":"https:\/\/www.jornalja.com.br\/arquivo\/unidade-medica-no-parque-marinha-oferece-consultas-para-doencas-gastrointestinais\/#webpage"},"articleSection":"Geral, NOTAS"},{"@type":"BreadcrumbList","@id":"https:\/\/www.jornalja.com.br\/arquivo\/unidade-medica-no-parque-marinha-oferece-consultas-para-doencas-gastrointestinais\/#breadcrumblist","itemListElement":[{"@type":"ListItem","@id":"https:\/\/www.jornalja.com.br\/arquivo#listItem","position":1,"name":"Home","item":"https:\/\/www.jornalja.com.br\/arquivo","nextItem":{"@type":"ListItem","@id":"https:\/\/www.jornalja.com.br\/arquivo\/category\/geral\/#listItem","name":"Geral"}},{"@type":"ListItem","@id":"https:\/\/www.jornalja.com.br\/arquivo\/category\/geral\/#listItem","position":2,"name":"Geral","item":"https:\/\/www.jornalja.com.br\/arquivo\/category\/geral\/","nextItem":{"@type":"ListItem","@id":"https:\/\/www.jornalja.com.br\/arquivo\/unidade-medica-no-parque-marinha-oferece-consultas-para-doencas-gastrointestinais\/#listItem","name":"Unidade m\u00e9dica no Parque Marinha oferece consultas para doen\u00e7as gastrointestinais\u00a0"},"previousItem":{"@type":"ListItem","@id":"https:\/\/www.jornalja.com.br\/arquivo#listItem","name":"Home"}},{"@type":"ListItem","@id":"https:\/\/www.jornalja.com.br\/arquivo\/unidade-medica-no-parque-marinha-oferece-consultas-para-doencas-gastrointestinais\/#listItem","position":3,"name":"Unidade m\u00e9dica no Parque Marinha oferece consultas para doen\u00e7as gastrointestinais\u00a0","previousItem":{"@type":"ListItem","@id":"https:\/\/www.jornalja.com.br\/arquivo\/category\/geral\/#listItem","name":"Geral"}}]},{"@type":"Organization","@id":"https:\/\/www.jornalja.com.br\/arquivo\/#organization","name":"Jornal J\u00c1","description":"Jornal J\u00c1 | Porto Alegre","url":"https:\/\/www.jornalja.com.br\/arquivo\/","telephone":"+555133307272","logo":{"@type":"ImageObject","url":"https:\/\/www.jornalja.com.br\/wp-content\/uploads\/cards\/JAslogan.png","@id":"https:\/\/www.jornalja.com.br\/arquivo\/unidade-medica-no-parque-marinha-oferece-consultas-para-doencas-gastrointestinais\/#organizationLogo"},"image":{"@id":"https:\/\/www.jornalja.com.br\/arquivo\/unidade-medica-no-parque-marinha-oferece-consultas-para-doencas-gastrointestinais\/#organizationLogo"}},{"@type":"Person","@id":"https:\/\/www.jornalja.com.br\/arquivo\/author\/daredacao\/#author","url":"https:\/\/www.jornalja.com.br\/arquivo\/author\/daredacao\/","name":"da Reda\u00e7\u00e3o","image":{"@type":"ImageObject","@id":"https:\/\/www.jornalja.com.br\/arquivo\/unidade-medica-no-parque-marinha-oferece-consultas-para-doencas-gastrointestinais\/#authorImage","url":"https:\/\/secure.gravatar.com\/avatar\/469fd857d6605ad19919d27ed29d35a968a25f6e8fd9318356bbb7f57aae9c65?s=96&d=mm&r=g","width":96,"height":96,"caption":"da Reda\u00e7\u00e3o"}},{"@type":"WebPage","@id":"https:\/\/www.jornalja.com.br\/arquivo\/unidade-medica-no-parque-marinha-oferece-consultas-para-doencas-gastrointestinais\/#webpage","url":"https:\/\/www.jornalja.com.br\/arquivo\/unidade-medica-no-parque-marinha-oferece-consultas-para-doencas-gastrointestinais\/","name":"Unidade m\u00e9dica no Parque Marinha oferece consultas para doen\u00e7as gastrointestinais | Arquivo","inLanguage":"pt-BR","isPartOf":{"@id":"https:\/\/www.jornalja.com.br\/arquivo\/#website"},"breadcrumb":{"@id":"https:\/\/www.jornalja.com.br\/arquivo\/unidade-medica-no-parque-marinha-oferece-consultas-para-doencas-gastrointestinais\/#breadcrumblist"},"author":{"@id":"https:\/\/www.jornalja.com.br\/arquivo\/author\/daredacao\/#author"},"creator":{"@id":"https:\/\/www.jornalja.com.br\/arquivo\/author\/daredacao\/#author"},"image":{"@type":"ImageObject","url":47389,"@id":"https:\/\/www.jornalja.com.br\/arquivo\/unidade-medica-no-parque-marinha-oferece-consultas-para-doencas-gastrointestinais\/#mainImage"},"primaryImageOfPage":{"@id":"https:\/\/www.jornalja.com.br\/arquivo\/unidade-medica-no-parque-marinha-oferece-consultas-para-doencas-gastrointestinais\/#mainImage"},"datePublished":"2017-04-19T09:58:04-03:00","dateModified":"2017-04-19T09:58:04-03:00"},{"@type":"WebSite","@id":"https:\/\/www.jornalja.com.br\/arquivo\/#website","url":"https:\/\/www.jornalja.com.br\/arquivo\/","name":"Arquivo","description":"Jornal J\u00c1 | Porto Alegre","inLanguage":"pt-BR","publisher":{"@id":"https:\/\/www.jornalja.com.br\/arquivo\/#organization"}}]},"og:locale":"pt_BR","og:site_name":"Arquivo | Jornal J\u00c1 | Porto Alegre","og:type":"article","og:title":"Unidade m\u00e9dica no Parque Marinha oferece consultas para doen\u00e7as gastrointestinais | Arquivo","og:url":"https:\/\/www.jornalja.com.br\/arquivo\/unidade-medica-no-parque-marinha-oferece-consultas-para-doencas-gastrointestinais\/","og:image":"https:\/\/www.jornalja.com.br\/economics\/wp-content\/uploads\/sites\/11\/2026\/08\/ja-folhaderosto-facebook.jpg","og:image:secure_url":"https:\/\/www.jornalja.com.br\/economics\/wp-content\/uploads\/sites\/11\/2026\/08\/ja-folhaderosto-facebook.jpg","article:published_time":"2017-04-19T12:58:04+00:00","article:modified_time":"2017-04-19T12:58:04+00:00","twitter:card":"summary","twitter:title":"Unidade m\u00e9dica no Parque Marinha oferece consultas para doen\u00e7as gastrointestinais | Arquivo","twitter:image":"https:\/\/www.jornalja.com.br\/economics\/wp-content\/uploads\/sites\/11\/2026\/08\/ja-folhaderosto-facebook.jpg"},"aioseo_meta_data":{"post_id":"47387","title":null,"description":null,"keywords":null,"keyphrases":null,"primary_term":null,"canonical_url":null,"og_title":null,"og_description":null,"og_object_type":"default","og_image_type":"default","og_image_url":null,"og_image_width":null,"og_image_height":null,"og_image_custom_url":null,"og_image_custom_fields":null,"og_video":null,"og_custom_url":null,"og_article_section":null,"og_article_tags":null,"twitter_use_og":false,"twitter_card":"default","twitter_image_type":"default","twitter_image_url":null,"twitter_image_custom_url":null,"twitter_image_custom_fields":null,"twitter_title":null,"twitter_description":null,"schema":{"blockGraphs":[],"customGraphs":[],"default":{"data":{"Article":[],"Course":[],"Dataset":[],"FAQPage":[],"Movie":[],"Person":[],"Product":[],"ProductReview":[],"Car":[],"Recipe":[],"Service":[],"SoftwareApplication":[],"WebPage":[]},"graphName":"","isEnabled":true},"graphs":[],"defaultGraph":"","defaultPostTypeGraph":""},"schema_type":null,"schema_type_options":null,"pillar_content":false,"robots_default":true,"robots_noindex":false,"robots_noarchive":false,"robots_nosnippet":false,"robots_nofollow":false,"robots_noimageindex":false,"robots_noodp":false,"robots_notranslate":false,"robots_max_snippet":null,"robots_max_videopreview":null,"robots_max_imagepreview":"large","priority":null,"frequency":null,"location":null,"local_seo":null,"breadcrumb_settings":null,"limit_modified_date":false,"ai":null,"created":"2020-12-20 20:37:39","updated":"2025-07-19 21:06:14","seo_analyzer_scan_date":null,"focus_keyword":null,"additional_keywords":null,"truseo_locale":null},"jetpack_sharing_enabled":true,"jetpack-related-posts":[{"id":13128,"url":"https:\/\/www.jornalja.com.br\/arquivo\/maconha-terra-diz-que-uso-medicinal-e-desculpa\/","url_meta":{"origin":47387,"position":0},"title":"Maconha: Terra diz que uso medicinal \u00e9 desculpa","author":"Patr\u00edcia Marini","date":"4 de junho de 2014","format":false,"excerpt":"A condi\u00e7\u00e3o de pol\u00edtico, em \u00e9poca de campanha de campanha eleitoral, tira for\u00e7a do discurso do m\u00e9dico Osmar Terra contra a legaliza\u00e7\u00e3o da maconha. A tese dele de que a libera\u00e7\u00e3o vai ampliar exponencialmente o consumo \u00e9 discutivel, o consumo \u00e9 corrente. Mas seus alertas quanto aos riscos tem que\u2026","rel":"","context":"Em &quot;X.Categorias velhas&quot;","block_context":{"text":"X.Categorias velhas","link":"https:\/\/www.jornalja.com.br\/arquivo\/category\/x-categorias-velhas\/"},"img":{"alt_text":"","src":"","width":0,"height":0},"classes":[]},{"id":13124,"url":"https:\/\/www.jornalja.com.br\/arquivo\/sangue-latino-no-iecine\/","url_meta":{"origin":47387,"position":1},"title":"Sangue latino no IECINE","author":"da Reda\u00e7\u00e3o","date":"18 de maio de 2014","format":false,"excerpt":"Francisco Ribeiro O Instituto Estadual de Cinema (IECINE) tem a frente, desde abril \u00faltimo, um novo diretor, o cineasta colombiano Juan Zapata, 36, que substitui Luiz Alberto Cassol. Radicado h\u00e1 dez anos em Porto Alegre, Zapata tem diante de si o desafio de conduzir at\u00e9 o final do ano um\u2026","rel":"","context":"Em &quot;Cultura-Geral&quot;","block_context":{"text":"Cultura-Geral","link":"https:\/\/www.jornalja.com.br\/arquivo\/category\/materiasecundaria\/"},"img":{"alt_text":"","src":"","width":0,"height":0},"classes":[]},{"id":13101,"url":"https:\/\/www.jornalja.com.br\/arquivo\/morre-um-guerreiro-do-texto\/","url_meta":{"origin":47387,"position":2},"title":"Morre um guerreiro do texto","author":"Patr\u00edcia Marini","date":"14 de maio de 2014","format":false,"excerpt":"Por Ricardo Kotscho Reproduzido do blog do autor, 11\/5\/2014; t\u00edtulo original \u201cE l\u00e1 se foi o nosso Myltainho, guerreiro do texto\u201d. Mi\u00fado e franzino, meu amigo Myltainho era um valente e inconformado guerreiro na luta contra as injusti\u00e7as sociais, a hipocrisia, as maracutaias, o autoritarismo, a intoler\u00e2ncia, a viol\u00eancia, o\u2026","rel":"","context":"Em &quot;Geral&quot;","block_context":{"text":"Geral","link":"https:\/\/www.jornalja.com.br\/arquivo\/category\/geral\/"},"img":{"alt_text":"","src":"","width":0,"height":0},"classes":[]},{"id":13240,"url":"https:\/\/www.jornalja.com.br\/arquivo\/plano-diretor-estamos-construindo-o-caos\/","url_meta":{"origin":47387,"position":3},"title":"Plano diretor: &quot;Estamos construindo o caos&quot;","author":"Patr\u00edcia Marini","date":"26 de maio de 2014","format":false,"excerpt":"Desabafo que arquiteta Eliana Castilhos, delegada da Regi\u00e3o de Planejamento 1, postou nas redes sociais \u00e9 um testemunho do ambiente que se criou no Conselho do Plano Diretor de Porto Alegre, onde a aprova\u00e7\u00e3o de grandes empreendimentos \u00e9 empurrada guela abaixo dos conselheiros. Ao CMDUA Como delegada da Regi\u00e3o de\u2026","rel":"","context":"Em &quot;Geral&quot;","block_context":{"text":"Geral","link":"https:\/\/www.jornalja.com.br\/arquivo\/category\/geral\/"},"img":{"alt_text":"","src":"","width":0,"height":0},"classes":[]},{"id":14241,"url":"https:\/\/www.jornalja.com.br\/arquivo\/o-guaiba-nas-imagens-poeticas-de-achutti\/","url_meta":{"origin":47387,"position":4},"title":"O Gua\u00edba nas imagens po\u00e9ticas de Achutti","author":"da Reda\u00e7\u00e3o","date":"18 de junho de 2014","format":false,"excerpt":"Em \u201cO Gua\u00edba por Achutti\u201d \u2013 obra financiada via Minist\u00e9rio da Cultura, produ\u00e7\u00e3o executiva de Pedro Longhi, e Fl\u00e1vio Wild como designer \u2013, o fot\u00f3grafo revela a beleza e as mazelas de um espa\u00e7o aqu\u00e1tico de \u00e1guas sempre renovadas, cheio de hist\u00f3rias e lendas como as das cidades que foram\u2026","rel":"","context":"Em &quot;Cultura-Geral&quot;","block_context":{"text":"Cultura-Geral","link":"https:\/\/www.jornalja.com.br\/arquivo\/category\/materiasecundaria\/"},"img":{"alt_text":"","src":"","width":0,"height":0},"classes":[]},{"id":13109,"url":"https:\/\/www.jornalja.com.br\/arquivo\/judiciario-reconhece-poluicao-eletromagnetica\/","url_meta":{"origin":47387,"position":5},"title":"Judici\u00e1rio reconhece polui\u00e7\u00e3o eletromagn\u00e9tica","author":"Patr\u00edcia Marini","date":"16 de maio de 2014","format":false,"excerpt":"A\u00e7\u00e3o de duas associa\u00e7\u00f5es de moradores foi acolhida pelo Tribunal de Justi\u00e7a de S\u00e3o Paulo que. em decis\u00e3o in\u00e9dita, determinou a redu\u00e7\u00e3o do campo eletromagn\u00e9tico gerado pelas linhas de transmiss\u00e3o de energia que cortam os bairros City Boa\u00e7ava e Alto de Pinheiros. \u00c9 a primeira vez que um tribunal do\u2026","rel":"","context":"Em &quot;X.Categorias velhas&quot;","block_context":{"text":"X.Categorias velhas","link":"https:\/\/www.jornalja.com.br\/arquivo\/category\/x-categorias-velhas\/"},"img":{"alt_text":"","src":"","width":0,"height":0},"classes":[]}],"jetpack_shortlink":"https:\/\/wp.me\/pbQjBd-ckj","jetpack_featured_media_url":"","_links":{"self":[{"href":"https:\/\/www.jornalja.com.br\/arquivo\/wp-json\/wp\/v2\/posts\/47387","targetHints":{"allow":["GET"]}}],"collection":[{"href":"https:\/\/www.jornalja.com.br\/arquivo\/wp-json\/wp\/v2\/posts"}],"about":[{"href":"https:\/\/www.jornalja.com.br\/arquivo\/wp-json\/wp\/v2\/types\/post"}],"author":[{"embeddable":true,"href":"https:\/\/www.jornalja.com.br\/arquivo\/wp-json\/wp\/v2\/users\/4"}],"replies":[{"embeddable":true,"href":"https:\/\/www.jornalja.com.br\/arquivo\/wp-json\/wp\/v2\/comments?post=47387"}],"version-history":[{"count":0,"href":"https:\/\/www.jornalja.com.br\/arquivo\/wp-json\/wp\/v2\/posts\/47387\/revisions"}],"wp:attachment":[{"href":"https:\/\/www.jornalja.com.br\/arquivo\/wp-json\/wp\/v2\/media?parent=47387"}],"wp:term":[{"taxonomy":"category","embeddable":true,"href":"https:\/\/www.jornalja.com.br\/arquivo\/wp-json\/wp\/v2\/categories?post=47387"},{"taxonomy":"post_tag","embeddable":true,"href":"https:\/\/www.jornalja.com.br\/arquivo\/wp-json\/wp\/v2\/tags?post=47387"}],"curies":[{"name":"wp","href":"https:\/\/api.w.org\/{rel}","templated":true}]}}