{"id":47393,"date":"2017-04-19T17:27:38","date_gmt":"2017-04-19T20:27:38","guid":{"rendered":"https:\/\/www.jornalja.com.br\/?p=47393"},"modified":"2017-04-19T17:27:38","modified_gmt":"2017-04-19T20:27:38","slug":"lei-de-recuperacao-dos-estados-e-aprovada-mas-sartori-ainda-nao-tem-o-que-comemorar","status":"publish","type":"post","link":"https:\/\/www.jornalja.com.br\/arquivo\/lei-de-recuperacao-dos-estados-e-aprovada-mas-sartori-ainda-nao-tem-o-que-comemorar\/","title":{"rendered":"Lei de Recupera\u00e7\u00e3o dos Estados \u00e9 aprovada, mas Sartori ainda n\u00e3o tem  o que comemorar"},"content":{"rendered":"<p>Foi aprovada na noite de ter\u00e7a-feira, por 301 votos a favor, 127 contra na C\u00e2mara de Deputados, o texto base da PLP 343\/2017, a Lei de Recupera\u00e7\u00e3o do Estados, que permite uma suspens\u00e3o por tr\u00eas anos do pagamento da d\u00edvida estadual com a Uni\u00e3o.<br \/>\nA lei tamb\u00e9m imp\u00f5e aos estados que queiram a ajuda uma s\u00e9rie de contrapartidas, como eleva\u00e7\u00e3o de contribui\u00e7\u00e3o \u00e0 Previd\u00eancia, redu\u00e7\u00e3o de incentivos tribut\u00e1rios e privatiza\u00e7\u00f5es.<br \/>\nPara o governo do Rio Grande do Sul a ajuda Federal \u00e9 vital. O governador Sartori, que acompanhou a vota\u00e7\u00e3o em Bras\u00edlia, comemorou a vota\u00e7\u00e3o apesar de cautela no discurso.<br \/>\n&#8220;O que se est\u00e1 construindo agora \u00e9 apenas o come\u00e7o de um al\u00edvio. Mesmo n\u00e3o sendo o ideal \u00e9 o necess\u00e1rio nesse momento. Essa n\u00e3o \u00e9 uma solu\u00e7\u00e3o definitiva.&#8221; disse o governador em entrevista a imprensa esta manh\u00e3 no Pal\u00e1cio Piratini.<br \/>\nO projeto ainda ter\u00e1 \u00a0vota\u00e7\u00e3o dos 14 destaques, que n\u00e3o foram apreciados, e que ainda est\u00e3o em discuss\u00e3o na C\u00e2mara de Deputados.<br \/>\nUma delas, que pretendia a retirada das contrapartidas dos Estados j\u00e1 foi rejeitada\u00a0por 302 votos a 98.<br \/>\nA PLP 343 ainda seguir\u00e1 para o Senado.<br \/>\nSe em Bras\u00edlia as not\u00edcias s\u00e3o favor\u00e1veis, no Rio Grande do Sul o cen\u00e1rio \u00e9 incerto.<br \/>\nA PEC\u00a0259, que suspende a exig\u00eancia de plebiscito para a privatiza\u00e7\u00e3o das tr\u00eas estatais do setor de energia &#8211; Companhia Estadual de Energia El\u00e9trica (CEEE), Companhia Riograndense de Minera\u00e7\u00e3o (CRM) e Sulg\u00e1s, ainda est\u00e1 longe de ser aprovada.<br \/>\nSartori\u00a0hoje tem garantidos, at\u00e9 o momento, 26 votos, dos partidos da base aliada.<br \/>\nO PDT, que at\u00e9 duas semanas estava no governo, se declarou contra o projeto.<br \/>\nRestariam cinco votos do PTB que hoje est\u00e1 dividido. Mesmo que todos esses votos forem favor\u00e1veis \u00e0 PEC, Sartori teria 31 votos, ainda insuficientes j\u00e1 que precisa de 33 para a aprova\u00e7\u00e3o do projeto.<br \/>\nO Governo sabe que ter\u00e1 dificuldades para aprovar a retirada do plebiscito na Assembleia Legislativa, por isso, mesmo que n\u00e3o admita publicamente j\u00e1 pensa que o referendo sobre as extin\u00e7\u00f5es das Companhias Estatais seja realizado.<br \/>\n&nbsp;<br \/>\n&nbsp;<\/p>\n<h1 class=\"cArticleTitulo\"><\/h1>\n<p>&nbsp;<br \/>\n&nbsp;<br \/>\n&nbsp;<\/p>\n","protected":false},"excerpt":{"rendered":"<p>Foi aprovada na noite de ter\u00e7a-feira, por 301 votos a favor, 127 contra na C\u00e2mara de Deputados, o texto base da PLP 343\/2017, a Lei de Recupera\u00e7\u00e3o do Estados, que permite uma suspens\u00e3o por tr\u00eas anos do pagamento da d\u00edvida estadual com a Uni\u00e3o. A lei tamb\u00e9m imp\u00f5e aos estados que queiram a ajuda uma [&hellip;]<\/p>\n","protected":false},"author":4,"featured_media":47398,"comment_status":"open","ping_status":"closed","sticky":false,"template":"","format":"standard","meta":{"_jetpack_newsletter_access":"","_jetpack_dont_email_post_to_subs":false,"_jetpack_newsletter_tier_id":0,"_jetpack_memberships_contains_paywalled_content":false,"_jetpack_feature_clip_id":0,"_jetpack_memberships_contains_paid_content":false,"footnotes":"","jetpack_post_was_ever_published":false},"categories":[26],"tags":[],"class_list":["post-47393","post","type-post","status-publish","format-standard","has-post-thumbnail","hentry","category-geral"],"aioseo_notices":[],"aioseo_head":"\n\t\t<!-- All in One SEO 5.0.1.1 - aioseo.com -->\n\t<meta name=\"robots\" content=\"max-image-preview:large\" \/>\n\t<meta name=\"author\" content=\"da Reda\u00e7\u00e3o\"\/>\n\t<link rel=\"canonical\" href=\"https:\/\/www.jornalja.com.br\/arquivo\/lei-de-recuperacao-dos-estados-e-aprovada-mas-sartori-ainda-nao-tem-o-que-comemorar\/\" \/>\n\t<meta name=\"generator\" content=\"All in One SEO (AIOSEO) 5.0.1.1\" \/>\n\t\t<meta property=\"og:locale\" content=\"pt_BR\" \/>\n\t\t<meta property=\"og:site_name\" content=\"Arquivo | Jornal J\u00c1 | Porto Alegre\" \/>\n\t\t<meta property=\"og:type\" content=\"article\" \/>\n\t\t<meta property=\"og:title\" content=\"Lei de Recupera\u00e7\u00e3o dos Estados \u00e9 aprovada, mas Sartori ainda n\u00e3o tem o que comemorar | Arquivo\" \/>\n\t\t<meta property=\"og:url\" content=\"https:\/\/www.jornalja.com.br\/arquivo\/lei-de-recuperacao-dos-estados-e-aprovada-mas-sartori-ainda-nao-tem-o-que-comemorar\/\" \/>\n\t\t<meta property=\"og:image\" content=\"https:\/\/www.jornalja.com.br\/economics\/wp-content\/uploads\/sites\/11\/2026\/08\/ja-folhaderosto-facebook.jpg\" \/>\n\t\t<meta property=\"og:image:secure_url\" content=\"https:\/\/www.jornalja.com.br\/economics\/wp-content\/uploads\/sites\/11\/2026\/08\/ja-folhaderosto-facebook.jpg\" \/>\n\t\t<meta property=\"article:published_time\" content=\"2017-04-19T20:27:38+00:00\" \/>\n\t\t<meta property=\"article:modified_time\" content=\"2017-04-19T20:27:38+00:00\" \/>\n\t\t<meta name=\"twitter:card\" content=\"summary\" \/>\n\t\t<meta name=\"twitter:title\" content=\"Lei de Recupera\u00e7\u00e3o dos Estados \u00e9 aprovada, mas Sartori ainda n\u00e3o tem o que comemorar | Arquivo\" \/>\n\t\t<meta name=\"twitter:image\" content=\"https:\/\/www.jornalja.com.br\/economics\/wp-content\/uploads\/sites\/11\/2026\/08\/ja-folhaderosto-facebook.jpg\" \/>\n\t\t<script type=\"application\/ld+json\" class=\"aioseo-schema\">\n\t\t\t{\"@context\":\"https:\\\/\\\/schema.org\",\"@graph\":[{\"@type\":\"BlogPosting\",\"@id\":\"https:\\\/\\\/www.jornalja.com.br\\\/arquivo\\\/lei-de-recuperacao-dos-estados-e-aprovada-mas-sartori-ainda-nao-tem-o-que-comemorar\\\/#blogposting\",\"name\":\"Lei de Recupera\\u00e7\\u00e3o dos Estados \\u00e9 aprovada, mas Sartori ainda n\\u00e3o tem o que comemorar | Arquivo\",\"headline\":\"Lei de Recupera\\u00e7\\u00e3o dos Estados \\u00e9 aprovada, mas Sartori ainda n\\u00e3o tem  o que comemorar\",\"author\":{\"@id\":\"https:\\\/\\\/www.jornalja.com.br\\\/arquivo\\\/author\\\/daredacao\\\/#author\"},\"publisher\":{\"@id\":\"https:\\\/\\\/www.jornalja.com.br\\\/arquivo\\\/#organization\"},\"image\":{\"@type\":\"ImageObject\",\"url\":47398},\"datePublished\":\"2017-04-19T17:27:38-03:00\",\"dateModified\":\"2017-04-19T17:27:38-03:00\",\"inLanguage\":\"pt-BR\",\"mainEntityOfPage\":{\"@id\":\"https:\\\/\\\/www.jornalja.com.br\\\/arquivo\\\/lei-de-recuperacao-dos-estados-e-aprovada-mas-sartori-ainda-nao-tem-o-que-comemorar\\\/#webpage\"},\"isPartOf\":{\"@id\":\"https:\\\/\\\/www.jornalja.com.br\\\/arquivo\\\/lei-de-recuperacao-dos-estados-e-aprovada-mas-sartori-ainda-nao-tem-o-que-comemorar\\\/#webpage\"},\"articleSection\":\"Geral\"},{\"@type\":\"BreadcrumbList\",\"@id\":\"https:\\\/\\\/www.jornalja.com.br\\\/arquivo\\\/lei-de-recuperacao-dos-estados-e-aprovada-mas-sartori-ainda-nao-tem-o-que-comemorar\\\/#breadcrumblist\",\"itemListElement\":[{\"@type\":\"ListItem\",\"@id\":\"https:\\\/\\\/www.jornalja.com.br\\\/arquivo#listItem\",\"position\":1,\"name\":\"Home\",\"item\":\"https:\\\/\\\/www.jornalja.com.br\\\/arquivo\",\"nextItem\":{\"@type\":\"ListItem\",\"@id\":\"https:\\\/\\\/www.jornalja.com.br\\\/arquivo\\\/category\\\/geral\\\/#listItem\",\"name\":\"Geral\"}},{\"@type\":\"ListItem\",\"@id\":\"https:\\\/\\\/www.jornalja.com.br\\\/arquivo\\\/category\\\/geral\\\/#listItem\",\"position\":2,\"name\":\"Geral\",\"item\":\"https:\\\/\\\/www.jornalja.com.br\\\/arquivo\\\/category\\\/geral\\\/\",\"nextItem\":{\"@type\":\"ListItem\",\"@id\":\"https:\\\/\\\/www.jornalja.com.br\\\/arquivo\\\/lei-de-recuperacao-dos-estados-e-aprovada-mas-sartori-ainda-nao-tem-o-que-comemorar\\\/#listItem\",\"name\":\"Lei de Recupera\\u00e7\\u00e3o dos Estados \\u00e9 aprovada, mas Sartori ainda n\\u00e3o tem  o que comemorar\"},\"previousItem\":{\"@type\":\"ListItem\",\"@id\":\"https:\\\/\\\/www.jornalja.com.br\\\/arquivo#listItem\",\"name\":\"Home\"}},{\"@type\":\"ListItem\",\"@id\":\"https:\\\/\\\/www.jornalja.com.br\\\/arquivo\\\/lei-de-recuperacao-dos-estados-e-aprovada-mas-sartori-ainda-nao-tem-o-que-comemorar\\\/#listItem\",\"position\":3,\"name\":\"Lei de Recupera\\u00e7\\u00e3o dos Estados \\u00e9 aprovada, mas Sartori ainda n\\u00e3o tem  o que comemorar\",\"previousItem\":{\"@type\":\"ListItem\",\"@id\":\"https:\\\/\\\/www.jornalja.com.br\\\/arquivo\\\/category\\\/geral\\\/#listItem\",\"name\":\"Geral\"}}]},{\"@type\":\"Organization\",\"@id\":\"https:\\\/\\\/www.jornalja.com.br\\\/arquivo\\\/#organization\",\"name\":\"Jornal J\\u00c1\",\"description\":\"Jornal J\\u00c1 | Porto Alegre\",\"url\":\"https:\\\/\\\/www.jornalja.com.br\\\/arquivo\\\/\",\"telephone\":\"+555133307272\",\"logo\":{\"@type\":\"ImageObject\",\"url\":\"https:\\\/\\\/www.jornalja.com.br\\\/wp-content\\\/uploads\\\/cards\\\/JAslogan.png\",\"@id\":\"https:\\\/\\\/www.jornalja.com.br\\\/arquivo\\\/lei-de-recuperacao-dos-estados-e-aprovada-mas-sartori-ainda-nao-tem-o-que-comemorar\\\/#organizationLogo\"},\"image\":{\"@id\":\"https:\\\/\\\/www.jornalja.com.br\\\/arquivo\\\/lei-de-recuperacao-dos-estados-e-aprovada-mas-sartori-ainda-nao-tem-o-que-comemorar\\\/#organizationLogo\"}},{\"@type\":\"Person\",\"@id\":\"https:\\\/\\\/www.jornalja.com.br\\\/arquivo\\\/author\\\/daredacao\\\/#author\",\"url\":\"https:\\\/\\\/www.jornalja.com.br\\\/arquivo\\\/author\\\/daredacao\\\/\",\"name\":\"da Reda\\u00e7\\u00e3o\",\"image\":{\"@type\":\"ImageObject\",\"@id\":\"https:\\\/\\\/www.jornalja.com.br\\\/arquivo\\\/lei-de-recuperacao-dos-estados-e-aprovada-mas-sartori-ainda-nao-tem-o-que-comemorar\\\/#authorImage\",\"url\":\"https:\\\/\\\/secure.gravatar.com\\\/avatar\\\/469fd857d6605ad19919d27ed29d35a968a25f6e8fd9318356bbb7f57aae9c65?s=96&d=mm&r=g\",\"width\":96,\"height\":96,\"caption\":\"da Reda\\u00e7\\u00e3o\"}},{\"@type\":\"WebPage\",\"@id\":\"https:\\\/\\\/www.jornalja.com.br\\\/arquivo\\\/lei-de-recuperacao-dos-estados-e-aprovada-mas-sartori-ainda-nao-tem-o-que-comemorar\\\/#webpage\",\"url\":\"https:\\\/\\\/www.jornalja.com.br\\\/arquivo\\\/lei-de-recuperacao-dos-estados-e-aprovada-mas-sartori-ainda-nao-tem-o-que-comemorar\\\/\",\"name\":\"Lei de Recupera\\u00e7\\u00e3o dos Estados \\u00e9 aprovada, mas Sartori ainda n\\u00e3o tem o que comemorar | Arquivo\",\"inLanguage\":\"pt-BR\",\"isPartOf\":{\"@id\":\"https:\\\/\\\/www.jornalja.com.br\\\/arquivo\\\/#website\"},\"breadcrumb\":{\"@id\":\"https:\\\/\\\/www.jornalja.com.br\\\/arquivo\\\/lei-de-recuperacao-dos-estados-e-aprovada-mas-sartori-ainda-nao-tem-o-que-comemorar\\\/#breadcrumblist\"},\"author\":{\"@id\":\"https:\\\/\\\/www.jornalja.com.br\\\/arquivo\\\/author\\\/daredacao\\\/#author\"},\"creator\":{\"@id\":\"https:\\\/\\\/www.jornalja.com.br\\\/arquivo\\\/author\\\/daredacao\\\/#author\"},\"image\":{\"@type\":\"ImageObject\",\"url\":47398,\"@id\":\"https:\\\/\\\/www.jornalja.com.br\\\/arquivo\\\/lei-de-recuperacao-dos-estados-e-aprovada-mas-sartori-ainda-nao-tem-o-que-comemorar\\\/#mainImage\"},\"primaryImageOfPage\":{\"@id\":\"https:\\\/\\\/www.jornalja.com.br\\\/arquivo\\\/lei-de-recuperacao-dos-estados-e-aprovada-mas-sartori-ainda-nao-tem-o-que-comemorar\\\/#mainImage\"},\"datePublished\":\"2017-04-19T17:27:38-03:00\",\"dateModified\":\"2017-04-19T17:27:38-03:00\"},{\"@type\":\"WebSite\",\"@id\":\"https:\\\/\\\/www.jornalja.com.br\\\/arquivo\\\/#website\",\"url\":\"https:\\\/\\\/www.jornalja.com.br\\\/arquivo\\\/\",\"name\":\"Arquivo\",\"description\":\"Jornal J\\u00c1 | Porto Alegre\",\"inLanguage\":\"pt-BR\",\"publisher\":{\"@id\":\"https:\\\/\\\/www.jornalja.com.br\\\/arquivo\\\/#organization\"}}]}\n\t\t<\/script>\n\t\t<!-- All in One SEO -->\n\n","aioseo_head_json":{"title":"Lei de Recupera\u00e7\u00e3o dos Estados \u00e9 aprovada, mas Sartori ainda n\u00e3o tem o que comemorar | Arquivo","description":"","canonical_url":"https:\/\/www.jornalja.com.br\/arquivo\/lei-de-recuperacao-dos-estados-e-aprovada-mas-sartori-ainda-nao-tem-o-que-comemorar\/","robots":"max-image-preview:large","keywords":"","webmasterTools":{"miscellaneous":""},"schema":{"@context":"https:\/\/schema.org","@graph":[{"@type":"BlogPosting","@id":"https:\/\/www.jornalja.com.br\/arquivo\/lei-de-recuperacao-dos-estados-e-aprovada-mas-sartori-ainda-nao-tem-o-que-comemorar\/#blogposting","name":"Lei de Recupera\u00e7\u00e3o dos Estados \u00e9 aprovada, mas Sartori ainda n\u00e3o tem o que comemorar | Arquivo","headline":"Lei de Recupera\u00e7\u00e3o dos Estados \u00e9 aprovada, mas Sartori ainda n\u00e3o tem  o que comemorar","author":{"@id":"https:\/\/www.jornalja.com.br\/arquivo\/author\/daredacao\/#author"},"publisher":{"@id":"https:\/\/www.jornalja.com.br\/arquivo\/#organization"},"image":{"@type":"ImageObject","url":47398},"datePublished":"2017-04-19T17:27:38-03:00","dateModified":"2017-04-19T17:27:38-03:00","inLanguage":"pt-BR","mainEntityOfPage":{"@id":"https:\/\/www.jornalja.com.br\/arquivo\/lei-de-recuperacao-dos-estados-e-aprovada-mas-sartori-ainda-nao-tem-o-que-comemorar\/#webpage"},"isPartOf":{"@id":"https:\/\/www.jornalja.com.br\/arquivo\/lei-de-recuperacao-dos-estados-e-aprovada-mas-sartori-ainda-nao-tem-o-que-comemorar\/#webpage"},"articleSection":"Geral"},{"@type":"BreadcrumbList","@id":"https:\/\/www.jornalja.com.br\/arquivo\/lei-de-recuperacao-dos-estados-e-aprovada-mas-sartori-ainda-nao-tem-o-que-comemorar\/#breadcrumblist","itemListElement":[{"@type":"ListItem","@id":"https:\/\/www.jornalja.com.br\/arquivo#listItem","position":1,"name":"Home","item":"https:\/\/www.jornalja.com.br\/arquivo","nextItem":{"@type":"ListItem","@id":"https:\/\/www.jornalja.com.br\/arquivo\/category\/geral\/#listItem","name":"Geral"}},{"@type":"ListItem","@id":"https:\/\/www.jornalja.com.br\/arquivo\/category\/geral\/#listItem","position":2,"name":"Geral","item":"https:\/\/www.jornalja.com.br\/arquivo\/category\/geral\/","nextItem":{"@type":"ListItem","@id":"https:\/\/www.jornalja.com.br\/arquivo\/lei-de-recuperacao-dos-estados-e-aprovada-mas-sartori-ainda-nao-tem-o-que-comemorar\/#listItem","name":"Lei de Recupera\u00e7\u00e3o dos Estados \u00e9 aprovada, mas Sartori ainda n\u00e3o tem  o que comemorar"},"previousItem":{"@type":"ListItem","@id":"https:\/\/www.jornalja.com.br\/arquivo#listItem","name":"Home"}},{"@type":"ListItem","@id":"https:\/\/www.jornalja.com.br\/arquivo\/lei-de-recuperacao-dos-estados-e-aprovada-mas-sartori-ainda-nao-tem-o-que-comemorar\/#listItem","position":3,"name":"Lei de Recupera\u00e7\u00e3o dos Estados \u00e9 aprovada, mas Sartori ainda n\u00e3o tem  o que comemorar","previousItem":{"@type":"ListItem","@id":"https:\/\/www.jornalja.com.br\/arquivo\/category\/geral\/#listItem","name":"Geral"}}]},{"@type":"Organization","@id":"https:\/\/www.jornalja.com.br\/arquivo\/#organization","name":"Jornal J\u00c1","description":"Jornal J\u00c1 | Porto Alegre","url":"https:\/\/www.jornalja.com.br\/arquivo\/","telephone":"+555133307272","logo":{"@type":"ImageObject","url":"https:\/\/www.jornalja.com.br\/wp-content\/uploads\/cards\/JAslogan.png","@id":"https:\/\/www.jornalja.com.br\/arquivo\/lei-de-recuperacao-dos-estados-e-aprovada-mas-sartori-ainda-nao-tem-o-que-comemorar\/#organizationLogo"},"image":{"@id":"https:\/\/www.jornalja.com.br\/arquivo\/lei-de-recuperacao-dos-estados-e-aprovada-mas-sartori-ainda-nao-tem-o-que-comemorar\/#organizationLogo"}},{"@type":"Person","@id":"https:\/\/www.jornalja.com.br\/arquivo\/author\/daredacao\/#author","url":"https:\/\/www.jornalja.com.br\/arquivo\/author\/daredacao\/","name":"da Reda\u00e7\u00e3o","image":{"@type":"ImageObject","@id":"https:\/\/www.jornalja.com.br\/arquivo\/lei-de-recuperacao-dos-estados-e-aprovada-mas-sartori-ainda-nao-tem-o-que-comemorar\/#authorImage","url":"https:\/\/secure.gravatar.com\/avatar\/469fd857d6605ad19919d27ed29d35a968a25f6e8fd9318356bbb7f57aae9c65?s=96&d=mm&r=g","width":96,"height":96,"caption":"da Reda\u00e7\u00e3o"}},{"@type":"WebPage","@id":"https:\/\/www.jornalja.com.br\/arquivo\/lei-de-recuperacao-dos-estados-e-aprovada-mas-sartori-ainda-nao-tem-o-que-comemorar\/#webpage","url":"https:\/\/www.jornalja.com.br\/arquivo\/lei-de-recuperacao-dos-estados-e-aprovada-mas-sartori-ainda-nao-tem-o-que-comemorar\/","name":"Lei de Recupera\u00e7\u00e3o dos Estados \u00e9 aprovada, mas Sartori ainda n\u00e3o tem o que comemorar | Arquivo","inLanguage":"pt-BR","isPartOf":{"@id":"https:\/\/www.jornalja.com.br\/arquivo\/#website"},"breadcrumb":{"@id":"https:\/\/www.jornalja.com.br\/arquivo\/lei-de-recuperacao-dos-estados-e-aprovada-mas-sartori-ainda-nao-tem-o-que-comemorar\/#breadcrumblist"},"author":{"@id":"https:\/\/www.jornalja.com.br\/arquivo\/author\/daredacao\/#author"},"creator":{"@id":"https:\/\/www.jornalja.com.br\/arquivo\/author\/daredacao\/#author"},"image":{"@type":"ImageObject","url":47398,"@id":"https:\/\/www.jornalja.com.br\/arquivo\/lei-de-recuperacao-dos-estados-e-aprovada-mas-sartori-ainda-nao-tem-o-que-comemorar\/#mainImage"},"primaryImageOfPage":{"@id":"https:\/\/www.jornalja.com.br\/arquivo\/lei-de-recuperacao-dos-estados-e-aprovada-mas-sartori-ainda-nao-tem-o-que-comemorar\/#mainImage"},"datePublished":"2017-04-19T17:27:38-03:00","dateModified":"2017-04-19T17:27:38-03:00"},{"@type":"WebSite","@id":"https:\/\/www.jornalja.com.br\/arquivo\/#website","url":"https:\/\/www.jornalja.com.br\/arquivo\/","name":"Arquivo","description":"Jornal J\u00c1 | Porto Alegre","inLanguage":"pt-BR","publisher":{"@id":"https:\/\/www.jornalja.com.br\/arquivo\/#organization"}}]},"og:locale":"pt_BR","og:site_name":"Arquivo | Jornal J\u00c1 | Porto Alegre","og:type":"article","og:title":"Lei de Recupera\u00e7\u00e3o dos Estados \u00e9 aprovada, mas Sartori ainda n\u00e3o tem o que comemorar | Arquivo","og:url":"https:\/\/www.jornalja.com.br\/arquivo\/lei-de-recuperacao-dos-estados-e-aprovada-mas-sartori-ainda-nao-tem-o-que-comemorar\/","og:image":"https:\/\/www.jornalja.com.br\/economics\/wp-content\/uploads\/sites\/11\/2026\/08\/ja-folhaderosto-facebook.jpg","og:image:secure_url":"https:\/\/www.jornalja.com.br\/economics\/wp-content\/uploads\/sites\/11\/2026\/08\/ja-folhaderosto-facebook.jpg","article:published_time":"2017-04-19T20:27:38+00:00","article:modified_time":"2017-04-19T20:27:38+00:00","twitter:card":"summary","twitter:title":"Lei de Recupera\u00e7\u00e3o dos Estados \u00e9 aprovada, mas Sartori ainda n\u00e3o tem o que comemorar | Arquivo","twitter:image":"https:\/\/www.jornalja.com.br\/economics\/wp-content\/uploads\/sites\/11\/2026\/08\/ja-folhaderosto-facebook.jpg"},"aioseo_meta_data":{"post_id":"47393","title":null,"description":null,"keywords":null,"keyphrases":null,"primary_term":null,"canonical_url":null,"og_title":null,"og_description":null,"og_object_type":"default","og_image_type":"default","og_image_url":null,"og_image_width":null,"og_image_height":null,"og_image_custom_url":null,"og_image_custom_fields":null,"og_video":null,"og_custom_url":null,"og_article_section":null,"og_article_tags":null,"twitter_use_og":false,"twitter_card":"default","twitter_image_type":"default","twitter_image_url":null,"twitter_image_custom_url":null,"twitter_image_custom_fields":null,"twitter_title":null,"twitter_description":null,"schema":{"blockGraphs":[],"customGraphs":[],"default":{"data":{"Article":[],"Course":[],"Dataset":[],"FAQPage":[],"Movie":[],"Person":[],"Product":[],"ProductReview":[],"Car":[],"Recipe":[],"Service":[],"SoftwareApplication":[],"WebPage":[]},"graphName":"","isEnabled":true},"graphs":[]},"schema_type":null,"schema_type_options":null,"pillar_content":false,"robots_default":true,"robots_noindex":false,"robots_noarchive":false,"robots_nosnippet":false,"robots_nofollow":false,"robots_noimageindex":false,"robots_noodp":false,"robots_notranslate":false,"robots_max_snippet":null,"robots_max_videopreview":null,"robots_max_imagepreview":"large","priority":null,"frequency":null,"location":null,"local_seo":null,"breadcrumb_settings":null,"limit_modified_date":false,"ai":null,"created":"2020-12-20 20:37:39","updated":"2025-07-19 21:06:14","seo_analyzer_scan_date":null,"focus_keyword":null,"additional_keywords":null,"truseo_locale":null},"jetpack_sharing_enabled":true,"jetpack-related-posts":[{"id":13239,"url":"https:\/\/www.jornalja.com.br\/arquivo\/conselho-desdenha-do-plano-diretor\/","url_meta":{"origin":47393,"position":0},"title":"Porto Alegre: Conselho detona Plano Diretor","author":"Patr\u00edcia Marini","date":"25 de maio de 2014","format":false,"excerpt":"Den\u00fancia do arquiteto e \u00a0urbanista Ibir\u00e1 Santos Lucas. Ele diz que os conselheiros est\u00e3o votando com \"enorme irresponsabilidade\". \"Mudam regime com a maior naturalidade,,,regularizam absurdos de constru\u00e7\u00f5es irregulares... \"O CMDUA est\u00e1 flexibilizando a lei do plano diretor, de uma forma impactante na vida da cidade. Mudam regime com a maior\u2026","rel":"","context":"Em &quot;Geral&quot;","block_context":{"text":"Geral","link":"https:\/\/www.jornalja.com.br\/arquivo\/category\/geral\/"},"img":{"alt_text":"","src":"","width":0,"height":0},"classes":[]},{"id":13240,"url":"https:\/\/www.jornalja.com.br\/arquivo\/plano-diretor-estamos-construindo-o-caos\/","url_meta":{"origin":47393,"position":1},"title":"Plano diretor: &quot;Estamos construindo o caos&quot;","author":"Patr\u00edcia Marini","date":"26 de maio de 2014","format":false,"excerpt":"Desabafo que arquiteta Eliana Castilhos, delegada da Regi\u00e3o de Planejamento 1, postou nas redes sociais \u00e9 um testemunho do ambiente que se criou no Conselho do Plano Diretor de Porto Alegre, onde a aprova\u00e7\u00e3o de grandes empreendimentos \u00e9 empurrada guela abaixo dos conselheiros. Ao CMDUA Como delegada da Regi\u00e3o de\u2026","rel":"","context":"Em &quot;Geral&quot;","block_context":{"text":"Geral","link":"https:\/\/www.jornalja.com.br\/arquivo\/category\/geral\/"},"img":{"alt_text":"","src":"","width":0,"height":0},"classes":[]},{"id":5440,"url":"https:\/\/www.jornalja.com.br\/arquivo\/casarao-da-venancio-destino-permanece-incerto\/","url_meta":{"origin":47393,"position":2},"title":"Estado ainda n\u00e3o sabe o que fazer com casar\u00e3o abandonado h\u00e1 20 anos","author":"Elmar Bones","date":"6 de julho de 2009","format":false,"excerpt":"O casar\u00e3o amarelo, numa esquina nobre de Porto Alegre (Ven\u00e2ncio Aires com Jo\u00e3o Pessoa), j\u00e1 abrigou uma escola. H\u00e1 duas d\u00e9cadas, pelo menos, est\u00e1 abandonado, porque seu propriet\u00e1rio, o governo do Estado do Rio Grande do Sul, n\u00e3o consegue achar um destino para ele. Planos n\u00e3o faltaram. O governador Ol\u00edvio\u2026","rel":"","context":"Em &quot;X.Categorias velhas&quot;","block_context":{"text":"X.Categorias velhas","link":"https:\/\/www.jornalja.com.br\/arquivo\/category\/x-categorias-velhas\/"},"img":{"alt_text":"geraldo1","src":"https:\/\/i0.wp.com\/www.jornalja.com.br\/wp-content\/uploads\/2009\/07\/geraldo1.jpg?resize=350%2C200&ssl=1","width":350,"height":200},"classes":[]},{"id":12960,"url":"https:\/\/www.jornalja.com.br\/arquivo\/populacao-culpa-empresas-pela-greve-dos-rodoviarios\/","url_meta":{"origin":47393,"position":3},"title":"Popula\u00e7\u00e3o culpa empresas pela greve","author":"Patr\u00edcia Marini","date":"14 de fevereiro de 2014","format":false,"excerpt":"Pesquisa divulgada na edi\u00e7\u00e3o do jornal Metro desta sexta-feira,14, comprova o velho ditado: \u00e9 poss\u00edvel enganar muitos por algum tempo, mas n\u00e3o \u00e9 poss\u00edvel enganar a todos o tempo inteiro. A principal revela\u00e7\u00e3o foi que 59,8% dos entrevistados apontaram as empresas como as principais respons\u00e1veis pela grave e 46% culparam\u2026","rel":"","context":"Em &quot;X.Categorias velhas&quot;","block_context":{"text":"X.Categorias velhas","link":"https:\/\/www.jornalja.com.br\/arquivo\/category\/x-categorias-velhas\/"},"img":{"alt_text":"","src":"","width":0,"height":0},"classes":[]},{"id":13124,"url":"https:\/\/www.jornalja.com.br\/arquivo\/sangue-latino-no-iecine\/","url_meta":{"origin":47393,"position":4},"title":"Sangue latino no IECINE","author":"da Reda\u00e7\u00e3o","date":"18 de maio de 2014","format":false,"excerpt":"Francisco Ribeiro O Instituto Estadual de Cinema (IECINE) tem a frente, desde abril \u00faltimo, um novo diretor, o cineasta colombiano Juan Zapata, 36, que substitui Luiz Alberto Cassol. Radicado h\u00e1 dez anos em Porto Alegre, Zapata tem diante de si o desafio de conduzir at\u00e9 o final do ano um\u2026","rel":"","context":"Em &quot;Cultura-Geral&quot;","block_context":{"text":"Cultura-Geral","link":"https:\/\/www.jornalja.com.br\/arquivo\/category\/materiasecundaria\/"},"img":{"alt_text":"","src":"","width":0,"height":0},"classes":[]},{"id":13101,"url":"https:\/\/www.jornalja.com.br\/arquivo\/morre-um-guerreiro-do-texto\/","url_meta":{"origin":47393,"position":5},"title":"Morre um guerreiro do texto","author":"Patr\u00edcia Marini","date":"14 de maio de 2014","format":false,"excerpt":"Por Ricardo Kotscho Reproduzido do blog do autor, 11\/5\/2014; t\u00edtulo original \u201cE l\u00e1 se foi o nosso Myltainho, guerreiro do texto\u201d. Mi\u00fado e franzino, meu amigo Myltainho era um valente e inconformado guerreiro na luta contra as injusti\u00e7as sociais, a hipocrisia, as maracutaias, o autoritarismo, a intoler\u00e2ncia, a viol\u00eancia, o\u2026","rel":"","context":"Em &quot;Geral&quot;","block_context":{"text":"Geral","link":"https:\/\/www.jornalja.com.br\/arquivo\/category\/geral\/"},"img":{"alt_text":"","src":"","width":0,"height":0},"classes":[]}],"jetpack_shortlink":"https:\/\/wp.me\/pbQjBd-ckp","jetpack_featured_media_url":"","_links":{"self":[{"href":"https:\/\/www.jornalja.com.br\/arquivo\/wp-json\/wp\/v2\/posts\/47393","targetHints":{"allow":["GET"]}}],"collection":[{"href":"https:\/\/www.jornalja.com.br\/arquivo\/wp-json\/wp\/v2\/posts"}],"about":[{"href":"https:\/\/www.jornalja.com.br\/arquivo\/wp-json\/wp\/v2\/types\/post"}],"author":[{"embeddable":true,"href":"https:\/\/www.jornalja.com.br\/arquivo\/wp-json\/wp\/v2\/users\/4"}],"replies":[{"embeddable":true,"href":"https:\/\/www.jornalja.com.br\/arquivo\/wp-json\/wp\/v2\/comments?post=47393"}],"version-history":[{"count":0,"href":"https:\/\/www.jornalja.com.br\/arquivo\/wp-json\/wp\/v2\/posts\/47393\/revisions"}],"wp:attachment":[{"href":"https:\/\/www.jornalja.com.br\/arquivo\/wp-json\/wp\/v2\/media?parent=47393"}],"wp:term":[{"taxonomy":"category","embeddable":true,"href":"https:\/\/www.jornalja.com.br\/arquivo\/wp-json\/wp\/v2\/categories?post=47393"},{"taxonomy":"post_tag","embeddable":true,"href":"https:\/\/www.jornalja.com.br\/arquivo\/wp-json\/wp\/v2\/tags?post=47393"}],"curies":[{"name":"wp","href":"https:\/\/api.w.org\/{rel}","templated":true}]}}