{"id":47404,"date":"2017-04-20T07:48:03","date_gmt":"2017-04-20T10:48:03","guid":{"rendered":"https:\/\/www.jornalja.com.br\/?p=47404"},"modified":"2017-04-20T07:48:03","modified_gmt":"2017-04-20T10:48:03","slug":"bancarios-definem-agenda-de-mobilizacao-ate-a-greve-geral-do-dia-28","status":"publish","type":"post","link":"https:\/\/www.jornalja.com.br\/arquivo\/bancarios-definem-agenda-de-mobilizacao-ate-a-greve-geral-do-dia-28\/","title":{"rendered":"Banc\u00e1rios definem agenda de mobiliza\u00e7\u00e3o at\u00e9 a greve geral  do dia 28"},"content":{"rendered":"<p>Uma assembleia \u00a0decidiu por unanimidade na noite da ter\u00e7a-feira, 18\/4, no audit\u00f3rio da Casa dos Banc\u00e1rios, participar da greve geral de 28 de abril, chamada pelas centrais sindicais.<br \/>\nOs banc\u00e1rios definiram tamb\u00e9m um &#8220;calend\u00e1rio de mobiliza\u00e7\u00e3o e luta&#8221; e marcaram uma assembleia organizativa para 27 de abril, a partir das 18h30, no mesmo local.<br \/>\nA greve geral \u00e9 &#8220;uma resposta aos ataques aos direitos dos trabalhadores que o governo de Michel Temer (PMDB) tem operado em conluio com a C\u00e2mara dos Deputados&#8221;.<br \/>\nO presidente do SindBanc\u00e1rios, Everton Gimenis, explicou que a participa\u00e7\u00e3o dos banc\u00e1rios \u00e9 fundamental\u00a0 no dia 28. Isso porque os banc\u00e1rios j\u00e1 s\u00e3o alvo das reformas justificadas como modernizadoras das rela\u00e7\u00f5es de trabalho.<br \/>\nA aprova\u00e7\u00e3o da terceiriza\u00e7\u00e3o, o substitutivo da Reforma Trabalhista e a Reforma da Previd\u00eancia n\u00e3o amea\u00e7am somente as conquistas dos banc\u00e1rios, mas v\u00e3o causar desemprego. Gimenis contou que uma reuni\u00e3o, h\u00e1 duas semanas, em S\u00e3o Paulo, no Comando Nacional dos Banc\u00e1rios, acrescentou duas outras pautas \u00e0quelas que devem mobilizar os trabalhadores a participarem ativamente.<br \/>\n\u201cO consenso dessa reuni\u00e3o \u00e9 que os banc\u00e1rios devem fazer um grande esfor\u00e7o para participar, porque, al\u00e9m dos ataques dos golpistas nos nossos direitos, temos a quest\u00e3o do emprego e o ataque aos bancos p\u00fablicos. A perspectiva \u00e9 de redu\u00e7\u00e3o da nossa categoria com as reestrutura\u00e7\u00f5es nos bancos p\u00fablicos e o banco do futuro. Com a terceiriza\u00e7\u00e3o, haver\u00e1 perda de postos de trabalho. Isso at\u00e9 j\u00e1 est\u00e1 acontecendo. Os banqueiros de bancos privados n\u00e3o v\u00e3o querer contratar trabalhadores com direito a PLR, vales e todas as nossas conquistas. Nos bancos p\u00fablicos n\u00e3o vai ser diferente\u201d, analisou Gimenis.<br \/>\nA Reforma Trabalhista \u00e9 perversa porque chega num momento em que precisamos voltar a lutar pela preserva\u00e7\u00e3o dos empregos. O negociado sobre o legislado imp\u00f5e que as negocia\u00e7\u00f5es com os patr\u00f5es possam at\u00e9 mesmo acabar com 13\u00ba e f\u00e9rias. O trabalhador desempregado fica com medo de lutar e aceita trocar direitos pela manuten\u00e7\u00e3o do seu emprego\u201d, explicou Gimenis.<br \/>\nPor outro lado, Gimenis exaltou o momento oportuno da greve geral para pressionar o governo Temer e o Congresso Nacional a recuar nas reformas. \u201cO negociado sobre o legislado permite que os bancos contratem tempor\u00e1rios nos per\u00edodos da nossa greve. Isso \u00e9 para enfraquecer o nosso movimento. Participar da greve e dos atos no dia 28 de abril \u00e9 fundamental. O governo Temer n\u00e3o tem popularidade e j\u00e1 vimos que press\u00e3o na C\u00e2mara dos Deputados faz eles recuarem\u201d, acrescentou Gimens, referindo-se \u00e0 ocupa\u00e7\u00e3o da C\u00e2mara dos Deputados em Bras\u00edlia, no mesmo dia da assembleia e que fez os deputados recuarem na proposta de Reforma da Previd\u00eancia, reduzindo, por exemplo, o tempo de trabalho para aposentadoria integral de 49 anos para 40 anos.<br \/>\n<strong>Agenda da mobiliza\u00e7\u00e3o<\/strong><br \/>\nO diretor de Comunica\u00e7\u00e3o da CUT-RS, Ademir Wiederkehr, informou sobre a disposi\u00e7\u00e3o e unidade de todas as centrais sindicais de mobilizarem trabalhadores de suas bases a participarem da greve geral. \u201cA greve geral s\u00f3 cresce. Ela poder\u00e1 ser um grande divisor de \u00e1guas. Os golpistas querem aprovar todos esses ataques at\u00e9 junho. Por isso essa greve \u00e9 muito importante. O judici\u00e1rio s\u00f3 vai tomar uma medida, como julgar a terceiriza\u00e7\u00e3o inconstitucional, se tiver press\u00e3o\u201d, explicou Ademir.<br \/>\nO diretor da CUT-RS disse que as centrais acordaram uma agenda de mobiliza\u00e7\u00e3o que envolve panfletagens nos espa\u00e7os de maior circula\u00e7\u00e3o populacional, espalhar outdoors pela Regi\u00e3o Metropolitana e a\u00e7\u00f5es no dia da greve, tendo at\u00e9 configurado um Comando da Greve Geral que se re\u00fane diariamente. \u201cEst\u00e1 nas nossas m\u00e3os fazer uma grande greve geral e convencer cada colega para a gente virar este jogo\u201d, acrescentou Ademir.<br \/>\n<strong>Calend\u00e1rio de mobiliza\u00e7\u00e3o da GREVE geral<\/strong><br \/>\n<strong>Na Esquina Democr\u00e1tica: <\/strong>At\u00e9 o dia 28 de abril, dia da greve geral, as centrais sindicais manter\u00e3o barracas na Esquina Democr\u00e1tica em Porto Alegre, para panfletagem e mobiliza\u00e7\u00e3o da popula\u00e7\u00e3o. Quem puder participar \u00e9 s\u00f3 aparecer e se identificar.<br \/>\n<strong>Quinta-feira, 20\/4: <\/strong>Panfletagem na Rodovi\u00e1ria de Porto Alegre de informativo unificado das centrais sindicais durante todo o dia, para aproveitar o movimento de sa\u00edda dos trabalhadores para o feriado de Tiradentes.<br \/>\n<strong>Domingo, 23\/4: <\/strong>Mateada no Parque da Reden\u00e7\u00e3o em Porto Alegre, a partir das 10h, \u00a0junto ao Monumento do Expedicion\u00e1rio, para\u00a0 panfletagem e corpo-a-corpo com trabalhadores para motivar a participa\u00e7\u00e3o na greve geral.<br \/>\n<strong>Quinta-feira, 27\/4: <\/strong>Assembleia Organizativa dos banc\u00e1rios, a partir das 18h30, no audit\u00f3rio da Casa dos Banc\u00e1rios (Rua General C\u00e2mara, 424, Centro Hist\u00f3rico de Porto Alegre). Vamos organizar a nossa participa\u00e7\u00e3o na GREVE GERAL.<br \/>\n<strong>Sexta-feira, 28\/4: <\/strong>GREVE GERAL NACIONAL em defesa dos nossos direitos e contra a Reforma da Previd\u00eancia, Trabalhist a terceiriza\u00e7\u00e3o e o golpe nos nossos direitos.<\/p>\n","protected":false},"excerpt":{"rendered":"<p>Uma assembleia \u00a0decidiu por unanimidade na noite da ter\u00e7a-feira, 18\/4, no audit\u00f3rio da Casa dos Banc\u00e1rios, participar da greve geral de 28 de abril, chamada pelas centrais sindicais. Os banc\u00e1rios definiram tamb\u00e9m um &#8220;calend\u00e1rio de mobiliza\u00e7\u00e3o e luta&#8221; e marcaram uma assembleia organizativa para 27 de abril, a partir das 18h30, no mesmo local. A [&hellip;]<\/p>\n","protected":false},"author":5,"featured_media":47405,"comment_status":"open","ping_status":"closed","sticky":false,"template":"","format":"standard","meta":{"_jetpack_memberships_contains_paid_content":false,"footnotes":""},"categories":[26],"tags":[],"class_list":["post-47404","post","type-post","status-publish","format-standard","has-post-thumbnail","hentry","category-geral"],"aioseo_notices":[],"jetpack_featured_media_url":"","jetpack_sharing_enabled":true,"jetpack-related-posts":[{"id":1280,"url":"https:\/\/www.jornalja.com.br\/arquivo\/o-menino-que-se-tornou-brizola\/","url_meta":{"origin":47404,"position":0},"title":"O Menino que se Tornou Brizola","author":"da Reda\u00e7\u00e3o","date":"28 de julho de 2008","format":false,"excerpt":"Autor: Cleber Dioni A vida de Leonel Brizola, com \u00eanfase para os primeiros anos em Porto Alegre, at\u00e9 o ex\u00edlio no Uruguai e a volta, quinze anos depois. \u00a0\"...\u00c9ramos todos jovens e nos identific\u00e1vamos com aquela massa an\u00f4nima a percorrer as ruas de Porto Alegre, gritando 'Get\u00falio', 'Get\u00falio' e empunhando\u2026","rel":"","context":"Em &quot;Livros&quot;","block_context":{"text":"Livros","link":"https:\/\/www.jornalja.com.br\/arquivo\/category\/livros\/"},"img":{"alt_text":"","src":"https:\/\/i0.wp.com\/www.jornalja.com.br\/wp-content\/uploads\/2008\/07\/brizola.gif?resize=350%2C200&ssl=1","width":350,"height":200},"classes":[]}],"jetpack_shortlink":"https:\/\/wp.me\/pbQjBd-ckA","_links":{"self":[{"href":"https:\/\/www.jornalja.com.br\/arquivo\/wp-json\/wp\/v2\/posts\/47404","targetHints":{"allow":["GET"]}}],"collection":[{"href":"https:\/\/www.jornalja.com.br\/arquivo\/wp-json\/wp\/v2\/posts"}],"about":[{"href":"https:\/\/www.jornalja.com.br\/arquivo\/wp-json\/wp\/v2\/types\/post"}],"author":[{"embeddable":true,"href":"https:\/\/www.jornalja.com.br\/arquivo\/wp-json\/wp\/v2\/users\/5"}],"replies":[{"embeddable":true,"href":"https:\/\/www.jornalja.com.br\/arquivo\/wp-json\/wp\/v2\/comments?post=47404"}],"version-history":[{"count":0,"href":"https:\/\/www.jornalja.com.br\/arquivo\/wp-json\/wp\/v2\/posts\/47404\/revisions"}],"wp:featuredmedia":[{"embeddable":true,"href":"https:\/\/www.jornalja.com.br\/arquivo\/wp-json\/"}],"wp:attachment":[{"href":"https:\/\/www.jornalja.com.br\/arquivo\/wp-json\/wp\/v2\/media?parent=47404"}],"wp:term":[{"taxonomy":"category","embeddable":true,"href":"https:\/\/www.jornalja.com.br\/arquivo\/wp-json\/wp\/v2\/categories?post=47404"},{"taxonomy":"post_tag","embeddable":true,"href":"https:\/\/www.jornalja.com.br\/arquivo\/wp-json\/wp\/v2\/tags?post=47404"}],"curies":[{"name":"wp","href":"https:\/\/api.w.org\/{rel}","templated":true}]}}