{"id":47413,"date":"2017-04-20T10:13:25","date_gmt":"2017-04-20T13:13:25","guid":{"rendered":"https:\/\/www.jornalja.com.br\/?p=47413"},"modified":"2017-04-20T10:13:25","modified_gmt":"2017-04-20T13:13:25","slug":"retomada-mbya-guarani-pge-faz-reuniao-na-aldeia-de-maquine","status":"publish","type":"post","link":"https:\/\/www.jornalja.com.br\/arquivo\/retomada-mbya-guarani-pge-faz-reuniao-na-aldeia-de-maquine\/","title":{"rendered":"Retomada Mby\u00e1 Guarani: PGE faz reuni\u00e3o na aldeia de Maquin\u00e9"},"content":{"rendered":"<p><span class=\"assina\">ANA BARROS PINTO<\/span><br \/>\nOs Mby\u00e1 Guarani v\u00e3o apontar as \u00e1reas que consideram essenciais para a viv\u00eancia espiritual e material da sua cultura e os t\u00e9cnicos da Fepagro v\u00e3o mostrar os locais onde s\u00e3o feitas as pesquisas.<br \/>\nCom base nesses dados ser\u00e1 feito um mapa da \u00e1rea para a negocia\u00e7\u00e3o.<br \/>\nEsse foi o resultado da primeira rodada de negocia\u00e7\u00e3o entre os Mby\u00e1 Guarani e os representantes do Estado do RS, ap\u00f3s a suspens\u00e3o da reintegra\u00e7\u00e3o de posse no dia 4 de abril.<br \/>\nA reuni\u00e3o ocorreu segunda feira (17\/04) em Maquin\u00e9. Primeiro, o grupo t\u00e9cnico do Estado teve uma conversa na sede administrativa; depois foi encontrar os ind\u00edgenas na aldeia (Tekoh\u00e1 \u00a0Ka\u2019aguy Por\u00e3), uma \u00e1rea dentro da mata onde o grupo vive desde a retomada, no final de janeiro.<br \/>\nA ideia de mapear a \u00e1rea se mostrou uma necessidade para a negocia\u00e7\u00e3o pois simplesmente dividi-la, como foi a primeira proposta do governo, destinando uma parte dos 356 hectares aos ind\u00edgenas, n\u00e3o foi aceita por eles.<br \/>\nFicou claro aos presentes a complexidade das vis\u00f5es distintas de mundo: os mby\u00e1 guarani n\u00e3o tem o sentimento de posse, da cerca da propriedade, e sim do usufruto, do livre acesso \u00e0 natureza. O cacique Andr\u00e9 Benites questionou: se colocam uma divis\u00f3ria perto do rio, como a crian\u00e7a vai fazer para se banhar?<br \/>\n&nbsp;<br \/>\n<strong>Amea\u00e7a versus respeito<\/strong><br \/>\n\u00c9 a dimens\u00e3o espiritual Mby\u00e1 Guarani que est\u00e1 definindo as a\u00e7\u00f5es do grupo, e por isso a poss\u00edvel viol\u00eancia embutida numa a\u00e7\u00e3o de reintegra\u00e7\u00e3o de posse \u2013 se o povo mby\u00e1 n\u00e3o sa\u00edsse da \u00e1rea a retirada poderia ser \u00e0 for\u00e7a com a Brigada Militar- foi manifestada como a grande preocupa\u00e7\u00e3o na abertura da reuni\u00e3o.<br \/>\nOs caciques falaram com muita firmeza sobre a amea\u00e7a da reintegra\u00e7\u00e3o.\u00a0 Jos\u00e9 Cirilo enfatizou o significado espiritual da retomada para o povo Mby\u00e1. \u201cAqui \u00e9 nosso Tekoh\u00e1, \u00e9 lugar sagrado, quem nos guia \u00e9 Nhander\u00fa\u201d. E deixou claro que por isso eles n\u00e3o deixar\u00e3o o local. \u201cSe vierem nos tirar vamos dar nossos corpos, mas as crian\u00e7as v\u00e3o ficar para que o nosso povo tenha um futuro\u201d. Andr\u00e9 Benites refor\u00e7ou: \u201cse a pol\u00edcia vier n\u00e3o ser\u00e1 pra abra\u00e7ar, vai ser pra bater, ficarei orgulhoso em morrer pelo nosso povo, nossos filhos tem que crescer aqui, o futuro est\u00e1 aqui\u201d.<br \/>\nEles pediram aos presentes que levem ao governo o pensamento Mby\u00e1 Guarani: \u201caqui \u00e9 lugar sagrado, esse valor deve ser considerado, respeitado e cada vez mais fortalecido. As crian\u00e7as est\u00e3o aprendendo a lidar com a mata, com cobra, aqui tem on\u00e7a pintada, tem o esp\u00edrito da mata.\u201d Eles acreditam que se o Estado entender, todos v\u00e3o ganhar: \u201co pr\u00f3prio Estado, a sociedade, todos n\u00f3s\u201d.<br \/>\n&nbsp;<br \/>\nO procurador Luiz Fernando Krieger tamb\u00e9m manifestou preocupa\u00e7\u00e3o com a possibilidade do uso da for\u00e7a. \u201cPor isso pedimos a suspens\u00e3o da reintegra\u00e7\u00e3o de posse. Viemos aqui ver como os Mby\u00e1 Guarani vivem, compreender um pouco melhor a espiritualidade de voc\u00eas e buscar um acordo\u201d.<br \/>\nPara alguns, visitar a aldeia estava sendo a primeira experi\u00eancia de caminhar numa mata nativa. A observa\u00e7\u00e3o foi da coordenadora da Comiss\u00e3o de Direitos Humanos da PGE, procuradora Fabiana Barth, agradecendo aos ind\u00edgenas pela oportunidade e recep\u00e7\u00e3o com cantos e dan\u00e7as tradicionais.<br \/>\nTodos se manifestaram no sentido de construir um acordo.\u00a0 Estavam presentes os procuradores Silvio Jardim, representante da PGE no Conselho Estadual de Pol\u00edtica Ind\u00edgena (CEPI) e o coordenador da Diretoria de Direitos Humanos da Apergs, Carlos C\u00e9sar D\u2019Elia; o coordenador do CEPI Rodrigo Venzon; t\u00e9cnicos das Secretarias do Meio Ambiente, do Desenvolvimento Rural e da Agricultura; e o diretor da ex-Fepagro Litoral Norte Rodrigo Fravetto. Participaram tamb\u00e9m representantes das ONGs apoiadoras da retomada: Anama (A\u00e7\u00e3o Nascente Maquin\u00e9)\u00a0 e Aepim (Associa\u00e7\u00e3o de Estudos e Projetos com Povos Ind\u00edgenas e Minorit\u00e1rios), al\u00e9m da Raiz Movimento Cidadanista.<br \/>\nNos pr\u00f3ximos dias ser\u00e1 feita a caminhada pela mata para mapear as \u00e1reas dos ind\u00edgenas. Ign\u00e1cio Kunkel, da Secretaria de Desenvolvimento Rural, foi indicado para acompanhar os ind\u00edgenas no mapeamento pela mata. O objetivo do grupo \u00e9 concluir a negocia\u00e7\u00e3o no prazo dos 30 dias a partir da suspens\u00e3o da reintegra\u00e7\u00e3o de posse.<br \/>\n&nbsp;<br \/>\n&nbsp;<\/p>\n","protected":false},"excerpt":{"rendered":"<p>ANA BARROS PINTO Os Mby\u00e1 Guarani v\u00e3o apontar as \u00e1reas que consideram essenciais para a viv\u00eancia espiritual e material da sua cultura e os t\u00e9cnicos da Fepagro v\u00e3o mostrar os locais onde s\u00e3o feitas as pesquisas. Com base nesses dados ser\u00e1 feito um mapa da \u00e1rea para a negocia\u00e7\u00e3o. Esse foi o resultado da primeira [&hellip;]<\/p>\n","protected":false},"author":5,"featured_media":47414,"comment_status":"open","ping_status":"closed","sticky":false,"template":"","format":"standard","meta":{"_jetpack_memberships_contains_paid_content":false,"footnotes":""},"categories":[26],"tags":[],"class_list":["post-47413","post","type-post","status-publish","format-standard","has-post-thumbnail","hentry","category-geral"],"aioseo_notices":[],"jetpack_featured_media_url":"","jetpack_sharing_enabled":true,"jetpack-related-posts":[],"jetpack_shortlink":"https:\/\/wp.me\/pbQjBd-ckJ","_links":{"self":[{"href":"https:\/\/www.jornalja.com.br\/arquivo\/wp-json\/wp\/v2\/posts\/47413","targetHints":{"allow":["GET"]}}],"collection":[{"href":"https:\/\/www.jornalja.com.br\/arquivo\/wp-json\/wp\/v2\/posts"}],"about":[{"href":"https:\/\/www.jornalja.com.br\/arquivo\/wp-json\/wp\/v2\/types\/post"}],"author":[{"embeddable":true,"href":"https:\/\/www.jornalja.com.br\/arquivo\/wp-json\/wp\/v2\/users\/5"}],"replies":[{"embeddable":true,"href":"https:\/\/www.jornalja.com.br\/arquivo\/wp-json\/wp\/v2\/comments?post=47413"}],"version-history":[{"count":0,"href":"https:\/\/www.jornalja.com.br\/arquivo\/wp-json\/wp\/v2\/posts\/47413\/revisions"}],"wp:featuredmedia":[{"embeddable":true,"href":"https:\/\/www.jornalja.com.br\/arquivo\/wp-json\/"}],"wp:attachment":[{"href":"https:\/\/www.jornalja.com.br\/arquivo\/wp-json\/wp\/v2\/media?parent=47413"}],"wp:term":[{"taxonomy":"category","embeddable":true,"href":"https:\/\/www.jornalja.com.br\/arquivo\/wp-json\/wp\/v2\/categories?post=47413"},{"taxonomy":"post_tag","embeddable":true,"href":"https:\/\/www.jornalja.com.br\/arquivo\/wp-json\/wp\/v2\/tags?post=47413"}],"curies":[{"name":"wp","href":"https:\/\/api.w.org\/{rel}","templated":true}]}}